{"id":193220,"date":"2025-07-22T17:55:33","date_gmt":"2025-07-22T20:55:33","guid":{"rendered":"https:\/\/radioinfinitagoya.com.ar\/v1\/?p=193220"},"modified":"2025-07-22T17:55:33","modified_gmt":"2025-07-22T20:55:33","slug":"plan-integral-de-bacheo-reparacion-de-loza-en-jose-gomez-y-cabral","status":"publish","type":"post","link":"https:\/\/radioinfinitagoya.com.ar\/v1\/2025\/07\/22\/plan-integral-de-bacheo-reparacion-de-loza-en-jose-gomez-y-cabral\/","title":{"rendered":"Plan Integral de Bacheo: Reparaci\u00f3n de Loza en Jos\u00e9 G\u00f3mez y Cabral"},"content":{"rendered":"<p>La Municipalidad de Goya prosigue con el plan integral de bacheo en calles de la ciudad, en la continuidad de los trabajos que iniciaron la semana anterior en calle Jos\u00e9 G\u00f3mez, en la ma\u00f1ana de este martes la Secretaria de Obras y servicios P\u00fablicos avanza con la reparaci\u00f3n de losa de hormig\u00f3n armado en esta arteria a la altura de la intersecci\u00f3n con calle Cabral.<\/p>\n<p>Este plan integral se desarrolla por zonas, priorizando donde se evidencian mayor circulaci\u00f3n, recordemos que el plan se inici\u00f3 el pasado mes de junio, en calle Espa\u00f1a y se desarrolla en diferentes arterias de la ciudad, personal y maquinaria municipal realiza las tareas de reparaci\u00f3n de losas de pavimento. A partir de un relevamiento \u00edntegro realizado por el \u00e1rea t\u00e9cnica del municipio, se identificaron con precisi\u00f3n los sectores con losas deterioradas que requieren renovaci\u00f3n.<\/p>\n<p>Este programa consiste en recuperaci\u00f3n de pavimento en distintos puntos de la ciudad, obras de reparaci\u00f3n de calles donde se procede a la extracci\u00f3n de las losas rajadas o desniveladas, el posterior reemplazo con nuevo hormig\u00f3n, asegurando una base s\u00f3lida mediante la colocaci\u00f3n de arena cemento, estas intervenciones adem\u00e1s contemplan el tomado de juntas para garantizar mayor durabilidad.<\/p>\n<p>Cabe remarcar que este Plan anunciado por el intendente Mariano Hormaechea, tiene como objetivo el mejoramiento del estado de las calles y avenidas para garantizar la transitabilidad y seguridad vial.<\/p>\n<p>Direcci\u00f3n de Prensa \u2013 Municipalidad de Goya<\/p>\n","protected":false},"excerpt":{"rendered":"<p>La Municipalidad de Goya prosigue con el plan integral de bacheo en calles de la ciudad, en la continuidad de los trabajos que iniciaron la semana anterior en calle Jos\u00e9 G\u00f3mez, en la ma\u00f1ana de este martes la Secretaria de Obras y servicios P\u00fablicos avanza con la reparaci\u00f3n de losa de hormig\u00f3n armado en esta [&hellip;]<\/p>\n","protected":false},"author":4,"featured_media":193221,"comment_status":"closed","ping_status":"closed","sticky":false,"template":"","format":"standard","meta":{"_joinchat":[],"footnotes":""},"categories":[27],"tags":[],"class_list":{"0":"post-193220","1":"post","2":"type-post","3":"status-publish","4":"format-standard","5":"has-post-thumbnail","7":"category-locales"},"yoast_head":"<!-- This site is optimized with the Yoast SEO plugin v27.2 - https:\/\/yoast.com\/product\/yoast-seo-wordpress\/ -->\n<title>Plan Integral de Bacheo: Reparaci\u00f3n de Loza en Jos\u00e9 G\u00f3mez y Cabral - Radio Infinita Goya<\/title>\n<meta name=\"description\" content=\"La Municipalidad de Goya prosigue con el plan integral de bacheo en calles de la ciudad, en la continuidad de los trabajos que iniciaron la semana\" \/>\n<meta name=\"robots\" content=\"index, follow, max-snippet:-1, max-image-preview:large, max-video-preview:-1\" \/>\n<link rel=\"canonical\" href=\"https:\/\/radioinfinitagoya.com.ar\/v1\/2025\/07\/22\/plan-integral-de-bacheo-reparacion-de-loza-en-jose-gomez-y-cabral\/\" \/>\n<meta property=\"og:locale\" content=\"es_ES\" \/>\n<meta property=\"og:type\" content=\"article\" \/>\n<meta property=\"og:title\" content=\"Plan Integral de Bacheo: Reparaci\u00f3n de Loza en Jos\u00e9 G\u00f3mez y Cabral - Radio Infinita Goya\" \/>\n<meta property=\"og:description\" content=\"La Municipalidad de Goya prosigue con el plan integral de bacheo en calles de la ciudad, en la continuidad de los trabajos que iniciaron la semana\" \/>\n<meta property=\"og:url\" content=\"https:\/\/radioinfinitagoya.com.ar\/v1\/2025\/07\/22\/plan-integral-de-bacheo-reparacion-de-loza-en-jose-gomez-y-cabral\/\" \/>\n<meta property=\"og:site_name\" content=\"Radio Infinita Goya\" \/>\n<meta property=\"article:publisher\" content=\"https:\/\/www.facebook.com\/p\/Infinita-Goya-100063870918311\/\" \/>\n<meta property=\"article:published_time\" content=\"2025-07-22T20:55:33+00:00\" \/>\n<meta property=\"og:image\" content=\"https:\/\/radioinfinitagoya.com.ar\/v1\/wp-content\/uploads\/2025\/07\/plan_integral_de_bache.jpg\" \/>\n\t<meta property=\"og:image:width\" content=\"848\" \/>\n\t<meta property=\"og:image:height\" content=\"477\" \/>\n\t<meta property=\"og:image:type\" content=\"image\/jpeg\" \/>\n<meta name=\"author\" content=\"Jorge Mi\u00f1o\" \/>\n<meta name=\"twitter:card\" content=\"summary_large_image\" \/>\n<meta name=\"twitter:label1\" content=\"Escrito por\" \/>\n\t<meta name=\"twitter:data1\" content=\"Jorge Mi\u00f1o\" \/>\n\t<meta name=\"twitter:label2\" content=\"Tiempo de lectura\" \/>\n\t<meta name=\"twitter:data2\" content=\"2 minutos\" \/>\n<script type=\"application\/ld+json\" class=\"yoast-schema-graph\">{\"@context\":\"https:\/\/schema.org\",\"@graph\":[{\"@type\":\"Article\",\"@id\":\"https:\/\/radioinfinitagoya.com.ar\/v1\/2025\/07\/22\/plan-integral-de-bacheo-reparacion-de-loza-en-jose-gomez-y-cabral\/#article\",\"isPartOf\":{\"@id\":\"https:\/\/radioinfinitagoya.com.ar\/v1\/2025\/07\/22\/plan-integral-de-bacheo-reparacion-de-loza-en-jose-gomez-y-cabral\/\"},\"author\":{\"name\":\"Jorge Mi\u00f1o\",\"@id\":\"https:\/\/radioinfinitagoya.com.ar\/v1\/#\/schema\/person\/d4cf9c413d4f6edb24aabdccab49ca4a\"},\"headline\":\"Plan Integral de Bacheo: Reparaci\u00f3n de Loza en Jos\u00e9 G\u00f3mez y Cabral\",\"datePublished\":\"2025-07-22T20:55:33+00:00\",\"mainEntityOfPage\":{\"@id\":\"https:\/\/radioinfinitagoya.com.ar\/v1\/2025\/07\/22\/plan-integral-de-bacheo-reparacion-de-loza-en-jose-gomez-y-cabral\/\"},\"wordCount\":267,\"publisher\":{\"@id\":\"https:\/\/radioinfinitagoya.com.ar\/v1\/#organization\"},\"image\":{\"@id\":\"https:\/\/radioinfinitagoya.com.ar\/v1\/2025\/07\/22\/plan-integral-de-bacheo-reparacion-de-loza-en-jose-gomez-y-cabral\/#primaryimage\"},\"thumbnailUrl\":\"https:\/\/radioinfinitagoya.com.ar\/v1\/wp-content\/uploads\/2025\/07\/plan_integral_de_bache.jpg\",\"articleSection\":[\"LOCALES\"],\"inLanguage\":\"es-AR\"},{\"@type\":\"WebPage\",\"@id\":\"https:\/\/radioinfinitagoya.com.ar\/v1\/2025\/07\/22\/plan-integral-de-bacheo-reparacion-de-loza-en-jose-gomez-y-cabral\/\",\"url\":\"https:\/\/radioinfinitagoya.com.ar\/v1\/2025\/07\/22\/plan-integral-de-bacheo-reparacion-de-loza-en-jose-gomez-y-cabral\/\",\"name\":\"Plan Integral de Bacheo: Reparaci\u00f3n de Loza en Jos\u00e9 G\u00f3mez y Cabral - Radio Infinita Goya\",\"isPartOf\":{\"@id\":\"https:\/\/radioinfinitagoya.com.ar\/v1\/#website\"},\"primaryImageOfPage\":{\"@id\":\"https:\/\/radioinfinitagoya.com.ar\/v1\/2025\/07\/22\/plan-integral-de-bacheo-reparacion-de-loza-en-jose-gomez-y-cabral\/#primaryimage\"},\"image\":{\"@id\":\"https:\/\/radioinfinitagoya.com.ar\/v1\/2025\/07\/22\/plan-integral-de-bacheo-reparacion-de-loza-en-jose-gomez-y-cabral\/#primaryimage\"},\"thumbnailUrl\":\"https:\/\/radioinfinitagoya.com.ar\/v1\/wp-content\/uploads\/2025\/07\/plan_integral_de_bache.jpg\",\"datePublished\":\"2025-07-22T20:55:33+00:00\",\"description\":\"La Municipalidad de Goya prosigue con el plan integral de bacheo en calles de la ciudad, en la continuidad de los trabajos que iniciaron la semana\",\"breadcrumb\":{\"@id\":\"https:\/\/radioinfinitagoya.com.ar\/v1\/2025\/07\/22\/plan-integral-de-bacheo-reparacion-de-loza-en-jose-gomez-y-cabral\/#breadcrumb\"},\"inLanguage\":\"es-AR\",\"potentialAction\":[{\"@type\":\"ReadAction\",\"target\":[\"https:\/\/radioinfinitagoya.com.ar\/v1\/2025\/07\/22\/plan-integral-de-bacheo-reparacion-de-loza-en-jose-gomez-y-cabral\/\"]}]},{\"@type\":\"ImageObject\",\"inLanguage\":\"es-AR\",\"@id\":\"https:\/\/radioinfinitagoya.com.ar\/v1\/2025\/07\/22\/plan-integral-de-bacheo-reparacion-de-loza-en-jose-gomez-y-cabral\/#primaryimage\",\"url\":\"https:\/\/radioinfinitagoya.com.ar\/v1\/wp-content\/uploads\/2025\/07\/plan_integral_de_bache.jpg\",\"contentUrl\":\"https:\/\/radioinfinitagoya.com.ar\/v1\/wp-content\/uploads\/2025\/07\/plan_integral_de_bache.jpg\",\"width\":848,\"height\":477},{\"@type\":\"BreadcrumbList\",\"@id\":\"https:\/\/radioinfinitagoya.com.ar\/v1\/2025\/07\/22\/plan-integral-de-bacheo-reparacion-de-loza-en-jose-gomez-y-cabral\/#breadcrumb\",\"itemListElement\":[{\"@type\":\"ListItem\",\"position\":1,\"name\":\"Inicio\",\"item\":\"https:\/\/radioinfinitagoya.com.ar\/v1\/\"},{\"@type\":\"ListItem\",\"position\":2,\"name\":\"Plan Integral de Bacheo: Reparaci\u00f3n de Loza en Jos\u00e9 G\u00f3mez y Cabral\"}]},{\"@type\":\"WebSite\",\"@id\":\"https:\/\/radioinfinitagoya.com.ar\/v1\/#website\",\"url\":\"https:\/\/radioinfinitagoya.com.ar\/v1\/\",\"name\":\"radioinfinitagoya.com.ar\",\"description\":\"Radio de noticias\",\"publisher\":{\"@id\":\"https:\/\/radioinfinitagoya.com.ar\/v1\/#organization\"},\"potentialAction\":[{\"@type\":\"SearchAction\",\"target\":{\"@type\":\"EntryPoint\",\"urlTemplate\":\"https:\/\/radioinfinitagoya.com.ar\/v1\/?s={search_term_string}\"},\"query-input\":{\"@type\":\"PropertyValueSpecification\",\"valueRequired\":true,\"valueName\":\"search_term_string\"}}],\"inLanguage\":\"es-AR\"},{\"@type\":\"Organization\",\"@id\":\"https:\/\/radioinfinitagoya.com.ar\/v1\/#organization\",\"name\":\"Radio Infinita Goya\",\"url\":\"https:\/\/radioinfinitagoya.com.ar\/v1\/\",\"logo\":{\"@type\":\"ImageObject\",\"inLanguage\":\"es-AR\",\"@id\":\"https:\/\/radioinfinitagoya.com.ar\/v1\/#\/schema\/logo\/image\/\",\"url\":\"https:\/\/radioinfinitagoya.com.ar\/v1\/wp-content\/uploads\/2019\/11\/logo-pie-web.png\",\"contentUrl\":\"https:\/\/radioinfinitagoya.com.ar\/v1\/wp-content\/uploads\/2019\/11\/logo-pie-web.png\",\"width\":635,\"height\":326,\"caption\":\"Radio Infinita Goya\"},\"image\":{\"@id\":\"https:\/\/radioinfinitagoya.com.ar\/v1\/#\/schema\/logo\/image\/\"},\"sameAs\":[\"https:\/\/www.facebook.com\/p\/Infinita-Goya-100063870918311\/\"]},{\"@type\":\"Person\",\"@id\":\"https:\/\/radioinfinitagoya.com.ar\/v1\/#\/schema\/person\/d4cf9c413d4f6edb24aabdccab49ca4a\",\"name\":\"Jorge Mi\u00f1o\",\"image\":{\"@type\":\"ImageObject\",\"inLanguage\":\"es-AR\",\"@id\":\"https:\/\/secure.gravatar.com\/avatar\/910fcf6728fe95320e07a6643c1581fec1c7fc4bf8ae12e3d8f0d0373dc844be?s=96&d=mm&r=g\",\"url\":\"https:\/\/secure.gravatar.com\/avatar\/910fcf6728fe95320e07a6643c1581fec1c7fc4bf8ae12e3d8f0d0373dc844be?s=96&d=mm&r=g\",\"contentUrl\":\"https:\/\/secure.gravatar.com\/avatar\/910fcf6728fe95320e07a6643c1581fec1c7fc4bf8ae12e3d8f0d0373dc844be?s=96&d=mm&r=g\",\"caption\":\"Jorge Mi\u00f1o\"},\"sameAs\":[\"http:\/\/radioinfinitagoya.com.ar\"]}]}<\/script>\n<!-- \/ Yoast SEO plugin. -->","yoast_head_json":{"title":"Plan Integral de Bacheo: Reparaci\u00f3n de Loza en Jos\u00e9 G\u00f3mez y Cabral - Radio Infinita Goya","description":"La Municipalidad de Goya prosigue con el plan integral de bacheo en calles de la ciudad, en la continuidad de los trabajos que iniciaron la semana","robots":{"index":"index","follow":"follow","max-snippet":"max-snippet:-1","max-image-preview":"max-image-preview:large","max-video-preview":"max-video-preview:-1"},"canonical":"https:\/\/radioinfinitagoya.com.ar\/v1\/2025\/07\/22\/plan-integral-de-bacheo-reparacion-de-loza-en-jose-gomez-y-cabral\/","og_locale":"es_ES","og_type":"article","og_title":"Plan Integral de Bacheo: Reparaci\u00f3n de Loza en Jos\u00e9 G\u00f3mez y Cabral - Radio Infinita Goya","og_description":"La Municipalidad de Goya prosigue con el plan integral de bacheo en calles de la ciudad, en la continuidad de los trabajos que iniciaron la semana","og_url":"https:\/\/radioinfinitagoya.com.ar\/v1\/2025\/07\/22\/plan-integral-de-bacheo-reparacion-de-loza-en-jose-gomez-y-cabral\/","og_site_name":"Radio Infinita Goya","article_publisher":"https:\/\/www.facebook.com\/p\/Infinita-Goya-100063870918311\/","article_published_time":"2025-07-22T20:55:33+00:00","og_image":[{"width":848,"height":477,"url":"https:\/\/radioinfinitagoya.com.ar\/v1\/wp-content\/uploads\/2025\/07\/plan_integral_de_bache.jpg","type":"image\/jpeg"}],"author":"Jorge Mi\u00f1o","twitter_card":"summary_large_image","twitter_misc":{"Escrito por":"Jorge Mi\u00f1o","Tiempo de lectura":"2 minutos"},"schema":{"@context":"https:\/\/schema.org","@graph":[{"@type":"Article","@id":"https:\/\/radioinfinitagoya.com.ar\/v1\/2025\/07\/22\/plan-integral-de-bacheo-reparacion-de-loza-en-jose-gomez-y-cabral\/#article","isPartOf":{"@id":"https:\/\/radioinfinitagoya.com.ar\/v1\/2025\/07\/22\/plan-integral-de-bacheo-reparacion-de-loza-en-jose-gomez-y-cabral\/"},"author":{"name":"Jorge Mi\u00f1o","@id":"https:\/\/radioinfinitagoya.com.ar\/v1\/#\/schema\/person\/d4cf9c413d4f6edb24aabdccab49ca4a"},"headline":"Plan Integral de Bacheo: Reparaci\u00f3n de Loza en Jos\u00e9 G\u00f3mez y Cabral","datePublished":"2025-07-22T20:55:33+00:00","mainEntityOfPage":{"@id":"https:\/\/radioinfinitagoya.com.ar\/v1\/2025\/07\/22\/plan-integral-de-bacheo-reparacion-de-loza-en-jose-gomez-y-cabral\/"},"wordCount":267,"publisher":{"@id":"https:\/\/radioinfinitagoya.com.ar\/v1\/#organization"},"image":{"@id":"https:\/\/radioinfinitagoya.com.ar\/v1\/2025\/07\/22\/plan-integral-de-bacheo-reparacion-de-loza-en-jose-gomez-y-cabral\/#primaryimage"},"thumbnailUrl":"https:\/\/radioinfinitagoya.com.ar\/v1\/wp-content\/uploads\/2025\/07\/plan_integral_de_bache.jpg","articleSection":["LOCALES"],"inLanguage":"es-AR"},{"@type":"WebPage","@id":"https:\/\/radioinfinitagoya.com.ar\/v1\/2025\/07\/22\/plan-integral-de-bacheo-reparacion-de-loza-en-jose-gomez-y-cabral\/","url":"https:\/\/radioinfinitagoya.com.ar\/v1\/2025\/07\/22\/plan-integral-de-bacheo-reparacion-de-loza-en-jose-gomez-y-cabral\/","name":"Plan Integral de Bacheo: Reparaci\u00f3n de Loza en Jos\u00e9 G\u00f3mez y Cabral - Radio Infinita Goya","isPartOf":{"@id":"https:\/\/radioinfinitagoya.com.ar\/v1\/#website"},"primaryImageOfPage":{"@id":"https:\/\/radioinfinitagoya.com.ar\/v1\/2025\/07\/22\/plan-integral-de-bacheo-reparacion-de-loza-en-jose-gomez-y-cabral\/#primaryimage"},"image":{"@id":"https:\/\/radioinfinitagoya.com.ar\/v1\/2025\/07\/22\/plan-integral-de-bacheo-reparacion-de-loza-en-jose-gomez-y-cabral\/#primaryimage"},"thumbnailUrl":"https:\/\/radioinfinitagoya.com.ar\/v1\/wp-content\/uploads\/2025\/07\/plan_integral_de_bache.jpg","datePublished":"2025-07-22T20:55:33+00:00","description":"La Municipalidad de Goya prosigue con el plan integral de bacheo en calles de la ciudad, en la continuidad de los trabajos que iniciaron la semana","breadcrumb":{"@id":"https:\/\/radioinfinitagoya.com.ar\/v1\/2025\/07\/22\/plan-integral-de-bacheo-reparacion-de-loza-en-jose-gomez-y-cabral\/#breadcrumb"},"inLanguage":"es-AR","potentialAction":[{"@type":"ReadAction","target":["https:\/\/radioinfinitagoya.com.ar\/v1\/2025\/07\/22\/plan-integral-de-bacheo-reparacion-de-loza-en-jose-gomez-y-cabral\/"]}]},{"@type":"ImageObject","inLanguage":"es-AR","@id":"https:\/\/radioinfinitagoya.com.ar\/v1\/2025\/07\/22\/plan-integral-de-bacheo-reparacion-de-loza-en-jose-gomez-y-cabral\/#primaryimage","url":"https:\/\/radioinfinitagoya.com.ar\/v1\/wp-content\/uploads\/2025\/07\/plan_integral_de_bache.jpg","contentUrl":"https:\/\/radioinfinitagoya.com.ar\/v1\/wp-content\/uploads\/2025\/07\/plan_integral_de_bache.jpg","width":848,"height":477},{"@type":"BreadcrumbList","@id":"https:\/\/radioinfinitagoya.com.ar\/v1\/2025\/07\/22\/plan-integral-de-bacheo-reparacion-de-loza-en-jose-gomez-y-cabral\/#breadcrumb","itemListElement":[{"@type":"ListItem","position":1,"name":"Inicio","item":"https:\/\/radioinfinitagoya.com.ar\/v1\/"},{"@type":"ListItem","position":2,"name":"Plan Integral de Bacheo: Reparaci\u00f3n de Loza en Jos\u00e9 G\u00f3mez y Cabral"}]},{"@type":"WebSite","@id":"https:\/\/radioinfinitagoya.com.ar\/v1\/#website","url":"https:\/\/radioinfinitagoya.com.ar\/v1\/","name":"radioinfinitagoya.com.ar","description":"Radio de noticias","publisher":{"@id":"https:\/\/radioinfinitagoya.com.ar\/v1\/#organization"},"potentialAction":[{"@type":"SearchAction","target":{"@type":"EntryPoint","urlTemplate":"https:\/\/radioinfinitagoya.com.ar\/v1\/?s={search_term_string}"},"query-input":{"@type":"PropertyValueSpecification","valueRequired":true,"valueName":"search_term_string"}}],"inLanguage":"es-AR"},{"@type":"Organization","@id":"https:\/\/radioinfinitagoya.com.ar\/v1\/#organization","name":"Radio Infinita Goya","url":"https:\/\/radioinfinitagoya.com.ar\/v1\/","logo":{"@type":"ImageObject","inLanguage":"es-AR","@id":"https:\/\/radioinfinitagoya.com.ar\/v1\/#\/schema\/logo\/image\/","url":"https:\/\/radioinfinitagoya.com.ar\/v1\/wp-content\/uploads\/2019\/11\/logo-pie-web.png","contentUrl":"https:\/\/radioinfinitagoya.com.ar\/v1\/wp-content\/uploads\/2019\/11\/logo-pie-web.png","width":635,"height":326,"caption":"Radio Infinita Goya"},"image":{"@id":"https:\/\/radioinfinitagoya.com.ar\/v1\/#\/schema\/logo\/image\/"},"sameAs":["https:\/\/www.facebook.com\/p\/Infinita-Goya-100063870918311\/"]},{"@type":"Person","@id":"https:\/\/radioinfinitagoya.com.ar\/v1\/#\/schema\/person\/d4cf9c413d4f6edb24aabdccab49ca4a","name":"Jorge Mi\u00f1o","image":{"@type":"ImageObject","inLanguage":"es-AR","@id":"https:\/\/secure.gravatar.com\/avatar\/910fcf6728fe95320e07a6643c1581fec1c7fc4bf8ae12e3d8f0d0373dc844be?s=96&d=mm&r=g","url":"https:\/\/secure.gravatar.com\/avatar\/910fcf6728fe95320e07a6643c1581fec1c7fc4bf8ae12e3d8f0d0373dc844be?s=96&d=mm&r=g","contentUrl":"https:\/\/secure.gravatar.com\/avatar\/910fcf6728fe95320e07a6643c1581fec1c7fc4bf8ae12e3d8f0d0373dc844be?s=96&d=mm&r=g","caption":"Jorge Mi\u00f1o"},"sameAs":["http:\/\/radioinfinitagoya.com.ar"]}]}},"_links":{"self":[{"href":"https:\/\/radioinfinitagoya.com.ar\/v1\/wp-json\/wp\/v2\/posts\/193220","targetHints":{"allow":["GET"]}}],"collection":[{"href":"https:\/\/radioinfinitagoya.com.ar\/v1\/wp-json\/wp\/v2\/posts"}],"about":[{"href":"https:\/\/radioinfinitagoya.com.ar\/v1\/wp-json\/wp\/v2\/types\/post"}],"author":[{"embeddable":true,"href":"https:\/\/radioinfinitagoya.com.ar\/v1\/wp-json\/wp\/v2\/users\/4"}],"replies":[{"embeddable":true,"href":"https:\/\/radioinfinitagoya.com.ar\/v1\/wp-json\/wp\/v2\/comments?post=193220"}],"version-history":[{"count":0,"href":"https:\/\/radioinfinitagoya.com.ar\/v1\/wp-json\/wp\/v2\/posts\/193220\/revisions"}],"wp:featuredmedia":[{"embeddable":true,"href":"https:\/\/radioinfinitagoya.com.ar\/v1\/wp-json\/wp\/v2\/media\/193221"}],"wp:attachment":[{"href":"https:\/\/radioinfinitagoya.com.ar\/v1\/wp-json\/wp\/v2\/media?parent=193220"}],"wp:term":[{"taxonomy":"category","embeddable":true,"href":"https:\/\/radioinfinitagoya.com.ar\/v1\/wp-json\/wp\/v2\/categories?post=193220"},{"taxonomy":"post_tag","embeddable":true,"href":"https:\/\/radioinfinitagoya.com.ar\/v1\/wp-json\/wp\/v2\/tags?post=193220"}],"curies":[{"name":"wp","href":"https:\/\/api.w.org\/{rel}","templated":true}]}}