{"id":193229,"date":"2025-07-22T18:05:49","date_gmt":"2025-07-22T21:05:49","guid":{"rendered":"https:\/\/radioinfinitagoya.com.ar\/v1\/?p=193229"},"modified":"2025-07-22T18:05:49","modified_gmt":"2025-07-22T21:05:49","slug":"adios-a-la-cedula-azul-para-vehiculos-corporativos-lanzan-registro-online-de-autorizados","status":"publish","type":"post","link":"https:\/\/radioinfinitagoya.com.ar\/v1\/2025\/07\/22\/adios-a-la-cedula-azul-para-vehiculos-corporativos-lanzan-registro-online-de-autorizados\/","title":{"rendered":"Adi\u00f3s a la c\u00e9dula azul para veh\u00edculos corporativos: lanzan registro online de autorizados"},"content":{"rendered":"<p>Esta herramienta permite gestionar en l\u00ednea las altas y bajas de conductores habilitados y acceder en cualquier momento al listado actualizado de autorizaciones.<\/p>\n<p>El Ministerio de Justicia present\u00f3 un nuevo registro digital destinado a que las empresas puedan autorizar de forma \u00e1gil y remota a personas f\u00edsicas para conducir veh\u00edculos de su flota. Esta herramienta permite gestionar en l\u00ednea las altas y bajas de conductores habilitados y acceder en cualquier momento al listado actualizado de autorizaciones.<\/p>\n<p>La iniciativa fue difundida tambi\u00e9n por el ministro de Desregulaci\u00f3n, Federico Sturzenegger, quien la destac\u00f3 como un avance clave para simplificar tr\u00e1mites durante las vacaciones de invierno.<\/p>\n<p>Adi\u00f3s a la c\u00e9dula azul para veh\u00edculos corporativos: lanzan registro online de autorizados<br \/>\nEn sus redes sociales, Sturzenegger se\u00f1al\u00f3: \u201cTen\u00edamos pendiente resolver el tema de la autorizaci\u00f3n de conductores para veh\u00edculos que salen del pa\u00eds y est\u00e1n a nombre de personas jur\u00eddicas\u201d.<\/p>\n<p>Adem\u00e1s, remarc\u00f3 que este nuevo procedimiento se suma a la desregulaci\u00f3n previa para personas f\u00edsicas: \u201cAs\u00ed como hicimos con personas f\u00edsicas, ahora se puede hacer el tr\u00e1mite online. Con esto cerramos el c\u00edrculo de eliminaci\u00f3n de la c\u00e9dula azul\u201d, expres\u00f3, subrayando que el nuevo sistema solo ser\u00e1 necesario para viajar al exterior.<\/p>\n<p>Desde julio, los propietarios de veh\u00edculos pueden autorizar a terceros a conducir sus autos de forma gratuita y digital a trav\u00e9s de la app Mi Argentina, sin necesidad de portar una c\u00e9dula azul f\u00edsica. Las ya emitidas seguir\u00e1n vigentes hasta su revocaci\u00f3n.<\/p>\n<p>&nbsp;<\/p>\n","protected":false},"excerpt":{"rendered":"<p>Esta herramienta permite gestionar en l\u00ednea las altas y bajas de conductores habilitados y acceder en cualquier momento al listado actualizado de autorizaciones. El Ministerio de Justicia present\u00f3 un nuevo registro digital destinado a que las empresas puedan autorizar de forma \u00e1gil y remota a personas f\u00edsicas para conducir veh\u00edculos de su flota. Esta herramienta [&hellip;]<\/p>\n","protected":false},"author":4,"featured_media":193230,"comment_status":"closed","ping_status":"closed","sticky":false,"template":"","format":"standard","meta":{"_joinchat":[],"footnotes":""},"categories":[31],"tags":[],"class_list":{"0":"post-193229","1":"post","2":"type-post","3":"status-publish","4":"format-standard","5":"has-post-thumbnail","7":"category-informacion-general"},"yoast_head":"<!-- This site is optimized with the Yoast SEO plugin v27.2 - https:\/\/yoast.com\/product\/yoast-seo-wordpress\/ -->\n<title>Adi\u00f3s a la c\u00e9dula azul para veh\u00edculos corporativos: lanzan registro online de autorizados - Radio Infinita Goya<\/title>\n<meta name=\"description\" content=\"Esta herramienta permite gestionar en l\u00ednea las altas y bajas de conductores habilitados y acceder en cualquier momento al listado actualizado de\" \/>\n<meta name=\"robots\" content=\"index, follow, max-snippet:-1, max-image-preview:large, max-video-preview:-1\" \/>\n<link rel=\"canonical\" href=\"https:\/\/radioinfinitagoya.com.ar\/v1\/2025\/07\/22\/adios-a-la-cedula-azul-para-vehiculos-corporativos-lanzan-registro-online-de-autorizados\/\" \/>\n<meta property=\"og:locale\" content=\"es_ES\" \/>\n<meta property=\"og:type\" content=\"article\" \/>\n<meta property=\"og:title\" content=\"Adi\u00f3s a la c\u00e9dula azul para veh\u00edculos corporativos: lanzan registro online de autorizados - Radio Infinita Goya\" \/>\n<meta property=\"og:description\" content=\"Esta herramienta permite gestionar en l\u00ednea las altas y bajas de conductores habilitados y acceder en cualquier momento al listado actualizado de\" \/>\n<meta property=\"og:url\" content=\"https:\/\/radioinfinitagoya.com.ar\/v1\/2025\/07\/22\/adios-a-la-cedula-azul-para-vehiculos-corporativos-lanzan-registro-online-de-autorizados\/\" \/>\n<meta property=\"og:site_name\" content=\"Radio Infinita Goya\" \/>\n<meta property=\"article:publisher\" content=\"https:\/\/www.facebook.com\/p\/Infinita-Goya-100063870918311\/\" \/>\n<meta property=\"article:published_time\" content=\"2025-07-22T21:05:49+00:00\" \/>\n<meta property=\"og:image\" content=\"https:\/\/radioinfinitagoya.com.ar\/v1\/wp-content\/uploads\/2025\/07\/U7ki_1bM.jpg\" \/>\n\t<meta property=\"og:image:width\" content=\"680\" \/>\n\t<meta property=\"og:image:height\" content=\"383\" \/>\n\t<meta property=\"og:image:type\" content=\"image\/jpeg\" \/>\n<meta name=\"author\" content=\"Jorge Mi\u00f1o\" \/>\n<meta name=\"twitter:card\" content=\"summary_large_image\" \/>\n<meta name=\"twitter:label1\" content=\"Escrito por\" \/>\n\t<meta name=\"twitter:data1\" content=\"Jorge Mi\u00f1o\" \/>\n\t<meta name=\"twitter:label2\" content=\"Tiempo de lectura\" \/>\n\t<meta name=\"twitter:data2\" content=\"2 minutos\" \/>\n<script type=\"application\/ld+json\" class=\"yoast-schema-graph\">{\"@context\":\"https:\/\/schema.org\",\"@graph\":[{\"@type\":\"Article\",\"@id\":\"https:\/\/radioinfinitagoya.com.ar\/v1\/2025\/07\/22\/adios-a-la-cedula-azul-para-vehiculos-corporativos-lanzan-registro-online-de-autorizados\/#article\",\"isPartOf\":{\"@id\":\"https:\/\/radioinfinitagoya.com.ar\/v1\/2025\/07\/22\/adios-a-la-cedula-azul-para-vehiculos-corporativos-lanzan-registro-online-de-autorizados\/\"},\"author\":{\"name\":\"Jorge Mi\u00f1o\",\"@id\":\"https:\/\/radioinfinitagoya.com.ar\/v1\/#\/schema\/person\/d4cf9c413d4f6edb24aabdccab49ca4a\"},\"headline\":\"Adi\u00f3s a la c\u00e9dula azul para veh\u00edculos corporativos: lanzan registro online de autorizados\",\"datePublished\":\"2025-07-22T21:05:49+00:00\",\"mainEntityOfPage\":{\"@id\":\"https:\/\/radioinfinitagoya.com.ar\/v1\/2025\/07\/22\/adios-a-la-cedula-azul-para-vehiculos-corporativos-lanzan-registro-online-de-autorizados\/\"},\"wordCount\":287,\"publisher\":{\"@id\":\"https:\/\/radioinfinitagoya.com.ar\/v1\/#organization\"},\"image\":{\"@id\":\"https:\/\/radioinfinitagoya.com.ar\/v1\/2025\/07\/22\/adios-a-la-cedula-azul-para-vehiculos-corporativos-lanzan-registro-online-de-autorizados\/#primaryimage\"},\"thumbnailUrl\":\"https:\/\/radioinfinitagoya.com.ar\/v1\/wp-content\/uploads\/2025\/07\/U7ki_1bM.jpg\",\"articleSection\":[\"INFORMACI\u00d3N GENERAL\"],\"inLanguage\":\"es-AR\"},{\"@type\":\"WebPage\",\"@id\":\"https:\/\/radioinfinitagoya.com.ar\/v1\/2025\/07\/22\/adios-a-la-cedula-azul-para-vehiculos-corporativos-lanzan-registro-online-de-autorizados\/\",\"url\":\"https:\/\/radioinfinitagoya.com.ar\/v1\/2025\/07\/22\/adios-a-la-cedula-azul-para-vehiculos-corporativos-lanzan-registro-online-de-autorizados\/\",\"name\":\"Adi\u00f3s a la c\u00e9dula azul para veh\u00edculos corporativos: lanzan registro online de autorizados - Radio Infinita Goya\",\"isPartOf\":{\"@id\":\"https:\/\/radioinfinitagoya.com.ar\/v1\/#website\"},\"primaryImageOfPage\":{\"@id\":\"https:\/\/radioinfinitagoya.com.ar\/v1\/2025\/07\/22\/adios-a-la-cedula-azul-para-vehiculos-corporativos-lanzan-registro-online-de-autorizados\/#primaryimage\"},\"image\":{\"@id\":\"https:\/\/radioinfinitagoya.com.ar\/v1\/2025\/07\/22\/adios-a-la-cedula-azul-para-vehiculos-corporativos-lanzan-registro-online-de-autorizados\/#primaryimage\"},\"thumbnailUrl\":\"https:\/\/radioinfinitagoya.com.ar\/v1\/wp-content\/uploads\/2025\/07\/U7ki_1bM.jpg\",\"datePublished\":\"2025-07-22T21:05:49+00:00\",\"description\":\"Esta herramienta permite gestionar en l\u00ednea las altas y bajas de conductores habilitados y acceder en cualquier momento al listado actualizado de\",\"breadcrumb\":{\"@id\":\"https:\/\/radioinfinitagoya.com.ar\/v1\/2025\/07\/22\/adios-a-la-cedula-azul-para-vehiculos-corporativos-lanzan-registro-online-de-autorizados\/#breadcrumb\"},\"inLanguage\":\"es-AR\",\"potentialAction\":[{\"@type\":\"ReadAction\",\"target\":[\"https:\/\/radioinfinitagoya.com.ar\/v1\/2025\/07\/22\/adios-a-la-cedula-azul-para-vehiculos-corporativos-lanzan-registro-online-de-autorizados\/\"]}]},{\"@type\":\"ImageObject\",\"inLanguage\":\"es-AR\",\"@id\":\"https:\/\/radioinfinitagoya.com.ar\/v1\/2025\/07\/22\/adios-a-la-cedula-azul-para-vehiculos-corporativos-lanzan-registro-online-de-autorizados\/#primaryimage\",\"url\":\"https:\/\/radioinfinitagoya.com.ar\/v1\/wp-content\/uploads\/2025\/07\/U7ki_1bM.jpg\",\"contentUrl\":\"https:\/\/radioinfinitagoya.com.ar\/v1\/wp-content\/uploads\/2025\/07\/U7ki_1bM.jpg\",\"width\":680,\"height\":383},{\"@type\":\"BreadcrumbList\",\"@id\":\"https:\/\/radioinfinitagoya.com.ar\/v1\/2025\/07\/22\/adios-a-la-cedula-azul-para-vehiculos-corporativos-lanzan-registro-online-de-autorizados\/#breadcrumb\",\"itemListElement\":[{\"@type\":\"ListItem\",\"position\":1,\"name\":\"Inicio\",\"item\":\"https:\/\/radioinfinitagoya.com.ar\/v1\/\"},{\"@type\":\"ListItem\",\"position\":2,\"name\":\"Adi\u00f3s a la c\u00e9dula azul para veh\u00edculos corporativos: lanzan registro online de autorizados\"}]},{\"@type\":\"WebSite\",\"@id\":\"https:\/\/radioinfinitagoya.com.ar\/v1\/#website\",\"url\":\"https:\/\/radioinfinitagoya.com.ar\/v1\/\",\"name\":\"radioinfinitagoya.com.ar\",\"description\":\"Radio de noticias\",\"publisher\":{\"@id\":\"https:\/\/radioinfinitagoya.com.ar\/v1\/#organization\"},\"potentialAction\":[{\"@type\":\"SearchAction\",\"target\":{\"@type\":\"EntryPoint\",\"urlTemplate\":\"https:\/\/radioinfinitagoya.com.ar\/v1\/?s={search_term_string}\"},\"query-input\":{\"@type\":\"PropertyValueSpecification\",\"valueRequired\":true,\"valueName\":\"search_term_string\"}}],\"inLanguage\":\"es-AR\"},{\"@type\":\"Organization\",\"@id\":\"https:\/\/radioinfinitagoya.com.ar\/v1\/#organization\",\"name\":\"Radio Infinita Goya\",\"url\":\"https:\/\/radioinfinitagoya.com.ar\/v1\/\",\"logo\":{\"@type\":\"ImageObject\",\"inLanguage\":\"es-AR\",\"@id\":\"https:\/\/radioinfinitagoya.com.ar\/v1\/#\/schema\/logo\/image\/\",\"url\":\"https:\/\/radioinfinitagoya.com.ar\/v1\/wp-content\/uploads\/2019\/11\/logo-pie-web.png\",\"contentUrl\":\"https:\/\/radioinfinitagoya.com.ar\/v1\/wp-content\/uploads\/2019\/11\/logo-pie-web.png\",\"width\":635,\"height\":326,\"caption\":\"Radio Infinita Goya\"},\"image\":{\"@id\":\"https:\/\/radioinfinitagoya.com.ar\/v1\/#\/schema\/logo\/image\/\"},\"sameAs\":[\"https:\/\/www.facebook.com\/p\/Infinita-Goya-100063870918311\/\"]},{\"@type\":\"Person\",\"@id\":\"https:\/\/radioinfinitagoya.com.ar\/v1\/#\/schema\/person\/d4cf9c413d4f6edb24aabdccab49ca4a\",\"name\":\"Jorge Mi\u00f1o\",\"image\":{\"@type\":\"ImageObject\",\"inLanguage\":\"es-AR\",\"@id\":\"https:\/\/secure.gravatar.com\/avatar\/910fcf6728fe95320e07a6643c1581fec1c7fc4bf8ae12e3d8f0d0373dc844be?s=96&d=mm&r=g\",\"url\":\"https:\/\/secure.gravatar.com\/avatar\/910fcf6728fe95320e07a6643c1581fec1c7fc4bf8ae12e3d8f0d0373dc844be?s=96&d=mm&r=g\",\"contentUrl\":\"https:\/\/secure.gravatar.com\/avatar\/910fcf6728fe95320e07a6643c1581fec1c7fc4bf8ae12e3d8f0d0373dc844be?s=96&d=mm&r=g\",\"caption\":\"Jorge Mi\u00f1o\"},\"sameAs\":[\"http:\/\/radioinfinitagoya.com.ar\"]}]}<\/script>\n<!-- \/ Yoast SEO plugin. -->","yoast_head_json":{"title":"Adi\u00f3s a la c\u00e9dula azul para veh\u00edculos corporativos: lanzan registro online de autorizados - Radio Infinita Goya","description":"Esta herramienta permite gestionar en l\u00ednea las altas y bajas de conductores habilitados y acceder en cualquier momento al listado actualizado de","robots":{"index":"index","follow":"follow","max-snippet":"max-snippet:-1","max-image-preview":"max-image-preview:large","max-video-preview":"max-video-preview:-1"},"canonical":"https:\/\/radioinfinitagoya.com.ar\/v1\/2025\/07\/22\/adios-a-la-cedula-azul-para-vehiculos-corporativos-lanzan-registro-online-de-autorizados\/","og_locale":"es_ES","og_type":"article","og_title":"Adi\u00f3s a la c\u00e9dula azul para veh\u00edculos corporativos: lanzan registro online de autorizados - Radio Infinita Goya","og_description":"Esta herramienta permite gestionar en l\u00ednea las altas y bajas de conductores habilitados y acceder en cualquier momento al listado actualizado de","og_url":"https:\/\/radioinfinitagoya.com.ar\/v1\/2025\/07\/22\/adios-a-la-cedula-azul-para-vehiculos-corporativos-lanzan-registro-online-de-autorizados\/","og_site_name":"Radio Infinita Goya","article_publisher":"https:\/\/www.facebook.com\/p\/Infinita-Goya-100063870918311\/","article_published_time":"2025-07-22T21:05:49+00:00","og_image":[{"width":680,"height":383,"url":"https:\/\/radioinfinitagoya.com.ar\/v1\/wp-content\/uploads\/2025\/07\/U7ki_1bM.jpg","type":"image\/jpeg"}],"author":"Jorge Mi\u00f1o","twitter_card":"summary_large_image","twitter_misc":{"Escrito por":"Jorge Mi\u00f1o","Tiempo de lectura":"2 minutos"},"schema":{"@context":"https:\/\/schema.org","@graph":[{"@type":"Article","@id":"https:\/\/radioinfinitagoya.com.ar\/v1\/2025\/07\/22\/adios-a-la-cedula-azul-para-vehiculos-corporativos-lanzan-registro-online-de-autorizados\/#article","isPartOf":{"@id":"https:\/\/radioinfinitagoya.com.ar\/v1\/2025\/07\/22\/adios-a-la-cedula-azul-para-vehiculos-corporativos-lanzan-registro-online-de-autorizados\/"},"author":{"name":"Jorge Mi\u00f1o","@id":"https:\/\/radioinfinitagoya.com.ar\/v1\/#\/schema\/person\/d4cf9c413d4f6edb24aabdccab49ca4a"},"headline":"Adi\u00f3s a la c\u00e9dula azul para veh\u00edculos corporativos: lanzan registro online de autorizados","datePublished":"2025-07-22T21:05:49+00:00","mainEntityOfPage":{"@id":"https:\/\/radioinfinitagoya.com.ar\/v1\/2025\/07\/22\/adios-a-la-cedula-azul-para-vehiculos-corporativos-lanzan-registro-online-de-autorizados\/"},"wordCount":287,"publisher":{"@id":"https:\/\/radioinfinitagoya.com.ar\/v1\/#organization"},"image":{"@id":"https:\/\/radioinfinitagoya.com.ar\/v1\/2025\/07\/22\/adios-a-la-cedula-azul-para-vehiculos-corporativos-lanzan-registro-online-de-autorizados\/#primaryimage"},"thumbnailUrl":"https:\/\/radioinfinitagoya.com.ar\/v1\/wp-content\/uploads\/2025\/07\/U7ki_1bM.jpg","articleSection":["INFORMACI\u00d3N GENERAL"],"inLanguage":"es-AR"},{"@type":"WebPage","@id":"https:\/\/radioinfinitagoya.com.ar\/v1\/2025\/07\/22\/adios-a-la-cedula-azul-para-vehiculos-corporativos-lanzan-registro-online-de-autorizados\/","url":"https:\/\/radioinfinitagoya.com.ar\/v1\/2025\/07\/22\/adios-a-la-cedula-azul-para-vehiculos-corporativos-lanzan-registro-online-de-autorizados\/","name":"Adi\u00f3s a la c\u00e9dula azul para veh\u00edculos corporativos: lanzan registro online de autorizados - Radio Infinita Goya","isPartOf":{"@id":"https:\/\/radioinfinitagoya.com.ar\/v1\/#website"},"primaryImageOfPage":{"@id":"https:\/\/radioinfinitagoya.com.ar\/v1\/2025\/07\/22\/adios-a-la-cedula-azul-para-vehiculos-corporativos-lanzan-registro-online-de-autorizados\/#primaryimage"},"image":{"@id":"https:\/\/radioinfinitagoya.com.ar\/v1\/2025\/07\/22\/adios-a-la-cedula-azul-para-vehiculos-corporativos-lanzan-registro-online-de-autorizados\/#primaryimage"},"thumbnailUrl":"https:\/\/radioinfinitagoya.com.ar\/v1\/wp-content\/uploads\/2025\/07\/U7ki_1bM.jpg","datePublished":"2025-07-22T21:05:49+00:00","description":"Esta herramienta permite gestionar en l\u00ednea las altas y bajas de conductores habilitados y acceder en cualquier momento al listado actualizado de","breadcrumb":{"@id":"https:\/\/radioinfinitagoya.com.ar\/v1\/2025\/07\/22\/adios-a-la-cedula-azul-para-vehiculos-corporativos-lanzan-registro-online-de-autorizados\/#breadcrumb"},"inLanguage":"es-AR","potentialAction":[{"@type":"ReadAction","target":["https:\/\/radioinfinitagoya.com.ar\/v1\/2025\/07\/22\/adios-a-la-cedula-azul-para-vehiculos-corporativos-lanzan-registro-online-de-autorizados\/"]}]},{"@type":"ImageObject","inLanguage":"es-AR","@id":"https:\/\/radioinfinitagoya.com.ar\/v1\/2025\/07\/22\/adios-a-la-cedula-azul-para-vehiculos-corporativos-lanzan-registro-online-de-autorizados\/#primaryimage","url":"https:\/\/radioinfinitagoya.com.ar\/v1\/wp-content\/uploads\/2025\/07\/U7ki_1bM.jpg","contentUrl":"https:\/\/radioinfinitagoya.com.ar\/v1\/wp-content\/uploads\/2025\/07\/U7ki_1bM.jpg","width":680,"height":383},{"@type":"BreadcrumbList","@id":"https:\/\/radioinfinitagoya.com.ar\/v1\/2025\/07\/22\/adios-a-la-cedula-azul-para-vehiculos-corporativos-lanzan-registro-online-de-autorizados\/#breadcrumb","itemListElement":[{"@type":"ListItem","position":1,"name":"Inicio","item":"https:\/\/radioinfinitagoya.com.ar\/v1\/"},{"@type":"ListItem","position":2,"name":"Adi\u00f3s a la c\u00e9dula azul para veh\u00edculos corporativos: lanzan registro online de autorizados"}]},{"@type":"WebSite","@id":"https:\/\/radioinfinitagoya.com.ar\/v1\/#website","url":"https:\/\/radioinfinitagoya.com.ar\/v1\/","name":"radioinfinitagoya.com.ar","description":"Radio de noticias","publisher":{"@id":"https:\/\/radioinfinitagoya.com.ar\/v1\/#organization"},"potentialAction":[{"@type":"SearchAction","target":{"@type":"EntryPoint","urlTemplate":"https:\/\/radioinfinitagoya.com.ar\/v1\/?s={search_term_string}"},"query-input":{"@type":"PropertyValueSpecification","valueRequired":true,"valueName":"search_term_string"}}],"inLanguage":"es-AR"},{"@type":"Organization","@id":"https:\/\/radioinfinitagoya.com.ar\/v1\/#organization","name":"Radio Infinita Goya","url":"https:\/\/radioinfinitagoya.com.ar\/v1\/","logo":{"@type":"ImageObject","inLanguage":"es-AR","@id":"https:\/\/radioinfinitagoya.com.ar\/v1\/#\/schema\/logo\/image\/","url":"https:\/\/radioinfinitagoya.com.ar\/v1\/wp-content\/uploads\/2019\/11\/logo-pie-web.png","contentUrl":"https:\/\/radioinfinitagoya.com.ar\/v1\/wp-content\/uploads\/2019\/11\/logo-pie-web.png","width":635,"height":326,"caption":"Radio Infinita Goya"},"image":{"@id":"https:\/\/radioinfinitagoya.com.ar\/v1\/#\/schema\/logo\/image\/"},"sameAs":["https:\/\/www.facebook.com\/p\/Infinita-Goya-100063870918311\/"]},{"@type":"Person","@id":"https:\/\/radioinfinitagoya.com.ar\/v1\/#\/schema\/person\/d4cf9c413d4f6edb24aabdccab49ca4a","name":"Jorge Mi\u00f1o","image":{"@type":"ImageObject","inLanguage":"es-AR","@id":"https:\/\/secure.gravatar.com\/avatar\/910fcf6728fe95320e07a6643c1581fec1c7fc4bf8ae12e3d8f0d0373dc844be?s=96&d=mm&r=g","url":"https:\/\/secure.gravatar.com\/avatar\/910fcf6728fe95320e07a6643c1581fec1c7fc4bf8ae12e3d8f0d0373dc844be?s=96&d=mm&r=g","contentUrl":"https:\/\/secure.gravatar.com\/avatar\/910fcf6728fe95320e07a6643c1581fec1c7fc4bf8ae12e3d8f0d0373dc844be?s=96&d=mm&r=g","caption":"Jorge Mi\u00f1o"},"sameAs":["http:\/\/radioinfinitagoya.com.ar"]}]}},"_links":{"self":[{"href":"https:\/\/radioinfinitagoya.com.ar\/v1\/wp-json\/wp\/v2\/posts\/193229","targetHints":{"allow":["GET"]}}],"collection":[{"href":"https:\/\/radioinfinitagoya.com.ar\/v1\/wp-json\/wp\/v2\/posts"}],"about":[{"href":"https:\/\/radioinfinitagoya.com.ar\/v1\/wp-json\/wp\/v2\/types\/post"}],"author":[{"embeddable":true,"href":"https:\/\/radioinfinitagoya.com.ar\/v1\/wp-json\/wp\/v2\/users\/4"}],"replies":[{"embeddable":true,"href":"https:\/\/radioinfinitagoya.com.ar\/v1\/wp-json\/wp\/v2\/comments?post=193229"}],"version-history":[{"count":0,"href":"https:\/\/radioinfinitagoya.com.ar\/v1\/wp-json\/wp\/v2\/posts\/193229\/revisions"}],"wp:featuredmedia":[{"embeddable":true,"href":"https:\/\/radioinfinitagoya.com.ar\/v1\/wp-json\/wp\/v2\/media\/193230"}],"wp:attachment":[{"href":"https:\/\/radioinfinitagoya.com.ar\/v1\/wp-json\/wp\/v2\/media?parent=193229"}],"wp:term":[{"taxonomy":"category","embeddable":true,"href":"https:\/\/radioinfinitagoya.com.ar\/v1\/wp-json\/wp\/v2\/categories?post=193229"},{"taxonomy":"post_tag","embeddable":true,"href":"https:\/\/radioinfinitagoya.com.ar\/v1\/wp-json\/wp\/v2\/tags?post=193229"}],"curies":[{"name":"wp","href":"https:\/\/api.w.org\/{rel}","templated":true}]}}