{"id":193232,"date":"2025-07-23T16:34:05","date_gmt":"2025-07-23T19:34:05","guid":{"rendered":"https:\/\/radioinfinitagoya.com.ar\/v1\/?p=193232"},"modified":"2025-07-23T16:34:05","modified_gmt":"2025-07-23T19:34:05","slug":"ex-carcel-de-corrientes-la-unidad-tiene-fecha-de-inauguracion","status":"publish","type":"post","link":"https:\/\/radioinfinitagoya.com.ar\/v1\/2025\/07\/23\/ex-carcel-de-corrientes-la-unidad-tiene-fecha-de-inauguracion\/","title":{"rendered":"Ex c\u00e1rcel de Corrientes: La Unidad tiene fecha de inauguraci\u00f3n"},"content":{"rendered":"<p>La presidenta del Instituto de Cultura confirm\u00f3 la fecha de habilitaci\u00f3n del megaespacio. Como anticipio habr\u00e1 una visita guiada el domingo.<\/p>\n<p>La ex Unidad Penal N\u00b01 de Corrientes, transformada en el ambicioso proyecto conocido como La Unidad, tiene fecha de inauguraci\u00f3n. As\u00ed lo anticip\u00f3 Beatriz Kunin, presidenta del Instituto de Cultura de Corrientes, quien confirm\u00f3 que la apertura oficial del megaespacio ser\u00e1 el pr\u00f3ximo 21 de agosto.<\/p>\n<p>&#8220;Estamos aceitando todo para ello&#8221;, coment\u00f3 Kunin, refiri\u00e9ndose a una reciente reuni\u00f3n con todas las \u00e1reas provinciales involucradas en el evento, donde se ajustaron los \u00faltimos detalles organizativos.<\/p>\n<p>Son 18.000 metros cuadrados que la Provincia est\u00e1 recuperando y reconvirtiendo en un polo de desarrollo, en la zona adyacente a la bajada del puente General Belgrano.<\/p>\n<p>Visita guiada gratuita como anticipo<br \/>\nComo un adelanto de lo que ser\u00e1 el complejo una vez inaugurado, el domingo 27 de julio a partir de las 15 se realizar\u00e1 una visita guiada especial para el p\u00fablico.<\/p>\n<p>&#8220;Van a estar los gu\u00edas para poder recorrer por grupos las partes que ya est\u00e1n concluidas y para que se pueda ver qu\u00e9 es lo que se hizo durante todo este tiempo all\u00ed adentro&#8221;, explic\u00f3 Kunin.<\/p>\n<p>La presidenta del Instituto de Cultura confirm\u00f3 que ella visit\u00f3 las instalaciones, aunque reconoci\u00f3 que &#8220;hay restricciones para recorrer que est\u00e1n basadas en las medidas de seguridad que requiere la obra&#8221;.<\/p>\n<p>La entrada para esta visita anticipada ser\u00e1 libre y gratuita, y se organizar\u00e1 el ingreso por grupos.<\/p>\n<p>Recuperaci\u00f3n del espacio f\u00edsico para atraer al turismo<br \/>\nEste proyecto contempla la creaci\u00f3n de cuatro espacios de usos diversos y complementarios: un Centro de la Innovaci\u00f3n que concentrar\u00e1 actividades innovadoras de instituciones p\u00fablicas y privadas relacionadas a trav\u00e9s de la tecnolog\u00eda, el aprendizaje y el emprendedurismo, un Museo de la Prisi\u00f3n y Centro de Ciencias, un Polo Gastron\u00f3mico y un Centro de Compras.<\/p>\n<p>Todo, apuntando a recuperar el patrimonio hist\u00f3rico-arquitect\u00f3nico, dotando de nuevos espacios a la Capital en un \u00e1rea estrat\u00e9gica.<\/p>\n<p>Abarca un total de dos manzanas, preservando la fachada original donde se ubicar\u00e1 el Polo Gastron\u00f3mico, conservando tambi\u00e9n el edificio Pan\u00f3ptico, donde se ubicar\u00e1 el Museo y Centro Interactivo de las Ciencias. En el espacio restante se distribuir\u00e1n los edificios del Centro de Innovaci\u00f3n y el Centro de Compras. Todos los edificios estar\u00e1n comunicados por espacios verdes abiertos y de uso peatonal.<\/p>\n","protected":false},"excerpt":{"rendered":"<p>La presidenta del Instituto de Cultura confirm\u00f3 la fecha de habilitaci\u00f3n del megaespacio. Como anticipio habr\u00e1 una visita guiada el domingo. La ex Unidad Penal N\u00b01 de Corrientes, transformada en el ambicioso proyecto conocido como La Unidad, tiene fecha de inauguraci\u00f3n. As\u00ed lo anticip\u00f3 Beatriz Kunin, presidenta del Instituto de Cultura de Corrientes, quien confirm\u00f3 [&hellip;]<\/p>\n","protected":false},"author":4,"featured_media":193233,"comment_status":"closed","ping_status":"closed","sticky":false,"template":"","format":"standard","meta":{"_joinchat":[],"footnotes":""},"categories":[26],"tags":[],"class_list":{"0":"post-193232","1":"post","2":"type-post","3":"status-publish","4":"format-standard","5":"has-post-thumbnail","7":"category-provinciales"},"yoast_head":"<!-- This site is optimized with the Yoast SEO plugin v27.2 - https:\/\/yoast.com\/product\/yoast-seo-wordpress\/ -->\n<title>Ex c\u00e1rcel de Corrientes: La Unidad tiene fecha de inauguraci\u00f3n - Radio Infinita Goya<\/title>\n<meta name=\"description\" content=\"La presidenta del Instituto de Cultura confirm\u00f3 la fecha de habilitaci\u00f3n del megaespacio. Como anticipio habr\u00e1 una visita guiada el domingo. La ex Unidad\" \/>\n<meta name=\"robots\" content=\"index, follow, max-snippet:-1, max-image-preview:large, max-video-preview:-1\" \/>\n<link rel=\"canonical\" href=\"https:\/\/radioinfinitagoya.com.ar\/v1\/2025\/07\/23\/ex-carcel-de-corrientes-la-unidad-tiene-fecha-de-inauguracion\/\" \/>\n<meta property=\"og:locale\" content=\"es_ES\" \/>\n<meta property=\"og:type\" content=\"article\" \/>\n<meta property=\"og:title\" content=\"Ex c\u00e1rcel de Corrientes: La Unidad tiene fecha de inauguraci\u00f3n - Radio Infinita Goya\" \/>\n<meta property=\"og:description\" content=\"La presidenta del Instituto de Cultura confirm\u00f3 la fecha de habilitaci\u00f3n del megaespacio. Como anticipio habr\u00e1 una visita guiada el domingo. La ex Unidad\" \/>\n<meta property=\"og:url\" content=\"https:\/\/radioinfinitagoya.com.ar\/v1\/2025\/07\/23\/ex-carcel-de-corrientes-la-unidad-tiene-fecha-de-inauguracion\/\" \/>\n<meta property=\"og:site_name\" content=\"Radio Infinita Goya\" \/>\n<meta property=\"article:publisher\" content=\"https:\/\/www.facebook.com\/p\/Infinita-Goya-100063870918311\/\" \/>\n<meta property=\"article:published_time\" content=\"2025-07-23T19:34:05+00:00\" \/>\n<meta property=\"og:image\" content=\"https:\/\/radioinfinitagoya.com.ar\/v1\/wp-content\/uploads\/2025\/07\/1753298702022.webp\" \/>\n\t<meta property=\"og:image:width\" content=\"1200\" \/>\n\t<meta property=\"og:image:height\" content=\"675\" \/>\n\t<meta property=\"og:image:type\" content=\"image\/webp\" \/>\n<meta name=\"author\" content=\"Jorge Mi\u00f1o\" \/>\n<meta name=\"twitter:card\" content=\"summary_large_image\" \/>\n<meta name=\"twitter:label1\" content=\"Escrito por\" \/>\n\t<meta name=\"twitter:data1\" content=\"Jorge Mi\u00f1o\" \/>\n\t<meta name=\"twitter:label2\" content=\"Tiempo de lectura\" \/>\n\t<meta name=\"twitter:data2\" content=\"2 minutos\" \/>\n<script type=\"application\/ld+json\" class=\"yoast-schema-graph\">{\"@context\":\"https:\/\/schema.org\",\"@graph\":[{\"@type\":\"Article\",\"@id\":\"https:\/\/radioinfinitagoya.com.ar\/v1\/2025\/07\/23\/ex-carcel-de-corrientes-la-unidad-tiene-fecha-de-inauguracion\/#article\",\"isPartOf\":{\"@id\":\"https:\/\/radioinfinitagoya.com.ar\/v1\/2025\/07\/23\/ex-carcel-de-corrientes-la-unidad-tiene-fecha-de-inauguracion\/\"},\"author\":{\"name\":\"Jorge Mi\u00f1o\",\"@id\":\"https:\/\/radioinfinitagoya.com.ar\/v1\/#\/schema\/person\/d4cf9c413d4f6edb24aabdccab49ca4a\"},\"headline\":\"Ex c\u00e1rcel de Corrientes: La Unidad tiene fecha de inauguraci\u00f3n\",\"datePublished\":\"2025-07-23T19:34:05+00:00\",\"mainEntityOfPage\":{\"@id\":\"https:\/\/radioinfinitagoya.com.ar\/v1\/2025\/07\/23\/ex-carcel-de-corrientes-la-unidad-tiene-fecha-de-inauguracion\/\"},\"wordCount\":420,\"publisher\":{\"@id\":\"https:\/\/radioinfinitagoya.com.ar\/v1\/#organization\"},\"image\":{\"@id\":\"https:\/\/radioinfinitagoya.com.ar\/v1\/2025\/07\/23\/ex-carcel-de-corrientes-la-unidad-tiene-fecha-de-inauguracion\/#primaryimage\"},\"thumbnailUrl\":\"https:\/\/radioinfinitagoya.com.ar\/v1\/wp-content\/uploads\/2025\/07\/1753298702022.webp\",\"articleSection\":[\"PROVINCIALES\"],\"inLanguage\":\"es-AR\"},{\"@type\":\"WebPage\",\"@id\":\"https:\/\/radioinfinitagoya.com.ar\/v1\/2025\/07\/23\/ex-carcel-de-corrientes-la-unidad-tiene-fecha-de-inauguracion\/\",\"url\":\"https:\/\/radioinfinitagoya.com.ar\/v1\/2025\/07\/23\/ex-carcel-de-corrientes-la-unidad-tiene-fecha-de-inauguracion\/\",\"name\":\"Ex c\u00e1rcel de Corrientes: La Unidad tiene fecha de inauguraci\u00f3n - Radio Infinita Goya\",\"isPartOf\":{\"@id\":\"https:\/\/radioinfinitagoya.com.ar\/v1\/#website\"},\"primaryImageOfPage\":{\"@id\":\"https:\/\/radioinfinitagoya.com.ar\/v1\/2025\/07\/23\/ex-carcel-de-corrientes-la-unidad-tiene-fecha-de-inauguracion\/#primaryimage\"},\"image\":{\"@id\":\"https:\/\/radioinfinitagoya.com.ar\/v1\/2025\/07\/23\/ex-carcel-de-corrientes-la-unidad-tiene-fecha-de-inauguracion\/#primaryimage\"},\"thumbnailUrl\":\"https:\/\/radioinfinitagoya.com.ar\/v1\/wp-content\/uploads\/2025\/07\/1753298702022.webp\",\"datePublished\":\"2025-07-23T19:34:05+00:00\",\"description\":\"La presidenta del Instituto de Cultura confirm\u00f3 la fecha de habilitaci\u00f3n del megaespacio. Como anticipio habr\u00e1 una visita guiada el domingo. La ex Unidad\",\"breadcrumb\":{\"@id\":\"https:\/\/radioinfinitagoya.com.ar\/v1\/2025\/07\/23\/ex-carcel-de-corrientes-la-unidad-tiene-fecha-de-inauguracion\/#breadcrumb\"},\"inLanguage\":\"es-AR\",\"potentialAction\":[{\"@type\":\"ReadAction\",\"target\":[\"https:\/\/radioinfinitagoya.com.ar\/v1\/2025\/07\/23\/ex-carcel-de-corrientes-la-unidad-tiene-fecha-de-inauguracion\/\"]}]},{\"@type\":\"ImageObject\",\"inLanguage\":\"es-AR\",\"@id\":\"https:\/\/radioinfinitagoya.com.ar\/v1\/2025\/07\/23\/ex-carcel-de-corrientes-la-unidad-tiene-fecha-de-inauguracion\/#primaryimage\",\"url\":\"https:\/\/radioinfinitagoya.com.ar\/v1\/wp-content\/uploads\/2025\/07\/1753298702022.webp\",\"contentUrl\":\"https:\/\/radioinfinitagoya.com.ar\/v1\/wp-content\/uploads\/2025\/07\/1753298702022.webp\",\"width\":1200,\"height\":675},{\"@type\":\"BreadcrumbList\",\"@id\":\"https:\/\/radioinfinitagoya.com.ar\/v1\/2025\/07\/23\/ex-carcel-de-corrientes-la-unidad-tiene-fecha-de-inauguracion\/#breadcrumb\",\"itemListElement\":[{\"@type\":\"ListItem\",\"position\":1,\"name\":\"Inicio\",\"item\":\"https:\/\/radioinfinitagoya.com.ar\/v1\/\"},{\"@type\":\"ListItem\",\"position\":2,\"name\":\"Ex c\u00e1rcel de Corrientes: La Unidad tiene fecha de inauguraci\u00f3n\"}]},{\"@type\":\"WebSite\",\"@id\":\"https:\/\/radioinfinitagoya.com.ar\/v1\/#website\",\"url\":\"https:\/\/radioinfinitagoya.com.ar\/v1\/\",\"name\":\"radioinfinitagoya.com.ar\",\"description\":\"Radio de noticias\",\"publisher\":{\"@id\":\"https:\/\/radioinfinitagoya.com.ar\/v1\/#organization\"},\"potentialAction\":[{\"@type\":\"SearchAction\",\"target\":{\"@type\":\"EntryPoint\",\"urlTemplate\":\"https:\/\/radioinfinitagoya.com.ar\/v1\/?s={search_term_string}\"},\"query-input\":{\"@type\":\"PropertyValueSpecification\",\"valueRequired\":true,\"valueName\":\"search_term_string\"}}],\"inLanguage\":\"es-AR\"},{\"@type\":\"Organization\",\"@id\":\"https:\/\/radioinfinitagoya.com.ar\/v1\/#organization\",\"name\":\"Radio Infinita Goya\",\"url\":\"https:\/\/radioinfinitagoya.com.ar\/v1\/\",\"logo\":{\"@type\":\"ImageObject\",\"inLanguage\":\"es-AR\",\"@id\":\"https:\/\/radioinfinitagoya.com.ar\/v1\/#\/schema\/logo\/image\/\",\"url\":\"https:\/\/radioinfinitagoya.com.ar\/v1\/wp-content\/uploads\/2019\/11\/logo-pie-web.png\",\"contentUrl\":\"https:\/\/radioinfinitagoya.com.ar\/v1\/wp-content\/uploads\/2019\/11\/logo-pie-web.png\",\"width\":635,\"height\":326,\"caption\":\"Radio Infinita Goya\"},\"image\":{\"@id\":\"https:\/\/radioinfinitagoya.com.ar\/v1\/#\/schema\/logo\/image\/\"},\"sameAs\":[\"https:\/\/www.facebook.com\/p\/Infinita-Goya-100063870918311\/\"]},{\"@type\":\"Person\",\"@id\":\"https:\/\/radioinfinitagoya.com.ar\/v1\/#\/schema\/person\/d4cf9c413d4f6edb24aabdccab49ca4a\",\"name\":\"Jorge Mi\u00f1o\",\"image\":{\"@type\":\"ImageObject\",\"inLanguage\":\"es-AR\",\"@id\":\"https:\/\/secure.gravatar.com\/avatar\/910fcf6728fe95320e07a6643c1581fec1c7fc4bf8ae12e3d8f0d0373dc844be?s=96&d=mm&r=g\",\"url\":\"https:\/\/secure.gravatar.com\/avatar\/910fcf6728fe95320e07a6643c1581fec1c7fc4bf8ae12e3d8f0d0373dc844be?s=96&d=mm&r=g\",\"contentUrl\":\"https:\/\/secure.gravatar.com\/avatar\/910fcf6728fe95320e07a6643c1581fec1c7fc4bf8ae12e3d8f0d0373dc844be?s=96&d=mm&r=g\",\"caption\":\"Jorge Mi\u00f1o\"},\"sameAs\":[\"http:\/\/radioinfinitagoya.com.ar\"]}]}<\/script>\n<!-- \/ Yoast SEO plugin. -->","yoast_head_json":{"title":"Ex c\u00e1rcel de Corrientes: La Unidad tiene fecha de inauguraci\u00f3n - Radio Infinita Goya","description":"La presidenta del Instituto de Cultura confirm\u00f3 la fecha de habilitaci\u00f3n del megaespacio. Como anticipio habr\u00e1 una visita guiada el domingo. La ex Unidad","robots":{"index":"index","follow":"follow","max-snippet":"max-snippet:-1","max-image-preview":"max-image-preview:large","max-video-preview":"max-video-preview:-1"},"canonical":"https:\/\/radioinfinitagoya.com.ar\/v1\/2025\/07\/23\/ex-carcel-de-corrientes-la-unidad-tiene-fecha-de-inauguracion\/","og_locale":"es_ES","og_type":"article","og_title":"Ex c\u00e1rcel de Corrientes: La Unidad tiene fecha de inauguraci\u00f3n - Radio Infinita Goya","og_description":"La presidenta del Instituto de Cultura confirm\u00f3 la fecha de habilitaci\u00f3n del megaespacio. Como anticipio habr\u00e1 una visita guiada el domingo. La ex Unidad","og_url":"https:\/\/radioinfinitagoya.com.ar\/v1\/2025\/07\/23\/ex-carcel-de-corrientes-la-unidad-tiene-fecha-de-inauguracion\/","og_site_name":"Radio Infinita Goya","article_publisher":"https:\/\/www.facebook.com\/p\/Infinita-Goya-100063870918311\/","article_published_time":"2025-07-23T19:34:05+00:00","og_image":[{"width":1200,"height":675,"url":"https:\/\/radioinfinitagoya.com.ar\/v1\/wp-content\/uploads\/2025\/07\/1753298702022.webp","type":"image\/webp"}],"author":"Jorge Mi\u00f1o","twitter_card":"summary_large_image","twitter_misc":{"Escrito por":"Jorge Mi\u00f1o","Tiempo de lectura":"2 minutos"},"schema":{"@context":"https:\/\/schema.org","@graph":[{"@type":"Article","@id":"https:\/\/radioinfinitagoya.com.ar\/v1\/2025\/07\/23\/ex-carcel-de-corrientes-la-unidad-tiene-fecha-de-inauguracion\/#article","isPartOf":{"@id":"https:\/\/radioinfinitagoya.com.ar\/v1\/2025\/07\/23\/ex-carcel-de-corrientes-la-unidad-tiene-fecha-de-inauguracion\/"},"author":{"name":"Jorge Mi\u00f1o","@id":"https:\/\/radioinfinitagoya.com.ar\/v1\/#\/schema\/person\/d4cf9c413d4f6edb24aabdccab49ca4a"},"headline":"Ex c\u00e1rcel de Corrientes: La Unidad tiene fecha de inauguraci\u00f3n","datePublished":"2025-07-23T19:34:05+00:00","mainEntityOfPage":{"@id":"https:\/\/radioinfinitagoya.com.ar\/v1\/2025\/07\/23\/ex-carcel-de-corrientes-la-unidad-tiene-fecha-de-inauguracion\/"},"wordCount":420,"publisher":{"@id":"https:\/\/radioinfinitagoya.com.ar\/v1\/#organization"},"image":{"@id":"https:\/\/radioinfinitagoya.com.ar\/v1\/2025\/07\/23\/ex-carcel-de-corrientes-la-unidad-tiene-fecha-de-inauguracion\/#primaryimage"},"thumbnailUrl":"https:\/\/radioinfinitagoya.com.ar\/v1\/wp-content\/uploads\/2025\/07\/1753298702022.webp","articleSection":["PROVINCIALES"],"inLanguage":"es-AR"},{"@type":"WebPage","@id":"https:\/\/radioinfinitagoya.com.ar\/v1\/2025\/07\/23\/ex-carcel-de-corrientes-la-unidad-tiene-fecha-de-inauguracion\/","url":"https:\/\/radioinfinitagoya.com.ar\/v1\/2025\/07\/23\/ex-carcel-de-corrientes-la-unidad-tiene-fecha-de-inauguracion\/","name":"Ex c\u00e1rcel de Corrientes: La Unidad tiene fecha de inauguraci\u00f3n - Radio Infinita Goya","isPartOf":{"@id":"https:\/\/radioinfinitagoya.com.ar\/v1\/#website"},"primaryImageOfPage":{"@id":"https:\/\/radioinfinitagoya.com.ar\/v1\/2025\/07\/23\/ex-carcel-de-corrientes-la-unidad-tiene-fecha-de-inauguracion\/#primaryimage"},"image":{"@id":"https:\/\/radioinfinitagoya.com.ar\/v1\/2025\/07\/23\/ex-carcel-de-corrientes-la-unidad-tiene-fecha-de-inauguracion\/#primaryimage"},"thumbnailUrl":"https:\/\/radioinfinitagoya.com.ar\/v1\/wp-content\/uploads\/2025\/07\/1753298702022.webp","datePublished":"2025-07-23T19:34:05+00:00","description":"La presidenta del Instituto de Cultura confirm\u00f3 la fecha de habilitaci\u00f3n del megaespacio. Como anticipio habr\u00e1 una visita guiada el domingo. La ex Unidad","breadcrumb":{"@id":"https:\/\/radioinfinitagoya.com.ar\/v1\/2025\/07\/23\/ex-carcel-de-corrientes-la-unidad-tiene-fecha-de-inauguracion\/#breadcrumb"},"inLanguage":"es-AR","potentialAction":[{"@type":"ReadAction","target":["https:\/\/radioinfinitagoya.com.ar\/v1\/2025\/07\/23\/ex-carcel-de-corrientes-la-unidad-tiene-fecha-de-inauguracion\/"]}]},{"@type":"ImageObject","inLanguage":"es-AR","@id":"https:\/\/radioinfinitagoya.com.ar\/v1\/2025\/07\/23\/ex-carcel-de-corrientes-la-unidad-tiene-fecha-de-inauguracion\/#primaryimage","url":"https:\/\/radioinfinitagoya.com.ar\/v1\/wp-content\/uploads\/2025\/07\/1753298702022.webp","contentUrl":"https:\/\/radioinfinitagoya.com.ar\/v1\/wp-content\/uploads\/2025\/07\/1753298702022.webp","width":1200,"height":675},{"@type":"BreadcrumbList","@id":"https:\/\/radioinfinitagoya.com.ar\/v1\/2025\/07\/23\/ex-carcel-de-corrientes-la-unidad-tiene-fecha-de-inauguracion\/#breadcrumb","itemListElement":[{"@type":"ListItem","position":1,"name":"Inicio","item":"https:\/\/radioinfinitagoya.com.ar\/v1\/"},{"@type":"ListItem","position":2,"name":"Ex c\u00e1rcel de Corrientes: La Unidad tiene fecha de inauguraci\u00f3n"}]},{"@type":"WebSite","@id":"https:\/\/radioinfinitagoya.com.ar\/v1\/#website","url":"https:\/\/radioinfinitagoya.com.ar\/v1\/","name":"radioinfinitagoya.com.ar","description":"Radio de noticias","publisher":{"@id":"https:\/\/radioinfinitagoya.com.ar\/v1\/#organization"},"potentialAction":[{"@type":"SearchAction","target":{"@type":"EntryPoint","urlTemplate":"https:\/\/radioinfinitagoya.com.ar\/v1\/?s={search_term_string}"},"query-input":{"@type":"PropertyValueSpecification","valueRequired":true,"valueName":"search_term_string"}}],"inLanguage":"es-AR"},{"@type":"Organization","@id":"https:\/\/radioinfinitagoya.com.ar\/v1\/#organization","name":"Radio Infinita Goya","url":"https:\/\/radioinfinitagoya.com.ar\/v1\/","logo":{"@type":"ImageObject","inLanguage":"es-AR","@id":"https:\/\/radioinfinitagoya.com.ar\/v1\/#\/schema\/logo\/image\/","url":"https:\/\/radioinfinitagoya.com.ar\/v1\/wp-content\/uploads\/2019\/11\/logo-pie-web.png","contentUrl":"https:\/\/radioinfinitagoya.com.ar\/v1\/wp-content\/uploads\/2019\/11\/logo-pie-web.png","width":635,"height":326,"caption":"Radio Infinita Goya"},"image":{"@id":"https:\/\/radioinfinitagoya.com.ar\/v1\/#\/schema\/logo\/image\/"},"sameAs":["https:\/\/www.facebook.com\/p\/Infinita-Goya-100063870918311\/"]},{"@type":"Person","@id":"https:\/\/radioinfinitagoya.com.ar\/v1\/#\/schema\/person\/d4cf9c413d4f6edb24aabdccab49ca4a","name":"Jorge Mi\u00f1o","image":{"@type":"ImageObject","inLanguage":"es-AR","@id":"https:\/\/secure.gravatar.com\/avatar\/910fcf6728fe95320e07a6643c1581fec1c7fc4bf8ae12e3d8f0d0373dc844be?s=96&d=mm&r=g","url":"https:\/\/secure.gravatar.com\/avatar\/910fcf6728fe95320e07a6643c1581fec1c7fc4bf8ae12e3d8f0d0373dc844be?s=96&d=mm&r=g","contentUrl":"https:\/\/secure.gravatar.com\/avatar\/910fcf6728fe95320e07a6643c1581fec1c7fc4bf8ae12e3d8f0d0373dc844be?s=96&d=mm&r=g","caption":"Jorge Mi\u00f1o"},"sameAs":["http:\/\/radioinfinitagoya.com.ar"]}]}},"_links":{"self":[{"href":"https:\/\/radioinfinitagoya.com.ar\/v1\/wp-json\/wp\/v2\/posts\/193232","targetHints":{"allow":["GET"]}}],"collection":[{"href":"https:\/\/radioinfinitagoya.com.ar\/v1\/wp-json\/wp\/v2\/posts"}],"about":[{"href":"https:\/\/radioinfinitagoya.com.ar\/v1\/wp-json\/wp\/v2\/types\/post"}],"author":[{"embeddable":true,"href":"https:\/\/radioinfinitagoya.com.ar\/v1\/wp-json\/wp\/v2\/users\/4"}],"replies":[{"embeddable":true,"href":"https:\/\/radioinfinitagoya.com.ar\/v1\/wp-json\/wp\/v2\/comments?post=193232"}],"version-history":[{"count":0,"href":"https:\/\/radioinfinitagoya.com.ar\/v1\/wp-json\/wp\/v2\/posts\/193232\/revisions"}],"wp:featuredmedia":[{"embeddable":true,"href":"https:\/\/radioinfinitagoya.com.ar\/v1\/wp-json\/wp\/v2\/media\/193233"}],"wp:attachment":[{"href":"https:\/\/radioinfinitagoya.com.ar\/v1\/wp-json\/wp\/v2\/media?parent=193232"}],"wp:term":[{"taxonomy":"category","embeddable":true,"href":"https:\/\/radioinfinitagoya.com.ar\/v1\/wp-json\/wp\/v2\/categories?post=193232"},{"taxonomy":"post_tag","embeddable":true,"href":"https:\/\/radioinfinitagoya.com.ar\/v1\/wp-json\/wp\/v2\/tags?post=193232"}],"curies":[{"name":"wp","href":"https:\/\/api.w.org\/{rel}","templated":true}]}}