{"id":193235,"date":"2025-07-23T16:38:18","date_gmt":"2025-07-23T19:38:18","guid":{"rendered":"https:\/\/radioinfinitagoya.com.ar\/v1\/?p=193235"},"modified":"2025-07-23T16:38:35","modified_gmt":"2025-07-23T19:38:35","slug":"valdes-inauguro-obras-de-cordon-cuneta-y-habilito-un-nuevo-cajero-automatico-en-garruchos","status":"publish","type":"post","link":"https:\/\/radioinfinitagoya.com.ar\/v1\/2025\/07\/23\/valdes-inauguro-obras-de-cordon-cuneta-y-habilito-un-nuevo-cajero-automatico-en-garruchos\/","title":{"rendered":"Vald\u00e9s inaugur\u00f3 obras de cord\u00f3n cuneta Y habilit\u00f3 un nuevo cajero autom\u00e1tico en Garruchos"},"content":{"rendered":"<p>El gobernador Gustavo Vald\u00e9s encabez\u00f3 una jornada de inauguraciones en Garruchos, donde habilit\u00f3 un nuevo cajero del Banco de Corrientes y 2.000 metros de cord\u00f3n cuneta. Adem\u00e1s, anunci\u00f3 m\u00e1s inversiones en infraestructura vial.<\/p>\n<p>Este mi\u00e9rcoles, el gobernador Gustavo Vald\u00e9s lleg\u00f3 hasta la localidad de Garruchos, en el nordeste provincial, para poner en marcha una serie de obras ejecutadas por el Gobierno de Corrientes. Entre los trabajos destacados se encuentran la habilitaci\u00f3n de cajeros autom\u00e1ticos del Banco de Corrientes y 2.000 metros de cord\u00f3n cuneta, fundamentales para mejorar la calidad de vida y la movilidad urbana.<\/p>\n<p>Durante su visita, Vald\u00e9s subray\u00f3 la importancia de estas obras para las comunidades del interior. En particular, destac\u00f3 que los nuevos cajeros autom\u00e1ticos evitar\u00e1n que los vecinos deban trasladarse a otras localidades para acceder a sus haberes, lo que representa un ahorro de tiempo, dinero y mayor dinamismo econ\u00f3mico para el comercio local. \u201cEsto genera posibilidades y hace que se mueva la econom\u00eda local\u201d, asegur\u00f3 el mandatario.<\/p>\n<p>Adem\u00e1s, el gobernador anunci\u00f3 que se avanzar\u00e1 con obras de pavimentaci\u00f3n urbana, a trav\u00e9s de Vialidad Provincial. \u201cSiempre apoyamos a todos los municipios con obras y vemos el progreso que se genera\u201d, dijo Vald\u00e9s. Tambi\u00e9n remarc\u00f3 el potencial productivo de la zona: \u201cEn Garruchos hay ganader\u00eda, forestaci\u00f3n, yerba, aserraderos; en s\u00edntesis, condiciones ideales para el crecimiento\u201d.<\/p>\n<p>Durante la jornada, Vald\u00e9s tambi\u00e9n inaugur\u00f3 otras obras como el Sal\u00f3n de Usos M\u00faltiples (SUM) del barrio Loma Bonita, el Espacio Joven, un nuevo boulevard con letras corp\u00f3reas, y el muro perimetral del Cementerio.<\/p>\n<p>Por su parte, el intendente Marcelo Scotto valor\u00f3 el acompa\u00f1amiento constante del Gobierno provincial: \u201cGracias a Dios, el gobernador siempre nos tiene presentes. Cada vez que voy a Corrientes me re\u00fano con \u00e9l y con los ministros, y nunca me vuelvo con las manos vac\u00edas\u201d, expres\u00f3.<\/p>\n<p>Scotto hizo hincapi\u00e9 en la importancia del nuevo cajero autom\u00e1tico: \u201cEra un reclamo de muchos a\u00f1os, fundamental porque muchos comercios chicos no aceptan tarjeta, entonces el manejo de efectivo es necesario\u201d.<\/p>\n<p>Finalmente, resalt\u00f3 la promesa de avanzar con el pavimento: \u201cEs la obra m\u00e1s esperada por los vecinos y marcar\u00e1 un antes y un despu\u00e9s. Somos una localidad con casi 150 a\u00f1os y nos merec\u00edamos ya tener asfalto\u201d.<\/p>\n","protected":false},"excerpt":{"rendered":"<p>El gobernador Gustavo Vald\u00e9s encabez\u00f3 una jornada de inauguraciones en Garruchos, donde habilit\u00f3 un nuevo cajero del Banco de Corrientes y 2.000 metros de cord\u00f3n cuneta. Adem\u00e1s, anunci\u00f3 m\u00e1s inversiones en infraestructura vial. Este mi\u00e9rcoles, el gobernador Gustavo Vald\u00e9s lleg\u00f3 hasta la localidad de Garruchos, en el nordeste provincial, para poner en marcha una serie [&hellip;]<\/p>\n","protected":false},"author":4,"featured_media":193236,"comment_status":"closed","ping_status":"closed","sticky":false,"template":"","format":"standard","meta":{"_joinchat":[],"footnotes":""},"categories":[34],"tags":[],"class_list":{"0":"post-193235","1":"post","2":"type-post","3":"status-publish","4":"format-standard","5":"has-post-thumbnail","7":"category-principal"},"yoast_head":"<!-- This site is optimized with the Yoast SEO plugin v27.2 - https:\/\/yoast.com\/product\/yoast-seo-wordpress\/ -->\n<title>Vald\u00e9s inaugur\u00f3 obras de cord\u00f3n cuneta Y habilit\u00f3 un nuevo cajero autom\u00e1tico en Garruchos - Radio Infinita Goya<\/title>\n<meta name=\"description\" content=\"El gobernador Gustavo Vald\u00e9s encabez\u00f3 una jornada de inauguraciones en Garruchos, donde habilit\u00f3 un nuevo cajero del Banco de Corrientes y 2.000 metros de\" \/>\n<meta name=\"robots\" content=\"index, follow, max-snippet:-1, max-image-preview:large, max-video-preview:-1\" \/>\n<link rel=\"canonical\" href=\"https:\/\/radioinfinitagoya.com.ar\/v1\/2025\/07\/23\/valdes-inauguro-obras-de-cordon-cuneta-y-habilito-un-nuevo-cajero-automatico-en-garruchos\/\" \/>\n<meta property=\"og:locale\" content=\"es_ES\" \/>\n<meta property=\"og:type\" content=\"article\" \/>\n<meta property=\"og:title\" content=\"Vald\u00e9s inaugur\u00f3 obras de cord\u00f3n cuneta Y habilit\u00f3 un nuevo cajero autom\u00e1tico en Garruchos - Radio Infinita Goya\" \/>\n<meta property=\"og:description\" content=\"El gobernador Gustavo Vald\u00e9s encabez\u00f3 una jornada de inauguraciones en Garruchos, donde habilit\u00f3 un nuevo cajero del Banco de Corrientes y 2.000 metros de\" \/>\n<meta property=\"og:url\" content=\"https:\/\/radioinfinitagoya.com.ar\/v1\/2025\/07\/23\/valdes-inauguro-obras-de-cordon-cuneta-y-habilito-un-nuevo-cajero-automatico-en-garruchos\/\" \/>\n<meta property=\"og:site_name\" content=\"Radio Infinita Goya\" \/>\n<meta property=\"article:publisher\" content=\"https:\/\/www.facebook.com\/p\/Infinita-Goya-100063870918311\/\" \/>\n<meta property=\"article:published_time\" content=\"2025-07-23T19:38:18+00:00\" \/>\n<meta property=\"article:modified_time\" content=\"2025-07-23T19:38:35+00:00\" \/>\n<meta property=\"og:image\" content=\"https:\/\/radioinfinitagoya.com.ar\/v1\/wp-content\/uploads\/2025\/07\/GwjvMRlWUAA79vv.jpg\" \/>\n\t<meta property=\"og:image:width\" content=\"2575\" \/>\n\t<meta property=\"og:image:height\" content=\"1717\" \/>\n\t<meta property=\"og:image:type\" content=\"image\/jpeg\" \/>\n<meta name=\"author\" content=\"Jorge Mi\u00f1o\" \/>\n<meta name=\"twitter:card\" content=\"summary_large_image\" \/>\n<meta name=\"twitter:label1\" content=\"Escrito por\" \/>\n\t<meta name=\"twitter:data1\" content=\"Jorge Mi\u00f1o\" \/>\n\t<meta name=\"twitter:label2\" content=\"Tiempo de lectura\" \/>\n\t<meta name=\"twitter:data2\" content=\"2 minutos\" \/>\n<script type=\"application\/ld+json\" class=\"yoast-schema-graph\">{\"@context\":\"https:\/\/schema.org\",\"@graph\":[{\"@type\":\"Article\",\"@id\":\"https:\/\/radioinfinitagoya.com.ar\/v1\/2025\/07\/23\/valdes-inauguro-obras-de-cordon-cuneta-y-habilito-un-nuevo-cajero-automatico-en-garruchos\/#article\",\"isPartOf\":{\"@id\":\"https:\/\/radioinfinitagoya.com.ar\/v1\/2025\/07\/23\/valdes-inauguro-obras-de-cordon-cuneta-y-habilito-un-nuevo-cajero-automatico-en-garruchos\/\"},\"author\":{\"name\":\"Jorge Mi\u00f1o\",\"@id\":\"https:\/\/radioinfinitagoya.com.ar\/v1\/#\/schema\/person\/d4cf9c413d4f6edb24aabdccab49ca4a\"},\"headline\":\"Vald\u00e9s inaugur\u00f3 obras de cord\u00f3n cuneta Y habilit\u00f3 un nuevo cajero autom\u00e1tico en Garruchos\",\"datePublished\":\"2025-07-23T19:38:18+00:00\",\"dateModified\":\"2025-07-23T19:38:35+00:00\",\"mainEntityOfPage\":{\"@id\":\"https:\/\/radioinfinitagoya.com.ar\/v1\/2025\/07\/23\/valdes-inauguro-obras-de-cordon-cuneta-y-habilito-un-nuevo-cajero-automatico-en-garruchos\/\"},\"wordCount\":416,\"publisher\":{\"@id\":\"https:\/\/radioinfinitagoya.com.ar\/v1\/#organization\"},\"image\":{\"@id\":\"https:\/\/radioinfinitagoya.com.ar\/v1\/2025\/07\/23\/valdes-inauguro-obras-de-cordon-cuneta-y-habilito-un-nuevo-cajero-automatico-en-garruchos\/#primaryimage\"},\"thumbnailUrl\":\"https:\/\/radioinfinitagoya.com.ar\/v1\/wp-content\/uploads\/2025\/07\/GwjvMRlWUAA79vv.jpg\",\"articleSection\":[\"PRINCIPAL\"],\"inLanguage\":\"es-AR\"},{\"@type\":\"WebPage\",\"@id\":\"https:\/\/radioinfinitagoya.com.ar\/v1\/2025\/07\/23\/valdes-inauguro-obras-de-cordon-cuneta-y-habilito-un-nuevo-cajero-automatico-en-garruchos\/\",\"url\":\"https:\/\/radioinfinitagoya.com.ar\/v1\/2025\/07\/23\/valdes-inauguro-obras-de-cordon-cuneta-y-habilito-un-nuevo-cajero-automatico-en-garruchos\/\",\"name\":\"Vald\u00e9s inaugur\u00f3 obras de cord\u00f3n cuneta Y habilit\u00f3 un nuevo cajero autom\u00e1tico en Garruchos - Radio Infinita Goya\",\"isPartOf\":{\"@id\":\"https:\/\/radioinfinitagoya.com.ar\/v1\/#website\"},\"primaryImageOfPage\":{\"@id\":\"https:\/\/radioinfinitagoya.com.ar\/v1\/2025\/07\/23\/valdes-inauguro-obras-de-cordon-cuneta-y-habilito-un-nuevo-cajero-automatico-en-garruchos\/#primaryimage\"},\"image\":{\"@id\":\"https:\/\/radioinfinitagoya.com.ar\/v1\/2025\/07\/23\/valdes-inauguro-obras-de-cordon-cuneta-y-habilito-un-nuevo-cajero-automatico-en-garruchos\/#primaryimage\"},\"thumbnailUrl\":\"https:\/\/radioinfinitagoya.com.ar\/v1\/wp-content\/uploads\/2025\/07\/GwjvMRlWUAA79vv.jpg\",\"datePublished\":\"2025-07-23T19:38:18+00:00\",\"dateModified\":\"2025-07-23T19:38:35+00:00\",\"description\":\"El gobernador Gustavo Vald\u00e9s encabez\u00f3 una jornada de inauguraciones en Garruchos, donde habilit\u00f3 un nuevo cajero del Banco de Corrientes y 2.000 metros de\",\"breadcrumb\":{\"@id\":\"https:\/\/radioinfinitagoya.com.ar\/v1\/2025\/07\/23\/valdes-inauguro-obras-de-cordon-cuneta-y-habilito-un-nuevo-cajero-automatico-en-garruchos\/#breadcrumb\"},\"inLanguage\":\"es-AR\",\"potentialAction\":[{\"@type\":\"ReadAction\",\"target\":[\"https:\/\/radioinfinitagoya.com.ar\/v1\/2025\/07\/23\/valdes-inauguro-obras-de-cordon-cuneta-y-habilito-un-nuevo-cajero-automatico-en-garruchos\/\"]}]},{\"@type\":\"ImageObject\",\"inLanguage\":\"es-AR\",\"@id\":\"https:\/\/radioinfinitagoya.com.ar\/v1\/2025\/07\/23\/valdes-inauguro-obras-de-cordon-cuneta-y-habilito-un-nuevo-cajero-automatico-en-garruchos\/#primaryimage\",\"url\":\"https:\/\/radioinfinitagoya.com.ar\/v1\/wp-content\/uploads\/2025\/07\/GwjvMRlWUAA79vv.jpg\",\"contentUrl\":\"https:\/\/radioinfinitagoya.com.ar\/v1\/wp-content\/uploads\/2025\/07\/GwjvMRlWUAA79vv.jpg\",\"width\":2575,\"height\":1717},{\"@type\":\"BreadcrumbList\",\"@id\":\"https:\/\/radioinfinitagoya.com.ar\/v1\/2025\/07\/23\/valdes-inauguro-obras-de-cordon-cuneta-y-habilito-un-nuevo-cajero-automatico-en-garruchos\/#breadcrumb\",\"itemListElement\":[{\"@type\":\"ListItem\",\"position\":1,\"name\":\"Inicio\",\"item\":\"https:\/\/radioinfinitagoya.com.ar\/v1\/\"},{\"@type\":\"ListItem\",\"position\":2,\"name\":\"Vald\u00e9s inaugur\u00f3 obras de cord\u00f3n cuneta Y habilit\u00f3 un nuevo cajero autom\u00e1tico en Garruchos\"}]},{\"@type\":\"WebSite\",\"@id\":\"https:\/\/radioinfinitagoya.com.ar\/v1\/#website\",\"url\":\"https:\/\/radioinfinitagoya.com.ar\/v1\/\",\"name\":\"radioinfinitagoya.com.ar\",\"description\":\"Radio de noticias\",\"publisher\":{\"@id\":\"https:\/\/radioinfinitagoya.com.ar\/v1\/#organization\"},\"potentialAction\":[{\"@type\":\"SearchAction\",\"target\":{\"@type\":\"EntryPoint\",\"urlTemplate\":\"https:\/\/radioinfinitagoya.com.ar\/v1\/?s={search_term_string}\"},\"query-input\":{\"@type\":\"PropertyValueSpecification\",\"valueRequired\":true,\"valueName\":\"search_term_string\"}}],\"inLanguage\":\"es-AR\"},{\"@type\":\"Organization\",\"@id\":\"https:\/\/radioinfinitagoya.com.ar\/v1\/#organization\",\"name\":\"Radio Infinita Goya\",\"url\":\"https:\/\/radioinfinitagoya.com.ar\/v1\/\",\"logo\":{\"@type\":\"ImageObject\",\"inLanguage\":\"es-AR\",\"@id\":\"https:\/\/radioinfinitagoya.com.ar\/v1\/#\/schema\/logo\/image\/\",\"url\":\"https:\/\/radioinfinitagoya.com.ar\/v1\/wp-content\/uploads\/2019\/11\/logo-pie-web.png\",\"contentUrl\":\"https:\/\/radioinfinitagoya.com.ar\/v1\/wp-content\/uploads\/2019\/11\/logo-pie-web.png\",\"width\":635,\"height\":326,\"caption\":\"Radio Infinita Goya\"},\"image\":{\"@id\":\"https:\/\/radioinfinitagoya.com.ar\/v1\/#\/schema\/logo\/image\/\"},\"sameAs\":[\"https:\/\/www.facebook.com\/p\/Infinita-Goya-100063870918311\/\"]},{\"@type\":\"Person\",\"@id\":\"https:\/\/radioinfinitagoya.com.ar\/v1\/#\/schema\/person\/d4cf9c413d4f6edb24aabdccab49ca4a\",\"name\":\"Jorge Mi\u00f1o\",\"image\":{\"@type\":\"ImageObject\",\"inLanguage\":\"es-AR\",\"@id\":\"https:\/\/secure.gravatar.com\/avatar\/910fcf6728fe95320e07a6643c1581fec1c7fc4bf8ae12e3d8f0d0373dc844be?s=96&d=mm&r=g\",\"url\":\"https:\/\/secure.gravatar.com\/avatar\/910fcf6728fe95320e07a6643c1581fec1c7fc4bf8ae12e3d8f0d0373dc844be?s=96&d=mm&r=g\",\"contentUrl\":\"https:\/\/secure.gravatar.com\/avatar\/910fcf6728fe95320e07a6643c1581fec1c7fc4bf8ae12e3d8f0d0373dc844be?s=96&d=mm&r=g\",\"caption\":\"Jorge Mi\u00f1o\"},\"sameAs\":[\"http:\/\/radioinfinitagoya.com.ar\"]}]}<\/script>\n<!-- \/ Yoast SEO plugin. -->","yoast_head_json":{"title":"Vald\u00e9s inaugur\u00f3 obras de cord\u00f3n cuneta Y habilit\u00f3 un nuevo cajero autom\u00e1tico en Garruchos - Radio Infinita Goya","description":"El gobernador Gustavo Vald\u00e9s encabez\u00f3 una jornada de inauguraciones en Garruchos, donde habilit\u00f3 un nuevo cajero del Banco de Corrientes y 2.000 metros de","robots":{"index":"index","follow":"follow","max-snippet":"max-snippet:-1","max-image-preview":"max-image-preview:large","max-video-preview":"max-video-preview:-1"},"canonical":"https:\/\/radioinfinitagoya.com.ar\/v1\/2025\/07\/23\/valdes-inauguro-obras-de-cordon-cuneta-y-habilito-un-nuevo-cajero-automatico-en-garruchos\/","og_locale":"es_ES","og_type":"article","og_title":"Vald\u00e9s inaugur\u00f3 obras de cord\u00f3n cuneta Y habilit\u00f3 un nuevo cajero autom\u00e1tico en Garruchos - Radio Infinita Goya","og_description":"El gobernador Gustavo Vald\u00e9s encabez\u00f3 una jornada de inauguraciones en Garruchos, donde habilit\u00f3 un nuevo cajero del Banco de Corrientes y 2.000 metros de","og_url":"https:\/\/radioinfinitagoya.com.ar\/v1\/2025\/07\/23\/valdes-inauguro-obras-de-cordon-cuneta-y-habilito-un-nuevo-cajero-automatico-en-garruchos\/","og_site_name":"Radio Infinita Goya","article_publisher":"https:\/\/www.facebook.com\/p\/Infinita-Goya-100063870918311\/","article_published_time":"2025-07-23T19:38:18+00:00","article_modified_time":"2025-07-23T19:38:35+00:00","og_image":[{"width":2575,"height":1717,"url":"https:\/\/radioinfinitagoya.com.ar\/v1\/wp-content\/uploads\/2025\/07\/GwjvMRlWUAA79vv.jpg","type":"image\/jpeg"}],"author":"Jorge Mi\u00f1o","twitter_card":"summary_large_image","twitter_misc":{"Escrito por":"Jorge Mi\u00f1o","Tiempo de lectura":"2 minutos"},"schema":{"@context":"https:\/\/schema.org","@graph":[{"@type":"Article","@id":"https:\/\/radioinfinitagoya.com.ar\/v1\/2025\/07\/23\/valdes-inauguro-obras-de-cordon-cuneta-y-habilito-un-nuevo-cajero-automatico-en-garruchos\/#article","isPartOf":{"@id":"https:\/\/radioinfinitagoya.com.ar\/v1\/2025\/07\/23\/valdes-inauguro-obras-de-cordon-cuneta-y-habilito-un-nuevo-cajero-automatico-en-garruchos\/"},"author":{"name":"Jorge Mi\u00f1o","@id":"https:\/\/radioinfinitagoya.com.ar\/v1\/#\/schema\/person\/d4cf9c413d4f6edb24aabdccab49ca4a"},"headline":"Vald\u00e9s inaugur\u00f3 obras de cord\u00f3n cuneta Y habilit\u00f3 un nuevo cajero autom\u00e1tico en Garruchos","datePublished":"2025-07-23T19:38:18+00:00","dateModified":"2025-07-23T19:38:35+00:00","mainEntityOfPage":{"@id":"https:\/\/radioinfinitagoya.com.ar\/v1\/2025\/07\/23\/valdes-inauguro-obras-de-cordon-cuneta-y-habilito-un-nuevo-cajero-automatico-en-garruchos\/"},"wordCount":416,"publisher":{"@id":"https:\/\/radioinfinitagoya.com.ar\/v1\/#organization"},"image":{"@id":"https:\/\/radioinfinitagoya.com.ar\/v1\/2025\/07\/23\/valdes-inauguro-obras-de-cordon-cuneta-y-habilito-un-nuevo-cajero-automatico-en-garruchos\/#primaryimage"},"thumbnailUrl":"https:\/\/radioinfinitagoya.com.ar\/v1\/wp-content\/uploads\/2025\/07\/GwjvMRlWUAA79vv.jpg","articleSection":["PRINCIPAL"],"inLanguage":"es-AR"},{"@type":"WebPage","@id":"https:\/\/radioinfinitagoya.com.ar\/v1\/2025\/07\/23\/valdes-inauguro-obras-de-cordon-cuneta-y-habilito-un-nuevo-cajero-automatico-en-garruchos\/","url":"https:\/\/radioinfinitagoya.com.ar\/v1\/2025\/07\/23\/valdes-inauguro-obras-de-cordon-cuneta-y-habilito-un-nuevo-cajero-automatico-en-garruchos\/","name":"Vald\u00e9s inaugur\u00f3 obras de cord\u00f3n cuneta Y habilit\u00f3 un nuevo cajero autom\u00e1tico en Garruchos - Radio Infinita Goya","isPartOf":{"@id":"https:\/\/radioinfinitagoya.com.ar\/v1\/#website"},"primaryImageOfPage":{"@id":"https:\/\/radioinfinitagoya.com.ar\/v1\/2025\/07\/23\/valdes-inauguro-obras-de-cordon-cuneta-y-habilito-un-nuevo-cajero-automatico-en-garruchos\/#primaryimage"},"image":{"@id":"https:\/\/radioinfinitagoya.com.ar\/v1\/2025\/07\/23\/valdes-inauguro-obras-de-cordon-cuneta-y-habilito-un-nuevo-cajero-automatico-en-garruchos\/#primaryimage"},"thumbnailUrl":"https:\/\/radioinfinitagoya.com.ar\/v1\/wp-content\/uploads\/2025\/07\/GwjvMRlWUAA79vv.jpg","datePublished":"2025-07-23T19:38:18+00:00","dateModified":"2025-07-23T19:38:35+00:00","description":"El gobernador Gustavo Vald\u00e9s encabez\u00f3 una jornada de inauguraciones en Garruchos, donde habilit\u00f3 un nuevo cajero del Banco de Corrientes y 2.000 metros de","breadcrumb":{"@id":"https:\/\/radioinfinitagoya.com.ar\/v1\/2025\/07\/23\/valdes-inauguro-obras-de-cordon-cuneta-y-habilito-un-nuevo-cajero-automatico-en-garruchos\/#breadcrumb"},"inLanguage":"es-AR","potentialAction":[{"@type":"ReadAction","target":["https:\/\/radioinfinitagoya.com.ar\/v1\/2025\/07\/23\/valdes-inauguro-obras-de-cordon-cuneta-y-habilito-un-nuevo-cajero-automatico-en-garruchos\/"]}]},{"@type":"ImageObject","inLanguage":"es-AR","@id":"https:\/\/radioinfinitagoya.com.ar\/v1\/2025\/07\/23\/valdes-inauguro-obras-de-cordon-cuneta-y-habilito-un-nuevo-cajero-automatico-en-garruchos\/#primaryimage","url":"https:\/\/radioinfinitagoya.com.ar\/v1\/wp-content\/uploads\/2025\/07\/GwjvMRlWUAA79vv.jpg","contentUrl":"https:\/\/radioinfinitagoya.com.ar\/v1\/wp-content\/uploads\/2025\/07\/GwjvMRlWUAA79vv.jpg","width":2575,"height":1717},{"@type":"BreadcrumbList","@id":"https:\/\/radioinfinitagoya.com.ar\/v1\/2025\/07\/23\/valdes-inauguro-obras-de-cordon-cuneta-y-habilito-un-nuevo-cajero-automatico-en-garruchos\/#breadcrumb","itemListElement":[{"@type":"ListItem","position":1,"name":"Inicio","item":"https:\/\/radioinfinitagoya.com.ar\/v1\/"},{"@type":"ListItem","position":2,"name":"Vald\u00e9s inaugur\u00f3 obras de cord\u00f3n cuneta Y habilit\u00f3 un nuevo cajero autom\u00e1tico en Garruchos"}]},{"@type":"WebSite","@id":"https:\/\/radioinfinitagoya.com.ar\/v1\/#website","url":"https:\/\/radioinfinitagoya.com.ar\/v1\/","name":"radioinfinitagoya.com.ar","description":"Radio de noticias","publisher":{"@id":"https:\/\/radioinfinitagoya.com.ar\/v1\/#organization"},"potentialAction":[{"@type":"SearchAction","target":{"@type":"EntryPoint","urlTemplate":"https:\/\/radioinfinitagoya.com.ar\/v1\/?s={search_term_string}"},"query-input":{"@type":"PropertyValueSpecification","valueRequired":true,"valueName":"search_term_string"}}],"inLanguage":"es-AR"},{"@type":"Organization","@id":"https:\/\/radioinfinitagoya.com.ar\/v1\/#organization","name":"Radio Infinita Goya","url":"https:\/\/radioinfinitagoya.com.ar\/v1\/","logo":{"@type":"ImageObject","inLanguage":"es-AR","@id":"https:\/\/radioinfinitagoya.com.ar\/v1\/#\/schema\/logo\/image\/","url":"https:\/\/radioinfinitagoya.com.ar\/v1\/wp-content\/uploads\/2019\/11\/logo-pie-web.png","contentUrl":"https:\/\/radioinfinitagoya.com.ar\/v1\/wp-content\/uploads\/2019\/11\/logo-pie-web.png","width":635,"height":326,"caption":"Radio Infinita Goya"},"image":{"@id":"https:\/\/radioinfinitagoya.com.ar\/v1\/#\/schema\/logo\/image\/"},"sameAs":["https:\/\/www.facebook.com\/p\/Infinita-Goya-100063870918311\/"]},{"@type":"Person","@id":"https:\/\/radioinfinitagoya.com.ar\/v1\/#\/schema\/person\/d4cf9c413d4f6edb24aabdccab49ca4a","name":"Jorge Mi\u00f1o","image":{"@type":"ImageObject","inLanguage":"es-AR","@id":"https:\/\/secure.gravatar.com\/avatar\/910fcf6728fe95320e07a6643c1581fec1c7fc4bf8ae12e3d8f0d0373dc844be?s=96&d=mm&r=g","url":"https:\/\/secure.gravatar.com\/avatar\/910fcf6728fe95320e07a6643c1581fec1c7fc4bf8ae12e3d8f0d0373dc844be?s=96&d=mm&r=g","contentUrl":"https:\/\/secure.gravatar.com\/avatar\/910fcf6728fe95320e07a6643c1581fec1c7fc4bf8ae12e3d8f0d0373dc844be?s=96&d=mm&r=g","caption":"Jorge Mi\u00f1o"},"sameAs":["http:\/\/radioinfinitagoya.com.ar"]}]}},"_links":{"self":[{"href":"https:\/\/radioinfinitagoya.com.ar\/v1\/wp-json\/wp\/v2\/posts\/193235","targetHints":{"allow":["GET"]}}],"collection":[{"href":"https:\/\/radioinfinitagoya.com.ar\/v1\/wp-json\/wp\/v2\/posts"}],"about":[{"href":"https:\/\/radioinfinitagoya.com.ar\/v1\/wp-json\/wp\/v2\/types\/post"}],"author":[{"embeddable":true,"href":"https:\/\/radioinfinitagoya.com.ar\/v1\/wp-json\/wp\/v2\/users\/4"}],"replies":[{"embeddable":true,"href":"https:\/\/radioinfinitagoya.com.ar\/v1\/wp-json\/wp\/v2\/comments?post=193235"}],"version-history":[{"count":0,"href":"https:\/\/radioinfinitagoya.com.ar\/v1\/wp-json\/wp\/v2\/posts\/193235\/revisions"}],"wp:featuredmedia":[{"embeddable":true,"href":"https:\/\/radioinfinitagoya.com.ar\/v1\/wp-json\/wp\/v2\/media\/193236"}],"wp:attachment":[{"href":"https:\/\/radioinfinitagoya.com.ar\/v1\/wp-json\/wp\/v2\/media?parent=193235"}],"wp:term":[{"taxonomy":"category","embeddable":true,"href":"https:\/\/radioinfinitagoya.com.ar\/v1\/wp-json\/wp\/v2\/categories?post=193235"},{"taxonomy":"post_tag","embeddable":true,"href":"https:\/\/radioinfinitagoya.com.ar\/v1\/wp-json\/wp\/v2\/tags?post=193235"}],"curies":[{"name":"wp","href":"https:\/\/api.w.org\/{rel}","templated":true}]}}