{"id":193238,"date":"2025-07-23T16:42:48","date_gmt":"2025-07-23T19:42:48","guid":{"rendered":"https:\/\/radioinfinitagoya.com.ar\/v1\/?p=193238"},"modified":"2025-07-23T16:42:48","modified_gmt":"2025-07-23T19:42:48","slug":"ruta-del-mercosur-corrientes-entre-las-afectadas-por-la-postergacion-de-la-licitacion","status":"publish","type":"post","link":"https:\/\/radioinfinitagoya.com.ar\/v1\/2025\/07\/23\/ruta-del-mercosur-corrientes-entre-las-afectadas-por-la-postergacion-de-la-licitacion\/","title":{"rendered":"Ruta del Mercosur: Corrientes entre las afectadas por la postergaci\u00f3n de la licitaci\u00f3n"},"content":{"rendered":"<p>La Secretar\u00eda de Transporte resolvi\u00f3 que la convocatoria permanecer\u00e1 abierta otro mes. El estrat\u00e9gico corredor es el primero que se privatizar\u00e1.<\/p>\n<p>El Gobierno posterg\u00f3 este mi\u00e9rcoles el proceso de la licitaci\u00f3n p\u00fablica nacional e internacional para concretar el pase a privados de 700 kil\u00f3metros de las llamadas rutas del Mercosur. La decisi\u00f3n se tom\u00f3 por una serie de cambios de las condiciones del concurso licitatorio.<\/p>\n<p>A trav\u00e9s de la resoluci\u00f3n 40, publicada en el Bolet\u00edn Oficial, la Secretar\u00eda de Transporte resolvi\u00f3 prorrogar la fecha de cierre de presentaciones y apertura de ofertas, para el tramo oriental y del tramo conexi\u00f3n del proyecto \u201cRed Federal de Concesiones-Etapa N\u00b0 1\u2033.<\/p>\n<p>Con la pr\u00f3rroga, la convocatoria permanecer\u00e1 abierta hasta el 8 de septiembre a las 12 y una hora despu\u00e9s se har\u00e1 la apertura del sobre 1 con las ofertas de los interesados mediante el sistema CONTRAT.AR.<\/p>\n<p>A finales de mayo, el Gobierno estableci\u00f3 que la fecha de cierre de presentaciones de ofertas ser\u00eda el 5 de agosto a las 12. Mientras la apertura del sobre 1 con las ofertas de los interesados estaba programada para las 13.<\/p>\n<p>Este proceso apunta a los interesados en \u201cla construcci\u00f3n, explotaci\u00f3n, administraci\u00f3n, reparaci\u00f3n, ampliaci\u00f3n, conservaci\u00f3n, mantenimiento, prestaci\u00f3n de servicios al usuario y la realizaci\u00f3n de nuevas explotaciones complementarias o colaterales que permitan obtener ingresos adicionales bajo el r\u00e9gimen de concesi\u00f3n de obra p\u00fablica por peaje\u201d.<\/p>\n<p>Ruta del Mercosur: qu\u00e9 tramos incluye el llamado a licitaci\u00f3n del Gobierno<\/p>\n<p>Este corredor es crucial no solo para la regi\u00f3n del Litoral argentino, sino tambi\u00e9n para la conexi\u00f3n con los pa\u00edses del Mercosur, vital para el comercio internacional<\/p>\n<p>Los tramos que ser\u00e1n licitados abarcan las siguientes rutas estrat\u00e9gicas:<\/p>\n<p>La ruta nacional 12, desde Z\u00e1rate hasta Ceibas y de Ceibas a Gualeguay;<br \/>\nLa ruta nacional 14, que conecta Ceibas con Paso de los Libres;<br \/>\nLa RN 135, entre Col\u00f3n y General Artigas;<br \/>\nLa ruta nacional A-015, que une Concordia con la Represa Salto Grande;<br \/>\nLa RN 117, desde Paso de los Libres hasta Agust\u00edn P. Justo y de all\u00ed al l\u00edmite internacional con Brasil;<br \/>\nLa RN 174, que vincula Rosario con Victoria.<\/p>\n<p>&nbsp;<\/p>\n<p>&nbsp;<\/p>\n","protected":false},"excerpt":{"rendered":"<p>La Secretar\u00eda de Transporte resolvi\u00f3 que la convocatoria permanecer\u00e1 abierta otro mes. El estrat\u00e9gico corredor es el primero que se privatizar\u00e1. El Gobierno posterg\u00f3 este mi\u00e9rcoles el proceso de la licitaci\u00f3n p\u00fablica nacional e internacional para concretar el pase a privados de 700 kil\u00f3metros de las llamadas rutas del Mercosur. La decisi\u00f3n se tom\u00f3 por [&hellip;]<\/p>\n","protected":false},"author":4,"featured_media":193239,"comment_status":"closed","ping_status":"closed","sticky":false,"template":"","format":"standard","meta":{"_joinchat":[],"footnotes":""},"categories":[26],"tags":[],"class_list":{"0":"post-193238","1":"post","2":"type-post","3":"status-publish","4":"format-standard","5":"has-post-thumbnail","7":"category-provinciales"},"yoast_head":"<!-- This site is optimized with the Yoast SEO plugin v27.2 - https:\/\/yoast.com\/product\/yoast-seo-wordpress\/ -->\n<title>Ruta del Mercosur: Corrientes entre las afectadas por la postergaci\u00f3n de la licitaci\u00f3n - Radio Infinita Goya<\/title>\n<meta name=\"description\" content=\"La Secretar\u00eda de Transporte resolvi\u00f3 que la convocatoria permanecer\u00e1 abierta otro mes. El estrat\u00e9gico corredor es el primero que se privatizar\u00e1. El\" \/>\n<meta name=\"robots\" content=\"index, follow, max-snippet:-1, max-image-preview:large, max-video-preview:-1\" \/>\n<link rel=\"canonical\" href=\"https:\/\/radioinfinitagoya.com.ar\/v1\/2025\/07\/23\/ruta-del-mercosur-corrientes-entre-las-afectadas-por-la-postergacion-de-la-licitacion\/\" \/>\n<meta property=\"og:locale\" content=\"es_ES\" \/>\n<meta property=\"og:type\" content=\"article\" \/>\n<meta property=\"og:title\" content=\"Ruta del Mercosur: Corrientes entre las afectadas por la postergaci\u00f3n de la licitaci\u00f3n - Radio Infinita Goya\" \/>\n<meta property=\"og:description\" content=\"La Secretar\u00eda de Transporte resolvi\u00f3 que la convocatoria permanecer\u00e1 abierta otro mes. El estrat\u00e9gico corredor es el primero que se privatizar\u00e1. El\" \/>\n<meta property=\"og:url\" content=\"https:\/\/radioinfinitagoya.com.ar\/v1\/2025\/07\/23\/ruta-del-mercosur-corrientes-entre-las-afectadas-por-la-postergacion-de-la-licitacion\/\" \/>\n<meta property=\"og:site_name\" content=\"Radio Infinita Goya\" \/>\n<meta property=\"article:publisher\" content=\"https:\/\/www.facebook.com\/p\/Infinita-Goya-100063870918311\/\" \/>\n<meta property=\"article:published_time\" content=\"2025-07-23T19:42:48+00:00\" \/>\n<meta property=\"og:image\" content=\"https:\/\/radioinfinitagoya.com.ar\/v1\/wp-content\/uploads\/2025\/07\/HYUIO.png\" \/>\n\t<meta property=\"og:image:width\" content=\"807\" \/>\n\t<meta property=\"og:image:height\" content=\"459\" \/>\n\t<meta property=\"og:image:type\" content=\"image\/png\" \/>\n<meta name=\"author\" content=\"Jorge Mi\u00f1o\" \/>\n<meta name=\"twitter:card\" content=\"summary_large_image\" \/>\n<meta name=\"twitter:label1\" content=\"Escrito por\" \/>\n\t<meta name=\"twitter:data1\" content=\"Jorge Mi\u00f1o\" \/>\n\t<meta name=\"twitter:label2\" content=\"Tiempo de lectura\" \/>\n\t<meta name=\"twitter:data2\" content=\"2 minutos\" \/>\n<script type=\"application\/ld+json\" class=\"yoast-schema-graph\">{\"@context\":\"https:\/\/schema.org\",\"@graph\":[{\"@type\":\"Article\",\"@id\":\"https:\/\/radioinfinitagoya.com.ar\/v1\/2025\/07\/23\/ruta-del-mercosur-corrientes-entre-las-afectadas-por-la-postergacion-de-la-licitacion\/#article\",\"isPartOf\":{\"@id\":\"https:\/\/radioinfinitagoya.com.ar\/v1\/2025\/07\/23\/ruta-del-mercosur-corrientes-entre-las-afectadas-por-la-postergacion-de-la-licitacion\/\"},\"author\":{\"name\":\"Jorge Mi\u00f1o\",\"@id\":\"https:\/\/radioinfinitagoya.com.ar\/v1\/#\/schema\/person\/d4cf9c413d4f6edb24aabdccab49ca4a\"},\"headline\":\"Ruta del Mercosur: Corrientes entre las afectadas por la postergaci\u00f3n de la licitaci\u00f3n\",\"datePublished\":\"2025-07-23T19:42:48+00:00\",\"mainEntityOfPage\":{\"@id\":\"https:\/\/radioinfinitagoya.com.ar\/v1\/2025\/07\/23\/ruta-del-mercosur-corrientes-entre-las-afectadas-por-la-postergacion-de-la-licitacion\/\"},\"wordCount\":391,\"publisher\":{\"@id\":\"https:\/\/radioinfinitagoya.com.ar\/v1\/#organization\"},\"image\":{\"@id\":\"https:\/\/radioinfinitagoya.com.ar\/v1\/2025\/07\/23\/ruta-del-mercosur-corrientes-entre-las-afectadas-por-la-postergacion-de-la-licitacion\/#primaryimage\"},\"thumbnailUrl\":\"https:\/\/radioinfinitagoya.com.ar\/v1\/wp-content\/uploads\/2025\/07\/HYUIO.png\",\"articleSection\":[\"PROVINCIALES\"],\"inLanguage\":\"es-AR\"},{\"@type\":\"WebPage\",\"@id\":\"https:\/\/radioinfinitagoya.com.ar\/v1\/2025\/07\/23\/ruta-del-mercosur-corrientes-entre-las-afectadas-por-la-postergacion-de-la-licitacion\/\",\"url\":\"https:\/\/radioinfinitagoya.com.ar\/v1\/2025\/07\/23\/ruta-del-mercosur-corrientes-entre-las-afectadas-por-la-postergacion-de-la-licitacion\/\",\"name\":\"Ruta del Mercosur: Corrientes entre las afectadas por la postergaci\u00f3n de la licitaci\u00f3n - Radio Infinita Goya\",\"isPartOf\":{\"@id\":\"https:\/\/radioinfinitagoya.com.ar\/v1\/#website\"},\"primaryImageOfPage\":{\"@id\":\"https:\/\/radioinfinitagoya.com.ar\/v1\/2025\/07\/23\/ruta-del-mercosur-corrientes-entre-las-afectadas-por-la-postergacion-de-la-licitacion\/#primaryimage\"},\"image\":{\"@id\":\"https:\/\/radioinfinitagoya.com.ar\/v1\/2025\/07\/23\/ruta-del-mercosur-corrientes-entre-las-afectadas-por-la-postergacion-de-la-licitacion\/#primaryimage\"},\"thumbnailUrl\":\"https:\/\/radioinfinitagoya.com.ar\/v1\/wp-content\/uploads\/2025\/07\/HYUIO.png\",\"datePublished\":\"2025-07-23T19:42:48+00:00\",\"description\":\"La Secretar\u00eda de Transporte resolvi\u00f3 que la convocatoria permanecer\u00e1 abierta otro mes. El estrat\u00e9gico corredor es el primero que se privatizar\u00e1. El\",\"breadcrumb\":{\"@id\":\"https:\/\/radioinfinitagoya.com.ar\/v1\/2025\/07\/23\/ruta-del-mercosur-corrientes-entre-las-afectadas-por-la-postergacion-de-la-licitacion\/#breadcrumb\"},\"inLanguage\":\"es-AR\",\"potentialAction\":[{\"@type\":\"ReadAction\",\"target\":[\"https:\/\/radioinfinitagoya.com.ar\/v1\/2025\/07\/23\/ruta-del-mercosur-corrientes-entre-las-afectadas-por-la-postergacion-de-la-licitacion\/\"]}]},{\"@type\":\"ImageObject\",\"inLanguage\":\"es-AR\",\"@id\":\"https:\/\/radioinfinitagoya.com.ar\/v1\/2025\/07\/23\/ruta-del-mercosur-corrientes-entre-las-afectadas-por-la-postergacion-de-la-licitacion\/#primaryimage\",\"url\":\"https:\/\/radioinfinitagoya.com.ar\/v1\/wp-content\/uploads\/2025\/07\/HYUIO.png\",\"contentUrl\":\"https:\/\/radioinfinitagoya.com.ar\/v1\/wp-content\/uploads\/2025\/07\/HYUIO.png\",\"width\":807,\"height\":459},{\"@type\":\"BreadcrumbList\",\"@id\":\"https:\/\/radioinfinitagoya.com.ar\/v1\/2025\/07\/23\/ruta-del-mercosur-corrientes-entre-las-afectadas-por-la-postergacion-de-la-licitacion\/#breadcrumb\",\"itemListElement\":[{\"@type\":\"ListItem\",\"position\":1,\"name\":\"Inicio\",\"item\":\"https:\/\/radioinfinitagoya.com.ar\/v1\/\"},{\"@type\":\"ListItem\",\"position\":2,\"name\":\"Ruta del Mercosur: Corrientes entre las afectadas por la postergaci\u00f3n de la licitaci\u00f3n\"}]},{\"@type\":\"WebSite\",\"@id\":\"https:\/\/radioinfinitagoya.com.ar\/v1\/#website\",\"url\":\"https:\/\/radioinfinitagoya.com.ar\/v1\/\",\"name\":\"radioinfinitagoya.com.ar\",\"description\":\"Radio de noticias\",\"publisher\":{\"@id\":\"https:\/\/radioinfinitagoya.com.ar\/v1\/#organization\"},\"potentialAction\":[{\"@type\":\"SearchAction\",\"target\":{\"@type\":\"EntryPoint\",\"urlTemplate\":\"https:\/\/radioinfinitagoya.com.ar\/v1\/?s={search_term_string}\"},\"query-input\":{\"@type\":\"PropertyValueSpecification\",\"valueRequired\":true,\"valueName\":\"search_term_string\"}}],\"inLanguage\":\"es-AR\"},{\"@type\":\"Organization\",\"@id\":\"https:\/\/radioinfinitagoya.com.ar\/v1\/#organization\",\"name\":\"Radio Infinita Goya\",\"url\":\"https:\/\/radioinfinitagoya.com.ar\/v1\/\",\"logo\":{\"@type\":\"ImageObject\",\"inLanguage\":\"es-AR\",\"@id\":\"https:\/\/radioinfinitagoya.com.ar\/v1\/#\/schema\/logo\/image\/\",\"url\":\"https:\/\/radioinfinitagoya.com.ar\/v1\/wp-content\/uploads\/2019\/11\/logo-pie-web.png\",\"contentUrl\":\"https:\/\/radioinfinitagoya.com.ar\/v1\/wp-content\/uploads\/2019\/11\/logo-pie-web.png\",\"width\":635,\"height\":326,\"caption\":\"Radio Infinita Goya\"},\"image\":{\"@id\":\"https:\/\/radioinfinitagoya.com.ar\/v1\/#\/schema\/logo\/image\/\"},\"sameAs\":[\"https:\/\/www.facebook.com\/p\/Infinita-Goya-100063870918311\/\"]},{\"@type\":\"Person\",\"@id\":\"https:\/\/radioinfinitagoya.com.ar\/v1\/#\/schema\/person\/d4cf9c413d4f6edb24aabdccab49ca4a\",\"name\":\"Jorge Mi\u00f1o\",\"image\":{\"@type\":\"ImageObject\",\"inLanguage\":\"es-AR\",\"@id\":\"https:\/\/secure.gravatar.com\/avatar\/910fcf6728fe95320e07a6643c1581fec1c7fc4bf8ae12e3d8f0d0373dc844be?s=96&d=mm&r=g\",\"url\":\"https:\/\/secure.gravatar.com\/avatar\/910fcf6728fe95320e07a6643c1581fec1c7fc4bf8ae12e3d8f0d0373dc844be?s=96&d=mm&r=g\",\"contentUrl\":\"https:\/\/secure.gravatar.com\/avatar\/910fcf6728fe95320e07a6643c1581fec1c7fc4bf8ae12e3d8f0d0373dc844be?s=96&d=mm&r=g\",\"caption\":\"Jorge Mi\u00f1o\"},\"sameAs\":[\"http:\/\/radioinfinitagoya.com.ar\"]}]}<\/script>\n<!-- \/ Yoast SEO plugin. -->","yoast_head_json":{"title":"Ruta del Mercosur: Corrientes entre las afectadas por la postergaci\u00f3n de la licitaci\u00f3n - Radio Infinita Goya","description":"La Secretar\u00eda de Transporte resolvi\u00f3 que la convocatoria permanecer\u00e1 abierta otro mes. El estrat\u00e9gico corredor es el primero que se privatizar\u00e1. El","robots":{"index":"index","follow":"follow","max-snippet":"max-snippet:-1","max-image-preview":"max-image-preview:large","max-video-preview":"max-video-preview:-1"},"canonical":"https:\/\/radioinfinitagoya.com.ar\/v1\/2025\/07\/23\/ruta-del-mercosur-corrientes-entre-las-afectadas-por-la-postergacion-de-la-licitacion\/","og_locale":"es_ES","og_type":"article","og_title":"Ruta del Mercosur: Corrientes entre las afectadas por la postergaci\u00f3n de la licitaci\u00f3n - Radio Infinita Goya","og_description":"La Secretar\u00eda de Transporte resolvi\u00f3 que la convocatoria permanecer\u00e1 abierta otro mes. El estrat\u00e9gico corredor es el primero que se privatizar\u00e1. El","og_url":"https:\/\/radioinfinitagoya.com.ar\/v1\/2025\/07\/23\/ruta-del-mercosur-corrientes-entre-las-afectadas-por-la-postergacion-de-la-licitacion\/","og_site_name":"Radio Infinita Goya","article_publisher":"https:\/\/www.facebook.com\/p\/Infinita-Goya-100063870918311\/","article_published_time":"2025-07-23T19:42:48+00:00","og_image":[{"width":807,"height":459,"url":"https:\/\/radioinfinitagoya.com.ar\/v1\/wp-content\/uploads\/2025\/07\/HYUIO.png","type":"image\/png"}],"author":"Jorge Mi\u00f1o","twitter_card":"summary_large_image","twitter_misc":{"Escrito por":"Jorge Mi\u00f1o","Tiempo de lectura":"2 minutos"},"schema":{"@context":"https:\/\/schema.org","@graph":[{"@type":"Article","@id":"https:\/\/radioinfinitagoya.com.ar\/v1\/2025\/07\/23\/ruta-del-mercosur-corrientes-entre-las-afectadas-por-la-postergacion-de-la-licitacion\/#article","isPartOf":{"@id":"https:\/\/radioinfinitagoya.com.ar\/v1\/2025\/07\/23\/ruta-del-mercosur-corrientes-entre-las-afectadas-por-la-postergacion-de-la-licitacion\/"},"author":{"name":"Jorge Mi\u00f1o","@id":"https:\/\/radioinfinitagoya.com.ar\/v1\/#\/schema\/person\/d4cf9c413d4f6edb24aabdccab49ca4a"},"headline":"Ruta del Mercosur: Corrientes entre las afectadas por la postergaci\u00f3n de la licitaci\u00f3n","datePublished":"2025-07-23T19:42:48+00:00","mainEntityOfPage":{"@id":"https:\/\/radioinfinitagoya.com.ar\/v1\/2025\/07\/23\/ruta-del-mercosur-corrientes-entre-las-afectadas-por-la-postergacion-de-la-licitacion\/"},"wordCount":391,"publisher":{"@id":"https:\/\/radioinfinitagoya.com.ar\/v1\/#organization"},"image":{"@id":"https:\/\/radioinfinitagoya.com.ar\/v1\/2025\/07\/23\/ruta-del-mercosur-corrientes-entre-las-afectadas-por-la-postergacion-de-la-licitacion\/#primaryimage"},"thumbnailUrl":"https:\/\/radioinfinitagoya.com.ar\/v1\/wp-content\/uploads\/2025\/07\/HYUIO.png","articleSection":["PROVINCIALES"],"inLanguage":"es-AR"},{"@type":"WebPage","@id":"https:\/\/radioinfinitagoya.com.ar\/v1\/2025\/07\/23\/ruta-del-mercosur-corrientes-entre-las-afectadas-por-la-postergacion-de-la-licitacion\/","url":"https:\/\/radioinfinitagoya.com.ar\/v1\/2025\/07\/23\/ruta-del-mercosur-corrientes-entre-las-afectadas-por-la-postergacion-de-la-licitacion\/","name":"Ruta del Mercosur: Corrientes entre las afectadas por la postergaci\u00f3n de la licitaci\u00f3n - Radio Infinita Goya","isPartOf":{"@id":"https:\/\/radioinfinitagoya.com.ar\/v1\/#website"},"primaryImageOfPage":{"@id":"https:\/\/radioinfinitagoya.com.ar\/v1\/2025\/07\/23\/ruta-del-mercosur-corrientes-entre-las-afectadas-por-la-postergacion-de-la-licitacion\/#primaryimage"},"image":{"@id":"https:\/\/radioinfinitagoya.com.ar\/v1\/2025\/07\/23\/ruta-del-mercosur-corrientes-entre-las-afectadas-por-la-postergacion-de-la-licitacion\/#primaryimage"},"thumbnailUrl":"https:\/\/radioinfinitagoya.com.ar\/v1\/wp-content\/uploads\/2025\/07\/HYUIO.png","datePublished":"2025-07-23T19:42:48+00:00","description":"La Secretar\u00eda de Transporte resolvi\u00f3 que la convocatoria permanecer\u00e1 abierta otro mes. El estrat\u00e9gico corredor es el primero que se privatizar\u00e1. El","breadcrumb":{"@id":"https:\/\/radioinfinitagoya.com.ar\/v1\/2025\/07\/23\/ruta-del-mercosur-corrientes-entre-las-afectadas-por-la-postergacion-de-la-licitacion\/#breadcrumb"},"inLanguage":"es-AR","potentialAction":[{"@type":"ReadAction","target":["https:\/\/radioinfinitagoya.com.ar\/v1\/2025\/07\/23\/ruta-del-mercosur-corrientes-entre-las-afectadas-por-la-postergacion-de-la-licitacion\/"]}]},{"@type":"ImageObject","inLanguage":"es-AR","@id":"https:\/\/radioinfinitagoya.com.ar\/v1\/2025\/07\/23\/ruta-del-mercosur-corrientes-entre-las-afectadas-por-la-postergacion-de-la-licitacion\/#primaryimage","url":"https:\/\/radioinfinitagoya.com.ar\/v1\/wp-content\/uploads\/2025\/07\/HYUIO.png","contentUrl":"https:\/\/radioinfinitagoya.com.ar\/v1\/wp-content\/uploads\/2025\/07\/HYUIO.png","width":807,"height":459},{"@type":"BreadcrumbList","@id":"https:\/\/radioinfinitagoya.com.ar\/v1\/2025\/07\/23\/ruta-del-mercosur-corrientes-entre-las-afectadas-por-la-postergacion-de-la-licitacion\/#breadcrumb","itemListElement":[{"@type":"ListItem","position":1,"name":"Inicio","item":"https:\/\/radioinfinitagoya.com.ar\/v1\/"},{"@type":"ListItem","position":2,"name":"Ruta del Mercosur: Corrientes entre las afectadas por la postergaci\u00f3n de la licitaci\u00f3n"}]},{"@type":"WebSite","@id":"https:\/\/radioinfinitagoya.com.ar\/v1\/#website","url":"https:\/\/radioinfinitagoya.com.ar\/v1\/","name":"radioinfinitagoya.com.ar","description":"Radio de noticias","publisher":{"@id":"https:\/\/radioinfinitagoya.com.ar\/v1\/#organization"},"potentialAction":[{"@type":"SearchAction","target":{"@type":"EntryPoint","urlTemplate":"https:\/\/radioinfinitagoya.com.ar\/v1\/?s={search_term_string}"},"query-input":{"@type":"PropertyValueSpecification","valueRequired":true,"valueName":"search_term_string"}}],"inLanguage":"es-AR"},{"@type":"Organization","@id":"https:\/\/radioinfinitagoya.com.ar\/v1\/#organization","name":"Radio Infinita Goya","url":"https:\/\/radioinfinitagoya.com.ar\/v1\/","logo":{"@type":"ImageObject","inLanguage":"es-AR","@id":"https:\/\/radioinfinitagoya.com.ar\/v1\/#\/schema\/logo\/image\/","url":"https:\/\/radioinfinitagoya.com.ar\/v1\/wp-content\/uploads\/2019\/11\/logo-pie-web.png","contentUrl":"https:\/\/radioinfinitagoya.com.ar\/v1\/wp-content\/uploads\/2019\/11\/logo-pie-web.png","width":635,"height":326,"caption":"Radio Infinita Goya"},"image":{"@id":"https:\/\/radioinfinitagoya.com.ar\/v1\/#\/schema\/logo\/image\/"},"sameAs":["https:\/\/www.facebook.com\/p\/Infinita-Goya-100063870918311\/"]},{"@type":"Person","@id":"https:\/\/radioinfinitagoya.com.ar\/v1\/#\/schema\/person\/d4cf9c413d4f6edb24aabdccab49ca4a","name":"Jorge Mi\u00f1o","image":{"@type":"ImageObject","inLanguage":"es-AR","@id":"https:\/\/secure.gravatar.com\/avatar\/910fcf6728fe95320e07a6643c1581fec1c7fc4bf8ae12e3d8f0d0373dc844be?s=96&d=mm&r=g","url":"https:\/\/secure.gravatar.com\/avatar\/910fcf6728fe95320e07a6643c1581fec1c7fc4bf8ae12e3d8f0d0373dc844be?s=96&d=mm&r=g","contentUrl":"https:\/\/secure.gravatar.com\/avatar\/910fcf6728fe95320e07a6643c1581fec1c7fc4bf8ae12e3d8f0d0373dc844be?s=96&d=mm&r=g","caption":"Jorge Mi\u00f1o"},"sameAs":["http:\/\/radioinfinitagoya.com.ar"]}]}},"_links":{"self":[{"href":"https:\/\/radioinfinitagoya.com.ar\/v1\/wp-json\/wp\/v2\/posts\/193238","targetHints":{"allow":["GET"]}}],"collection":[{"href":"https:\/\/radioinfinitagoya.com.ar\/v1\/wp-json\/wp\/v2\/posts"}],"about":[{"href":"https:\/\/radioinfinitagoya.com.ar\/v1\/wp-json\/wp\/v2\/types\/post"}],"author":[{"embeddable":true,"href":"https:\/\/radioinfinitagoya.com.ar\/v1\/wp-json\/wp\/v2\/users\/4"}],"replies":[{"embeddable":true,"href":"https:\/\/radioinfinitagoya.com.ar\/v1\/wp-json\/wp\/v2\/comments?post=193238"}],"version-history":[{"count":0,"href":"https:\/\/radioinfinitagoya.com.ar\/v1\/wp-json\/wp\/v2\/posts\/193238\/revisions"}],"wp:featuredmedia":[{"embeddable":true,"href":"https:\/\/radioinfinitagoya.com.ar\/v1\/wp-json\/wp\/v2\/media\/193239"}],"wp:attachment":[{"href":"https:\/\/radioinfinitagoya.com.ar\/v1\/wp-json\/wp\/v2\/media?parent=193238"}],"wp:term":[{"taxonomy":"category","embeddable":true,"href":"https:\/\/radioinfinitagoya.com.ar\/v1\/wp-json\/wp\/v2\/categories?post=193238"},{"taxonomy":"post_tag","embeddable":true,"href":"https:\/\/radioinfinitagoya.com.ar\/v1\/wp-json\/wp\/v2\/tags?post=193238"}],"curies":[{"name":"wp","href":"https:\/\/api.w.org\/{rel}","templated":true}]}}