{"id":193247,"date":"2025-07-23T17:00:21","date_gmt":"2025-07-23T20:00:21","guid":{"rendered":"https:\/\/radioinfinitagoya.com.ar\/v1\/?p=193247"},"modified":"2025-07-23T17:00:21","modified_gmt":"2025-07-23T20:00:21","slug":"filmaron-turistas-cuando-vandalizaban-rocas-en-mendoza","status":"publish","type":"post","link":"https:\/\/radioinfinitagoya.com.ar\/v1\/2025\/07\/23\/filmaron-turistas-cuando-vandalizaban-rocas-en-mendoza\/","title":{"rendered":"Filmaron turistas cuando vandalizaban rocas en Mendoza"},"content":{"rendered":"<p>&#8220;No sab\u00edamos que no se pod\u00eda&#8221;<\/p>\n<p>Ocurri\u00f3 en la zona del dique Potrerillos, uno de los puntos tur\u00edsticos m\u00e1s emblem\u00e1ticos de la provincia. Un conductor grab\u00f3 a la pareja que uso aerosol para pintar sus nombres.<\/p>\n<p>Una pareja de turistas fue registrada en un video mientras vandalizaba rocas con grafitis en la zona del dique Potrerillos, uno de los puntos tur\u00edsticos m\u00e1s emblem\u00e1ticos de Mendoza. El hecho ocurri\u00f3 el fin de semana sobre la Ruta Nacional 7 y gener\u00f3 un fuerte repudio en redes sociales.<\/p>\n<p>Las im\u00e1genes, tomadas desde un auto por un conductor que pasaba por el lugar, muestran el momento en que los visitantes escriben sus nombres con aerosol sobre piedras que forman parte del entorno natural. Al ser increpados, uno de ellos intent\u00f3 justificarse: &#8220;No sab\u00edamos que no se pod\u00eda&#8221;.<\/p>\n<p>&#8220;\u00bfC\u00f3mo vas a hacer eso, viejo? Te voy a escrachar en todos lados&#8221;, se escucha decir al automovilista, visiblemente indignado.<\/p>\n<p>El video fue compartido en redes sociales y r\u00e1pidamente se volvi\u00f3 viral. Muchos usuarios se\u00f1alaron que este tipo de conductas son frecuentes en la zona, pese a que est\u00e1n expresamente prohibidas por normativas ambientales.<\/p>\n<p>Un problema que se repite<\/p>\n<p>El hecho ocurri\u00f3 sobre la Ruta Nacional 7 en las inmediaciones del mencionado embalse, ubicado a unos 30 kil\u00f3metros al sudeste de la ciudad de Mendoza. Se trata de una de las zonas m\u00e1s visitadas por turistas, a pocos kil\u00f3metros de la ciudad de Mendoza. Potrerillos es reconocido por su dique, su cercan\u00eda con la Cordillera de los Andes y sus paisajes imponentes.<\/p>\n<p>Pese a las campa\u00f1as de concientizaci\u00f3n impulsadas por autoridades y organizaciones ambientalistas, los actos vand\u00e1licos en la naturaleza son frecuentes. Pintadas, inscripciones y manchas sobre piedras, \u00e1rboles o carteles son denunciadas de forma reiterada por vecinos y ambientalistas.<\/p>\n<p>En este caso, aunque a\u00fan no hay una denuncia formal ni actuaci\u00f3n oficial confirmada, el video deja evidencia de una infracci\u00f3n a la normativa vigente y reabre el debate sobre la necesidad de reforzar los controles y la educaci\u00f3n ambiental en zonas protegidas.<\/p>\n<p>Qu\u00e9 dice la ley en Mendoza<\/p>\n<p>Desde el Gobierno provincial confirmaron a TN que se enteraron del hecho por la difusi\u00f3n del video. Ahora, la Justicia Contravencional deber\u00e1 actuar de oficio y evaluar las sanciones correspondientes.<\/p>\n<p>En Mendoza, pintar o da\u00f1ar rocas est\u00e1 prohibido por la Ley 6.045, que regula el R\u00e9gimen de \u00c1reas Naturales y protege el patrimonio natural y paisajes de la provincia. Adem\u00e1s, la Ley 5.961 considera de inter\u00e9s provincial la conservaci\u00f3n del ambiente en su totalidad, incluyendo formaciones geol\u00f3gicas.<\/p>\n<p>El C\u00f3digo Contravencional de Mendoza (Ley 9.099) establece sanciones para quienes cometan actos que perjudiquen el entorno natural, incluso si no hay intenci\u00f3n de da\u00f1ar. Las penas pueden incluir multas econ\u00f3micas, arresto y la obligaci\u00f3n de reparar el da\u00f1o causado.<\/p>\n","protected":false},"excerpt":{"rendered":"<p>&#8220;No sab\u00edamos que no se pod\u00eda&#8221; Ocurri\u00f3 en la zona del dique Potrerillos, uno de los puntos tur\u00edsticos m\u00e1s emblem\u00e1ticos de la provincia. Un conductor grab\u00f3 a la pareja que uso aerosol para pintar sus nombres. Una pareja de turistas fue registrada en un video mientras vandalizaba rocas con grafitis en la zona del dique [&hellip;]<\/p>\n","protected":false},"author":4,"featured_media":193248,"comment_status":"closed","ping_status":"closed","sticky":false,"template":"","format":"standard","meta":{"_joinchat":[],"footnotes":""},"categories":[29],"tags":[],"class_list":{"0":"post-193247","1":"post","2":"type-post","3":"status-publish","4":"format-standard","5":"has-post-thumbnail","7":"category-nacionales"},"yoast_head":"<!-- This site is optimized with the Yoast SEO plugin v27.2 - https:\/\/yoast.com\/product\/yoast-seo-wordpress\/ -->\n<title>Filmaron turistas cuando vandalizaban rocas en Mendoza - Radio Infinita Goya<\/title>\n<meta name=\"description\" content=\"&quot;No sab\u00edamos que no se pod\u00eda&quot; Ocurri\u00f3 en la zona del dique Potrerillos, uno de los puntos tur\u00edsticos m\u00e1s emblem\u00e1ticos de la provincia. Un conductor grab\u00f3\" \/>\n<meta name=\"robots\" content=\"index, follow, max-snippet:-1, max-image-preview:large, max-video-preview:-1\" \/>\n<link rel=\"canonical\" href=\"https:\/\/radioinfinitagoya.com.ar\/v1\/2025\/07\/23\/filmaron-turistas-cuando-vandalizaban-rocas-en-mendoza\/\" \/>\n<meta property=\"og:locale\" content=\"es_ES\" \/>\n<meta property=\"og:type\" content=\"article\" \/>\n<meta property=\"og:title\" content=\"Filmaron turistas cuando vandalizaban rocas en Mendoza - Radio Infinita Goya\" \/>\n<meta property=\"og:description\" content=\"&quot;No sab\u00edamos que no se pod\u00eda&quot; Ocurri\u00f3 en la zona del dique Potrerillos, uno de los puntos tur\u00edsticos m\u00e1s emblem\u00e1ticos de la provincia. Un conductor grab\u00f3\" \/>\n<meta property=\"og:url\" content=\"https:\/\/radioinfinitagoya.com.ar\/v1\/2025\/07\/23\/filmaron-turistas-cuando-vandalizaban-rocas-en-mendoza\/\" \/>\n<meta property=\"og:site_name\" content=\"Radio Infinita Goya\" \/>\n<meta property=\"article:publisher\" content=\"https:\/\/www.facebook.com\/p\/Infinita-Goya-100063870918311\/\" \/>\n<meta property=\"article:published_time\" content=\"2025-07-23T20:00:21+00:00\" \/>\n<meta property=\"og:image\" content=\"https:\/\/radioinfinitagoya.com.ar\/v1\/wp-content\/uploads\/2025\/07\/xkiUu0lU.jpg\" \/>\n\t<meta property=\"og:image:width\" content=\"680\" \/>\n\t<meta property=\"og:image:height\" content=\"381\" \/>\n\t<meta property=\"og:image:type\" content=\"image\/jpeg\" \/>\n<meta name=\"author\" content=\"Jorge Mi\u00f1o\" \/>\n<meta name=\"twitter:card\" content=\"summary_large_image\" \/>\n<meta name=\"twitter:label1\" content=\"Escrito por\" \/>\n\t<meta name=\"twitter:data1\" content=\"Jorge Mi\u00f1o\" \/>\n\t<meta name=\"twitter:label2\" content=\"Tiempo de lectura\" \/>\n\t<meta name=\"twitter:data2\" content=\"3 minutos\" \/>\n<script type=\"application\/ld+json\" class=\"yoast-schema-graph\">{\"@context\":\"https:\/\/schema.org\",\"@graph\":[{\"@type\":\"Article\",\"@id\":\"https:\/\/radioinfinitagoya.com.ar\/v1\/2025\/07\/23\/filmaron-turistas-cuando-vandalizaban-rocas-en-mendoza\/#article\",\"isPartOf\":{\"@id\":\"https:\/\/radioinfinitagoya.com.ar\/v1\/2025\/07\/23\/filmaron-turistas-cuando-vandalizaban-rocas-en-mendoza\/\"},\"author\":{\"name\":\"Jorge Mi\u00f1o\",\"@id\":\"https:\/\/radioinfinitagoya.com.ar\/v1\/#\/schema\/person\/d4cf9c413d4f6edb24aabdccab49ca4a\"},\"headline\":\"Filmaron turistas cuando vandalizaban rocas en Mendoza\",\"datePublished\":\"2025-07-23T20:00:21+00:00\",\"mainEntityOfPage\":{\"@id\":\"https:\/\/radioinfinitagoya.com.ar\/v1\/2025\/07\/23\/filmaron-turistas-cuando-vandalizaban-rocas-en-mendoza\/\"},\"wordCount\":499,\"publisher\":{\"@id\":\"https:\/\/radioinfinitagoya.com.ar\/v1\/#organization\"},\"image\":{\"@id\":\"https:\/\/radioinfinitagoya.com.ar\/v1\/2025\/07\/23\/filmaron-turistas-cuando-vandalizaban-rocas-en-mendoza\/#primaryimage\"},\"thumbnailUrl\":\"https:\/\/radioinfinitagoya.com.ar\/v1\/wp-content\/uploads\/2025\/07\/xkiUu0lU.jpg\",\"articleSection\":[\"NACIONALES\"],\"inLanguage\":\"es-AR\"},{\"@type\":\"WebPage\",\"@id\":\"https:\/\/radioinfinitagoya.com.ar\/v1\/2025\/07\/23\/filmaron-turistas-cuando-vandalizaban-rocas-en-mendoza\/\",\"url\":\"https:\/\/radioinfinitagoya.com.ar\/v1\/2025\/07\/23\/filmaron-turistas-cuando-vandalizaban-rocas-en-mendoza\/\",\"name\":\"Filmaron turistas cuando vandalizaban rocas en Mendoza - Radio Infinita Goya\",\"isPartOf\":{\"@id\":\"https:\/\/radioinfinitagoya.com.ar\/v1\/#website\"},\"primaryImageOfPage\":{\"@id\":\"https:\/\/radioinfinitagoya.com.ar\/v1\/2025\/07\/23\/filmaron-turistas-cuando-vandalizaban-rocas-en-mendoza\/#primaryimage\"},\"image\":{\"@id\":\"https:\/\/radioinfinitagoya.com.ar\/v1\/2025\/07\/23\/filmaron-turistas-cuando-vandalizaban-rocas-en-mendoza\/#primaryimage\"},\"thumbnailUrl\":\"https:\/\/radioinfinitagoya.com.ar\/v1\/wp-content\/uploads\/2025\/07\/xkiUu0lU.jpg\",\"datePublished\":\"2025-07-23T20:00:21+00:00\",\"description\":\"\\\"No sab\u00edamos que no se pod\u00eda\\\" Ocurri\u00f3 en la zona del dique Potrerillos, uno de los puntos tur\u00edsticos m\u00e1s emblem\u00e1ticos de la provincia. Un conductor grab\u00f3\",\"breadcrumb\":{\"@id\":\"https:\/\/radioinfinitagoya.com.ar\/v1\/2025\/07\/23\/filmaron-turistas-cuando-vandalizaban-rocas-en-mendoza\/#breadcrumb\"},\"inLanguage\":\"es-AR\",\"potentialAction\":[{\"@type\":\"ReadAction\",\"target\":[\"https:\/\/radioinfinitagoya.com.ar\/v1\/2025\/07\/23\/filmaron-turistas-cuando-vandalizaban-rocas-en-mendoza\/\"]}]},{\"@type\":\"ImageObject\",\"inLanguage\":\"es-AR\",\"@id\":\"https:\/\/radioinfinitagoya.com.ar\/v1\/2025\/07\/23\/filmaron-turistas-cuando-vandalizaban-rocas-en-mendoza\/#primaryimage\",\"url\":\"https:\/\/radioinfinitagoya.com.ar\/v1\/wp-content\/uploads\/2025\/07\/xkiUu0lU.jpg\",\"contentUrl\":\"https:\/\/radioinfinitagoya.com.ar\/v1\/wp-content\/uploads\/2025\/07\/xkiUu0lU.jpg\",\"width\":680,\"height\":381},{\"@type\":\"BreadcrumbList\",\"@id\":\"https:\/\/radioinfinitagoya.com.ar\/v1\/2025\/07\/23\/filmaron-turistas-cuando-vandalizaban-rocas-en-mendoza\/#breadcrumb\",\"itemListElement\":[{\"@type\":\"ListItem\",\"position\":1,\"name\":\"Inicio\",\"item\":\"https:\/\/radioinfinitagoya.com.ar\/v1\/\"},{\"@type\":\"ListItem\",\"position\":2,\"name\":\"Filmaron turistas cuando vandalizaban rocas en Mendoza\"}]},{\"@type\":\"WebSite\",\"@id\":\"https:\/\/radioinfinitagoya.com.ar\/v1\/#website\",\"url\":\"https:\/\/radioinfinitagoya.com.ar\/v1\/\",\"name\":\"radioinfinitagoya.com.ar\",\"description\":\"Radio de noticias\",\"publisher\":{\"@id\":\"https:\/\/radioinfinitagoya.com.ar\/v1\/#organization\"},\"potentialAction\":[{\"@type\":\"SearchAction\",\"target\":{\"@type\":\"EntryPoint\",\"urlTemplate\":\"https:\/\/radioinfinitagoya.com.ar\/v1\/?s={search_term_string}\"},\"query-input\":{\"@type\":\"PropertyValueSpecification\",\"valueRequired\":true,\"valueName\":\"search_term_string\"}}],\"inLanguage\":\"es-AR\"},{\"@type\":\"Organization\",\"@id\":\"https:\/\/radioinfinitagoya.com.ar\/v1\/#organization\",\"name\":\"Radio Infinita Goya\",\"url\":\"https:\/\/radioinfinitagoya.com.ar\/v1\/\",\"logo\":{\"@type\":\"ImageObject\",\"inLanguage\":\"es-AR\",\"@id\":\"https:\/\/radioinfinitagoya.com.ar\/v1\/#\/schema\/logo\/image\/\",\"url\":\"https:\/\/radioinfinitagoya.com.ar\/v1\/wp-content\/uploads\/2019\/11\/logo-pie-web.png\",\"contentUrl\":\"https:\/\/radioinfinitagoya.com.ar\/v1\/wp-content\/uploads\/2019\/11\/logo-pie-web.png\",\"width\":635,\"height\":326,\"caption\":\"Radio Infinita Goya\"},\"image\":{\"@id\":\"https:\/\/radioinfinitagoya.com.ar\/v1\/#\/schema\/logo\/image\/\"},\"sameAs\":[\"https:\/\/www.facebook.com\/p\/Infinita-Goya-100063870918311\/\"]},{\"@type\":\"Person\",\"@id\":\"https:\/\/radioinfinitagoya.com.ar\/v1\/#\/schema\/person\/d4cf9c413d4f6edb24aabdccab49ca4a\",\"name\":\"Jorge Mi\u00f1o\",\"image\":{\"@type\":\"ImageObject\",\"inLanguage\":\"es-AR\",\"@id\":\"https:\/\/secure.gravatar.com\/avatar\/910fcf6728fe95320e07a6643c1581fec1c7fc4bf8ae12e3d8f0d0373dc844be?s=96&d=mm&r=g\",\"url\":\"https:\/\/secure.gravatar.com\/avatar\/910fcf6728fe95320e07a6643c1581fec1c7fc4bf8ae12e3d8f0d0373dc844be?s=96&d=mm&r=g\",\"contentUrl\":\"https:\/\/secure.gravatar.com\/avatar\/910fcf6728fe95320e07a6643c1581fec1c7fc4bf8ae12e3d8f0d0373dc844be?s=96&d=mm&r=g\",\"caption\":\"Jorge Mi\u00f1o\"},\"sameAs\":[\"http:\/\/radioinfinitagoya.com.ar\"]}]}<\/script>\n<!-- \/ Yoast SEO plugin. -->","yoast_head_json":{"title":"Filmaron turistas cuando vandalizaban rocas en Mendoza - Radio Infinita Goya","description":"\"No sab\u00edamos que no se pod\u00eda\" Ocurri\u00f3 en la zona del dique Potrerillos, uno de los puntos tur\u00edsticos m\u00e1s emblem\u00e1ticos de la provincia. Un conductor grab\u00f3","robots":{"index":"index","follow":"follow","max-snippet":"max-snippet:-1","max-image-preview":"max-image-preview:large","max-video-preview":"max-video-preview:-1"},"canonical":"https:\/\/radioinfinitagoya.com.ar\/v1\/2025\/07\/23\/filmaron-turistas-cuando-vandalizaban-rocas-en-mendoza\/","og_locale":"es_ES","og_type":"article","og_title":"Filmaron turistas cuando vandalizaban rocas en Mendoza - Radio Infinita Goya","og_description":"\"No sab\u00edamos que no se pod\u00eda\" Ocurri\u00f3 en la zona del dique Potrerillos, uno de los puntos tur\u00edsticos m\u00e1s emblem\u00e1ticos de la provincia. Un conductor grab\u00f3","og_url":"https:\/\/radioinfinitagoya.com.ar\/v1\/2025\/07\/23\/filmaron-turistas-cuando-vandalizaban-rocas-en-mendoza\/","og_site_name":"Radio Infinita Goya","article_publisher":"https:\/\/www.facebook.com\/p\/Infinita-Goya-100063870918311\/","article_published_time":"2025-07-23T20:00:21+00:00","og_image":[{"width":680,"height":381,"url":"https:\/\/radioinfinitagoya.com.ar\/v1\/wp-content\/uploads\/2025\/07\/xkiUu0lU.jpg","type":"image\/jpeg"}],"author":"Jorge Mi\u00f1o","twitter_card":"summary_large_image","twitter_misc":{"Escrito por":"Jorge Mi\u00f1o","Tiempo de lectura":"3 minutos"},"schema":{"@context":"https:\/\/schema.org","@graph":[{"@type":"Article","@id":"https:\/\/radioinfinitagoya.com.ar\/v1\/2025\/07\/23\/filmaron-turistas-cuando-vandalizaban-rocas-en-mendoza\/#article","isPartOf":{"@id":"https:\/\/radioinfinitagoya.com.ar\/v1\/2025\/07\/23\/filmaron-turistas-cuando-vandalizaban-rocas-en-mendoza\/"},"author":{"name":"Jorge Mi\u00f1o","@id":"https:\/\/radioinfinitagoya.com.ar\/v1\/#\/schema\/person\/d4cf9c413d4f6edb24aabdccab49ca4a"},"headline":"Filmaron turistas cuando vandalizaban rocas en Mendoza","datePublished":"2025-07-23T20:00:21+00:00","mainEntityOfPage":{"@id":"https:\/\/radioinfinitagoya.com.ar\/v1\/2025\/07\/23\/filmaron-turistas-cuando-vandalizaban-rocas-en-mendoza\/"},"wordCount":499,"publisher":{"@id":"https:\/\/radioinfinitagoya.com.ar\/v1\/#organization"},"image":{"@id":"https:\/\/radioinfinitagoya.com.ar\/v1\/2025\/07\/23\/filmaron-turistas-cuando-vandalizaban-rocas-en-mendoza\/#primaryimage"},"thumbnailUrl":"https:\/\/radioinfinitagoya.com.ar\/v1\/wp-content\/uploads\/2025\/07\/xkiUu0lU.jpg","articleSection":["NACIONALES"],"inLanguage":"es-AR"},{"@type":"WebPage","@id":"https:\/\/radioinfinitagoya.com.ar\/v1\/2025\/07\/23\/filmaron-turistas-cuando-vandalizaban-rocas-en-mendoza\/","url":"https:\/\/radioinfinitagoya.com.ar\/v1\/2025\/07\/23\/filmaron-turistas-cuando-vandalizaban-rocas-en-mendoza\/","name":"Filmaron turistas cuando vandalizaban rocas en Mendoza - Radio Infinita Goya","isPartOf":{"@id":"https:\/\/radioinfinitagoya.com.ar\/v1\/#website"},"primaryImageOfPage":{"@id":"https:\/\/radioinfinitagoya.com.ar\/v1\/2025\/07\/23\/filmaron-turistas-cuando-vandalizaban-rocas-en-mendoza\/#primaryimage"},"image":{"@id":"https:\/\/radioinfinitagoya.com.ar\/v1\/2025\/07\/23\/filmaron-turistas-cuando-vandalizaban-rocas-en-mendoza\/#primaryimage"},"thumbnailUrl":"https:\/\/radioinfinitagoya.com.ar\/v1\/wp-content\/uploads\/2025\/07\/xkiUu0lU.jpg","datePublished":"2025-07-23T20:00:21+00:00","description":"\"No sab\u00edamos que no se pod\u00eda\" Ocurri\u00f3 en la zona del dique Potrerillos, uno de los puntos tur\u00edsticos m\u00e1s emblem\u00e1ticos de la provincia. Un conductor grab\u00f3","breadcrumb":{"@id":"https:\/\/radioinfinitagoya.com.ar\/v1\/2025\/07\/23\/filmaron-turistas-cuando-vandalizaban-rocas-en-mendoza\/#breadcrumb"},"inLanguage":"es-AR","potentialAction":[{"@type":"ReadAction","target":["https:\/\/radioinfinitagoya.com.ar\/v1\/2025\/07\/23\/filmaron-turistas-cuando-vandalizaban-rocas-en-mendoza\/"]}]},{"@type":"ImageObject","inLanguage":"es-AR","@id":"https:\/\/radioinfinitagoya.com.ar\/v1\/2025\/07\/23\/filmaron-turistas-cuando-vandalizaban-rocas-en-mendoza\/#primaryimage","url":"https:\/\/radioinfinitagoya.com.ar\/v1\/wp-content\/uploads\/2025\/07\/xkiUu0lU.jpg","contentUrl":"https:\/\/radioinfinitagoya.com.ar\/v1\/wp-content\/uploads\/2025\/07\/xkiUu0lU.jpg","width":680,"height":381},{"@type":"BreadcrumbList","@id":"https:\/\/radioinfinitagoya.com.ar\/v1\/2025\/07\/23\/filmaron-turistas-cuando-vandalizaban-rocas-en-mendoza\/#breadcrumb","itemListElement":[{"@type":"ListItem","position":1,"name":"Inicio","item":"https:\/\/radioinfinitagoya.com.ar\/v1\/"},{"@type":"ListItem","position":2,"name":"Filmaron turistas cuando vandalizaban rocas en Mendoza"}]},{"@type":"WebSite","@id":"https:\/\/radioinfinitagoya.com.ar\/v1\/#website","url":"https:\/\/radioinfinitagoya.com.ar\/v1\/","name":"radioinfinitagoya.com.ar","description":"Radio de noticias","publisher":{"@id":"https:\/\/radioinfinitagoya.com.ar\/v1\/#organization"},"potentialAction":[{"@type":"SearchAction","target":{"@type":"EntryPoint","urlTemplate":"https:\/\/radioinfinitagoya.com.ar\/v1\/?s={search_term_string}"},"query-input":{"@type":"PropertyValueSpecification","valueRequired":true,"valueName":"search_term_string"}}],"inLanguage":"es-AR"},{"@type":"Organization","@id":"https:\/\/radioinfinitagoya.com.ar\/v1\/#organization","name":"Radio Infinita Goya","url":"https:\/\/radioinfinitagoya.com.ar\/v1\/","logo":{"@type":"ImageObject","inLanguage":"es-AR","@id":"https:\/\/radioinfinitagoya.com.ar\/v1\/#\/schema\/logo\/image\/","url":"https:\/\/radioinfinitagoya.com.ar\/v1\/wp-content\/uploads\/2019\/11\/logo-pie-web.png","contentUrl":"https:\/\/radioinfinitagoya.com.ar\/v1\/wp-content\/uploads\/2019\/11\/logo-pie-web.png","width":635,"height":326,"caption":"Radio Infinita Goya"},"image":{"@id":"https:\/\/radioinfinitagoya.com.ar\/v1\/#\/schema\/logo\/image\/"},"sameAs":["https:\/\/www.facebook.com\/p\/Infinita-Goya-100063870918311\/"]},{"@type":"Person","@id":"https:\/\/radioinfinitagoya.com.ar\/v1\/#\/schema\/person\/d4cf9c413d4f6edb24aabdccab49ca4a","name":"Jorge Mi\u00f1o","image":{"@type":"ImageObject","inLanguage":"es-AR","@id":"https:\/\/secure.gravatar.com\/avatar\/910fcf6728fe95320e07a6643c1581fec1c7fc4bf8ae12e3d8f0d0373dc844be?s=96&d=mm&r=g","url":"https:\/\/secure.gravatar.com\/avatar\/910fcf6728fe95320e07a6643c1581fec1c7fc4bf8ae12e3d8f0d0373dc844be?s=96&d=mm&r=g","contentUrl":"https:\/\/secure.gravatar.com\/avatar\/910fcf6728fe95320e07a6643c1581fec1c7fc4bf8ae12e3d8f0d0373dc844be?s=96&d=mm&r=g","caption":"Jorge Mi\u00f1o"},"sameAs":["http:\/\/radioinfinitagoya.com.ar"]}]}},"_links":{"self":[{"href":"https:\/\/radioinfinitagoya.com.ar\/v1\/wp-json\/wp\/v2\/posts\/193247","targetHints":{"allow":["GET"]}}],"collection":[{"href":"https:\/\/radioinfinitagoya.com.ar\/v1\/wp-json\/wp\/v2\/posts"}],"about":[{"href":"https:\/\/radioinfinitagoya.com.ar\/v1\/wp-json\/wp\/v2\/types\/post"}],"author":[{"embeddable":true,"href":"https:\/\/radioinfinitagoya.com.ar\/v1\/wp-json\/wp\/v2\/users\/4"}],"replies":[{"embeddable":true,"href":"https:\/\/radioinfinitagoya.com.ar\/v1\/wp-json\/wp\/v2\/comments?post=193247"}],"version-history":[{"count":0,"href":"https:\/\/radioinfinitagoya.com.ar\/v1\/wp-json\/wp\/v2\/posts\/193247\/revisions"}],"wp:featuredmedia":[{"embeddable":true,"href":"https:\/\/radioinfinitagoya.com.ar\/v1\/wp-json\/wp\/v2\/media\/193248"}],"wp:attachment":[{"href":"https:\/\/radioinfinitagoya.com.ar\/v1\/wp-json\/wp\/v2\/media?parent=193247"}],"wp:term":[{"taxonomy":"category","embeddable":true,"href":"https:\/\/radioinfinitagoya.com.ar\/v1\/wp-json\/wp\/v2\/categories?post=193247"},{"taxonomy":"post_tag","embeddable":true,"href":"https:\/\/radioinfinitagoya.com.ar\/v1\/wp-json\/wp\/v2\/tags?post=193247"}],"curies":[{"name":"wp","href":"https:\/\/api.w.org\/{rel}","templated":true}]}}