{"id":193250,"date":"2025-07-23T17:03:31","date_gmt":"2025-07-23T20:03:31","guid":{"rendered":"https:\/\/radioinfinitagoya.com.ar\/v1\/?p=193250"},"modified":"2025-07-23T17:03:31","modified_gmt":"2025-07-23T20:03:31","slug":"lionel-messi-no-participara-del-juego-de-las-estrellas","status":"publish","type":"post","link":"https:\/\/radioinfinitagoya.com.ar\/v1\/2025\/07\/23\/lionel-messi-no-participara-del-juego-de-las-estrellas\/","title":{"rendered":"Lionel Messi no participar\u00e1 del Juego de las Estrellas"},"content":{"rendered":"<p>Y podr\u00eda ser sancionado por la MLS<\/p>\n<p>El astro rosarino decidi\u00f3 no participar del partido del All Star en Texas y se expone a un severo castigo por parte de la liga estadounidense.<\/p>\n<p>La MLS actualiz\u00f3 la planilla de los jugadores que disputar\u00e1n este mi\u00e9rcoles el cl\u00e1sico Juego de las Estrellas y se confirm\u00f3 la peor noticia para los fan\u00e1ticos: Lionel Messi no participar\u00e1 del evento y se quedar\u00e1 en Miami para seguir poni\u00e9ndose a punto desde lo f\u00edsico.<\/p>\n<p>El astro rosarino hab\u00eda sido convocado para disputar el partido junto a su compa\u00f1ero Jordi Alba. Sin embargo, ninguno de los exjugadores del Barcelona estar\u00e1 en la cita que se llevar\u00e1 a cabo en Texas por decisi\u00f3n del Inter Miami.<\/p>\n<p>La ausencia del Diez en el Juego de las Estrellas podr\u00eda signficarle una suspensi\u00f3n, ya que la MLS puede darle un partido de castigo a aquellos futbolistas que decidan no participar del evento sin justificaci\u00f3n m\u00e9dica.<\/p>\n<p>En 2018, Zlatan ibrahimovic fue sancionado por las autoridades de la Major League Soccer por ausentarse al Juego de las Estrellas y este podr\u00eda ser el antecedente que determine el nuevo castigo que se le aplicar\u00eda a Messi.<\/p>\n<p>De confirmarse la suspensi\u00f3n, la \u201cPulga\u201d no podr\u00e1 jugar este s\u00e1bado contra Cincinnati por la liga local y regresar\u00eda la pr\u00f3xima semana por Leagues Cup contra Atlas de M\u00e9xico.<\/p>\n<p>Por qu\u00e9 Messi no juega el Juego de las Estrellas de la MLS<br \/>\nA falta del comunicado oficial del Inter Miami, Lionel Messi no jugar\u00e1 el All Star de la MLS para aprovechar la semana libre de descanso. Las Garzas acumulan varios partidos en poco tiempo, sobre todo desde el inicio del Mundial de Clubes, y tienen un ajustado calendario entre la liga local y la Leagues Cup.<\/p>\n<p>Incluso, Javier Mascherano hab\u00eda manifestado p\u00fablicamente que no quer\u00eda que Messi asista al evento. \u201cLos jugadores han sido convocados, me gustar\u00eda que pudieran descansar, pero no es mi decisi\u00f3n\u201d, dijo incluyendo a Jordi Alba. Finalmente, ninguno estar\u00e1 en el partido que se jugar\u00e1 en Austin.<\/p>\n","protected":false},"excerpt":{"rendered":"<p>Y podr\u00eda ser sancionado por la MLS El astro rosarino decidi\u00f3 no participar del partido del All Star en Texas y se expone a un severo castigo por parte de la liga estadounidense. La MLS actualiz\u00f3 la planilla de los jugadores que disputar\u00e1n este mi\u00e9rcoles el cl\u00e1sico Juego de las Estrellas y se confirm\u00f3 la [&hellip;]<\/p>\n","protected":false},"author":4,"featured_media":193251,"comment_status":"closed","ping_status":"closed","sticky":false,"template":"","format":"standard","meta":{"_joinchat":[],"footnotes":""},"categories":[28],"tags":[],"class_list":{"0":"post-193250","1":"post","2":"type-post","3":"status-publish","4":"format-standard","5":"has-post-thumbnail","7":"category-deportes"},"yoast_head":"<!-- This site is optimized with the Yoast SEO plugin v27.2 - https:\/\/yoast.com\/product\/yoast-seo-wordpress\/ -->\n<title>Lionel Messi no participar\u00e1 del Juego de las Estrellas - Radio Infinita Goya<\/title>\n<meta name=\"description\" content=\"Y podr\u00eda ser sancionado por la MLS El astro rosarino decidi\u00f3 no participar del partido del All Star en Texas y se expone a un severo castigo por parte de\" \/>\n<meta name=\"robots\" content=\"index, follow, max-snippet:-1, max-image-preview:large, max-video-preview:-1\" \/>\n<link rel=\"canonical\" href=\"https:\/\/radioinfinitagoya.com.ar\/v1\/2025\/07\/23\/lionel-messi-no-participara-del-juego-de-las-estrellas\/\" \/>\n<meta property=\"og:locale\" content=\"es_ES\" \/>\n<meta property=\"og:type\" content=\"article\" \/>\n<meta property=\"og:title\" content=\"Lionel Messi no participar\u00e1 del Juego de las Estrellas - Radio Infinita Goya\" \/>\n<meta property=\"og:description\" content=\"Y podr\u00eda ser sancionado por la MLS El astro rosarino decidi\u00f3 no participar del partido del All Star en Texas y se expone a un severo castigo por parte de\" \/>\n<meta property=\"og:url\" content=\"https:\/\/radioinfinitagoya.com.ar\/v1\/2025\/07\/23\/lionel-messi-no-participara-del-juego-de-las-estrellas\/\" \/>\n<meta property=\"og:site_name\" content=\"Radio Infinita Goya\" \/>\n<meta property=\"article:publisher\" content=\"https:\/\/www.facebook.com\/p\/Infinita-Goya-100063870918311\/\" \/>\n<meta property=\"article:published_time\" content=\"2025-07-23T20:03:31+00:00\" \/>\n<meta property=\"og:image\" content=\"https:\/\/radioinfinitagoya.com.ar\/v1\/wp-content\/uploads\/2025\/07\/GwjpB4rWcAAr9Hc.jpg\" \/>\n\t<meta property=\"og:image:width\" content=\"680\" \/>\n\t<meta property=\"og:image:height\" content=\"383\" \/>\n\t<meta property=\"og:image:type\" content=\"image\/jpeg\" \/>\n<meta name=\"author\" content=\"Jorge Mi\u00f1o\" \/>\n<meta name=\"twitter:card\" content=\"summary_large_image\" \/>\n<meta name=\"twitter:label1\" content=\"Escrito por\" \/>\n\t<meta name=\"twitter:data1\" content=\"Jorge Mi\u00f1o\" \/>\n\t<meta name=\"twitter:label2\" content=\"Tiempo de lectura\" \/>\n\t<meta name=\"twitter:data2\" content=\"2 minutos\" \/>\n<script type=\"application\/ld+json\" class=\"yoast-schema-graph\">{\"@context\":\"https:\/\/schema.org\",\"@graph\":[{\"@type\":\"Article\",\"@id\":\"https:\/\/radioinfinitagoya.com.ar\/v1\/2025\/07\/23\/lionel-messi-no-participara-del-juego-de-las-estrellas\/#article\",\"isPartOf\":{\"@id\":\"https:\/\/radioinfinitagoya.com.ar\/v1\/2025\/07\/23\/lionel-messi-no-participara-del-juego-de-las-estrellas\/\"},\"author\":{\"name\":\"Jorge Mi\u00f1o\",\"@id\":\"https:\/\/radioinfinitagoya.com.ar\/v1\/#\/schema\/person\/d4cf9c413d4f6edb24aabdccab49ca4a\"},\"headline\":\"Lionel Messi no participar\u00e1 del Juego de las Estrellas\",\"datePublished\":\"2025-07-23T20:03:31+00:00\",\"mainEntityOfPage\":{\"@id\":\"https:\/\/radioinfinitagoya.com.ar\/v1\/2025\/07\/23\/lionel-messi-no-participara-del-juego-de-las-estrellas\/\"},\"wordCount\":369,\"publisher\":{\"@id\":\"https:\/\/radioinfinitagoya.com.ar\/v1\/#organization\"},\"image\":{\"@id\":\"https:\/\/radioinfinitagoya.com.ar\/v1\/2025\/07\/23\/lionel-messi-no-participara-del-juego-de-las-estrellas\/#primaryimage\"},\"thumbnailUrl\":\"https:\/\/radioinfinitagoya.com.ar\/v1\/wp-content\/uploads\/2025\/07\/GwjpB4rWcAAr9Hc.jpg\",\"articleSection\":[\"DEPORTES\"],\"inLanguage\":\"es-AR\"},{\"@type\":\"WebPage\",\"@id\":\"https:\/\/radioinfinitagoya.com.ar\/v1\/2025\/07\/23\/lionel-messi-no-participara-del-juego-de-las-estrellas\/\",\"url\":\"https:\/\/radioinfinitagoya.com.ar\/v1\/2025\/07\/23\/lionel-messi-no-participara-del-juego-de-las-estrellas\/\",\"name\":\"Lionel Messi no participar\u00e1 del Juego de las Estrellas - Radio Infinita Goya\",\"isPartOf\":{\"@id\":\"https:\/\/radioinfinitagoya.com.ar\/v1\/#website\"},\"primaryImageOfPage\":{\"@id\":\"https:\/\/radioinfinitagoya.com.ar\/v1\/2025\/07\/23\/lionel-messi-no-participara-del-juego-de-las-estrellas\/#primaryimage\"},\"image\":{\"@id\":\"https:\/\/radioinfinitagoya.com.ar\/v1\/2025\/07\/23\/lionel-messi-no-participara-del-juego-de-las-estrellas\/#primaryimage\"},\"thumbnailUrl\":\"https:\/\/radioinfinitagoya.com.ar\/v1\/wp-content\/uploads\/2025\/07\/GwjpB4rWcAAr9Hc.jpg\",\"datePublished\":\"2025-07-23T20:03:31+00:00\",\"description\":\"Y podr\u00eda ser sancionado por la MLS El astro rosarino decidi\u00f3 no participar del partido del All Star en Texas y se expone a un severo castigo por parte de\",\"breadcrumb\":{\"@id\":\"https:\/\/radioinfinitagoya.com.ar\/v1\/2025\/07\/23\/lionel-messi-no-participara-del-juego-de-las-estrellas\/#breadcrumb\"},\"inLanguage\":\"es-AR\",\"potentialAction\":[{\"@type\":\"ReadAction\",\"target\":[\"https:\/\/radioinfinitagoya.com.ar\/v1\/2025\/07\/23\/lionel-messi-no-participara-del-juego-de-las-estrellas\/\"]}]},{\"@type\":\"ImageObject\",\"inLanguage\":\"es-AR\",\"@id\":\"https:\/\/radioinfinitagoya.com.ar\/v1\/2025\/07\/23\/lionel-messi-no-participara-del-juego-de-las-estrellas\/#primaryimage\",\"url\":\"https:\/\/radioinfinitagoya.com.ar\/v1\/wp-content\/uploads\/2025\/07\/GwjpB4rWcAAr9Hc.jpg\",\"contentUrl\":\"https:\/\/radioinfinitagoya.com.ar\/v1\/wp-content\/uploads\/2025\/07\/GwjpB4rWcAAr9Hc.jpg\",\"width\":680,\"height\":383},{\"@type\":\"BreadcrumbList\",\"@id\":\"https:\/\/radioinfinitagoya.com.ar\/v1\/2025\/07\/23\/lionel-messi-no-participara-del-juego-de-las-estrellas\/#breadcrumb\",\"itemListElement\":[{\"@type\":\"ListItem\",\"position\":1,\"name\":\"Inicio\",\"item\":\"https:\/\/radioinfinitagoya.com.ar\/v1\/\"},{\"@type\":\"ListItem\",\"position\":2,\"name\":\"Lionel Messi no participar\u00e1 del Juego de las Estrellas\"}]},{\"@type\":\"WebSite\",\"@id\":\"https:\/\/radioinfinitagoya.com.ar\/v1\/#website\",\"url\":\"https:\/\/radioinfinitagoya.com.ar\/v1\/\",\"name\":\"radioinfinitagoya.com.ar\",\"description\":\"Radio de noticias\",\"publisher\":{\"@id\":\"https:\/\/radioinfinitagoya.com.ar\/v1\/#organization\"},\"potentialAction\":[{\"@type\":\"SearchAction\",\"target\":{\"@type\":\"EntryPoint\",\"urlTemplate\":\"https:\/\/radioinfinitagoya.com.ar\/v1\/?s={search_term_string}\"},\"query-input\":{\"@type\":\"PropertyValueSpecification\",\"valueRequired\":true,\"valueName\":\"search_term_string\"}}],\"inLanguage\":\"es-AR\"},{\"@type\":\"Organization\",\"@id\":\"https:\/\/radioinfinitagoya.com.ar\/v1\/#organization\",\"name\":\"Radio Infinita Goya\",\"url\":\"https:\/\/radioinfinitagoya.com.ar\/v1\/\",\"logo\":{\"@type\":\"ImageObject\",\"inLanguage\":\"es-AR\",\"@id\":\"https:\/\/radioinfinitagoya.com.ar\/v1\/#\/schema\/logo\/image\/\",\"url\":\"https:\/\/radioinfinitagoya.com.ar\/v1\/wp-content\/uploads\/2019\/11\/logo-pie-web.png\",\"contentUrl\":\"https:\/\/radioinfinitagoya.com.ar\/v1\/wp-content\/uploads\/2019\/11\/logo-pie-web.png\",\"width\":635,\"height\":326,\"caption\":\"Radio Infinita Goya\"},\"image\":{\"@id\":\"https:\/\/radioinfinitagoya.com.ar\/v1\/#\/schema\/logo\/image\/\"},\"sameAs\":[\"https:\/\/www.facebook.com\/p\/Infinita-Goya-100063870918311\/\"]},{\"@type\":\"Person\",\"@id\":\"https:\/\/radioinfinitagoya.com.ar\/v1\/#\/schema\/person\/d4cf9c413d4f6edb24aabdccab49ca4a\",\"name\":\"Jorge Mi\u00f1o\",\"image\":{\"@type\":\"ImageObject\",\"inLanguage\":\"es-AR\",\"@id\":\"https:\/\/secure.gravatar.com\/avatar\/910fcf6728fe95320e07a6643c1581fec1c7fc4bf8ae12e3d8f0d0373dc844be?s=96&d=mm&r=g\",\"url\":\"https:\/\/secure.gravatar.com\/avatar\/910fcf6728fe95320e07a6643c1581fec1c7fc4bf8ae12e3d8f0d0373dc844be?s=96&d=mm&r=g\",\"contentUrl\":\"https:\/\/secure.gravatar.com\/avatar\/910fcf6728fe95320e07a6643c1581fec1c7fc4bf8ae12e3d8f0d0373dc844be?s=96&d=mm&r=g\",\"caption\":\"Jorge Mi\u00f1o\"},\"sameAs\":[\"http:\/\/radioinfinitagoya.com.ar\"]}]}<\/script>\n<!-- \/ Yoast SEO plugin. -->","yoast_head_json":{"title":"Lionel Messi no participar\u00e1 del Juego de las Estrellas - Radio Infinita Goya","description":"Y podr\u00eda ser sancionado por la MLS El astro rosarino decidi\u00f3 no participar del partido del All Star en Texas y se expone a un severo castigo por parte de","robots":{"index":"index","follow":"follow","max-snippet":"max-snippet:-1","max-image-preview":"max-image-preview:large","max-video-preview":"max-video-preview:-1"},"canonical":"https:\/\/radioinfinitagoya.com.ar\/v1\/2025\/07\/23\/lionel-messi-no-participara-del-juego-de-las-estrellas\/","og_locale":"es_ES","og_type":"article","og_title":"Lionel Messi no participar\u00e1 del Juego de las Estrellas - Radio Infinita Goya","og_description":"Y podr\u00eda ser sancionado por la MLS El astro rosarino decidi\u00f3 no participar del partido del All Star en Texas y se expone a un severo castigo por parte de","og_url":"https:\/\/radioinfinitagoya.com.ar\/v1\/2025\/07\/23\/lionel-messi-no-participara-del-juego-de-las-estrellas\/","og_site_name":"Radio Infinita Goya","article_publisher":"https:\/\/www.facebook.com\/p\/Infinita-Goya-100063870918311\/","article_published_time":"2025-07-23T20:03:31+00:00","og_image":[{"width":680,"height":383,"url":"https:\/\/radioinfinitagoya.com.ar\/v1\/wp-content\/uploads\/2025\/07\/GwjpB4rWcAAr9Hc.jpg","type":"image\/jpeg"}],"author":"Jorge Mi\u00f1o","twitter_card":"summary_large_image","twitter_misc":{"Escrito por":"Jorge Mi\u00f1o","Tiempo de lectura":"2 minutos"},"schema":{"@context":"https:\/\/schema.org","@graph":[{"@type":"Article","@id":"https:\/\/radioinfinitagoya.com.ar\/v1\/2025\/07\/23\/lionel-messi-no-participara-del-juego-de-las-estrellas\/#article","isPartOf":{"@id":"https:\/\/radioinfinitagoya.com.ar\/v1\/2025\/07\/23\/lionel-messi-no-participara-del-juego-de-las-estrellas\/"},"author":{"name":"Jorge Mi\u00f1o","@id":"https:\/\/radioinfinitagoya.com.ar\/v1\/#\/schema\/person\/d4cf9c413d4f6edb24aabdccab49ca4a"},"headline":"Lionel Messi no participar\u00e1 del Juego de las Estrellas","datePublished":"2025-07-23T20:03:31+00:00","mainEntityOfPage":{"@id":"https:\/\/radioinfinitagoya.com.ar\/v1\/2025\/07\/23\/lionel-messi-no-participara-del-juego-de-las-estrellas\/"},"wordCount":369,"publisher":{"@id":"https:\/\/radioinfinitagoya.com.ar\/v1\/#organization"},"image":{"@id":"https:\/\/radioinfinitagoya.com.ar\/v1\/2025\/07\/23\/lionel-messi-no-participara-del-juego-de-las-estrellas\/#primaryimage"},"thumbnailUrl":"https:\/\/radioinfinitagoya.com.ar\/v1\/wp-content\/uploads\/2025\/07\/GwjpB4rWcAAr9Hc.jpg","articleSection":["DEPORTES"],"inLanguage":"es-AR"},{"@type":"WebPage","@id":"https:\/\/radioinfinitagoya.com.ar\/v1\/2025\/07\/23\/lionel-messi-no-participara-del-juego-de-las-estrellas\/","url":"https:\/\/radioinfinitagoya.com.ar\/v1\/2025\/07\/23\/lionel-messi-no-participara-del-juego-de-las-estrellas\/","name":"Lionel Messi no participar\u00e1 del Juego de las Estrellas - Radio Infinita Goya","isPartOf":{"@id":"https:\/\/radioinfinitagoya.com.ar\/v1\/#website"},"primaryImageOfPage":{"@id":"https:\/\/radioinfinitagoya.com.ar\/v1\/2025\/07\/23\/lionel-messi-no-participara-del-juego-de-las-estrellas\/#primaryimage"},"image":{"@id":"https:\/\/radioinfinitagoya.com.ar\/v1\/2025\/07\/23\/lionel-messi-no-participara-del-juego-de-las-estrellas\/#primaryimage"},"thumbnailUrl":"https:\/\/radioinfinitagoya.com.ar\/v1\/wp-content\/uploads\/2025\/07\/GwjpB4rWcAAr9Hc.jpg","datePublished":"2025-07-23T20:03:31+00:00","description":"Y podr\u00eda ser sancionado por la MLS El astro rosarino decidi\u00f3 no participar del partido del All Star en Texas y se expone a un severo castigo por parte de","breadcrumb":{"@id":"https:\/\/radioinfinitagoya.com.ar\/v1\/2025\/07\/23\/lionel-messi-no-participara-del-juego-de-las-estrellas\/#breadcrumb"},"inLanguage":"es-AR","potentialAction":[{"@type":"ReadAction","target":["https:\/\/radioinfinitagoya.com.ar\/v1\/2025\/07\/23\/lionel-messi-no-participara-del-juego-de-las-estrellas\/"]}]},{"@type":"ImageObject","inLanguage":"es-AR","@id":"https:\/\/radioinfinitagoya.com.ar\/v1\/2025\/07\/23\/lionel-messi-no-participara-del-juego-de-las-estrellas\/#primaryimage","url":"https:\/\/radioinfinitagoya.com.ar\/v1\/wp-content\/uploads\/2025\/07\/GwjpB4rWcAAr9Hc.jpg","contentUrl":"https:\/\/radioinfinitagoya.com.ar\/v1\/wp-content\/uploads\/2025\/07\/GwjpB4rWcAAr9Hc.jpg","width":680,"height":383},{"@type":"BreadcrumbList","@id":"https:\/\/radioinfinitagoya.com.ar\/v1\/2025\/07\/23\/lionel-messi-no-participara-del-juego-de-las-estrellas\/#breadcrumb","itemListElement":[{"@type":"ListItem","position":1,"name":"Inicio","item":"https:\/\/radioinfinitagoya.com.ar\/v1\/"},{"@type":"ListItem","position":2,"name":"Lionel Messi no participar\u00e1 del Juego de las Estrellas"}]},{"@type":"WebSite","@id":"https:\/\/radioinfinitagoya.com.ar\/v1\/#website","url":"https:\/\/radioinfinitagoya.com.ar\/v1\/","name":"radioinfinitagoya.com.ar","description":"Radio de noticias","publisher":{"@id":"https:\/\/radioinfinitagoya.com.ar\/v1\/#organization"},"potentialAction":[{"@type":"SearchAction","target":{"@type":"EntryPoint","urlTemplate":"https:\/\/radioinfinitagoya.com.ar\/v1\/?s={search_term_string}"},"query-input":{"@type":"PropertyValueSpecification","valueRequired":true,"valueName":"search_term_string"}}],"inLanguage":"es-AR"},{"@type":"Organization","@id":"https:\/\/radioinfinitagoya.com.ar\/v1\/#organization","name":"Radio Infinita Goya","url":"https:\/\/radioinfinitagoya.com.ar\/v1\/","logo":{"@type":"ImageObject","inLanguage":"es-AR","@id":"https:\/\/radioinfinitagoya.com.ar\/v1\/#\/schema\/logo\/image\/","url":"https:\/\/radioinfinitagoya.com.ar\/v1\/wp-content\/uploads\/2019\/11\/logo-pie-web.png","contentUrl":"https:\/\/radioinfinitagoya.com.ar\/v1\/wp-content\/uploads\/2019\/11\/logo-pie-web.png","width":635,"height":326,"caption":"Radio Infinita Goya"},"image":{"@id":"https:\/\/radioinfinitagoya.com.ar\/v1\/#\/schema\/logo\/image\/"},"sameAs":["https:\/\/www.facebook.com\/p\/Infinita-Goya-100063870918311\/"]},{"@type":"Person","@id":"https:\/\/radioinfinitagoya.com.ar\/v1\/#\/schema\/person\/d4cf9c413d4f6edb24aabdccab49ca4a","name":"Jorge Mi\u00f1o","image":{"@type":"ImageObject","inLanguage":"es-AR","@id":"https:\/\/secure.gravatar.com\/avatar\/910fcf6728fe95320e07a6643c1581fec1c7fc4bf8ae12e3d8f0d0373dc844be?s=96&d=mm&r=g","url":"https:\/\/secure.gravatar.com\/avatar\/910fcf6728fe95320e07a6643c1581fec1c7fc4bf8ae12e3d8f0d0373dc844be?s=96&d=mm&r=g","contentUrl":"https:\/\/secure.gravatar.com\/avatar\/910fcf6728fe95320e07a6643c1581fec1c7fc4bf8ae12e3d8f0d0373dc844be?s=96&d=mm&r=g","caption":"Jorge Mi\u00f1o"},"sameAs":["http:\/\/radioinfinitagoya.com.ar"]}]}},"_links":{"self":[{"href":"https:\/\/radioinfinitagoya.com.ar\/v1\/wp-json\/wp\/v2\/posts\/193250","targetHints":{"allow":["GET"]}}],"collection":[{"href":"https:\/\/radioinfinitagoya.com.ar\/v1\/wp-json\/wp\/v2\/posts"}],"about":[{"href":"https:\/\/radioinfinitagoya.com.ar\/v1\/wp-json\/wp\/v2\/types\/post"}],"author":[{"embeddable":true,"href":"https:\/\/radioinfinitagoya.com.ar\/v1\/wp-json\/wp\/v2\/users\/4"}],"replies":[{"embeddable":true,"href":"https:\/\/radioinfinitagoya.com.ar\/v1\/wp-json\/wp\/v2\/comments?post=193250"}],"version-history":[{"count":0,"href":"https:\/\/radioinfinitagoya.com.ar\/v1\/wp-json\/wp\/v2\/posts\/193250\/revisions"}],"wp:featuredmedia":[{"embeddable":true,"href":"https:\/\/radioinfinitagoya.com.ar\/v1\/wp-json\/wp\/v2\/media\/193251"}],"wp:attachment":[{"href":"https:\/\/radioinfinitagoya.com.ar\/v1\/wp-json\/wp\/v2\/media?parent=193250"}],"wp:term":[{"taxonomy":"category","embeddable":true,"href":"https:\/\/radioinfinitagoya.com.ar\/v1\/wp-json\/wp\/v2\/categories?post=193250"},{"taxonomy":"post_tag","embeddable":true,"href":"https:\/\/radioinfinitagoya.com.ar\/v1\/wp-json\/wp\/v2\/tags?post=193250"}],"curies":[{"name":"wp","href":"https:\/\/api.w.org\/{rel}","templated":true}]}}