{"id":193253,"date":"2025-07-23T17:08:25","date_gmt":"2025-07-23T20:08:25","guid":{"rendered":"https:\/\/radioinfinitagoya.com.ar\/v1\/?p=193253"},"modified":"2025-07-23T17:08:25","modified_gmt":"2025-07-23T20:08:25","slug":"central-cordoba-goleo-y-se-enfrentara-a-lanus-en-octavos-de-final","status":"publish","type":"post","link":"https:\/\/radioinfinitagoya.com.ar\/v1\/2025\/07\/23\/central-cordoba-goleo-y-se-enfrentara-a-lanus-en-octavos-de-final\/","title":{"rendered":"Central C\u00f3rdoba gole\u00f3 y se enfrentar\u00e1 a Lan\u00fas en octavos de final"},"content":{"rendered":"<p>El equipo argentino gan\u00f3 por 3-0 a Cerro Largo, de Uruguay. Con el pase asegurado, el Granate lo espera en la pr\u00f3xima fase.<\/p>\n<p>Central C\u00f3rdoba sigue sumando p\u00e1ginas al libro m\u00e1s dorado de su historia. Y este mi\u00e9rcoles le toc\u00f3 escribir una m\u00e1s en el plano internacional. Claro, es que tras la hist\u00f3rica participaci\u00f3n en la fase de grupos de la Copa Libertadores, donde qued\u00f3 tercero con 11 puntos, cay\u00f3 a los playoffs de la Copa Sudamericana y deb\u00eda medirse con Cerro Largo.<\/p>\n<p>Tras la ida, que fue un empate chato sin goles, aunque el siempre duro equipo santiague\u00f1o mereci\u00f3 algo m\u00e1s. Por ende, todo deb\u00eda definirse del otro lado del charco, en el m\u00edtico Campe\u00f3n del Siglo.<\/p>\n<p>Y esos contextos parecen caerle bien a los dirigidos por Omar De Felippe, que ya hab\u00edan demostrado estar a la altura de partidos pesados hace algunos meses, en el triunfo por 2-1 frente a Flamengo en el Maracan\u00e1. Esta vez, la obligaci\u00f3n tampoco le pes\u00f3 al Ferroviario, que con autoridad, buen f\u00fatbol y contundencia impuso las condiciones de principio a fin y le gan\u00f3 3-0 al Auriazul.<\/p>\n<p>La noche arranc\u00f3 con un anticipo claro de lo que se vendr\u00eda en la hora y media posterior: Central C\u00f3rdoba se plant\u00f3 en campo enemigo, presion\u00f3 alto y sum\u00f3 mucha gente en cada ataque. Incluso, antes de los cinco minutos tuvo dos tiros que pasaron cerca de la valla defendida por Santilli. Al rato, tras un contragolpe letal que culmin\u00f3 Mat\u00edas Perell\u00f3 -la figura de la cancha- se abri\u00f3 el marcador.<\/p>\n<p>De ah\u00ed en m\u00e1s, el visitante supo manejar los tiempos del partido y jugar con la desesperaci\u00f3n del rival (que tuvo apenas un poco de empuje y nada de ideas). Como si fuera poco, en el cierre del primer tiempo, Bertochi, el volante central de Cerro Largo, se hizo expulsar de una forma infantil por un codazo en el rostro de Abascia. La roja signific\u00f3 un quiebre que favoreci\u00f3 al Ferro.<\/p>\n<p>S\u00ed, es que tuvo m\u00e1s espacios y se le facilit\u00f3 el tr\u00e1mite. Por eso, apenas comenzado el ST, Heredia ampli\u00f3 la diferencia y cerca del final lo liquid\u00f3 el ingresado Barrera. Central C\u00f3rdoba sac\u00f3 pasaje para octavos de final, donde lo espera un viejo conocido como Lan\u00fas en una serie argentina que promete. Y s\u00ed, Granate algo&#8230;<\/p>\n<p>C\u00f3mo y cu\u00e1ndo se jugar\u00e1 la serie entre Central C\u00f3rdoba y Lan\u00fas<\/p>\n<p>Con d\u00edas y horarios a confirmar, la serie se jugar\u00e1 entre el martes 12 de agosto y el jueves 21. La ida ser\u00e1 en Santiago del Estero y la revancha ser\u00e1 una semana m\u00e1s tarde en La Fortaleza. El Grana, por haber ganado su grupo, contar\u00e1 con esa ventaja de definir de local. En caso de igualdad en los 180 minutos, habr\u00e1 penales.<\/p>\n<p>En este 2025 no se cruzaron en el Apertura y, por lo pronto, no lo har\u00e1n en la primera parte del Clausura, ya que est\u00e1n en zonas diferentes. Jugaron por \u00faltima vez en agosto del a\u00f1o pasado por la Liga Profesional, con un empate 1-1.<\/p>\n<p>El ganador de este encuentro ir\u00e1 en cuartos contra el que resulte vencedor de Fluminense vs. Bah\u00eda o Am\u00e9rica de Cali.<\/p>\n<p><img loading=\"lazy\" decoding=\"async\" class=\"alignnone size-full wp-image-193255\" src=\"https:\/\/radioinfinitagoya.com.ar\/v1\/wp-content\/uploads\/2025\/07\/1753279268645.jpg\" alt=\"\" width=\"720\" height=\"433\" srcset=\"https:\/\/radioinfinitagoya.com.ar\/v1\/wp-content\/uploads\/2025\/07\/1753279268645.jpg 720w, https:\/\/radioinfinitagoya.com.ar\/v1\/wp-content\/uploads\/2025\/07\/1753279268645-696x419.jpg 696w, https:\/\/radioinfinitagoya.com.ar\/v1\/wp-content\/uploads\/2025\/07\/1753279268645-698x420.jpg 698w\" sizes=\"auto, (max-width: 720px) 100vw, 720px\" \/><\/p>\n<p>&nbsp;<\/p>\n","protected":false},"excerpt":{"rendered":"<p>El equipo argentino gan\u00f3 por 3-0 a Cerro Largo, de Uruguay. Con el pase asegurado, el Granate lo espera en la pr\u00f3xima fase. Central C\u00f3rdoba sigue sumando p\u00e1ginas al libro m\u00e1s dorado de su historia. Y este mi\u00e9rcoles le toc\u00f3 escribir una m\u00e1s en el plano internacional. Claro, es que tras la hist\u00f3rica participaci\u00f3n en [&hellip;]<\/p>\n","protected":false},"author":4,"featured_media":193254,"comment_status":"closed","ping_status":"closed","sticky":false,"template":"","format":"standard","meta":{"_joinchat":[],"footnotes":""},"categories":[28],"tags":[],"class_list":{"0":"post-193253","1":"post","2":"type-post","3":"status-publish","4":"format-standard","5":"has-post-thumbnail","7":"category-deportes"},"yoast_head":"<!-- This site is optimized with the Yoast SEO plugin v27.2 - https:\/\/yoast.com\/product\/yoast-seo-wordpress\/ -->\n<title>Central C\u00f3rdoba gole\u00f3 y se enfrentar\u00e1 a Lan\u00fas en octavos de final - Radio Infinita Goya<\/title>\n<meta name=\"description\" content=\"El equipo argentino gan\u00f3 por 3-0 a Cerro Largo, de Uruguay. Con el pase asegurado, el Granate lo espera en la pr\u00f3xima fase. Central C\u00f3rdoba sigue sumando\" \/>\n<meta name=\"robots\" content=\"index, follow, max-snippet:-1, max-image-preview:large, max-video-preview:-1\" \/>\n<link rel=\"canonical\" href=\"https:\/\/radioinfinitagoya.com.ar\/v1\/2025\/07\/23\/central-cordoba-goleo-y-se-enfrentara-a-lanus-en-octavos-de-final\/\" \/>\n<meta property=\"og:locale\" content=\"es_ES\" \/>\n<meta property=\"og:type\" content=\"article\" \/>\n<meta property=\"og:title\" content=\"Central C\u00f3rdoba gole\u00f3 y se enfrentar\u00e1 a Lan\u00fas en octavos de final - Radio Infinita Goya\" \/>\n<meta property=\"og:description\" content=\"El equipo argentino gan\u00f3 por 3-0 a Cerro Largo, de Uruguay. Con el pase asegurado, el Granate lo espera en la pr\u00f3xima fase. Central C\u00f3rdoba sigue sumando\" \/>\n<meta property=\"og:url\" content=\"https:\/\/radioinfinitagoya.com.ar\/v1\/2025\/07\/23\/central-cordoba-goleo-y-se-enfrentara-a-lanus-en-octavos-de-final\/\" \/>\n<meta property=\"og:site_name\" content=\"Radio Infinita Goya\" \/>\n<meta property=\"article:publisher\" content=\"https:\/\/www.facebook.com\/p\/Infinita-Goya-100063870918311\/\" \/>\n<meta property=\"article:published_time\" content=\"2025-07-23T20:08:25+00:00\" \/>\n<meta property=\"og:image\" content=\"https:\/\/radioinfinitagoya.com.ar\/v1\/wp-content\/uploads\/2025\/07\/GwgAdohWwAAz9y_.jpg\" \/>\n\t<meta property=\"og:image:width\" content=\"680\" \/>\n\t<meta property=\"og:image:height\" content=\"453\" \/>\n\t<meta property=\"og:image:type\" content=\"image\/jpeg\" \/>\n<meta name=\"author\" content=\"Jorge Mi\u00f1o\" \/>\n<meta name=\"twitter:card\" content=\"summary_large_image\" \/>\n<meta name=\"twitter:label1\" content=\"Escrito por\" \/>\n\t<meta name=\"twitter:data1\" content=\"Jorge Mi\u00f1o\" \/>\n\t<meta name=\"twitter:label2\" content=\"Tiempo de lectura\" \/>\n\t<meta name=\"twitter:data2\" content=\"3 minutos\" \/>\n<script type=\"application\/ld+json\" class=\"yoast-schema-graph\">{\"@context\":\"https:\/\/schema.org\",\"@graph\":[{\"@type\":\"Article\",\"@id\":\"https:\/\/radioinfinitagoya.com.ar\/v1\/2025\/07\/23\/central-cordoba-goleo-y-se-enfrentara-a-lanus-en-octavos-de-final\/#article\",\"isPartOf\":{\"@id\":\"https:\/\/radioinfinitagoya.com.ar\/v1\/2025\/07\/23\/central-cordoba-goleo-y-se-enfrentara-a-lanus-en-octavos-de-final\/\"},\"author\":{\"name\":\"Jorge Mi\u00f1o\",\"@id\":\"https:\/\/radioinfinitagoya.com.ar\/v1\/#\/schema\/person\/d4cf9c413d4f6edb24aabdccab49ca4a\"},\"headline\":\"Central C\u00f3rdoba gole\u00f3 y se enfrentar\u00e1 a Lan\u00fas en octavos de final\",\"datePublished\":\"2025-07-23T20:08:25+00:00\",\"mainEntityOfPage\":{\"@id\":\"https:\/\/radioinfinitagoya.com.ar\/v1\/2025\/07\/23\/central-cordoba-goleo-y-se-enfrentara-a-lanus-en-octavos-de-final\/\"},\"wordCount\":572,\"publisher\":{\"@id\":\"https:\/\/radioinfinitagoya.com.ar\/v1\/#organization\"},\"image\":{\"@id\":\"https:\/\/radioinfinitagoya.com.ar\/v1\/2025\/07\/23\/central-cordoba-goleo-y-se-enfrentara-a-lanus-en-octavos-de-final\/#primaryimage\"},\"thumbnailUrl\":\"https:\/\/radioinfinitagoya.com.ar\/v1\/wp-content\/uploads\/2025\/07\/GwgAdohWwAAz9y_.jpg\",\"articleSection\":[\"DEPORTES\"],\"inLanguage\":\"es-AR\"},{\"@type\":\"WebPage\",\"@id\":\"https:\/\/radioinfinitagoya.com.ar\/v1\/2025\/07\/23\/central-cordoba-goleo-y-se-enfrentara-a-lanus-en-octavos-de-final\/\",\"url\":\"https:\/\/radioinfinitagoya.com.ar\/v1\/2025\/07\/23\/central-cordoba-goleo-y-se-enfrentara-a-lanus-en-octavos-de-final\/\",\"name\":\"Central C\u00f3rdoba gole\u00f3 y se enfrentar\u00e1 a Lan\u00fas en octavos de final - Radio Infinita Goya\",\"isPartOf\":{\"@id\":\"https:\/\/radioinfinitagoya.com.ar\/v1\/#website\"},\"primaryImageOfPage\":{\"@id\":\"https:\/\/radioinfinitagoya.com.ar\/v1\/2025\/07\/23\/central-cordoba-goleo-y-se-enfrentara-a-lanus-en-octavos-de-final\/#primaryimage\"},\"image\":{\"@id\":\"https:\/\/radioinfinitagoya.com.ar\/v1\/2025\/07\/23\/central-cordoba-goleo-y-se-enfrentara-a-lanus-en-octavos-de-final\/#primaryimage\"},\"thumbnailUrl\":\"https:\/\/radioinfinitagoya.com.ar\/v1\/wp-content\/uploads\/2025\/07\/GwgAdohWwAAz9y_.jpg\",\"datePublished\":\"2025-07-23T20:08:25+00:00\",\"description\":\"El equipo argentino gan\u00f3 por 3-0 a Cerro Largo, de Uruguay. Con el pase asegurado, el Granate lo espera en la pr\u00f3xima fase. Central C\u00f3rdoba sigue sumando\",\"breadcrumb\":{\"@id\":\"https:\/\/radioinfinitagoya.com.ar\/v1\/2025\/07\/23\/central-cordoba-goleo-y-se-enfrentara-a-lanus-en-octavos-de-final\/#breadcrumb\"},\"inLanguage\":\"es-AR\",\"potentialAction\":[{\"@type\":\"ReadAction\",\"target\":[\"https:\/\/radioinfinitagoya.com.ar\/v1\/2025\/07\/23\/central-cordoba-goleo-y-se-enfrentara-a-lanus-en-octavos-de-final\/\"]}]},{\"@type\":\"ImageObject\",\"inLanguage\":\"es-AR\",\"@id\":\"https:\/\/radioinfinitagoya.com.ar\/v1\/2025\/07\/23\/central-cordoba-goleo-y-se-enfrentara-a-lanus-en-octavos-de-final\/#primaryimage\",\"url\":\"https:\/\/radioinfinitagoya.com.ar\/v1\/wp-content\/uploads\/2025\/07\/GwgAdohWwAAz9y_.jpg\",\"contentUrl\":\"https:\/\/radioinfinitagoya.com.ar\/v1\/wp-content\/uploads\/2025\/07\/GwgAdohWwAAz9y_.jpg\",\"width\":680,\"height\":453},{\"@type\":\"BreadcrumbList\",\"@id\":\"https:\/\/radioinfinitagoya.com.ar\/v1\/2025\/07\/23\/central-cordoba-goleo-y-se-enfrentara-a-lanus-en-octavos-de-final\/#breadcrumb\",\"itemListElement\":[{\"@type\":\"ListItem\",\"position\":1,\"name\":\"Inicio\",\"item\":\"https:\/\/radioinfinitagoya.com.ar\/v1\/\"},{\"@type\":\"ListItem\",\"position\":2,\"name\":\"Central C\u00f3rdoba gole\u00f3 y se enfrentar\u00e1 a Lan\u00fas en octavos de final\"}]},{\"@type\":\"WebSite\",\"@id\":\"https:\/\/radioinfinitagoya.com.ar\/v1\/#website\",\"url\":\"https:\/\/radioinfinitagoya.com.ar\/v1\/\",\"name\":\"radioinfinitagoya.com.ar\",\"description\":\"Radio de noticias\",\"publisher\":{\"@id\":\"https:\/\/radioinfinitagoya.com.ar\/v1\/#organization\"},\"potentialAction\":[{\"@type\":\"SearchAction\",\"target\":{\"@type\":\"EntryPoint\",\"urlTemplate\":\"https:\/\/radioinfinitagoya.com.ar\/v1\/?s={search_term_string}\"},\"query-input\":{\"@type\":\"PropertyValueSpecification\",\"valueRequired\":true,\"valueName\":\"search_term_string\"}}],\"inLanguage\":\"es-AR\"},{\"@type\":\"Organization\",\"@id\":\"https:\/\/radioinfinitagoya.com.ar\/v1\/#organization\",\"name\":\"Radio Infinita Goya\",\"url\":\"https:\/\/radioinfinitagoya.com.ar\/v1\/\",\"logo\":{\"@type\":\"ImageObject\",\"inLanguage\":\"es-AR\",\"@id\":\"https:\/\/radioinfinitagoya.com.ar\/v1\/#\/schema\/logo\/image\/\",\"url\":\"https:\/\/radioinfinitagoya.com.ar\/v1\/wp-content\/uploads\/2019\/11\/logo-pie-web.png\",\"contentUrl\":\"https:\/\/radioinfinitagoya.com.ar\/v1\/wp-content\/uploads\/2019\/11\/logo-pie-web.png\",\"width\":635,\"height\":326,\"caption\":\"Radio Infinita Goya\"},\"image\":{\"@id\":\"https:\/\/radioinfinitagoya.com.ar\/v1\/#\/schema\/logo\/image\/\"},\"sameAs\":[\"https:\/\/www.facebook.com\/p\/Infinita-Goya-100063870918311\/\"]},{\"@type\":\"Person\",\"@id\":\"https:\/\/radioinfinitagoya.com.ar\/v1\/#\/schema\/person\/d4cf9c413d4f6edb24aabdccab49ca4a\",\"name\":\"Jorge Mi\u00f1o\",\"image\":{\"@type\":\"ImageObject\",\"inLanguage\":\"es-AR\",\"@id\":\"https:\/\/secure.gravatar.com\/avatar\/910fcf6728fe95320e07a6643c1581fec1c7fc4bf8ae12e3d8f0d0373dc844be?s=96&d=mm&r=g\",\"url\":\"https:\/\/secure.gravatar.com\/avatar\/910fcf6728fe95320e07a6643c1581fec1c7fc4bf8ae12e3d8f0d0373dc844be?s=96&d=mm&r=g\",\"contentUrl\":\"https:\/\/secure.gravatar.com\/avatar\/910fcf6728fe95320e07a6643c1581fec1c7fc4bf8ae12e3d8f0d0373dc844be?s=96&d=mm&r=g\",\"caption\":\"Jorge Mi\u00f1o\"},\"sameAs\":[\"http:\/\/radioinfinitagoya.com.ar\"]}]}<\/script>\n<!-- \/ Yoast SEO plugin. -->","yoast_head_json":{"title":"Central C\u00f3rdoba gole\u00f3 y se enfrentar\u00e1 a Lan\u00fas en octavos de final - Radio Infinita Goya","description":"El equipo argentino gan\u00f3 por 3-0 a Cerro Largo, de Uruguay. Con el pase asegurado, el Granate lo espera en la pr\u00f3xima fase. Central C\u00f3rdoba sigue sumando","robots":{"index":"index","follow":"follow","max-snippet":"max-snippet:-1","max-image-preview":"max-image-preview:large","max-video-preview":"max-video-preview:-1"},"canonical":"https:\/\/radioinfinitagoya.com.ar\/v1\/2025\/07\/23\/central-cordoba-goleo-y-se-enfrentara-a-lanus-en-octavos-de-final\/","og_locale":"es_ES","og_type":"article","og_title":"Central C\u00f3rdoba gole\u00f3 y se enfrentar\u00e1 a Lan\u00fas en octavos de final - Radio Infinita Goya","og_description":"El equipo argentino gan\u00f3 por 3-0 a Cerro Largo, de Uruguay. Con el pase asegurado, el Granate lo espera en la pr\u00f3xima fase. Central C\u00f3rdoba sigue sumando","og_url":"https:\/\/radioinfinitagoya.com.ar\/v1\/2025\/07\/23\/central-cordoba-goleo-y-se-enfrentara-a-lanus-en-octavos-de-final\/","og_site_name":"Radio Infinita Goya","article_publisher":"https:\/\/www.facebook.com\/p\/Infinita-Goya-100063870918311\/","article_published_time":"2025-07-23T20:08:25+00:00","og_image":[{"width":680,"height":453,"url":"https:\/\/radioinfinitagoya.com.ar\/v1\/wp-content\/uploads\/2025\/07\/GwgAdohWwAAz9y_.jpg","type":"image\/jpeg"}],"author":"Jorge Mi\u00f1o","twitter_card":"summary_large_image","twitter_misc":{"Escrito por":"Jorge Mi\u00f1o","Tiempo de lectura":"3 minutos"},"schema":{"@context":"https:\/\/schema.org","@graph":[{"@type":"Article","@id":"https:\/\/radioinfinitagoya.com.ar\/v1\/2025\/07\/23\/central-cordoba-goleo-y-se-enfrentara-a-lanus-en-octavos-de-final\/#article","isPartOf":{"@id":"https:\/\/radioinfinitagoya.com.ar\/v1\/2025\/07\/23\/central-cordoba-goleo-y-se-enfrentara-a-lanus-en-octavos-de-final\/"},"author":{"name":"Jorge Mi\u00f1o","@id":"https:\/\/radioinfinitagoya.com.ar\/v1\/#\/schema\/person\/d4cf9c413d4f6edb24aabdccab49ca4a"},"headline":"Central C\u00f3rdoba gole\u00f3 y se enfrentar\u00e1 a Lan\u00fas en octavos de final","datePublished":"2025-07-23T20:08:25+00:00","mainEntityOfPage":{"@id":"https:\/\/radioinfinitagoya.com.ar\/v1\/2025\/07\/23\/central-cordoba-goleo-y-se-enfrentara-a-lanus-en-octavos-de-final\/"},"wordCount":572,"publisher":{"@id":"https:\/\/radioinfinitagoya.com.ar\/v1\/#organization"},"image":{"@id":"https:\/\/radioinfinitagoya.com.ar\/v1\/2025\/07\/23\/central-cordoba-goleo-y-se-enfrentara-a-lanus-en-octavos-de-final\/#primaryimage"},"thumbnailUrl":"https:\/\/radioinfinitagoya.com.ar\/v1\/wp-content\/uploads\/2025\/07\/GwgAdohWwAAz9y_.jpg","articleSection":["DEPORTES"],"inLanguage":"es-AR"},{"@type":"WebPage","@id":"https:\/\/radioinfinitagoya.com.ar\/v1\/2025\/07\/23\/central-cordoba-goleo-y-se-enfrentara-a-lanus-en-octavos-de-final\/","url":"https:\/\/radioinfinitagoya.com.ar\/v1\/2025\/07\/23\/central-cordoba-goleo-y-se-enfrentara-a-lanus-en-octavos-de-final\/","name":"Central C\u00f3rdoba gole\u00f3 y se enfrentar\u00e1 a Lan\u00fas en octavos de final - Radio Infinita Goya","isPartOf":{"@id":"https:\/\/radioinfinitagoya.com.ar\/v1\/#website"},"primaryImageOfPage":{"@id":"https:\/\/radioinfinitagoya.com.ar\/v1\/2025\/07\/23\/central-cordoba-goleo-y-se-enfrentara-a-lanus-en-octavos-de-final\/#primaryimage"},"image":{"@id":"https:\/\/radioinfinitagoya.com.ar\/v1\/2025\/07\/23\/central-cordoba-goleo-y-se-enfrentara-a-lanus-en-octavos-de-final\/#primaryimage"},"thumbnailUrl":"https:\/\/radioinfinitagoya.com.ar\/v1\/wp-content\/uploads\/2025\/07\/GwgAdohWwAAz9y_.jpg","datePublished":"2025-07-23T20:08:25+00:00","description":"El equipo argentino gan\u00f3 por 3-0 a Cerro Largo, de Uruguay. Con el pase asegurado, el Granate lo espera en la pr\u00f3xima fase. Central C\u00f3rdoba sigue sumando","breadcrumb":{"@id":"https:\/\/radioinfinitagoya.com.ar\/v1\/2025\/07\/23\/central-cordoba-goleo-y-se-enfrentara-a-lanus-en-octavos-de-final\/#breadcrumb"},"inLanguage":"es-AR","potentialAction":[{"@type":"ReadAction","target":["https:\/\/radioinfinitagoya.com.ar\/v1\/2025\/07\/23\/central-cordoba-goleo-y-se-enfrentara-a-lanus-en-octavos-de-final\/"]}]},{"@type":"ImageObject","inLanguage":"es-AR","@id":"https:\/\/radioinfinitagoya.com.ar\/v1\/2025\/07\/23\/central-cordoba-goleo-y-se-enfrentara-a-lanus-en-octavos-de-final\/#primaryimage","url":"https:\/\/radioinfinitagoya.com.ar\/v1\/wp-content\/uploads\/2025\/07\/GwgAdohWwAAz9y_.jpg","contentUrl":"https:\/\/radioinfinitagoya.com.ar\/v1\/wp-content\/uploads\/2025\/07\/GwgAdohWwAAz9y_.jpg","width":680,"height":453},{"@type":"BreadcrumbList","@id":"https:\/\/radioinfinitagoya.com.ar\/v1\/2025\/07\/23\/central-cordoba-goleo-y-se-enfrentara-a-lanus-en-octavos-de-final\/#breadcrumb","itemListElement":[{"@type":"ListItem","position":1,"name":"Inicio","item":"https:\/\/radioinfinitagoya.com.ar\/v1\/"},{"@type":"ListItem","position":2,"name":"Central C\u00f3rdoba gole\u00f3 y se enfrentar\u00e1 a Lan\u00fas en octavos de final"}]},{"@type":"WebSite","@id":"https:\/\/radioinfinitagoya.com.ar\/v1\/#website","url":"https:\/\/radioinfinitagoya.com.ar\/v1\/","name":"radioinfinitagoya.com.ar","description":"Radio de noticias","publisher":{"@id":"https:\/\/radioinfinitagoya.com.ar\/v1\/#organization"},"potentialAction":[{"@type":"SearchAction","target":{"@type":"EntryPoint","urlTemplate":"https:\/\/radioinfinitagoya.com.ar\/v1\/?s={search_term_string}"},"query-input":{"@type":"PropertyValueSpecification","valueRequired":true,"valueName":"search_term_string"}}],"inLanguage":"es-AR"},{"@type":"Organization","@id":"https:\/\/radioinfinitagoya.com.ar\/v1\/#organization","name":"Radio Infinita Goya","url":"https:\/\/radioinfinitagoya.com.ar\/v1\/","logo":{"@type":"ImageObject","inLanguage":"es-AR","@id":"https:\/\/radioinfinitagoya.com.ar\/v1\/#\/schema\/logo\/image\/","url":"https:\/\/radioinfinitagoya.com.ar\/v1\/wp-content\/uploads\/2019\/11\/logo-pie-web.png","contentUrl":"https:\/\/radioinfinitagoya.com.ar\/v1\/wp-content\/uploads\/2019\/11\/logo-pie-web.png","width":635,"height":326,"caption":"Radio Infinita Goya"},"image":{"@id":"https:\/\/radioinfinitagoya.com.ar\/v1\/#\/schema\/logo\/image\/"},"sameAs":["https:\/\/www.facebook.com\/p\/Infinita-Goya-100063870918311\/"]},{"@type":"Person","@id":"https:\/\/radioinfinitagoya.com.ar\/v1\/#\/schema\/person\/d4cf9c413d4f6edb24aabdccab49ca4a","name":"Jorge Mi\u00f1o","image":{"@type":"ImageObject","inLanguage":"es-AR","@id":"https:\/\/secure.gravatar.com\/avatar\/910fcf6728fe95320e07a6643c1581fec1c7fc4bf8ae12e3d8f0d0373dc844be?s=96&d=mm&r=g","url":"https:\/\/secure.gravatar.com\/avatar\/910fcf6728fe95320e07a6643c1581fec1c7fc4bf8ae12e3d8f0d0373dc844be?s=96&d=mm&r=g","contentUrl":"https:\/\/secure.gravatar.com\/avatar\/910fcf6728fe95320e07a6643c1581fec1c7fc4bf8ae12e3d8f0d0373dc844be?s=96&d=mm&r=g","caption":"Jorge Mi\u00f1o"},"sameAs":["http:\/\/radioinfinitagoya.com.ar"]}]}},"_links":{"self":[{"href":"https:\/\/radioinfinitagoya.com.ar\/v1\/wp-json\/wp\/v2\/posts\/193253","targetHints":{"allow":["GET"]}}],"collection":[{"href":"https:\/\/radioinfinitagoya.com.ar\/v1\/wp-json\/wp\/v2\/posts"}],"about":[{"href":"https:\/\/radioinfinitagoya.com.ar\/v1\/wp-json\/wp\/v2\/types\/post"}],"author":[{"embeddable":true,"href":"https:\/\/radioinfinitagoya.com.ar\/v1\/wp-json\/wp\/v2\/users\/4"}],"replies":[{"embeddable":true,"href":"https:\/\/radioinfinitagoya.com.ar\/v1\/wp-json\/wp\/v2\/comments?post=193253"}],"version-history":[{"count":0,"href":"https:\/\/radioinfinitagoya.com.ar\/v1\/wp-json\/wp\/v2\/posts\/193253\/revisions"}],"wp:featuredmedia":[{"embeddable":true,"href":"https:\/\/radioinfinitagoya.com.ar\/v1\/wp-json\/wp\/v2\/media\/193254"}],"wp:attachment":[{"href":"https:\/\/radioinfinitagoya.com.ar\/v1\/wp-json\/wp\/v2\/media?parent=193253"}],"wp:term":[{"taxonomy":"category","embeddable":true,"href":"https:\/\/radioinfinitagoya.com.ar\/v1\/wp-json\/wp\/v2\/categories?post=193253"},{"taxonomy":"post_tag","embeddable":true,"href":"https:\/\/radioinfinitagoya.com.ar\/v1\/wp-json\/wp\/v2\/tags?post=193253"}],"curies":[{"name":"wp","href":"https:\/\/api.w.org\/{rel}","templated":true}]}}