{"id":193260,"date":"2025-07-23T17:15:55","date_gmt":"2025-07-23T20:15:55","guid":{"rendered":"https:\/\/radioinfinitagoya.com.ar\/v1\/?p=193260"},"modified":"2025-07-23T17:15:55","modified_gmt":"2025-07-23T20:15:55","slug":"jornada-taller-maquinarias-y-calibracion-de-maquinas","status":"publish","type":"post","link":"https:\/\/radioinfinitagoya.com.ar\/v1\/2025\/07\/23\/jornada-taller-maquinarias-y-calibracion-de-maquinas\/","title":{"rendered":"Jornada Taller Maquinarias y Calibraci\u00f3n de Maquinas"},"content":{"rendered":"<p>EEA INTA Bella Vista \u2013 6 de agosto 2025<\/p>\n<p>OBJETIVOS<\/p>\n<p>Promover y dar pautas para la seguridad en el uso de herramientas y maquinarias de uso<\/p>\n<p>agr\u00edcola.<\/p>\n<p>Aspectos b\u00e1sicos para el mantenimiento de maquinarias y aplicadores de productos<\/p>\n<p>fitosanitarios<\/p>\n<p>Conocimiento de tipos de picos, vol\u00famenes de aplicaci\u00f3n y aspectos a tener en cuenta para la<\/p>\n<p>correcta regulaci\u00f3n de los equipos<\/p>\n<p>Calibraci\u00f3n de m\u00e1quinas pulverizadoras<\/p>\n<p>PROGRAMA<\/p>\n<p>&#8211; 08.00.- Recepci\u00f3n por parte del director de la Unidad, Ing. Forestal Federico Caniza<\/p>\n<p>&#8211; 8.15.- Programa de la jornada: Ing. Roberto Pacheco \u2013 Ing. Andres Ramirez<\/p>\n<p>&#8211; 8.20.- Aspecto te\u00f3ricos a tener en cuenta para la seguridad en el uso y el mantenimiento de<\/p>\n<p>maquinarias\u2013 sal\u00f3n de usos m\u00faltiples de la unidad \u2013 Ing. Roberto Pacheco<\/p>\n<p>&#8211; 9.00.- Calibraci\u00f3n de m\u00e1quinas pulverizadoras: tipos de picos (cono lleno, cono hueco,<\/p>\n<p>abanico plano), presiones y velocidad en la aplicaci\u00f3n. Determinaci\u00f3n de vol\u00famenes a<\/p>\n<p>aplicar por hect\u00e1rea. Dosis por hect\u00e1rea. Importancia de la relaci\u00f3n entre vol\u00famenes de<\/p>\n<p>aplicaci\u00f3n y dosis del producto. Adherentes y tensioactivos. Ing. Andr\u00e9s Ramirez<\/p>\n<p>&#8211; 9.40 a 10.00 hs \u2013 Receso<\/p>\n<p>&#8211; 10.00 hs. Practica de mantenimiento y seguridad en el uso de maquinarias. Ing. Roberto<\/p>\n<p>Pacheco<\/p>\n<p>&#8211; 11.00 hs. Practica de calibraci\u00f3n de maquinarias. Ing. Andr\u00e9s Ramirez<\/p>\n<p>&#8211; 12.00 hs. Puesta en com\u00fan, conclusiones y cierre de la jornada<\/p>\n<p>Direcci\u00f3n de Prensa-Municipalidad de Goya<\/p>\n","protected":false},"excerpt":{"rendered":"<p>EEA INTA Bella Vista \u2013 6 de agosto 2025 OBJETIVOS Promover y dar pautas para la seguridad en el uso de herramientas y maquinarias de uso agr\u00edcola. Aspectos b\u00e1sicos para el mantenimiento de maquinarias y aplicadores de productos fitosanitarios Conocimiento de tipos de picos, vol\u00famenes de aplicaci\u00f3n y aspectos a tener en cuenta para la [&hellip;]<\/p>\n","protected":false},"author":4,"featured_media":193261,"comment_status":"closed","ping_status":"closed","sticky":false,"template":"","format":"standard","meta":{"_joinchat":[],"footnotes":""},"categories":[27],"tags":[],"class_list":{"0":"post-193260","1":"post","2":"type-post","3":"status-publish","4":"format-standard","5":"has-post-thumbnail","7":"category-locales"},"yoast_head":"<!-- This site is optimized with the Yoast SEO plugin v27.2 - https:\/\/yoast.com\/product\/yoast-seo-wordpress\/ -->\n<title>Jornada Taller Maquinarias y Calibraci\u00f3n de Maquinas - Radio Infinita Goya<\/title>\n<meta name=\"description\" content=\"EEA INTA Bella Vista \u2013 6 de agosto 2025 OBJETIVOS Promover y dar pautas para la seguridad en el uso de herramientas y maquinarias de uso agr\u00edcola.\" \/>\n<meta name=\"robots\" content=\"index, follow, max-snippet:-1, max-image-preview:large, max-video-preview:-1\" \/>\n<link rel=\"canonical\" href=\"https:\/\/radioinfinitagoya.com.ar\/v1\/2025\/07\/23\/jornada-taller-maquinarias-y-calibracion-de-maquinas\/\" \/>\n<meta property=\"og:locale\" content=\"es_ES\" \/>\n<meta property=\"og:type\" content=\"article\" \/>\n<meta property=\"og:title\" content=\"Jornada Taller Maquinarias y Calibraci\u00f3n de Maquinas - Radio Infinita Goya\" \/>\n<meta property=\"og:description\" content=\"EEA INTA Bella Vista \u2013 6 de agosto 2025 OBJETIVOS Promover y dar pautas para la seguridad en el uso de herramientas y maquinarias de uso agr\u00edcola.\" \/>\n<meta property=\"og:url\" content=\"https:\/\/radioinfinitagoya.com.ar\/v1\/2025\/07\/23\/jornada-taller-maquinarias-y-calibracion-de-maquinas\/\" \/>\n<meta property=\"og:site_name\" content=\"Radio Infinita Goya\" \/>\n<meta property=\"article:publisher\" content=\"https:\/\/www.facebook.com\/p\/Infinita-Goya-100063870918311\/\" \/>\n<meta property=\"article:published_time\" content=\"2025-07-23T20:15:55+00:00\" \/>\n<meta property=\"og:image\" content=\"https:\/\/radioinfinitagoya.com.ar\/v1\/wp-content\/uploads\/2025\/07\/logo_intaa.png\" \/>\n\t<meta property=\"og:image:width\" content=\"848\" \/>\n\t<meta property=\"og:image:height\" content=\"477\" \/>\n\t<meta property=\"og:image:type\" content=\"image\/png\" \/>\n<meta name=\"author\" content=\"Jorge Mi\u00f1o\" \/>\n<meta name=\"twitter:card\" content=\"summary_large_image\" \/>\n<meta name=\"twitter:label1\" content=\"Escrito por\" \/>\n\t<meta name=\"twitter:data1\" content=\"Jorge Mi\u00f1o\" \/>\n\t<meta name=\"twitter:label2\" content=\"Tiempo de lectura\" \/>\n\t<meta name=\"twitter:data2\" content=\"2 minutos\" \/>\n<script type=\"application\/ld+json\" class=\"yoast-schema-graph\">{\"@context\":\"https:\/\/schema.org\",\"@graph\":[{\"@type\":\"Article\",\"@id\":\"https:\/\/radioinfinitagoya.com.ar\/v1\/2025\/07\/23\/jornada-taller-maquinarias-y-calibracion-de-maquinas\/#article\",\"isPartOf\":{\"@id\":\"https:\/\/radioinfinitagoya.com.ar\/v1\/2025\/07\/23\/jornada-taller-maquinarias-y-calibracion-de-maquinas\/\"},\"author\":{\"name\":\"Jorge Mi\u00f1o\",\"@id\":\"https:\/\/radioinfinitagoya.com.ar\/v1\/#\/schema\/person\/d4cf9c413d4f6edb24aabdccab49ca4a\"},\"headline\":\"Jornada Taller Maquinarias y Calibraci\u00f3n de Maquinas\",\"datePublished\":\"2025-07-23T20:15:55+00:00\",\"mainEntityOfPage\":{\"@id\":\"https:\/\/radioinfinitagoya.com.ar\/v1\/2025\/07\/23\/jornada-taller-maquinarias-y-calibracion-de-maquinas\/\"},\"wordCount\":245,\"publisher\":{\"@id\":\"https:\/\/radioinfinitagoya.com.ar\/v1\/#organization\"},\"image\":{\"@id\":\"https:\/\/radioinfinitagoya.com.ar\/v1\/2025\/07\/23\/jornada-taller-maquinarias-y-calibracion-de-maquinas\/#primaryimage\"},\"thumbnailUrl\":\"https:\/\/radioinfinitagoya.com.ar\/v1\/wp-content\/uploads\/2025\/07\/logo_intaa.png\",\"articleSection\":[\"LOCALES\"],\"inLanguage\":\"es-AR\"},{\"@type\":\"WebPage\",\"@id\":\"https:\/\/radioinfinitagoya.com.ar\/v1\/2025\/07\/23\/jornada-taller-maquinarias-y-calibracion-de-maquinas\/\",\"url\":\"https:\/\/radioinfinitagoya.com.ar\/v1\/2025\/07\/23\/jornada-taller-maquinarias-y-calibracion-de-maquinas\/\",\"name\":\"Jornada Taller Maquinarias y Calibraci\u00f3n de Maquinas - Radio Infinita Goya\",\"isPartOf\":{\"@id\":\"https:\/\/radioinfinitagoya.com.ar\/v1\/#website\"},\"primaryImageOfPage\":{\"@id\":\"https:\/\/radioinfinitagoya.com.ar\/v1\/2025\/07\/23\/jornada-taller-maquinarias-y-calibracion-de-maquinas\/#primaryimage\"},\"image\":{\"@id\":\"https:\/\/radioinfinitagoya.com.ar\/v1\/2025\/07\/23\/jornada-taller-maquinarias-y-calibracion-de-maquinas\/#primaryimage\"},\"thumbnailUrl\":\"https:\/\/radioinfinitagoya.com.ar\/v1\/wp-content\/uploads\/2025\/07\/logo_intaa.png\",\"datePublished\":\"2025-07-23T20:15:55+00:00\",\"description\":\"EEA INTA Bella Vista \u2013 6 de agosto 2025 OBJETIVOS Promover y dar pautas para la seguridad en el uso de herramientas y maquinarias de uso agr\u00edcola.\",\"breadcrumb\":{\"@id\":\"https:\/\/radioinfinitagoya.com.ar\/v1\/2025\/07\/23\/jornada-taller-maquinarias-y-calibracion-de-maquinas\/#breadcrumb\"},\"inLanguage\":\"es-AR\",\"potentialAction\":[{\"@type\":\"ReadAction\",\"target\":[\"https:\/\/radioinfinitagoya.com.ar\/v1\/2025\/07\/23\/jornada-taller-maquinarias-y-calibracion-de-maquinas\/\"]}]},{\"@type\":\"ImageObject\",\"inLanguage\":\"es-AR\",\"@id\":\"https:\/\/radioinfinitagoya.com.ar\/v1\/2025\/07\/23\/jornada-taller-maquinarias-y-calibracion-de-maquinas\/#primaryimage\",\"url\":\"https:\/\/radioinfinitagoya.com.ar\/v1\/wp-content\/uploads\/2025\/07\/logo_intaa.png\",\"contentUrl\":\"https:\/\/radioinfinitagoya.com.ar\/v1\/wp-content\/uploads\/2025\/07\/logo_intaa.png\",\"width\":848,\"height\":477},{\"@type\":\"BreadcrumbList\",\"@id\":\"https:\/\/radioinfinitagoya.com.ar\/v1\/2025\/07\/23\/jornada-taller-maquinarias-y-calibracion-de-maquinas\/#breadcrumb\",\"itemListElement\":[{\"@type\":\"ListItem\",\"position\":1,\"name\":\"Inicio\",\"item\":\"https:\/\/radioinfinitagoya.com.ar\/v1\/\"},{\"@type\":\"ListItem\",\"position\":2,\"name\":\"Jornada Taller Maquinarias y Calibraci\u00f3n de Maquinas\"}]},{\"@type\":\"WebSite\",\"@id\":\"https:\/\/radioinfinitagoya.com.ar\/v1\/#website\",\"url\":\"https:\/\/radioinfinitagoya.com.ar\/v1\/\",\"name\":\"radioinfinitagoya.com.ar\",\"description\":\"Radio de noticias\",\"publisher\":{\"@id\":\"https:\/\/radioinfinitagoya.com.ar\/v1\/#organization\"},\"potentialAction\":[{\"@type\":\"SearchAction\",\"target\":{\"@type\":\"EntryPoint\",\"urlTemplate\":\"https:\/\/radioinfinitagoya.com.ar\/v1\/?s={search_term_string}\"},\"query-input\":{\"@type\":\"PropertyValueSpecification\",\"valueRequired\":true,\"valueName\":\"search_term_string\"}}],\"inLanguage\":\"es-AR\"},{\"@type\":\"Organization\",\"@id\":\"https:\/\/radioinfinitagoya.com.ar\/v1\/#organization\",\"name\":\"Radio Infinita Goya\",\"url\":\"https:\/\/radioinfinitagoya.com.ar\/v1\/\",\"logo\":{\"@type\":\"ImageObject\",\"inLanguage\":\"es-AR\",\"@id\":\"https:\/\/radioinfinitagoya.com.ar\/v1\/#\/schema\/logo\/image\/\",\"url\":\"https:\/\/radioinfinitagoya.com.ar\/v1\/wp-content\/uploads\/2019\/11\/logo-pie-web.png\",\"contentUrl\":\"https:\/\/radioinfinitagoya.com.ar\/v1\/wp-content\/uploads\/2019\/11\/logo-pie-web.png\",\"width\":635,\"height\":326,\"caption\":\"Radio Infinita Goya\"},\"image\":{\"@id\":\"https:\/\/radioinfinitagoya.com.ar\/v1\/#\/schema\/logo\/image\/\"},\"sameAs\":[\"https:\/\/www.facebook.com\/p\/Infinita-Goya-100063870918311\/\"]},{\"@type\":\"Person\",\"@id\":\"https:\/\/radioinfinitagoya.com.ar\/v1\/#\/schema\/person\/d4cf9c413d4f6edb24aabdccab49ca4a\",\"name\":\"Jorge Mi\u00f1o\",\"image\":{\"@type\":\"ImageObject\",\"inLanguage\":\"es-AR\",\"@id\":\"https:\/\/secure.gravatar.com\/avatar\/910fcf6728fe95320e07a6643c1581fec1c7fc4bf8ae12e3d8f0d0373dc844be?s=96&d=mm&r=g\",\"url\":\"https:\/\/secure.gravatar.com\/avatar\/910fcf6728fe95320e07a6643c1581fec1c7fc4bf8ae12e3d8f0d0373dc844be?s=96&d=mm&r=g\",\"contentUrl\":\"https:\/\/secure.gravatar.com\/avatar\/910fcf6728fe95320e07a6643c1581fec1c7fc4bf8ae12e3d8f0d0373dc844be?s=96&d=mm&r=g\",\"caption\":\"Jorge Mi\u00f1o\"},\"sameAs\":[\"http:\/\/radioinfinitagoya.com.ar\"]}]}<\/script>\n<!-- \/ Yoast SEO plugin. -->","yoast_head_json":{"title":"Jornada Taller Maquinarias y Calibraci\u00f3n de Maquinas - Radio Infinita Goya","description":"EEA INTA Bella Vista \u2013 6 de agosto 2025 OBJETIVOS Promover y dar pautas para la seguridad en el uso de herramientas y maquinarias de uso agr\u00edcola.","robots":{"index":"index","follow":"follow","max-snippet":"max-snippet:-1","max-image-preview":"max-image-preview:large","max-video-preview":"max-video-preview:-1"},"canonical":"https:\/\/radioinfinitagoya.com.ar\/v1\/2025\/07\/23\/jornada-taller-maquinarias-y-calibracion-de-maquinas\/","og_locale":"es_ES","og_type":"article","og_title":"Jornada Taller Maquinarias y Calibraci\u00f3n de Maquinas - Radio Infinita Goya","og_description":"EEA INTA Bella Vista \u2013 6 de agosto 2025 OBJETIVOS Promover y dar pautas para la seguridad en el uso de herramientas y maquinarias de uso agr\u00edcola.","og_url":"https:\/\/radioinfinitagoya.com.ar\/v1\/2025\/07\/23\/jornada-taller-maquinarias-y-calibracion-de-maquinas\/","og_site_name":"Radio Infinita Goya","article_publisher":"https:\/\/www.facebook.com\/p\/Infinita-Goya-100063870918311\/","article_published_time":"2025-07-23T20:15:55+00:00","og_image":[{"width":848,"height":477,"url":"https:\/\/radioinfinitagoya.com.ar\/v1\/wp-content\/uploads\/2025\/07\/logo_intaa.png","type":"image\/png"}],"author":"Jorge Mi\u00f1o","twitter_card":"summary_large_image","twitter_misc":{"Escrito por":"Jorge Mi\u00f1o","Tiempo de lectura":"2 minutos"},"schema":{"@context":"https:\/\/schema.org","@graph":[{"@type":"Article","@id":"https:\/\/radioinfinitagoya.com.ar\/v1\/2025\/07\/23\/jornada-taller-maquinarias-y-calibracion-de-maquinas\/#article","isPartOf":{"@id":"https:\/\/radioinfinitagoya.com.ar\/v1\/2025\/07\/23\/jornada-taller-maquinarias-y-calibracion-de-maquinas\/"},"author":{"name":"Jorge Mi\u00f1o","@id":"https:\/\/radioinfinitagoya.com.ar\/v1\/#\/schema\/person\/d4cf9c413d4f6edb24aabdccab49ca4a"},"headline":"Jornada Taller Maquinarias y Calibraci\u00f3n de Maquinas","datePublished":"2025-07-23T20:15:55+00:00","mainEntityOfPage":{"@id":"https:\/\/radioinfinitagoya.com.ar\/v1\/2025\/07\/23\/jornada-taller-maquinarias-y-calibracion-de-maquinas\/"},"wordCount":245,"publisher":{"@id":"https:\/\/radioinfinitagoya.com.ar\/v1\/#organization"},"image":{"@id":"https:\/\/radioinfinitagoya.com.ar\/v1\/2025\/07\/23\/jornada-taller-maquinarias-y-calibracion-de-maquinas\/#primaryimage"},"thumbnailUrl":"https:\/\/radioinfinitagoya.com.ar\/v1\/wp-content\/uploads\/2025\/07\/logo_intaa.png","articleSection":["LOCALES"],"inLanguage":"es-AR"},{"@type":"WebPage","@id":"https:\/\/radioinfinitagoya.com.ar\/v1\/2025\/07\/23\/jornada-taller-maquinarias-y-calibracion-de-maquinas\/","url":"https:\/\/radioinfinitagoya.com.ar\/v1\/2025\/07\/23\/jornada-taller-maquinarias-y-calibracion-de-maquinas\/","name":"Jornada Taller Maquinarias y Calibraci\u00f3n de Maquinas - Radio Infinita Goya","isPartOf":{"@id":"https:\/\/radioinfinitagoya.com.ar\/v1\/#website"},"primaryImageOfPage":{"@id":"https:\/\/radioinfinitagoya.com.ar\/v1\/2025\/07\/23\/jornada-taller-maquinarias-y-calibracion-de-maquinas\/#primaryimage"},"image":{"@id":"https:\/\/radioinfinitagoya.com.ar\/v1\/2025\/07\/23\/jornada-taller-maquinarias-y-calibracion-de-maquinas\/#primaryimage"},"thumbnailUrl":"https:\/\/radioinfinitagoya.com.ar\/v1\/wp-content\/uploads\/2025\/07\/logo_intaa.png","datePublished":"2025-07-23T20:15:55+00:00","description":"EEA INTA Bella Vista \u2013 6 de agosto 2025 OBJETIVOS Promover y dar pautas para la seguridad en el uso de herramientas y maquinarias de uso agr\u00edcola.","breadcrumb":{"@id":"https:\/\/radioinfinitagoya.com.ar\/v1\/2025\/07\/23\/jornada-taller-maquinarias-y-calibracion-de-maquinas\/#breadcrumb"},"inLanguage":"es-AR","potentialAction":[{"@type":"ReadAction","target":["https:\/\/radioinfinitagoya.com.ar\/v1\/2025\/07\/23\/jornada-taller-maquinarias-y-calibracion-de-maquinas\/"]}]},{"@type":"ImageObject","inLanguage":"es-AR","@id":"https:\/\/radioinfinitagoya.com.ar\/v1\/2025\/07\/23\/jornada-taller-maquinarias-y-calibracion-de-maquinas\/#primaryimage","url":"https:\/\/radioinfinitagoya.com.ar\/v1\/wp-content\/uploads\/2025\/07\/logo_intaa.png","contentUrl":"https:\/\/radioinfinitagoya.com.ar\/v1\/wp-content\/uploads\/2025\/07\/logo_intaa.png","width":848,"height":477},{"@type":"BreadcrumbList","@id":"https:\/\/radioinfinitagoya.com.ar\/v1\/2025\/07\/23\/jornada-taller-maquinarias-y-calibracion-de-maquinas\/#breadcrumb","itemListElement":[{"@type":"ListItem","position":1,"name":"Inicio","item":"https:\/\/radioinfinitagoya.com.ar\/v1\/"},{"@type":"ListItem","position":2,"name":"Jornada Taller Maquinarias y Calibraci\u00f3n de Maquinas"}]},{"@type":"WebSite","@id":"https:\/\/radioinfinitagoya.com.ar\/v1\/#website","url":"https:\/\/radioinfinitagoya.com.ar\/v1\/","name":"radioinfinitagoya.com.ar","description":"Radio de noticias","publisher":{"@id":"https:\/\/radioinfinitagoya.com.ar\/v1\/#organization"},"potentialAction":[{"@type":"SearchAction","target":{"@type":"EntryPoint","urlTemplate":"https:\/\/radioinfinitagoya.com.ar\/v1\/?s={search_term_string}"},"query-input":{"@type":"PropertyValueSpecification","valueRequired":true,"valueName":"search_term_string"}}],"inLanguage":"es-AR"},{"@type":"Organization","@id":"https:\/\/radioinfinitagoya.com.ar\/v1\/#organization","name":"Radio Infinita Goya","url":"https:\/\/radioinfinitagoya.com.ar\/v1\/","logo":{"@type":"ImageObject","inLanguage":"es-AR","@id":"https:\/\/radioinfinitagoya.com.ar\/v1\/#\/schema\/logo\/image\/","url":"https:\/\/radioinfinitagoya.com.ar\/v1\/wp-content\/uploads\/2019\/11\/logo-pie-web.png","contentUrl":"https:\/\/radioinfinitagoya.com.ar\/v1\/wp-content\/uploads\/2019\/11\/logo-pie-web.png","width":635,"height":326,"caption":"Radio Infinita Goya"},"image":{"@id":"https:\/\/radioinfinitagoya.com.ar\/v1\/#\/schema\/logo\/image\/"},"sameAs":["https:\/\/www.facebook.com\/p\/Infinita-Goya-100063870918311\/"]},{"@type":"Person","@id":"https:\/\/radioinfinitagoya.com.ar\/v1\/#\/schema\/person\/d4cf9c413d4f6edb24aabdccab49ca4a","name":"Jorge Mi\u00f1o","image":{"@type":"ImageObject","inLanguage":"es-AR","@id":"https:\/\/secure.gravatar.com\/avatar\/910fcf6728fe95320e07a6643c1581fec1c7fc4bf8ae12e3d8f0d0373dc844be?s=96&d=mm&r=g","url":"https:\/\/secure.gravatar.com\/avatar\/910fcf6728fe95320e07a6643c1581fec1c7fc4bf8ae12e3d8f0d0373dc844be?s=96&d=mm&r=g","contentUrl":"https:\/\/secure.gravatar.com\/avatar\/910fcf6728fe95320e07a6643c1581fec1c7fc4bf8ae12e3d8f0d0373dc844be?s=96&d=mm&r=g","caption":"Jorge Mi\u00f1o"},"sameAs":["http:\/\/radioinfinitagoya.com.ar"]}]}},"_links":{"self":[{"href":"https:\/\/radioinfinitagoya.com.ar\/v1\/wp-json\/wp\/v2\/posts\/193260","targetHints":{"allow":["GET"]}}],"collection":[{"href":"https:\/\/radioinfinitagoya.com.ar\/v1\/wp-json\/wp\/v2\/posts"}],"about":[{"href":"https:\/\/radioinfinitagoya.com.ar\/v1\/wp-json\/wp\/v2\/types\/post"}],"author":[{"embeddable":true,"href":"https:\/\/radioinfinitagoya.com.ar\/v1\/wp-json\/wp\/v2\/users\/4"}],"replies":[{"embeddable":true,"href":"https:\/\/radioinfinitagoya.com.ar\/v1\/wp-json\/wp\/v2\/comments?post=193260"}],"version-history":[{"count":0,"href":"https:\/\/radioinfinitagoya.com.ar\/v1\/wp-json\/wp\/v2\/posts\/193260\/revisions"}],"wp:featuredmedia":[{"embeddable":true,"href":"https:\/\/radioinfinitagoya.com.ar\/v1\/wp-json\/wp\/v2\/media\/193261"}],"wp:attachment":[{"href":"https:\/\/radioinfinitagoya.com.ar\/v1\/wp-json\/wp\/v2\/media?parent=193260"}],"wp:term":[{"taxonomy":"category","embeddable":true,"href":"https:\/\/radioinfinitagoya.com.ar\/v1\/wp-json\/wp\/v2\/categories?post=193260"},{"taxonomy":"post_tag","embeddable":true,"href":"https:\/\/radioinfinitagoya.com.ar\/v1\/wp-json\/wp\/v2\/tags?post=193260"}],"curies":[{"name":"wp","href":"https:\/\/api.w.org\/{rel}","templated":true}]}}