{"id":193266,"date":"2025-07-23T17:19:18","date_gmt":"2025-07-23T20:19:18","guid":{"rendered":"https:\/\/radioinfinitagoya.com.ar\/v1\/?p=193266"},"modified":"2025-07-23T17:19:18","modified_gmt":"2025-07-23T20:19:18","slug":"mariano-hormaechea-una-administracion-que-valora-y-potencia-sus-recursos-humanos","status":"publish","type":"post","link":"https:\/\/radioinfinitagoya.com.ar\/v1\/2025\/07\/23\/mariano-hormaechea-una-administracion-que-valora-y-potencia-sus-recursos-humanos\/","title":{"rendered":"Mariano Hormaechea: Una administraci\u00f3n que valora y potencia sus recursos humanos"},"content":{"rendered":"<p>Desde el 2021 la actual gesti\u00f3n municipal se ha caracterizado por la modernizaci\u00f3n del estado comunal, acci\u00f3n que va de la mano del reordenamiento en relaci\u00f3n a los empleados municipales, y a fin de que la eficiencia en la prestaci\u00f3n de servicios sea el com\u00fan denominador. Junto a ello, la administraci\u00f3n financiera transparente y responsable permite accionar en favor de los empleados beneficiados con estabilidad, seguridad laboral y econ\u00f3mica. Esto se traduce -por ejemplo- en el pase a planta permanente de aquellos que cumplen con los requisitos solicitados, recategorizaci\u00f3n y la permanente actualizaci\u00f3n de ingresos econ\u00f3micos, fortalecidos ocasionalmente con bonos extraordinarios como el previsto para el 28 de julio y agosto destinado a todo el personal.<\/p>\n<p>El intendente Mariano Hormaechea, el 1 de marzo hab\u00eda expresado en el concejo deliberante lo relacionado al pase a planta permanente de aquellos empleados que cumplan con los requisitos, principalmente de antig\u00fcedad y con su ficha de trabajo en relaci\u00f3n a la municipalidad. A partir de entonces se hizo la convocatoria y comenz\u00f3 un trabajo pormenorizado \u201cpara no cometer errores y ver la situaci\u00f3n de cada uno de estos empleados; y el d\u00eda de ayer (lunes 21 de julio) tomamos la decisi\u00f3n de hacer este pase a planta, consolidando el reordenamiento del municipio en relaci\u00f3n a los dependientes, a los empleados municipales\u201d, afirm\u00f3 el intendente de la segunda ciudad de la provincia.<\/p>\n<p>\u201cCabe recordar que desde el inicio de la gesti\u00f3n venimos trabajando en ese reordenamiento, evaluando y ordenando cada una de las \u00e1reas municipales haciendo un censo para saber en qu\u00e9 situaci\u00f3n se encuentra cada empleado, cu\u00e1l es su situaci\u00f3n personal, d\u00f3nde presta servicio, su grado de formaci\u00f3n y la tarea que realiza, para que podamos tambi\u00e9n generarle oportunidades para que el empleado municipal no solo tenga seguridad laboral sino tambi\u00e9n nosotros poder generarle oportunidades para que se pueda capacitar, formar, en algunos casos terminar sus estudios, lo cual va a generar mayor eficiencia para la prestaci\u00f3n de servicio que realiza dentro del municipio\u201d, argument\u00f3.<\/p>\n<p>En lo que al bono extraordinario se refiere, ratific\u00f3 Mariano Hormaechea que \u201cva en consonancia con la pol\u00edtica salarial planteada al asumir el gobierno municipal en 2021\u201d. En este caso particular \u201cson 200.000 pesos que se van a materializar en dos cuotas, una el 28 de julio y otra el 28 de agosto, cuando se abonen los sueldos correspondientes. Destinado a los empleados de planta permanente, contratados, por expediente y jornalizados\u201d.<\/p>\n<p>Una de las vertientes de la modernizaci\u00f3n del estado municipal se ha dado, de manera paulatina, concret\u00e1ndose la bancarizaci\u00f3n de los empleados del municipio. \u201cEs parte del reordenamiento que se viene realizando, ir bancarizando a todos los empleados, lo cual permite tener un orden, seguridad, y al empleado le suma el hecho de poder con su tarjeta estar dentro del circuito comercial, donde hoy la mayor\u00eda de las transacciones se hacen de manera digital, de las tarjetas de d\u00e9bito\u201d, ejemplific\u00f3.<\/p>\n<p>Todo este c\u00famulo de acciones conforman un buen ejemplo de c\u00f3mo la gesti\u00f3n pone en valor al personal municipal, reconoce su trabajo y trabaja en pos de un estado eficiente.<\/p>\n<p>Direcci\u00f3n de Prensa \u2013 Municipalidad de Goya<\/p>\n","protected":false},"excerpt":{"rendered":"<p>Desde el 2021 la actual gesti\u00f3n municipal se ha caracterizado por la modernizaci\u00f3n del estado comunal, acci\u00f3n que va de la mano del reordenamiento en relaci\u00f3n a los empleados municipales, y a fin de que la eficiencia en la prestaci\u00f3n de servicios sea el com\u00fan denominador. Junto a ello, la administraci\u00f3n financiera transparente y responsable [&hellip;]<\/p>\n","protected":false},"author":4,"featured_media":193267,"comment_status":"closed","ping_status":"closed","sticky":false,"template":"","format":"standard","meta":{"_joinchat":[],"footnotes":""},"categories":[27],"tags":[],"class_list":{"0":"post-193266","1":"post","2":"type-post","3":"status-publish","4":"format-standard","5":"has-post-thumbnail","7":"category-locales"},"yoast_head":"<!-- This site is optimized with the Yoast SEO plugin v27.2 - https:\/\/yoast.com\/product\/yoast-seo-wordpress\/ -->\n<title>Mariano Hormaechea: Una administraci\u00f3n que valora y potencia sus recursos humanos - Radio Infinita Goya<\/title>\n<meta name=\"description\" content=\"Desde el 2021 la actual gesti\u00f3n municipal se ha caracterizado por la modernizaci\u00f3n del estado comunal, acci\u00f3n que va de la mano del reordenamiento en\" \/>\n<meta name=\"robots\" content=\"index, follow, max-snippet:-1, max-image-preview:large, max-video-preview:-1\" \/>\n<link rel=\"canonical\" href=\"https:\/\/radioinfinitagoya.com.ar\/v1\/2025\/07\/23\/mariano-hormaechea-una-administracion-que-valora-y-potencia-sus-recursos-humanos\/\" \/>\n<meta property=\"og:locale\" content=\"es_ES\" \/>\n<meta property=\"og:type\" content=\"article\" \/>\n<meta property=\"og:title\" content=\"Mariano Hormaechea: Una administraci\u00f3n que valora y potencia sus recursos humanos - Radio Infinita Goya\" \/>\n<meta property=\"og:description\" content=\"Desde el 2021 la actual gesti\u00f3n municipal se ha caracterizado por la modernizaci\u00f3n del estado comunal, acci\u00f3n que va de la mano del reordenamiento en\" \/>\n<meta property=\"og:url\" content=\"https:\/\/radioinfinitagoya.com.ar\/v1\/2025\/07\/23\/mariano-hormaechea-una-administracion-que-valora-y-potencia-sus-recursos-humanos\/\" \/>\n<meta property=\"og:site_name\" content=\"Radio Infinita Goya\" \/>\n<meta property=\"article:publisher\" content=\"https:\/\/www.facebook.com\/p\/Infinita-Goya-100063870918311\/\" \/>\n<meta property=\"article:published_time\" content=\"2025-07-23T20:19:18+00:00\" \/>\n<meta property=\"og:image\" content=\"https:\/\/radioinfinitagoya.com.ar\/v1\/wp-content\/uploads\/2025\/07\/intendente_hormaechea_con_trabajadores_del_corralon_municip.jpg\" \/>\n\t<meta property=\"og:image:width\" content=\"848\" \/>\n\t<meta property=\"og:image:height\" content=\"477\" \/>\n\t<meta property=\"og:image:type\" content=\"image\/jpeg\" \/>\n<meta name=\"author\" content=\"Jorge Mi\u00f1o\" \/>\n<meta name=\"twitter:card\" content=\"summary_large_image\" \/>\n<meta name=\"twitter:label1\" content=\"Escrito por\" \/>\n\t<meta name=\"twitter:data1\" content=\"Jorge Mi\u00f1o\" \/>\n\t<meta name=\"twitter:label2\" content=\"Tiempo de lectura\" \/>\n\t<meta name=\"twitter:data2\" content=\"3 minutos\" \/>\n<script type=\"application\/ld+json\" class=\"yoast-schema-graph\">{\"@context\":\"https:\/\/schema.org\",\"@graph\":[{\"@type\":\"Article\",\"@id\":\"https:\/\/radioinfinitagoya.com.ar\/v1\/2025\/07\/23\/mariano-hormaechea-una-administracion-que-valora-y-potencia-sus-recursos-humanos\/#article\",\"isPartOf\":{\"@id\":\"https:\/\/radioinfinitagoya.com.ar\/v1\/2025\/07\/23\/mariano-hormaechea-una-administracion-que-valora-y-potencia-sus-recursos-humanos\/\"},\"author\":{\"name\":\"Jorge Mi\u00f1o\",\"@id\":\"https:\/\/radioinfinitagoya.com.ar\/v1\/#\/schema\/person\/d4cf9c413d4f6edb24aabdccab49ca4a\"},\"headline\":\"Mariano Hormaechea: Una administraci\u00f3n que valora y potencia sus recursos humanos\",\"datePublished\":\"2025-07-23T20:19:18+00:00\",\"mainEntityOfPage\":{\"@id\":\"https:\/\/radioinfinitagoya.com.ar\/v1\/2025\/07\/23\/mariano-hormaechea-una-administracion-que-valora-y-potencia-sus-recursos-humanos\/\"},\"wordCount\":560,\"publisher\":{\"@id\":\"https:\/\/radioinfinitagoya.com.ar\/v1\/#organization\"},\"image\":{\"@id\":\"https:\/\/radioinfinitagoya.com.ar\/v1\/2025\/07\/23\/mariano-hormaechea-una-administracion-que-valora-y-potencia-sus-recursos-humanos\/#primaryimage\"},\"thumbnailUrl\":\"https:\/\/radioinfinitagoya.com.ar\/v1\/wp-content\/uploads\/2025\/07\/intendente_hormaechea_con_trabajadores_del_corralon_municip.jpg\",\"articleSection\":[\"LOCALES\"],\"inLanguage\":\"es-AR\"},{\"@type\":\"WebPage\",\"@id\":\"https:\/\/radioinfinitagoya.com.ar\/v1\/2025\/07\/23\/mariano-hormaechea-una-administracion-que-valora-y-potencia-sus-recursos-humanos\/\",\"url\":\"https:\/\/radioinfinitagoya.com.ar\/v1\/2025\/07\/23\/mariano-hormaechea-una-administracion-que-valora-y-potencia-sus-recursos-humanos\/\",\"name\":\"Mariano Hormaechea: Una administraci\u00f3n que valora y potencia sus recursos humanos - Radio Infinita Goya\",\"isPartOf\":{\"@id\":\"https:\/\/radioinfinitagoya.com.ar\/v1\/#website\"},\"primaryImageOfPage\":{\"@id\":\"https:\/\/radioinfinitagoya.com.ar\/v1\/2025\/07\/23\/mariano-hormaechea-una-administracion-que-valora-y-potencia-sus-recursos-humanos\/#primaryimage\"},\"image\":{\"@id\":\"https:\/\/radioinfinitagoya.com.ar\/v1\/2025\/07\/23\/mariano-hormaechea-una-administracion-que-valora-y-potencia-sus-recursos-humanos\/#primaryimage\"},\"thumbnailUrl\":\"https:\/\/radioinfinitagoya.com.ar\/v1\/wp-content\/uploads\/2025\/07\/intendente_hormaechea_con_trabajadores_del_corralon_municip.jpg\",\"datePublished\":\"2025-07-23T20:19:18+00:00\",\"description\":\"Desde el 2021 la actual gesti\u00f3n municipal se ha caracterizado por la modernizaci\u00f3n del estado comunal, acci\u00f3n que va de la mano del reordenamiento en\",\"breadcrumb\":{\"@id\":\"https:\/\/radioinfinitagoya.com.ar\/v1\/2025\/07\/23\/mariano-hormaechea-una-administracion-que-valora-y-potencia-sus-recursos-humanos\/#breadcrumb\"},\"inLanguage\":\"es-AR\",\"potentialAction\":[{\"@type\":\"ReadAction\",\"target\":[\"https:\/\/radioinfinitagoya.com.ar\/v1\/2025\/07\/23\/mariano-hormaechea-una-administracion-que-valora-y-potencia-sus-recursos-humanos\/\"]}]},{\"@type\":\"ImageObject\",\"inLanguage\":\"es-AR\",\"@id\":\"https:\/\/radioinfinitagoya.com.ar\/v1\/2025\/07\/23\/mariano-hormaechea-una-administracion-que-valora-y-potencia-sus-recursos-humanos\/#primaryimage\",\"url\":\"https:\/\/radioinfinitagoya.com.ar\/v1\/wp-content\/uploads\/2025\/07\/intendente_hormaechea_con_trabajadores_del_corralon_municip.jpg\",\"contentUrl\":\"https:\/\/radioinfinitagoya.com.ar\/v1\/wp-content\/uploads\/2025\/07\/intendente_hormaechea_con_trabajadores_del_corralon_municip.jpg\",\"width\":848,\"height\":477},{\"@type\":\"BreadcrumbList\",\"@id\":\"https:\/\/radioinfinitagoya.com.ar\/v1\/2025\/07\/23\/mariano-hormaechea-una-administracion-que-valora-y-potencia-sus-recursos-humanos\/#breadcrumb\",\"itemListElement\":[{\"@type\":\"ListItem\",\"position\":1,\"name\":\"Inicio\",\"item\":\"https:\/\/radioinfinitagoya.com.ar\/v1\/\"},{\"@type\":\"ListItem\",\"position\":2,\"name\":\"Mariano Hormaechea: Una administraci\u00f3n que valora y potencia sus recursos humanos\"}]},{\"@type\":\"WebSite\",\"@id\":\"https:\/\/radioinfinitagoya.com.ar\/v1\/#website\",\"url\":\"https:\/\/radioinfinitagoya.com.ar\/v1\/\",\"name\":\"radioinfinitagoya.com.ar\",\"description\":\"Radio de noticias\",\"publisher\":{\"@id\":\"https:\/\/radioinfinitagoya.com.ar\/v1\/#organization\"},\"potentialAction\":[{\"@type\":\"SearchAction\",\"target\":{\"@type\":\"EntryPoint\",\"urlTemplate\":\"https:\/\/radioinfinitagoya.com.ar\/v1\/?s={search_term_string}\"},\"query-input\":{\"@type\":\"PropertyValueSpecification\",\"valueRequired\":true,\"valueName\":\"search_term_string\"}}],\"inLanguage\":\"es-AR\"},{\"@type\":\"Organization\",\"@id\":\"https:\/\/radioinfinitagoya.com.ar\/v1\/#organization\",\"name\":\"Radio Infinita Goya\",\"url\":\"https:\/\/radioinfinitagoya.com.ar\/v1\/\",\"logo\":{\"@type\":\"ImageObject\",\"inLanguage\":\"es-AR\",\"@id\":\"https:\/\/radioinfinitagoya.com.ar\/v1\/#\/schema\/logo\/image\/\",\"url\":\"https:\/\/radioinfinitagoya.com.ar\/v1\/wp-content\/uploads\/2019\/11\/logo-pie-web.png\",\"contentUrl\":\"https:\/\/radioinfinitagoya.com.ar\/v1\/wp-content\/uploads\/2019\/11\/logo-pie-web.png\",\"width\":635,\"height\":326,\"caption\":\"Radio Infinita Goya\"},\"image\":{\"@id\":\"https:\/\/radioinfinitagoya.com.ar\/v1\/#\/schema\/logo\/image\/\"},\"sameAs\":[\"https:\/\/www.facebook.com\/p\/Infinita-Goya-100063870918311\/\"]},{\"@type\":\"Person\",\"@id\":\"https:\/\/radioinfinitagoya.com.ar\/v1\/#\/schema\/person\/d4cf9c413d4f6edb24aabdccab49ca4a\",\"name\":\"Jorge Mi\u00f1o\",\"image\":{\"@type\":\"ImageObject\",\"inLanguage\":\"es-AR\",\"@id\":\"https:\/\/secure.gravatar.com\/avatar\/910fcf6728fe95320e07a6643c1581fec1c7fc4bf8ae12e3d8f0d0373dc844be?s=96&d=mm&r=g\",\"url\":\"https:\/\/secure.gravatar.com\/avatar\/910fcf6728fe95320e07a6643c1581fec1c7fc4bf8ae12e3d8f0d0373dc844be?s=96&d=mm&r=g\",\"contentUrl\":\"https:\/\/secure.gravatar.com\/avatar\/910fcf6728fe95320e07a6643c1581fec1c7fc4bf8ae12e3d8f0d0373dc844be?s=96&d=mm&r=g\",\"caption\":\"Jorge Mi\u00f1o\"},\"sameAs\":[\"http:\/\/radioinfinitagoya.com.ar\"]}]}<\/script>\n<!-- \/ Yoast SEO plugin. -->","yoast_head_json":{"title":"Mariano Hormaechea: Una administraci\u00f3n que valora y potencia sus recursos humanos - Radio Infinita Goya","description":"Desde el 2021 la actual gesti\u00f3n municipal se ha caracterizado por la modernizaci\u00f3n del estado comunal, acci\u00f3n que va de la mano del reordenamiento en","robots":{"index":"index","follow":"follow","max-snippet":"max-snippet:-1","max-image-preview":"max-image-preview:large","max-video-preview":"max-video-preview:-1"},"canonical":"https:\/\/radioinfinitagoya.com.ar\/v1\/2025\/07\/23\/mariano-hormaechea-una-administracion-que-valora-y-potencia-sus-recursos-humanos\/","og_locale":"es_ES","og_type":"article","og_title":"Mariano Hormaechea: Una administraci\u00f3n que valora y potencia sus recursos humanos - Radio Infinita Goya","og_description":"Desde el 2021 la actual gesti\u00f3n municipal se ha caracterizado por la modernizaci\u00f3n del estado comunal, acci\u00f3n que va de la mano del reordenamiento en","og_url":"https:\/\/radioinfinitagoya.com.ar\/v1\/2025\/07\/23\/mariano-hormaechea-una-administracion-que-valora-y-potencia-sus-recursos-humanos\/","og_site_name":"Radio Infinita Goya","article_publisher":"https:\/\/www.facebook.com\/p\/Infinita-Goya-100063870918311\/","article_published_time":"2025-07-23T20:19:18+00:00","og_image":[{"width":848,"height":477,"url":"https:\/\/radioinfinitagoya.com.ar\/v1\/wp-content\/uploads\/2025\/07\/intendente_hormaechea_con_trabajadores_del_corralon_municip.jpg","type":"image\/jpeg"}],"author":"Jorge Mi\u00f1o","twitter_card":"summary_large_image","twitter_misc":{"Escrito por":"Jorge Mi\u00f1o","Tiempo de lectura":"3 minutos"},"schema":{"@context":"https:\/\/schema.org","@graph":[{"@type":"Article","@id":"https:\/\/radioinfinitagoya.com.ar\/v1\/2025\/07\/23\/mariano-hormaechea-una-administracion-que-valora-y-potencia-sus-recursos-humanos\/#article","isPartOf":{"@id":"https:\/\/radioinfinitagoya.com.ar\/v1\/2025\/07\/23\/mariano-hormaechea-una-administracion-que-valora-y-potencia-sus-recursos-humanos\/"},"author":{"name":"Jorge Mi\u00f1o","@id":"https:\/\/radioinfinitagoya.com.ar\/v1\/#\/schema\/person\/d4cf9c413d4f6edb24aabdccab49ca4a"},"headline":"Mariano Hormaechea: Una administraci\u00f3n que valora y potencia sus recursos humanos","datePublished":"2025-07-23T20:19:18+00:00","mainEntityOfPage":{"@id":"https:\/\/radioinfinitagoya.com.ar\/v1\/2025\/07\/23\/mariano-hormaechea-una-administracion-que-valora-y-potencia-sus-recursos-humanos\/"},"wordCount":560,"publisher":{"@id":"https:\/\/radioinfinitagoya.com.ar\/v1\/#organization"},"image":{"@id":"https:\/\/radioinfinitagoya.com.ar\/v1\/2025\/07\/23\/mariano-hormaechea-una-administracion-que-valora-y-potencia-sus-recursos-humanos\/#primaryimage"},"thumbnailUrl":"https:\/\/radioinfinitagoya.com.ar\/v1\/wp-content\/uploads\/2025\/07\/intendente_hormaechea_con_trabajadores_del_corralon_municip.jpg","articleSection":["LOCALES"],"inLanguage":"es-AR"},{"@type":"WebPage","@id":"https:\/\/radioinfinitagoya.com.ar\/v1\/2025\/07\/23\/mariano-hormaechea-una-administracion-que-valora-y-potencia-sus-recursos-humanos\/","url":"https:\/\/radioinfinitagoya.com.ar\/v1\/2025\/07\/23\/mariano-hormaechea-una-administracion-que-valora-y-potencia-sus-recursos-humanos\/","name":"Mariano Hormaechea: Una administraci\u00f3n que valora y potencia sus recursos humanos - Radio Infinita Goya","isPartOf":{"@id":"https:\/\/radioinfinitagoya.com.ar\/v1\/#website"},"primaryImageOfPage":{"@id":"https:\/\/radioinfinitagoya.com.ar\/v1\/2025\/07\/23\/mariano-hormaechea-una-administracion-que-valora-y-potencia-sus-recursos-humanos\/#primaryimage"},"image":{"@id":"https:\/\/radioinfinitagoya.com.ar\/v1\/2025\/07\/23\/mariano-hormaechea-una-administracion-que-valora-y-potencia-sus-recursos-humanos\/#primaryimage"},"thumbnailUrl":"https:\/\/radioinfinitagoya.com.ar\/v1\/wp-content\/uploads\/2025\/07\/intendente_hormaechea_con_trabajadores_del_corralon_municip.jpg","datePublished":"2025-07-23T20:19:18+00:00","description":"Desde el 2021 la actual gesti\u00f3n municipal se ha caracterizado por la modernizaci\u00f3n del estado comunal, acci\u00f3n que va de la mano del reordenamiento en","breadcrumb":{"@id":"https:\/\/radioinfinitagoya.com.ar\/v1\/2025\/07\/23\/mariano-hormaechea-una-administracion-que-valora-y-potencia-sus-recursos-humanos\/#breadcrumb"},"inLanguage":"es-AR","potentialAction":[{"@type":"ReadAction","target":["https:\/\/radioinfinitagoya.com.ar\/v1\/2025\/07\/23\/mariano-hormaechea-una-administracion-que-valora-y-potencia-sus-recursos-humanos\/"]}]},{"@type":"ImageObject","inLanguage":"es-AR","@id":"https:\/\/radioinfinitagoya.com.ar\/v1\/2025\/07\/23\/mariano-hormaechea-una-administracion-que-valora-y-potencia-sus-recursos-humanos\/#primaryimage","url":"https:\/\/radioinfinitagoya.com.ar\/v1\/wp-content\/uploads\/2025\/07\/intendente_hormaechea_con_trabajadores_del_corralon_municip.jpg","contentUrl":"https:\/\/radioinfinitagoya.com.ar\/v1\/wp-content\/uploads\/2025\/07\/intendente_hormaechea_con_trabajadores_del_corralon_municip.jpg","width":848,"height":477},{"@type":"BreadcrumbList","@id":"https:\/\/radioinfinitagoya.com.ar\/v1\/2025\/07\/23\/mariano-hormaechea-una-administracion-que-valora-y-potencia-sus-recursos-humanos\/#breadcrumb","itemListElement":[{"@type":"ListItem","position":1,"name":"Inicio","item":"https:\/\/radioinfinitagoya.com.ar\/v1\/"},{"@type":"ListItem","position":2,"name":"Mariano Hormaechea: Una administraci\u00f3n que valora y potencia sus recursos humanos"}]},{"@type":"WebSite","@id":"https:\/\/radioinfinitagoya.com.ar\/v1\/#website","url":"https:\/\/radioinfinitagoya.com.ar\/v1\/","name":"radioinfinitagoya.com.ar","description":"Radio de noticias","publisher":{"@id":"https:\/\/radioinfinitagoya.com.ar\/v1\/#organization"},"potentialAction":[{"@type":"SearchAction","target":{"@type":"EntryPoint","urlTemplate":"https:\/\/radioinfinitagoya.com.ar\/v1\/?s={search_term_string}"},"query-input":{"@type":"PropertyValueSpecification","valueRequired":true,"valueName":"search_term_string"}}],"inLanguage":"es-AR"},{"@type":"Organization","@id":"https:\/\/radioinfinitagoya.com.ar\/v1\/#organization","name":"Radio Infinita Goya","url":"https:\/\/radioinfinitagoya.com.ar\/v1\/","logo":{"@type":"ImageObject","inLanguage":"es-AR","@id":"https:\/\/radioinfinitagoya.com.ar\/v1\/#\/schema\/logo\/image\/","url":"https:\/\/radioinfinitagoya.com.ar\/v1\/wp-content\/uploads\/2019\/11\/logo-pie-web.png","contentUrl":"https:\/\/radioinfinitagoya.com.ar\/v1\/wp-content\/uploads\/2019\/11\/logo-pie-web.png","width":635,"height":326,"caption":"Radio Infinita Goya"},"image":{"@id":"https:\/\/radioinfinitagoya.com.ar\/v1\/#\/schema\/logo\/image\/"},"sameAs":["https:\/\/www.facebook.com\/p\/Infinita-Goya-100063870918311\/"]},{"@type":"Person","@id":"https:\/\/radioinfinitagoya.com.ar\/v1\/#\/schema\/person\/d4cf9c413d4f6edb24aabdccab49ca4a","name":"Jorge Mi\u00f1o","image":{"@type":"ImageObject","inLanguage":"es-AR","@id":"https:\/\/secure.gravatar.com\/avatar\/910fcf6728fe95320e07a6643c1581fec1c7fc4bf8ae12e3d8f0d0373dc844be?s=96&d=mm&r=g","url":"https:\/\/secure.gravatar.com\/avatar\/910fcf6728fe95320e07a6643c1581fec1c7fc4bf8ae12e3d8f0d0373dc844be?s=96&d=mm&r=g","contentUrl":"https:\/\/secure.gravatar.com\/avatar\/910fcf6728fe95320e07a6643c1581fec1c7fc4bf8ae12e3d8f0d0373dc844be?s=96&d=mm&r=g","caption":"Jorge Mi\u00f1o"},"sameAs":["http:\/\/radioinfinitagoya.com.ar"]}]}},"_links":{"self":[{"href":"https:\/\/radioinfinitagoya.com.ar\/v1\/wp-json\/wp\/v2\/posts\/193266","targetHints":{"allow":["GET"]}}],"collection":[{"href":"https:\/\/radioinfinitagoya.com.ar\/v1\/wp-json\/wp\/v2\/posts"}],"about":[{"href":"https:\/\/radioinfinitagoya.com.ar\/v1\/wp-json\/wp\/v2\/types\/post"}],"author":[{"embeddable":true,"href":"https:\/\/radioinfinitagoya.com.ar\/v1\/wp-json\/wp\/v2\/users\/4"}],"replies":[{"embeddable":true,"href":"https:\/\/radioinfinitagoya.com.ar\/v1\/wp-json\/wp\/v2\/comments?post=193266"}],"version-history":[{"count":0,"href":"https:\/\/radioinfinitagoya.com.ar\/v1\/wp-json\/wp\/v2\/posts\/193266\/revisions"}],"wp:featuredmedia":[{"embeddable":true,"href":"https:\/\/radioinfinitagoya.com.ar\/v1\/wp-json\/wp\/v2\/media\/193267"}],"wp:attachment":[{"href":"https:\/\/radioinfinitagoya.com.ar\/v1\/wp-json\/wp\/v2\/media?parent=193266"}],"wp:term":[{"taxonomy":"category","embeddable":true,"href":"https:\/\/radioinfinitagoya.com.ar\/v1\/wp-json\/wp\/v2\/categories?post=193266"},{"taxonomy":"post_tag","embeddable":true,"href":"https:\/\/radioinfinitagoya.com.ar\/v1\/wp-json\/wp\/v2\/tags?post=193266"}],"curies":[{"name":"wp","href":"https:\/\/api.w.org\/{rel}","templated":true}]}}