{"id":193279,"date":"2025-07-24T15:49:59","date_gmt":"2025-07-24T18:49:59","guid":{"rendered":"https:\/\/radioinfinitagoya.com.ar\/v1\/?p=193279"},"modified":"2025-07-24T15:49:59","modified_gmt":"2025-07-24T18:49:59","slug":"como-sera-la-visita-guiada-en-la-unidad-este-domingo-en-corrientes","status":"publish","type":"post","link":"https:\/\/radioinfinitagoya.com.ar\/v1\/2025\/07\/24\/como-sera-la-visita-guiada-en-la-unidad-este-domingo-en-corrientes\/","title":{"rendered":"C\u00f3mo ser\u00e1 la visita guiada en &#8220;La Unidad&#8221; este domingo en Corrientes"},"content":{"rendered":"<p>El predio de la ex c\u00e1rcel abrir\u00e1 sus puertas este domingo de forma parcial para ofrecer al p\u00fablico una visita guiada inmersiva. La actividad ser\u00e1 libre y gratuita, y permitir\u00e1 conocer de cerca el proyecto de reconversi\u00f3n.<\/p>\n<p>La ex Unidad Penal de Corrientes abrir\u00e1 sus puertas este domingo 27 de julio para ofrecer al p\u00fablico una experiencia \u00fanica dentro del hist\u00f3rico edificio. Entre las 15 y las 21 horas, los visitantes podr\u00e1n recorrer parte del predio y conocer los avances del futuro polo de desarrollo cultural, gastron\u00f3mico y tecnol\u00f3gico que se inaugurar\u00e1 oficialmente pr\u00f3ximamente el pr\u00f3ximo 21 de agosto.<\/p>\n<p>Si bien no se trata de la inauguraci\u00f3n oficial, ser\u00e1 una oportunidad para recorrer siete postas informativas dispuestas en espacios ya definidos, en los que se mostrar\u00e1 c\u00f3mo avanzan las obras y qu\u00e9 usos tendr\u00e1n los distintos sectores del complejo una vez habilitado.<\/p>\n<p>C\u00f3mo ser\u00e1 la visita por el predio:<\/p>\n<p>En primer lugar habr\u00e1 un \u00e1rea de recepci\u00f3n. Luego se podr\u00e1 contemplar la infraestructura que ocupar\u00e1 el Polo Gastron\u00f3mico, con siete locales dedicados a ofrecer una variedad de propuestas de cocina original y tambi\u00e9n tradicional, como un elemento clave de la cultura y la identidad de Corrientes.<\/p>\n<p>Con un avance de obra en algunos sectores del 90% y en otros en m\u00e1s del 60%, se observar\u00e1 el material de la antigua imprenta de la c\u00e1rcel, los lugares que estar\u00e1n disponibles para una futura feria de productos frescos y paseo de compras. Adem\u00e1s, se conocer\u00e1n los avances y el proyecto que concentra el edificio de 20 pisos que se construye en el predio para albergar al Centro de Innovaci\u00f3n, disfrutar de las \u00e1reas al aire libre y tambi\u00e9n adentrarse en la propuesta que tendr\u00e1n los Museos de Ciencias y el de la C\u00e1rcel dentro del \u00e1rea llamada Pan\u00f3ptico.<\/p>\n<p>La propuesta busca conectar el pasado y el futuro del emblem\u00e1tico edificio carcelario, en proceso de restauraci\u00f3n desde hace m\u00e1s de un a\u00f1o, con el objetivo de convertirlo en un espacio para la innovaci\u00f3n, el turismo y la cultura. La fecha de inauguraci\u00f3n formal a\u00fan no fue anunciada y ser\u00e1 comunicada pr\u00f3ximamente por el gobernador Gustavo Vald\u00e9s.<\/p>\n<p>Durante la jornada, unos 30 j\u00f3venes voluntarios capacitados por equipos t\u00e9cnicos y de comunicaci\u00f3n de La Unidad guiar\u00e1n a los visitantes en turnos. Explicar\u00e1n el funcionamiento de los desarrollos p\u00fablicos, privados y mixtos que forman parte del proyecto. La actividad ser\u00e1 gratuita, no requiere inscripci\u00f3n previa y el recorrido estar\u00e1 limitado a las zonas habilitadas por seguridad.<\/p>\n<p>Un rescate patrimonial con impacto urbano y social<\/p>\n<p>La visita incluir\u00e1 el sector del futuro polo gastron\u00f3mico, donde funcionar\u00e1n siete locales, y espacios donde se proyecta una feria de productos frescos, un paseo de compras, \u00e1reas verdes y la imprenta hist\u00f3rica de la c\u00e1rcel. Tambi\u00e9n se podr\u00e1 conocer el proyecto del Centro de Innovaci\u00f3n que se construye en un edificio de 20 pisos dentro del predio, y los avances en el Pan\u00f3ptico, donde funcionar\u00e1n dos museos: uno de Ciencias y otro dedicado a la historia carcelaria del lugar.<\/p>\n<p>Un poco de historia:<\/p>\n<p>\u201cEn una l\u00ednea de tiempo, esa \u00e1rea de la ciudad fue primero el lugar fundacional. Luego, con el posterior desplazamiento del desarrollo urbano hacia el centro, fue quedando como un \u00e1rea marginal, por eso se instal\u00f3 all\u00ed la c\u00e1rcel a fines del 1800. Casi en simult\u00e1neo, se ubic\u00f3 en esa \u00e1rea la estaci\u00f3n del ferrocarril General Urquiza, donde ahora est\u00e1 el pie del puente General Belgrano\u201d, apunt\u00f3 el arquitecto Romero.<\/p>\n<p>Con esta inversi\u00f3n del gobierno provincial de la mano de actores privados, el predio de La Unidad fue restaurado y revitalizado, de modo que volver\u00e1 a aportar una nueva din\u00e1mica a ese sector de la ciudad, donde a la vez junto con otros desarrollos edilicios que contemplan centros d compra, viviendas, oficinas y hoteles sobre la vera del Paran\u00e1, prometen en pocos a\u00f1os \u201cgenerar una transformaci\u00f3n absoluta\u201d del \u00e1rea.<\/p>\n<p>&#8220;Se va a abrir a la comunidad espacios que estuvieron cerrados durante mucho tiempo. Ser\u00e1 muy interesante poder conocer c\u00f3mo una intervenci\u00f3n urbana de estas caracter\u00edsticas implica tres aspectos: un rescate cultural, un rescate urban\u00edstico que revitaliza la zona y tambi\u00e9n una cuesti\u00f3n econ\u00f3mica que suma al desarrollo de la comunidad\u201d, explic\u00f3.<\/p>\n<p>Respecto del hist\u00f3rico edificio creado por Juan Col y puesto a funcionar como c\u00e1rcel en 1887, Romero destac\u00f3 el respeto del trabajo arquitect\u00f3nico sobre lo patrimonial, que abarca muros, aberturas y escalas. \u201cEsa restauraci\u00f3n de devuelve al edificio original un brillo interesant\u00edsimo para el uso urbano\u201d, sostuvo.<\/p>\n<p>Adem\u00e1s, la refuncionalizaci\u00f3n de esos espacios dentro de la centenaria estructura, dar\u00e1n el marco para que se luzca la nueva tecnolog\u00eda implementada, sobre todo \u201cen el sector del pan\u00f3ptico, que va a permitir distintas aproximaciones a temas vinculados con Corrientes\u201d; describi\u00f3.<\/p>\n<p>&nbsp;<\/p>\n","protected":false},"excerpt":{"rendered":"<p>El predio de la ex c\u00e1rcel abrir\u00e1 sus puertas este domingo de forma parcial para ofrecer al p\u00fablico una visita guiada inmersiva. La actividad ser\u00e1 libre y gratuita, y permitir\u00e1 conocer de cerca el proyecto de reconversi\u00f3n. La ex Unidad Penal de Corrientes abrir\u00e1 sus puertas este domingo 27 de julio para ofrecer al p\u00fablico [&hellip;]<\/p>\n","protected":false},"author":4,"featured_media":193280,"comment_status":"closed","ping_status":"closed","sticky":false,"template":"","format":"standard","meta":{"_joinchat":[],"footnotes":""},"categories":[26],"tags":[],"class_list":{"0":"post-193279","1":"post","2":"type-post","3":"status-publish","4":"format-standard","5":"has-post-thumbnail","7":"category-provinciales"},"yoast_head":"<!-- This site is optimized with the Yoast SEO plugin v27.2 - https:\/\/yoast.com\/product\/yoast-seo-wordpress\/ -->\n<title>C\u00f3mo ser\u00e1 la visita guiada en &quot;La Unidad&quot; este domingo en Corrientes - Radio Infinita Goya<\/title>\n<meta name=\"description\" content=\"El predio de la ex c\u00e1rcel abrir\u00e1 sus puertas este domingo de forma parcial para ofrecer al p\u00fablico una visita guiada inmersiva. La actividad ser\u00e1 libre y\" \/>\n<meta name=\"robots\" content=\"index, follow, max-snippet:-1, max-image-preview:large, max-video-preview:-1\" \/>\n<link rel=\"canonical\" href=\"https:\/\/radioinfinitagoya.com.ar\/v1\/2025\/07\/24\/como-sera-la-visita-guiada-en-la-unidad-este-domingo-en-corrientes\/\" \/>\n<meta property=\"og:locale\" content=\"es_ES\" \/>\n<meta property=\"og:type\" content=\"article\" \/>\n<meta property=\"og:title\" content=\"C\u00f3mo ser\u00e1 la visita guiada en &quot;La Unidad&quot; este domingo en Corrientes - Radio Infinita Goya\" \/>\n<meta property=\"og:description\" content=\"El predio de la ex c\u00e1rcel abrir\u00e1 sus puertas este domingo de forma parcial para ofrecer al p\u00fablico una visita guiada inmersiva. La actividad ser\u00e1 libre y\" \/>\n<meta property=\"og:url\" content=\"https:\/\/radioinfinitagoya.com.ar\/v1\/2025\/07\/24\/como-sera-la-visita-guiada-en-la-unidad-este-domingo-en-corrientes\/\" \/>\n<meta property=\"og:site_name\" content=\"Radio Infinita Goya\" \/>\n<meta property=\"article:publisher\" content=\"https:\/\/www.facebook.com\/p\/Infinita-Goya-100063870918311\/\" \/>\n<meta property=\"article:published_time\" content=\"2025-07-24T18:49:59+00:00\" \/>\n<meta property=\"og:image\" content=\"https:\/\/radioinfinitagoya.com.ar\/v1\/wp-content\/uploads\/2025\/07\/imagen-101089.jpg\" \/>\n\t<meta property=\"og:image:width\" content=\"807\" \/>\n\t<meta property=\"og:image:height\" content=\"537\" \/>\n\t<meta property=\"og:image:type\" content=\"image\/jpeg\" \/>\n<meta name=\"author\" content=\"Jorge Mi\u00f1o\" \/>\n<meta name=\"twitter:card\" content=\"summary_large_image\" \/>\n<meta name=\"twitter:label1\" content=\"Escrito por\" \/>\n\t<meta name=\"twitter:data1\" content=\"Jorge Mi\u00f1o\" \/>\n\t<meta name=\"twitter:label2\" content=\"Tiempo de lectura\" \/>\n\t<meta name=\"twitter:data2\" content=\"4 minutos\" \/>\n<script type=\"application\/ld+json\" class=\"yoast-schema-graph\">{\"@context\":\"https:\/\/schema.org\",\"@graph\":[{\"@type\":\"Article\",\"@id\":\"https:\/\/radioinfinitagoya.com.ar\/v1\/2025\/07\/24\/como-sera-la-visita-guiada-en-la-unidad-este-domingo-en-corrientes\/#article\",\"isPartOf\":{\"@id\":\"https:\/\/radioinfinitagoya.com.ar\/v1\/2025\/07\/24\/como-sera-la-visita-guiada-en-la-unidad-este-domingo-en-corrientes\/\"},\"author\":{\"name\":\"Jorge Mi\u00f1o\",\"@id\":\"https:\/\/radioinfinitagoya.com.ar\/v1\/#\/schema\/person\/d4cf9c413d4f6edb24aabdccab49ca4a\"},\"headline\":\"C\u00f3mo ser\u00e1 la visita guiada en &#8220;La Unidad&#8221; este domingo en Corrientes\",\"datePublished\":\"2025-07-24T18:49:59+00:00\",\"mainEntityOfPage\":{\"@id\":\"https:\/\/radioinfinitagoya.com.ar\/v1\/2025\/07\/24\/como-sera-la-visita-guiada-en-la-unidad-este-domingo-en-corrientes\/\"},\"wordCount\":860,\"publisher\":{\"@id\":\"https:\/\/radioinfinitagoya.com.ar\/v1\/#organization\"},\"image\":{\"@id\":\"https:\/\/radioinfinitagoya.com.ar\/v1\/2025\/07\/24\/como-sera-la-visita-guiada-en-la-unidad-este-domingo-en-corrientes\/#primaryimage\"},\"thumbnailUrl\":\"https:\/\/radioinfinitagoya.com.ar\/v1\/wp-content\/uploads\/2025\/07\/imagen-101089.jpg\",\"articleSection\":[\"PROVINCIALES\"],\"inLanguage\":\"es-AR\"},{\"@type\":\"WebPage\",\"@id\":\"https:\/\/radioinfinitagoya.com.ar\/v1\/2025\/07\/24\/como-sera-la-visita-guiada-en-la-unidad-este-domingo-en-corrientes\/\",\"url\":\"https:\/\/radioinfinitagoya.com.ar\/v1\/2025\/07\/24\/como-sera-la-visita-guiada-en-la-unidad-este-domingo-en-corrientes\/\",\"name\":\"C\u00f3mo ser\u00e1 la visita guiada en \\\"La Unidad\\\" este domingo en Corrientes - Radio Infinita Goya\",\"isPartOf\":{\"@id\":\"https:\/\/radioinfinitagoya.com.ar\/v1\/#website\"},\"primaryImageOfPage\":{\"@id\":\"https:\/\/radioinfinitagoya.com.ar\/v1\/2025\/07\/24\/como-sera-la-visita-guiada-en-la-unidad-este-domingo-en-corrientes\/#primaryimage\"},\"image\":{\"@id\":\"https:\/\/radioinfinitagoya.com.ar\/v1\/2025\/07\/24\/como-sera-la-visita-guiada-en-la-unidad-este-domingo-en-corrientes\/#primaryimage\"},\"thumbnailUrl\":\"https:\/\/radioinfinitagoya.com.ar\/v1\/wp-content\/uploads\/2025\/07\/imagen-101089.jpg\",\"datePublished\":\"2025-07-24T18:49:59+00:00\",\"description\":\"El predio de la ex c\u00e1rcel abrir\u00e1 sus puertas este domingo de forma parcial para ofrecer al p\u00fablico una visita guiada inmersiva. La actividad ser\u00e1 libre y\",\"breadcrumb\":{\"@id\":\"https:\/\/radioinfinitagoya.com.ar\/v1\/2025\/07\/24\/como-sera-la-visita-guiada-en-la-unidad-este-domingo-en-corrientes\/#breadcrumb\"},\"inLanguage\":\"es-AR\",\"potentialAction\":[{\"@type\":\"ReadAction\",\"target\":[\"https:\/\/radioinfinitagoya.com.ar\/v1\/2025\/07\/24\/como-sera-la-visita-guiada-en-la-unidad-este-domingo-en-corrientes\/\"]}]},{\"@type\":\"ImageObject\",\"inLanguage\":\"es-AR\",\"@id\":\"https:\/\/radioinfinitagoya.com.ar\/v1\/2025\/07\/24\/como-sera-la-visita-guiada-en-la-unidad-este-domingo-en-corrientes\/#primaryimage\",\"url\":\"https:\/\/radioinfinitagoya.com.ar\/v1\/wp-content\/uploads\/2025\/07\/imagen-101089.jpg\",\"contentUrl\":\"https:\/\/radioinfinitagoya.com.ar\/v1\/wp-content\/uploads\/2025\/07\/imagen-101089.jpg\",\"width\":807,\"height\":537},{\"@type\":\"BreadcrumbList\",\"@id\":\"https:\/\/radioinfinitagoya.com.ar\/v1\/2025\/07\/24\/como-sera-la-visita-guiada-en-la-unidad-este-domingo-en-corrientes\/#breadcrumb\",\"itemListElement\":[{\"@type\":\"ListItem\",\"position\":1,\"name\":\"Inicio\",\"item\":\"https:\/\/radioinfinitagoya.com.ar\/v1\/\"},{\"@type\":\"ListItem\",\"position\":2,\"name\":\"C\u00f3mo ser\u00e1 la visita guiada en &#8220;La Unidad&#8221; este domingo en Corrientes\"}]},{\"@type\":\"WebSite\",\"@id\":\"https:\/\/radioinfinitagoya.com.ar\/v1\/#website\",\"url\":\"https:\/\/radioinfinitagoya.com.ar\/v1\/\",\"name\":\"radioinfinitagoya.com.ar\",\"description\":\"Radio de noticias\",\"publisher\":{\"@id\":\"https:\/\/radioinfinitagoya.com.ar\/v1\/#organization\"},\"potentialAction\":[{\"@type\":\"SearchAction\",\"target\":{\"@type\":\"EntryPoint\",\"urlTemplate\":\"https:\/\/radioinfinitagoya.com.ar\/v1\/?s={search_term_string}\"},\"query-input\":{\"@type\":\"PropertyValueSpecification\",\"valueRequired\":true,\"valueName\":\"search_term_string\"}}],\"inLanguage\":\"es-AR\"},{\"@type\":\"Organization\",\"@id\":\"https:\/\/radioinfinitagoya.com.ar\/v1\/#organization\",\"name\":\"Radio Infinita Goya\",\"url\":\"https:\/\/radioinfinitagoya.com.ar\/v1\/\",\"logo\":{\"@type\":\"ImageObject\",\"inLanguage\":\"es-AR\",\"@id\":\"https:\/\/radioinfinitagoya.com.ar\/v1\/#\/schema\/logo\/image\/\",\"url\":\"https:\/\/radioinfinitagoya.com.ar\/v1\/wp-content\/uploads\/2019\/11\/logo-pie-web.png\",\"contentUrl\":\"https:\/\/radioinfinitagoya.com.ar\/v1\/wp-content\/uploads\/2019\/11\/logo-pie-web.png\",\"width\":635,\"height\":326,\"caption\":\"Radio Infinita Goya\"},\"image\":{\"@id\":\"https:\/\/radioinfinitagoya.com.ar\/v1\/#\/schema\/logo\/image\/\"},\"sameAs\":[\"https:\/\/www.facebook.com\/p\/Infinita-Goya-100063870918311\/\"]},{\"@type\":\"Person\",\"@id\":\"https:\/\/radioinfinitagoya.com.ar\/v1\/#\/schema\/person\/d4cf9c413d4f6edb24aabdccab49ca4a\",\"name\":\"Jorge Mi\u00f1o\",\"image\":{\"@type\":\"ImageObject\",\"inLanguage\":\"es-AR\",\"@id\":\"https:\/\/secure.gravatar.com\/avatar\/910fcf6728fe95320e07a6643c1581fec1c7fc4bf8ae12e3d8f0d0373dc844be?s=96&d=mm&r=g\",\"url\":\"https:\/\/secure.gravatar.com\/avatar\/910fcf6728fe95320e07a6643c1581fec1c7fc4bf8ae12e3d8f0d0373dc844be?s=96&d=mm&r=g\",\"contentUrl\":\"https:\/\/secure.gravatar.com\/avatar\/910fcf6728fe95320e07a6643c1581fec1c7fc4bf8ae12e3d8f0d0373dc844be?s=96&d=mm&r=g\",\"caption\":\"Jorge Mi\u00f1o\"},\"sameAs\":[\"http:\/\/radioinfinitagoya.com.ar\"]}]}<\/script>\n<!-- \/ Yoast SEO plugin. -->","yoast_head_json":{"title":"C\u00f3mo ser\u00e1 la visita guiada en \"La Unidad\" este domingo en Corrientes - Radio Infinita Goya","description":"El predio de la ex c\u00e1rcel abrir\u00e1 sus puertas este domingo de forma parcial para ofrecer al p\u00fablico una visita guiada inmersiva. La actividad ser\u00e1 libre y","robots":{"index":"index","follow":"follow","max-snippet":"max-snippet:-1","max-image-preview":"max-image-preview:large","max-video-preview":"max-video-preview:-1"},"canonical":"https:\/\/radioinfinitagoya.com.ar\/v1\/2025\/07\/24\/como-sera-la-visita-guiada-en-la-unidad-este-domingo-en-corrientes\/","og_locale":"es_ES","og_type":"article","og_title":"C\u00f3mo ser\u00e1 la visita guiada en \"La Unidad\" este domingo en Corrientes - Radio Infinita Goya","og_description":"El predio de la ex c\u00e1rcel abrir\u00e1 sus puertas este domingo de forma parcial para ofrecer al p\u00fablico una visita guiada inmersiva. La actividad ser\u00e1 libre y","og_url":"https:\/\/radioinfinitagoya.com.ar\/v1\/2025\/07\/24\/como-sera-la-visita-guiada-en-la-unidad-este-domingo-en-corrientes\/","og_site_name":"Radio Infinita Goya","article_publisher":"https:\/\/www.facebook.com\/p\/Infinita-Goya-100063870918311\/","article_published_time":"2025-07-24T18:49:59+00:00","og_image":[{"width":807,"height":537,"url":"https:\/\/radioinfinitagoya.com.ar\/v1\/wp-content\/uploads\/2025\/07\/imagen-101089.jpg","type":"image\/jpeg"}],"author":"Jorge Mi\u00f1o","twitter_card":"summary_large_image","twitter_misc":{"Escrito por":"Jorge Mi\u00f1o","Tiempo de lectura":"4 minutos"},"schema":{"@context":"https:\/\/schema.org","@graph":[{"@type":"Article","@id":"https:\/\/radioinfinitagoya.com.ar\/v1\/2025\/07\/24\/como-sera-la-visita-guiada-en-la-unidad-este-domingo-en-corrientes\/#article","isPartOf":{"@id":"https:\/\/radioinfinitagoya.com.ar\/v1\/2025\/07\/24\/como-sera-la-visita-guiada-en-la-unidad-este-domingo-en-corrientes\/"},"author":{"name":"Jorge Mi\u00f1o","@id":"https:\/\/radioinfinitagoya.com.ar\/v1\/#\/schema\/person\/d4cf9c413d4f6edb24aabdccab49ca4a"},"headline":"C\u00f3mo ser\u00e1 la visita guiada en &#8220;La Unidad&#8221; este domingo en Corrientes","datePublished":"2025-07-24T18:49:59+00:00","mainEntityOfPage":{"@id":"https:\/\/radioinfinitagoya.com.ar\/v1\/2025\/07\/24\/como-sera-la-visita-guiada-en-la-unidad-este-domingo-en-corrientes\/"},"wordCount":860,"publisher":{"@id":"https:\/\/radioinfinitagoya.com.ar\/v1\/#organization"},"image":{"@id":"https:\/\/radioinfinitagoya.com.ar\/v1\/2025\/07\/24\/como-sera-la-visita-guiada-en-la-unidad-este-domingo-en-corrientes\/#primaryimage"},"thumbnailUrl":"https:\/\/radioinfinitagoya.com.ar\/v1\/wp-content\/uploads\/2025\/07\/imagen-101089.jpg","articleSection":["PROVINCIALES"],"inLanguage":"es-AR"},{"@type":"WebPage","@id":"https:\/\/radioinfinitagoya.com.ar\/v1\/2025\/07\/24\/como-sera-la-visita-guiada-en-la-unidad-este-domingo-en-corrientes\/","url":"https:\/\/radioinfinitagoya.com.ar\/v1\/2025\/07\/24\/como-sera-la-visita-guiada-en-la-unidad-este-domingo-en-corrientes\/","name":"C\u00f3mo ser\u00e1 la visita guiada en \"La Unidad\" este domingo en Corrientes - Radio Infinita Goya","isPartOf":{"@id":"https:\/\/radioinfinitagoya.com.ar\/v1\/#website"},"primaryImageOfPage":{"@id":"https:\/\/radioinfinitagoya.com.ar\/v1\/2025\/07\/24\/como-sera-la-visita-guiada-en-la-unidad-este-domingo-en-corrientes\/#primaryimage"},"image":{"@id":"https:\/\/radioinfinitagoya.com.ar\/v1\/2025\/07\/24\/como-sera-la-visita-guiada-en-la-unidad-este-domingo-en-corrientes\/#primaryimage"},"thumbnailUrl":"https:\/\/radioinfinitagoya.com.ar\/v1\/wp-content\/uploads\/2025\/07\/imagen-101089.jpg","datePublished":"2025-07-24T18:49:59+00:00","description":"El predio de la ex c\u00e1rcel abrir\u00e1 sus puertas este domingo de forma parcial para ofrecer al p\u00fablico una visita guiada inmersiva. La actividad ser\u00e1 libre y","breadcrumb":{"@id":"https:\/\/radioinfinitagoya.com.ar\/v1\/2025\/07\/24\/como-sera-la-visita-guiada-en-la-unidad-este-domingo-en-corrientes\/#breadcrumb"},"inLanguage":"es-AR","potentialAction":[{"@type":"ReadAction","target":["https:\/\/radioinfinitagoya.com.ar\/v1\/2025\/07\/24\/como-sera-la-visita-guiada-en-la-unidad-este-domingo-en-corrientes\/"]}]},{"@type":"ImageObject","inLanguage":"es-AR","@id":"https:\/\/radioinfinitagoya.com.ar\/v1\/2025\/07\/24\/como-sera-la-visita-guiada-en-la-unidad-este-domingo-en-corrientes\/#primaryimage","url":"https:\/\/radioinfinitagoya.com.ar\/v1\/wp-content\/uploads\/2025\/07\/imagen-101089.jpg","contentUrl":"https:\/\/radioinfinitagoya.com.ar\/v1\/wp-content\/uploads\/2025\/07\/imagen-101089.jpg","width":807,"height":537},{"@type":"BreadcrumbList","@id":"https:\/\/radioinfinitagoya.com.ar\/v1\/2025\/07\/24\/como-sera-la-visita-guiada-en-la-unidad-este-domingo-en-corrientes\/#breadcrumb","itemListElement":[{"@type":"ListItem","position":1,"name":"Inicio","item":"https:\/\/radioinfinitagoya.com.ar\/v1\/"},{"@type":"ListItem","position":2,"name":"C\u00f3mo ser\u00e1 la visita guiada en &#8220;La Unidad&#8221; este domingo en Corrientes"}]},{"@type":"WebSite","@id":"https:\/\/radioinfinitagoya.com.ar\/v1\/#website","url":"https:\/\/radioinfinitagoya.com.ar\/v1\/","name":"radioinfinitagoya.com.ar","description":"Radio de noticias","publisher":{"@id":"https:\/\/radioinfinitagoya.com.ar\/v1\/#organization"},"potentialAction":[{"@type":"SearchAction","target":{"@type":"EntryPoint","urlTemplate":"https:\/\/radioinfinitagoya.com.ar\/v1\/?s={search_term_string}"},"query-input":{"@type":"PropertyValueSpecification","valueRequired":true,"valueName":"search_term_string"}}],"inLanguage":"es-AR"},{"@type":"Organization","@id":"https:\/\/radioinfinitagoya.com.ar\/v1\/#organization","name":"Radio Infinita Goya","url":"https:\/\/radioinfinitagoya.com.ar\/v1\/","logo":{"@type":"ImageObject","inLanguage":"es-AR","@id":"https:\/\/radioinfinitagoya.com.ar\/v1\/#\/schema\/logo\/image\/","url":"https:\/\/radioinfinitagoya.com.ar\/v1\/wp-content\/uploads\/2019\/11\/logo-pie-web.png","contentUrl":"https:\/\/radioinfinitagoya.com.ar\/v1\/wp-content\/uploads\/2019\/11\/logo-pie-web.png","width":635,"height":326,"caption":"Radio Infinita Goya"},"image":{"@id":"https:\/\/radioinfinitagoya.com.ar\/v1\/#\/schema\/logo\/image\/"},"sameAs":["https:\/\/www.facebook.com\/p\/Infinita-Goya-100063870918311\/"]},{"@type":"Person","@id":"https:\/\/radioinfinitagoya.com.ar\/v1\/#\/schema\/person\/d4cf9c413d4f6edb24aabdccab49ca4a","name":"Jorge Mi\u00f1o","image":{"@type":"ImageObject","inLanguage":"es-AR","@id":"https:\/\/secure.gravatar.com\/avatar\/910fcf6728fe95320e07a6643c1581fec1c7fc4bf8ae12e3d8f0d0373dc844be?s=96&d=mm&r=g","url":"https:\/\/secure.gravatar.com\/avatar\/910fcf6728fe95320e07a6643c1581fec1c7fc4bf8ae12e3d8f0d0373dc844be?s=96&d=mm&r=g","contentUrl":"https:\/\/secure.gravatar.com\/avatar\/910fcf6728fe95320e07a6643c1581fec1c7fc4bf8ae12e3d8f0d0373dc844be?s=96&d=mm&r=g","caption":"Jorge Mi\u00f1o"},"sameAs":["http:\/\/radioinfinitagoya.com.ar"]}]}},"_links":{"self":[{"href":"https:\/\/radioinfinitagoya.com.ar\/v1\/wp-json\/wp\/v2\/posts\/193279","targetHints":{"allow":["GET"]}}],"collection":[{"href":"https:\/\/radioinfinitagoya.com.ar\/v1\/wp-json\/wp\/v2\/posts"}],"about":[{"href":"https:\/\/radioinfinitagoya.com.ar\/v1\/wp-json\/wp\/v2\/types\/post"}],"author":[{"embeddable":true,"href":"https:\/\/radioinfinitagoya.com.ar\/v1\/wp-json\/wp\/v2\/users\/4"}],"replies":[{"embeddable":true,"href":"https:\/\/radioinfinitagoya.com.ar\/v1\/wp-json\/wp\/v2\/comments?post=193279"}],"version-history":[{"count":0,"href":"https:\/\/radioinfinitagoya.com.ar\/v1\/wp-json\/wp\/v2\/posts\/193279\/revisions"}],"wp:featuredmedia":[{"embeddable":true,"href":"https:\/\/radioinfinitagoya.com.ar\/v1\/wp-json\/wp\/v2\/media\/193280"}],"wp:attachment":[{"href":"https:\/\/radioinfinitagoya.com.ar\/v1\/wp-json\/wp\/v2\/media?parent=193279"}],"wp:term":[{"taxonomy":"category","embeddable":true,"href":"https:\/\/radioinfinitagoya.com.ar\/v1\/wp-json\/wp\/v2\/categories?post=193279"},{"taxonomy":"post_tag","embeddable":true,"href":"https:\/\/radioinfinitagoya.com.ar\/v1\/wp-json\/wp\/v2\/tags?post=193279"}],"curies":[{"name":"wp","href":"https:\/\/api.w.org\/{rel}","templated":true}]}}