{"id":193285,"date":"2025-07-24T15:58:46","date_gmt":"2025-07-24T18:58:46","guid":{"rendered":"https:\/\/radioinfinitagoya.com.ar\/v1\/?p=193285"},"modified":"2025-07-24T15:59:09","modified_gmt":"2025-07-24T18:59:09","slug":"valdes-invertimos-5-000-millones-para-reparar-rutas-nacionales-que-no-se-hacian","status":"publish","type":"post","link":"https:\/\/radioinfinitagoya.com.ar\/v1\/2025\/07\/24\/valdes-invertimos-5-000-millones-para-reparar-rutas-nacionales-que-no-se-hacian\/","title":{"rendered":"Gustavo Vald\u00e9s: \u201cInvertimos $5.000 millones para reparar rutas nacionales que no se hac\u00edan\u201d"},"content":{"rendered":"<p>Lo dijo en una acto en Santo Tom\u00e9, donde inaugur\u00f3 32 cuadras de pavimento.<\/p>\n<p>El gobernador de Corrientes, Gustavo Vald\u00e9s, encabez\u00f3 este jueves un acto en la localidad correntina de Santo Tom\u00e9 donde inaugur\u00f3 32 cuadras de pavimento urbano. Estuvo acompa\u00f1ado por el intendente local, Jos\u00e9 Augusto Suaid, el candidato a gobernador Juan Pablo Vald\u00e9s, funcionarios provinciales y vecinos.<\/p>\n<p>Durante su discurso, el mandatario repas\u00f3 la evoluci\u00f3n del trabajo vial en la provincia y asegur\u00f3 que desde el inicio de su gesti\u00f3n se tom\u00f3 la decisi\u00f3n de fortalecer la capacidad operativa del Estado para ejecutar obras p\u00fablica. \u201cCuando asum\u00ed como gobernador de la provincia, no hab\u00eda maquinaria. Los distritos estaban desbastados. Era poco lo que pod\u00edamos hacer para ayudar a las localidades&#8221;, expres\u00f3.<\/p>\n<p>&#8220;Por eso fue que decidimos Vialidad Urbana, un \u00e1rea espec\u00edfica para recuperar esa capacidad&#8221;, manifest\u00f3. En este sentido, Vald\u00e9s relat\u00f3 que una de las primeras intervenciones fue en la Ruta Provincial N\u00ba 6, la que ingresa a Concepci\u00f3n, donde un tramo hab\u00eda quedado inconcluso por la gesti\u00f3n anterior.<\/p>\n<p>Vald\u00e9s explic\u00f3 que una de las prioridades al inicio de su gesti\u00f3n fue recuperar la capacidad operativa de Vialidad Provincial, en un contexto donde predominaba la tercerizaci\u00f3n de obras.<\/p>\n<p>Se\u00f1al\u00f3 que, resultaba dif\u00edcil conseguir empresas interesadas en ejecutar los trabajos o que ofrecieran presupuestos razonables. Frente a esa situaci\u00f3n, el Gobierno provincial decidi\u00f3 avanzar con la creaci\u00f3n del \u00e1rea de Vialidad Urbana, adquirir maquinaria propia \u2014incluida una planta de asfalto\u2014 y reactivar equipos t\u00e9cnicos con personal experimentado. \u201cComenzamos en la ciudad de Corrientes y nos fue bien\u201d, afirm\u00f3.<\/p>\n<p>&#8220;Ten\u00eda que rogar y pedir que empresa pod\u00eda venir porque quedaban unos 7 kil\u00f3metros por hacer. Ten\u00edamos la plata pero nadie quer\u00eda venir a invertir y los que quer\u00edan venir me quer\u00edan cobrar muy caro&#8221;, expres\u00f3 durante el acto.<\/p>\n<p>&#8220;Fue ah\u00ed que comenzamos con obras en la ciudad de Corrientes, compramos nuestra primera planta de asfalto y logramos pavimentar 2.600 cuadras. Luego extendimos este modelo al interior, con costos que representaban alrededor del 35% menos que el sector privado\u201d, indic\u00f3.<\/p>\n<p>&#8220;En Santo Tom\u00e9 no hab\u00eda una delegaci\u00f3n de vialidad provincial para arreglar un solo camino y creamos el departamento de Vialidad Provincial en Santa Tom\u00e9. Desde ac\u00e1 va a salir el progreso de todo los pueblos de la regi\u00f3n&#8221;, se\u00f1al\u00f3.<\/p>\n<p>&#8220;Dijimos que \u00edbamos a hacer 200 cuadras, y ahora la oposici\u00f3n, nos est\u00e1 contando cuadra por cuadra. Ya ahora sabemos que no est\u00e1n contando m\u00e1s porque saben que vamos a cumplir. Porque resolvimos la cuesti\u00f3n por siempre&#8221;, apunt\u00f3<\/p>\n<p>Durante su discurso en Santo Tom\u00e9, el gobernador Gustavo Vald\u00e9s destac\u00f3 que el Gobierno provincial decidi\u00f3 avanzar con la repavimentaci\u00f3n de la Ruta Nacional 117, acceso a Paso de los Libres, a pesar de tratarse de una obra bajo jurisdicci\u00f3n nacional. \u201cAsumimos ese compromiso porque no queremos tener verg\u00fcenza. Y eso era responsabilidad nacional&#8221;<\/p>\n<p>&#8220;En total, invertimos 5 mil millones de pesos para arreglar las rutas nacionales que no se estaban haciendo&#8221;. En ese marco, destac\u00f3 la instalaci\u00f3n de una nueva planta de asfalto en la ciudad de Goya, con la que por primera vez se comenzar\u00e1 a pavimentar utilizando equipamiento propio.<\/p>\n<p>\u201cDespu\u00e9s de siete a\u00f1os de gesti\u00f3n, no vamos a necesitar que una empresa privada venga a tirar asfalto; lo vamos a hacer con nuestros propios recursos\u201d, afirm\u00f3 Vald\u00e9s.<br \/>\n&#8220;El que no crea en la inversi\u00f3n p\u00fablica est\u00e1 equivocado porque tiene que ser inversi\u00f3n p\u00fablica con trabajadores p\u00fablicos que lleven adelante. En otros casos, la inversi\u00f3n deber\u00e1 ser privada, y en algunos, una combinaci\u00f3n de ambas. Las soluciones son complejas, pero estamos construyendo la provincia que queremos, con desarrollo industrial&#8221;, concluy\u00f3<\/p>\n<p>&nbsp;<\/p>\n<p>&nbsp;<\/p>\n","protected":false},"excerpt":{"rendered":"<p>Lo dijo en una acto en Santo Tom\u00e9, donde inaugur\u00f3 32 cuadras de pavimento. El gobernador de Corrientes, Gustavo Vald\u00e9s, encabez\u00f3 este jueves un acto en la localidad correntina de Santo Tom\u00e9 donde inaugur\u00f3 32 cuadras de pavimento urbano. Estuvo acompa\u00f1ado por el intendente local, Jos\u00e9 Augusto Suaid, el candidato a gobernador Juan Pablo Vald\u00e9s, [&hellip;]<\/p>\n","protected":false},"author":4,"featured_media":193286,"comment_status":"closed","ping_status":"closed","sticky":false,"template":"","format":"standard","meta":{"_joinchat":[],"footnotes":""},"categories":[34],"tags":[],"class_list":{"0":"post-193285","1":"post","2":"type-post","3":"status-publish","4":"format-standard","5":"has-post-thumbnail","7":"category-principal"},"yoast_head":"<!-- This site is optimized with the Yoast SEO plugin v27.2 - https:\/\/yoast.com\/product\/yoast-seo-wordpress\/ -->\n<title>Gustavo Vald\u00e9s: \u201cInvertimos $5.000 millones para reparar rutas nacionales que no se hac\u00edan\u201d - Radio Infinita Goya<\/title>\n<meta name=\"description\" content=\"Lo dijo en una acto en Santo Tom\u00e9, donde inaugur\u00f3 32 cuadras de pavimento. El gobernador de Corrientes, Gustavo Vald\u00e9s, encabez\u00f3 este jueves un acto en la\" \/>\n<meta name=\"robots\" content=\"index, follow, max-snippet:-1, max-image-preview:large, max-video-preview:-1\" \/>\n<link rel=\"canonical\" href=\"https:\/\/radioinfinitagoya.com.ar\/v1\/2025\/07\/24\/valdes-invertimos-5-000-millones-para-reparar-rutas-nacionales-que-no-se-hacian\/\" \/>\n<meta property=\"og:locale\" content=\"es_ES\" \/>\n<meta property=\"og:type\" content=\"article\" \/>\n<meta property=\"og:title\" content=\"Gustavo Vald\u00e9s: \u201cInvertimos $5.000 millones para reparar rutas nacionales que no se hac\u00edan\u201d - Radio Infinita Goya\" \/>\n<meta property=\"og:description\" content=\"Lo dijo en una acto en Santo Tom\u00e9, donde inaugur\u00f3 32 cuadras de pavimento. El gobernador de Corrientes, Gustavo Vald\u00e9s, encabez\u00f3 este jueves un acto en la\" \/>\n<meta property=\"og:url\" content=\"https:\/\/radioinfinitagoya.com.ar\/v1\/2025\/07\/24\/valdes-invertimos-5-000-millones-para-reparar-rutas-nacionales-que-no-se-hacian\/\" \/>\n<meta property=\"og:site_name\" content=\"Radio Infinita Goya\" \/>\n<meta property=\"article:publisher\" content=\"https:\/\/www.facebook.com\/p\/Infinita-Goya-100063870918311\/\" \/>\n<meta property=\"article:published_time\" content=\"2025-07-24T18:58:46+00:00\" \/>\n<meta property=\"article:modified_time\" content=\"2025-07-24T18:59:09+00:00\" \/>\n<meta property=\"og:image\" content=\"https:\/\/radioinfinitagoya.com.ar\/v1\/wp-content\/uploads\/2025\/07\/GwpDgAfW8AA7Nyk.jpg\" \/>\n\t<meta property=\"og:image:width\" content=\"3000\" \/>\n\t<meta property=\"og:image:height\" content=\"2000\" \/>\n\t<meta property=\"og:image:type\" content=\"image\/jpeg\" \/>\n<meta name=\"author\" content=\"Jorge Mi\u00f1o\" \/>\n<meta name=\"twitter:card\" content=\"summary_large_image\" \/>\n<meta name=\"twitter:label1\" content=\"Escrito por\" \/>\n\t<meta name=\"twitter:data1\" content=\"Jorge Mi\u00f1o\" \/>\n\t<meta name=\"twitter:label2\" content=\"Tiempo de lectura\" \/>\n\t<meta name=\"twitter:data2\" content=\"3 minutos\" \/>\n<script type=\"application\/ld+json\" class=\"yoast-schema-graph\">{\"@context\":\"https:\/\/schema.org\",\"@graph\":[{\"@type\":\"Article\",\"@id\":\"https:\/\/radioinfinitagoya.com.ar\/v1\/2025\/07\/24\/valdes-invertimos-5-000-millones-para-reparar-rutas-nacionales-que-no-se-hacian\/#article\",\"isPartOf\":{\"@id\":\"https:\/\/radioinfinitagoya.com.ar\/v1\/2025\/07\/24\/valdes-invertimos-5-000-millones-para-reparar-rutas-nacionales-que-no-se-hacian\/\"},\"author\":{\"name\":\"Jorge Mi\u00f1o\",\"@id\":\"https:\/\/radioinfinitagoya.com.ar\/v1\/#\/schema\/person\/d4cf9c413d4f6edb24aabdccab49ca4a\"},\"headline\":\"Gustavo Vald\u00e9s: \u201cInvertimos $5.000 millones para reparar rutas nacionales que no se hac\u00edan\u201d\",\"datePublished\":\"2025-07-24T18:58:46+00:00\",\"dateModified\":\"2025-07-24T18:59:09+00:00\",\"mainEntityOfPage\":{\"@id\":\"https:\/\/radioinfinitagoya.com.ar\/v1\/2025\/07\/24\/valdes-invertimos-5-000-millones-para-reparar-rutas-nacionales-que-no-se-hacian\/\"},\"wordCount\":659,\"publisher\":{\"@id\":\"https:\/\/radioinfinitagoya.com.ar\/v1\/#organization\"},\"image\":{\"@id\":\"https:\/\/radioinfinitagoya.com.ar\/v1\/2025\/07\/24\/valdes-invertimos-5-000-millones-para-reparar-rutas-nacionales-que-no-se-hacian\/#primaryimage\"},\"thumbnailUrl\":\"https:\/\/radioinfinitagoya.com.ar\/v1\/wp-content\/uploads\/2025\/07\/GwpDgAfW8AA7Nyk.jpg\",\"articleSection\":[\"PRINCIPAL\"],\"inLanguage\":\"es-AR\"},{\"@type\":\"WebPage\",\"@id\":\"https:\/\/radioinfinitagoya.com.ar\/v1\/2025\/07\/24\/valdes-invertimos-5-000-millones-para-reparar-rutas-nacionales-que-no-se-hacian\/\",\"url\":\"https:\/\/radioinfinitagoya.com.ar\/v1\/2025\/07\/24\/valdes-invertimos-5-000-millones-para-reparar-rutas-nacionales-que-no-se-hacian\/\",\"name\":\"Gustavo Vald\u00e9s: \u201cInvertimos $5.000 millones para reparar rutas nacionales que no se hac\u00edan\u201d - Radio Infinita Goya\",\"isPartOf\":{\"@id\":\"https:\/\/radioinfinitagoya.com.ar\/v1\/#website\"},\"primaryImageOfPage\":{\"@id\":\"https:\/\/radioinfinitagoya.com.ar\/v1\/2025\/07\/24\/valdes-invertimos-5-000-millones-para-reparar-rutas-nacionales-que-no-se-hacian\/#primaryimage\"},\"image\":{\"@id\":\"https:\/\/radioinfinitagoya.com.ar\/v1\/2025\/07\/24\/valdes-invertimos-5-000-millones-para-reparar-rutas-nacionales-que-no-se-hacian\/#primaryimage\"},\"thumbnailUrl\":\"https:\/\/radioinfinitagoya.com.ar\/v1\/wp-content\/uploads\/2025\/07\/GwpDgAfW8AA7Nyk.jpg\",\"datePublished\":\"2025-07-24T18:58:46+00:00\",\"dateModified\":\"2025-07-24T18:59:09+00:00\",\"description\":\"Lo dijo en una acto en Santo Tom\u00e9, donde inaugur\u00f3 32 cuadras de pavimento. El gobernador de Corrientes, Gustavo Vald\u00e9s, encabez\u00f3 este jueves un acto en la\",\"breadcrumb\":{\"@id\":\"https:\/\/radioinfinitagoya.com.ar\/v1\/2025\/07\/24\/valdes-invertimos-5-000-millones-para-reparar-rutas-nacionales-que-no-se-hacian\/#breadcrumb\"},\"inLanguage\":\"es-AR\",\"potentialAction\":[{\"@type\":\"ReadAction\",\"target\":[\"https:\/\/radioinfinitagoya.com.ar\/v1\/2025\/07\/24\/valdes-invertimos-5-000-millones-para-reparar-rutas-nacionales-que-no-se-hacian\/\"]}]},{\"@type\":\"ImageObject\",\"inLanguage\":\"es-AR\",\"@id\":\"https:\/\/radioinfinitagoya.com.ar\/v1\/2025\/07\/24\/valdes-invertimos-5-000-millones-para-reparar-rutas-nacionales-que-no-se-hacian\/#primaryimage\",\"url\":\"https:\/\/radioinfinitagoya.com.ar\/v1\/wp-content\/uploads\/2025\/07\/GwpDgAfW8AA7Nyk.jpg\",\"contentUrl\":\"https:\/\/radioinfinitagoya.com.ar\/v1\/wp-content\/uploads\/2025\/07\/GwpDgAfW8AA7Nyk.jpg\",\"width\":3000,\"height\":2000},{\"@type\":\"BreadcrumbList\",\"@id\":\"https:\/\/radioinfinitagoya.com.ar\/v1\/2025\/07\/24\/valdes-invertimos-5-000-millones-para-reparar-rutas-nacionales-que-no-se-hacian\/#breadcrumb\",\"itemListElement\":[{\"@type\":\"ListItem\",\"position\":1,\"name\":\"Inicio\",\"item\":\"https:\/\/radioinfinitagoya.com.ar\/v1\/\"},{\"@type\":\"ListItem\",\"position\":2,\"name\":\"Gustavo Vald\u00e9s: \u201cInvertimos $5.000 millones para reparar rutas nacionales que no se hac\u00edan\u201d\"}]},{\"@type\":\"WebSite\",\"@id\":\"https:\/\/radioinfinitagoya.com.ar\/v1\/#website\",\"url\":\"https:\/\/radioinfinitagoya.com.ar\/v1\/\",\"name\":\"radioinfinitagoya.com.ar\",\"description\":\"Radio de noticias\",\"publisher\":{\"@id\":\"https:\/\/radioinfinitagoya.com.ar\/v1\/#organization\"},\"potentialAction\":[{\"@type\":\"SearchAction\",\"target\":{\"@type\":\"EntryPoint\",\"urlTemplate\":\"https:\/\/radioinfinitagoya.com.ar\/v1\/?s={search_term_string}\"},\"query-input\":{\"@type\":\"PropertyValueSpecification\",\"valueRequired\":true,\"valueName\":\"search_term_string\"}}],\"inLanguage\":\"es-AR\"},{\"@type\":\"Organization\",\"@id\":\"https:\/\/radioinfinitagoya.com.ar\/v1\/#organization\",\"name\":\"Radio Infinita Goya\",\"url\":\"https:\/\/radioinfinitagoya.com.ar\/v1\/\",\"logo\":{\"@type\":\"ImageObject\",\"inLanguage\":\"es-AR\",\"@id\":\"https:\/\/radioinfinitagoya.com.ar\/v1\/#\/schema\/logo\/image\/\",\"url\":\"https:\/\/radioinfinitagoya.com.ar\/v1\/wp-content\/uploads\/2019\/11\/logo-pie-web.png\",\"contentUrl\":\"https:\/\/radioinfinitagoya.com.ar\/v1\/wp-content\/uploads\/2019\/11\/logo-pie-web.png\",\"width\":635,\"height\":326,\"caption\":\"Radio Infinita Goya\"},\"image\":{\"@id\":\"https:\/\/radioinfinitagoya.com.ar\/v1\/#\/schema\/logo\/image\/\"},\"sameAs\":[\"https:\/\/www.facebook.com\/p\/Infinita-Goya-100063870918311\/\"]},{\"@type\":\"Person\",\"@id\":\"https:\/\/radioinfinitagoya.com.ar\/v1\/#\/schema\/person\/d4cf9c413d4f6edb24aabdccab49ca4a\",\"name\":\"Jorge Mi\u00f1o\",\"image\":{\"@type\":\"ImageObject\",\"inLanguage\":\"es-AR\",\"@id\":\"https:\/\/secure.gravatar.com\/avatar\/910fcf6728fe95320e07a6643c1581fec1c7fc4bf8ae12e3d8f0d0373dc844be?s=96&d=mm&r=g\",\"url\":\"https:\/\/secure.gravatar.com\/avatar\/910fcf6728fe95320e07a6643c1581fec1c7fc4bf8ae12e3d8f0d0373dc844be?s=96&d=mm&r=g\",\"contentUrl\":\"https:\/\/secure.gravatar.com\/avatar\/910fcf6728fe95320e07a6643c1581fec1c7fc4bf8ae12e3d8f0d0373dc844be?s=96&d=mm&r=g\",\"caption\":\"Jorge Mi\u00f1o\"},\"sameAs\":[\"http:\/\/radioinfinitagoya.com.ar\"]}]}<\/script>\n<!-- \/ Yoast SEO plugin. -->","yoast_head_json":{"title":"Gustavo Vald\u00e9s: \u201cInvertimos $5.000 millones para reparar rutas nacionales que no se hac\u00edan\u201d - Radio Infinita Goya","description":"Lo dijo en una acto en Santo Tom\u00e9, donde inaugur\u00f3 32 cuadras de pavimento. El gobernador de Corrientes, Gustavo Vald\u00e9s, encabez\u00f3 este jueves un acto en la","robots":{"index":"index","follow":"follow","max-snippet":"max-snippet:-1","max-image-preview":"max-image-preview:large","max-video-preview":"max-video-preview:-1"},"canonical":"https:\/\/radioinfinitagoya.com.ar\/v1\/2025\/07\/24\/valdes-invertimos-5-000-millones-para-reparar-rutas-nacionales-que-no-se-hacian\/","og_locale":"es_ES","og_type":"article","og_title":"Gustavo Vald\u00e9s: \u201cInvertimos $5.000 millones para reparar rutas nacionales que no se hac\u00edan\u201d - Radio Infinita Goya","og_description":"Lo dijo en una acto en Santo Tom\u00e9, donde inaugur\u00f3 32 cuadras de pavimento. El gobernador de Corrientes, Gustavo Vald\u00e9s, encabez\u00f3 este jueves un acto en la","og_url":"https:\/\/radioinfinitagoya.com.ar\/v1\/2025\/07\/24\/valdes-invertimos-5-000-millones-para-reparar-rutas-nacionales-que-no-se-hacian\/","og_site_name":"Radio Infinita Goya","article_publisher":"https:\/\/www.facebook.com\/p\/Infinita-Goya-100063870918311\/","article_published_time":"2025-07-24T18:58:46+00:00","article_modified_time":"2025-07-24T18:59:09+00:00","og_image":[{"url":"https:\/\/radioinfinitagoya.com.ar\/v1\/wp-content\/uploads\/2025\/07\/GwpDgAfW8AA7Nyk.jpg","width":3000,"height":2000,"type":"image\/jpeg"}],"author":"Jorge Mi\u00f1o","twitter_card":"summary_large_image","twitter_misc":{"Escrito por":"Jorge Mi\u00f1o","Tiempo de lectura":"3 minutos"},"schema":{"@context":"https:\/\/schema.org","@graph":[{"@type":"Article","@id":"https:\/\/radioinfinitagoya.com.ar\/v1\/2025\/07\/24\/valdes-invertimos-5-000-millones-para-reparar-rutas-nacionales-que-no-se-hacian\/#article","isPartOf":{"@id":"https:\/\/radioinfinitagoya.com.ar\/v1\/2025\/07\/24\/valdes-invertimos-5-000-millones-para-reparar-rutas-nacionales-que-no-se-hacian\/"},"author":{"name":"Jorge Mi\u00f1o","@id":"https:\/\/radioinfinitagoya.com.ar\/v1\/#\/schema\/person\/d4cf9c413d4f6edb24aabdccab49ca4a"},"headline":"Gustavo Vald\u00e9s: \u201cInvertimos $5.000 millones para reparar rutas nacionales que no se hac\u00edan\u201d","datePublished":"2025-07-24T18:58:46+00:00","dateModified":"2025-07-24T18:59:09+00:00","mainEntityOfPage":{"@id":"https:\/\/radioinfinitagoya.com.ar\/v1\/2025\/07\/24\/valdes-invertimos-5-000-millones-para-reparar-rutas-nacionales-que-no-se-hacian\/"},"wordCount":659,"publisher":{"@id":"https:\/\/radioinfinitagoya.com.ar\/v1\/#organization"},"image":{"@id":"https:\/\/radioinfinitagoya.com.ar\/v1\/2025\/07\/24\/valdes-invertimos-5-000-millones-para-reparar-rutas-nacionales-que-no-se-hacian\/#primaryimage"},"thumbnailUrl":"https:\/\/radioinfinitagoya.com.ar\/v1\/wp-content\/uploads\/2025\/07\/GwpDgAfW8AA7Nyk.jpg","articleSection":["PRINCIPAL"],"inLanguage":"es-AR"},{"@type":"WebPage","@id":"https:\/\/radioinfinitagoya.com.ar\/v1\/2025\/07\/24\/valdes-invertimos-5-000-millones-para-reparar-rutas-nacionales-que-no-se-hacian\/","url":"https:\/\/radioinfinitagoya.com.ar\/v1\/2025\/07\/24\/valdes-invertimos-5-000-millones-para-reparar-rutas-nacionales-que-no-se-hacian\/","name":"Gustavo Vald\u00e9s: \u201cInvertimos $5.000 millones para reparar rutas nacionales que no se hac\u00edan\u201d - Radio Infinita Goya","isPartOf":{"@id":"https:\/\/radioinfinitagoya.com.ar\/v1\/#website"},"primaryImageOfPage":{"@id":"https:\/\/radioinfinitagoya.com.ar\/v1\/2025\/07\/24\/valdes-invertimos-5-000-millones-para-reparar-rutas-nacionales-que-no-se-hacian\/#primaryimage"},"image":{"@id":"https:\/\/radioinfinitagoya.com.ar\/v1\/2025\/07\/24\/valdes-invertimos-5-000-millones-para-reparar-rutas-nacionales-que-no-se-hacian\/#primaryimage"},"thumbnailUrl":"https:\/\/radioinfinitagoya.com.ar\/v1\/wp-content\/uploads\/2025\/07\/GwpDgAfW8AA7Nyk.jpg","datePublished":"2025-07-24T18:58:46+00:00","dateModified":"2025-07-24T18:59:09+00:00","description":"Lo dijo en una acto en Santo Tom\u00e9, donde inaugur\u00f3 32 cuadras de pavimento. El gobernador de Corrientes, Gustavo Vald\u00e9s, encabez\u00f3 este jueves un acto en la","breadcrumb":{"@id":"https:\/\/radioinfinitagoya.com.ar\/v1\/2025\/07\/24\/valdes-invertimos-5-000-millones-para-reparar-rutas-nacionales-que-no-se-hacian\/#breadcrumb"},"inLanguage":"es-AR","potentialAction":[{"@type":"ReadAction","target":["https:\/\/radioinfinitagoya.com.ar\/v1\/2025\/07\/24\/valdes-invertimos-5-000-millones-para-reparar-rutas-nacionales-que-no-se-hacian\/"]}]},{"@type":"ImageObject","inLanguage":"es-AR","@id":"https:\/\/radioinfinitagoya.com.ar\/v1\/2025\/07\/24\/valdes-invertimos-5-000-millones-para-reparar-rutas-nacionales-que-no-se-hacian\/#primaryimage","url":"https:\/\/radioinfinitagoya.com.ar\/v1\/wp-content\/uploads\/2025\/07\/GwpDgAfW8AA7Nyk.jpg","contentUrl":"https:\/\/radioinfinitagoya.com.ar\/v1\/wp-content\/uploads\/2025\/07\/GwpDgAfW8AA7Nyk.jpg","width":3000,"height":2000},{"@type":"BreadcrumbList","@id":"https:\/\/radioinfinitagoya.com.ar\/v1\/2025\/07\/24\/valdes-invertimos-5-000-millones-para-reparar-rutas-nacionales-que-no-se-hacian\/#breadcrumb","itemListElement":[{"@type":"ListItem","position":1,"name":"Inicio","item":"https:\/\/radioinfinitagoya.com.ar\/v1\/"},{"@type":"ListItem","position":2,"name":"Gustavo Vald\u00e9s: \u201cInvertimos $5.000 millones para reparar rutas nacionales que no se hac\u00edan\u201d"}]},{"@type":"WebSite","@id":"https:\/\/radioinfinitagoya.com.ar\/v1\/#website","url":"https:\/\/radioinfinitagoya.com.ar\/v1\/","name":"radioinfinitagoya.com.ar","description":"Radio de noticias","publisher":{"@id":"https:\/\/radioinfinitagoya.com.ar\/v1\/#organization"},"potentialAction":[{"@type":"SearchAction","target":{"@type":"EntryPoint","urlTemplate":"https:\/\/radioinfinitagoya.com.ar\/v1\/?s={search_term_string}"},"query-input":{"@type":"PropertyValueSpecification","valueRequired":true,"valueName":"search_term_string"}}],"inLanguage":"es-AR"},{"@type":"Organization","@id":"https:\/\/radioinfinitagoya.com.ar\/v1\/#organization","name":"Radio Infinita Goya","url":"https:\/\/radioinfinitagoya.com.ar\/v1\/","logo":{"@type":"ImageObject","inLanguage":"es-AR","@id":"https:\/\/radioinfinitagoya.com.ar\/v1\/#\/schema\/logo\/image\/","url":"https:\/\/radioinfinitagoya.com.ar\/v1\/wp-content\/uploads\/2019\/11\/logo-pie-web.png","contentUrl":"https:\/\/radioinfinitagoya.com.ar\/v1\/wp-content\/uploads\/2019\/11\/logo-pie-web.png","width":635,"height":326,"caption":"Radio Infinita Goya"},"image":{"@id":"https:\/\/radioinfinitagoya.com.ar\/v1\/#\/schema\/logo\/image\/"},"sameAs":["https:\/\/www.facebook.com\/p\/Infinita-Goya-100063870918311\/"]},{"@type":"Person","@id":"https:\/\/radioinfinitagoya.com.ar\/v1\/#\/schema\/person\/d4cf9c413d4f6edb24aabdccab49ca4a","name":"Jorge Mi\u00f1o","image":{"@type":"ImageObject","inLanguage":"es-AR","@id":"https:\/\/secure.gravatar.com\/avatar\/910fcf6728fe95320e07a6643c1581fec1c7fc4bf8ae12e3d8f0d0373dc844be?s=96&d=mm&r=g","url":"https:\/\/secure.gravatar.com\/avatar\/910fcf6728fe95320e07a6643c1581fec1c7fc4bf8ae12e3d8f0d0373dc844be?s=96&d=mm&r=g","contentUrl":"https:\/\/secure.gravatar.com\/avatar\/910fcf6728fe95320e07a6643c1581fec1c7fc4bf8ae12e3d8f0d0373dc844be?s=96&d=mm&r=g","caption":"Jorge Mi\u00f1o"},"sameAs":["http:\/\/radioinfinitagoya.com.ar"]}]}},"_links":{"self":[{"href":"https:\/\/radioinfinitagoya.com.ar\/v1\/wp-json\/wp\/v2\/posts\/193285","targetHints":{"allow":["GET"]}}],"collection":[{"href":"https:\/\/radioinfinitagoya.com.ar\/v1\/wp-json\/wp\/v2\/posts"}],"about":[{"href":"https:\/\/radioinfinitagoya.com.ar\/v1\/wp-json\/wp\/v2\/types\/post"}],"author":[{"embeddable":true,"href":"https:\/\/radioinfinitagoya.com.ar\/v1\/wp-json\/wp\/v2\/users\/4"}],"replies":[{"embeddable":true,"href":"https:\/\/radioinfinitagoya.com.ar\/v1\/wp-json\/wp\/v2\/comments?post=193285"}],"version-history":[{"count":0,"href":"https:\/\/radioinfinitagoya.com.ar\/v1\/wp-json\/wp\/v2\/posts\/193285\/revisions"}],"wp:featuredmedia":[{"embeddable":true,"href":"https:\/\/radioinfinitagoya.com.ar\/v1\/wp-json\/wp\/v2\/media\/193286"}],"wp:attachment":[{"href":"https:\/\/radioinfinitagoya.com.ar\/v1\/wp-json\/wp\/v2\/media?parent=193285"}],"wp:term":[{"taxonomy":"category","embeddable":true,"href":"https:\/\/radioinfinitagoya.com.ar\/v1\/wp-json\/wp\/v2\/categories?post=193285"},{"taxonomy":"post_tag","embeddable":true,"href":"https:\/\/radioinfinitagoya.com.ar\/v1\/wp-json\/wp\/v2\/tags?post=193285"}],"curies":[{"name":"wp","href":"https:\/\/api.w.org\/{rel}","templated":true}]}}