{"id":193289,"date":"2025-07-24T16:02:45","date_gmt":"2025-07-24T19:02:45","guid":{"rendered":"https:\/\/radioinfinitagoya.com.ar\/v1\/?p=193289"},"modified":"2025-07-24T16:02:45","modified_gmt":"2025-07-24T19:02:45","slug":"boca-perdio-por-2-1-contra-atletico-de-tucuman-y-fue-eliminado-de-la-copa-argentina","status":"publish","type":"post","link":"https:\/\/radioinfinitagoya.com.ar\/v1\/2025\/07\/24\/boca-perdio-por-2-1-contra-atletico-de-tucuman-y-fue-eliminado-de-la-copa-argentina\/","title":{"rendered":"Boca perdi\u00f3 por 2-1 contra Atl\u00e9tico de Tucum\u00e1n y fue eliminado de la Copa Argentina"},"content":{"rendered":"<p>En un partido cerrado, el conjunto tucumano se puso a la delantera por dos tantos en el segundo tiempo. Al final del encuentro, el Xeneize intent\u00f3 reaccionar, pero el gol de Cavani no alcanz\u00f3.<\/p>\n<p>Boca Juniors sufri\u00f3 una dolorosa eliminaci\u00f3n tras caer 2-1 contra Atl\u00e9tico Tucum\u00e1n por los 16avos de la Copa Argentina. Los dirigidos por Miguel \u00c1ngel Russo tuvieron su mejor momento en el cierre del primer tiempo y, en el complemento, se vieron superados por un s\u00f3lido Decano, que se llev\u00f3 la victoria con los goles de Clever Ferreira y Mateo Bajamich.<\/p>\n<p>El Xeneize, que tuvo la titularidad de Frank Fabra (se retir\u00f3 silbado), ofreci\u00f3 una deslucida imagen y Edinson Cavani volvi\u00f3 a quedar retratado por fallar ocasiones muy claras para abrir la historia en el Estadio \u00danico Madre de Ciudades de Santiago del Estero. El arco se le abri\u00f3 en la \u00faltima jugada del encuentro para marcar un descuento que solo decor\u00f3 el marcador.<\/p>\n<p>Mientras Atl\u00e9tico Tucum\u00e1n espera por Newell\u2019s en los octavos, Boca Juniors deber\u00e1 apostar todo el a\u00f1o al torneo local, donde est\u00e1 en la onceava colocaci\u00f3n de la Zona A, acumula dos empates en el Torneo Clausura y est\u00e1 tercero en la Tabla Anual, en zona de Repechaje para clasificar a la fase de grupos de la Copa Libertadores 2026. En el corto plazo, buscar\u00e1 la recuperaci\u00f3n el domingo desde las 18:30 ante Hurac\u00e1n en Parque Patricios.<\/p>\n<p>&nbsp;<\/p>\n","protected":false},"excerpt":{"rendered":"<p>En un partido cerrado, el conjunto tucumano se puso a la delantera por dos tantos en el segundo tiempo. Al final del encuentro, el Xeneize intent\u00f3 reaccionar, pero el gol de Cavani no alcanz\u00f3. Boca Juniors sufri\u00f3 una dolorosa eliminaci\u00f3n tras caer 2-1 contra Atl\u00e9tico Tucum\u00e1n por los 16avos de la Copa Argentina. Los dirigidos [&hellip;]<\/p>\n","protected":false},"author":4,"featured_media":193290,"comment_status":"closed","ping_status":"closed","sticky":false,"template":"","format":"standard","meta":{"_joinchat":[],"footnotes":""},"categories":[28],"tags":[],"class_list":{"0":"post-193289","1":"post","2":"type-post","3":"status-publish","4":"format-standard","5":"has-post-thumbnail","7":"category-deportes"},"yoast_head":"<!-- This site is optimized with the Yoast SEO plugin v27.2 - https:\/\/yoast.com\/product\/yoast-seo-wordpress\/ -->\n<title>Boca perdi\u00f3 por 2-1 contra Atl\u00e9tico de Tucum\u00e1n y fue eliminado de la Copa Argentina - Radio Infinita Goya<\/title>\n<meta name=\"description\" content=\"En un partido cerrado, el conjunto tucumano se puso a la delantera por dos tantos en el segundo tiempo. Al final del encuentro, el Xeneize intent\u00f3\" \/>\n<meta name=\"robots\" content=\"index, follow, max-snippet:-1, max-image-preview:large, max-video-preview:-1\" \/>\n<link rel=\"canonical\" href=\"https:\/\/radioinfinitagoya.com.ar\/v1\/2025\/07\/24\/boca-perdio-por-2-1-contra-atletico-de-tucuman-y-fue-eliminado-de-la-copa-argentina\/\" \/>\n<meta property=\"og:locale\" content=\"es_ES\" \/>\n<meta property=\"og:type\" content=\"article\" \/>\n<meta property=\"og:title\" content=\"Boca perdi\u00f3 por 2-1 contra Atl\u00e9tico de Tucum\u00e1n y fue eliminado de la Copa Argentina - Radio Infinita Goya\" \/>\n<meta property=\"og:description\" content=\"En un partido cerrado, el conjunto tucumano se puso a la delantera por dos tantos en el segundo tiempo. Al final del encuentro, el Xeneize intent\u00f3\" \/>\n<meta property=\"og:url\" content=\"https:\/\/radioinfinitagoya.com.ar\/v1\/2025\/07\/24\/boca-perdio-por-2-1-contra-atletico-de-tucuman-y-fue-eliminado-de-la-copa-argentina\/\" \/>\n<meta property=\"og:site_name\" content=\"Radio Infinita Goya\" \/>\n<meta property=\"article:publisher\" content=\"https:\/\/www.facebook.com\/p\/Infinita-Goya-100063870918311\/\" \/>\n<meta property=\"article:published_time\" content=\"2025-07-24T19:02:45+00:00\" \/>\n<meta property=\"og:image\" content=\"https:\/\/radioinfinitagoya.com.ar\/v1\/wp-content\/uploads\/2025\/07\/GwnSXkFXEAA8KFP.jpg\" \/>\n\t<meta property=\"og:image:width\" content=\"470\" \/>\n\t<meta property=\"og:image:height\" content=\"313\" \/>\n\t<meta property=\"og:image:type\" content=\"image\/jpeg\" \/>\n<meta name=\"author\" content=\"Jorge Mi\u00f1o\" \/>\n<meta name=\"twitter:card\" content=\"summary_large_image\" \/>\n<meta name=\"twitter:label1\" content=\"Escrito por\" \/>\n\t<meta name=\"twitter:data1\" content=\"Jorge Mi\u00f1o\" \/>\n\t<meta name=\"twitter:label2\" content=\"Tiempo de lectura\" \/>\n\t<meta name=\"twitter:data2\" content=\"2 minutos\" \/>\n<script type=\"application\/ld+json\" class=\"yoast-schema-graph\">{\"@context\":\"https:\/\/schema.org\",\"@graph\":[{\"@type\":\"Article\",\"@id\":\"https:\/\/radioinfinitagoya.com.ar\/v1\/2025\/07\/24\/boca-perdio-por-2-1-contra-atletico-de-tucuman-y-fue-eliminado-de-la-copa-argentina\/#article\",\"isPartOf\":{\"@id\":\"https:\/\/radioinfinitagoya.com.ar\/v1\/2025\/07\/24\/boca-perdio-por-2-1-contra-atletico-de-tucuman-y-fue-eliminado-de-la-copa-argentina\/\"},\"author\":{\"name\":\"Jorge Mi\u00f1o\",\"@id\":\"https:\/\/radioinfinitagoya.com.ar\/v1\/#\/schema\/person\/d4cf9c413d4f6edb24aabdccab49ca4a\"},\"headline\":\"Boca perdi\u00f3 por 2-1 contra Atl\u00e9tico de Tucum\u00e1n y fue eliminado de la Copa Argentina\",\"datePublished\":\"2025-07-24T19:02:45+00:00\",\"mainEntityOfPage\":{\"@id\":\"https:\/\/radioinfinitagoya.com.ar\/v1\/2025\/07\/24\/boca-perdio-por-2-1-contra-atletico-de-tucuman-y-fue-eliminado-de-la-copa-argentina\/\"},\"wordCount\":260,\"publisher\":{\"@id\":\"https:\/\/radioinfinitagoya.com.ar\/v1\/#organization\"},\"image\":{\"@id\":\"https:\/\/radioinfinitagoya.com.ar\/v1\/2025\/07\/24\/boca-perdio-por-2-1-contra-atletico-de-tucuman-y-fue-eliminado-de-la-copa-argentina\/#primaryimage\"},\"thumbnailUrl\":\"https:\/\/radioinfinitagoya.com.ar\/v1\/wp-content\/uploads\/2025\/07\/GwnSXkFXEAA8KFP.jpg\",\"articleSection\":[\"DEPORTES\"],\"inLanguage\":\"es-AR\"},{\"@type\":\"WebPage\",\"@id\":\"https:\/\/radioinfinitagoya.com.ar\/v1\/2025\/07\/24\/boca-perdio-por-2-1-contra-atletico-de-tucuman-y-fue-eliminado-de-la-copa-argentina\/\",\"url\":\"https:\/\/radioinfinitagoya.com.ar\/v1\/2025\/07\/24\/boca-perdio-por-2-1-contra-atletico-de-tucuman-y-fue-eliminado-de-la-copa-argentina\/\",\"name\":\"Boca perdi\u00f3 por 2-1 contra Atl\u00e9tico de Tucum\u00e1n y fue eliminado de la Copa Argentina - Radio Infinita Goya\",\"isPartOf\":{\"@id\":\"https:\/\/radioinfinitagoya.com.ar\/v1\/#website\"},\"primaryImageOfPage\":{\"@id\":\"https:\/\/radioinfinitagoya.com.ar\/v1\/2025\/07\/24\/boca-perdio-por-2-1-contra-atletico-de-tucuman-y-fue-eliminado-de-la-copa-argentina\/#primaryimage\"},\"image\":{\"@id\":\"https:\/\/radioinfinitagoya.com.ar\/v1\/2025\/07\/24\/boca-perdio-por-2-1-contra-atletico-de-tucuman-y-fue-eliminado-de-la-copa-argentina\/#primaryimage\"},\"thumbnailUrl\":\"https:\/\/radioinfinitagoya.com.ar\/v1\/wp-content\/uploads\/2025\/07\/GwnSXkFXEAA8KFP.jpg\",\"datePublished\":\"2025-07-24T19:02:45+00:00\",\"description\":\"En un partido cerrado, el conjunto tucumano se puso a la delantera por dos tantos en el segundo tiempo. Al final del encuentro, el Xeneize intent\u00f3\",\"breadcrumb\":{\"@id\":\"https:\/\/radioinfinitagoya.com.ar\/v1\/2025\/07\/24\/boca-perdio-por-2-1-contra-atletico-de-tucuman-y-fue-eliminado-de-la-copa-argentina\/#breadcrumb\"},\"inLanguage\":\"es-AR\",\"potentialAction\":[{\"@type\":\"ReadAction\",\"target\":[\"https:\/\/radioinfinitagoya.com.ar\/v1\/2025\/07\/24\/boca-perdio-por-2-1-contra-atletico-de-tucuman-y-fue-eliminado-de-la-copa-argentina\/\"]}]},{\"@type\":\"ImageObject\",\"inLanguage\":\"es-AR\",\"@id\":\"https:\/\/radioinfinitagoya.com.ar\/v1\/2025\/07\/24\/boca-perdio-por-2-1-contra-atletico-de-tucuman-y-fue-eliminado-de-la-copa-argentina\/#primaryimage\",\"url\":\"https:\/\/radioinfinitagoya.com.ar\/v1\/wp-content\/uploads\/2025\/07\/GwnSXkFXEAA8KFP.jpg\",\"contentUrl\":\"https:\/\/radioinfinitagoya.com.ar\/v1\/wp-content\/uploads\/2025\/07\/GwnSXkFXEAA8KFP.jpg\",\"width\":470,\"height\":313},{\"@type\":\"BreadcrumbList\",\"@id\":\"https:\/\/radioinfinitagoya.com.ar\/v1\/2025\/07\/24\/boca-perdio-por-2-1-contra-atletico-de-tucuman-y-fue-eliminado-de-la-copa-argentina\/#breadcrumb\",\"itemListElement\":[{\"@type\":\"ListItem\",\"position\":1,\"name\":\"Inicio\",\"item\":\"https:\/\/radioinfinitagoya.com.ar\/v1\/\"},{\"@type\":\"ListItem\",\"position\":2,\"name\":\"Boca perdi\u00f3 por 2-1 contra Atl\u00e9tico de Tucum\u00e1n y fue eliminado de la Copa Argentina\"}]},{\"@type\":\"WebSite\",\"@id\":\"https:\/\/radioinfinitagoya.com.ar\/v1\/#website\",\"url\":\"https:\/\/radioinfinitagoya.com.ar\/v1\/\",\"name\":\"radioinfinitagoya.com.ar\",\"description\":\"Radio de noticias\",\"publisher\":{\"@id\":\"https:\/\/radioinfinitagoya.com.ar\/v1\/#organization\"},\"potentialAction\":[{\"@type\":\"SearchAction\",\"target\":{\"@type\":\"EntryPoint\",\"urlTemplate\":\"https:\/\/radioinfinitagoya.com.ar\/v1\/?s={search_term_string}\"},\"query-input\":{\"@type\":\"PropertyValueSpecification\",\"valueRequired\":true,\"valueName\":\"search_term_string\"}}],\"inLanguage\":\"es-AR\"},{\"@type\":\"Organization\",\"@id\":\"https:\/\/radioinfinitagoya.com.ar\/v1\/#organization\",\"name\":\"Radio Infinita Goya\",\"url\":\"https:\/\/radioinfinitagoya.com.ar\/v1\/\",\"logo\":{\"@type\":\"ImageObject\",\"inLanguage\":\"es-AR\",\"@id\":\"https:\/\/radioinfinitagoya.com.ar\/v1\/#\/schema\/logo\/image\/\",\"url\":\"https:\/\/radioinfinitagoya.com.ar\/v1\/wp-content\/uploads\/2019\/11\/logo-pie-web.png\",\"contentUrl\":\"https:\/\/radioinfinitagoya.com.ar\/v1\/wp-content\/uploads\/2019\/11\/logo-pie-web.png\",\"width\":635,\"height\":326,\"caption\":\"Radio Infinita Goya\"},\"image\":{\"@id\":\"https:\/\/radioinfinitagoya.com.ar\/v1\/#\/schema\/logo\/image\/\"},\"sameAs\":[\"https:\/\/www.facebook.com\/p\/Infinita-Goya-100063870918311\/\"]},{\"@type\":\"Person\",\"@id\":\"https:\/\/radioinfinitagoya.com.ar\/v1\/#\/schema\/person\/d4cf9c413d4f6edb24aabdccab49ca4a\",\"name\":\"Jorge Mi\u00f1o\",\"image\":{\"@type\":\"ImageObject\",\"inLanguage\":\"es-AR\",\"@id\":\"https:\/\/secure.gravatar.com\/avatar\/910fcf6728fe95320e07a6643c1581fec1c7fc4bf8ae12e3d8f0d0373dc844be?s=96&d=mm&r=g\",\"url\":\"https:\/\/secure.gravatar.com\/avatar\/910fcf6728fe95320e07a6643c1581fec1c7fc4bf8ae12e3d8f0d0373dc844be?s=96&d=mm&r=g\",\"contentUrl\":\"https:\/\/secure.gravatar.com\/avatar\/910fcf6728fe95320e07a6643c1581fec1c7fc4bf8ae12e3d8f0d0373dc844be?s=96&d=mm&r=g\",\"caption\":\"Jorge Mi\u00f1o\"},\"sameAs\":[\"http:\/\/radioinfinitagoya.com.ar\"]}]}<\/script>\n<!-- \/ Yoast SEO plugin. -->","yoast_head_json":{"title":"Boca perdi\u00f3 por 2-1 contra Atl\u00e9tico de Tucum\u00e1n y fue eliminado de la Copa Argentina - Radio Infinita Goya","description":"En un partido cerrado, el conjunto tucumano se puso a la delantera por dos tantos en el segundo tiempo. Al final del encuentro, el Xeneize intent\u00f3","robots":{"index":"index","follow":"follow","max-snippet":"max-snippet:-1","max-image-preview":"max-image-preview:large","max-video-preview":"max-video-preview:-1"},"canonical":"https:\/\/radioinfinitagoya.com.ar\/v1\/2025\/07\/24\/boca-perdio-por-2-1-contra-atletico-de-tucuman-y-fue-eliminado-de-la-copa-argentina\/","og_locale":"es_ES","og_type":"article","og_title":"Boca perdi\u00f3 por 2-1 contra Atl\u00e9tico de Tucum\u00e1n y fue eliminado de la Copa Argentina - Radio Infinita Goya","og_description":"En un partido cerrado, el conjunto tucumano se puso a la delantera por dos tantos en el segundo tiempo. Al final del encuentro, el Xeneize intent\u00f3","og_url":"https:\/\/radioinfinitagoya.com.ar\/v1\/2025\/07\/24\/boca-perdio-por-2-1-contra-atletico-de-tucuman-y-fue-eliminado-de-la-copa-argentina\/","og_site_name":"Radio Infinita Goya","article_publisher":"https:\/\/www.facebook.com\/p\/Infinita-Goya-100063870918311\/","article_published_time":"2025-07-24T19:02:45+00:00","og_image":[{"width":470,"height":313,"url":"https:\/\/radioinfinitagoya.com.ar\/v1\/wp-content\/uploads\/2025\/07\/GwnSXkFXEAA8KFP.jpg","type":"image\/jpeg"}],"author":"Jorge Mi\u00f1o","twitter_card":"summary_large_image","twitter_misc":{"Escrito por":"Jorge Mi\u00f1o","Tiempo de lectura":"2 minutos"},"schema":{"@context":"https:\/\/schema.org","@graph":[{"@type":"Article","@id":"https:\/\/radioinfinitagoya.com.ar\/v1\/2025\/07\/24\/boca-perdio-por-2-1-contra-atletico-de-tucuman-y-fue-eliminado-de-la-copa-argentina\/#article","isPartOf":{"@id":"https:\/\/radioinfinitagoya.com.ar\/v1\/2025\/07\/24\/boca-perdio-por-2-1-contra-atletico-de-tucuman-y-fue-eliminado-de-la-copa-argentina\/"},"author":{"name":"Jorge Mi\u00f1o","@id":"https:\/\/radioinfinitagoya.com.ar\/v1\/#\/schema\/person\/d4cf9c413d4f6edb24aabdccab49ca4a"},"headline":"Boca perdi\u00f3 por 2-1 contra Atl\u00e9tico de Tucum\u00e1n y fue eliminado de la Copa Argentina","datePublished":"2025-07-24T19:02:45+00:00","mainEntityOfPage":{"@id":"https:\/\/radioinfinitagoya.com.ar\/v1\/2025\/07\/24\/boca-perdio-por-2-1-contra-atletico-de-tucuman-y-fue-eliminado-de-la-copa-argentina\/"},"wordCount":260,"publisher":{"@id":"https:\/\/radioinfinitagoya.com.ar\/v1\/#organization"},"image":{"@id":"https:\/\/radioinfinitagoya.com.ar\/v1\/2025\/07\/24\/boca-perdio-por-2-1-contra-atletico-de-tucuman-y-fue-eliminado-de-la-copa-argentina\/#primaryimage"},"thumbnailUrl":"https:\/\/radioinfinitagoya.com.ar\/v1\/wp-content\/uploads\/2025\/07\/GwnSXkFXEAA8KFP.jpg","articleSection":["DEPORTES"],"inLanguage":"es-AR"},{"@type":"WebPage","@id":"https:\/\/radioinfinitagoya.com.ar\/v1\/2025\/07\/24\/boca-perdio-por-2-1-contra-atletico-de-tucuman-y-fue-eliminado-de-la-copa-argentina\/","url":"https:\/\/radioinfinitagoya.com.ar\/v1\/2025\/07\/24\/boca-perdio-por-2-1-contra-atletico-de-tucuman-y-fue-eliminado-de-la-copa-argentina\/","name":"Boca perdi\u00f3 por 2-1 contra Atl\u00e9tico de Tucum\u00e1n y fue eliminado de la Copa Argentina - Radio Infinita Goya","isPartOf":{"@id":"https:\/\/radioinfinitagoya.com.ar\/v1\/#website"},"primaryImageOfPage":{"@id":"https:\/\/radioinfinitagoya.com.ar\/v1\/2025\/07\/24\/boca-perdio-por-2-1-contra-atletico-de-tucuman-y-fue-eliminado-de-la-copa-argentina\/#primaryimage"},"image":{"@id":"https:\/\/radioinfinitagoya.com.ar\/v1\/2025\/07\/24\/boca-perdio-por-2-1-contra-atletico-de-tucuman-y-fue-eliminado-de-la-copa-argentina\/#primaryimage"},"thumbnailUrl":"https:\/\/radioinfinitagoya.com.ar\/v1\/wp-content\/uploads\/2025\/07\/GwnSXkFXEAA8KFP.jpg","datePublished":"2025-07-24T19:02:45+00:00","description":"En un partido cerrado, el conjunto tucumano se puso a la delantera por dos tantos en el segundo tiempo. Al final del encuentro, el Xeneize intent\u00f3","breadcrumb":{"@id":"https:\/\/radioinfinitagoya.com.ar\/v1\/2025\/07\/24\/boca-perdio-por-2-1-contra-atletico-de-tucuman-y-fue-eliminado-de-la-copa-argentina\/#breadcrumb"},"inLanguage":"es-AR","potentialAction":[{"@type":"ReadAction","target":["https:\/\/radioinfinitagoya.com.ar\/v1\/2025\/07\/24\/boca-perdio-por-2-1-contra-atletico-de-tucuman-y-fue-eliminado-de-la-copa-argentina\/"]}]},{"@type":"ImageObject","inLanguage":"es-AR","@id":"https:\/\/radioinfinitagoya.com.ar\/v1\/2025\/07\/24\/boca-perdio-por-2-1-contra-atletico-de-tucuman-y-fue-eliminado-de-la-copa-argentina\/#primaryimage","url":"https:\/\/radioinfinitagoya.com.ar\/v1\/wp-content\/uploads\/2025\/07\/GwnSXkFXEAA8KFP.jpg","contentUrl":"https:\/\/radioinfinitagoya.com.ar\/v1\/wp-content\/uploads\/2025\/07\/GwnSXkFXEAA8KFP.jpg","width":470,"height":313},{"@type":"BreadcrumbList","@id":"https:\/\/radioinfinitagoya.com.ar\/v1\/2025\/07\/24\/boca-perdio-por-2-1-contra-atletico-de-tucuman-y-fue-eliminado-de-la-copa-argentina\/#breadcrumb","itemListElement":[{"@type":"ListItem","position":1,"name":"Inicio","item":"https:\/\/radioinfinitagoya.com.ar\/v1\/"},{"@type":"ListItem","position":2,"name":"Boca perdi\u00f3 por 2-1 contra Atl\u00e9tico de Tucum\u00e1n y fue eliminado de la Copa Argentina"}]},{"@type":"WebSite","@id":"https:\/\/radioinfinitagoya.com.ar\/v1\/#website","url":"https:\/\/radioinfinitagoya.com.ar\/v1\/","name":"radioinfinitagoya.com.ar","description":"Radio de noticias","publisher":{"@id":"https:\/\/radioinfinitagoya.com.ar\/v1\/#organization"},"potentialAction":[{"@type":"SearchAction","target":{"@type":"EntryPoint","urlTemplate":"https:\/\/radioinfinitagoya.com.ar\/v1\/?s={search_term_string}"},"query-input":{"@type":"PropertyValueSpecification","valueRequired":true,"valueName":"search_term_string"}}],"inLanguage":"es-AR"},{"@type":"Organization","@id":"https:\/\/radioinfinitagoya.com.ar\/v1\/#organization","name":"Radio Infinita Goya","url":"https:\/\/radioinfinitagoya.com.ar\/v1\/","logo":{"@type":"ImageObject","inLanguage":"es-AR","@id":"https:\/\/radioinfinitagoya.com.ar\/v1\/#\/schema\/logo\/image\/","url":"https:\/\/radioinfinitagoya.com.ar\/v1\/wp-content\/uploads\/2019\/11\/logo-pie-web.png","contentUrl":"https:\/\/radioinfinitagoya.com.ar\/v1\/wp-content\/uploads\/2019\/11\/logo-pie-web.png","width":635,"height":326,"caption":"Radio Infinita Goya"},"image":{"@id":"https:\/\/radioinfinitagoya.com.ar\/v1\/#\/schema\/logo\/image\/"},"sameAs":["https:\/\/www.facebook.com\/p\/Infinita-Goya-100063870918311\/"]},{"@type":"Person","@id":"https:\/\/radioinfinitagoya.com.ar\/v1\/#\/schema\/person\/d4cf9c413d4f6edb24aabdccab49ca4a","name":"Jorge Mi\u00f1o","image":{"@type":"ImageObject","inLanguage":"es-AR","@id":"https:\/\/secure.gravatar.com\/avatar\/910fcf6728fe95320e07a6643c1581fec1c7fc4bf8ae12e3d8f0d0373dc844be?s=96&d=mm&r=g","url":"https:\/\/secure.gravatar.com\/avatar\/910fcf6728fe95320e07a6643c1581fec1c7fc4bf8ae12e3d8f0d0373dc844be?s=96&d=mm&r=g","contentUrl":"https:\/\/secure.gravatar.com\/avatar\/910fcf6728fe95320e07a6643c1581fec1c7fc4bf8ae12e3d8f0d0373dc844be?s=96&d=mm&r=g","caption":"Jorge Mi\u00f1o"},"sameAs":["http:\/\/radioinfinitagoya.com.ar"]}]}},"_links":{"self":[{"href":"https:\/\/radioinfinitagoya.com.ar\/v1\/wp-json\/wp\/v2\/posts\/193289","targetHints":{"allow":["GET"]}}],"collection":[{"href":"https:\/\/radioinfinitagoya.com.ar\/v1\/wp-json\/wp\/v2\/posts"}],"about":[{"href":"https:\/\/radioinfinitagoya.com.ar\/v1\/wp-json\/wp\/v2\/types\/post"}],"author":[{"embeddable":true,"href":"https:\/\/radioinfinitagoya.com.ar\/v1\/wp-json\/wp\/v2\/users\/4"}],"replies":[{"embeddable":true,"href":"https:\/\/radioinfinitagoya.com.ar\/v1\/wp-json\/wp\/v2\/comments?post=193289"}],"version-history":[{"count":0,"href":"https:\/\/radioinfinitagoya.com.ar\/v1\/wp-json\/wp\/v2\/posts\/193289\/revisions"}],"wp:featuredmedia":[{"embeddable":true,"href":"https:\/\/radioinfinitagoya.com.ar\/v1\/wp-json\/wp\/v2\/media\/193290"}],"wp:attachment":[{"href":"https:\/\/radioinfinitagoya.com.ar\/v1\/wp-json\/wp\/v2\/media?parent=193289"}],"wp:term":[{"taxonomy":"category","embeddable":true,"href":"https:\/\/radioinfinitagoya.com.ar\/v1\/wp-json\/wp\/v2\/categories?post=193289"},{"taxonomy":"post_tag","embeddable":true,"href":"https:\/\/radioinfinitagoya.com.ar\/v1\/wp-json\/wp\/v2\/tags?post=193289"}],"curies":[{"name":"wp","href":"https:\/\/api.w.org\/{rel}","templated":true}]}}