{"id":193292,"date":"2025-07-24T16:07:21","date_gmt":"2025-07-24T19:07:21","guid":{"rendered":"https:\/\/radioinfinitagoya.com.ar\/v1\/?p=193292"},"modified":"2025-07-24T16:07:21","modified_gmt":"2025-07-24T19:07:21","slug":"estado-de-salud-de-la-locomotora-oliveras-a-diez-dias-de-sufrir-un-acv","status":"publish","type":"post","link":"https:\/\/radioinfinitagoya.com.ar\/v1\/2025\/07\/24\/estado-de-salud-de-la-locomotora-oliveras-a-diez-dias-de-sufrir-un-acv\/","title":{"rendered":"Estado de salud de la &#8220;Locomotora&#8221; Oliveras a diez d\u00edas de sufrir un ACV"},"content":{"rendered":"<p>Desde el Hospital Jos\u00e9 Mar\u00eda Cullen de Santa Fe, se inform\u00f3 que si bien la exboxeadora se encuentra estable, su pron\u00f3stico sigue siendo reservado.<\/p>\n<p>Alejandra &#8220;Locomotora&#8221; Oliveras (47) sigue internada en terapia intensiva, en estado cr\u00edtico, a causa del ACV isqu\u00e9mico que sufri\u00f3 hace 10 d\u00edas en Santa Fe. La exboxeadora permanece con asistencia respiratoria mec\u00e1nica. Sus m\u00e9dicos informaron hoy que no tuvo cambios neurol\u00f3gicos en las \u00faltimas 24 horas y que su pron\u00f3stico sigue siendo reservado.<\/p>\n<p>El nuevo parte m\u00e9dico sobre su salud fue difundido este jueves 24 de julio por primera vez por escrito. Hasta ayer se hab\u00edan informado verbalmente en el hospital Jos\u00e9 Mar\u00eda Cullen, donde est\u00e1 internada desde que sufri\u00f3 el accidente cerebrovascular que le provoc\u00f3 un severo da\u00f1o en el hemisferio izquierdo.<\/p>\n<p>En el parte de ayer los m\u00e9dicos hab\u00edan revelado que la ex campeona del mundo ten\u00eda una patolog\u00eda vascular de base que no estaba debidamente controlada y que lleg\u00f3 a la guardia del hospital fuera de la ventana de tiempo que les hubiese permitido hacer una intervenci\u00f3n de urgencia sobre la lesi\u00f3n cerebral.<\/p>\n<p>Adem\u00e1s, confirmaron que, en caso de superar esta etapa cr\u00edtica, sufrir\u00e1 secuelas neurol\u00f3gicas por el grave da\u00f1o que le provoc\u00f3 la isquemia, aunque a\u00fan no es posible precisar cu\u00e1les ser\u00e1n.<\/p>\n<p>Qu\u00e9 le pas\u00f3 a Locomotora Oliveras<\/p>\n<p>Seg\u00fan cont\u00f3 su familia, Alejandra &#8220;Locomotora&#8221; Oliveras mostr\u00f3 los primeros s\u00edntomas del cuadro neurol\u00f3gico a primera hora del lunes 14; cuando su hijo la encontr\u00f3 en un estado de confusi\u00f3n. Ese d\u00eda deb\u00eda asumir como concejal constituyente. Llam\u00f3 al Servicio de Emergencias provincial y, tras una primera atenci\u00f3n en un centro de menor complejidad, fue derivada al Cullen.<\/p>\n<p>La ex boxeadora ingres\u00f3 a la guardia del hospital a las 9.20 de la ma\u00f1ana, donde se constat\u00f3 un s\u00edndrome confusional asociado a una p\u00e9rdida de movilidad de toda la parte izquierda del cuerpo. Se hicieron distintos estudios, que inclu\u00edan tomograf\u00edas y resonancia, donde se confirm\u00f3 que hab\u00eda sufrido un ACV isqu\u00e9mico del lado izquierdo.<\/p>\n<p>El cuadro de salud de Oliveras se hab\u00eda complicado el mi\u00e9rcoles de la semana pasada luego de que una tomograf\u00eda detectara un aumento de la presi\u00f3n intracraneal, lo que estaba generando un edema que pod\u00eda comprometer sus funciones vitales.<\/p>\n<p>Por eso decidieron operarla de urgencia. La intervenci\u00f3n fue una craniectom\u00eda descompresiva, un procedimiento quir\u00fargico que implica generar un espacio para reducir la presi\u00f3n intracraneal elevada y evitar da\u00f1os mayores. En el informe de ayer se confirm\u00f3 que el procedimiento fue exitoso.<\/p>\n<p>Este lunes, en la Convenci\u00f3n Constituyentes de Santa Fe emiti\u00f3 un dictamen de mayor\u00eda para rechazar un pedido de impugnaci\u00f3n que hab\u00eda presentado Amalia Granata contra Oliveras al denunciar que no cumpl\u00eda con el requisito de tener domicilio en Santa Fe. Este jueves ser\u00e1 tratado, mientras que en los pr\u00f3ximos d\u00edas se resolver\u00e1 si es reemplazada por su estado de salud.<\/p>\n<p>&nbsp;<\/p>\n<p>&nbsp;<\/p>\n","protected":false},"excerpt":{"rendered":"<p>Desde el Hospital Jos\u00e9 Mar\u00eda Cullen de Santa Fe, se inform\u00f3 que si bien la exboxeadora se encuentra estable, su pron\u00f3stico sigue siendo reservado. Alejandra &#8220;Locomotora&#8221; Oliveras (47) sigue internada en terapia intensiva, en estado cr\u00edtico, a causa del ACV isqu\u00e9mico que sufri\u00f3 hace 10 d\u00edas en Santa Fe. La exboxeadora permanece con asistencia respiratoria [&hellip;]<\/p>\n","protected":false},"author":4,"featured_media":193293,"comment_status":"closed","ping_status":"closed","sticky":false,"template":"","format":"standard","meta":{"_joinchat":[],"footnotes":""},"categories":[28],"tags":[],"class_list":{"0":"post-193292","1":"post","2":"type-post","3":"status-publish","4":"format-standard","5":"has-post-thumbnail","7":"category-deportes"},"yoast_head":"<!-- This site is optimized with the Yoast SEO plugin v27.2 - https:\/\/yoast.com\/product\/yoast-seo-wordpress\/ -->\n<title>Estado de salud de la &quot;Locomotora&quot; Oliveras a diez d\u00edas de sufrir un ACV - Radio Infinita Goya<\/title>\n<meta name=\"description\" content=\"Desde el Hospital Jos\u00e9 Mar\u00eda Cullen de Santa Fe, se inform\u00f3 que si bien la exboxeadora se encuentra estable, su pron\u00f3stico sigue siendo reservado.\" \/>\n<meta name=\"robots\" content=\"index, follow, max-snippet:-1, max-image-preview:large, max-video-preview:-1\" \/>\n<link rel=\"canonical\" href=\"https:\/\/radioinfinitagoya.com.ar\/v1\/2025\/07\/24\/estado-de-salud-de-la-locomotora-oliveras-a-diez-dias-de-sufrir-un-acv\/\" \/>\n<meta property=\"og:locale\" content=\"es_ES\" \/>\n<meta property=\"og:type\" content=\"article\" \/>\n<meta property=\"og:title\" content=\"Estado de salud de la &quot;Locomotora&quot; Oliveras a diez d\u00edas de sufrir un ACV - Radio Infinita Goya\" \/>\n<meta property=\"og:description\" content=\"Desde el Hospital Jos\u00e9 Mar\u00eda Cullen de Santa Fe, se inform\u00f3 que si bien la exboxeadora se encuentra estable, su pron\u00f3stico sigue siendo reservado.\" \/>\n<meta property=\"og:url\" content=\"https:\/\/radioinfinitagoya.com.ar\/v1\/2025\/07\/24\/estado-de-salud-de-la-locomotora-oliveras-a-diez-dias-de-sufrir-un-acv\/\" \/>\n<meta property=\"og:site_name\" content=\"Radio Infinita Goya\" \/>\n<meta property=\"article:publisher\" content=\"https:\/\/www.facebook.com\/p\/Infinita-Goya-100063870918311\/\" \/>\n<meta property=\"article:published_time\" content=\"2025-07-24T19:07:21+00:00\" \/>\n<meta property=\"og:image\" content=\"https:\/\/radioinfinitagoya.com.ar\/v1\/wp-content\/uploads\/2025\/07\/GwoyEFVWkAIi-qn.png\" \/>\n\t<meta property=\"og:image:width\" content=\"680\" \/>\n\t<meta property=\"og:image:height\" content=\"348\" \/>\n\t<meta property=\"og:image:type\" content=\"image\/png\" \/>\n<meta name=\"author\" content=\"Jorge Mi\u00f1o\" \/>\n<meta name=\"twitter:card\" content=\"summary_large_image\" \/>\n<meta name=\"twitter:label1\" content=\"Escrito por\" \/>\n\t<meta name=\"twitter:data1\" content=\"Jorge Mi\u00f1o\" \/>\n\t<meta name=\"twitter:label2\" content=\"Tiempo de lectura\" \/>\n\t<meta name=\"twitter:data2\" content=\"3 minutos\" \/>\n<script type=\"application\/ld+json\" class=\"yoast-schema-graph\">{\"@context\":\"https:\/\/schema.org\",\"@graph\":[{\"@type\":\"Article\",\"@id\":\"https:\/\/radioinfinitagoya.com.ar\/v1\/2025\/07\/24\/estado-de-salud-de-la-locomotora-oliveras-a-diez-dias-de-sufrir-un-acv\/#article\",\"isPartOf\":{\"@id\":\"https:\/\/radioinfinitagoya.com.ar\/v1\/2025\/07\/24\/estado-de-salud-de-la-locomotora-oliveras-a-diez-dias-de-sufrir-un-acv\/\"},\"author\":{\"name\":\"Jorge Mi\u00f1o\",\"@id\":\"https:\/\/radioinfinitagoya.com.ar\/v1\/#\/schema\/person\/d4cf9c413d4f6edb24aabdccab49ca4a\"},\"headline\":\"Estado de salud de la &#8220;Locomotora&#8221; Oliveras a diez d\u00edas de sufrir un ACV\",\"datePublished\":\"2025-07-24T19:07:21+00:00\",\"mainEntityOfPage\":{\"@id\":\"https:\/\/radioinfinitagoya.com.ar\/v1\/2025\/07\/24\/estado-de-salud-de-la-locomotora-oliveras-a-diez-dias-de-sufrir-un-acv\/\"},\"wordCount\":539,\"publisher\":{\"@id\":\"https:\/\/radioinfinitagoya.com.ar\/v1\/#organization\"},\"image\":{\"@id\":\"https:\/\/radioinfinitagoya.com.ar\/v1\/2025\/07\/24\/estado-de-salud-de-la-locomotora-oliveras-a-diez-dias-de-sufrir-un-acv\/#primaryimage\"},\"thumbnailUrl\":\"https:\/\/radioinfinitagoya.com.ar\/v1\/wp-content\/uploads\/2025\/07\/GwoyEFVWkAIi-qn.png\",\"articleSection\":[\"DEPORTES\"],\"inLanguage\":\"es-AR\"},{\"@type\":\"WebPage\",\"@id\":\"https:\/\/radioinfinitagoya.com.ar\/v1\/2025\/07\/24\/estado-de-salud-de-la-locomotora-oliveras-a-diez-dias-de-sufrir-un-acv\/\",\"url\":\"https:\/\/radioinfinitagoya.com.ar\/v1\/2025\/07\/24\/estado-de-salud-de-la-locomotora-oliveras-a-diez-dias-de-sufrir-un-acv\/\",\"name\":\"Estado de salud de la \\\"Locomotora\\\" Oliveras a diez d\u00edas de sufrir un ACV - Radio Infinita Goya\",\"isPartOf\":{\"@id\":\"https:\/\/radioinfinitagoya.com.ar\/v1\/#website\"},\"primaryImageOfPage\":{\"@id\":\"https:\/\/radioinfinitagoya.com.ar\/v1\/2025\/07\/24\/estado-de-salud-de-la-locomotora-oliveras-a-diez-dias-de-sufrir-un-acv\/#primaryimage\"},\"image\":{\"@id\":\"https:\/\/radioinfinitagoya.com.ar\/v1\/2025\/07\/24\/estado-de-salud-de-la-locomotora-oliveras-a-diez-dias-de-sufrir-un-acv\/#primaryimage\"},\"thumbnailUrl\":\"https:\/\/radioinfinitagoya.com.ar\/v1\/wp-content\/uploads\/2025\/07\/GwoyEFVWkAIi-qn.png\",\"datePublished\":\"2025-07-24T19:07:21+00:00\",\"description\":\"Desde el Hospital Jos\u00e9 Mar\u00eda Cullen de Santa Fe, se inform\u00f3 que si bien la exboxeadora se encuentra estable, su pron\u00f3stico sigue siendo reservado.\",\"breadcrumb\":{\"@id\":\"https:\/\/radioinfinitagoya.com.ar\/v1\/2025\/07\/24\/estado-de-salud-de-la-locomotora-oliveras-a-diez-dias-de-sufrir-un-acv\/#breadcrumb\"},\"inLanguage\":\"es-AR\",\"potentialAction\":[{\"@type\":\"ReadAction\",\"target\":[\"https:\/\/radioinfinitagoya.com.ar\/v1\/2025\/07\/24\/estado-de-salud-de-la-locomotora-oliveras-a-diez-dias-de-sufrir-un-acv\/\"]}]},{\"@type\":\"ImageObject\",\"inLanguage\":\"es-AR\",\"@id\":\"https:\/\/radioinfinitagoya.com.ar\/v1\/2025\/07\/24\/estado-de-salud-de-la-locomotora-oliveras-a-diez-dias-de-sufrir-un-acv\/#primaryimage\",\"url\":\"https:\/\/radioinfinitagoya.com.ar\/v1\/wp-content\/uploads\/2025\/07\/GwoyEFVWkAIi-qn.png\",\"contentUrl\":\"https:\/\/radioinfinitagoya.com.ar\/v1\/wp-content\/uploads\/2025\/07\/GwoyEFVWkAIi-qn.png\",\"width\":680,\"height\":348},{\"@type\":\"BreadcrumbList\",\"@id\":\"https:\/\/radioinfinitagoya.com.ar\/v1\/2025\/07\/24\/estado-de-salud-de-la-locomotora-oliveras-a-diez-dias-de-sufrir-un-acv\/#breadcrumb\",\"itemListElement\":[{\"@type\":\"ListItem\",\"position\":1,\"name\":\"Inicio\",\"item\":\"https:\/\/radioinfinitagoya.com.ar\/v1\/\"},{\"@type\":\"ListItem\",\"position\":2,\"name\":\"Estado de salud de la &#8220;Locomotora&#8221; Oliveras a diez d\u00edas de sufrir un ACV\"}]},{\"@type\":\"WebSite\",\"@id\":\"https:\/\/radioinfinitagoya.com.ar\/v1\/#website\",\"url\":\"https:\/\/radioinfinitagoya.com.ar\/v1\/\",\"name\":\"radioinfinitagoya.com.ar\",\"description\":\"Radio de noticias\",\"publisher\":{\"@id\":\"https:\/\/radioinfinitagoya.com.ar\/v1\/#organization\"},\"potentialAction\":[{\"@type\":\"SearchAction\",\"target\":{\"@type\":\"EntryPoint\",\"urlTemplate\":\"https:\/\/radioinfinitagoya.com.ar\/v1\/?s={search_term_string}\"},\"query-input\":{\"@type\":\"PropertyValueSpecification\",\"valueRequired\":true,\"valueName\":\"search_term_string\"}}],\"inLanguage\":\"es-AR\"},{\"@type\":\"Organization\",\"@id\":\"https:\/\/radioinfinitagoya.com.ar\/v1\/#organization\",\"name\":\"Radio Infinita Goya\",\"url\":\"https:\/\/radioinfinitagoya.com.ar\/v1\/\",\"logo\":{\"@type\":\"ImageObject\",\"inLanguage\":\"es-AR\",\"@id\":\"https:\/\/radioinfinitagoya.com.ar\/v1\/#\/schema\/logo\/image\/\",\"url\":\"https:\/\/radioinfinitagoya.com.ar\/v1\/wp-content\/uploads\/2019\/11\/logo-pie-web.png\",\"contentUrl\":\"https:\/\/radioinfinitagoya.com.ar\/v1\/wp-content\/uploads\/2019\/11\/logo-pie-web.png\",\"width\":635,\"height\":326,\"caption\":\"Radio Infinita Goya\"},\"image\":{\"@id\":\"https:\/\/radioinfinitagoya.com.ar\/v1\/#\/schema\/logo\/image\/\"},\"sameAs\":[\"https:\/\/www.facebook.com\/p\/Infinita-Goya-100063870918311\/\"]},{\"@type\":\"Person\",\"@id\":\"https:\/\/radioinfinitagoya.com.ar\/v1\/#\/schema\/person\/d4cf9c413d4f6edb24aabdccab49ca4a\",\"name\":\"Jorge Mi\u00f1o\",\"image\":{\"@type\":\"ImageObject\",\"inLanguage\":\"es-AR\",\"@id\":\"https:\/\/secure.gravatar.com\/avatar\/910fcf6728fe95320e07a6643c1581fec1c7fc4bf8ae12e3d8f0d0373dc844be?s=96&d=mm&r=g\",\"url\":\"https:\/\/secure.gravatar.com\/avatar\/910fcf6728fe95320e07a6643c1581fec1c7fc4bf8ae12e3d8f0d0373dc844be?s=96&d=mm&r=g\",\"contentUrl\":\"https:\/\/secure.gravatar.com\/avatar\/910fcf6728fe95320e07a6643c1581fec1c7fc4bf8ae12e3d8f0d0373dc844be?s=96&d=mm&r=g\",\"caption\":\"Jorge Mi\u00f1o\"},\"sameAs\":[\"http:\/\/radioinfinitagoya.com.ar\"]}]}<\/script>\n<!-- \/ Yoast SEO plugin. -->","yoast_head_json":{"title":"Estado de salud de la \"Locomotora\" Oliveras a diez d\u00edas de sufrir un ACV - Radio Infinita Goya","description":"Desde el Hospital Jos\u00e9 Mar\u00eda Cullen de Santa Fe, se inform\u00f3 que si bien la exboxeadora se encuentra estable, su pron\u00f3stico sigue siendo reservado.","robots":{"index":"index","follow":"follow","max-snippet":"max-snippet:-1","max-image-preview":"max-image-preview:large","max-video-preview":"max-video-preview:-1"},"canonical":"https:\/\/radioinfinitagoya.com.ar\/v1\/2025\/07\/24\/estado-de-salud-de-la-locomotora-oliveras-a-diez-dias-de-sufrir-un-acv\/","og_locale":"es_ES","og_type":"article","og_title":"Estado de salud de la \"Locomotora\" Oliveras a diez d\u00edas de sufrir un ACV - Radio Infinita Goya","og_description":"Desde el Hospital Jos\u00e9 Mar\u00eda Cullen de Santa Fe, se inform\u00f3 que si bien la exboxeadora se encuentra estable, su pron\u00f3stico sigue siendo reservado.","og_url":"https:\/\/radioinfinitagoya.com.ar\/v1\/2025\/07\/24\/estado-de-salud-de-la-locomotora-oliveras-a-diez-dias-de-sufrir-un-acv\/","og_site_name":"Radio Infinita Goya","article_publisher":"https:\/\/www.facebook.com\/p\/Infinita-Goya-100063870918311\/","article_published_time":"2025-07-24T19:07:21+00:00","og_image":[{"width":680,"height":348,"url":"https:\/\/radioinfinitagoya.com.ar\/v1\/wp-content\/uploads\/2025\/07\/GwoyEFVWkAIi-qn.png","type":"image\/png"}],"author":"Jorge Mi\u00f1o","twitter_card":"summary_large_image","twitter_misc":{"Escrito por":"Jorge Mi\u00f1o","Tiempo de lectura":"3 minutos"},"schema":{"@context":"https:\/\/schema.org","@graph":[{"@type":"Article","@id":"https:\/\/radioinfinitagoya.com.ar\/v1\/2025\/07\/24\/estado-de-salud-de-la-locomotora-oliveras-a-diez-dias-de-sufrir-un-acv\/#article","isPartOf":{"@id":"https:\/\/radioinfinitagoya.com.ar\/v1\/2025\/07\/24\/estado-de-salud-de-la-locomotora-oliveras-a-diez-dias-de-sufrir-un-acv\/"},"author":{"name":"Jorge Mi\u00f1o","@id":"https:\/\/radioinfinitagoya.com.ar\/v1\/#\/schema\/person\/d4cf9c413d4f6edb24aabdccab49ca4a"},"headline":"Estado de salud de la &#8220;Locomotora&#8221; Oliveras a diez d\u00edas de sufrir un ACV","datePublished":"2025-07-24T19:07:21+00:00","mainEntityOfPage":{"@id":"https:\/\/radioinfinitagoya.com.ar\/v1\/2025\/07\/24\/estado-de-salud-de-la-locomotora-oliveras-a-diez-dias-de-sufrir-un-acv\/"},"wordCount":539,"publisher":{"@id":"https:\/\/radioinfinitagoya.com.ar\/v1\/#organization"},"image":{"@id":"https:\/\/radioinfinitagoya.com.ar\/v1\/2025\/07\/24\/estado-de-salud-de-la-locomotora-oliveras-a-diez-dias-de-sufrir-un-acv\/#primaryimage"},"thumbnailUrl":"https:\/\/radioinfinitagoya.com.ar\/v1\/wp-content\/uploads\/2025\/07\/GwoyEFVWkAIi-qn.png","articleSection":["DEPORTES"],"inLanguage":"es-AR"},{"@type":"WebPage","@id":"https:\/\/radioinfinitagoya.com.ar\/v1\/2025\/07\/24\/estado-de-salud-de-la-locomotora-oliveras-a-diez-dias-de-sufrir-un-acv\/","url":"https:\/\/radioinfinitagoya.com.ar\/v1\/2025\/07\/24\/estado-de-salud-de-la-locomotora-oliveras-a-diez-dias-de-sufrir-un-acv\/","name":"Estado de salud de la \"Locomotora\" Oliveras a diez d\u00edas de sufrir un ACV - Radio Infinita Goya","isPartOf":{"@id":"https:\/\/radioinfinitagoya.com.ar\/v1\/#website"},"primaryImageOfPage":{"@id":"https:\/\/radioinfinitagoya.com.ar\/v1\/2025\/07\/24\/estado-de-salud-de-la-locomotora-oliveras-a-diez-dias-de-sufrir-un-acv\/#primaryimage"},"image":{"@id":"https:\/\/radioinfinitagoya.com.ar\/v1\/2025\/07\/24\/estado-de-salud-de-la-locomotora-oliveras-a-diez-dias-de-sufrir-un-acv\/#primaryimage"},"thumbnailUrl":"https:\/\/radioinfinitagoya.com.ar\/v1\/wp-content\/uploads\/2025\/07\/GwoyEFVWkAIi-qn.png","datePublished":"2025-07-24T19:07:21+00:00","description":"Desde el Hospital Jos\u00e9 Mar\u00eda Cullen de Santa Fe, se inform\u00f3 que si bien la exboxeadora se encuentra estable, su pron\u00f3stico sigue siendo reservado.","breadcrumb":{"@id":"https:\/\/radioinfinitagoya.com.ar\/v1\/2025\/07\/24\/estado-de-salud-de-la-locomotora-oliveras-a-diez-dias-de-sufrir-un-acv\/#breadcrumb"},"inLanguage":"es-AR","potentialAction":[{"@type":"ReadAction","target":["https:\/\/radioinfinitagoya.com.ar\/v1\/2025\/07\/24\/estado-de-salud-de-la-locomotora-oliveras-a-diez-dias-de-sufrir-un-acv\/"]}]},{"@type":"ImageObject","inLanguage":"es-AR","@id":"https:\/\/radioinfinitagoya.com.ar\/v1\/2025\/07\/24\/estado-de-salud-de-la-locomotora-oliveras-a-diez-dias-de-sufrir-un-acv\/#primaryimage","url":"https:\/\/radioinfinitagoya.com.ar\/v1\/wp-content\/uploads\/2025\/07\/GwoyEFVWkAIi-qn.png","contentUrl":"https:\/\/radioinfinitagoya.com.ar\/v1\/wp-content\/uploads\/2025\/07\/GwoyEFVWkAIi-qn.png","width":680,"height":348},{"@type":"BreadcrumbList","@id":"https:\/\/radioinfinitagoya.com.ar\/v1\/2025\/07\/24\/estado-de-salud-de-la-locomotora-oliveras-a-diez-dias-de-sufrir-un-acv\/#breadcrumb","itemListElement":[{"@type":"ListItem","position":1,"name":"Inicio","item":"https:\/\/radioinfinitagoya.com.ar\/v1\/"},{"@type":"ListItem","position":2,"name":"Estado de salud de la &#8220;Locomotora&#8221; Oliveras a diez d\u00edas de sufrir un ACV"}]},{"@type":"WebSite","@id":"https:\/\/radioinfinitagoya.com.ar\/v1\/#website","url":"https:\/\/radioinfinitagoya.com.ar\/v1\/","name":"radioinfinitagoya.com.ar","description":"Radio de noticias","publisher":{"@id":"https:\/\/radioinfinitagoya.com.ar\/v1\/#organization"},"potentialAction":[{"@type":"SearchAction","target":{"@type":"EntryPoint","urlTemplate":"https:\/\/radioinfinitagoya.com.ar\/v1\/?s={search_term_string}"},"query-input":{"@type":"PropertyValueSpecification","valueRequired":true,"valueName":"search_term_string"}}],"inLanguage":"es-AR"},{"@type":"Organization","@id":"https:\/\/radioinfinitagoya.com.ar\/v1\/#organization","name":"Radio Infinita Goya","url":"https:\/\/radioinfinitagoya.com.ar\/v1\/","logo":{"@type":"ImageObject","inLanguage":"es-AR","@id":"https:\/\/radioinfinitagoya.com.ar\/v1\/#\/schema\/logo\/image\/","url":"https:\/\/radioinfinitagoya.com.ar\/v1\/wp-content\/uploads\/2019\/11\/logo-pie-web.png","contentUrl":"https:\/\/radioinfinitagoya.com.ar\/v1\/wp-content\/uploads\/2019\/11\/logo-pie-web.png","width":635,"height":326,"caption":"Radio Infinita Goya"},"image":{"@id":"https:\/\/radioinfinitagoya.com.ar\/v1\/#\/schema\/logo\/image\/"},"sameAs":["https:\/\/www.facebook.com\/p\/Infinita-Goya-100063870918311\/"]},{"@type":"Person","@id":"https:\/\/radioinfinitagoya.com.ar\/v1\/#\/schema\/person\/d4cf9c413d4f6edb24aabdccab49ca4a","name":"Jorge Mi\u00f1o","image":{"@type":"ImageObject","inLanguage":"es-AR","@id":"https:\/\/secure.gravatar.com\/avatar\/910fcf6728fe95320e07a6643c1581fec1c7fc4bf8ae12e3d8f0d0373dc844be?s=96&d=mm&r=g","url":"https:\/\/secure.gravatar.com\/avatar\/910fcf6728fe95320e07a6643c1581fec1c7fc4bf8ae12e3d8f0d0373dc844be?s=96&d=mm&r=g","contentUrl":"https:\/\/secure.gravatar.com\/avatar\/910fcf6728fe95320e07a6643c1581fec1c7fc4bf8ae12e3d8f0d0373dc844be?s=96&d=mm&r=g","caption":"Jorge Mi\u00f1o"},"sameAs":["http:\/\/radioinfinitagoya.com.ar"]}]}},"_links":{"self":[{"href":"https:\/\/radioinfinitagoya.com.ar\/v1\/wp-json\/wp\/v2\/posts\/193292","targetHints":{"allow":["GET"]}}],"collection":[{"href":"https:\/\/radioinfinitagoya.com.ar\/v1\/wp-json\/wp\/v2\/posts"}],"about":[{"href":"https:\/\/radioinfinitagoya.com.ar\/v1\/wp-json\/wp\/v2\/types\/post"}],"author":[{"embeddable":true,"href":"https:\/\/radioinfinitagoya.com.ar\/v1\/wp-json\/wp\/v2\/users\/4"}],"replies":[{"embeddable":true,"href":"https:\/\/radioinfinitagoya.com.ar\/v1\/wp-json\/wp\/v2\/comments?post=193292"}],"version-history":[{"count":0,"href":"https:\/\/radioinfinitagoya.com.ar\/v1\/wp-json\/wp\/v2\/posts\/193292\/revisions"}],"wp:featuredmedia":[{"embeddable":true,"href":"https:\/\/radioinfinitagoya.com.ar\/v1\/wp-json\/wp\/v2\/media\/193293"}],"wp:attachment":[{"href":"https:\/\/radioinfinitagoya.com.ar\/v1\/wp-json\/wp\/v2\/media?parent=193292"}],"wp:term":[{"taxonomy":"category","embeddable":true,"href":"https:\/\/radioinfinitagoya.com.ar\/v1\/wp-json\/wp\/v2\/categories?post=193292"},{"taxonomy":"post_tag","embeddable":true,"href":"https:\/\/radioinfinitagoya.com.ar\/v1\/wp-json\/wp\/v2\/tags?post=193292"}],"curies":[{"name":"wp","href":"https:\/\/api.w.org\/{rel}","templated":true}]}}