{"id":193304,"date":"2025-07-24T16:23:04","date_gmt":"2025-07-24T19:23:04","guid":{"rendered":"https:\/\/radioinfinitagoya.com.ar\/v1\/?p=193304"},"modified":"2025-07-24T16:23:04","modified_gmt":"2025-07-24T19:23:04","slug":"el-mercado-encuentra-senales-de-normalizacion-bajaron-las-tasas-y-se-calmo-el-dolar","status":"publish","type":"post","link":"https:\/\/radioinfinitagoya.com.ar\/v1\/2025\/07\/24\/el-mercado-encuentra-senales-de-normalizacion-bajaron-las-tasas-y-se-calmo-el-dolar\/","title":{"rendered":"El mercado encuentra se\u00f1ales de normalizaci\u00f3n: bajaron las tasas y se calm\u00f3 el d\u00f3lar"},"content":{"rendered":"<p>Las expectativas de los inversores est\u00e1n centradas en el pr\u00f3ximo movimiento del BCRA, para saber si presentar\u00e1 un nuevo mecanismo de liquidez para bancos tras la eliminaci\u00f3n de las LEFI.<\/p>\n<p>Gradualmente, mientras se reclama una ventanilla para liquidez al Banco Central, el mercado comenz\u00f3 a encauzarse. Las tasas comenzaron a baja y el d\u00f3lar se mantuvo equilibrado y sin volatilidad. Las acciones se recuperaron y los que no acudieron a la cita fueron los bonos soberanos que siguen en baja y elevaron el riesgo pa\u00eds 12 unidades (+1,6%) a 775 puntos b\u00e1sicos. El riesgo est\u00e1 m\u00e1s cerca de los 800 puntos que de los 700 y la tasa de retorno aument\u00f3 a 14% ante la baja de las cotizaciones que ayer promedi\u00f3 0,50%.<\/p>\n<p>Donde se observ\u00f3 n\u00edtidamente, el movimiento de retroceso de las tasas fue en el mercado de LECAP que aumentaron su cotizaci\u00f3n lo que implica una baja de los rendimientos. Fin de julio cedi\u00f3 de 4,81% a 3,8% efectivo mensual, pero no es un mes de referencia por lo poco que falta para que finalice. Agosto cedi\u00f3 de 3,69% a 3,37% y octubre de 3,24% a 2,97% efectivo mensual.<\/p>\n<p>Seg\u00fan Adcap Grupo Financiero \u201ctoda la atenci\u00f3n sigue centrada en el pr\u00f3ximo movimiento del BCRA, en especial si presentar\u00e1 un nuevo mecanismo de liquidez para bancos tras la eliminaci\u00f3n de las LEFI, principal herramienta de corto plazo del Tesoro\u201d.<\/p>\n<p>Los d\u00f3lares financieros estuvieron estables con escasos negocios y finalizaron con leves alzas sin intervenci\u00f3n del Banco Central en el mercado de futuros. El MEP aument\u00f3 $3,94 (+0,3%) a $1.264,35 y el contado con liquidaci\u00f3n (CCL), $9,04 (+0,7%) a $1.266,94. El d\u00f3lar \u201cblue\u201d se mantuvo sin cambios en $1.310.<br \/>\nEn el Mercado Libre de Cambios se operaron USD 410,8 millones y la divisa aument\u00f3 $2 a $1.258,50. La cauci\u00f3n a un d\u00eda baj\u00f3 a 37% anual despu\u00e9s de haber estado a 50%.<\/p>\n<p>El informe de F2 de la consultora de Andr\u00e9s Reschini indica que \u201cel agro espera anuncios para el fin de semana en materia de retenciones y eso puede demorar algunas decisiones de venta afectando a la oferta de divisas en el corto plazo. Los futuros siguen pegados a la banda superior en el tramo m\u00e1s largo y ello indica que el esquema no pierde credibilidad. El volumen de operaciones cay\u00f3 a 800.374 contratos, el menor desde el 13 de junio si no tenemos en cuenta los feriados en Estados Unidos. La variaci\u00f3n del inter\u00e9s abierto tambi\u00e9n da cuentas de una ca\u00edda significativa a\u00f1adiendo en la jornada unos 116 millones, la menor variaci\u00f3n diaria desde el 8 de julio. De modo que si hubo presencia oficial esta vez habr\u00eda sido m\u00ednima\u201d.<\/p>\n<p>En este escenario la Bolsa tuvo una notable recuperaci\u00f3n donde sobresali\u00f3 la suba de 6,2% de YPF por el anuncio de que vender\u00e1 una parte de su empresa agropecuaria a un grupo que se dedique espec\u00edficamente al tema. Adem\u00e1s, hubo noticias de Estados Unidos que permiten pensar que el fallo de la jueza Lorena Preska no se aplicar\u00e1 y dejar\u00e1 un largo tiempo de tranquilidad sobre el tema.<\/p>\n<p>En estas circunstancias, El S&amp;P Merval de las acciones l\u00edderes aument\u00f3 3,64%. Adem\u00e1s de la petrolera se destacaron Loma Negra (+4,9%) y Transportadora Gas del Sur (+4,2%).<\/p>\n<p>El analista econ\u00f3mico Fernando Marull resumi\u00f3 lo que sucedi\u00f3 en julio:<\/p>\n<p>1 -El BCRA est\u00e1 vendiendo d\u00f3lar futuro; vendi\u00f3 casi USD 2.000 millones, de los cuales 1.000 millones vencen en julio a $1277 promedio (ya se pagaron, ahora est\u00e1 recuperando).<\/p>\n<p>2- En paralelo, el Tesoro compr\u00f3 en julio casi USD 900 millones a $1.265 y cancel\u00f3 Bonos dollar linked (atados a la devaluaci\u00f3n) por USD 1.000 millones. \u201cNi hablar de los USD 4.300 millones que pag\u00f3 en Bonos soberanos el 9 de julio por lo que el BCRA m\u00e1s el Tesoro mejoraron su posici\u00f3n de d\u00f3lares este mes\u201d.<\/p>\n<p>Hoy el mercado operar\u00e1 con m\u00e1s calma, pensando en ma\u00f1ana cuando se anuncien los bonos que el Tesoro licitar\u00e1 el martes pr\u00f3ximo. Necesita cubrir vencimientos por $11 billones, pero tiene en su cuenta corriente $13 billones para cubrirlos que le permitir\u00e1n soportar la posible menor de LECAP de los bancos que intentar\u00e1n normalizar su liquidez.<\/p>\n<p>&nbsp;<\/p>\n<p>&nbsp;<\/p>\n","protected":false},"excerpt":{"rendered":"<p>Las expectativas de los inversores est\u00e1n centradas en el pr\u00f3ximo movimiento del BCRA, para saber si presentar\u00e1 un nuevo mecanismo de liquidez para bancos tras la eliminaci\u00f3n de las LEFI. Gradualmente, mientras se reclama una ventanilla para liquidez al Banco Central, el mercado comenz\u00f3 a encauzarse. Las tasas comenzaron a baja y el d\u00f3lar se [&hellip;]<\/p>\n","protected":false},"author":4,"featured_media":193305,"comment_status":"closed","ping_status":"closed","sticky":false,"template":"","format":"standard","meta":{"_joinchat":[],"footnotes":""},"categories":[29],"tags":[],"class_list":{"0":"post-193304","1":"post","2":"type-post","3":"status-publish","4":"format-standard","5":"has-post-thumbnail","7":"category-nacionales"},"yoast_head":"<!-- This site is optimized with the Yoast SEO plugin v27.2 - https:\/\/yoast.com\/product\/yoast-seo-wordpress\/ -->\n<title>El mercado encuentra se\u00f1ales de normalizaci\u00f3n: bajaron las tasas y se calm\u00f3 el d\u00f3lar - Radio Infinita Goya<\/title>\n<meta name=\"description\" content=\"Las expectativas de los inversores est\u00e1n centradas en el pr\u00f3ximo movimiento del BCRA, para saber si presentar\u00e1 un nuevo mecanismo de liquidez para bancos\" \/>\n<meta name=\"robots\" content=\"index, follow, max-snippet:-1, max-image-preview:large, max-video-preview:-1\" \/>\n<link rel=\"canonical\" href=\"https:\/\/radioinfinitagoya.com.ar\/v1\/2025\/07\/24\/el-mercado-encuentra-senales-de-normalizacion-bajaron-las-tasas-y-se-calmo-el-dolar\/\" \/>\n<meta property=\"og:locale\" content=\"es_ES\" \/>\n<meta property=\"og:type\" content=\"article\" \/>\n<meta property=\"og:title\" content=\"El mercado encuentra se\u00f1ales de normalizaci\u00f3n: bajaron las tasas y se calm\u00f3 el d\u00f3lar - Radio Infinita Goya\" \/>\n<meta property=\"og:description\" content=\"Las expectativas de los inversores est\u00e1n centradas en el pr\u00f3ximo movimiento del BCRA, para saber si presentar\u00e1 un nuevo mecanismo de liquidez para bancos\" \/>\n<meta property=\"og:url\" content=\"https:\/\/radioinfinitagoya.com.ar\/v1\/2025\/07\/24\/el-mercado-encuentra-senales-de-normalizacion-bajaron-las-tasas-y-se-calmo-el-dolar\/\" \/>\n<meta property=\"og:site_name\" content=\"Radio Infinita Goya\" \/>\n<meta property=\"article:publisher\" content=\"https:\/\/www.facebook.com\/p\/Infinita-Goya-100063870918311\/\" \/>\n<meta property=\"article:published_time\" content=\"2025-07-24T19:23:04+00:00\" \/>\n<meta property=\"og:image\" content=\"https:\/\/radioinfinitagoya.com.ar\/v1\/wp-content\/uploads\/2025\/07\/hTL_H6sq.jpg\" \/>\n\t<meta property=\"og:image:width\" content=\"680\" \/>\n\t<meta property=\"og:image:height\" content=\"453\" \/>\n\t<meta property=\"og:image:type\" content=\"image\/jpeg\" \/>\n<meta name=\"author\" content=\"Jorge Mi\u00f1o\" \/>\n<meta name=\"twitter:card\" content=\"summary_large_image\" \/>\n<meta name=\"twitter:label1\" content=\"Escrito por\" \/>\n\t<meta name=\"twitter:data1\" content=\"Jorge Mi\u00f1o\" \/>\n\t<meta name=\"twitter:label2\" content=\"Tiempo de lectura\" \/>\n\t<meta name=\"twitter:data2\" content=\"4 minutos\" \/>\n<script type=\"application\/ld+json\" class=\"yoast-schema-graph\">{\"@context\":\"https:\/\/schema.org\",\"@graph\":[{\"@type\":\"Article\",\"@id\":\"https:\/\/radioinfinitagoya.com.ar\/v1\/2025\/07\/24\/el-mercado-encuentra-senales-de-normalizacion-bajaron-las-tasas-y-se-calmo-el-dolar\/#article\",\"isPartOf\":{\"@id\":\"https:\/\/radioinfinitagoya.com.ar\/v1\/2025\/07\/24\/el-mercado-encuentra-senales-de-normalizacion-bajaron-las-tasas-y-se-calmo-el-dolar\/\"},\"author\":{\"name\":\"Jorge Mi\u00f1o\",\"@id\":\"https:\/\/radioinfinitagoya.com.ar\/v1\/#\/schema\/person\/d4cf9c413d4f6edb24aabdccab49ca4a\"},\"headline\":\"El mercado encuentra se\u00f1ales de normalizaci\u00f3n: bajaron las tasas y se calm\u00f3 el d\u00f3lar\",\"datePublished\":\"2025-07-24T19:23:04+00:00\",\"mainEntityOfPage\":{\"@id\":\"https:\/\/radioinfinitagoya.com.ar\/v1\/2025\/07\/24\/el-mercado-encuentra-senales-de-normalizacion-bajaron-las-tasas-y-se-calmo-el-dolar\/\"},\"wordCount\":713,\"publisher\":{\"@id\":\"https:\/\/radioinfinitagoya.com.ar\/v1\/#organization\"},\"image\":{\"@id\":\"https:\/\/radioinfinitagoya.com.ar\/v1\/2025\/07\/24\/el-mercado-encuentra-senales-de-normalizacion-bajaron-las-tasas-y-se-calmo-el-dolar\/#primaryimage\"},\"thumbnailUrl\":\"https:\/\/radioinfinitagoya.com.ar\/v1\/wp-content\/uploads\/2025\/07\/hTL_H6sq.jpg\",\"articleSection\":[\"NACIONALES\"],\"inLanguage\":\"es-AR\"},{\"@type\":\"WebPage\",\"@id\":\"https:\/\/radioinfinitagoya.com.ar\/v1\/2025\/07\/24\/el-mercado-encuentra-senales-de-normalizacion-bajaron-las-tasas-y-se-calmo-el-dolar\/\",\"url\":\"https:\/\/radioinfinitagoya.com.ar\/v1\/2025\/07\/24\/el-mercado-encuentra-senales-de-normalizacion-bajaron-las-tasas-y-se-calmo-el-dolar\/\",\"name\":\"El mercado encuentra se\u00f1ales de normalizaci\u00f3n: bajaron las tasas y se calm\u00f3 el d\u00f3lar - Radio Infinita Goya\",\"isPartOf\":{\"@id\":\"https:\/\/radioinfinitagoya.com.ar\/v1\/#website\"},\"primaryImageOfPage\":{\"@id\":\"https:\/\/radioinfinitagoya.com.ar\/v1\/2025\/07\/24\/el-mercado-encuentra-senales-de-normalizacion-bajaron-las-tasas-y-se-calmo-el-dolar\/#primaryimage\"},\"image\":{\"@id\":\"https:\/\/radioinfinitagoya.com.ar\/v1\/2025\/07\/24\/el-mercado-encuentra-senales-de-normalizacion-bajaron-las-tasas-y-se-calmo-el-dolar\/#primaryimage\"},\"thumbnailUrl\":\"https:\/\/radioinfinitagoya.com.ar\/v1\/wp-content\/uploads\/2025\/07\/hTL_H6sq.jpg\",\"datePublished\":\"2025-07-24T19:23:04+00:00\",\"description\":\"Las expectativas de los inversores est\u00e1n centradas en el pr\u00f3ximo movimiento del BCRA, para saber si presentar\u00e1 un nuevo mecanismo de liquidez para bancos\",\"breadcrumb\":{\"@id\":\"https:\/\/radioinfinitagoya.com.ar\/v1\/2025\/07\/24\/el-mercado-encuentra-senales-de-normalizacion-bajaron-las-tasas-y-se-calmo-el-dolar\/#breadcrumb\"},\"inLanguage\":\"es-AR\",\"potentialAction\":[{\"@type\":\"ReadAction\",\"target\":[\"https:\/\/radioinfinitagoya.com.ar\/v1\/2025\/07\/24\/el-mercado-encuentra-senales-de-normalizacion-bajaron-las-tasas-y-se-calmo-el-dolar\/\"]}]},{\"@type\":\"ImageObject\",\"inLanguage\":\"es-AR\",\"@id\":\"https:\/\/radioinfinitagoya.com.ar\/v1\/2025\/07\/24\/el-mercado-encuentra-senales-de-normalizacion-bajaron-las-tasas-y-se-calmo-el-dolar\/#primaryimage\",\"url\":\"https:\/\/radioinfinitagoya.com.ar\/v1\/wp-content\/uploads\/2025\/07\/hTL_H6sq.jpg\",\"contentUrl\":\"https:\/\/radioinfinitagoya.com.ar\/v1\/wp-content\/uploads\/2025\/07\/hTL_H6sq.jpg\",\"width\":680,\"height\":453},{\"@type\":\"BreadcrumbList\",\"@id\":\"https:\/\/radioinfinitagoya.com.ar\/v1\/2025\/07\/24\/el-mercado-encuentra-senales-de-normalizacion-bajaron-las-tasas-y-se-calmo-el-dolar\/#breadcrumb\",\"itemListElement\":[{\"@type\":\"ListItem\",\"position\":1,\"name\":\"Inicio\",\"item\":\"https:\/\/radioinfinitagoya.com.ar\/v1\/\"},{\"@type\":\"ListItem\",\"position\":2,\"name\":\"El mercado encuentra se\u00f1ales de normalizaci\u00f3n: bajaron las tasas y se calm\u00f3 el d\u00f3lar\"}]},{\"@type\":\"WebSite\",\"@id\":\"https:\/\/radioinfinitagoya.com.ar\/v1\/#website\",\"url\":\"https:\/\/radioinfinitagoya.com.ar\/v1\/\",\"name\":\"radioinfinitagoya.com.ar\",\"description\":\"Radio de noticias\",\"publisher\":{\"@id\":\"https:\/\/radioinfinitagoya.com.ar\/v1\/#organization\"},\"potentialAction\":[{\"@type\":\"SearchAction\",\"target\":{\"@type\":\"EntryPoint\",\"urlTemplate\":\"https:\/\/radioinfinitagoya.com.ar\/v1\/?s={search_term_string}\"},\"query-input\":{\"@type\":\"PropertyValueSpecification\",\"valueRequired\":true,\"valueName\":\"search_term_string\"}}],\"inLanguage\":\"es-AR\"},{\"@type\":\"Organization\",\"@id\":\"https:\/\/radioinfinitagoya.com.ar\/v1\/#organization\",\"name\":\"Radio Infinita Goya\",\"url\":\"https:\/\/radioinfinitagoya.com.ar\/v1\/\",\"logo\":{\"@type\":\"ImageObject\",\"inLanguage\":\"es-AR\",\"@id\":\"https:\/\/radioinfinitagoya.com.ar\/v1\/#\/schema\/logo\/image\/\",\"url\":\"https:\/\/radioinfinitagoya.com.ar\/v1\/wp-content\/uploads\/2019\/11\/logo-pie-web.png\",\"contentUrl\":\"https:\/\/radioinfinitagoya.com.ar\/v1\/wp-content\/uploads\/2019\/11\/logo-pie-web.png\",\"width\":635,\"height\":326,\"caption\":\"Radio Infinita Goya\"},\"image\":{\"@id\":\"https:\/\/radioinfinitagoya.com.ar\/v1\/#\/schema\/logo\/image\/\"},\"sameAs\":[\"https:\/\/www.facebook.com\/p\/Infinita-Goya-100063870918311\/\"]},{\"@type\":\"Person\",\"@id\":\"https:\/\/radioinfinitagoya.com.ar\/v1\/#\/schema\/person\/d4cf9c413d4f6edb24aabdccab49ca4a\",\"name\":\"Jorge Mi\u00f1o\",\"image\":{\"@type\":\"ImageObject\",\"inLanguage\":\"es-AR\",\"@id\":\"https:\/\/secure.gravatar.com\/avatar\/910fcf6728fe95320e07a6643c1581fec1c7fc4bf8ae12e3d8f0d0373dc844be?s=96&d=mm&r=g\",\"url\":\"https:\/\/secure.gravatar.com\/avatar\/910fcf6728fe95320e07a6643c1581fec1c7fc4bf8ae12e3d8f0d0373dc844be?s=96&d=mm&r=g\",\"contentUrl\":\"https:\/\/secure.gravatar.com\/avatar\/910fcf6728fe95320e07a6643c1581fec1c7fc4bf8ae12e3d8f0d0373dc844be?s=96&d=mm&r=g\",\"caption\":\"Jorge Mi\u00f1o\"},\"sameAs\":[\"http:\/\/radioinfinitagoya.com.ar\"]}]}<\/script>\n<!-- \/ Yoast SEO plugin. -->","yoast_head_json":{"title":"El mercado encuentra se\u00f1ales de normalizaci\u00f3n: bajaron las tasas y se calm\u00f3 el d\u00f3lar - Radio Infinita Goya","description":"Las expectativas de los inversores est\u00e1n centradas en el pr\u00f3ximo movimiento del BCRA, para saber si presentar\u00e1 un nuevo mecanismo de liquidez para bancos","robots":{"index":"index","follow":"follow","max-snippet":"max-snippet:-1","max-image-preview":"max-image-preview:large","max-video-preview":"max-video-preview:-1"},"canonical":"https:\/\/radioinfinitagoya.com.ar\/v1\/2025\/07\/24\/el-mercado-encuentra-senales-de-normalizacion-bajaron-las-tasas-y-se-calmo-el-dolar\/","og_locale":"es_ES","og_type":"article","og_title":"El mercado encuentra se\u00f1ales de normalizaci\u00f3n: bajaron las tasas y se calm\u00f3 el d\u00f3lar - Radio Infinita Goya","og_description":"Las expectativas de los inversores est\u00e1n centradas en el pr\u00f3ximo movimiento del BCRA, para saber si presentar\u00e1 un nuevo mecanismo de liquidez para bancos","og_url":"https:\/\/radioinfinitagoya.com.ar\/v1\/2025\/07\/24\/el-mercado-encuentra-senales-de-normalizacion-bajaron-las-tasas-y-se-calmo-el-dolar\/","og_site_name":"Radio Infinita Goya","article_publisher":"https:\/\/www.facebook.com\/p\/Infinita-Goya-100063870918311\/","article_published_time":"2025-07-24T19:23:04+00:00","og_image":[{"width":680,"height":453,"url":"https:\/\/radioinfinitagoya.com.ar\/v1\/wp-content\/uploads\/2025\/07\/hTL_H6sq.jpg","type":"image\/jpeg"}],"author":"Jorge Mi\u00f1o","twitter_card":"summary_large_image","twitter_misc":{"Escrito por":"Jorge Mi\u00f1o","Tiempo de lectura":"4 minutos"},"schema":{"@context":"https:\/\/schema.org","@graph":[{"@type":"Article","@id":"https:\/\/radioinfinitagoya.com.ar\/v1\/2025\/07\/24\/el-mercado-encuentra-senales-de-normalizacion-bajaron-las-tasas-y-se-calmo-el-dolar\/#article","isPartOf":{"@id":"https:\/\/radioinfinitagoya.com.ar\/v1\/2025\/07\/24\/el-mercado-encuentra-senales-de-normalizacion-bajaron-las-tasas-y-se-calmo-el-dolar\/"},"author":{"name":"Jorge Mi\u00f1o","@id":"https:\/\/radioinfinitagoya.com.ar\/v1\/#\/schema\/person\/d4cf9c413d4f6edb24aabdccab49ca4a"},"headline":"El mercado encuentra se\u00f1ales de normalizaci\u00f3n: bajaron las tasas y se calm\u00f3 el d\u00f3lar","datePublished":"2025-07-24T19:23:04+00:00","mainEntityOfPage":{"@id":"https:\/\/radioinfinitagoya.com.ar\/v1\/2025\/07\/24\/el-mercado-encuentra-senales-de-normalizacion-bajaron-las-tasas-y-se-calmo-el-dolar\/"},"wordCount":713,"publisher":{"@id":"https:\/\/radioinfinitagoya.com.ar\/v1\/#organization"},"image":{"@id":"https:\/\/radioinfinitagoya.com.ar\/v1\/2025\/07\/24\/el-mercado-encuentra-senales-de-normalizacion-bajaron-las-tasas-y-se-calmo-el-dolar\/#primaryimage"},"thumbnailUrl":"https:\/\/radioinfinitagoya.com.ar\/v1\/wp-content\/uploads\/2025\/07\/hTL_H6sq.jpg","articleSection":["NACIONALES"],"inLanguage":"es-AR"},{"@type":"WebPage","@id":"https:\/\/radioinfinitagoya.com.ar\/v1\/2025\/07\/24\/el-mercado-encuentra-senales-de-normalizacion-bajaron-las-tasas-y-se-calmo-el-dolar\/","url":"https:\/\/radioinfinitagoya.com.ar\/v1\/2025\/07\/24\/el-mercado-encuentra-senales-de-normalizacion-bajaron-las-tasas-y-se-calmo-el-dolar\/","name":"El mercado encuentra se\u00f1ales de normalizaci\u00f3n: bajaron las tasas y se calm\u00f3 el d\u00f3lar - Radio Infinita Goya","isPartOf":{"@id":"https:\/\/radioinfinitagoya.com.ar\/v1\/#website"},"primaryImageOfPage":{"@id":"https:\/\/radioinfinitagoya.com.ar\/v1\/2025\/07\/24\/el-mercado-encuentra-senales-de-normalizacion-bajaron-las-tasas-y-se-calmo-el-dolar\/#primaryimage"},"image":{"@id":"https:\/\/radioinfinitagoya.com.ar\/v1\/2025\/07\/24\/el-mercado-encuentra-senales-de-normalizacion-bajaron-las-tasas-y-se-calmo-el-dolar\/#primaryimage"},"thumbnailUrl":"https:\/\/radioinfinitagoya.com.ar\/v1\/wp-content\/uploads\/2025\/07\/hTL_H6sq.jpg","datePublished":"2025-07-24T19:23:04+00:00","description":"Las expectativas de los inversores est\u00e1n centradas en el pr\u00f3ximo movimiento del BCRA, para saber si presentar\u00e1 un nuevo mecanismo de liquidez para bancos","breadcrumb":{"@id":"https:\/\/radioinfinitagoya.com.ar\/v1\/2025\/07\/24\/el-mercado-encuentra-senales-de-normalizacion-bajaron-las-tasas-y-se-calmo-el-dolar\/#breadcrumb"},"inLanguage":"es-AR","potentialAction":[{"@type":"ReadAction","target":["https:\/\/radioinfinitagoya.com.ar\/v1\/2025\/07\/24\/el-mercado-encuentra-senales-de-normalizacion-bajaron-las-tasas-y-se-calmo-el-dolar\/"]}]},{"@type":"ImageObject","inLanguage":"es-AR","@id":"https:\/\/radioinfinitagoya.com.ar\/v1\/2025\/07\/24\/el-mercado-encuentra-senales-de-normalizacion-bajaron-las-tasas-y-se-calmo-el-dolar\/#primaryimage","url":"https:\/\/radioinfinitagoya.com.ar\/v1\/wp-content\/uploads\/2025\/07\/hTL_H6sq.jpg","contentUrl":"https:\/\/radioinfinitagoya.com.ar\/v1\/wp-content\/uploads\/2025\/07\/hTL_H6sq.jpg","width":680,"height":453},{"@type":"BreadcrumbList","@id":"https:\/\/radioinfinitagoya.com.ar\/v1\/2025\/07\/24\/el-mercado-encuentra-senales-de-normalizacion-bajaron-las-tasas-y-se-calmo-el-dolar\/#breadcrumb","itemListElement":[{"@type":"ListItem","position":1,"name":"Inicio","item":"https:\/\/radioinfinitagoya.com.ar\/v1\/"},{"@type":"ListItem","position":2,"name":"El mercado encuentra se\u00f1ales de normalizaci\u00f3n: bajaron las tasas y se calm\u00f3 el d\u00f3lar"}]},{"@type":"WebSite","@id":"https:\/\/radioinfinitagoya.com.ar\/v1\/#website","url":"https:\/\/radioinfinitagoya.com.ar\/v1\/","name":"radioinfinitagoya.com.ar","description":"Radio de noticias","publisher":{"@id":"https:\/\/radioinfinitagoya.com.ar\/v1\/#organization"},"potentialAction":[{"@type":"SearchAction","target":{"@type":"EntryPoint","urlTemplate":"https:\/\/radioinfinitagoya.com.ar\/v1\/?s={search_term_string}"},"query-input":{"@type":"PropertyValueSpecification","valueRequired":true,"valueName":"search_term_string"}}],"inLanguage":"es-AR"},{"@type":"Organization","@id":"https:\/\/radioinfinitagoya.com.ar\/v1\/#organization","name":"Radio Infinita Goya","url":"https:\/\/radioinfinitagoya.com.ar\/v1\/","logo":{"@type":"ImageObject","inLanguage":"es-AR","@id":"https:\/\/radioinfinitagoya.com.ar\/v1\/#\/schema\/logo\/image\/","url":"https:\/\/radioinfinitagoya.com.ar\/v1\/wp-content\/uploads\/2019\/11\/logo-pie-web.png","contentUrl":"https:\/\/radioinfinitagoya.com.ar\/v1\/wp-content\/uploads\/2019\/11\/logo-pie-web.png","width":635,"height":326,"caption":"Radio Infinita Goya"},"image":{"@id":"https:\/\/radioinfinitagoya.com.ar\/v1\/#\/schema\/logo\/image\/"},"sameAs":["https:\/\/www.facebook.com\/p\/Infinita-Goya-100063870918311\/"]},{"@type":"Person","@id":"https:\/\/radioinfinitagoya.com.ar\/v1\/#\/schema\/person\/d4cf9c413d4f6edb24aabdccab49ca4a","name":"Jorge Mi\u00f1o","image":{"@type":"ImageObject","inLanguage":"es-AR","@id":"https:\/\/secure.gravatar.com\/avatar\/910fcf6728fe95320e07a6643c1581fec1c7fc4bf8ae12e3d8f0d0373dc844be?s=96&d=mm&r=g","url":"https:\/\/secure.gravatar.com\/avatar\/910fcf6728fe95320e07a6643c1581fec1c7fc4bf8ae12e3d8f0d0373dc844be?s=96&d=mm&r=g","contentUrl":"https:\/\/secure.gravatar.com\/avatar\/910fcf6728fe95320e07a6643c1581fec1c7fc4bf8ae12e3d8f0d0373dc844be?s=96&d=mm&r=g","caption":"Jorge Mi\u00f1o"},"sameAs":["http:\/\/radioinfinitagoya.com.ar"]}]}},"_links":{"self":[{"href":"https:\/\/radioinfinitagoya.com.ar\/v1\/wp-json\/wp\/v2\/posts\/193304","targetHints":{"allow":["GET"]}}],"collection":[{"href":"https:\/\/radioinfinitagoya.com.ar\/v1\/wp-json\/wp\/v2\/posts"}],"about":[{"href":"https:\/\/radioinfinitagoya.com.ar\/v1\/wp-json\/wp\/v2\/types\/post"}],"author":[{"embeddable":true,"href":"https:\/\/radioinfinitagoya.com.ar\/v1\/wp-json\/wp\/v2\/users\/4"}],"replies":[{"embeddable":true,"href":"https:\/\/radioinfinitagoya.com.ar\/v1\/wp-json\/wp\/v2\/comments?post=193304"}],"version-history":[{"count":0,"href":"https:\/\/radioinfinitagoya.com.ar\/v1\/wp-json\/wp\/v2\/posts\/193304\/revisions"}],"wp:featuredmedia":[{"embeddable":true,"href":"https:\/\/radioinfinitagoya.com.ar\/v1\/wp-json\/wp\/v2\/media\/193305"}],"wp:attachment":[{"href":"https:\/\/radioinfinitagoya.com.ar\/v1\/wp-json\/wp\/v2\/media?parent=193304"}],"wp:term":[{"taxonomy":"category","embeddable":true,"href":"https:\/\/radioinfinitagoya.com.ar\/v1\/wp-json\/wp\/v2\/categories?post=193304"},{"taxonomy":"post_tag","embeddable":true,"href":"https:\/\/radioinfinitagoya.com.ar\/v1\/wp-json\/wp\/v2\/tags?post=193304"}],"curies":[{"name":"wp","href":"https:\/\/api.w.org\/{rel}","templated":true}]}}