{"id":193310,"date":"2025-07-24T16:27:16","date_gmt":"2025-07-24T19:27:16","guid":{"rendered":"https:\/\/radioinfinitagoya.com.ar\/v1\/?p=193310"},"modified":"2025-07-24T16:27:16","modified_gmt":"2025-07-24T19:27:16","slug":"salvador-y-el-perrito-de-agua-presentacion-libro-de-marcelo-gonzalez-vilas","status":"publish","type":"post","link":"https:\/\/radioinfinitagoya.com.ar\/v1\/2025\/07\/24\/salvador-y-el-perrito-de-agua-presentacion-libro-de-marcelo-gonzalez-vilas\/","title":{"rendered":"Salvador y el Perrito de Agua: Presentaci\u00f3n Libro de Marcelo Gonz\u00e1lez Vilas"},"content":{"rendered":"<p>La Casa de la Cultura se llen\u00f3 de perritos de agua, chicharra y jejenes, Salvadores y amigos de toda la vida. El Perrito de agua se reencontr\u00f3 con Salvador, su mejor amigo.<\/p>\n<p>As\u00ed fue la noche de anoche m\u00e1s setenta personas asistieron a la presentaci\u00f3n del libro del escritor goyano Marcelo Gonz\u00e1lez Vilas, actual Secretario de Deportes, Cultura y Turismo de la Municipalidad de Colonia Libertad departamento de Monte Caseros.<\/p>\n<p>La obra del escritor<\/p>\n<p>Marcelo Gonz\u00e1lez Vilas, nos regala un cuento para chicos y no tan chicos, una aventura maravillosa, donde la amistad y la fantas\u00eda alcanzan su m\u00e1xima expresi\u00f3n en un viaje nutrido de asombrosos descubrimientos, personajes, m\u00fasica y costumbres de una provincia cuna de h\u00e9roes.<\/p>\n<p>El Perrito de agua recorre la provincia de corrientes en busca de su mejor amigo Salvador, acompa\u00f1ado por una chicharra que le cuenta historias de cada pueblo y la figura del Jej\u00e9n aparece como un personaje entra\u00f1able conector entre cap\u00edtulos, articulando relatos y despertando la imaginaci\u00f3n en cada tramo del viaje.<\/p>\n<p>La propuesta se presenta como una traves\u00eda afectiva y cultural por la geograf\u00eda correntina, con elementos que despiertan la curiosidad y promueven la identidad local y refuerza la b\u00fasqueda de un lenguaje narrativo innovador que prioriza lo sensorial y lo l\u00fadico.<\/p>\n<p>Muy pronto, luego de la presentaci\u00f3n en la Casa de la Cultura de Goya, ser\u00e1 presentado en las escuelas de Colonia Libertad, Monte Caseros y el resto de la provincia.<\/p>\n<p>Pero lo m\u00e1s significativo fue la participaci\u00f3n destacada de cuatro ni\u00f1os que interpretaron a los protagonistas del encantador libro. All\u00ed estuvieron el Perrito de agua, Chicha, Jej\u00e9n y Nico con Salvador. Momentos \u00fanicos vividos en la Casa de la Cultura, personalidades , amigos , familias , instituciones deportivas y educativas dijeron presente , y como un broche de oro ilustrando unos de los cap\u00edtulos del libro Carlos Valent\u00edn G\u00f3mez Mu\u00f1oz emocion\u00f3 a Chicos y Grandes con su amarradero del viento tan caro a los sentimientos de los Goyanos.<\/p>\n<p>La obra del escritor goyano fue declarada de inter\u00e9s cultural por la Direcci\u00f3n de Cultura de la Municipalidad de Goya.<\/p>\n<p>Direcci\u00f3n de Prensa &#8211; Municipalidad de Goya.<\/p>\n<p>&nbsp;<\/p>\n<p>&nbsp;<\/p>\n","protected":false},"excerpt":{"rendered":"<p>La Casa de la Cultura se llen\u00f3 de perritos de agua, chicharra y jejenes, Salvadores y amigos de toda la vida. El Perrito de agua se reencontr\u00f3 con Salvador, su mejor amigo. As\u00ed fue la noche de anoche m\u00e1s setenta personas asistieron a la presentaci\u00f3n del libro del escritor goyano Marcelo Gonz\u00e1lez Vilas, actual Secretario [&hellip;]<\/p>\n","protected":false},"author":4,"featured_media":193311,"comment_status":"closed","ping_status":"closed","sticky":false,"template":"","format":"standard","meta":{"_joinchat":[],"footnotes":""},"categories":[27],"tags":[],"class_list":{"0":"post-193310","1":"post","2":"type-post","3":"status-publish","4":"format-standard","5":"has-post-thumbnail","7":"category-locales"},"yoast_head":"<!-- This site is optimized with the Yoast SEO plugin v27.2 - https:\/\/yoast.com\/product\/yoast-seo-wordpress\/ -->\n<title>Salvador y el Perrito de Agua: Presentaci\u00f3n Libro de Marcelo Gonz\u00e1lez Vilas - Radio Infinita Goya<\/title>\n<meta name=\"description\" content=\"La Casa de la Cultura se llen\u00f3 de perritos de agua, chicharra y jejenes, Salvadores y amigos de toda la vida. El Perrito de agua se reencontr\u00f3 con\" \/>\n<meta name=\"robots\" content=\"index, follow, max-snippet:-1, max-image-preview:large, max-video-preview:-1\" \/>\n<link rel=\"canonical\" href=\"https:\/\/radioinfinitagoya.com.ar\/v1\/2025\/07\/24\/salvador-y-el-perrito-de-agua-presentacion-libro-de-marcelo-gonzalez-vilas\/\" \/>\n<meta property=\"og:locale\" content=\"es_ES\" \/>\n<meta property=\"og:type\" content=\"article\" \/>\n<meta property=\"og:title\" content=\"Salvador y el Perrito de Agua: Presentaci\u00f3n Libro de Marcelo Gonz\u00e1lez Vilas - Radio Infinita Goya\" \/>\n<meta property=\"og:description\" content=\"La Casa de la Cultura se llen\u00f3 de perritos de agua, chicharra y jejenes, Salvadores y amigos de toda la vida. El Perrito de agua se reencontr\u00f3 con\" \/>\n<meta property=\"og:url\" content=\"https:\/\/radioinfinitagoya.com.ar\/v1\/2025\/07\/24\/salvador-y-el-perrito-de-agua-presentacion-libro-de-marcelo-gonzalez-vilas\/\" \/>\n<meta property=\"og:site_name\" content=\"Radio Infinita Goya\" \/>\n<meta property=\"article:publisher\" content=\"https:\/\/www.facebook.com\/p\/Infinita-Goya-100063870918311\/\" \/>\n<meta property=\"article:published_time\" content=\"2025-07-24T19:27:16+00:00\" \/>\n<meta property=\"og:image\" content=\"https:\/\/radioinfinitagoya.com.ar\/v1\/wp-content\/uploads\/2025\/07\/whatsapp_image_2025-07-23_at_21.41.jpg\" \/>\n\t<meta property=\"og:image:width\" content=\"848\" \/>\n\t<meta property=\"og:image:height\" content=\"477\" \/>\n\t<meta property=\"og:image:type\" content=\"image\/jpeg\" \/>\n<meta name=\"author\" content=\"Jorge Mi\u00f1o\" \/>\n<meta name=\"twitter:card\" content=\"summary_large_image\" \/>\n<meta name=\"twitter:label1\" content=\"Escrito por\" \/>\n\t<meta name=\"twitter:data1\" content=\"Jorge Mi\u00f1o\" \/>\n\t<meta name=\"twitter:label2\" content=\"Tiempo de lectura\" \/>\n\t<meta name=\"twitter:data2\" content=\"2 minutos\" \/>\n<script type=\"application\/ld+json\" class=\"yoast-schema-graph\">{\"@context\":\"https:\/\/schema.org\",\"@graph\":[{\"@type\":\"Article\",\"@id\":\"https:\/\/radioinfinitagoya.com.ar\/v1\/2025\/07\/24\/salvador-y-el-perrito-de-agua-presentacion-libro-de-marcelo-gonzalez-vilas\/#article\",\"isPartOf\":{\"@id\":\"https:\/\/radioinfinitagoya.com.ar\/v1\/2025\/07\/24\/salvador-y-el-perrito-de-agua-presentacion-libro-de-marcelo-gonzalez-vilas\/\"},\"author\":{\"name\":\"Jorge Mi\u00f1o\",\"@id\":\"https:\/\/radioinfinitagoya.com.ar\/v1\/#\/schema\/person\/d4cf9c413d4f6edb24aabdccab49ca4a\"},\"headline\":\"Salvador y el Perrito de Agua: Presentaci\u00f3n Libro de Marcelo Gonz\u00e1lez Vilas\",\"datePublished\":\"2025-07-24T19:27:16+00:00\",\"mainEntityOfPage\":{\"@id\":\"https:\/\/radioinfinitagoya.com.ar\/v1\/2025\/07\/24\/salvador-y-el-perrito-de-agua-presentacion-libro-de-marcelo-gonzalez-vilas\/\"},\"wordCount\":396,\"publisher\":{\"@id\":\"https:\/\/radioinfinitagoya.com.ar\/v1\/#organization\"},\"image\":{\"@id\":\"https:\/\/radioinfinitagoya.com.ar\/v1\/2025\/07\/24\/salvador-y-el-perrito-de-agua-presentacion-libro-de-marcelo-gonzalez-vilas\/#primaryimage\"},\"thumbnailUrl\":\"https:\/\/radioinfinitagoya.com.ar\/v1\/wp-content\/uploads\/2025\/07\/whatsapp_image_2025-07-23_at_21.41.jpg\",\"articleSection\":[\"LOCALES\"],\"inLanguage\":\"es-AR\"},{\"@type\":\"WebPage\",\"@id\":\"https:\/\/radioinfinitagoya.com.ar\/v1\/2025\/07\/24\/salvador-y-el-perrito-de-agua-presentacion-libro-de-marcelo-gonzalez-vilas\/\",\"url\":\"https:\/\/radioinfinitagoya.com.ar\/v1\/2025\/07\/24\/salvador-y-el-perrito-de-agua-presentacion-libro-de-marcelo-gonzalez-vilas\/\",\"name\":\"Salvador y el Perrito de Agua: Presentaci\u00f3n Libro de Marcelo Gonz\u00e1lez Vilas - Radio Infinita Goya\",\"isPartOf\":{\"@id\":\"https:\/\/radioinfinitagoya.com.ar\/v1\/#website\"},\"primaryImageOfPage\":{\"@id\":\"https:\/\/radioinfinitagoya.com.ar\/v1\/2025\/07\/24\/salvador-y-el-perrito-de-agua-presentacion-libro-de-marcelo-gonzalez-vilas\/#primaryimage\"},\"image\":{\"@id\":\"https:\/\/radioinfinitagoya.com.ar\/v1\/2025\/07\/24\/salvador-y-el-perrito-de-agua-presentacion-libro-de-marcelo-gonzalez-vilas\/#primaryimage\"},\"thumbnailUrl\":\"https:\/\/radioinfinitagoya.com.ar\/v1\/wp-content\/uploads\/2025\/07\/whatsapp_image_2025-07-23_at_21.41.jpg\",\"datePublished\":\"2025-07-24T19:27:16+00:00\",\"description\":\"La Casa de la Cultura se llen\u00f3 de perritos de agua, chicharra y jejenes, Salvadores y amigos de toda la vida. El Perrito de agua se reencontr\u00f3 con\",\"breadcrumb\":{\"@id\":\"https:\/\/radioinfinitagoya.com.ar\/v1\/2025\/07\/24\/salvador-y-el-perrito-de-agua-presentacion-libro-de-marcelo-gonzalez-vilas\/#breadcrumb\"},\"inLanguage\":\"es-AR\",\"potentialAction\":[{\"@type\":\"ReadAction\",\"target\":[\"https:\/\/radioinfinitagoya.com.ar\/v1\/2025\/07\/24\/salvador-y-el-perrito-de-agua-presentacion-libro-de-marcelo-gonzalez-vilas\/\"]}]},{\"@type\":\"ImageObject\",\"inLanguage\":\"es-AR\",\"@id\":\"https:\/\/radioinfinitagoya.com.ar\/v1\/2025\/07\/24\/salvador-y-el-perrito-de-agua-presentacion-libro-de-marcelo-gonzalez-vilas\/#primaryimage\",\"url\":\"https:\/\/radioinfinitagoya.com.ar\/v1\/wp-content\/uploads\/2025\/07\/whatsapp_image_2025-07-23_at_21.41.jpg\",\"contentUrl\":\"https:\/\/radioinfinitagoya.com.ar\/v1\/wp-content\/uploads\/2025\/07\/whatsapp_image_2025-07-23_at_21.41.jpg\",\"width\":848,\"height\":477},{\"@type\":\"BreadcrumbList\",\"@id\":\"https:\/\/radioinfinitagoya.com.ar\/v1\/2025\/07\/24\/salvador-y-el-perrito-de-agua-presentacion-libro-de-marcelo-gonzalez-vilas\/#breadcrumb\",\"itemListElement\":[{\"@type\":\"ListItem\",\"position\":1,\"name\":\"Inicio\",\"item\":\"https:\/\/radioinfinitagoya.com.ar\/v1\/\"},{\"@type\":\"ListItem\",\"position\":2,\"name\":\"Salvador y el Perrito de Agua: Presentaci\u00f3n Libro de Marcelo Gonz\u00e1lez Vilas\"}]},{\"@type\":\"WebSite\",\"@id\":\"https:\/\/radioinfinitagoya.com.ar\/v1\/#website\",\"url\":\"https:\/\/radioinfinitagoya.com.ar\/v1\/\",\"name\":\"radioinfinitagoya.com.ar\",\"description\":\"Radio de noticias\",\"publisher\":{\"@id\":\"https:\/\/radioinfinitagoya.com.ar\/v1\/#organization\"},\"potentialAction\":[{\"@type\":\"SearchAction\",\"target\":{\"@type\":\"EntryPoint\",\"urlTemplate\":\"https:\/\/radioinfinitagoya.com.ar\/v1\/?s={search_term_string}\"},\"query-input\":{\"@type\":\"PropertyValueSpecification\",\"valueRequired\":true,\"valueName\":\"search_term_string\"}}],\"inLanguage\":\"es-AR\"},{\"@type\":\"Organization\",\"@id\":\"https:\/\/radioinfinitagoya.com.ar\/v1\/#organization\",\"name\":\"Radio Infinita Goya\",\"url\":\"https:\/\/radioinfinitagoya.com.ar\/v1\/\",\"logo\":{\"@type\":\"ImageObject\",\"inLanguage\":\"es-AR\",\"@id\":\"https:\/\/radioinfinitagoya.com.ar\/v1\/#\/schema\/logo\/image\/\",\"url\":\"https:\/\/radioinfinitagoya.com.ar\/v1\/wp-content\/uploads\/2019\/11\/logo-pie-web.png\",\"contentUrl\":\"https:\/\/radioinfinitagoya.com.ar\/v1\/wp-content\/uploads\/2019\/11\/logo-pie-web.png\",\"width\":635,\"height\":326,\"caption\":\"Radio Infinita Goya\"},\"image\":{\"@id\":\"https:\/\/radioinfinitagoya.com.ar\/v1\/#\/schema\/logo\/image\/\"},\"sameAs\":[\"https:\/\/www.facebook.com\/p\/Infinita-Goya-100063870918311\/\"]},{\"@type\":\"Person\",\"@id\":\"https:\/\/radioinfinitagoya.com.ar\/v1\/#\/schema\/person\/d4cf9c413d4f6edb24aabdccab49ca4a\",\"name\":\"Jorge Mi\u00f1o\",\"image\":{\"@type\":\"ImageObject\",\"inLanguage\":\"es-AR\",\"@id\":\"https:\/\/secure.gravatar.com\/avatar\/910fcf6728fe95320e07a6643c1581fec1c7fc4bf8ae12e3d8f0d0373dc844be?s=96&d=mm&r=g\",\"url\":\"https:\/\/secure.gravatar.com\/avatar\/910fcf6728fe95320e07a6643c1581fec1c7fc4bf8ae12e3d8f0d0373dc844be?s=96&d=mm&r=g\",\"contentUrl\":\"https:\/\/secure.gravatar.com\/avatar\/910fcf6728fe95320e07a6643c1581fec1c7fc4bf8ae12e3d8f0d0373dc844be?s=96&d=mm&r=g\",\"caption\":\"Jorge Mi\u00f1o\"},\"sameAs\":[\"http:\/\/radioinfinitagoya.com.ar\"]}]}<\/script>\n<!-- \/ Yoast SEO plugin. -->","yoast_head_json":{"title":"Salvador y el Perrito de Agua: Presentaci\u00f3n Libro de Marcelo Gonz\u00e1lez Vilas - Radio Infinita Goya","description":"La Casa de la Cultura se llen\u00f3 de perritos de agua, chicharra y jejenes, Salvadores y amigos de toda la vida. El Perrito de agua se reencontr\u00f3 con","robots":{"index":"index","follow":"follow","max-snippet":"max-snippet:-1","max-image-preview":"max-image-preview:large","max-video-preview":"max-video-preview:-1"},"canonical":"https:\/\/radioinfinitagoya.com.ar\/v1\/2025\/07\/24\/salvador-y-el-perrito-de-agua-presentacion-libro-de-marcelo-gonzalez-vilas\/","og_locale":"es_ES","og_type":"article","og_title":"Salvador y el Perrito de Agua: Presentaci\u00f3n Libro de Marcelo Gonz\u00e1lez Vilas - Radio Infinita Goya","og_description":"La Casa de la Cultura se llen\u00f3 de perritos de agua, chicharra y jejenes, Salvadores y amigos de toda la vida. El Perrito de agua se reencontr\u00f3 con","og_url":"https:\/\/radioinfinitagoya.com.ar\/v1\/2025\/07\/24\/salvador-y-el-perrito-de-agua-presentacion-libro-de-marcelo-gonzalez-vilas\/","og_site_name":"Radio Infinita Goya","article_publisher":"https:\/\/www.facebook.com\/p\/Infinita-Goya-100063870918311\/","article_published_time":"2025-07-24T19:27:16+00:00","og_image":[{"width":848,"height":477,"url":"https:\/\/radioinfinitagoya.com.ar\/v1\/wp-content\/uploads\/2025\/07\/whatsapp_image_2025-07-23_at_21.41.jpg","type":"image\/jpeg"}],"author":"Jorge Mi\u00f1o","twitter_card":"summary_large_image","twitter_misc":{"Escrito por":"Jorge Mi\u00f1o","Tiempo de lectura":"2 minutos"},"schema":{"@context":"https:\/\/schema.org","@graph":[{"@type":"Article","@id":"https:\/\/radioinfinitagoya.com.ar\/v1\/2025\/07\/24\/salvador-y-el-perrito-de-agua-presentacion-libro-de-marcelo-gonzalez-vilas\/#article","isPartOf":{"@id":"https:\/\/radioinfinitagoya.com.ar\/v1\/2025\/07\/24\/salvador-y-el-perrito-de-agua-presentacion-libro-de-marcelo-gonzalez-vilas\/"},"author":{"name":"Jorge Mi\u00f1o","@id":"https:\/\/radioinfinitagoya.com.ar\/v1\/#\/schema\/person\/d4cf9c413d4f6edb24aabdccab49ca4a"},"headline":"Salvador y el Perrito de Agua: Presentaci\u00f3n Libro de Marcelo Gonz\u00e1lez Vilas","datePublished":"2025-07-24T19:27:16+00:00","mainEntityOfPage":{"@id":"https:\/\/radioinfinitagoya.com.ar\/v1\/2025\/07\/24\/salvador-y-el-perrito-de-agua-presentacion-libro-de-marcelo-gonzalez-vilas\/"},"wordCount":396,"publisher":{"@id":"https:\/\/radioinfinitagoya.com.ar\/v1\/#organization"},"image":{"@id":"https:\/\/radioinfinitagoya.com.ar\/v1\/2025\/07\/24\/salvador-y-el-perrito-de-agua-presentacion-libro-de-marcelo-gonzalez-vilas\/#primaryimage"},"thumbnailUrl":"https:\/\/radioinfinitagoya.com.ar\/v1\/wp-content\/uploads\/2025\/07\/whatsapp_image_2025-07-23_at_21.41.jpg","articleSection":["LOCALES"],"inLanguage":"es-AR"},{"@type":"WebPage","@id":"https:\/\/radioinfinitagoya.com.ar\/v1\/2025\/07\/24\/salvador-y-el-perrito-de-agua-presentacion-libro-de-marcelo-gonzalez-vilas\/","url":"https:\/\/radioinfinitagoya.com.ar\/v1\/2025\/07\/24\/salvador-y-el-perrito-de-agua-presentacion-libro-de-marcelo-gonzalez-vilas\/","name":"Salvador y el Perrito de Agua: Presentaci\u00f3n Libro de Marcelo Gonz\u00e1lez Vilas - Radio Infinita Goya","isPartOf":{"@id":"https:\/\/radioinfinitagoya.com.ar\/v1\/#website"},"primaryImageOfPage":{"@id":"https:\/\/radioinfinitagoya.com.ar\/v1\/2025\/07\/24\/salvador-y-el-perrito-de-agua-presentacion-libro-de-marcelo-gonzalez-vilas\/#primaryimage"},"image":{"@id":"https:\/\/radioinfinitagoya.com.ar\/v1\/2025\/07\/24\/salvador-y-el-perrito-de-agua-presentacion-libro-de-marcelo-gonzalez-vilas\/#primaryimage"},"thumbnailUrl":"https:\/\/radioinfinitagoya.com.ar\/v1\/wp-content\/uploads\/2025\/07\/whatsapp_image_2025-07-23_at_21.41.jpg","datePublished":"2025-07-24T19:27:16+00:00","description":"La Casa de la Cultura se llen\u00f3 de perritos de agua, chicharra y jejenes, Salvadores y amigos de toda la vida. El Perrito de agua se reencontr\u00f3 con","breadcrumb":{"@id":"https:\/\/radioinfinitagoya.com.ar\/v1\/2025\/07\/24\/salvador-y-el-perrito-de-agua-presentacion-libro-de-marcelo-gonzalez-vilas\/#breadcrumb"},"inLanguage":"es-AR","potentialAction":[{"@type":"ReadAction","target":["https:\/\/radioinfinitagoya.com.ar\/v1\/2025\/07\/24\/salvador-y-el-perrito-de-agua-presentacion-libro-de-marcelo-gonzalez-vilas\/"]}]},{"@type":"ImageObject","inLanguage":"es-AR","@id":"https:\/\/radioinfinitagoya.com.ar\/v1\/2025\/07\/24\/salvador-y-el-perrito-de-agua-presentacion-libro-de-marcelo-gonzalez-vilas\/#primaryimage","url":"https:\/\/radioinfinitagoya.com.ar\/v1\/wp-content\/uploads\/2025\/07\/whatsapp_image_2025-07-23_at_21.41.jpg","contentUrl":"https:\/\/radioinfinitagoya.com.ar\/v1\/wp-content\/uploads\/2025\/07\/whatsapp_image_2025-07-23_at_21.41.jpg","width":848,"height":477},{"@type":"BreadcrumbList","@id":"https:\/\/radioinfinitagoya.com.ar\/v1\/2025\/07\/24\/salvador-y-el-perrito-de-agua-presentacion-libro-de-marcelo-gonzalez-vilas\/#breadcrumb","itemListElement":[{"@type":"ListItem","position":1,"name":"Inicio","item":"https:\/\/radioinfinitagoya.com.ar\/v1\/"},{"@type":"ListItem","position":2,"name":"Salvador y el Perrito de Agua: Presentaci\u00f3n Libro de Marcelo Gonz\u00e1lez Vilas"}]},{"@type":"WebSite","@id":"https:\/\/radioinfinitagoya.com.ar\/v1\/#website","url":"https:\/\/radioinfinitagoya.com.ar\/v1\/","name":"radioinfinitagoya.com.ar","description":"Radio de noticias","publisher":{"@id":"https:\/\/radioinfinitagoya.com.ar\/v1\/#organization"},"potentialAction":[{"@type":"SearchAction","target":{"@type":"EntryPoint","urlTemplate":"https:\/\/radioinfinitagoya.com.ar\/v1\/?s={search_term_string}"},"query-input":{"@type":"PropertyValueSpecification","valueRequired":true,"valueName":"search_term_string"}}],"inLanguage":"es-AR"},{"@type":"Organization","@id":"https:\/\/radioinfinitagoya.com.ar\/v1\/#organization","name":"Radio Infinita Goya","url":"https:\/\/radioinfinitagoya.com.ar\/v1\/","logo":{"@type":"ImageObject","inLanguage":"es-AR","@id":"https:\/\/radioinfinitagoya.com.ar\/v1\/#\/schema\/logo\/image\/","url":"https:\/\/radioinfinitagoya.com.ar\/v1\/wp-content\/uploads\/2019\/11\/logo-pie-web.png","contentUrl":"https:\/\/radioinfinitagoya.com.ar\/v1\/wp-content\/uploads\/2019\/11\/logo-pie-web.png","width":635,"height":326,"caption":"Radio Infinita Goya"},"image":{"@id":"https:\/\/radioinfinitagoya.com.ar\/v1\/#\/schema\/logo\/image\/"},"sameAs":["https:\/\/www.facebook.com\/p\/Infinita-Goya-100063870918311\/"]},{"@type":"Person","@id":"https:\/\/radioinfinitagoya.com.ar\/v1\/#\/schema\/person\/d4cf9c413d4f6edb24aabdccab49ca4a","name":"Jorge Mi\u00f1o","image":{"@type":"ImageObject","inLanguage":"es-AR","@id":"https:\/\/secure.gravatar.com\/avatar\/910fcf6728fe95320e07a6643c1581fec1c7fc4bf8ae12e3d8f0d0373dc844be?s=96&d=mm&r=g","url":"https:\/\/secure.gravatar.com\/avatar\/910fcf6728fe95320e07a6643c1581fec1c7fc4bf8ae12e3d8f0d0373dc844be?s=96&d=mm&r=g","contentUrl":"https:\/\/secure.gravatar.com\/avatar\/910fcf6728fe95320e07a6643c1581fec1c7fc4bf8ae12e3d8f0d0373dc844be?s=96&d=mm&r=g","caption":"Jorge Mi\u00f1o"},"sameAs":["http:\/\/radioinfinitagoya.com.ar"]}]}},"_links":{"self":[{"href":"https:\/\/radioinfinitagoya.com.ar\/v1\/wp-json\/wp\/v2\/posts\/193310","targetHints":{"allow":["GET"]}}],"collection":[{"href":"https:\/\/radioinfinitagoya.com.ar\/v1\/wp-json\/wp\/v2\/posts"}],"about":[{"href":"https:\/\/radioinfinitagoya.com.ar\/v1\/wp-json\/wp\/v2\/types\/post"}],"author":[{"embeddable":true,"href":"https:\/\/radioinfinitagoya.com.ar\/v1\/wp-json\/wp\/v2\/users\/4"}],"replies":[{"embeddable":true,"href":"https:\/\/radioinfinitagoya.com.ar\/v1\/wp-json\/wp\/v2\/comments?post=193310"}],"version-history":[{"count":0,"href":"https:\/\/radioinfinitagoya.com.ar\/v1\/wp-json\/wp\/v2\/posts\/193310\/revisions"}],"wp:featuredmedia":[{"embeddable":true,"href":"https:\/\/radioinfinitagoya.com.ar\/v1\/wp-json\/wp\/v2\/media\/193311"}],"wp:attachment":[{"href":"https:\/\/radioinfinitagoya.com.ar\/v1\/wp-json\/wp\/v2\/media?parent=193310"}],"wp:term":[{"taxonomy":"category","embeddable":true,"href":"https:\/\/radioinfinitagoya.com.ar\/v1\/wp-json\/wp\/v2\/categories?post=193310"},{"taxonomy":"post_tag","embeddable":true,"href":"https:\/\/radioinfinitagoya.com.ar\/v1\/wp-json\/wp\/v2\/tags?post=193310"}],"curies":[{"name":"wp","href":"https:\/\/api.w.org\/{rel}","templated":true}]}}