{"id":193313,"date":"2025-07-24T16:30:40","date_gmt":"2025-07-24T19:30:40","guid":{"rendered":"https:\/\/radioinfinitagoya.com.ar\/v1\/?p=193313"},"modified":"2025-07-24T16:30:40","modified_gmt":"2025-07-24T19:30:40","slug":"concurso-argentino-de-pesca-variada-con-devolucion-2025","status":"publish","type":"post","link":"https:\/\/radioinfinitagoya.com.ar\/v1\/2025\/07\/24\/concurso-argentino-de-pesca-variada-con-devolucion-2025\/","title":{"rendered":"Concurso Argentino de Pesca Variada con Devoluci\u00f3n 2025"},"content":{"rendered":"<p>Del 1 al 3 de Agosto se realizar\u00e1 la 29\u00b0 edici\u00f3n del Concurso Pesquero Goyano<\/p>\n<p>En declaraci\u00f3n a Radio Ciudad 88.3, el Presidente de la Comisi\u00f3n Interclubes, responsable de la organizaci\u00f3n del certamen pesquero goyano, Juan Pablo Barrientos analiz\u00f3 algunas cuestiones de la organizaci\u00f3n.<\/p>\n<p>\u201cEstamos en la recta final hacia lo que va a ser una nueva edici\u00f3n de esta Variada con Devoluci\u00f3n que nos convoca a todos los Goyanos, a todos los pescadores del pa\u00eds y la verdad que muy feliz\u201d expres\u00f3.<\/p>\n<p>PERSONER\u00cdA JUR\u00cdDICA<\/p>\n<p>\u201cLa verdad que esta gesti\u00f3n que me toca humildemente presidir ha logrado un mont\u00f3n de cosas para la Variada, y una de esos logros es saldar una deuda de 27 a\u00f1os que ten\u00eda la variada para con los pescadores que es la Personer\u00eda jur\u00eddica\u201d.<\/p>\n<p>Record\u00f3 que luego de 27 a\u00f1os esta gesti\u00f3n logr\u00f3 sacar la personer\u00eda, logr\u00f3 darle la transparencia que los pescadores siempre pidieron para su concurso \u201cla verdad que es un logro important\u00edsimo, le da otro status a la fiesta y va a hacer que el camino sea mucho m\u00e1s sencillo de ahora en adelante para todos los pescadores y para las comisiones que vengan de aqu\u00ed en adelante\u201d.<\/p>\n<p>Otro punto a destacar por el referente de los pescadores es que la presente edici\u00f3n es importante porque es la antesala de la 30 Aniversario cuando \u201cse busca el crecimiento, la consolidaci\u00f3n, que sea un espect\u00e1culo de los Goyanos para atraer, porque la pesca es un elemento, un producto ya comprobado que es de atracci\u00f3n para visitar la ciudad\u201d enfatiz\u00f3.<\/p>\n<p>EDICI\u00d3N 29\u00aa<\/p>\n<p>Juan Pablo Barrientos detall\u00f3 que las actividades centrales van a tener lugar el primer fin de semana de agosto que toca: viernes 1, s\u00e1bado 2 y domingo 3. El predio Costa Surub\u00ed se pone en Modo Variada y con una entrada totalmente libre y gratuita est\u00e1 preparado para recibir a todos los Goyanos que quieran estar presentes.<\/p>\n<p>ACTIVIDADES<\/p>\n<p>Aseguro: \u201cEs una adrenalina positiva, el clima de pesca genera todas estas emociones en Goya y los vamos a recibir con una expo de primera categor\u00eda, con parque de diversiones para ni\u00f1os, expositores, artesanos, propuestas gastron\u00f3micas, diversas actividades que se van a realizar dentro del predio. Todo eso va a estar acompa\u00f1ado de lo mejor de la m\u00fasica de nuestros artistas locales y nuestros artistas nacionales que van a engalanar el escenario mayor Juan Melero.<\/p>\n<p>As\u00ed que estamos trabajando para que salga todo perfecto y para que todos los Goyanos vayan y disfruten\u201d.<\/p>\n<p>GRILLA DE ARTISTAS<\/p>\n<p>El d\u00eda viernes es de una pe\u00f1a chamamecera, no solamente la pe\u00f1a de pescadores que van a estar cocinando las comidas t\u00edpicas, sino tambi\u00e9n que arriba del escenario van a estar lo mejor de nuestro folklore y chamam\u00e9 de la mano de Anguir\u00fa, de las \u201cCuerdas chamameceras\u201d que son bandas locales. La velada va a cerrar: Los Bofill, que vienen a traer esa herencia de lo mejor que tiene nuestra Rep\u00fablica de Corrientes, que es el chamam\u00e9.<\/p>\n<p>\u201cLuego el d\u00eda s\u00e1bado, vamos a estar contando con la elecci\u00f3n y coronaci\u00f3n de nuestra nueva soberana que nos va a representar en todas las actividades del a\u00f1o y vamos a cerrar esta noche con lo mejor de la cumbia con agrupaci\u00f3n Marilyn. La verdad que muy felices de contar con su presencia y bueno, esa noche tambi\u00e9n estar\u00e1 tocando Tres Sodas, d\u00e1ndole lugar como siempre a los artistas Goyanos.<\/p>\n<p>El broche de oro, el d\u00eda domingo, vamos a tener una cantidad de bandas locales de cumbia, van a estar muchas escuelas de baile que van a tener su oportunidad de lucir su arte en el escenario mayor de Goya. Vamos a estar cerrando con Los Charros que van a estar tocando, no solamente en el escenario mayor, sino que tambi\u00e9n van a estar en la Cena de Pescadores, en el tinglado de Costa Surub\u00ed, con una entrada totalmente libre y gratuita para que nadie se quede fuera\u201d asegur\u00f3.<\/p>\n<p>COSTO, INSCRIPCIONES Y PREMIOS<\/p>\n<p>Barrientos adelanto: \u201cNosotros estamos tomando inscripciones hasta la noche antes del concurso. Recordemos que el concurso de pesca es el domingo 3 de agosto y comienza a las 9:00 horas.<\/p>\n<p>Nosotros vamos a estar inscribiendo hasta el d\u00eda s\u00e1bado hasta 00 horas de la noche si fuera necesario, vamos a estar presentes en el predio Costa Surub\u00ed, en las oficinas tomando las inscripciones de forma presencial y tambi\u00e9n lo vamos a estar haciendo a trav\u00e9s de la plataforma online que se cre\u00f3 tambi\u00e9n este a\u00f1o: https:\/\/pescavariadagoya.com.ar<\/p>\n<p>Lugar donde pueden ingresar los pescadores a inscribirse y hacer el pago de 400.000 pesos, de ac\u00e1 hasta el 2 de agosto, as\u00ed que estamos preparados para recibirlos, para premiar con m\u00e1s de 43 millones de pesos en premios para todas aquellas embarcaciones que van a participar y que van a celebrar con nosotros una nueva edici\u00f3n de la variada\u201d.<\/p>\n<p>VENTA DE TARJETAS DE LA CENA DE PESCADORES<\/p>\n<p>\u201cAquellas personas que ser\u00e1n parte de la cena de pescadores disfrutar\u00e1n de un asado de primera categor\u00eda, ensalada, pan, hasta el postre, acompa\u00f1ados de la camarader\u00eda de esa cena clausura.<\/p>\n<p>Cerrando la noche, estar\u00e1 la actuaci\u00f3n de Los Charros tocando de una forma exclusiva para los pescadores. El monto de la tarjeta para cenar es de 25 mil pesos, disponible en las oficinas de Costa Surub\u00ed del turno de la ma\u00f1ana desde las 9:00 hasta las 11:00 de la ma\u00f1ana y por la tarde, desde las 17:00 hasta las 21:00 horas. As\u00ed que cualquiera que quiera pasar, darse una vuelta y pueda comprar su entrada, va a ser bienvenido y vamos a vivir juntos una nueva edici\u00f3n de la variada que as\u00ed se viene con todo a partir de hoy\u201d cerr\u00f3.<\/p>\n<p>Direcci\u00f3n de Prensa \u2013 Municipalidad de Goya<\/p>\n","protected":false},"excerpt":{"rendered":"<p>Del 1 al 3 de Agosto se realizar\u00e1 la 29\u00b0 edici\u00f3n del Concurso Pesquero Goyano En declaraci\u00f3n a Radio Ciudad 88.3, el Presidente de la Comisi\u00f3n Interclubes, responsable de la organizaci\u00f3n del certamen pesquero goyano, Juan Pablo Barrientos analiz\u00f3 algunas cuestiones de la organizaci\u00f3n. \u201cEstamos en la recta final hacia lo que va a ser [&hellip;]<\/p>\n","protected":false},"author":4,"featured_media":193314,"comment_status":"closed","ping_status":"closed","sticky":false,"template":"","format":"standard","meta":{"_joinchat":[],"footnotes":""},"categories":[27],"tags":[],"class_list":{"0":"post-193313","1":"post","2":"type-post","3":"status-publish","4":"format-standard","5":"has-post-thumbnail","7":"category-locales"},"yoast_head":"<!-- This site is optimized with the Yoast SEO plugin v27.2 - https:\/\/yoast.com\/product\/yoast-seo-wordpress\/ -->\n<title>Concurso Argentino de Pesca Variada con Devoluci\u00f3n 2025 - Radio Infinita Goya<\/title>\n<meta name=\"description\" content=\"Del 1 al 3 de Agosto se realizar\u00e1 la 29\u00b0 edici\u00f3n del Concurso Pesquero Goyano En declaraci\u00f3n a Radio Ciudad 88.3, el Presidente de la Comisi\u00f3n\" \/>\n<meta name=\"robots\" content=\"index, follow, max-snippet:-1, max-image-preview:large, max-video-preview:-1\" \/>\n<link rel=\"canonical\" href=\"https:\/\/radioinfinitagoya.com.ar\/v1\/2025\/07\/24\/concurso-argentino-de-pesca-variada-con-devolucion-2025\/\" \/>\n<meta property=\"og:locale\" content=\"es_ES\" \/>\n<meta property=\"og:type\" content=\"article\" \/>\n<meta property=\"og:title\" content=\"Concurso Argentino de Pesca Variada con Devoluci\u00f3n 2025 - Radio Infinita Goya\" \/>\n<meta property=\"og:description\" content=\"Del 1 al 3 de Agosto se realizar\u00e1 la 29\u00b0 edici\u00f3n del Concurso Pesquero Goyano En declaraci\u00f3n a Radio Ciudad 88.3, el Presidente de la Comisi\u00f3n\" \/>\n<meta property=\"og:url\" content=\"https:\/\/radioinfinitagoya.com.ar\/v1\/2025\/07\/24\/concurso-argentino-de-pesca-variada-con-devolucion-2025\/\" \/>\n<meta property=\"og:site_name\" content=\"Radio Infinita Goya\" \/>\n<meta property=\"article:publisher\" content=\"https:\/\/www.facebook.com\/p\/Infinita-Goya-100063870918311\/\" \/>\n<meta property=\"article:published_time\" content=\"2025-07-24T19:30:40+00:00\" \/>\n<meta property=\"og:image\" content=\"https:\/\/radioinfinitagoya.com.ar\/v1\/wp-content\/uploads\/2025\/07\/flyer_los_boffil_-_pesca_variad.jpg\" \/>\n\t<meta property=\"og:image:width\" content=\"848\" \/>\n\t<meta property=\"og:image:height\" content=\"477\" \/>\n\t<meta property=\"og:image:type\" content=\"image\/jpeg\" \/>\n<meta name=\"author\" content=\"Jorge Mi\u00f1o\" \/>\n<meta name=\"twitter:card\" content=\"summary_large_image\" \/>\n<meta name=\"twitter:label1\" content=\"Escrito por\" \/>\n\t<meta name=\"twitter:data1\" content=\"Jorge Mi\u00f1o\" \/>\n\t<meta name=\"twitter:label2\" content=\"Tiempo de lectura\" \/>\n\t<meta name=\"twitter:data2\" content=\"5 minutos\" \/>\n<script type=\"application\/ld+json\" class=\"yoast-schema-graph\">{\"@context\":\"https:\/\/schema.org\",\"@graph\":[{\"@type\":\"Article\",\"@id\":\"https:\/\/radioinfinitagoya.com.ar\/v1\/2025\/07\/24\/concurso-argentino-de-pesca-variada-con-devolucion-2025\/#article\",\"isPartOf\":{\"@id\":\"https:\/\/radioinfinitagoya.com.ar\/v1\/2025\/07\/24\/concurso-argentino-de-pesca-variada-con-devolucion-2025\/\"},\"author\":{\"name\":\"Jorge Mi\u00f1o\",\"@id\":\"https:\/\/radioinfinitagoya.com.ar\/v1\/#\/schema\/person\/d4cf9c413d4f6edb24aabdccab49ca4a\"},\"headline\":\"Concurso Argentino de Pesca Variada con Devoluci\u00f3n 2025\",\"datePublished\":\"2025-07-24T19:30:40+00:00\",\"mainEntityOfPage\":{\"@id\":\"https:\/\/radioinfinitagoya.com.ar\/v1\/2025\/07\/24\/concurso-argentino-de-pesca-variada-con-devolucion-2025\/\"},\"wordCount\":998,\"publisher\":{\"@id\":\"https:\/\/radioinfinitagoya.com.ar\/v1\/#organization\"},\"image\":{\"@id\":\"https:\/\/radioinfinitagoya.com.ar\/v1\/2025\/07\/24\/concurso-argentino-de-pesca-variada-con-devolucion-2025\/#primaryimage\"},\"thumbnailUrl\":\"https:\/\/radioinfinitagoya.com.ar\/v1\/wp-content\/uploads\/2025\/07\/flyer_los_boffil_-_pesca_variad.jpg\",\"articleSection\":[\"LOCALES\"],\"inLanguage\":\"es-AR\"},{\"@type\":\"WebPage\",\"@id\":\"https:\/\/radioinfinitagoya.com.ar\/v1\/2025\/07\/24\/concurso-argentino-de-pesca-variada-con-devolucion-2025\/\",\"url\":\"https:\/\/radioinfinitagoya.com.ar\/v1\/2025\/07\/24\/concurso-argentino-de-pesca-variada-con-devolucion-2025\/\",\"name\":\"Concurso Argentino de Pesca Variada con Devoluci\u00f3n 2025 - Radio Infinita Goya\",\"isPartOf\":{\"@id\":\"https:\/\/radioinfinitagoya.com.ar\/v1\/#website\"},\"primaryImageOfPage\":{\"@id\":\"https:\/\/radioinfinitagoya.com.ar\/v1\/2025\/07\/24\/concurso-argentino-de-pesca-variada-con-devolucion-2025\/#primaryimage\"},\"image\":{\"@id\":\"https:\/\/radioinfinitagoya.com.ar\/v1\/2025\/07\/24\/concurso-argentino-de-pesca-variada-con-devolucion-2025\/#primaryimage\"},\"thumbnailUrl\":\"https:\/\/radioinfinitagoya.com.ar\/v1\/wp-content\/uploads\/2025\/07\/flyer_los_boffil_-_pesca_variad.jpg\",\"datePublished\":\"2025-07-24T19:30:40+00:00\",\"description\":\"Del 1 al 3 de Agosto se realizar\u00e1 la 29\u00b0 edici\u00f3n del Concurso Pesquero Goyano En declaraci\u00f3n a Radio Ciudad 88.3, el Presidente de la Comisi\u00f3n\",\"breadcrumb\":{\"@id\":\"https:\/\/radioinfinitagoya.com.ar\/v1\/2025\/07\/24\/concurso-argentino-de-pesca-variada-con-devolucion-2025\/#breadcrumb\"},\"inLanguage\":\"es-AR\",\"potentialAction\":[{\"@type\":\"ReadAction\",\"target\":[\"https:\/\/radioinfinitagoya.com.ar\/v1\/2025\/07\/24\/concurso-argentino-de-pesca-variada-con-devolucion-2025\/\"]}]},{\"@type\":\"ImageObject\",\"inLanguage\":\"es-AR\",\"@id\":\"https:\/\/radioinfinitagoya.com.ar\/v1\/2025\/07\/24\/concurso-argentino-de-pesca-variada-con-devolucion-2025\/#primaryimage\",\"url\":\"https:\/\/radioinfinitagoya.com.ar\/v1\/wp-content\/uploads\/2025\/07\/flyer_los_boffil_-_pesca_variad.jpg\",\"contentUrl\":\"https:\/\/radioinfinitagoya.com.ar\/v1\/wp-content\/uploads\/2025\/07\/flyer_los_boffil_-_pesca_variad.jpg\",\"width\":848,\"height\":477},{\"@type\":\"BreadcrumbList\",\"@id\":\"https:\/\/radioinfinitagoya.com.ar\/v1\/2025\/07\/24\/concurso-argentino-de-pesca-variada-con-devolucion-2025\/#breadcrumb\",\"itemListElement\":[{\"@type\":\"ListItem\",\"position\":1,\"name\":\"Inicio\",\"item\":\"https:\/\/radioinfinitagoya.com.ar\/v1\/\"},{\"@type\":\"ListItem\",\"position\":2,\"name\":\"Concurso Argentino de Pesca Variada con Devoluci\u00f3n 2025\"}]},{\"@type\":\"WebSite\",\"@id\":\"https:\/\/radioinfinitagoya.com.ar\/v1\/#website\",\"url\":\"https:\/\/radioinfinitagoya.com.ar\/v1\/\",\"name\":\"radioinfinitagoya.com.ar\",\"description\":\"Radio de noticias\",\"publisher\":{\"@id\":\"https:\/\/radioinfinitagoya.com.ar\/v1\/#organization\"},\"potentialAction\":[{\"@type\":\"SearchAction\",\"target\":{\"@type\":\"EntryPoint\",\"urlTemplate\":\"https:\/\/radioinfinitagoya.com.ar\/v1\/?s={search_term_string}\"},\"query-input\":{\"@type\":\"PropertyValueSpecification\",\"valueRequired\":true,\"valueName\":\"search_term_string\"}}],\"inLanguage\":\"es-AR\"},{\"@type\":\"Organization\",\"@id\":\"https:\/\/radioinfinitagoya.com.ar\/v1\/#organization\",\"name\":\"Radio Infinita Goya\",\"url\":\"https:\/\/radioinfinitagoya.com.ar\/v1\/\",\"logo\":{\"@type\":\"ImageObject\",\"inLanguage\":\"es-AR\",\"@id\":\"https:\/\/radioinfinitagoya.com.ar\/v1\/#\/schema\/logo\/image\/\",\"url\":\"https:\/\/radioinfinitagoya.com.ar\/v1\/wp-content\/uploads\/2019\/11\/logo-pie-web.png\",\"contentUrl\":\"https:\/\/radioinfinitagoya.com.ar\/v1\/wp-content\/uploads\/2019\/11\/logo-pie-web.png\",\"width\":635,\"height\":326,\"caption\":\"Radio Infinita Goya\"},\"image\":{\"@id\":\"https:\/\/radioinfinitagoya.com.ar\/v1\/#\/schema\/logo\/image\/\"},\"sameAs\":[\"https:\/\/www.facebook.com\/p\/Infinita-Goya-100063870918311\/\"]},{\"@type\":\"Person\",\"@id\":\"https:\/\/radioinfinitagoya.com.ar\/v1\/#\/schema\/person\/d4cf9c413d4f6edb24aabdccab49ca4a\",\"name\":\"Jorge Mi\u00f1o\",\"image\":{\"@type\":\"ImageObject\",\"inLanguage\":\"es-AR\",\"@id\":\"https:\/\/secure.gravatar.com\/avatar\/910fcf6728fe95320e07a6643c1581fec1c7fc4bf8ae12e3d8f0d0373dc844be?s=96&d=mm&r=g\",\"url\":\"https:\/\/secure.gravatar.com\/avatar\/910fcf6728fe95320e07a6643c1581fec1c7fc4bf8ae12e3d8f0d0373dc844be?s=96&d=mm&r=g\",\"contentUrl\":\"https:\/\/secure.gravatar.com\/avatar\/910fcf6728fe95320e07a6643c1581fec1c7fc4bf8ae12e3d8f0d0373dc844be?s=96&d=mm&r=g\",\"caption\":\"Jorge Mi\u00f1o\"},\"sameAs\":[\"http:\/\/radioinfinitagoya.com.ar\"]}]}<\/script>\n<!-- \/ Yoast SEO plugin. -->","yoast_head_json":{"title":"Concurso Argentino de Pesca Variada con Devoluci\u00f3n 2025 - Radio Infinita Goya","description":"Del 1 al 3 de Agosto se realizar\u00e1 la 29\u00b0 edici\u00f3n del Concurso Pesquero Goyano En declaraci\u00f3n a Radio Ciudad 88.3, el Presidente de la Comisi\u00f3n","robots":{"index":"index","follow":"follow","max-snippet":"max-snippet:-1","max-image-preview":"max-image-preview:large","max-video-preview":"max-video-preview:-1"},"canonical":"https:\/\/radioinfinitagoya.com.ar\/v1\/2025\/07\/24\/concurso-argentino-de-pesca-variada-con-devolucion-2025\/","og_locale":"es_ES","og_type":"article","og_title":"Concurso Argentino de Pesca Variada con Devoluci\u00f3n 2025 - Radio Infinita Goya","og_description":"Del 1 al 3 de Agosto se realizar\u00e1 la 29\u00b0 edici\u00f3n del Concurso Pesquero Goyano En declaraci\u00f3n a Radio Ciudad 88.3, el Presidente de la Comisi\u00f3n","og_url":"https:\/\/radioinfinitagoya.com.ar\/v1\/2025\/07\/24\/concurso-argentino-de-pesca-variada-con-devolucion-2025\/","og_site_name":"Radio Infinita Goya","article_publisher":"https:\/\/www.facebook.com\/p\/Infinita-Goya-100063870918311\/","article_published_time":"2025-07-24T19:30:40+00:00","og_image":[{"width":848,"height":477,"url":"https:\/\/radioinfinitagoya.com.ar\/v1\/wp-content\/uploads\/2025\/07\/flyer_los_boffil_-_pesca_variad.jpg","type":"image\/jpeg"}],"author":"Jorge Mi\u00f1o","twitter_card":"summary_large_image","twitter_misc":{"Escrito por":"Jorge Mi\u00f1o","Tiempo de lectura":"5 minutos"},"schema":{"@context":"https:\/\/schema.org","@graph":[{"@type":"Article","@id":"https:\/\/radioinfinitagoya.com.ar\/v1\/2025\/07\/24\/concurso-argentino-de-pesca-variada-con-devolucion-2025\/#article","isPartOf":{"@id":"https:\/\/radioinfinitagoya.com.ar\/v1\/2025\/07\/24\/concurso-argentino-de-pesca-variada-con-devolucion-2025\/"},"author":{"name":"Jorge Mi\u00f1o","@id":"https:\/\/radioinfinitagoya.com.ar\/v1\/#\/schema\/person\/d4cf9c413d4f6edb24aabdccab49ca4a"},"headline":"Concurso Argentino de Pesca Variada con Devoluci\u00f3n 2025","datePublished":"2025-07-24T19:30:40+00:00","mainEntityOfPage":{"@id":"https:\/\/radioinfinitagoya.com.ar\/v1\/2025\/07\/24\/concurso-argentino-de-pesca-variada-con-devolucion-2025\/"},"wordCount":998,"publisher":{"@id":"https:\/\/radioinfinitagoya.com.ar\/v1\/#organization"},"image":{"@id":"https:\/\/radioinfinitagoya.com.ar\/v1\/2025\/07\/24\/concurso-argentino-de-pesca-variada-con-devolucion-2025\/#primaryimage"},"thumbnailUrl":"https:\/\/radioinfinitagoya.com.ar\/v1\/wp-content\/uploads\/2025\/07\/flyer_los_boffil_-_pesca_variad.jpg","articleSection":["LOCALES"],"inLanguage":"es-AR"},{"@type":"WebPage","@id":"https:\/\/radioinfinitagoya.com.ar\/v1\/2025\/07\/24\/concurso-argentino-de-pesca-variada-con-devolucion-2025\/","url":"https:\/\/radioinfinitagoya.com.ar\/v1\/2025\/07\/24\/concurso-argentino-de-pesca-variada-con-devolucion-2025\/","name":"Concurso Argentino de Pesca Variada con Devoluci\u00f3n 2025 - Radio Infinita Goya","isPartOf":{"@id":"https:\/\/radioinfinitagoya.com.ar\/v1\/#website"},"primaryImageOfPage":{"@id":"https:\/\/radioinfinitagoya.com.ar\/v1\/2025\/07\/24\/concurso-argentino-de-pesca-variada-con-devolucion-2025\/#primaryimage"},"image":{"@id":"https:\/\/radioinfinitagoya.com.ar\/v1\/2025\/07\/24\/concurso-argentino-de-pesca-variada-con-devolucion-2025\/#primaryimage"},"thumbnailUrl":"https:\/\/radioinfinitagoya.com.ar\/v1\/wp-content\/uploads\/2025\/07\/flyer_los_boffil_-_pesca_variad.jpg","datePublished":"2025-07-24T19:30:40+00:00","description":"Del 1 al 3 de Agosto se realizar\u00e1 la 29\u00b0 edici\u00f3n del Concurso Pesquero Goyano En declaraci\u00f3n a Radio Ciudad 88.3, el Presidente de la Comisi\u00f3n","breadcrumb":{"@id":"https:\/\/radioinfinitagoya.com.ar\/v1\/2025\/07\/24\/concurso-argentino-de-pesca-variada-con-devolucion-2025\/#breadcrumb"},"inLanguage":"es-AR","potentialAction":[{"@type":"ReadAction","target":["https:\/\/radioinfinitagoya.com.ar\/v1\/2025\/07\/24\/concurso-argentino-de-pesca-variada-con-devolucion-2025\/"]}]},{"@type":"ImageObject","inLanguage":"es-AR","@id":"https:\/\/radioinfinitagoya.com.ar\/v1\/2025\/07\/24\/concurso-argentino-de-pesca-variada-con-devolucion-2025\/#primaryimage","url":"https:\/\/radioinfinitagoya.com.ar\/v1\/wp-content\/uploads\/2025\/07\/flyer_los_boffil_-_pesca_variad.jpg","contentUrl":"https:\/\/radioinfinitagoya.com.ar\/v1\/wp-content\/uploads\/2025\/07\/flyer_los_boffil_-_pesca_variad.jpg","width":848,"height":477},{"@type":"BreadcrumbList","@id":"https:\/\/radioinfinitagoya.com.ar\/v1\/2025\/07\/24\/concurso-argentino-de-pesca-variada-con-devolucion-2025\/#breadcrumb","itemListElement":[{"@type":"ListItem","position":1,"name":"Inicio","item":"https:\/\/radioinfinitagoya.com.ar\/v1\/"},{"@type":"ListItem","position":2,"name":"Concurso Argentino de Pesca Variada con Devoluci\u00f3n 2025"}]},{"@type":"WebSite","@id":"https:\/\/radioinfinitagoya.com.ar\/v1\/#website","url":"https:\/\/radioinfinitagoya.com.ar\/v1\/","name":"radioinfinitagoya.com.ar","description":"Radio de noticias","publisher":{"@id":"https:\/\/radioinfinitagoya.com.ar\/v1\/#organization"},"potentialAction":[{"@type":"SearchAction","target":{"@type":"EntryPoint","urlTemplate":"https:\/\/radioinfinitagoya.com.ar\/v1\/?s={search_term_string}"},"query-input":{"@type":"PropertyValueSpecification","valueRequired":true,"valueName":"search_term_string"}}],"inLanguage":"es-AR"},{"@type":"Organization","@id":"https:\/\/radioinfinitagoya.com.ar\/v1\/#organization","name":"Radio Infinita Goya","url":"https:\/\/radioinfinitagoya.com.ar\/v1\/","logo":{"@type":"ImageObject","inLanguage":"es-AR","@id":"https:\/\/radioinfinitagoya.com.ar\/v1\/#\/schema\/logo\/image\/","url":"https:\/\/radioinfinitagoya.com.ar\/v1\/wp-content\/uploads\/2019\/11\/logo-pie-web.png","contentUrl":"https:\/\/radioinfinitagoya.com.ar\/v1\/wp-content\/uploads\/2019\/11\/logo-pie-web.png","width":635,"height":326,"caption":"Radio Infinita Goya"},"image":{"@id":"https:\/\/radioinfinitagoya.com.ar\/v1\/#\/schema\/logo\/image\/"},"sameAs":["https:\/\/www.facebook.com\/p\/Infinita-Goya-100063870918311\/"]},{"@type":"Person","@id":"https:\/\/radioinfinitagoya.com.ar\/v1\/#\/schema\/person\/d4cf9c413d4f6edb24aabdccab49ca4a","name":"Jorge Mi\u00f1o","image":{"@type":"ImageObject","inLanguage":"es-AR","@id":"https:\/\/secure.gravatar.com\/avatar\/910fcf6728fe95320e07a6643c1581fec1c7fc4bf8ae12e3d8f0d0373dc844be?s=96&d=mm&r=g","url":"https:\/\/secure.gravatar.com\/avatar\/910fcf6728fe95320e07a6643c1581fec1c7fc4bf8ae12e3d8f0d0373dc844be?s=96&d=mm&r=g","contentUrl":"https:\/\/secure.gravatar.com\/avatar\/910fcf6728fe95320e07a6643c1581fec1c7fc4bf8ae12e3d8f0d0373dc844be?s=96&d=mm&r=g","caption":"Jorge Mi\u00f1o"},"sameAs":["http:\/\/radioinfinitagoya.com.ar"]}]}},"_links":{"self":[{"href":"https:\/\/radioinfinitagoya.com.ar\/v1\/wp-json\/wp\/v2\/posts\/193313","targetHints":{"allow":["GET"]}}],"collection":[{"href":"https:\/\/radioinfinitagoya.com.ar\/v1\/wp-json\/wp\/v2\/posts"}],"about":[{"href":"https:\/\/radioinfinitagoya.com.ar\/v1\/wp-json\/wp\/v2\/types\/post"}],"author":[{"embeddable":true,"href":"https:\/\/radioinfinitagoya.com.ar\/v1\/wp-json\/wp\/v2\/users\/4"}],"replies":[{"embeddable":true,"href":"https:\/\/radioinfinitagoya.com.ar\/v1\/wp-json\/wp\/v2\/comments?post=193313"}],"version-history":[{"count":0,"href":"https:\/\/radioinfinitagoya.com.ar\/v1\/wp-json\/wp\/v2\/posts\/193313\/revisions"}],"wp:featuredmedia":[{"embeddable":true,"href":"https:\/\/radioinfinitagoya.com.ar\/v1\/wp-json\/wp\/v2\/media\/193314"}],"wp:attachment":[{"href":"https:\/\/radioinfinitagoya.com.ar\/v1\/wp-json\/wp\/v2\/media?parent=193313"}],"wp:term":[{"taxonomy":"category","embeddable":true,"href":"https:\/\/radioinfinitagoya.com.ar\/v1\/wp-json\/wp\/v2\/categories?post=193313"},{"taxonomy":"post_tag","embeddable":true,"href":"https:\/\/radioinfinitagoya.com.ar\/v1\/wp-json\/wp\/v2\/tags?post=193313"}],"curies":[{"name":"wp","href":"https:\/\/api.w.org\/{rel}","templated":true}]}}