{"id":193316,"date":"2025-07-24T16:33:10","date_gmt":"2025-07-24T19:33:10","guid":{"rendered":"https:\/\/radioinfinitagoya.com.ar\/v1\/?p=193316"},"modified":"2025-07-24T16:33:10","modified_gmt":"2025-07-24T19:33:10","slug":"goya-liquida-comienza-el-viernes-25-y-se-extiende-hasta-el-24-de-agosto","status":"publish","type":"post","link":"https:\/\/radioinfinitagoya.com.ar\/v1\/2025\/07\/24\/goya-liquida-comienza-el-viernes-25-y-se-extiende-hasta-el-24-de-agosto\/","title":{"rendered":"Goya Liquida comienza el Viernes 25 y se extiende hasta el 24 de Agosto"},"content":{"rendered":"<p>La Secretaria de Industria y Comercio, Mar\u00eda Paz Lampugnani analiz\u00f3 el inicio de este programa para impulsar la econom\u00eda local.<\/p>\n<p>\u201cIndudablemente que este programa est\u00e1 instalado, esto lo demuestra el acompa\u00f1amiento de las entidades que nuclean a comerciantes, empresarios, industriales de Goya. Hablamos de Goya l\u00edquida, 7\u00ba edici\u00f3n y que a partir de ma\u00f1ana viernes 25 de julio y durante un mes en todos los rubros uno tendr\u00e1 la posibilidad de adquirir ofertas y promociones\u201d.<\/p>\n<p>\u201cDe eso se trata, de ordenar, organizar promoci\u00f3n de fin de temporada entre todos los comercios Goyanos. Ellos se suman siempre con las promociones que tienen t\u00edpicas del fin de temporada. Es el compromiso. Nosotros le pedimos que se sumen con alg\u00fan descuento o promociones. No le ponemos un porcentaje porque hay comercios que pueden llegar a ese porcentaje y otros que no. Pero le pedimos ese compromiso, despu\u00e9s desde el municipio nosotros sumamos, como hace varias ediciones proponemos un sorteo entre los consumidores. A su vez le sumamos tambi\u00e9n sorteos de tres publicidades para comerciantes que participan\u201d explic\u00f3.<\/p>\n<p>Lampugnani hizo menci\u00f3n a la posibilidad de sumar al rubro gastron\u00f3mico, \u201ccomo una exposici\u00f3n a cielo abierto de carritos, bares. Estamos en eso, as\u00ed que tenemos que hacer todav\u00eda una reuni\u00f3n con los propietarios\u201d enfatiz\u00f3.<\/p>\n<p>IMPULSO MUNICIPAL<\/p>\n<p>\u201cNosotros como municipio vamos aportando y sumando para que esto funcione, para que el comerciante se pueda beneficiar con m\u00e1s ventas, que en un mes tengamos o ayudemos a movilizar la econom\u00eda local. Sabemos que desde los municipios nosotros no podemos influir en medidas nacionales, dir\u00edamos, que es lo que le impacta al comercio son las pol\u00edticas p\u00fablicas que se implementan o pol\u00edticas econ\u00f3micas que se implementan desde la Naci\u00f3n y bueno, entonces nosotros al no poder influir en eso tratamos de desde nuestro lugar aportar con estos programas y estos proyectos que presentamos\u201d.<\/p>\n<p>ADHESI\u00d3N<\/p>\n<p>Consultada por la adhesi\u00f3n del comerciante local y su aceptaci\u00f3n a este proyecto, la funcionaria estim\u00f3 como \u201cmuy buena\u201d. Se calcula que entre 400 y 500 comercios fueron adheridos al Goya Liquida para la 7\u00aa edici\u00f3n.<\/p>\n<p>\u201cSiempre en invierno suelen caer un poco m\u00e1s las adhesiones, por una cuesti\u00f3n de que no todos hacen promociones. Por ah\u00ed en el verano es como que est\u00e1n de vacaciones, calorcito, se prenden m\u00e1s, siempre observamos eso\u201d.<\/p>\n<p>Agradeci\u00f3 la tarea de los chicos de la Direcci\u00f3n de Juventud y a su titular, Gast\u00f3n Espinosa.<\/p>\n<p>\u201cHemos salido con los chicos de la juventud y de la Direcci\u00f3n de Comercio en conjunto a adherir todos los comercios, todav\u00eda no tengo el n\u00famero definitivo. Hay un formulario digital en la p\u00e1gina del Goya Liquida en Instagram al que pueden adherirse.<\/p>\n<p>Nosotros les acercamos despu\u00e9s las se\u00f1al\u00e9ticas y los cupones y tambi\u00e9n pueden llamar al tel\u00e9fono de la Direcci\u00f3n de Comercio, tambi\u00e9n a trav\u00e9s de los Consejos Vecinales.<\/p>\n<p>Si est\u00e1s en un barrio y quieres adherirte comun\u00edcate con el presidente de tu barrio o a trav\u00e9s de la p\u00e1gina y nosotros le acercamos\u201d invit\u00f3.<\/p>\n<p>MODALIDAD<\/p>\n<p>\u201cCuando uno vea en cada comercio que dice, Goya Liquida, autom\u00e1ticamente cuando haces t\u00fa compra te van a llevar el cuponcito, vos llena con tus datos personales, pone en el dispositivo que establezca cada comercio y hay que esperar despu\u00e9s que finalice este mes para el concurso que este a\u00f1o reparte 2 millones de pesos en 10 \u00f3rdenes de compra de 200 mil pesos cada cup\u00f3n ganador\u201d finaliz\u00f3.<\/p>\n<p>Direcci\u00f3n de Prensa \u2013 Municipalidad de Goya<\/p>\n","protected":false},"excerpt":{"rendered":"<p>La Secretaria de Industria y Comercio, Mar\u00eda Paz Lampugnani analiz\u00f3 el inicio de este programa para impulsar la econom\u00eda local. \u201cIndudablemente que este programa est\u00e1 instalado, esto lo demuestra el acompa\u00f1amiento de las entidades que nuclean a comerciantes, empresarios, industriales de Goya. Hablamos de Goya l\u00edquida, 7\u00ba edici\u00f3n y que a partir de ma\u00f1ana viernes [&hellip;]<\/p>\n","protected":false},"author":4,"featured_media":193317,"comment_status":"closed","ping_status":"closed","sticky":false,"template":"","format":"standard","meta":{"_joinchat":[],"footnotes":""},"categories":[27],"tags":[],"class_list":{"0":"post-193316","1":"post","2":"type-post","3":"status-publish","4":"format-standard","5":"has-post-thumbnail","7":"category-locales"},"yoast_head":"<!-- This site is optimized with the Yoast SEO plugin v27.2 - https:\/\/yoast.com\/product\/yoast-seo-wordpress\/ -->\n<title>Goya Liquida comienza el Viernes 25 y se extiende hasta el 24 de Agosto - Radio Infinita Goya<\/title>\n<meta name=\"description\" content=\"La Secretaria de Industria y Comercio, Mar\u00eda Paz Lampugnani analiz\u00f3 el inicio de este programa para impulsar la econom\u00eda local. \u201cIndudablemente que este\" \/>\n<meta name=\"robots\" content=\"index, follow, max-snippet:-1, max-image-preview:large, max-video-preview:-1\" \/>\n<link rel=\"canonical\" href=\"https:\/\/radioinfinitagoya.com.ar\/v1\/2025\/07\/24\/goya-liquida-comienza-el-viernes-25-y-se-extiende-hasta-el-24-de-agosto\/\" \/>\n<meta property=\"og:locale\" content=\"es_ES\" \/>\n<meta property=\"og:type\" content=\"article\" \/>\n<meta property=\"og:title\" content=\"Goya Liquida comienza el Viernes 25 y se extiende hasta el 24 de Agosto - Radio Infinita Goya\" \/>\n<meta property=\"og:description\" content=\"La Secretaria de Industria y Comercio, Mar\u00eda Paz Lampugnani analiz\u00f3 el inicio de este programa para impulsar la econom\u00eda local. \u201cIndudablemente que este\" \/>\n<meta property=\"og:url\" content=\"https:\/\/radioinfinitagoya.com.ar\/v1\/2025\/07\/24\/goya-liquida-comienza-el-viernes-25-y-se-extiende-hasta-el-24-de-agosto\/\" \/>\n<meta property=\"og:site_name\" content=\"Radio Infinita Goya\" \/>\n<meta property=\"article:publisher\" content=\"https:\/\/www.facebook.com\/p\/Infinita-Goya-100063870918311\/\" \/>\n<meta property=\"article:published_time\" content=\"2025-07-24T19:33:10+00:00\" \/>\n<meta property=\"og:image\" content=\"https:\/\/radioinfinitagoya.com.ar\/v1\/wp-content\/uploads\/2025\/07\/maria_paz_lampugnani_analizo_inicio_7ma_edicion_del_goya_liquid.jpg\" \/>\n\t<meta property=\"og:image:width\" content=\"848\" \/>\n\t<meta property=\"og:image:height\" content=\"477\" \/>\n\t<meta property=\"og:image:type\" content=\"image\/jpeg\" \/>\n<meta name=\"author\" content=\"Jorge Mi\u00f1o\" \/>\n<meta name=\"twitter:card\" content=\"summary_large_image\" \/>\n<meta name=\"twitter:label1\" content=\"Escrito por\" \/>\n\t<meta name=\"twitter:data1\" content=\"Jorge Mi\u00f1o\" \/>\n\t<meta name=\"twitter:label2\" content=\"Tiempo de lectura\" \/>\n\t<meta name=\"twitter:data2\" content=\"3 minutos\" \/>\n<script type=\"application\/ld+json\" class=\"yoast-schema-graph\">{\"@context\":\"https:\/\/schema.org\",\"@graph\":[{\"@type\":\"Article\",\"@id\":\"https:\/\/radioinfinitagoya.com.ar\/v1\/2025\/07\/24\/goya-liquida-comienza-el-viernes-25-y-se-extiende-hasta-el-24-de-agosto\/#article\",\"isPartOf\":{\"@id\":\"https:\/\/radioinfinitagoya.com.ar\/v1\/2025\/07\/24\/goya-liquida-comienza-el-viernes-25-y-se-extiende-hasta-el-24-de-agosto\/\"},\"author\":{\"name\":\"Jorge Mi\u00f1o\",\"@id\":\"https:\/\/radioinfinitagoya.com.ar\/v1\/#\/schema\/person\/d4cf9c413d4f6edb24aabdccab49ca4a\"},\"headline\":\"Goya Liquida comienza el Viernes 25 y se extiende hasta el 24 de Agosto\",\"datePublished\":\"2025-07-24T19:33:10+00:00\",\"mainEntityOfPage\":{\"@id\":\"https:\/\/radioinfinitagoya.com.ar\/v1\/2025\/07\/24\/goya-liquida-comienza-el-viernes-25-y-se-extiende-hasta-el-24-de-agosto\/\"},\"wordCount\":626,\"publisher\":{\"@id\":\"https:\/\/radioinfinitagoya.com.ar\/v1\/#organization\"},\"image\":{\"@id\":\"https:\/\/radioinfinitagoya.com.ar\/v1\/2025\/07\/24\/goya-liquida-comienza-el-viernes-25-y-se-extiende-hasta-el-24-de-agosto\/#primaryimage\"},\"thumbnailUrl\":\"https:\/\/radioinfinitagoya.com.ar\/v1\/wp-content\/uploads\/2025\/07\/maria_paz_lampugnani_analizo_inicio_7ma_edicion_del_goya_liquid.jpg\",\"articleSection\":[\"LOCALES\"],\"inLanguage\":\"es-AR\"},{\"@type\":\"WebPage\",\"@id\":\"https:\/\/radioinfinitagoya.com.ar\/v1\/2025\/07\/24\/goya-liquida-comienza-el-viernes-25-y-se-extiende-hasta-el-24-de-agosto\/\",\"url\":\"https:\/\/radioinfinitagoya.com.ar\/v1\/2025\/07\/24\/goya-liquida-comienza-el-viernes-25-y-se-extiende-hasta-el-24-de-agosto\/\",\"name\":\"Goya Liquida comienza el Viernes 25 y se extiende hasta el 24 de Agosto - Radio Infinita Goya\",\"isPartOf\":{\"@id\":\"https:\/\/radioinfinitagoya.com.ar\/v1\/#website\"},\"primaryImageOfPage\":{\"@id\":\"https:\/\/radioinfinitagoya.com.ar\/v1\/2025\/07\/24\/goya-liquida-comienza-el-viernes-25-y-se-extiende-hasta-el-24-de-agosto\/#primaryimage\"},\"image\":{\"@id\":\"https:\/\/radioinfinitagoya.com.ar\/v1\/2025\/07\/24\/goya-liquida-comienza-el-viernes-25-y-se-extiende-hasta-el-24-de-agosto\/#primaryimage\"},\"thumbnailUrl\":\"https:\/\/radioinfinitagoya.com.ar\/v1\/wp-content\/uploads\/2025\/07\/maria_paz_lampugnani_analizo_inicio_7ma_edicion_del_goya_liquid.jpg\",\"datePublished\":\"2025-07-24T19:33:10+00:00\",\"description\":\"La Secretaria de Industria y Comercio, Mar\u00eda Paz Lampugnani analiz\u00f3 el inicio de este programa para impulsar la econom\u00eda local. \u201cIndudablemente que este\",\"breadcrumb\":{\"@id\":\"https:\/\/radioinfinitagoya.com.ar\/v1\/2025\/07\/24\/goya-liquida-comienza-el-viernes-25-y-se-extiende-hasta-el-24-de-agosto\/#breadcrumb\"},\"inLanguage\":\"es-AR\",\"potentialAction\":[{\"@type\":\"ReadAction\",\"target\":[\"https:\/\/radioinfinitagoya.com.ar\/v1\/2025\/07\/24\/goya-liquida-comienza-el-viernes-25-y-se-extiende-hasta-el-24-de-agosto\/\"]}]},{\"@type\":\"ImageObject\",\"inLanguage\":\"es-AR\",\"@id\":\"https:\/\/radioinfinitagoya.com.ar\/v1\/2025\/07\/24\/goya-liquida-comienza-el-viernes-25-y-se-extiende-hasta-el-24-de-agosto\/#primaryimage\",\"url\":\"https:\/\/radioinfinitagoya.com.ar\/v1\/wp-content\/uploads\/2025\/07\/maria_paz_lampugnani_analizo_inicio_7ma_edicion_del_goya_liquid.jpg\",\"contentUrl\":\"https:\/\/radioinfinitagoya.com.ar\/v1\/wp-content\/uploads\/2025\/07\/maria_paz_lampugnani_analizo_inicio_7ma_edicion_del_goya_liquid.jpg\",\"width\":848,\"height\":477},{\"@type\":\"BreadcrumbList\",\"@id\":\"https:\/\/radioinfinitagoya.com.ar\/v1\/2025\/07\/24\/goya-liquida-comienza-el-viernes-25-y-se-extiende-hasta-el-24-de-agosto\/#breadcrumb\",\"itemListElement\":[{\"@type\":\"ListItem\",\"position\":1,\"name\":\"Inicio\",\"item\":\"https:\/\/radioinfinitagoya.com.ar\/v1\/\"},{\"@type\":\"ListItem\",\"position\":2,\"name\":\"Goya Liquida comienza el Viernes 25 y se extiende hasta el 24 de Agosto\"}]},{\"@type\":\"WebSite\",\"@id\":\"https:\/\/radioinfinitagoya.com.ar\/v1\/#website\",\"url\":\"https:\/\/radioinfinitagoya.com.ar\/v1\/\",\"name\":\"radioinfinitagoya.com.ar\",\"description\":\"Radio de noticias\",\"publisher\":{\"@id\":\"https:\/\/radioinfinitagoya.com.ar\/v1\/#organization\"},\"potentialAction\":[{\"@type\":\"SearchAction\",\"target\":{\"@type\":\"EntryPoint\",\"urlTemplate\":\"https:\/\/radioinfinitagoya.com.ar\/v1\/?s={search_term_string}\"},\"query-input\":{\"@type\":\"PropertyValueSpecification\",\"valueRequired\":true,\"valueName\":\"search_term_string\"}}],\"inLanguage\":\"es-AR\"},{\"@type\":\"Organization\",\"@id\":\"https:\/\/radioinfinitagoya.com.ar\/v1\/#organization\",\"name\":\"Radio Infinita Goya\",\"url\":\"https:\/\/radioinfinitagoya.com.ar\/v1\/\",\"logo\":{\"@type\":\"ImageObject\",\"inLanguage\":\"es-AR\",\"@id\":\"https:\/\/radioinfinitagoya.com.ar\/v1\/#\/schema\/logo\/image\/\",\"url\":\"https:\/\/radioinfinitagoya.com.ar\/v1\/wp-content\/uploads\/2019\/11\/logo-pie-web.png\",\"contentUrl\":\"https:\/\/radioinfinitagoya.com.ar\/v1\/wp-content\/uploads\/2019\/11\/logo-pie-web.png\",\"width\":635,\"height\":326,\"caption\":\"Radio Infinita Goya\"},\"image\":{\"@id\":\"https:\/\/radioinfinitagoya.com.ar\/v1\/#\/schema\/logo\/image\/\"},\"sameAs\":[\"https:\/\/www.facebook.com\/p\/Infinita-Goya-100063870918311\/\"]},{\"@type\":\"Person\",\"@id\":\"https:\/\/radioinfinitagoya.com.ar\/v1\/#\/schema\/person\/d4cf9c413d4f6edb24aabdccab49ca4a\",\"name\":\"Jorge Mi\u00f1o\",\"image\":{\"@type\":\"ImageObject\",\"inLanguage\":\"es-AR\",\"@id\":\"https:\/\/secure.gravatar.com\/avatar\/910fcf6728fe95320e07a6643c1581fec1c7fc4bf8ae12e3d8f0d0373dc844be?s=96&d=mm&r=g\",\"url\":\"https:\/\/secure.gravatar.com\/avatar\/910fcf6728fe95320e07a6643c1581fec1c7fc4bf8ae12e3d8f0d0373dc844be?s=96&d=mm&r=g\",\"contentUrl\":\"https:\/\/secure.gravatar.com\/avatar\/910fcf6728fe95320e07a6643c1581fec1c7fc4bf8ae12e3d8f0d0373dc844be?s=96&d=mm&r=g\",\"caption\":\"Jorge Mi\u00f1o\"},\"sameAs\":[\"http:\/\/radioinfinitagoya.com.ar\"]}]}<\/script>\n<!-- \/ Yoast SEO plugin. -->","yoast_head_json":{"title":"Goya Liquida comienza el Viernes 25 y se extiende hasta el 24 de Agosto - Radio Infinita Goya","description":"La Secretaria de Industria y Comercio, Mar\u00eda Paz Lampugnani analiz\u00f3 el inicio de este programa para impulsar la econom\u00eda local. \u201cIndudablemente que este","robots":{"index":"index","follow":"follow","max-snippet":"max-snippet:-1","max-image-preview":"max-image-preview:large","max-video-preview":"max-video-preview:-1"},"canonical":"https:\/\/radioinfinitagoya.com.ar\/v1\/2025\/07\/24\/goya-liquida-comienza-el-viernes-25-y-se-extiende-hasta-el-24-de-agosto\/","og_locale":"es_ES","og_type":"article","og_title":"Goya Liquida comienza el Viernes 25 y se extiende hasta el 24 de Agosto - Radio Infinita Goya","og_description":"La Secretaria de Industria y Comercio, Mar\u00eda Paz Lampugnani analiz\u00f3 el inicio de este programa para impulsar la econom\u00eda local. \u201cIndudablemente que este","og_url":"https:\/\/radioinfinitagoya.com.ar\/v1\/2025\/07\/24\/goya-liquida-comienza-el-viernes-25-y-se-extiende-hasta-el-24-de-agosto\/","og_site_name":"Radio Infinita Goya","article_publisher":"https:\/\/www.facebook.com\/p\/Infinita-Goya-100063870918311\/","article_published_time":"2025-07-24T19:33:10+00:00","og_image":[{"width":848,"height":477,"url":"https:\/\/radioinfinitagoya.com.ar\/v1\/wp-content\/uploads\/2025\/07\/maria_paz_lampugnani_analizo_inicio_7ma_edicion_del_goya_liquid.jpg","type":"image\/jpeg"}],"author":"Jorge Mi\u00f1o","twitter_card":"summary_large_image","twitter_misc":{"Escrito por":"Jorge Mi\u00f1o","Tiempo de lectura":"3 minutos"},"schema":{"@context":"https:\/\/schema.org","@graph":[{"@type":"Article","@id":"https:\/\/radioinfinitagoya.com.ar\/v1\/2025\/07\/24\/goya-liquida-comienza-el-viernes-25-y-se-extiende-hasta-el-24-de-agosto\/#article","isPartOf":{"@id":"https:\/\/radioinfinitagoya.com.ar\/v1\/2025\/07\/24\/goya-liquida-comienza-el-viernes-25-y-se-extiende-hasta-el-24-de-agosto\/"},"author":{"name":"Jorge Mi\u00f1o","@id":"https:\/\/radioinfinitagoya.com.ar\/v1\/#\/schema\/person\/d4cf9c413d4f6edb24aabdccab49ca4a"},"headline":"Goya Liquida comienza el Viernes 25 y se extiende hasta el 24 de Agosto","datePublished":"2025-07-24T19:33:10+00:00","mainEntityOfPage":{"@id":"https:\/\/radioinfinitagoya.com.ar\/v1\/2025\/07\/24\/goya-liquida-comienza-el-viernes-25-y-se-extiende-hasta-el-24-de-agosto\/"},"wordCount":626,"publisher":{"@id":"https:\/\/radioinfinitagoya.com.ar\/v1\/#organization"},"image":{"@id":"https:\/\/radioinfinitagoya.com.ar\/v1\/2025\/07\/24\/goya-liquida-comienza-el-viernes-25-y-se-extiende-hasta-el-24-de-agosto\/#primaryimage"},"thumbnailUrl":"https:\/\/radioinfinitagoya.com.ar\/v1\/wp-content\/uploads\/2025\/07\/maria_paz_lampugnani_analizo_inicio_7ma_edicion_del_goya_liquid.jpg","articleSection":["LOCALES"],"inLanguage":"es-AR"},{"@type":"WebPage","@id":"https:\/\/radioinfinitagoya.com.ar\/v1\/2025\/07\/24\/goya-liquida-comienza-el-viernes-25-y-se-extiende-hasta-el-24-de-agosto\/","url":"https:\/\/radioinfinitagoya.com.ar\/v1\/2025\/07\/24\/goya-liquida-comienza-el-viernes-25-y-se-extiende-hasta-el-24-de-agosto\/","name":"Goya Liquida comienza el Viernes 25 y se extiende hasta el 24 de Agosto - Radio Infinita Goya","isPartOf":{"@id":"https:\/\/radioinfinitagoya.com.ar\/v1\/#website"},"primaryImageOfPage":{"@id":"https:\/\/radioinfinitagoya.com.ar\/v1\/2025\/07\/24\/goya-liquida-comienza-el-viernes-25-y-se-extiende-hasta-el-24-de-agosto\/#primaryimage"},"image":{"@id":"https:\/\/radioinfinitagoya.com.ar\/v1\/2025\/07\/24\/goya-liquida-comienza-el-viernes-25-y-se-extiende-hasta-el-24-de-agosto\/#primaryimage"},"thumbnailUrl":"https:\/\/radioinfinitagoya.com.ar\/v1\/wp-content\/uploads\/2025\/07\/maria_paz_lampugnani_analizo_inicio_7ma_edicion_del_goya_liquid.jpg","datePublished":"2025-07-24T19:33:10+00:00","description":"La Secretaria de Industria y Comercio, Mar\u00eda Paz Lampugnani analiz\u00f3 el inicio de este programa para impulsar la econom\u00eda local. \u201cIndudablemente que este","breadcrumb":{"@id":"https:\/\/radioinfinitagoya.com.ar\/v1\/2025\/07\/24\/goya-liquida-comienza-el-viernes-25-y-se-extiende-hasta-el-24-de-agosto\/#breadcrumb"},"inLanguage":"es-AR","potentialAction":[{"@type":"ReadAction","target":["https:\/\/radioinfinitagoya.com.ar\/v1\/2025\/07\/24\/goya-liquida-comienza-el-viernes-25-y-se-extiende-hasta-el-24-de-agosto\/"]}]},{"@type":"ImageObject","inLanguage":"es-AR","@id":"https:\/\/radioinfinitagoya.com.ar\/v1\/2025\/07\/24\/goya-liquida-comienza-el-viernes-25-y-se-extiende-hasta-el-24-de-agosto\/#primaryimage","url":"https:\/\/radioinfinitagoya.com.ar\/v1\/wp-content\/uploads\/2025\/07\/maria_paz_lampugnani_analizo_inicio_7ma_edicion_del_goya_liquid.jpg","contentUrl":"https:\/\/radioinfinitagoya.com.ar\/v1\/wp-content\/uploads\/2025\/07\/maria_paz_lampugnani_analizo_inicio_7ma_edicion_del_goya_liquid.jpg","width":848,"height":477},{"@type":"BreadcrumbList","@id":"https:\/\/radioinfinitagoya.com.ar\/v1\/2025\/07\/24\/goya-liquida-comienza-el-viernes-25-y-se-extiende-hasta-el-24-de-agosto\/#breadcrumb","itemListElement":[{"@type":"ListItem","position":1,"name":"Inicio","item":"https:\/\/radioinfinitagoya.com.ar\/v1\/"},{"@type":"ListItem","position":2,"name":"Goya Liquida comienza el Viernes 25 y se extiende hasta el 24 de Agosto"}]},{"@type":"WebSite","@id":"https:\/\/radioinfinitagoya.com.ar\/v1\/#website","url":"https:\/\/radioinfinitagoya.com.ar\/v1\/","name":"radioinfinitagoya.com.ar","description":"Radio de noticias","publisher":{"@id":"https:\/\/radioinfinitagoya.com.ar\/v1\/#organization"},"potentialAction":[{"@type":"SearchAction","target":{"@type":"EntryPoint","urlTemplate":"https:\/\/radioinfinitagoya.com.ar\/v1\/?s={search_term_string}"},"query-input":{"@type":"PropertyValueSpecification","valueRequired":true,"valueName":"search_term_string"}}],"inLanguage":"es-AR"},{"@type":"Organization","@id":"https:\/\/radioinfinitagoya.com.ar\/v1\/#organization","name":"Radio Infinita Goya","url":"https:\/\/radioinfinitagoya.com.ar\/v1\/","logo":{"@type":"ImageObject","inLanguage":"es-AR","@id":"https:\/\/radioinfinitagoya.com.ar\/v1\/#\/schema\/logo\/image\/","url":"https:\/\/radioinfinitagoya.com.ar\/v1\/wp-content\/uploads\/2019\/11\/logo-pie-web.png","contentUrl":"https:\/\/radioinfinitagoya.com.ar\/v1\/wp-content\/uploads\/2019\/11\/logo-pie-web.png","width":635,"height":326,"caption":"Radio Infinita Goya"},"image":{"@id":"https:\/\/radioinfinitagoya.com.ar\/v1\/#\/schema\/logo\/image\/"},"sameAs":["https:\/\/www.facebook.com\/p\/Infinita-Goya-100063870918311\/"]},{"@type":"Person","@id":"https:\/\/radioinfinitagoya.com.ar\/v1\/#\/schema\/person\/d4cf9c413d4f6edb24aabdccab49ca4a","name":"Jorge Mi\u00f1o","image":{"@type":"ImageObject","inLanguage":"es-AR","@id":"https:\/\/secure.gravatar.com\/avatar\/910fcf6728fe95320e07a6643c1581fec1c7fc4bf8ae12e3d8f0d0373dc844be?s=96&d=mm&r=g","url":"https:\/\/secure.gravatar.com\/avatar\/910fcf6728fe95320e07a6643c1581fec1c7fc4bf8ae12e3d8f0d0373dc844be?s=96&d=mm&r=g","contentUrl":"https:\/\/secure.gravatar.com\/avatar\/910fcf6728fe95320e07a6643c1581fec1c7fc4bf8ae12e3d8f0d0373dc844be?s=96&d=mm&r=g","caption":"Jorge Mi\u00f1o"},"sameAs":["http:\/\/radioinfinitagoya.com.ar"]}]}},"_links":{"self":[{"href":"https:\/\/radioinfinitagoya.com.ar\/v1\/wp-json\/wp\/v2\/posts\/193316","targetHints":{"allow":["GET"]}}],"collection":[{"href":"https:\/\/radioinfinitagoya.com.ar\/v1\/wp-json\/wp\/v2\/posts"}],"about":[{"href":"https:\/\/radioinfinitagoya.com.ar\/v1\/wp-json\/wp\/v2\/types\/post"}],"author":[{"embeddable":true,"href":"https:\/\/radioinfinitagoya.com.ar\/v1\/wp-json\/wp\/v2\/users\/4"}],"replies":[{"embeddable":true,"href":"https:\/\/radioinfinitagoya.com.ar\/v1\/wp-json\/wp\/v2\/comments?post=193316"}],"version-history":[{"count":0,"href":"https:\/\/radioinfinitagoya.com.ar\/v1\/wp-json\/wp\/v2\/posts\/193316\/revisions"}],"wp:featuredmedia":[{"embeddable":true,"href":"https:\/\/radioinfinitagoya.com.ar\/v1\/wp-json\/wp\/v2\/media\/193317"}],"wp:attachment":[{"href":"https:\/\/radioinfinitagoya.com.ar\/v1\/wp-json\/wp\/v2\/media?parent=193316"}],"wp:term":[{"taxonomy":"category","embeddable":true,"href":"https:\/\/radioinfinitagoya.com.ar\/v1\/wp-json\/wp\/v2\/categories?post=193316"},{"taxonomy":"post_tag","embeddable":true,"href":"https:\/\/radioinfinitagoya.com.ar\/v1\/wp-json\/wp\/v2\/tags?post=193316"}],"curies":[{"name":"wp","href":"https:\/\/api.w.org\/{rel}","templated":true}]}}