{"id":193322,"date":"2025-07-24T17:44:10","date_gmt":"2025-07-24T20:44:10","guid":{"rendered":"https:\/\/radioinfinitagoya.com.ar\/v1\/?p=193322"},"modified":"2025-07-24T17:44:10","modified_gmt":"2025-07-24T20:44:10","slug":"las-ventas-de-ypf-crecieron-un-28-en-la-madrugada","status":"publish","type":"post","link":"https:\/\/radioinfinitagoya.com.ar\/v1\/2025\/07\/24\/las-ventas-de-ypf-crecieron-un-28-en-la-madrugada\/","title":{"rendered":"Las ventas de YPF crecieron un 28% en la madrugada"},"content":{"rendered":"<p>La nueva modalidad de descuento en horario nocturno se implement\u00f3 hace algunas semanas y la demanda repunt\u00f3<\/p>\n<p>El volumen de ventas de YPF durante la madrugada creci\u00f3 m\u00e1s de un 28% en comparaci\u00f3n al promedio de los \u00faltimos 3 meses, luego de la implementaci\u00f3n del precio diferencial nocturno y la modalidad de autodespacho.<br \/>\nLas transacciones digitales, en tanto, aumentaron de forma sostenida consolidando a la aplicaci\u00f3n como el canal m\u00e1s elegido para operar. Actualmente, 2 de cada 10 litros cargados durante la madrugada se canalizan a trav\u00e9s de la App YPF, duplicando la penetraci\u00f3n del mes anterior.<\/p>\n<p>Desde la empresa sostienen que m\u00e1s de la mitad de los usuarios que hoy cargan en horario nocturno no lo hac\u00edan previamente y encontraron en estos incentivos una raz\u00f3n para digitalizarse y adoptar nuevas formas de operar.<\/p>\n<p>La iniciativa se enmarca en el inicio de un plan de micropricing impulsado por la compa\u00f1\u00eda, que utiliza Inteligencia Artificial (IA) para analizar datos de consumo y mejorar la rentabilidad. Dado que la venta de combustible ca\u00eda de forma marcada entre las 00:00 y las 06:00, el objetivo fue estimular la demanda con precios reducidos durante ese tramo horario.<\/p>\n<p>\u201cLa tecnolog\u00eda es un aliado clave para dar mejores servicios y mejorar la experiencia de nuestros clientes. Con la App YPF buscamos construir una ventaja competitiva sustentada en la eficiencia operativa y el crecimiento rentable de la red\u201d, se\u00f1al\u00f3 Guillermo Garat, vicepresidente de Relaciones Institucionales, Comunicaci\u00f3n y Marketing de la petrolera.<\/p>\n<p>Por su parte, Ignacio Mill\u00e1n, vicepresidente de comercializaci\u00f3n destac\u00f3 que \u201cYPF lidera un proceso de constante de innovaci\u00f3n, que busca maximizar la rentabilidad, eficientizar sus operaciones y evolucionar la experiencia del cliente. Su propuesta diferencial nocturna se integra estrat\u00e9gicamente con su modelo diurno de m\u00e1xima experiencia, ofreciendo un servicio integral y de alto valor\u201d.<\/p>\n<p>Sucede que cargar combustible en estaciones de servicio YPF entre las 00:00 y las 06:00 horas tiene un 3% de descuento. Si la estaci\u00f3n dispone de autoservicio, se suma otro 3% de rebaja. En ambos casos, el beneficio aplica solo al pagar con la App YPF.<\/p>\n<p>El sistema de autodespacho ofrece tres modalidades de uso, todas con un paso inicial com\u00fan: el pago debe realizarse de forma anticipada a trav\u00e9s de la aplicaci\u00f3n oficial<\/p>\n<p>T\u00f3tem interactivo en el surtidor: disponible \u00fanicamente en la estaci\u00f3n de Figueroa Alcorta, permite al cliente seleccionar el tipo de carga (por litros o por monto), definir el medio de pago y autorizar la operaci\u00f3n directamente en el surtidor mediante una pantalla. Finalizado el proceso, el equipo se habilita autom\u00e1ticamente.<br \/>\nPago en tienda Full: el cliente solicita la carga en la tienda. El personal realiza la transacci\u00f3n en la caja, y luego se habilita el surtidor correspondiente en la isla de autodespacho.<br \/>\nEscaneo de QR desde la app: en etapa de desarrollo, esta opci\u00f3n permitir\u00e1 operar de forma aut\u00f3noma desde el celular, escaneando un c\u00f3digo QR ubicado en el surtidor. El funcionamiento ser\u00e1 similar al del t\u00f3tem, pero sin necesidad de una pantalla f\u00edsica.<br \/>\nPor ahora, el beneficio solo est\u00e1 en cinco de las m\u00e1s de 1.600 estaciones de servicios de la petrolera estatal, que son las siguientes:<\/p>\n<p>Figueroa Alcorta 6608 y Echeverr\u00eda, Ciudad de Buenos Aires<br \/>\nAvenida Dorrego y C\u00f3rdoba, Ciudad de Buenos Aires<br \/>\nPringles y C\u00f3rdoba, Ciudad de Buenos Aires<br \/>\n27 de Febrero y Ovidio Lagos, Rosario<br \/>\nMariano Boedo, Acceso Sur, Luj\u00e1n de Cuyo, Mendoza<br \/>\nDe todos modos, la compa\u00f1\u00eda busca extender la modalidad al 50% de sus estaciones de servicio en los pr\u00f3ximos meses.<\/p>\n<p>Vale destacar que el descuento combinado del 6% no est\u00e1 disponible en las provincias de Buenos Aires, La Pampa y Jujuy, distritos en que la legislaci\u00f3n local proh\u00edbe el autodespacho.<\/p>\n<p>Dicho sistema da la posibilidad de compensar de alg\u00fan modo la \u00faltima suba de combustibles del 2,5%, que responde \u201cal seguimiento permanente que la compa\u00f1\u00eda realiza sobre las principales variables que impactan en los costos de producci\u00f3n, en especial la variaci\u00f3n del precio del crudo\u201d, dicen en la empresa.<\/p>\n<p>De esta manera, los valores actuales son:<\/p>\n<p>S\u00faper: $1.259<br \/>\nPremium: $1.490<br \/>\nGasoil: $1.264<br \/>\nEuro: $1.459<\/p>\n","protected":false},"excerpt":{"rendered":"<p>La nueva modalidad de descuento en horario nocturno se implement\u00f3 hace algunas semanas y la demanda repunt\u00f3 El volumen de ventas de YPF durante la madrugada creci\u00f3 m\u00e1s de un 28% en comparaci\u00f3n al promedio de los \u00faltimos 3 meses, luego de la implementaci\u00f3n del precio diferencial nocturno y la modalidad de autodespacho. Las transacciones [&hellip;]<\/p>\n","protected":false},"author":4,"featured_media":193323,"comment_status":"closed","ping_status":"closed","sticky":false,"template":"","format":"standard","meta":{"_joinchat":[],"footnotes":""},"categories":[25],"tags":[],"class_list":{"0":"post-193322","1":"post","2":"type-post","3":"status-publish","4":"format-standard","5":"has-post-thumbnail","7":"category-destacados"},"yoast_head":"<!-- This site is optimized with the Yoast SEO plugin v27.2 - https:\/\/yoast.com\/product\/yoast-seo-wordpress\/ -->\n<title>Las ventas de YPF crecieron un 28% en la madrugada - Radio Infinita Goya<\/title>\n<meta name=\"description\" content=\"La nueva modalidad de descuento en horario nocturno se implement\u00f3 hace algunas semanas y la demanda repunt\u00f3 El volumen de ventas de YPF durante la\" \/>\n<meta name=\"robots\" content=\"index, follow, max-snippet:-1, max-image-preview:large, max-video-preview:-1\" \/>\n<link rel=\"canonical\" href=\"https:\/\/radioinfinitagoya.com.ar\/v1\/2025\/07\/24\/las-ventas-de-ypf-crecieron-un-28-en-la-madrugada\/\" \/>\n<meta property=\"og:locale\" content=\"es_ES\" \/>\n<meta property=\"og:type\" content=\"article\" \/>\n<meta property=\"og:title\" content=\"Las ventas de YPF crecieron un 28% en la madrugada - Radio Infinita Goya\" \/>\n<meta property=\"og:description\" content=\"La nueva modalidad de descuento en horario nocturno se implement\u00f3 hace algunas semanas y la demanda repunt\u00f3 El volumen de ventas de YPF durante la\" \/>\n<meta property=\"og:url\" content=\"https:\/\/radioinfinitagoya.com.ar\/v1\/2025\/07\/24\/las-ventas-de-ypf-crecieron-un-28-en-la-madrugada\/\" \/>\n<meta property=\"og:site_name\" content=\"Radio Infinita Goya\" \/>\n<meta property=\"article:publisher\" content=\"https:\/\/www.facebook.com\/p\/Infinita-Goya-100063870918311\/\" \/>\n<meta property=\"article:published_time\" content=\"2025-07-24T20:44:10+00:00\" \/>\n<meta property=\"og:image\" content=\"https:\/\/radioinfinitagoya.com.ar\/v1\/wp-content\/uploads\/2025\/07\/GwQO9MjW0AAYLev.jpg\" \/>\n\t<meta property=\"og:image:width\" content=\"680\" \/>\n\t<meta property=\"og:image:height\" content=\"382\" \/>\n\t<meta property=\"og:image:type\" content=\"image\/jpeg\" \/>\n<meta name=\"author\" content=\"Jorge Mi\u00f1o\" \/>\n<meta name=\"twitter:card\" content=\"summary_large_image\" \/>\n<meta name=\"twitter:label1\" content=\"Escrito por\" \/>\n\t<meta name=\"twitter:data1\" content=\"Jorge Mi\u00f1o\" \/>\n\t<meta name=\"twitter:label2\" content=\"Tiempo de lectura\" \/>\n\t<meta name=\"twitter:data2\" content=\"4 minutos\" \/>\n<script type=\"application\/ld+json\" class=\"yoast-schema-graph\">{\"@context\":\"https:\/\/schema.org\",\"@graph\":[{\"@type\":\"Article\",\"@id\":\"https:\/\/radioinfinitagoya.com.ar\/v1\/2025\/07\/24\/las-ventas-de-ypf-crecieron-un-28-en-la-madrugada\/#article\",\"isPartOf\":{\"@id\":\"https:\/\/radioinfinitagoya.com.ar\/v1\/2025\/07\/24\/las-ventas-de-ypf-crecieron-un-28-en-la-madrugada\/\"},\"author\":{\"name\":\"Jorge Mi\u00f1o\",\"@id\":\"https:\/\/radioinfinitagoya.com.ar\/v1\/#\/schema\/person\/d4cf9c413d4f6edb24aabdccab49ca4a\"},\"headline\":\"Las ventas de YPF crecieron un 28% en la madrugada\",\"datePublished\":\"2025-07-24T20:44:10+00:00\",\"mainEntityOfPage\":{\"@id\":\"https:\/\/radioinfinitagoya.com.ar\/v1\/2025\/07\/24\/las-ventas-de-ypf-crecieron-un-28-en-la-madrugada\/\"},\"wordCount\":710,\"publisher\":{\"@id\":\"https:\/\/radioinfinitagoya.com.ar\/v1\/#organization\"},\"image\":{\"@id\":\"https:\/\/radioinfinitagoya.com.ar\/v1\/2025\/07\/24\/las-ventas-de-ypf-crecieron-un-28-en-la-madrugada\/#primaryimage\"},\"thumbnailUrl\":\"https:\/\/radioinfinitagoya.com.ar\/v1\/wp-content\/uploads\/2025\/07\/GwQO9MjW0AAYLev.jpg\",\"articleSection\":[\"DESTACADOS\"],\"inLanguage\":\"es-AR\"},{\"@type\":\"WebPage\",\"@id\":\"https:\/\/radioinfinitagoya.com.ar\/v1\/2025\/07\/24\/las-ventas-de-ypf-crecieron-un-28-en-la-madrugada\/\",\"url\":\"https:\/\/radioinfinitagoya.com.ar\/v1\/2025\/07\/24\/las-ventas-de-ypf-crecieron-un-28-en-la-madrugada\/\",\"name\":\"Las ventas de YPF crecieron un 28% en la madrugada - Radio Infinita Goya\",\"isPartOf\":{\"@id\":\"https:\/\/radioinfinitagoya.com.ar\/v1\/#website\"},\"primaryImageOfPage\":{\"@id\":\"https:\/\/radioinfinitagoya.com.ar\/v1\/2025\/07\/24\/las-ventas-de-ypf-crecieron-un-28-en-la-madrugada\/#primaryimage\"},\"image\":{\"@id\":\"https:\/\/radioinfinitagoya.com.ar\/v1\/2025\/07\/24\/las-ventas-de-ypf-crecieron-un-28-en-la-madrugada\/#primaryimage\"},\"thumbnailUrl\":\"https:\/\/radioinfinitagoya.com.ar\/v1\/wp-content\/uploads\/2025\/07\/GwQO9MjW0AAYLev.jpg\",\"datePublished\":\"2025-07-24T20:44:10+00:00\",\"description\":\"La nueva modalidad de descuento en horario nocturno se implement\u00f3 hace algunas semanas y la demanda repunt\u00f3 El volumen de ventas de YPF durante la\",\"breadcrumb\":{\"@id\":\"https:\/\/radioinfinitagoya.com.ar\/v1\/2025\/07\/24\/las-ventas-de-ypf-crecieron-un-28-en-la-madrugada\/#breadcrumb\"},\"inLanguage\":\"es-AR\",\"potentialAction\":[{\"@type\":\"ReadAction\",\"target\":[\"https:\/\/radioinfinitagoya.com.ar\/v1\/2025\/07\/24\/las-ventas-de-ypf-crecieron-un-28-en-la-madrugada\/\"]}]},{\"@type\":\"ImageObject\",\"inLanguage\":\"es-AR\",\"@id\":\"https:\/\/radioinfinitagoya.com.ar\/v1\/2025\/07\/24\/las-ventas-de-ypf-crecieron-un-28-en-la-madrugada\/#primaryimage\",\"url\":\"https:\/\/radioinfinitagoya.com.ar\/v1\/wp-content\/uploads\/2025\/07\/GwQO9MjW0AAYLev.jpg\",\"contentUrl\":\"https:\/\/radioinfinitagoya.com.ar\/v1\/wp-content\/uploads\/2025\/07\/GwQO9MjW0AAYLev.jpg\",\"width\":680,\"height\":382},{\"@type\":\"BreadcrumbList\",\"@id\":\"https:\/\/radioinfinitagoya.com.ar\/v1\/2025\/07\/24\/las-ventas-de-ypf-crecieron-un-28-en-la-madrugada\/#breadcrumb\",\"itemListElement\":[{\"@type\":\"ListItem\",\"position\":1,\"name\":\"Inicio\",\"item\":\"https:\/\/radioinfinitagoya.com.ar\/v1\/\"},{\"@type\":\"ListItem\",\"position\":2,\"name\":\"Las ventas de YPF crecieron un 28% en la madrugada\"}]},{\"@type\":\"WebSite\",\"@id\":\"https:\/\/radioinfinitagoya.com.ar\/v1\/#website\",\"url\":\"https:\/\/radioinfinitagoya.com.ar\/v1\/\",\"name\":\"radioinfinitagoya.com.ar\",\"description\":\"Radio de noticias\",\"publisher\":{\"@id\":\"https:\/\/radioinfinitagoya.com.ar\/v1\/#organization\"},\"potentialAction\":[{\"@type\":\"SearchAction\",\"target\":{\"@type\":\"EntryPoint\",\"urlTemplate\":\"https:\/\/radioinfinitagoya.com.ar\/v1\/?s={search_term_string}\"},\"query-input\":{\"@type\":\"PropertyValueSpecification\",\"valueRequired\":true,\"valueName\":\"search_term_string\"}}],\"inLanguage\":\"es-AR\"},{\"@type\":\"Organization\",\"@id\":\"https:\/\/radioinfinitagoya.com.ar\/v1\/#organization\",\"name\":\"Radio Infinita Goya\",\"url\":\"https:\/\/radioinfinitagoya.com.ar\/v1\/\",\"logo\":{\"@type\":\"ImageObject\",\"inLanguage\":\"es-AR\",\"@id\":\"https:\/\/radioinfinitagoya.com.ar\/v1\/#\/schema\/logo\/image\/\",\"url\":\"https:\/\/radioinfinitagoya.com.ar\/v1\/wp-content\/uploads\/2019\/11\/logo-pie-web.png\",\"contentUrl\":\"https:\/\/radioinfinitagoya.com.ar\/v1\/wp-content\/uploads\/2019\/11\/logo-pie-web.png\",\"width\":635,\"height\":326,\"caption\":\"Radio Infinita Goya\"},\"image\":{\"@id\":\"https:\/\/radioinfinitagoya.com.ar\/v1\/#\/schema\/logo\/image\/\"},\"sameAs\":[\"https:\/\/www.facebook.com\/p\/Infinita-Goya-100063870918311\/\"]},{\"@type\":\"Person\",\"@id\":\"https:\/\/radioinfinitagoya.com.ar\/v1\/#\/schema\/person\/d4cf9c413d4f6edb24aabdccab49ca4a\",\"name\":\"Jorge Mi\u00f1o\",\"image\":{\"@type\":\"ImageObject\",\"inLanguage\":\"es-AR\",\"@id\":\"https:\/\/secure.gravatar.com\/avatar\/910fcf6728fe95320e07a6643c1581fec1c7fc4bf8ae12e3d8f0d0373dc844be?s=96&d=mm&r=g\",\"url\":\"https:\/\/secure.gravatar.com\/avatar\/910fcf6728fe95320e07a6643c1581fec1c7fc4bf8ae12e3d8f0d0373dc844be?s=96&d=mm&r=g\",\"contentUrl\":\"https:\/\/secure.gravatar.com\/avatar\/910fcf6728fe95320e07a6643c1581fec1c7fc4bf8ae12e3d8f0d0373dc844be?s=96&d=mm&r=g\",\"caption\":\"Jorge Mi\u00f1o\"},\"sameAs\":[\"http:\/\/radioinfinitagoya.com.ar\"]}]}<\/script>\n<!-- \/ Yoast SEO plugin. -->","yoast_head_json":{"title":"Las ventas de YPF crecieron un 28% en la madrugada - Radio Infinita Goya","description":"La nueva modalidad de descuento en horario nocturno se implement\u00f3 hace algunas semanas y la demanda repunt\u00f3 El volumen de ventas de YPF durante la","robots":{"index":"index","follow":"follow","max-snippet":"max-snippet:-1","max-image-preview":"max-image-preview:large","max-video-preview":"max-video-preview:-1"},"canonical":"https:\/\/radioinfinitagoya.com.ar\/v1\/2025\/07\/24\/las-ventas-de-ypf-crecieron-un-28-en-la-madrugada\/","og_locale":"es_ES","og_type":"article","og_title":"Las ventas de YPF crecieron un 28% en la madrugada - Radio Infinita Goya","og_description":"La nueva modalidad de descuento en horario nocturno se implement\u00f3 hace algunas semanas y la demanda repunt\u00f3 El volumen de ventas de YPF durante la","og_url":"https:\/\/radioinfinitagoya.com.ar\/v1\/2025\/07\/24\/las-ventas-de-ypf-crecieron-un-28-en-la-madrugada\/","og_site_name":"Radio Infinita Goya","article_publisher":"https:\/\/www.facebook.com\/p\/Infinita-Goya-100063870918311\/","article_published_time":"2025-07-24T20:44:10+00:00","og_image":[{"width":680,"height":382,"url":"https:\/\/radioinfinitagoya.com.ar\/v1\/wp-content\/uploads\/2025\/07\/GwQO9MjW0AAYLev.jpg","type":"image\/jpeg"}],"author":"Jorge Mi\u00f1o","twitter_card":"summary_large_image","twitter_misc":{"Escrito por":"Jorge Mi\u00f1o","Tiempo de lectura":"4 minutos"},"schema":{"@context":"https:\/\/schema.org","@graph":[{"@type":"Article","@id":"https:\/\/radioinfinitagoya.com.ar\/v1\/2025\/07\/24\/las-ventas-de-ypf-crecieron-un-28-en-la-madrugada\/#article","isPartOf":{"@id":"https:\/\/radioinfinitagoya.com.ar\/v1\/2025\/07\/24\/las-ventas-de-ypf-crecieron-un-28-en-la-madrugada\/"},"author":{"name":"Jorge Mi\u00f1o","@id":"https:\/\/radioinfinitagoya.com.ar\/v1\/#\/schema\/person\/d4cf9c413d4f6edb24aabdccab49ca4a"},"headline":"Las ventas de YPF crecieron un 28% en la madrugada","datePublished":"2025-07-24T20:44:10+00:00","mainEntityOfPage":{"@id":"https:\/\/radioinfinitagoya.com.ar\/v1\/2025\/07\/24\/las-ventas-de-ypf-crecieron-un-28-en-la-madrugada\/"},"wordCount":710,"publisher":{"@id":"https:\/\/radioinfinitagoya.com.ar\/v1\/#organization"},"image":{"@id":"https:\/\/radioinfinitagoya.com.ar\/v1\/2025\/07\/24\/las-ventas-de-ypf-crecieron-un-28-en-la-madrugada\/#primaryimage"},"thumbnailUrl":"https:\/\/radioinfinitagoya.com.ar\/v1\/wp-content\/uploads\/2025\/07\/GwQO9MjW0AAYLev.jpg","articleSection":["DESTACADOS"],"inLanguage":"es-AR"},{"@type":"WebPage","@id":"https:\/\/radioinfinitagoya.com.ar\/v1\/2025\/07\/24\/las-ventas-de-ypf-crecieron-un-28-en-la-madrugada\/","url":"https:\/\/radioinfinitagoya.com.ar\/v1\/2025\/07\/24\/las-ventas-de-ypf-crecieron-un-28-en-la-madrugada\/","name":"Las ventas de YPF crecieron un 28% en la madrugada - Radio Infinita Goya","isPartOf":{"@id":"https:\/\/radioinfinitagoya.com.ar\/v1\/#website"},"primaryImageOfPage":{"@id":"https:\/\/radioinfinitagoya.com.ar\/v1\/2025\/07\/24\/las-ventas-de-ypf-crecieron-un-28-en-la-madrugada\/#primaryimage"},"image":{"@id":"https:\/\/radioinfinitagoya.com.ar\/v1\/2025\/07\/24\/las-ventas-de-ypf-crecieron-un-28-en-la-madrugada\/#primaryimage"},"thumbnailUrl":"https:\/\/radioinfinitagoya.com.ar\/v1\/wp-content\/uploads\/2025\/07\/GwQO9MjW0AAYLev.jpg","datePublished":"2025-07-24T20:44:10+00:00","description":"La nueva modalidad de descuento en horario nocturno se implement\u00f3 hace algunas semanas y la demanda repunt\u00f3 El volumen de ventas de YPF durante la","breadcrumb":{"@id":"https:\/\/radioinfinitagoya.com.ar\/v1\/2025\/07\/24\/las-ventas-de-ypf-crecieron-un-28-en-la-madrugada\/#breadcrumb"},"inLanguage":"es-AR","potentialAction":[{"@type":"ReadAction","target":["https:\/\/radioinfinitagoya.com.ar\/v1\/2025\/07\/24\/las-ventas-de-ypf-crecieron-un-28-en-la-madrugada\/"]}]},{"@type":"ImageObject","inLanguage":"es-AR","@id":"https:\/\/radioinfinitagoya.com.ar\/v1\/2025\/07\/24\/las-ventas-de-ypf-crecieron-un-28-en-la-madrugada\/#primaryimage","url":"https:\/\/radioinfinitagoya.com.ar\/v1\/wp-content\/uploads\/2025\/07\/GwQO9MjW0AAYLev.jpg","contentUrl":"https:\/\/radioinfinitagoya.com.ar\/v1\/wp-content\/uploads\/2025\/07\/GwQO9MjW0AAYLev.jpg","width":680,"height":382},{"@type":"BreadcrumbList","@id":"https:\/\/radioinfinitagoya.com.ar\/v1\/2025\/07\/24\/las-ventas-de-ypf-crecieron-un-28-en-la-madrugada\/#breadcrumb","itemListElement":[{"@type":"ListItem","position":1,"name":"Inicio","item":"https:\/\/radioinfinitagoya.com.ar\/v1\/"},{"@type":"ListItem","position":2,"name":"Las ventas de YPF crecieron un 28% en la madrugada"}]},{"@type":"WebSite","@id":"https:\/\/radioinfinitagoya.com.ar\/v1\/#website","url":"https:\/\/radioinfinitagoya.com.ar\/v1\/","name":"radioinfinitagoya.com.ar","description":"Radio de noticias","publisher":{"@id":"https:\/\/radioinfinitagoya.com.ar\/v1\/#organization"},"potentialAction":[{"@type":"SearchAction","target":{"@type":"EntryPoint","urlTemplate":"https:\/\/radioinfinitagoya.com.ar\/v1\/?s={search_term_string}"},"query-input":{"@type":"PropertyValueSpecification","valueRequired":true,"valueName":"search_term_string"}}],"inLanguage":"es-AR"},{"@type":"Organization","@id":"https:\/\/radioinfinitagoya.com.ar\/v1\/#organization","name":"Radio Infinita Goya","url":"https:\/\/radioinfinitagoya.com.ar\/v1\/","logo":{"@type":"ImageObject","inLanguage":"es-AR","@id":"https:\/\/radioinfinitagoya.com.ar\/v1\/#\/schema\/logo\/image\/","url":"https:\/\/radioinfinitagoya.com.ar\/v1\/wp-content\/uploads\/2019\/11\/logo-pie-web.png","contentUrl":"https:\/\/radioinfinitagoya.com.ar\/v1\/wp-content\/uploads\/2019\/11\/logo-pie-web.png","width":635,"height":326,"caption":"Radio Infinita Goya"},"image":{"@id":"https:\/\/radioinfinitagoya.com.ar\/v1\/#\/schema\/logo\/image\/"},"sameAs":["https:\/\/www.facebook.com\/p\/Infinita-Goya-100063870918311\/"]},{"@type":"Person","@id":"https:\/\/radioinfinitagoya.com.ar\/v1\/#\/schema\/person\/d4cf9c413d4f6edb24aabdccab49ca4a","name":"Jorge Mi\u00f1o","image":{"@type":"ImageObject","inLanguage":"es-AR","@id":"https:\/\/secure.gravatar.com\/avatar\/910fcf6728fe95320e07a6643c1581fec1c7fc4bf8ae12e3d8f0d0373dc844be?s=96&d=mm&r=g","url":"https:\/\/secure.gravatar.com\/avatar\/910fcf6728fe95320e07a6643c1581fec1c7fc4bf8ae12e3d8f0d0373dc844be?s=96&d=mm&r=g","contentUrl":"https:\/\/secure.gravatar.com\/avatar\/910fcf6728fe95320e07a6643c1581fec1c7fc4bf8ae12e3d8f0d0373dc844be?s=96&d=mm&r=g","caption":"Jorge Mi\u00f1o"},"sameAs":["http:\/\/radioinfinitagoya.com.ar"]}]}},"_links":{"self":[{"href":"https:\/\/radioinfinitagoya.com.ar\/v1\/wp-json\/wp\/v2\/posts\/193322","targetHints":{"allow":["GET"]}}],"collection":[{"href":"https:\/\/radioinfinitagoya.com.ar\/v1\/wp-json\/wp\/v2\/posts"}],"about":[{"href":"https:\/\/radioinfinitagoya.com.ar\/v1\/wp-json\/wp\/v2\/types\/post"}],"author":[{"embeddable":true,"href":"https:\/\/radioinfinitagoya.com.ar\/v1\/wp-json\/wp\/v2\/users\/4"}],"replies":[{"embeddable":true,"href":"https:\/\/radioinfinitagoya.com.ar\/v1\/wp-json\/wp\/v2\/comments?post=193322"}],"version-history":[{"count":0,"href":"https:\/\/radioinfinitagoya.com.ar\/v1\/wp-json\/wp\/v2\/posts\/193322\/revisions"}],"wp:featuredmedia":[{"embeddable":true,"href":"https:\/\/radioinfinitagoya.com.ar\/v1\/wp-json\/wp\/v2\/media\/193323"}],"wp:attachment":[{"href":"https:\/\/radioinfinitagoya.com.ar\/v1\/wp-json\/wp\/v2\/media?parent=193322"}],"wp:term":[{"taxonomy":"category","embeddable":true,"href":"https:\/\/radioinfinitagoya.com.ar\/v1\/wp-json\/wp\/v2\/categories?post=193322"},{"taxonomy":"post_tag","embeddable":true,"href":"https:\/\/radioinfinitagoya.com.ar\/v1\/wp-json\/wp\/v2\/tags?post=193322"}],"curies":[{"name":"wp","href":"https:\/\/api.w.org\/{rel}","templated":true}]}}