{"id":193325,"date":"2025-07-25T15:58:46","date_gmt":"2025-07-25T18:58:46","guid":{"rendered":"https:\/\/radioinfinitagoya.com.ar\/v1\/?p=193325"},"modified":"2025-07-25T15:58:46","modified_gmt":"2025-07-25T18:58:46","slug":"fue-a-cargar-combustible-no-pago-amenazo-con-un-arma-y-termino-detenido","status":"publish","type":"post","link":"https:\/\/radioinfinitagoya.com.ar\/v1\/2025\/07\/25\/fue-a-cargar-combustible-no-pago-amenazo-con-un-arma-y-termino-detenido\/","title":{"rendered":"Fue a cargar combustible, no pag\u00f3, amenaz\u00f3 con un arma y termin\u00f3 detenido"},"content":{"rendered":"<p>El hecho ocurri\u00f3 en una estaci\u00f3n de servicio de la ciudad capital. Tras un exitoso allanamiento, la Polic\u00eda demor\u00f3 al autor del delito.<\/p>\n<p>La Polic\u00eda de Corrientes inform\u00f3 que el jueves demor\u00f3 a un hombre acusado de amenazar con un arma a un playero en una estaci\u00f3n de servicio, tras negarse a pagar la carga de combustible. El hecho ocurri\u00f3 durante la madrugada del lunes, en una estaci\u00f3n ubicada en la intersecci\u00f3n de las calles Independencia y R\u00edo Juramento.<\/p>\n<p>En las c\u00e1maras de seguridad del lugar, se puede visualizar el rodado del autor del delito. Se trataba de una camioneta utilitaria gris con vidrios polarizados que se encontraba estacionado mientras cargaba el combustible.<\/p>\n<p>El trabajador de la estaci\u00f3n denunci\u00f3 la situaci\u00f3n luego de que el supuesto cliente, se retirara del lugar sin abonar. Seg\u00fan su testimonio, se trataba de un sujeto mayor de edad que lleg\u00f3 a la estaci\u00f3n a bordo de un veh\u00edculo marca Peugeot Partner, carg\u00f3 combustible y, al no poder abonar el consumo, habr\u00eda sacado un arma de fuego y lo apunt\u00f3 para luego darse a la fuga sin pagar.<\/p>\n<p>A partir de las filmaciones aportadas por la estaci\u00f3n de servicio y, tras un an\u00e1lisis realizado por la Divisi\u00f3n de An\u00e1lisis Criminal del sistema de emergencias 911, los investigadores lograron identificar al autor del hecho.<\/p>\n<p>Con los datos recabados, se solicit\u00f3 una orden judicial para allanar el domicilio del sospechoso. En la ma\u00f1ana de este jueves, efectivos de la comisar\u00eda 16\u00aa realizaron un operativo en el barrio Lomas, calle &#8220;Pablo VI y Ruta Provincial N.\u00ba 5&#8221; de la ciudad capital.<\/p>\n<p>Durante el operativo, se secuestr\u00f3 la camioneta utilizada durante el delito, adem\u00e1s de la ropa que habr\u00eda sido usada por el sospechoso. Se trataba de un hombre identificado con el apellido &#8220;Rossi&#8221;, quien fue demorado y trasladado a la comisar\u00eda jurisdiccional, donde se llevan adelante las diligencias correspondientes para el esclarecimiento del caso<\/p>\n","protected":false},"excerpt":{"rendered":"<p>El hecho ocurri\u00f3 en una estaci\u00f3n de servicio de la ciudad capital. Tras un exitoso allanamiento, la Polic\u00eda demor\u00f3 al autor del delito. La Polic\u00eda de Corrientes inform\u00f3 que el jueves demor\u00f3 a un hombre acusado de amenazar con un arma a un playero en una estaci\u00f3n de servicio, tras negarse a pagar la carga [&hellip;]<\/p>\n","protected":false},"author":4,"featured_media":193326,"comment_status":"closed","ping_status":"closed","sticky":false,"template":"","format":"standard","meta":{"_joinchat":[],"footnotes":""},"categories":[26],"tags":[],"class_list":{"0":"post-193325","1":"post","2":"type-post","3":"status-publish","4":"format-standard","5":"has-post-thumbnail","7":"category-provinciales"},"yoast_head":"<!-- This site is optimized with the Yoast SEO plugin v27.2 - https:\/\/yoast.com\/product\/yoast-seo-wordpress\/ -->\n<title>Fue a cargar combustible, no pag\u00f3, amenaz\u00f3 con un arma y termin\u00f3 detenido - Radio Infinita Goya<\/title>\n<meta name=\"description\" content=\"El hecho ocurri\u00f3 en una estaci\u00f3n de servicio de la ciudad capital. Tras un exitoso allanamiento, la Polic\u00eda demor\u00f3 al autor del delito. La Polic\u00eda de\" \/>\n<meta name=\"robots\" content=\"index, follow, max-snippet:-1, max-image-preview:large, max-video-preview:-1\" \/>\n<link rel=\"canonical\" href=\"https:\/\/radioinfinitagoya.com.ar\/v1\/2025\/07\/25\/fue-a-cargar-combustible-no-pago-amenazo-con-un-arma-y-termino-detenido\/\" \/>\n<meta property=\"og:locale\" content=\"es_ES\" \/>\n<meta property=\"og:type\" content=\"article\" \/>\n<meta property=\"og:title\" content=\"Fue a cargar combustible, no pag\u00f3, amenaz\u00f3 con un arma y termin\u00f3 detenido - Radio Infinita Goya\" \/>\n<meta property=\"og:description\" content=\"El hecho ocurri\u00f3 en una estaci\u00f3n de servicio de la ciudad capital. Tras un exitoso allanamiento, la Polic\u00eda demor\u00f3 al autor del delito. La Polic\u00eda de\" \/>\n<meta property=\"og:url\" content=\"https:\/\/radioinfinitagoya.com.ar\/v1\/2025\/07\/25\/fue-a-cargar-combustible-no-pago-amenazo-con-un-arma-y-termino-detenido\/\" \/>\n<meta property=\"og:site_name\" content=\"Radio Infinita Goya\" \/>\n<meta property=\"article:publisher\" content=\"https:\/\/www.facebook.com\/p\/Infinita-Goya-100063870918311\/\" \/>\n<meta property=\"article:published_time\" content=\"2025-07-25T18:58:46+00:00\" \/>\n<meta property=\"og:image\" content=\"https:\/\/radioinfinitagoya.com.ar\/v1\/wp-content\/uploads\/2025\/07\/1753447694342.webp\" \/>\n\t<meta property=\"og:image:width\" content=\"1200\" \/>\n\t<meta property=\"og:image:height\" content=\"675\" \/>\n\t<meta property=\"og:image:type\" content=\"image\/webp\" \/>\n<meta name=\"author\" content=\"Jorge Mi\u00f1o\" \/>\n<meta name=\"twitter:card\" content=\"summary_large_image\" \/>\n<meta name=\"twitter:label1\" content=\"Escrito por\" \/>\n\t<meta name=\"twitter:data1\" content=\"Jorge Mi\u00f1o\" \/>\n\t<meta name=\"twitter:label2\" content=\"Tiempo de lectura\" \/>\n\t<meta name=\"twitter:data2\" content=\"2 minutos\" \/>\n<script type=\"application\/ld+json\" class=\"yoast-schema-graph\">{\"@context\":\"https:\/\/schema.org\",\"@graph\":[{\"@type\":\"Article\",\"@id\":\"https:\/\/radioinfinitagoya.com.ar\/v1\/2025\/07\/25\/fue-a-cargar-combustible-no-pago-amenazo-con-un-arma-y-termino-detenido\/#article\",\"isPartOf\":{\"@id\":\"https:\/\/radioinfinitagoya.com.ar\/v1\/2025\/07\/25\/fue-a-cargar-combustible-no-pago-amenazo-con-un-arma-y-termino-detenido\/\"},\"author\":{\"name\":\"Jorge Mi\u00f1o\",\"@id\":\"https:\/\/radioinfinitagoya.com.ar\/v1\/#\/schema\/person\/d4cf9c413d4f6edb24aabdccab49ca4a\"},\"headline\":\"Fue a cargar combustible, no pag\u00f3, amenaz\u00f3 con un arma y termin\u00f3 detenido\",\"datePublished\":\"2025-07-25T18:58:46+00:00\",\"mainEntityOfPage\":{\"@id\":\"https:\/\/radioinfinitagoya.com.ar\/v1\/2025\/07\/25\/fue-a-cargar-combustible-no-pago-amenazo-con-un-arma-y-termino-detenido\/\"},\"wordCount\":349,\"publisher\":{\"@id\":\"https:\/\/radioinfinitagoya.com.ar\/v1\/#organization\"},\"image\":{\"@id\":\"https:\/\/radioinfinitagoya.com.ar\/v1\/2025\/07\/25\/fue-a-cargar-combustible-no-pago-amenazo-con-un-arma-y-termino-detenido\/#primaryimage\"},\"thumbnailUrl\":\"https:\/\/radioinfinitagoya.com.ar\/v1\/wp-content\/uploads\/2025\/07\/1753447694342.webp\",\"articleSection\":[\"PROVINCIALES\"],\"inLanguage\":\"es-AR\"},{\"@type\":\"WebPage\",\"@id\":\"https:\/\/radioinfinitagoya.com.ar\/v1\/2025\/07\/25\/fue-a-cargar-combustible-no-pago-amenazo-con-un-arma-y-termino-detenido\/\",\"url\":\"https:\/\/radioinfinitagoya.com.ar\/v1\/2025\/07\/25\/fue-a-cargar-combustible-no-pago-amenazo-con-un-arma-y-termino-detenido\/\",\"name\":\"Fue a cargar combustible, no pag\u00f3, amenaz\u00f3 con un arma y termin\u00f3 detenido - Radio Infinita Goya\",\"isPartOf\":{\"@id\":\"https:\/\/radioinfinitagoya.com.ar\/v1\/#website\"},\"primaryImageOfPage\":{\"@id\":\"https:\/\/radioinfinitagoya.com.ar\/v1\/2025\/07\/25\/fue-a-cargar-combustible-no-pago-amenazo-con-un-arma-y-termino-detenido\/#primaryimage\"},\"image\":{\"@id\":\"https:\/\/radioinfinitagoya.com.ar\/v1\/2025\/07\/25\/fue-a-cargar-combustible-no-pago-amenazo-con-un-arma-y-termino-detenido\/#primaryimage\"},\"thumbnailUrl\":\"https:\/\/radioinfinitagoya.com.ar\/v1\/wp-content\/uploads\/2025\/07\/1753447694342.webp\",\"datePublished\":\"2025-07-25T18:58:46+00:00\",\"description\":\"El hecho ocurri\u00f3 en una estaci\u00f3n de servicio de la ciudad capital. Tras un exitoso allanamiento, la Polic\u00eda demor\u00f3 al autor del delito. La Polic\u00eda de\",\"breadcrumb\":{\"@id\":\"https:\/\/radioinfinitagoya.com.ar\/v1\/2025\/07\/25\/fue-a-cargar-combustible-no-pago-amenazo-con-un-arma-y-termino-detenido\/#breadcrumb\"},\"inLanguage\":\"es-AR\",\"potentialAction\":[{\"@type\":\"ReadAction\",\"target\":[\"https:\/\/radioinfinitagoya.com.ar\/v1\/2025\/07\/25\/fue-a-cargar-combustible-no-pago-amenazo-con-un-arma-y-termino-detenido\/\"]}]},{\"@type\":\"ImageObject\",\"inLanguage\":\"es-AR\",\"@id\":\"https:\/\/radioinfinitagoya.com.ar\/v1\/2025\/07\/25\/fue-a-cargar-combustible-no-pago-amenazo-con-un-arma-y-termino-detenido\/#primaryimage\",\"url\":\"https:\/\/radioinfinitagoya.com.ar\/v1\/wp-content\/uploads\/2025\/07\/1753447694342.webp\",\"contentUrl\":\"https:\/\/radioinfinitagoya.com.ar\/v1\/wp-content\/uploads\/2025\/07\/1753447694342.webp\",\"width\":1200,\"height\":675},{\"@type\":\"BreadcrumbList\",\"@id\":\"https:\/\/radioinfinitagoya.com.ar\/v1\/2025\/07\/25\/fue-a-cargar-combustible-no-pago-amenazo-con-un-arma-y-termino-detenido\/#breadcrumb\",\"itemListElement\":[{\"@type\":\"ListItem\",\"position\":1,\"name\":\"Inicio\",\"item\":\"https:\/\/radioinfinitagoya.com.ar\/v1\/\"},{\"@type\":\"ListItem\",\"position\":2,\"name\":\"Fue a cargar combustible, no pag\u00f3, amenaz\u00f3 con un arma y termin\u00f3 detenido\"}]},{\"@type\":\"WebSite\",\"@id\":\"https:\/\/radioinfinitagoya.com.ar\/v1\/#website\",\"url\":\"https:\/\/radioinfinitagoya.com.ar\/v1\/\",\"name\":\"radioinfinitagoya.com.ar\",\"description\":\"Radio de noticias\",\"publisher\":{\"@id\":\"https:\/\/radioinfinitagoya.com.ar\/v1\/#organization\"},\"potentialAction\":[{\"@type\":\"SearchAction\",\"target\":{\"@type\":\"EntryPoint\",\"urlTemplate\":\"https:\/\/radioinfinitagoya.com.ar\/v1\/?s={search_term_string}\"},\"query-input\":{\"@type\":\"PropertyValueSpecification\",\"valueRequired\":true,\"valueName\":\"search_term_string\"}}],\"inLanguage\":\"es-AR\"},{\"@type\":\"Organization\",\"@id\":\"https:\/\/radioinfinitagoya.com.ar\/v1\/#organization\",\"name\":\"Radio Infinita Goya\",\"url\":\"https:\/\/radioinfinitagoya.com.ar\/v1\/\",\"logo\":{\"@type\":\"ImageObject\",\"inLanguage\":\"es-AR\",\"@id\":\"https:\/\/radioinfinitagoya.com.ar\/v1\/#\/schema\/logo\/image\/\",\"url\":\"https:\/\/radioinfinitagoya.com.ar\/v1\/wp-content\/uploads\/2019\/11\/logo-pie-web.png\",\"contentUrl\":\"https:\/\/radioinfinitagoya.com.ar\/v1\/wp-content\/uploads\/2019\/11\/logo-pie-web.png\",\"width\":635,\"height\":326,\"caption\":\"Radio Infinita Goya\"},\"image\":{\"@id\":\"https:\/\/radioinfinitagoya.com.ar\/v1\/#\/schema\/logo\/image\/\"},\"sameAs\":[\"https:\/\/www.facebook.com\/p\/Infinita-Goya-100063870918311\/\"]},{\"@type\":\"Person\",\"@id\":\"https:\/\/radioinfinitagoya.com.ar\/v1\/#\/schema\/person\/d4cf9c413d4f6edb24aabdccab49ca4a\",\"name\":\"Jorge Mi\u00f1o\",\"image\":{\"@type\":\"ImageObject\",\"inLanguage\":\"es-AR\",\"@id\":\"https:\/\/secure.gravatar.com\/avatar\/910fcf6728fe95320e07a6643c1581fec1c7fc4bf8ae12e3d8f0d0373dc844be?s=96&d=mm&r=g\",\"url\":\"https:\/\/secure.gravatar.com\/avatar\/910fcf6728fe95320e07a6643c1581fec1c7fc4bf8ae12e3d8f0d0373dc844be?s=96&d=mm&r=g\",\"contentUrl\":\"https:\/\/secure.gravatar.com\/avatar\/910fcf6728fe95320e07a6643c1581fec1c7fc4bf8ae12e3d8f0d0373dc844be?s=96&d=mm&r=g\",\"caption\":\"Jorge Mi\u00f1o\"},\"sameAs\":[\"http:\/\/radioinfinitagoya.com.ar\"]}]}<\/script>\n<!-- \/ Yoast SEO plugin. -->","yoast_head_json":{"title":"Fue a cargar combustible, no pag\u00f3, amenaz\u00f3 con un arma y termin\u00f3 detenido - Radio Infinita Goya","description":"El hecho ocurri\u00f3 en una estaci\u00f3n de servicio de la ciudad capital. Tras un exitoso allanamiento, la Polic\u00eda demor\u00f3 al autor del delito. La Polic\u00eda de","robots":{"index":"index","follow":"follow","max-snippet":"max-snippet:-1","max-image-preview":"max-image-preview:large","max-video-preview":"max-video-preview:-1"},"canonical":"https:\/\/radioinfinitagoya.com.ar\/v1\/2025\/07\/25\/fue-a-cargar-combustible-no-pago-amenazo-con-un-arma-y-termino-detenido\/","og_locale":"es_ES","og_type":"article","og_title":"Fue a cargar combustible, no pag\u00f3, amenaz\u00f3 con un arma y termin\u00f3 detenido - Radio Infinita Goya","og_description":"El hecho ocurri\u00f3 en una estaci\u00f3n de servicio de la ciudad capital. Tras un exitoso allanamiento, la Polic\u00eda demor\u00f3 al autor del delito. La Polic\u00eda de","og_url":"https:\/\/radioinfinitagoya.com.ar\/v1\/2025\/07\/25\/fue-a-cargar-combustible-no-pago-amenazo-con-un-arma-y-termino-detenido\/","og_site_name":"Radio Infinita Goya","article_publisher":"https:\/\/www.facebook.com\/p\/Infinita-Goya-100063870918311\/","article_published_time":"2025-07-25T18:58:46+00:00","og_image":[{"width":1200,"height":675,"url":"https:\/\/radioinfinitagoya.com.ar\/v1\/wp-content\/uploads\/2025\/07\/1753447694342.webp","type":"image\/webp"}],"author":"Jorge Mi\u00f1o","twitter_card":"summary_large_image","twitter_misc":{"Escrito por":"Jorge Mi\u00f1o","Tiempo de lectura":"2 minutos"},"schema":{"@context":"https:\/\/schema.org","@graph":[{"@type":"Article","@id":"https:\/\/radioinfinitagoya.com.ar\/v1\/2025\/07\/25\/fue-a-cargar-combustible-no-pago-amenazo-con-un-arma-y-termino-detenido\/#article","isPartOf":{"@id":"https:\/\/radioinfinitagoya.com.ar\/v1\/2025\/07\/25\/fue-a-cargar-combustible-no-pago-amenazo-con-un-arma-y-termino-detenido\/"},"author":{"name":"Jorge Mi\u00f1o","@id":"https:\/\/radioinfinitagoya.com.ar\/v1\/#\/schema\/person\/d4cf9c413d4f6edb24aabdccab49ca4a"},"headline":"Fue a cargar combustible, no pag\u00f3, amenaz\u00f3 con un arma y termin\u00f3 detenido","datePublished":"2025-07-25T18:58:46+00:00","mainEntityOfPage":{"@id":"https:\/\/radioinfinitagoya.com.ar\/v1\/2025\/07\/25\/fue-a-cargar-combustible-no-pago-amenazo-con-un-arma-y-termino-detenido\/"},"wordCount":349,"publisher":{"@id":"https:\/\/radioinfinitagoya.com.ar\/v1\/#organization"},"image":{"@id":"https:\/\/radioinfinitagoya.com.ar\/v1\/2025\/07\/25\/fue-a-cargar-combustible-no-pago-amenazo-con-un-arma-y-termino-detenido\/#primaryimage"},"thumbnailUrl":"https:\/\/radioinfinitagoya.com.ar\/v1\/wp-content\/uploads\/2025\/07\/1753447694342.webp","articleSection":["PROVINCIALES"],"inLanguage":"es-AR"},{"@type":"WebPage","@id":"https:\/\/radioinfinitagoya.com.ar\/v1\/2025\/07\/25\/fue-a-cargar-combustible-no-pago-amenazo-con-un-arma-y-termino-detenido\/","url":"https:\/\/radioinfinitagoya.com.ar\/v1\/2025\/07\/25\/fue-a-cargar-combustible-no-pago-amenazo-con-un-arma-y-termino-detenido\/","name":"Fue a cargar combustible, no pag\u00f3, amenaz\u00f3 con un arma y termin\u00f3 detenido - Radio Infinita Goya","isPartOf":{"@id":"https:\/\/radioinfinitagoya.com.ar\/v1\/#website"},"primaryImageOfPage":{"@id":"https:\/\/radioinfinitagoya.com.ar\/v1\/2025\/07\/25\/fue-a-cargar-combustible-no-pago-amenazo-con-un-arma-y-termino-detenido\/#primaryimage"},"image":{"@id":"https:\/\/radioinfinitagoya.com.ar\/v1\/2025\/07\/25\/fue-a-cargar-combustible-no-pago-amenazo-con-un-arma-y-termino-detenido\/#primaryimage"},"thumbnailUrl":"https:\/\/radioinfinitagoya.com.ar\/v1\/wp-content\/uploads\/2025\/07\/1753447694342.webp","datePublished":"2025-07-25T18:58:46+00:00","description":"El hecho ocurri\u00f3 en una estaci\u00f3n de servicio de la ciudad capital. Tras un exitoso allanamiento, la Polic\u00eda demor\u00f3 al autor del delito. La Polic\u00eda de","breadcrumb":{"@id":"https:\/\/radioinfinitagoya.com.ar\/v1\/2025\/07\/25\/fue-a-cargar-combustible-no-pago-amenazo-con-un-arma-y-termino-detenido\/#breadcrumb"},"inLanguage":"es-AR","potentialAction":[{"@type":"ReadAction","target":["https:\/\/radioinfinitagoya.com.ar\/v1\/2025\/07\/25\/fue-a-cargar-combustible-no-pago-amenazo-con-un-arma-y-termino-detenido\/"]}]},{"@type":"ImageObject","inLanguage":"es-AR","@id":"https:\/\/radioinfinitagoya.com.ar\/v1\/2025\/07\/25\/fue-a-cargar-combustible-no-pago-amenazo-con-un-arma-y-termino-detenido\/#primaryimage","url":"https:\/\/radioinfinitagoya.com.ar\/v1\/wp-content\/uploads\/2025\/07\/1753447694342.webp","contentUrl":"https:\/\/radioinfinitagoya.com.ar\/v1\/wp-content\/uploads\/2025\/07\/1753447694342.webp","width":1200,"height":675},{"@type":"BreadcrumbList","@id":"https:\/\/radioinfinitagoya.com.ar\/v1\/2025\/07\/25\/fue-a-cargar-combustible-no-pago-amenazo-con-un-arma-y-termino-detenido\/#breadcrumb","itemListElement":[{"@type":"ListItem","position":1,"name":"Inicio","item":"https:\/\/radioinfinitagoya.com.ar\/v1\/"},{"@type":"ListItem","position":2,"name":"Fue a cargar combustible, no pag\u00f3, amenaz\u00f3 con un arma y termin\u00f3 detenido"}]},{"@type":"WebSite","@id":"https:\/\/radioinfinitagoya.com.ar\/v1\/#website","url":"https:\/\/radioinfinitagoya.com.ar\/v1\/","name":"radioinfinitagoya.com.ar","description":"Radio de noticias","publisher":{"@id":"https:\/\/radioinfinitagoya.com.ar\/v1\/#organization"},"potentialAction":[{"@type":"SearchAction","target":{"@type":"EntryPoint","urlTemplate":"https:\/\/radioinfinitagoya.com.ar\/v1\/?s={search_term_string}"},"query-input":{"@type":"PropertyValueSpecification","valueRequired":true,"valueName":"search_term_string"}}],"inLanguage":"es-AR"},{"@type":"Organization","@id":"https:\/\/radioinfinitagoya.com.ar\/v1\/#organization","name":"Radio Infinita Goya","url":"https:\/\/radioinfinitagoya.com.ar\/v1\/","logo":{"@type":"ImageObject","inLanguage":"es-AR","@id":"https:\/\/radioinfinitagoya.com.ar\/v1\/#\/schema\/logo\/image\/","url":"https:\/\/radioinfinitagoya.com.ar\/v1\/wp-content\/uploads\/2019\/11\/logo-pie-web.png","contentUrl":"https:\/\/radioinfinitagoya.com.ar\/v1\/wp-content\/uploads\/2019\/11\/logo-pie-web.png","width":635,"height":326,"caption":"Radio Infinita Goya"},"image":{"@id":"https:\/\/radioinfinitagoya.com.ar\/v1\/#\/schema\/logo\/image\/"},"sameAs":["https:\/\/www.facebook.com\/p\/Infinita-Goya-100063870918311\/"]},{"@type":"Person","@id":"https:\/\/radioinfinitagoya.com.ar\/v1\/#\/schema\/person\/d4cf9c413d4f6edb24aabdccab49ca4a","name":"Jorge Mi\u00f1o","image":{"@type":"ImageObject","inLanguage":"es-AR","@id":"https:\/\/secure.gravatar.com\/avatar\/910fcf6728fe95320e07a6643c1581fec1c7fc4bf8ae12e3d8f0d0373dc844be?s=96&d=mm&r=g","url":"https:\/\/secure.gravatar.com\/avatar\/910fcf6728fe95320e07a6643c1581fec1c7fc4bf8ae12e3d8f0d0373dc844be?s=96&d=mm&r=g","contentUrl":"https:\/\/secure.gravatar.com\/avatar\/910fcf6728fe95320e07a6643c1581fec1c7fc4bf8ae12e3d8f0d0373dc844be?s=96&d=mm&r=g","caption":"Jorge Mi\u00f1o"},"sameAs":["http:\/\/radioinfinitagoya.com.ar"]}]}},"_links":{"self":[{"href":"https:\/\/radioinfinitagoya.com.ar\/v1\/wp-json\/wp\/v2\/posts\/193325","targetHints":{"allow":["GET"]}}],"collection":[{"href":"https:\/\/radioinfinitagoya.com.ar\/v1\/wp-json\/wp\/v2\/posts"}],"about":[{"href":"https:\/\/radioinfinitagoya.com.ar\/v1\/wp-json\/wp\/v2\/types\/post"}],"author":[{"embeddable":true,"href":"https:\/\/radioinfinitagoya.com.ar\/v1\/wp-json\/wp\/v2\/users\/4"}],"replies":[{"embeddable":true,"href":"https:\/\/radioinfinitagoya.com.ar\/v1\/wp-json\/wp\/v2\/comments?post=193325"}],"version-history":[{"count":0,"href":"https:\/\/radioinfinitagoya.com.ar\/v1\/wp-json\/wp\/v2\/posts\/193325\/revisions"}],"wp:featuredmedia":[{"embeddable":true,"href":"https:\/\/radioinfinitagoya.com.ar\/v1\/wp-json\/wp\/v2\/media\/193326"}],"wp:attachment":[{"href":"https:\/\/radioinfinitagoya.com.ar\/v1\/wp-json\/wp\/v2\/media?parent=193325"}],"wp:term":[{"taxonomy":"category","embeddable":true,"href":"https:\/\/radioinfinitagoya.com.ar\/v1\/wp-json\/wp\/v2\/categories?post=193325"},{"taxonomy":"post_tag","embeddable":true,"href":"https:\/\/radioinfinitagoya.com.ar\/v1\/wp-json\/wp\/v2\/tags?post=193325"}],"curies":[{"name":"wp","href":"https:\/\/api.w.org\/{rel}","templated":true}]}}