{"id":193328,"date":"2025-07-25T16:03:00","date_gmt":"2025-07-25T19:03:00","guid":{"rendered":"https:\/\/radioinfinitagoya.com.ar\/v1\/?p=193328"},"modified":"2025-07-25T16:03:00","modified_gmt":"2025-07-25T19:03:00","slug":"corrientes-tendra-su-festival-de-cerveza-artesanal","status":"publish","type":"post","link":"https:\/\/radioinfinitagoya.com.ar\/v1\/2025\/07\/25\/corrientes-tendra-su-festival-de-cerveza-artesanal\/","title":{"rendered":"Corrientes tendr\u00e1 su Festival de Cerveza Artesanal"},"content":{"rendered":"<p>Para cerrar las vacaciones de invierno<\/p>\n<p>La Municipalidad diagram\u00f3 una variadad de actividades para todo el fin de semana.<\/p>\n<p>En esta segunda semana de vacaciones de invierno, la Municipalidad de Corrientes presenta una nutrida agenda de propuestas totalmente gratuitas para que vecinos y visitantes disfruten de la ciudad. El plato fuerte ser\u00e1 el Festival de Invierno de Cerveza Artesanal en el Paseo Arazaty, complementado por las ya tradicionales ferias, recorridos guiados y pe\u00f1as.<\/p>\n<p>Festival de Invierno de Cerveza Artesanal y Ferias<\/p>\n<p>El Festival de Invierno &#8220;Cerveza Artesanal&#8221; se llevar\u00e1 a cabo durante dos d\u00edas clave: el viernes 25 y s\u00e1bado 26 de julio en el Paseo Arazaty. Desde las 19, los asistentes podr\u00e1n disfrutar de stands de cervezas artesanales, barras de tragos, un variado patio gastron\u00f3mico y m\u00fasica en vivo. El viernes, la atm\u00f3sfera estar\u00e1 a cargo de Dj Walter Albornoz, Dj Mat\u00edas N\u00fa\u00f1ez y la presentaci\u00f3n de Mauri y el Arranke. El s\u00e1bado, la propuesta musical contar\u00e1 con Luz Vigo Dj, Dj Joel Acosta y la actuaci\u00f3n de la banda KalaKawas.<\/p>\n<p>Por otro lado, la Feria de Artesanos tambi\u00e9n tendr\u00e1 su espacio. Este viernes, de 9 a 22, se ubicar\u00e1 en la plaza Cabral, ofreciendo una amplia variedad de creaciones \u00fanicas y productos locales. El s\u00e1bado y domingo, en el mismo horario, la feria se trasladar\u00e1 a Costanera Sur y Las Heras, brindando una excelente oportunidad para pasear junto al r\u00edo y adquirir productos en cuero, madera, tejido, dulces regionales, comidas t\u00edpicas y floricultura.<\/p>\n<p>Propuestas culturales, de prevenci\u00f3n y tur\u00edsticas<\/p>\n<p>El s\u00e1bado 26 de julio tambi\u00e9n habr\u00e1 opciones diversas. De 14 a 18, el Complejo Filadelfia (Av. Santa Catalina y Gregorio Laferrere) ser\u00e1 sede de una jornada de prevenci\u00f3n de consumos problem\u00e1ticos. En simult\u00e1neo, de 15 a 20, el Colegio Nacional General San Mart\u00edn albergar\u00e1 una nueva edici\u00f3n de &#8220;Juegos de Rol&#8221;.<\/p>\n<p>Para los interesados en el patrimonio de la ciudad, se realizar\u00e1, de 18 a 20, el habitual circuito tur\u00edstico &#8220;Descubr\u00ed Corrientes&#8221;, con un recorrido guiado por los atractivos del centro. El punto de encuentro ser\u00e1 en el Monumento al General San Mart\u00edn en la plaza 25 de Mayo y sus alrededores.<\/p>\n<p>Domingo de historia, deporte y chamam\u00e9<br \/>\nEl domingo 27 de julio, la agenda contin\u00faa con una visita guiada al cementerio San Juan Bautista, de 18 a 20, donde se abordar\u00e1n historias, mitos y leyendas locales. La Municipalidad dispondr\u00e1 de un colectivo con salida puntual desde la Iglesia Catedral a las 17.30.<\/p>\n<p>En el \u00e1mbito deportivo y cultural, y en el marco del D\u00eda Internacional del Wushu, el parque Camba Cu\u00e1 ofrecer\u00e1 clases y exhibici\u00f3n de Taijiquan tradicional yang, Wushu Kung Fu, y Taijiquan moderno, a partir de las 15.30.<\/p>\n<p>Como cierre de fin de semana, la Pe\u00f1a Oficial de la Ciudad tendr\u00e1 su epicentro, desde las 17, en la rotonda Plaza Espa\u00f1a (Av. Pujol y Carlos Pellegrini). La jornada contar\u00e1 con las actuaciones del elenco municipal \u201cLos del Paran\u00e1\u201d, Che Roga Chamam\u00e9, Cristian V\u00e1zquez y su conjunto, La banda de Rodri Chamam\u00e9, LaPura, Mauro Medina, La Uni\u00f3n del Paran\u00e1 y Ariel Baez y sus amigos. El evento se completar\u00e1 con una feria gastron\u00f3mica y de emprendedores.<\/p>\n","protected":false},"excerpt":{"rendered":"<p>Para cerrar las vacaciones de invierno La Municipalidad diagram\u00f3 una variadad de actividades para todo el fin de semana. En esta segunda semana de vacaciones de invierno, la Municipalidad de Corrientes presenta una nutrida agenda de propuestas totalmente gratuitas para que vecinos y visitantes disfruten de la ciudad. El plato fuerte ser\u00e1 el Festival de [&hellip;]<\/p>\n","protected":false},"author":4,"featured_media":193329,"comment_status":"closed","ping_status":"closed","sticky":false,"template":"","format":"standard","meta":{"_joinchat":[],"footnotes":""},"categories":[26],"tags":[],"class_list":{"0":"post-193328","1":"post","2":"type-post","3":"status-publish","4":"format-standard","5":"has-post-thumbnail","7":"category-provinciales"},"yoast_head":"<!-- This site is optimized with the Yoast SEO plugin v27.2 - https:\/\/yoast.com\/product\/yoast-seo-wordpress\/ -->\n<title>Corrientes tendr\u00e1 su Festival de Cerveza Artesanal - Radio Infinita Goya<\/title>\n<meta name=\"description\" content=\"Para cerrar las vacaciones de invierno La Municipalidad diagram\u00f3 una variadad de actividades para todo el fin de semana. En esta segunda semana de\" \/>\n<meta name=\"robots\" content=\"index, follow, max-snippet:-1, max-image-preview:large, max-video-preview:-1\" \/>\n<link rel=\"canonical\" href=\"https:\/\/radioinfinitagoya.com.ar\/v1\/2025\/07\/25\/corrientes-tendra-su-festival-de-cerveza-artesanal\/\" \/>\n<meta property=\"og:locale\" content=\"es_ES\" \/>\n<meta property=\"og:type\" content=\"article\" \/>\n<meta property=\"og:title\" content=\"Corrientes tendr\u00e1 su Festival de Cerveza Artesanal - Radio Infinita Goya\" \/>\n<meta property=\"og:description\" content=\"Para cerrar las vacaciones de invierno La Municipalidad diagram\u00f3 una variadad de actividades para todo el fin de semana. En esta segunda semana de\" \/>\n<meta property=\"og:url\" content=\"https:\/\/radioinfinitagoya.com.ar\/v1\/2025\/07\/25\/corrientes-tendra-su-festival-de-cerveza-artesanal\/\" \/>\n<meta property=\"og:site_name\" content=\"Radio Infinita Goya\" \/>\n<meta property=\"article:publisher\" content=\"https:\/\/www.facebook.com\/p\/Infinita-Goya-100063870918311\/\" \/>\n<meta property=\"article:published_time\" content=\"2025-07-25T19:03:00+00:00\" \/>\n<meta property=\"og:image\" content=\"https:\/\/radioinfinitagoya.com.ar\/v1\/wp-content\/uploads\/2025\/07\/1753385072718.webp\" \/>\n\t<meta property=\"og:image:width\" content=\"1200\" \/>\n\t<meta property=\"og:image:height\" content=\"675\" \/>\n\t<meta property=\"og:image:type\" content=\"image\/webp\" \/>\n<meta name=\"author\" content=\"Jorge Mi\u00f1o\" \/>\n<meta name=\"twitter:card\" content=\"summary_large_image\" \/>\n<meta name=\"twitter:label1\" content=\"Escrito por\" \/>\n\t<meta name=\"twitter:data1\" content=\"Jorge Mi\u00f1o\" \/>\n\t<meta name=\"twitter:label2\" content=\"Tiempo de lectura\" \/>\n\t<meta name=\"twitter:data2\" content=\"3 minutos\" \/>\n<script type=\"application\/ld+json\" class=\"yoast-schema-graph\">{\"@context\":\"https:\/\/schema.org\",\"@graph\":[{\"@type\":\"Article\",\"@id\":\"https:\/\/radioinfinitagoya.com.ar\/v1\/2025\/07\/25\/corrientes-tendra-su-festival-de-cerveza-artesanal\/#article\",\"isPartOf\":{\"@id\":\"https:\/\/radioinfinitagoya.com.ar\/v1\/2025\/07\/25\/corrientes-tendra-su-festival-de-cerveza-artesanal\/\"},\"author\":{\"name\":\"Jorge Mi\u00f1o\",\"@id\":\"https:\/\/radioinfinitagoya.com.ar\/v1\/#\/schema\/person\/d4cf9c413d4f6edb24aabdccab49ca4a\"},\"headline\":\"Corrientes tendr\u00e1 su Festival de Cerveza Artesanal\",\"datePublished\":\"2025-07-25T19:03:00+00:00\",\"mainEntityOfPage\":{\"@id\":\"https:\/\/radioinfinitagoya.com.ar\/v1\/2025\/07\/25\/corrientes-tendra-su-festival-de-cerveza-artesanal\/\"},\"wordCount\":544,\"publisher\":{\"@id\":\"https:\/\/radioinfinitagoya.com.ar\/v1\/#organization\"},\"image\":{\"@id\":\"https:\/\/radioinfinitagoya.com.ar\/v1\/2025\/07\/25\/corrientes-tendra-su-festival-de-cerveza-artesanal\/#primaryimage\"},\"thumbnailUrl\":\"https:\/\/radioinfinitagoya.com.ar\/v1\/wp-content\/uploads\/2025\/07\/1753385072718.webp\",\"articleSection\":[\"PROVINCIALES\"],\"inLanguage\":\"es-AR\"},{\"@type\":\"WebPage\",\"@id\":\"https:\/\/radioinfinitagoya.com.ar\/v1\/2025\/07\/25\/corrientes-tendra-su-festival-de-cerveza-artesanal\/\",\"url\":\"https:\/\/radioinfinitagoya.com.ar\/v1\/2025\/07\/25\/corrientes-tendra-su-festival-de-cerveza-artesanal\/\",\"name\":\"Corrientes tendr\u00e1 su Festival de Cerveza Artesanal - Radio Infinita Goya\",\"isPartOf\":{\"@id\":\"https:\/\/radioinfinitagoya.com.ar\/v1\/#website\"},\"primaryImageOfPage\":{\"@id\":\"https:\/\/radioinfinitagoya.com.ar\/v1\/2025\/07\/25\/corrientes-tendra-su-festival-de-cerveza-artesanal\/#primaryimage\"},\"image\":{\"@id\":\"https:\/\/radioinfinitagoya.com.ar\/v1\/2025\/07\/25\/corrientes-tendra-su-festival-de-cerveza-artesanal\/#primaryimage\"},\"thumbnailUrl\":\"https:\/\/radioinfinitagoya.com.ar\/v1\/wp-content\/uploads\/2025\/07\/1753385072718.webp\",\"datePublished\":\"2025-07-25T19:03:00+00:00\",\"description\":\"Para cerrar las vacaciones de invierno La Municipalidad diagram\u00f3 una variadad de actividades para todo el fin de semana. En esta segunda semana de\",\"breadcrumb\":{\"@id\":\"https:\/\/radioinfinitagoya.com.ar\/v1\/2025\/07\/25\/corrientes-tendra-su-festival-de-cerveza-artesanal\/#breadcrumb\"},\"inLanguage\":\"es-AR\",\"potentialAction\":[{\"@type\":\"ReadAction\",\"target\":[\"https:\/\/radioinfinitagoya.com.ar\/v1\/2025\/07\/25\/corrientes-tendra-su-festival-de-cerveza-artesanal\/\"]}]},{\"@type\":\"ImageObject\",\"inLanguage\":\"es-AR\",\"@id\":\"https:\/\/radioinfinitagoya.com.ar\/v1\/2025\/07\/25\/corrientes-tendra-su-festival-de-cerveza-artesanal\/#primaryimage\",\"url\":\"https:\/\/radioinfinitagoya.com.ar\/v1\/wp-content\/uploads\/2025\/07\/1753385072718.webp\",\"contentUrl\":\"https:\/\/radioinfinitagoya.com.ar\/v1\/wp-content\/uploads\/2025\/07\/1753385072718.webp\",\"width\":1200,\"height\":675},{\"@type\":\"BreadcrumbList\",\"@id\":\"https:\/\/radioinfinitagoya.com.ar\/v1\/2025\/07\/25\/corrientes-tendra-su-festival-de-cerveza-artesanal\/#breadcrumb\",\"itemListElement\":[{\"@type\":\"ListItem\",\"position\":1,\"name\":\"Inicio\",\"item\":\"https:\/\/radioinfinitagoya.com.ar\/v1\/\"},{\"@type\":\"ListItem\",\"position\":2,\"name\":\"Corrientes tendr\u00e1 su Festival de Cerveza Artesanal\"}]},{\"@type\":\"WebSite\",\"@id\":\"https:\/\/radioinfinitagoya.com.ar\/v1\/#website\",\"url\":\"https:\/\/radioinfinitagoya.com.ar\/v1\/\",\"name\":\"radioinfinitagoya.com.ar\",\"description\":\"Radio de noticias\",\"publisher\":{\"@id\":\"https:\/\/radioinfinitagoya.com.ar\/v1\/#organization\"},\"potentialAction\":[{\"@type\":\"SearchAction\",\"target\":{\"@type\":\"EntryPoint\",\"urlTemplate\":\"https:\/\/radioinfinitagoya.com.ar\/v1\/?s={search_term_string}\"},\"query-input\":{\"@type\":\"PropertyValueSpecification\",\"valueRequired\":true,\"valueName\":\"search_term_string\"}}],\"inLanguage\":\"es-AR\"},{\"@type\":\"Organization\",\"@id\":\"https:\/\/radioinfinitagoya.com.ar\/v1\/#organization\",\"name\":\"Radio Infinita Goya\",\"url\":\"https:\/\/radioinfinitagoya.com.ar\/v1\/\",\"logo\":{\"@type\":\"ImageObject\",\"inLanguage\":\"es-AR\",\"@id\":\"https:\/\/radioinfinitagoya.com.ar\/v1\/#\/schema\/logo\/image\/\",\"url\":\"https:\/\/radioinfinitagoya.com.ar\/v1\/wp-content\/uploads\/2019\/11\/logo-pie-web.png\",\"contentUrl\":\"https:\/\/radioinfinitagoya.com.ar\/v1\/wp-content\/uploads\/2019\/11\/logo-pie-web.png\",\"width\":635,\"height\":326,\"caption\":\"Radio Infinita Goya\"},\"image\":{\"@id\":\"https:\/\/radioinfinitagoya.com.ar\/v1\/#\/schema\/logo\/image\/\"},\"sameAs\":[\"https:\/\/www.facebook.com\/p\/Infinita-Goya-100063870918311\/\"]},{\"@type\":\"Person\",\"@id\":\"https:\/\/radioinfinitagoya.com.ar\/v1\/#\/schema\/person\/d4cf9c413d4f6edb24aabdccab49ca4a\",\"name\":\"Jorge Mi\u00f1o\",\"image\":{\"@type\":\"ImageObject\",\"inLanguage\":\"es-AR\",\"@id\":\"https:\/\/secure.gravatar.com\/avatar\/910fcf6728fe95320e07a6643c1581fec1c7fc4bf8ae12e3d8f0d0373dc844be?s=96&d=mm&r=g\",\"url\":\"https:\/\/secure.gravatar.com\/avatar\/910fcf6728fe95320e07a6643c1581fec1c7fc4bf8ae12e3d8f0d0373dc844be?s=96&d=mm&r=g\",\"contentUrl\":\"https:\/\/secure.gravatar.com\/avatar\/910fcf6728fe95320e07a6643c1581fec1c7fc4bf8ae12e3d8f0d0373dc844be?s=96&d=mm&r=g\",\"caption\":\"Jorge Mi\u00f1o\"},\"sameAs\":[\"http:\/\/radioinfinitagoya.com.ar\"]}]}<\/script>\n<!-- \/ Yoast SEO plugin. -->","yoast_head_json":{"title":"Corrientes tendr\u00e1 su Festival de Cerveza Artesanal - Radio Infinita Goya","description":"Para cerrar las vacaciones de invierno La Municipalidad diagram\u00f3 una variadad de actividades para todo el fin de semana. En esta segunda semana de","robots":{"index":"index","follow":"follow","max-snippet":"max-snippet:-1","max-image-preview":"max-image-preview:large","max-video-preview":"max-video-preview:-1"},"canonical":"https:\/\/radioinfinitagoya.com.ar\/v1\/2025\/07\/25\/corrientes-tendra-su-festival-de-cerveza-artesanal\/","og_locale":"es_ES","og_type":"article","og_title":"Corrientes tendr\u00e1 su Festival de Cerveza Artesanal - Radio Infinita Goya","og_description":"Para cerrar las vacaciones de invierno La Municipalidad diagram\u00f3 una variadad de actividades para todo el fin de semana. En esta segunda semana de","og_url":"https:\/\/radioinfinitagoya.com.ar\/v1\/2025\/07\/25\/corrientes-tendra-su-festival-de-cerveza-artesanal\/","og_site_name":"Radio Infinita Goya","article_publisher":"https:\/\/www.facebook.com\/p\/Infinita-Goya-100063870918311\/","article_published_time":"2025-07-25T19:03:00+00:00","og_image":[{"width":1200,"height":675,"url":"https:\/\/radioinfinitagoya.com.ar\/v1\/wp-content\/uploads\/2025\/07\/1753385072718.webp","type":"image\/webp"}],"author":"Jorge Mi\u00f1o","twitter_card":"summary_large_image","twitter_misc":{"Escrito por":"Jorge Mi\u00f1o","Tiempo de lectura":"3 minutos"},"schema":{"@context":"https:\/\/schema.org","@graph":[{"@type":"Article","@id":"https:\/\/radioinfinitagoya.com.ar\/v1\/2025\/07\/25\/corrientes-tendra-su-festival-de-cerveza-artesanal\/#article","isPartOf":{"@id":"https:\/\/radioinfinitagoya.com.ar\/v1\/2025\/07\/25\/corrientes-tendra-su-festival-de-cerveza-artesanal\/"},"author":{"name":"Jorge Mi\u00f1o","@id":"https:\/\/radioinfinitagoya.com.ar\/v1\/#\/schema\/person\/d4cf9c413d4f6edb24aabdccab49ca4a"},"headline":"Corrientes tendr\u00e1 su Festival de Cerveza Artesanal","datePublished":"2025-07-25T19:03:00+00:00","mainEntityOfPage":{"@id":"https:\/\/radioinfinitagoya.com.ar\/v1\/2025\/07\/25\/corrientes-tendra-su-festival-de-cerveza-artesanal\/"},"wordCount":544,"publisher":{"@id":"https:\/\/radioinfinitagoya.com.ar\/v1\/#organization"},"image":{"@id":"https:\/\/radioinfinitagoya.com.ar\/v1\/2025\/07\/25\/corrientes-tendra-su-festival-de-cerveza-artesanal\/#primaryimage"},"thumbnailUrl":"https:\/\/radioinfinitagoya.com.ar\/v1\/wp-content\/uploads\/2025\/07\/1753385072718.webp","articleSection":["PROVINCIALES"],"inLanguage":"es-AR"},{"@type":"WebPage","@id":"https:\/\/radioinfinitagoya.com.ar\/v1\/2025\/07\/25\/corrientes-tendra-su-festival-de-cerveza-artesanal\/","url":"https:\/\/radioinfinitagoya.com.ar\/v1\/2025\/07\/25\/corrientes-tendra-su-festival-de-cerveza-artesanal\/","name":"Corrientes tendr\u00e1 su Festival de Cerveza Artesanal - Radio Infinita Goya","isPartOf":{"@id":"https:\/\/radioinfinitagoya.com.ar\/v1\/#website"},"primaryImageOfPage":{"@id":"https:\/\/radioinfinitagoya.com.ar\/v1\/2025\/07\/25\/corrientes-tendra-su-festival-de-cerveza-artesanal\/#primaryimage"},"image":{"@id":"https:\/\/radioinfinitagoya.com.ar\/v1\/2025\/07\/25\/corrientes-tendra-su-festival-de-cerveza-artesanal\/#primaryimage"},"thumbnailUrl":"https:\/\/radioinfinitagoya.com.ar\/v1\/wp-content\/uploads\/2025\/07\/1753385072718.webp","datePublished":"2025-07-25T19:03:00+00:00","description":"Para cerrar las vacaciones de invierno La Municipalidad diagram\u00f3 una variadad de actividades para todo el fin de semana. En esta segunda semana de","breadcrumb":{"@id":"https:\/\/radioinfinitagoya.com.ar\/v1\/2025\/07\/25\/corrientes-tendra-su-festival-de-cerveza-artesanal\/#breadcrumb"},"inLanguage":"es-AR","potentialAction":[{"@type":"ReadAction","target":["https:\/\/radioinfinitagoya.com.ar\/v1\/2025\/07\/25\/corrientes-tendra-su-festival-de-cerveza-artesanal\/"]}]},{"@type":"ImageObject","inLanguage":"es-AR","@id":"https:\/\/radioinfinitagoya.com.ar\/v1\/2025\/07\/25\/corrientes-tendra-su-festival-de-cerveza-artesanal\/#primaryimage","url":"https:\/\/radioinfinitagoya.com.ar\/v1\/wp-content\/uploads\/2025\/07\/1753385072718.webp","contentUrl":"https:\/\/radioinfinitagoya.com.ar\/v1\/wp-content\/uploads\/2025\/07\/1753385072718.webp","width":1200,"height":675},{"@type":"BreadcrumbList","@id":"https:\/\/radioinfinitagoya.com.ar\/v1\/2025\/07\/25\/corrientes-tendra-su-festival-de-cerveza-artesanal\/#breadcrumb","itemListElement":[{"@type":"ListItem","position":1,"name":"Inicio","item":"https:\/\/radioinfinitagoya.com.ar\/v1\/"},{"@type":"ListItem","position":2,"name":"Corrientes tendr\u00e1 su Festival de Cerveza Artesanal"}]},{"@type":"WebSite","@id":"https:\/\/radioinfinitagoya.com.ar\/v1\/#website","url":"https:\/\/radioinfinitagoya.com.ar\/v1\/","name":"radioinfinitagoya.com.ar","description":"Radio de noticias","publisher":{"@id":"https:\/\/radioinfinitagoya.com.ar\/v1\/#organization"},"potentialAction":[{"@type":"SearchAction","target":{"@type":"EntryPoint","urlTemplate":"https:\/\/radioinfinitagoya.com.ar\/v1\/?s={search_term_string}"},"query-input":{"@type":"PropertyValueSpecification","valueRequired":true,"valueName":"search_term_string"}}],"inLanguage":"es-AR"},{"@type":"Organization","@id":"https:\/\/radioinfinitagoya.com.ar\/v1\/#organization","name":"Radio Infinita Goya","url":"https:\/\/radioinfinitagoya.com.ar\/v1\/","logo":{"@type":"ImageObject","inLanguage":"es-AR","@id":"https:\/\/radioinfinitagoya.com.ar\/v1\/#\/schema\/logo\/image\/","url":"https:\/\/radioinfinitagoya.com.ar\/v1\/wp-content\/uploads\/2019\/11\/logo-pie-web.png","contentUrl":"https:\/\/radioinfinitagoya.com.ar\/v1\/wp-content\/uploads\/2019\/11\/logo-pie-web.png","width":635,"height":326,"caption":"Radio Infinita Goya"},"image":{"@id":"https:\/\/radioinfinitagoya.com.ar\/v1\/#\/schema\/logo\/image\/"},"sameAs":["https:\/\/www.facebook.com\/p\/Infinita-Goya-100063870918311\/"]},{"@type":"Person","@id":"https:\/\/radioinfinitagoya.com.ar\/v1\/#\/schema\/person\/d4cf9c413d4f6edb24aabdccab49ca4a","name":"Jorge Mi\u00f1o","image":{"@type":"ImageObject","inLanguage":"es-AR","@id":"https:\/\/secure.gravatar.com\/avatar\/910fcf6728fe95320e07a6643c1581fec1c7fc4bf8ae12e3d8f0d0373dc844be?s=96&d=mm&r=g","url":"https:\/\/secure.gravatar.com\/avatar\/910fcf6728fe95320e07a6643c1581fec1c7fc4bf8ae12e3d8f0d0373dc844be?s=96&d=mm&r=g","contentUrl":"https:\/\/secure.gravatar.com\/avatar\/910fcf6728fe95320e07a6643c1581fec1c7fc4bf8ae12e3d8f0d0373dc844be?s=96&d=mm&r=g","caption":"Jorge Mi\u00f1o"},"sameAs":["http:\/\/radioinfinitagoya.com.ar"]}]}},"_links":{"self":[{"href":"https:\/\/radioinfinitagoya.com.ar\/v1\/wp-json\/wp\/v2\/posts\/193328","targetHints":{"allow":["GET"]}}],"collection":[{"href":"https:\/\/radioinfinitagoya.com.ar\/v1\/wp-json\/wp\/v2\/posts"}],"about":[{"href":"https:\/\/radioinfinitagoya.com.ar\/v1\/wp-json\/wp\/v2\/types\/post"}],"author":[{"embeddable":true,"href":"https:\/\/radioinfinitagoya.com.ar\/v1\/wp-json\/wp\/v2\/users\/4"}],"replies":[{"embeddable":true,"href":"https:\/\/radioinfinitagoya.com.ar\/v1\/wp-json\/wp\/v2\/comments?post=193328"}],"version-history":[{"count":0,"href":"https:\/\/radioinfinitagoya.com.ar\/v1\/wp-json\/wp\/v2\/posts\/193328\/revisions"}],"wp:featuredmedia":[{"embeddable":true,"href":"https:\/\/radioinfinitagoya.com.ar\/v1\/wp-json\/wp\/v2\/media\/193329"}],"wp:attachment":[{"href":"https:\/\/radioinfinitagoya.com.ar\/v1\/wp-json\/wp\/v2\/media?parent=193328"}],"wp:term":[{"taxonomy":"category","embeddable":true,"href":"https:\/\/radioinfinitagoya.com.ar\/v1\/wp-json\/wp\/v2\/categories?post=193328"},{"taxonomy":"post_tag","embeddable":true,"href":"https:\/\/radioinfinitagoya.com.ar\/v1\/wp-json\/wp\/v2\/tags?post=193328"}],"curies":[{"name":"wp","href":"https:\/\/api.w.org\/{rel}","templated":true}]}}