{"id":193331,"date":"2025-07-25T16:08:20","date_gmt":"2025-07-25T19:08:20","guid":{"rendered":"https:\/\/radioinfinitagoya.com.ar\/v1\/?p=193331"},"modified":"2025-07-25T16:08:20","modified_gmt":"2025-07-25T19:08:20","slug":"colapinto-quedo-19-en-la-unica-practica-del-gran-premio-de-belgica-de-f1","status":"publish","type":"post","link":"https:\/\/radioinfinitagoya.com.ar\/v1\/2025\/07\/25\/colapinto-quedo-19-en-la-unica-practica-del-gran-premio-de-belgica-de-f1\/","title":{"rendered":"Colapinto qued\u00f3 19\u00b0 en la \u00fanica pr\u00e1ctica del Gran Premio de B\u00e9lgica de F1"},"content":{"rendered":"<p>El piloto argentino gir\u00f3 por primera vez al mando de su Alpine A525 en el Circuito de Spa-Francorchamps. A las 11.30 se desarrollar\u00e1 la sprint shootout.<\/p>\n<p>Franco Colapinto sali\u00f3 a la pista este viernes luego de semanas de descanso y lo hizo en el circuito del Gran premio de B\u00e9lgica.<\/p>\n<p>En un fin de semana particular, con carrera de Sprint, los pilotos solo tienen una pr\u00e1ctica libre, que es la que se llev\u00f3 a cabo esta ma\u00f1ana.<\/p>\n<p>El argentino primero prob\u00f3 los neum\u00e1ticos duros, ya que es un circuito largo con curvas dif\u00edciles, donde su mejor tiempo fue de 1:47.259.<\/p>\n<p>Luego Colapinto protagoniz\u00f3 un incidente donde bloque\u00f3 a George Russel y fue investigado, aunque r\u00e1pidamente qued\u00f3 descartado ya que el piloto de Mercedes no ten\u00eda derecho por venir lento y luego acelerar.<\/p>\n<p>Tras un ingreso al pit, el argentino regres\u00f3 a la pista con neum\u00e1ticos blandos de clasificaci\u00f3n, donde comenz\u00f3 a mejorar sus tiempo y lleg\u00f3 a estar octavo.<\/p>\n<p>Primero hizo un tiempo de 1:45.727 y luego baj\u00f3 el 1.45 para meterse entre los diez primeros (1:44.847)<\/p>\n<p>En los \u00faltimo minutos del ensayo libre, la mayor\u00eda de los pilotos sali\u00f3 con blandos para probar una vuelta de clasificaci\u00f3n, pensando en lo que va a pasar en unas horas, donde habr\u00e1 qualy de Sprint.<\/p>\n<p>Por esta raz\u00f3n, Colapinto cerr\u00f3 la pr\u00e1ctica en el puesto 19\u00b0 y ahora todos los ca\u00f1ones apuntan a hacer una buena clasificaci\u00f3n, que ser\u00e1 desde las 11.30 y con televisaci\u00f3n de Fox Sports y Disney +.<\/p>\n<p>D\u00cdAS Y HORARIOS DE LA ACTIVIDAD DE FRANCO COLAPINTO EN EL GP DE B\u00c9LGICA DE LA F\u00d3RMULA 1<\/p>\n<p>Viernes 25 de julio<\/p>\n<p>Clasificaci\u00f3n Sprint: 11.30 (Argentina) \/ 16.30 (B\u00e9lgica)<\/p>\n<p>S\u00e1bado 26 de julio<\/p>\n<p>Carrera Sprint: 7.00 (Argentina) \/ 12.00 (B\u00e9lgica)<\/p>\n<p>Clasificaci\u00f3n: 11.00 (Argentina) \/ 16.00 (B\u00e9lgica)<\/p>\n<p>Domingo 27 de julio<\/p>\n<p>Carrera a 44 vueltas: 10.00 (Argentina) \/ 15.00 (B\u00e9lgica)<\/p>\n<p>Televisaci\u00f3n: Disney+ y Fox Sports (Latinoam\u00e9rica) \/ F1TV (plataforma) \/ BandSports (Brasil) \/ DAZN (Espa\u00f1a) \/ ESPN Deportes (Estados Unidos) \/ Sky Italia (Italia)<\/p>\n","protected":false},"excerpt":{"rendered":"<p>El piloto argentino gir\u00f3 por primera vez al mando de su Alpine A525 en el Circuito de Spa-Francorchamps. A las 11.30 se desarrollar\u00e1 la sprint shootout. Franco Colapinto sali\u00f3 a la pista este viernes luego de semanas de descanso y lo hizo en el circuito del Gran premio de B\u00e9lgica. En un fin de semana [&hellip;]<\/p>\n","protected":false},"author":4,"featured_media":193332,"comment_status":"closed","ping_status":"closed","sticky":false,"template":"","format":"standard","meta":{"_joinchat":[],"footnotes":""},"categories":[28],"tags":[],"class_list":{"0":"post-193331","1":"post","2":"type-post","3":"status-publish","4":"format-standard","5":"has-post-thumbnail","7":"category-deportes"},"yoast_head":"<!-- This site is optimized with the Yoast SEO plugin v27.2 - https:\/\/yoast.com\/product\/yoast-seo-wordpress\/ -->\n<title>Colapinto qued\u00f3 19\u00b0 en la \u00fanica pr\u00e1ctica del Gran Premio de B\u00e9lgica de F1 - Radio Infinita Goya<\/title>\n<meta name=\"description\" content=\"El piloto argentino gir\u00f3 por primera vez al mando de su Alpine A525 en el Circuito de Spa-Francorchamps. A las 11.30 se desarrollar\u00e1 la sprint shootout.\" \/>\n<meta name=\"robots\" content=\"index, follow, max-snippet:-1, max-image-preview:large, max-video-preview:-1\" \/>\n<link rel=\"canonical\" href=\"https:\/\/radioinfinitagoya.com.ar\/v1\/2025\/07\/25\/colapinto-quedo-19-en-la-unica-practica-del-gran-premio-de-belgica-de-f1\/\" \/>\n<meta property=\"og:locale\" content=\"es_ES\" \/>\n<meta property=\"og:type\" content=\"article\" \/>\n<meta property=\"og:title\" content=\"Colapinto qued\u00f3 19\u00b0 en la \u00fanica pr\u00e1ctica del Gran Premio de B\u00e9lgica de F1 - Radio Infinita Goya\" \/>\n<meta property=\"og:description\" content=\"El piloto argentino gir\u00f3 por primera vez al mando de su Alpine A525 en el Circuito de Spa-Francorchamps. A las 11.30 se desarrollar\u00e1 la sprint shootout.\" \/>\n<meta property=\"og:url\" content=\"https:\/\/radioinfinitagoya.com.ar\/v1\/2025\/07\/25\/colapinto-quedo-19-en-la-unica-practica-del-gran-premio-de-belgica-de-f1\/\" \/>\n<meta property=\"og:site_name\" content=\"Radio Infinita Goya\" \/>\n<meta property=\"article:publisher\" content=\"https:\/\/www.facebook.com\/p\/Infinita-Goya-100063870918311\/\" \/>\n<meta property=\"article:published_time\" content=\"2025-07-25T19:08:20+00:00\" \/>\n<meta property=\"og:image\" content=\"https:\/\/radioinfinitagoya.com.ar\/v1\/wp-content\/uploads\/2025\/07\/GwuEb-LW4AAXPgT.jpg\" \/>\n\t<meta property=\"og:image:width\" content=\"2457\" \/>\n\t<meta property=\"og:image:height\" content=\"1502\" \/>\n\t<meta property=\"og:image:type\" content=\"image\/jpeg\" \/>\n<meta name=\"author\" content=\"Jorge Mi\u00f1o\" \/>\n<meta name=\"twitter:card\" content=\"summary_large_image\" \/>\n<meta name=\"twitter:label1\" content=\"Escrito por\" \/>\n\t<meta name=\"twitter:data1\" content=\"Jorge Mi\u00f1o\" \/>\n\t<meta name=\"twitter:label2\" content=\"Tiempo de lectura\" \/>\n\t<meta name=\"twitter:data2\" content=\"2 minutos\" \/>\n<script type=\"application\/ld+json\" class=\"yoast-schema-graph\">{\"@context\":\"https:\/\/schema.org\",\"@graph\":[{\"@type\":\"Article\",\"@id\":\"https:\/\/radioinfinitagoya.com.ar\/v1\/2025\/07\/25\/colapinto-quedo-19-en-la-unica-practica-del-gran-premio-de-belgica-de-f1\/#article\",\"isPartOf\":{\"@id\":\"https:\/\/radioinfinitagoya.com.ar\/v1\/2025\/07\/25\/colapinto-quedo-19-en-la-unica-practica-del-gran-premio-de-belgica-de-f1\/\"},\"author\":{\"name\":\"Jorge Mi\u00f1o\",\"@id\":\"https:\/\/radioinfinitagoya.com.ar\/v1\/#\/schema\/person\/d4cf9c413d4f6edb24aabdccab49ca4a\"},\"headline\":\"Colapinto qued\u00f3 19\u00b0 en la \u00fanica pr\u00e1ctica del Gran Premio de B\u00e9lgica de F1\",\"datePublished\":\"2025-07-25T19:08:20+00:00\",\"mainEntityOfPage\":{\"@id\":\"https:\/\/radioinfinitagoya.com.ar\/v1\/2025\/07\/25\/colapinto-quedo-19-en-la-unica-practica-del-gran-premio-de-belgica-de-f1\/\"},\"wordCount\":347,\"publisher\":{\"@id\":\"https:\/\/radioinfinitagoya.com.ar\/v1\/#organization\"},\"image\":{\"@id\":\"https:\/\/radioinfinitagoya.com.ar\/v1\/2025\/07\/25\/colapinto-quedo-19-en-la-unica-practica-del-gran-premio-de-belgica-de-f1\/#primaryimage\"},\"thumbnailUrl\":\"https:\/\/radioinfinitagoya.com.ar\/v1\/wp-content\/uploads\/2025\/07\/GwuEb-LW4AAXPgT.jpg\",\"articleSection\":[\"DEPORTES\"],\"inLanguage\":\"es-AR\"},{\"@type\":\"WebPage\",\"@id\":\"https:\/\/radioinfinitagoya.com.ar\/v1\/2025\/07\/25\/colapinto-quedo-19-en-la-unica-practica-del-gran-premio-de-belgica-de-f1\/\",\"url\":\"https:\/\/radioinfinitagoya.com.ar\/v1\/2025\/07\/25\/colapinto-quedo-19-en-la-unica-practica-del-gran-premio-de-belgica-de-f1\/\",\"name\":\"Colapinto qued\u00f3 19\u00b0 en la \u00fanica pr\u00e1ctica del Gran Premio de B\u00e9lgica de F1 - Radio Infinita Goya\",\"isPartOf\":{\"@id\":\"https:\/\/radioinfinitagoya.com.ar\/v1\/#website\"},\"primaryImageOfPage\":{\"@id\":\"https:\/\/radioinfinitagoya.com.ar\/v1\/2025\/07\/25\/colapinto-quedo-19-en-la-unica-practica-del-gran-premio-de-belgica-de-f1\/#primaryimage\"},\"image\":{\"@id\":\"https:\/\/radioinfinitagoya.com.ar\/v1\/2025\/07\/25\/colapinto-quedo-19-en-la-unica-practica-del-gran-premio-de-belgica-de-f1\/#primaryimage\"},\"thumbnailUrl\":\"https:\/\/radioinfinitagoya.com.ar\/v1\/wp-content\/uploads\/2025\/07\/GwuEb-LW4AAXPgT.jpg\",\"datePublished\":\"2025-07-25T19:08:20+00:00\",\"description\":\"El piloto argentino gir\u00f3 por primera vez al mando de su Alpine A525 en el Circuito de Spa-Francorchamps. A las 11.30 se desarrollar\u00e1 la sprint shootout.\",\"breadcrumb\":{\"@id\":\"https:\/\/radioinfinitagoya.com.ar\/v1\/2025\/07\/25\/colapinto-quedo-19-en-la-unica-practica-del-gran-premio-de-belgica-de-f1\/#breadcrumb\"},\"inLanguage\":\"es-AR\",\"potentialAction\":[{\"@type\":\"ReadAction\",\"target\":[\"https:\/\/radioinfinitagoya.com.ar\/v1\/2025\/07\/25\/colapinto-quedo-19-en-la-unica-practica-del-gran-premio-de-belgica-de-f1\/\"]}]},{\"@type\":\"ImageObject\",\"inLanguage\":\"es-AR\",\"@id\":\"https:\/\/radioinfinitagoya.com.ar\/v1\/2025\/07\/25\/colapinto-quedo-19-en-la-unica-practica-del-gran-premio-de-belgica-de-f1\/#primaryimage\",\"url\":\"https:\/\/radioinfinitagoya.com.ar\/v1\/wp-content\/uploads\/2025\/07\/GwuEb-LW4AAXPgT.jpg\",\"contentUrl\":\"https:\/\/radioinfinitagoya.com.ar\/v1\/wp-content\/uploads\/2025\/07\/GwuEb-LW4AAXPgT.jpg\",\"width\":2457,\"height\":1502},{\"@type\":\"BreadcrumbList\",\"@id\":\"https:\/\/radioinfinitagoya.com.ar\/v1\/2025\/07\/25\/colapinto-quedo-19-en-la-unica-practica-del-gran-premio-de-belgica-de-f1\/#breadcrumb\",\"itemListElement\":[{\"@type\":\"ListItem\",\"position\":1,\"name\":\"Inicio\",\"item\":\"https:\/\/radioinfinitagoya.com.ar\/v1\/\"},{\"@type\":\"ListItem\",\"position\":2,\"name\":\"Colapinto qued\u00f3 19\u00b0 en la \u00fanica pr\u00e1ctica del Gran Premio de B\u00e9lgica de F1\"}]},{\"@type\":\"WebSite\",\"@id\":\"https:\/\/radioinfinitagoya.com.ar\/v1\/#website\",\"url\":\"https:\/\/radioinfinitagoya.com.ar\/v1\/\",\"name\":\"radioinfinitagoya.com.ar\",\"description\":\"Radio de noticias\",\"publisher\":{\"@id\":\"https:\/\/radioinfinitagoya.com.ar\/v1\/#organization\"},\"potentialAction\":[{\"@type\":\"SearchAction\",\"target\":{\"@type\":\"EntryPoint\",\"urlTemplate\":\"https:\/\/radioinfinitagoya.com.ar\/v1\/?s={search_term_string}\"},\"query-input\":{\"@type\":\"PropertyValueSpecification\",\"valueRequired\":true,\"valueName\":\"search_term_string\"}}],\"inLanguage\":\"es-AR\"},{\"@type\":\"Organization\",\"@id\":\"https:\/\/radioinfinitagoya.com.ar\/v1\/#organization\",\"name\":\"Radio Infinita Goya\",\"url\":\"https:\/\/radioinfinitagoya.com.ar\/v1\/\",\"logo\":{\"@type\":\"ImageObject\",\"inLanguage\":\"es-AR\",\"@id\":\"https:\/\/radioinfinitagoya.com.ar\/v1\/#\/schema\/logo\/image\/\",\"url\":\"https:\/\/radioinfinitagoya.com.ar\/v1\/wp-content\/uploads\/2019\/11\/logo-pie-web.png\",\"contentUrl\":\"https:\/\/radioinfinitagoya.com.ar\/v1\/wp-content\/uploads\/2019\/11\/logo-pie-web.png\",\"width\":635,\"height\":326,\"caption\":\"Radio Infinita Goya\"},\"image\":{\"@id\":\"https:\/\/radioinfinitagoya.com.ar\/v1\/#\/schema\/logo\/image\/\"},\"sameAs\":[\"https:\/\/www.facebook.com\/p\/Infinita-Goya-100063870918311\/\"]},{\"@type\":\"Person\",\"@id\":\"https:\/\/radioinfinitagoya.com.ar\/v1\/#\/schema\/person\/d4cf9c413d4f6edb24aabdccab49ca4a\",\"name\":\"Jorge Mi\u00f1o\",\"image\":{\"@type\":\"ImageObject\",\"inLanguage\":\"es-AR\",\"@id\":\"https:\/\/secure.gravatar.com\/avatar\/910fcf6728fe95320e07a6643c1581fec1c7fc4bf8ae12e3d8f0d0373dc844be?s=96&d=mm&r=g\",\"url\":\"https:\/\/secure.gravatar.com\/avatar\/910fcf6728fe95320e07a6643c1581fec1c7fc4bf8ae12e3d8f0d0373dc844be?s=96&d=mm&r=g\",\"contentUrl\":\"https:\/\/secure.gravatar.com\/avatar\/910fcf6728fe95320e07a6643c1581fec1c7fc4bf8ae12e3d8f0d0373dc844be?s=96&d=mm&r=g\",\"caption\":\"Jorge Mi\u00f1o\"},\"sameAs\":[\"http:\/\/radioinfinitagoya.com.ar\"]}]}<\/script>\n<!-- \/ Yoast SEO plugin. -->","yoast_head_json":{"title":"Colapinto qued\u00f3 19\u00b0 en la \u00fanica pr\u00e1ctica del Gran Premio de B\u00e9lgica de F1 - Radio Infinita Goya","description":"El piloto argentino gir\u00f3 por primera vez al mando de su Alpine A525 en el Circuito de Spa-Francorchamps. A las 11.30 se desarrollar\u00e1 la sprint shootout.","robots":{"index":"index","follow":"follow","max-snippet":"max-snippet:-1","max-image-preview":"max-image-preview:large","max-video-preview":"max-video-preview:-1"},"canonical":"https:\/\/radioinfinitagoya.com.ar\/v1\/2025\/07\/25\/colapinto-quedo-19-en-la-unica-practica-del-gran-premio-de-belgica-de-f1\/","og_locale":"es_ES","og_type":"article","og_title":"Colapinto qued\u00f3 19\u00b0 en la \u00fanica pr\u00e1ctica del Gran Premio de B\u00e9lgica de F1 - Radio Infinita Goya","og_description":"El piloto argentino gir\u00f3 por primera vez al mando de su Alpine A525 en el Circuito de Spa-Francorchamps. A las 11.30 se desarrollar\u00e1 la sprint shootout.","og_url":"https:\/\/radioinfinitagoya.com.ar\/v1\/2025\/07\/25\/colapinto-quedo-19-en-la-unica-practica-del-gran-premio-de-belgica-de-f1\/","og_site_name":"Radio Infinita Goya","article_publisher":"https:\/\/www.facebook.com\/p\/Infinita-Goya-100063870918311\/","article_published_time":"2025-07-25T19:08:20+00:00","og_image":[{"width":2457,"height":1502,"url":"https:\/\/radioinfinitagoya.com.ar\/v1\/wp-content\/uploads\/2025\/07\/GwuEb-LW4AAXPgT.jpg","type":"image\/jpeg"}],"author":"Jorge Mi\u00f1o","twitter_card":"summary_large_image","twitter_misc":{"Escrito por":"Jorge Mi\u00f1o","Tiempo de lectura":"2 minutos"},"schema":{"@context":"https:\/\/schema.org","@graph":[{"@type":"Article","@id":"https:\/\/radioinfinitagoya.com.ar\/v1\/2025\/07\/25\/colapinto-quedo-19-en-la-unica-practica-del-gran-premio-de-belgica-de-f1\/#article","isPartOf":{"@id":"https:\/\/radioinfinitagoya.com.ar\/v1\/2025\/07\/25\/colapinto-quedo-19-en-la-unica-practica-del-gran-premio-de-belgica-de-f1\/"},"author":{"name":"Jorge Mi\u00f1o","@id":"https:\/\/radioinfinitagoya.com.ar\/v1\/#\/schema\/person\/d4cf9c413d4f6edb24aabdccab49ca4a"},"headline":"Colapinto qued\u00f3 19\u00b0 en la \u00fanica pr\u00e1ctica del Gran Premio de B\u00e9lgica de F1","datePublished":"2025-07-25T19:08:20+00:00","mainEntityOfPage":{"@id":"https:\/\/radioinfinitagoya.com.ar\/v1\/2025\/07\/25\/colapinto-quedo-19-en-la-unica-practica-del-gran-premio-de-belgica-de-f1\/"},"wordCount":347,"publisher":{"@id":"https:\/\/radioinfinitagoya.com.ar\/v1\/#organization"},"image":{"@id":"https:\/\/radioinfinitagoya.com.ar\/v1\/2025\/07\/25\/colapinto-quedo-19-en-la-unica-practica-del-gran-premio-de-belgica-de-f1\/#primaryimage"},"thumbnailUrl":"https:\/\/radioinfinitagoya.com.ar\/v1\/wp-content\/uploads\/2025\/07\/GwuEb-LW4AAXPgT.jpg","articleSection":["DEPORTES"],"inLanguage":"es-AR"},{"@type":"WebPage","@id":"https:\/\/radioinfinitagoya.com.ar\/v1\/2025\/07\/25\/colapinto-quedo-19-en-la-unica-practica-del-gran-premio-de-belgica-de-f1\/","url":"https:\/\/radioinfinitagoya.com.ar\/v1\/2025\/07\/25\/colapinto-quedo-19-en-la-unica-practica-del-gran-premio-de-belgica-de-f1\/","name":"Colapinto qued\u00f3 19\u00b0 en la \u00fanica pr\u00e1ctica del Gran Premio de B\u00e9lgica de F1 - Radio Infinita Goya","isPartOf":{"@id":"https:\/\/radioinfinitagoya.com.ar\/v1\/#website"},"primaryImageOfPage":{"@id":"https:\/\/radioinfinitagoya.com.ar\/v1\/2025\/07\/25\/colapinto-quedo-19-en-la-unica-practica-del-gran-premio-de-belgica-de-f1\/#primaryimage"},"image":{"@id":"https:\/\/radioinfinitagoya.com.ar\/v1\/2025\/07\/25\/colapinto-quedo-19-en-la-unica-practica-del-gran-premio-de-belgica-de-f1\/#primaryimage"},"thumbnailUrl":"https:\/\/radioinfinitagoya.com.ar\/v1\/wp-content\/uploads\/2025\/07\/GwuEb-LW4AAXPgT.jpg","datePublished":"2025-07-25T19:08:20+00:00","description":"El piloto argentino gir\u00f3 por primera vez al mando de su Alpine A525 en el Circuito de Spa-Francorchamps. A las 11.30 se desarrollar\u00e1 la sprint shootout.","breadcrumb":{"@id":"https:\/\/radioinfinitagoya.com.ar\/v1\/2025\/07\/25\/colapinto-quedo-19-en-la-unica-practica-del-gran-premio-de-belgica-de-f1\/#breadcrumb"},"inLanguage":"es-AR","potentialAction":[{"@type":"ReadAction","target":["https:\/\/radioinfinitagoya.com.ar\/v1\/2025\/07\/25\/colapinto-quedo-19-en-la-unica-practica-del-gran-premio-de-belgica-de-f1\/"]}]},{"@type":"ImageObject","inLanguage":"es-AR","@id":"https:\/\/radioinfinitagoya.com.ar\/v1\/2025\/07\/25\/colapinto-quedo-19-en-la-unica-practica-del-gran-premio-de-belgica-de-f1\/#primaryimage","url":"https:\/\/radioinfinitagoya.com.ar\/v1\/wp-content\/uploads\/2025\/07\/GwuEb-LW4AAXPgT.jpg","contentUrl":"https:\/\/radioinfinitagoya.com.ar\/v1\/wp-content\/uploads\/2025\/07\/GwuEb-LW4AAXPgT.jpg","width":2457,"height":1502},{"@type":"BreadcrumbList","@id":"https:\/\/radioinfinitagoya.com.ar\/v1\/2025\/07\/25\/colapinto-quedo-19-en-la-unica-practica-del-gran-premio-de-belgica-de-f1\/#breadcrumb","itemListElement":[{"@type":"ListItem","position":1,"name":"Inicio","item":"https:\/\/radioinfinitagoya.com.ar\/v1\/"},{"@type":"ListItem","position":2,"name":"Colapinto qued\u00f3 19\u00b0 en la \u00fanica pr\u00e1ctica del Gran Premio de B\u00e9lgica de F1"}]},{"@type":"WebSite","@id":"https:\/\/radioinfinitagoya.com.ar\/v1\/#website","url":"https:\/\/radioinfinitagoya.com.ar\/v1\/","name":"radioinfinitagoya.com.ar","description":"Radio de noticias","publisher":{"@id":"https:\/\/radioinfinitagoya.com.ar\/v1\/#organization"},"potentialAction":[{"@type":"SearchAction","target":{"@type":"EntryPoint","urlTemplate":"https:\/\/radioinfinitagoya.com.ar\/v1\/?s={search_term_string}"},"query-input":{"@type":"PropertyValueSpecification","valueRequired":true,"valueName":"search_term_string"}}],"inLanguage":"es-AR"},{"@type":"Organization","@id":"https:\/\/radioinfinitagoya.com.ar\/v1\/#organization","name":"Radio Infinita Goya","url":"https:\/\/radioinfinitagoya.com.ar\/v1\/","logo":{"@type":"ImageObject","inLanguage":"es-AR","@id":"https:\/\/radioinfinitagoya.com.ar\/v1\/#\/schema\/logo\/image\/","url":"https:\/\/radioinfinitagoya.com.ar\/v1\/wp-content\/uploads\/2019\/11\/logo-pie-web.png","contentUrl":"https:\/\/radioinfinitagoya.com.ar\/v1\/wp-content\/uploads\/2019\/11\/logo-pie-web.png","width":635,"height":326,"caption":"Radio Infinita Goya"},"image":{"@id":"https:\/\/radioinfinitagoya.com.ar\/v1\/#\/schema\/logo\/image\/"},"sameAs":["https:\/\/www.facebook.com\/p\/Infinita-Goya-100063870918311\/"]},{"@type":"Person","@id":"https:\/\/radioinfinitagoya.com.ar\/v1\/#\/schema\/person\/d4cf9c413d4f6edb24aabdccab49ca4a","name":"Jorge Mi\u00f1o","image":{"@type":"ImageObject","inLanguage":"es-AR","@id":"https:\/\/secure.gravatar.com\/avatar\/910fcf6728fe95320e07a6643c1581fec1c7fc4bf8ae12e3d8f0d0373dc844be?s=96&d=mm&r=g","url":"https:\/\/secure.gravatar.com\/avatar\/910fcf6728fe95320e07a6643c1581fec1c7fc4bf8ae12e3d8f0d0373dc844be?s=96&d=mm&r=g","contentUrl":"https:\/\/secure.gravatar.com\/avatar\/910fcf6728fe95320e07a6643c1581fec1c7fc4bf8ae12e3d8f0d0373dc844be?s=96&d=mm&r=g","caption":"Jorge Mi\u00f1o"},"sameAs":["http:\/\/radioinfinitagoya.com.ar"]}]}},"_links":{"self":[{"href":"https:\/\/radioinfinitagoya.com.ar\/v1\/wp-json\/wp\/v2\/posts\/193331","targetHints":{"allow":["GET"]}}],"collection":[{"href":"https:\/\/radioinfinitagoya.com.ar\/v1\/wp-json\/wp\/v2\/posts"}],"about":[{"href":"https:\/\/radioinfinitagoya.com.ar\/v1\/wp-json\/wp\/v2\/types\/post"}],"author":[{"embeddable":true,"href":"https:\/\/radioinfinitagoya.com.ar\/v1\/wp-json\/wp\/v2\/users\/4"}],"replies":[{"embeddable":true,"href":"https:\/\/radioinfinitagoya.com.ar\/v1\/wp-json\/wp\/v2\/comments?post=193331"}],"version-history":[{"count":0,"href":"https:\/\/radioinfinitagoya.com.ar\/v1\/wp-json\/wp\/v2\/posts\/193331\/revisions"}],"wp:featuredmedia":[{"embeddable":true,"href":"https:\/\/radioinfinitagoya.com.ar\/v1\/wp-json\/wp\/v2\/media\/193332"}],"wp:attachment":[{"href":"https:\/\/radioinfinitagoya.com.ar\/v1\/wp-json\/wp\/v2\/media?parent=193331"}],"wp:term":[{"taxonomy":"category","embeddable":true,"href":"https:\/\/radioinfinitagoya.com.ar\/v1\/wp-json\/wp\/v2\/categories?post=193331"},{"taxonomy":"post_tag","embeddable":true,"href":"https:\/\/radioinfinitagoya.com.ar\/v1\/wp-json\/wp\/v2\/tags?post=193331"}],"curies":[{"name":"wp","href":"https:\/\/api.w.org\/{rel}","templated":true}]}}