{"id":193334,"date":"2025-07-25T16:10:49","date_gmt":"2025-07-25T19:10:49","guid":{"rendered":"https:\/\/radioinfinitagoya.com.ar\/v1\/?p=193334"},"modified":"2025-07-25T16:10:49","modified_gmt":"2025-07-25T19:10:49","slug":"dylan-bordon-entrena-con-la-seleccion-argentina-en-espana","status":"publish","type":"post","link":"https:\/\/radioinfinitagoya.com.ar\/v1\/2025\/07\/25\/dylan-bordon-entrena-con-la-seleccion-argentina-en-espana\/","title":{"rendered":"Dylan Bord\u00f3n entrena con la selecci\u00f3n Argentina en Espa\u00f1a"},"content":{"rendered":"<p>El base correntino forma parte del trabajo que lidera Pablo Prigioni.<\/p>\n<p>Con la presencia del correntino Dylan Bord\u00f3n, la selecci\u00f3n Argentina de b\u00e1squetbol comenz\u00f3 sus entrenamientos en Madrid que servir\u00e1n como preparaci\u00f3n para la AmeriCup 2025 (22 al 31 de agosto en Managua, Nicaragua).<\/p>\n<p>La Ciudad Deportiva del Real Madrid aloj\u00f3 al equipo en su primera pr\u00e1ctica y all\u00ed est\u00e1 Bord\u00f3n, uno de los bajes \u201cjuveniles\u201d que eligi\u00f3 el DT Pablo Prigioni para esta convocatoria.<\/p>\n<p>De los 20 jugadores convocados, 16 estuvieron a disposici\u00f3n para el primer entrenamiento. Jos\u00e9 Vildoza, Bautista Lugarini, Lee Aaliya y Alex Negrete, todos ellos finalistas de La Liga Nacional, arribar\u00e1n a Espa\u00f1a en los pr\u00f3ximos d\u00edas.<\/p>\n<p>Entre los presentes, en Madrid est\u00e1n Facundo Campazzo, Nicol\u00e1s Brussino, Gabriel Deck, Juan Fern\u00e1ndez, Nicol\u00e1s Laprovittola, Juan Ignacio Marcos y Juan Pablo Vaulet.<\/p>\n<p>Pablo Prigioni est\u00e1 acompa\u00f1ado en Madrid por Nicol\u00e1s Casal\u00e1nguida, Guido Fabbris y Pablo Albertinazzi como entrenadores asistentes, mientras que Juan Gatti y Pablo Favarel tambi\u00e9n se sumaron como colaboradores en estos d\u00edas de trabajo.<\/p>\n<p>El Departamento de Selecciones Nacionales diagram\u00f3 una serie de 10 partidos amistosos internacionales en tres pa\u00edses. Todos los amistosos podr\u00e1n verse en vivo y en directo por B\u00e1squet Pass.<\/p>\n<p>En Madrid el equipo disputar\u00e1 seis partidos para luego, el 14 de agosto viajar\u00e1 a Bologna para enfrentar a Italia, en otro duelo de alto nivel competitivo. Finalmente, participar\u00e1 de un cuadrangular internacional en Panam\u00e1 entre el 17 y el 19 de agosto, ante tres rivales que tambi\u00e9n ser\u00e1n parte de la AmeriCup.<\/p>\n","protected":false},"excerpt":{"rendered":"<p>El base correntino forma parte del trabajo que lidera Pablo Prigioni. Con la presencia del correntino Dylan Bord\u00f3n, la selecci\u00f3n Argentina de b\u00e1squetbol comenz\u00f3 sus entrenamientos en Madrid que servir\u00e1n como preparaci\u00f3n para la AmeriCup 2025 (22 al 31 de agosto en Managua, Nicaragua). La Ciudad Deportiva del Real Madrid aloj\u00f3 al equipo en su [&hellip;]<\/p>\n","protected":false},"author":4,"featured_media":193335,"comment_status":"closed","ping_status":"closed","sticky":false,"template":"","format":"standard","meta":{"_joinchat":[],"footnotes":""},"categories":[28],"tags":[],"class_list":{"0":"post-193334","1":"post","2":"type-post","3":"status-publish","4":"format-standard","5":"has-post-thumbnail","7":"category-deportes"},"yoast_head":"<!-- This site is optimized with the Yoast SEO plugin v27.2 - https:\/\/yoast.com\/product\/yoast-seo-wordpress\/ -->\n<title>Dylan Bord\u00f3n entrena con la selecci\u00f3n Argentina en Espa\u00f1a - Radio Infinita Goya<\/title>\n<meta name=\"description\" content=\"El base correntino forma parte del trabajo que lidera Pablo Prigioni. Con la presencia del correntino Dylan Bord\u00f3n, la selecci\u00f3n Argentina de b\u00e1squetbol\" \/>\n<meta name=\"robots\" content=\"index, follow, max-snippet:-1, max-image-preview:large, max-video-preview:-1\" \/>\n<link rel=\"canonical\" href=\"https:\/\/radioinfinitagoya.com.ar\/v1\/2025\/07\/25\/dylan-bordon-entrena-con-la-seleccion-argentina-en-espana\/\" \/>\n<meta property=\"og:locale\" content=\"es_ES\" \/>\n<meta property=\"og:type\" content=\"article\" \/>\n<meta property=\"og:title\" content=\"Dylan Bord\u00f3n entrena con la selecci\u00f3n Argentina en Espa\u00f1a - Radio Infinita Goya\" \/>\n<meta property=\"og:description\" content=\"El base correntino forma parte del trabajo que lidera Pablo Prigioni. Con la presencia del correntino Dylan Bord\u00f3n, la selecci\u00f3n Argentina de b\u00e1squetbol\" \/>\n<meta property=\"og:url\" content=\"https:\/\/radioinfinitagoya.com.ar\/v1\/2025\/07\/25\/dylan-bordon-entrena-con-la-seleccion-argentina-en-espana\/\" \/>\n<meta property=\"og:site_name\" content=\"Radio Infinita Goya\" \/>\n<meta property=\"article:publisher\" content=\"https:\/\/www.facebook.com\/p\/Infinita-Goya-100063870918311\/\" \/>\n<meta property=\"article:published_time\" content=\"2025-07-25T19:10:49+00:00\" \/>\n<meta property=\"og:image\" content=\"https:\/\/radioinfinitagoya.com.ar\/v1\/wp-content\/uploads\/2025\/07\/1753402820403.webp\" \/>\n\t<meta property=\"og:image:width\" content=\"1200\" \/>\n\t<meta property=\"og:image:height\" content=\"675\" \/>\n\t<meta property=\"og:image:type\" content=\"image\/webp\" \/>\n<meta name=\"author\" content=\"Jorge Mi\u00f1o\" \/>\n<meta name=\"twitter:card\" content=\"summary_large_image\" \/>\n<meta name=\"twitter:label1\" content=\"Escrito por\" \/>\n\t<meta name=\"twitter:data1\" content=\"Jorge Mi\u00f1o\" \/>\n\t<meta name=\"twitter:label2\" content=\"Tiempo de lectura\" \/>\n\t<meta name=\"twitter:data2\" content=\"2 minutos\" \/>\n<script type=\"application\/ld+json\" class=\"yoast-schema-graph\">{\"@context\":\"https:\/\/schema.org\",\"@graph\":[{\"@type\":\"Article\",\"@id\":\"https:\/\/radioinfinitagoya.com.ar\/v1\/2025\/07\/25\/dylan-bordon-entrena-con-la-seleccion-argentina-en-espana\/#article\",\"isPartOf\":{\"@id\":\"https:\/\/radioinfinitagoya.com.ar\/v1\/2025\/07\/25\/dylan-bordon-entrena-con-la-seleccion-argentina-en-espana\/\"},\"author\":{\"name\":\"Jorge Mi\u00f1o\",\"@id\":\"https:\/\/radioinfinitagoya.com.ar\/v1\/#\/schema\/person\/d4cf9c413d4f6edb24aabdccab49ca4a\"},\"headline\":\"Dylan Bord\u00f3n entrena con la selecci\u00f3n Argentina en Espa\u00f1a\",\"datePublished\":\"2025-07-25T19:10:49+00:00\",\"mainEntityOfPage\":{\"@id\":\"https:\/\/radioinfinitagoya.com.ar\/v1\/2025\/07\/25\/dylan-bordon-entrena-con-la-seleccion-argentina-en-espana\/\"},\"wordCount\":279,\"publisher\":{\"@id\":\"https:\/\/radioinfinitagoya.com.ar\/v1\/#organization\"},\"image\":{\"@id\":\"https:\/\/radioinfinitagoya.com.ar\/v1\/2025\/07\/25\/dylan-bordon-entrena-con-la-seleccion-argentina-en-espana\/#primaryimage\"},\"thumbnailUrl\":\"https:\/\/radioinfinitagoya.com.ar\/v1\/wp-content\/uploads\/2025\/07\/1753402820403.webp\",\"articleSection\":[\"DEPORTES\"],\"inLanguage\":\"es-AR\"},{\"@type\":\"WebPage\",\"@id\":\"https:\/\/radioinfinitagoya.com.ar\/v1\/2025\/07\/25\/dylan-bordon-entrena-con-la-seleccion-argentina-en-espana\/\",\"url\":\"https:\/\/radioinfinitagoya.com.ar\/v1\/2025\/07\/25\/dylan-bordon-entrena-con-la-seleccion-argentina-en-espana\/\",\"name\":\"Dylan Bord\u00f3n entrena con la selecci\u00f3n Argentina en Espa\u00f1a - Radio Infinita Goya\",\"isPartOf\":{\"@id\":\"https:\/\/radioinfinitagoya.com.ar\/v1\/#website\"},\"primaryImageOfPage\":{\"@id\":\"https:\/\/radioinfinitagoya.com.ar\/v1\/2025\/07\/25\/dylan-bordon-entrena-con-la-seleccion-argentina-en-espana\/#primaryimage\"},\"image\":{\"@id\":\"https:\/\/radioinfinitagoya.com.ar\/v1\/2025\/07\/25\/dylan-bordon-entrena-con-la-seleccion-argentina-en-espana\/#primaryimage\"},\"thumbnailUrl\":\"https:\/\/radioinfinitagoya.com.ar\/v1\/wp-content\/uploads\/2025\/07\/1753402820403.webp\",\"datePublished\":\"2025-07-25T19:10:49+00:00\",\"description\":\"El base correntino forma parte del trabajo que lidera Pablo Prigioni. Con la presencia del correntino Dylan Bord\u00f3n, la selecci\u00f3n Argentina de b\u00e1squetbol\",\"breadcrumb\":{\"@id\":\"https:\/\/radioinfinitagoya.com.ar\/v1\/2025\/07\/25\/dylan-bordon-entrena-con-la-seleccion-argentina-en-espana\/#breadcrumb\"},\"inLanguage\":\"es-AR\",\"potentialAction\":[{\"@type\":\"ReadAction\",\"target\":[\"https:\/\/radioinfinitagoya.com.ar\/v1\/2025\/07\/25\/dylan-bordon-entrena-con-la-seleccion-argentina-en-espana\/\"]}]},{\"@type\":\"ImageObject\",\"inLanguage\":\"es-AR\",\"@id\":\"https:\/\/radioinfinitagoya.com.ar\/v1\/2025\/07\/25\/dylan-bordon-entrena-con-la-seleccion-argentina-en-espana\/#primaryimage\",\"url\":\"https:\/\/radioinfinitagoya.com.ar\/v1\/wp-content\/uploads\/2025\/07\/1753402820403.webp\",\"contentUrl\":\"https:\/\/radioinfinitagoya.com.ar\/v1\/wp-content\/uploads\/2025\/07\/1753402820403.webp\",\"width\":1200,\"height\":675},{\"@type\":\"BreadcrumbList\",\"@id\":\"https:\/\/radioinfinitagoya.com.ar\/v1\/2025\/07\/25\/dylan-bordon-entrena-con-la-seleccion-argentina-en-espana\/#breadcrumb\",\"itemListElement\":[{\"@type\":\"ListItem\",\"position\":1,\"name\":\"Inicio\",\"item\":\"https:\/\/radioinfinitagoya.com.ar\/v1\/\"},{\"@type\":\"ListItem\",\"position\":2,\"name\":\"Dylan Bord\u00f3n entrena con la selecci\u00f3n Argentina en Espa\u00f1a\"}]},{\"@type\":\"WebSite\",\"@id\":\"https:\/\/radioinfinitagoya.com.ar\/v1\/#website\",\"url\":\"https:\/\/radioinfinitagoya.com.ar\/v1\/\",\"name\":\"radioinfinitagoya.com.ar\",\"description\":\"Radio de noticias\",\"publisher\":{\"@id\":\"https:\/\/radioinfinitagoya.com.ar\/v1\/#organization\"},\"potentialAction\":[{\"@type\":\"SearchAction\",\"target\":{\"@type\":\"EntryPoint\",\"urlTemplate\":\"https:\/\/radioinfinitagoya.com.ar\/v1\/?s={search_term_string}\"},\"query-input\":{\"@type\":\"PropertyValueSpecification\",\"valueRequired\":true,\"valueName\":\"search_term_string\"}}],\"inLanguage\":\"es-AR\"},{\"@type\":\"Organization\",\"@id\":\"https:\/\/radioinfinitagoya.com.ar\/v1\/#organization\",\"name\":\"Radio Infinita Goya\",\"url\":\"https:\/\/radioinfinitagoya.com.ar\/v1\/\",\"logo\":{\"@type\":\"ImageObject\",\"inLanguage\":\"es-AR\",\"@id\":\"https:\/\/radioinfinitagoya.com.ar\/v1\/#\/schema\/logo\/image\/\",\"url\":\"https:\/\/radioinfinitagoya.com.ar\/v1\/wp-content\/uploads\/2019\/11\/logo-pie-web.png\",\"contentUrl\":\"https:\/\/radioinfinitagoya.com.ar\/v1\/wp-content\/uploads\/2019\/11\/logo-pie-web.png\",\"width\":635,\"height\":326,\"caption\":\"Radio Infinita Goya\"},\"image\":{\"@id\":\"https:\/\/radioinfinitagoya.com.ar\/v1\/#\/schema\/logo\/image\/\"},\"sameAs\":[\"https:\/\/www.facebook.com\/p\/Infinita-Goya-100063870918311\/\"]},{\"@type\":\"Person\",\"@id\":\"https:\/\/radioinfinitagoya.com.ar\/v1\/#\/schema\/person\/d4cf9c413d4f6edb24aabdccab49ca4a\",\"name\":\"Jorge Mi\u00f1o\",\"image\":{\"@type\":\"ImageObject\",\"inLanguage\":\"es-AR\",\"@id\":\"https:\/\/secure.gravatar.com\/avatar\/910fcf6728fe95320e07a6643c1581fec1c7fc4bf8ae12e3d8f0d0373dc844be?s=96&d=mm&r=g\",\"url\":\"https:\/\/secure.gravatar.com\/avatar\/910fcf6728fe95320e07a6643c1581fec1c7fc4bf8ae12e3d8f0d0373dc844be?s=96&d=mm&r=g\",\"contentUrl\":\"https:\/\/secure.gravatar.com\/avatar\/910fcf6728fe95320e07a6643c1581fec1c7fc4bf8ae12e3d8f0d0373dc844be?s=96&d=mm&r=g\",\"caption\":\"Jorge Mi\u00f1o\"},\"sameAs\":[\"http:\/\/radioinfinitagoya.com.ar\"]}]}<\/script>\n<!-- \/ Yoast SEO plugin. -->","yoast_head_json":{"title":"Dylan Bord\u00f3n entrena con la selecci\u00f3n Argentina en Espa\u00f1a - Radio Infinita Goya","description":"El base correntino forma parte del trabajo que lidera Pablo Prigioni. Con la presencia del correntino Dylan Bord\u00f3n, la selecci\u00f3n Argentina de b\u00e1squetbol","robots":{"index":"index","follow":"follow","max-snippet":"max-snippet:-1","max-image-preview":"max-image-preview:large","max-video-preview":"max-video-preview:-1"},"canonical":"https:\/\/radioinfinitagoya.com.ar\/v1\/2025\/07\/25\/dylan-bordon-entrena-con-la-seleccion-argentina-en-espana\/","og_locale":"es_ES","og_type":"article","og_title":"Dylan Bord\u00f3n entrena con la selecci\u00f3n Argentina en Espa\u00f1a - Radio Infinita Goya","og_description":"El base correntino forma parte del trabajo que lidera Pablo Prigioni. Con la presencia del correntino Dylan Bord\u00f3n, la selecci\u00f3n Argentina de b\u00e1squetbol","og_url":"https:\/\/radioinfinitagoya.com.ar\/v1\/2025\/07\/25\/dylan-bordon-entrena-con-la-seleccion-argentina-en-espana\/","og_site_name":"Radio Infinita Goya","article_publisher":"https:\/\/www.facebook.com\/p\/Infinita-Goya-100063870918311\/","article_published_time":"2025-07-25T19:10:49+00:00","og_image":[{"width":1200,"height":675,"url":"https:\/\/radioinfinitagoya.com.ar\/v1\/wp-content\/uploads\/2025\/07\/1753402820403.webp","type":"image\/webp"}],"author":"Jorge Mi\u00f1o","twitter_card":"summary_large_image","twitter_misc":{"Escrito por":"Jorge Mi\u00f1o","Tiempo de lectura":"2 minutos"},"schema":{"@context":"https:\/\/schema.org","@graph":[{"@type":"Article","@id":"https:\/\/radioinfinitagoya.com.ar\/v1\/2025\/07\/25\/dylan-bordon-entrena-con-la-seleccion-argentina-en-espana\/#article","isPartOf":{"@id":"https:\/\/radioinfinitagoya.com.ar\/v1\/2025\/07\/25\/dylan-bordon-entrena-con-la-seleccion-argentina-en-espana\/"},"author":{"name":"Jorge Mi\u00f1o","@id":"https:\/\/radioinfinitagoya.com.ar\/v1\/#\/schema\/person\/d4cf9c413d4f6edb24aabdccab49ca4a"},"headline":"Dylan Bord\u00f3n entrena con la selecci\u00f3n Argentina en Espa\u00f1a","datePublished":"2025-07-25T19:10:49+00:00","mainEntityOfPage":{"@id":"https:\/\/radioinfinitagoya.com.ar\/v1\/2025\/07\/25\/dylan-bordon-entrena-con-la-seleccion-argentina-en-espana\/"},"wordCount":279,"publisher":{"@id":"https:\/\/radioinfinitagoya.com.ar\/v1\/#organization"},"image":{"@id":"https:\/\/radioinfinitagoya.com.ar\/v1\/2025\/07\/25\/dylan-bordon-entrena-con-la-seleccion-argentina-en-espana\/#primaryimage"},"thumbnailUrl":"https:\/\/radioinfinitagoya.com.ar\/v1\/wp-content\/uploads\/2025\/07\/1753402820403.webp","articleSection":["DEPORTES"],"inLanguage":"es-AR"},{"@type":"WebPage","@id":"https:\/\/radioinfinitagoya.com.ar\/v1\/2025\/07\/25\/dylan-bordon-entrena-con-la-seleccion-argentina-en-espana\/","url":"https:\/\/radioinfinitagoya.com.ar\/v1\/2025\/07\/25\/dylan-bordon-entrena-con-la-seleccion-argentina-en-espana\/","name":"Dylan Bord\u00f3n entrena con la selecci\u00f3n Argentina en Espa\u00f1a - Radio Infinita Goya","isPartOf":{"@id":"https:\/\/radioinfinitagoya.com.ar\/v1\/#website"},"primaryImageOfPage":{"@id":"https:\/\/radioinfinitagoya.com.ar\/v1\/2025\/07\/25\/dylan-bordon-entrena-con-la-seleccion-argentina-en-espana\/#primaryimage"},"image":{"@id":"https:\/\/radioinfinitagoya.com.ar\/v1\/2025\/07\/25\/dylan-bordon-entrena-con-la-seleccion-argentina-en-espana\/#primaryimage"},"thumbnailUrl":"https:\/\/radioinfinitagoya.com.ar\/v1\/wp-content\/uploads\/2025\/07\/1753402820403.webp","datePublished":"2025-07-25T19:10:49+00:00","description":"El base correntino forma parte del trabajo que lidera Pablo Prigioni. Con la presencia del correntino Dylan Bord\u00f3n, la selecci\u00f3n Argentina de b\u00e1squetbol","breadcrumb":{"@id":"https:\/\/radioinfinitagoya.com.ar\/v1\/2025\/07\/25\/dylan-bordon-entrena-con-la-seleccion-argentina-en-espana\/#breadcrumb"},"inLanguage":"es-AR","potentialAction":[{"@type":"ReadAction","target":["https:\/\/radioinfinitagoya.com.ar\/v1\/2025\/07\/25\/dylan-bordon-entrena-con-la-seleccion-argentina-en-espana\/"]}]},{"@type":"ImageObject","inLanguage":"es-AR","@id":"https:\/\/radioinfinitagoya.com.ar\/v1\/2025\/07\/25\/dylan-bordon-entrena-con-la-seleccion-argentina-en-espana\/#primaryimage","url":"https:\/\/radioinfinitagoya.com.ar\/v1\/wp-content\/uploads\/2025\/07\/1753402820403.webp","contentUrl":"https:\/\/radioinfinitagoya.com.ar\/v1\/wp-content\/uploads\/2025\/07\/1753402820403.webp","width":1200,"height":675},{"@type":"BreadcrumbList","@id":"https:\/\/radioinfinitagoya.com.ar\/v1\/2025\/07\/25\/dylan-bordon-entrena-con-la-seleccion-argentina-en-espana\/#breadcrumb","itemListElement":[{"@type":"ListItem","position":1,"name":"Inicio","item":"https:\/\/radioinfinitagoya.com.ar\/v1\/"},{"@type":"ListItem","position":2,"name":"Dylan Bord\u00f3n entrena con la selecci\u00f3n Argentina en Espa\u00f1a"}]},{"@type":"WebSite","@id":"https:\/\/radioinfinitagoya.com.ar\/v1\/#website","url":"https:\/\/radioinfinitagoya.com.ar\/v1\/","name":"radioinfinitagoya.com.ar","description":"Radio de noticias","publisher":{"@id":"https:\/\/radioinfinitagoya.com.ar\/v1\/#organization"},"potentialAction":[{"@type":"SearchAction","target":{"@type":"EntryPoint","urlTemplate":"https:\/\/radioinfinitagoya.com.ar\/v1\/?s={search_term_string}"},"query-input":{"@type":"PropertyValueSpecification","valueRequired":true,"valueName":"search_term_string"}}],"inLanguage":"es-AR"},{"@type":"Organization","@id":"https:\/\/radioinfinitagoya.com.ar\/v1\/#organization","name":"Radio Infinita Goya","url":"https:\/\/radioinfinitagoya.com.ar\/v1\/","logo":{"@type":"ImageObject","inLanguage":"es-AR","@id":"https:\/\/radioinfinitagoya.com.ar\/v1\/#\/schema\/logo\/image\/","url":"https:\/\/radioinfinitagoya.com.ar\/v1\/wp-content\/uploads\/2019\/11\/logo-pie-web.png","contentUrl":"https:\/\/radioinfinitagoya.com.ar\/v1\/wp-content\/uploads\/2019\/11\/logo-pie-web.png","width":635,"height":326,"caption":"Radio Infinita Goya"},"image":{"@id":"https:\/\/radioinfinitagoya.com.ar\/v1\/#\/schema\/logo\/image\/"},"sameAs":["https:\/\/www.facebook.com\/p\/Infinita-Goya-100063870918311\/"]},{"@type":"Person","@id":"https:\/\/radioinfinitagoya.com.ar\/v1\/#\/schema\/person\/d4cf9c413d4f6edb24aabdccab49ca4a","name":"Jorge Mi\u00f1o","image":{"@type":"ImageObject","inLanguage":"es-AR","@id":"https:\/\/secure.gravatar.com\/avatar\/910fcf6728fe95320e07a6643c1581fec1c7fc4bf8ae12e3d8f0d0373dc844be?s=96&d=mm&r=g","url":"https:\/\/secure.gravatar.com\/avatar\/910fcf6728fe95320e07a6643c1581fec1c7fc4bf8ae12e3d8f0d0373dc844be?s=96&d=mm&r=g","contentUrl":"https:\/\/secure.gravatar.com\/avatar\/910fcf6728fe95320e07a6643c1581fec1c7fc4bf8ae12e3d8f0d0373dc844be?s=96&d=mm&r=g","caption":"Jorge Mi\u00f1o"},"sameAs":["http:\/\/radioinfinitagoya.com.ar"]}]}},"_links":{"self":[{"href":"https:\/\/radioinfinitagoya.com.ar\/v1\/wp-json\/wp\/v2\/posts\/193334","targetHints":{"allow":["GET"]}}],"collection":[{"href":"https:\/\/radioinfinitagoya.com.ar\/v1\/wp-json\/wp\/v2\/posts"}],"about":[{"href":"https:\/\/radioinfinitagoya.com.ar\/v1\/wp-json\/wp\/v2\/types\/post"}],"author":[{"embeddable":true,"href":"https:\/\/radioinfinitagoya.com.ar\/v1\/wp-json\/wp\/v2\/users\/4"}],"replies":[{"embeddable":true,"href":"https:\/\/radioinfinitagoya.com.ar\/v1\/wp-json\/wp\/v2\/comments?post=193334"}],"version-history":[{"count":0,"href":"https:\/\/radioinfinitagoya.com.ar\/v1\/wp-json\/wp\/v2\/posts\/193334\/revisions"}],"wp:featuredmedia":[{"embeddable":true,"href":"https:\/\/radioinfinitagoya.com.ar\/v1\/wp-json\/wp\/v2\/media\/193335"}],"wp:attachment":[{"href":"https:\/\/radioinfinitagoya.com.ar\/v1\/wp-json\/wp\/v2\/media?parent=193334"}],"wp:term":[{"taxonomy":"category","embeddable":true,"href":"https:\/\/radioinfinitagoya.com.ar\/v1\/wp-json\/wp\/v2\/categories?post=193334"},{"taxonomy":"post_tag","embeddable":true,"href":"https:\/\/radioinfinitagoya.com.ar\/v1\/wp-json\/wp\/v2\/tags?post=193334"}],"curies":[{"name":"wp","href":"https:\/\/api.w.org\/{rel}","templated":true}]}}