{"id":193346,"date":"2025-07-25T16:26:58","date_gmt":"2025-07-25T19:26:58","guid":{"rendered":"https:\/\/radioinfinitagoya.com.ar\/v1\/?p=193346"},"modified":"2025-07-25T16:26:58","modified_gmt":"2025-07-25T19:26:58","slug":"el-gobierno-puso-en-marcha-el-proceso-de-privatizacion-de-enarsa","status":"publish","type":"post","link":"https:\/\/radioinfinitagoya.com.ar\/v1\/2025\/07\/25\/el-gobierno-puso-en-marcha-el-proceso-de-privatizacion-de-enarsa\/","title":{"rendered":"El Gobierno puso en marcha el proceso de privatizaci\u00f3n de Enarsa"},"content":{"rendered":"<p>Lo estableci\u00f3 con una resoluci\u00f3n en el Bolet\u00edn Oficial. As\u00ed el Ejecutivo empieza a desprenderse de los bienes de la empresa que controla la generaci\u00f3n y distribuci\u00f3n de energ\u00eda.<\/p>\n<p>El Gobierno dispuso el inicio de la privatizaci\u00f3n total de Energ\u00eda Argentina (Enarsa), la empresa que controla la generaci\u00f3n y distribuci\u00f3n de energ\u00eda. La gesti\u00f3n de Javier Milei estableci\u00f3 un plazo de ocho meses para concretar el pase a manos privadas del primer activo de esa compa\u00f1\u00eda, a trav\u00e9s de la resoluci\u00f3n 1050, publicada en el Bolet\u00edn Oficial.<\/p>\n<p>La normativa establece que la primera etapa del proceso se realizar\u00e1 mediante la venta de las acciones que Enarsa posee en la Compa\u00f1\u00eda Inversora en Transmisi\u00f3n El\u00e9ctrica (Citelec), controlante de Transener, la principal compa\u00f1\u00eda de transporte el\u00e9ctrico del pa\u00eds. La operaci\u00f3n se realizar\u00e1 a trav\u00e9s de un concurso p\u00fablico nacional e internacional.<\/p>\n<p>Citelec posee el 52,65% del capital accionario de Transener, lo que incluye la totalidad de las acciones clase A (51%) y un 1,65% de las acciones clase B, seg\u00fan informaron las autoridades. El resto de las acciones las tiene Pampa Energ\u00eda, de Marcelo Mindlin.<\/p>\n<p>El Ejecutivo instruy\u00f3 a la Agencia de Transformaci\u00f3n de Empresas P\u00fablicas a coordinar las acciones necesarias para avanzar con el proceso de privatizaci\u00f3n de Enarsa y a la contrataci\u00f3n de una entidad bancaria del sector p\u00fablico nacional para la tasaci\u00f3n del paquete accionario de Citelec.<\/p>\n<p>La Subsecretar\u00eda de Energ\u00eda El\u00e9ctrica ser\u00e1 la encargada de elaborar la documentaci\u00f3n t\u00e9cnica y contractual necesaria para la licitaci\u00f3n.<\/p>\n<p>Enarsa fue creada por la Ley 25.943 con el objetivo de realizar la exploraci\u00f3n y explotaci\u00f3n de los yacimientos de hidrocarburos s\u00f3lidos, l\u00edquidos y gaseosos junto al transporte, el almacenaje, la distribuci\u00f3n, la comercializaci\u00f3n e industrializaci\u00f3n de estos productos y sus derivados.<\/p>\n<p>Las claves del proceso de privatizaci\u00f3n de Enarsa<\/p>\n<p>El Gobierno inici\u00f3 el proceso de privatizaci\u00f3n de Enarsa, la empresa que controla la generaci\u00f3n y distribuci\u00f3n de energ\u00eda. Se realizar\u00e1 a trav\u00e9s de las plataformas CONTRAT.AR. Las principales claves de la resoluci\u00f3n 1050:<\/p>\n<p>-El proceso de privatizaci\u00f3n de Enarsa se iniciar\u00e1 por medio de la venta de las acciones que la empresa posee en la Citelec.<br \/>\n-Se estableci\u00f3 un plazo de ocho meses para concretar el pase a manos privadas.<br \/>\n-El desprendimiento de los distintos bienes de Enarsa se realizar\u00e1 en la plataforma CONTRAT.AR.<\/p>\n<p>-El mecanismo de privatizaci\u00f3n de Enarsa fue anunciado por el Gobierno en abril con la publicaci\u00f3n del decreto 286. \u201cLa privatizaci\u00f3n se desarrollar\u00e1 por etapas, con el fin de garantizar la continuidad de la prestaci\u00f3n de los servicios y de la ejecuci\u00f3n de las obras en curso que dicha empresa tiene a su cargo\u201d, aclar\u00f3 el documento.<\/p>\n<p>-Los otros negocios energ\u00e9ticos de Enarsa y que el Gobierno apunta a privatizar<\/p>\n<p>Como inform\u00f3 TN, la venta de las acciones que tiene el Estado en Transener, a trav\u00e9s de Citelec, es el inicio del proceso para desprenderse de toda la participaci\u00f3n que tiene Enarsa en los negocios energ\u00e9ticos.<\/p>\n<p>Tambi\u00e9n a trav\u00e9s de Citelec, tiene participaci\u00f3n en Transba, que se encarga del transporte de energ\u00eda el\u00e9ctrica de manera troncal en toda la provincia de Buenos Aires.<\/p>\n<p>Enarsa, adem\u00e1s, es socio mayoritario en dos centrales generadoras el\u00e9ctricas: tiene casi el 69% de las acciones de la termoel\u00e9ctrica San Mart\u00edn, en Timb\u00faes, Santa Fe; y el 65% de la termoel\u00e9ctrica Manuel Belgrano, en la ciudad bonaerense de Campana.<\/p>\n<p>A la vez, la compa\u00f1\u00eda estatal controla el 98% de Enarsa Servicios, a trav\u00e9s de la cual se dise\u00f1\u00f3 y control\u00f3 la construcci\u00f3n del gasoducto a Vaca Muerta y las obras complementarias, que permitir\u00e1n el a\u00f1o pr\u00f3ximo contar con una inyecci\u00f3n de combustible de 21 millones de metros c\u00fabicos. Ese gasoducto es operado por Transportadora Gas del Sur, que hizo una oferta para ampliar la capacidad de transporte y ahora espera la apertura de la licitaci\u00f3n, el lunes 28 de julio.<\/p>\n<p>Enarsa tambi\u00e9n estuvo a cargo del reversal del Norte, por el que se empez\u00f3 a vender el gas de Neuqu\u00e9n a Brasil, v\u00eda Bolivia.<br \/>\nPor otra parte, la firma estatal tiene el 90% de las acciones de Enarsa Patagonia, encargada de la exploraci\u00f3n y explotaci\u00f3n de pozos petroleros y gas del sur, y entre las que tambi\u00e9n figura la direcci\u00f3n de la obra de las represas de Santa Cruz, frenadas hace diciembre de 2023.<\/p>\n<p>Adem\u00e1s, controla el 80% del paquete accionario de Vientos de la Patagonia 1, parques e\u00f3licos en Chubut; y el 1,36% del parque e\u00f3lico Arauco, en La Rioja.<\/p>\n<p>La firma fue creada en 2004, cuando la petrolera YPF estaba en manos privadas.<\/p>\n<p>Adem\u00e1s, es la encargada en la importaci\u00f3n de gas por barco y de fueloil y gasoil para abastecer a las generadoras de energ\u00eda en \u00e9pocas de alta demanda del combustible como el invierno.<\/p>\n<p>Desde 2017, cuando hab\u00eda sido rebautizada como Integraci\u00f3n Energ\u00e9tica Argentina, absorbi\u00f3 Emprendimientos Energ\u00e9ticos Binacionales S.A. (EBISA), que se dedica a la venta de energ\u00eda el\u00e9ctrica generada en las centrales hidroel\u00e9ctricas binacionales (Yacyret\u00e1 y Salto Grande) y a los acuerdos de interconexi\u00f3n con Brasil, Paraguay y Uruguay.<\/p>\n<p>Enarsa es hoy controlada en 97,94% por el Estado nacional. Las provincias de Chubut, Formosa y R\u00edo Negro tienen 0,20% cada una; mientras las de Buenos Aires, C\u00f3rdoba, Corrientes, Chaco, Jujuy, La Pampa, Mendoza, Neuqu\u00e9n, San Juan, Santa Cruz, Santiago del Estero y Tierra del Fuego, 0,12% cada una. En tanto, Nucleoel\u00e9ctrica Argentina (NASA), que controla las centrales nucleares del pa\u00eds, tiene 0,01%.<\/p>\n","protected":false},"excerpt":{"rendered":"<p>Lo estableci\u00f3 con una resoluci\u00f3n en el Bolet\u00edn Oficial. As\u00ed el Ejecutivo empieza a desprenderse de los bienes de la empresa que controla la generaci\u00f3n y distribuci\u00f3n de energ\u00eda. El Gobierno dispuso el inicio de la privatizaci\u00f3n total de Energ\u00eda Argentina (Enarsa), la empresa que controla la generaci\u00f3n y distribuci\u00f3n de energ\u00eda. La gesti\u00f3n de [&hellip;]<\/p>\n","protected":false},"author":4,"featured_media":193347,"comment_status":"closed","ping_status":"closed","sticky":false,"template":"","format":"standard","meta":{"_joinchat":[],"footnotes":""},"categories":[29],"tags":[],"class_list":{"0":"post-193346","1":"post","2":"type-post","3":"status-publish","4":"format-standard","5":"has-post-thumbnail","7":"category-nacionales"},"yoast_head":"<!-- This site is optimized with the Yoast SEO plugin v27.2 - https:\/\/yoast.com\/product\/yoast-seo-wordpress\/ -->\n<title>El Gobierno puso en marcha el proceso de privatizaci\u00f3n de Enarsa - Radio Infinita Goya<\/title>\n<meta name=\"description\" content=\"Lo estableci\u00f3 con una resoluci\u00f3n en el Bolet\u00edn Oficial. As\u00ed el Ejecutivo empieza a desprenderse de los bienes de la empresa que controla la generaci\u00f3n y\" \/>\n<meta name=\"robots\" content=\"index, follow, max-snippet:-1, max-image-preview:large, max-video-preview:-1\" \/>\n<link rel=\"canonical\" href=\"https:\/\/radioinfinitagoya.com.ar\/v1\/2025\/07\/25\/el-gobierno-puso-en-marcha-el-proceso-de-privatizacion-de-enarsa\/\" \/>\n<meta property=\"og:locale\" content=\"es_ES\" \/>\n<meta property=\"og:type\" content=\"article\" \/>\n<meta property=\"og:title\" content=\"El Gobierno puso en marcha el proceso de privatizaci\u00f3n de Enarsa - Radio Infinita Goya\" \/>\n<meta property=\"og:description\" content=\"Lo estableci\u00f3 con una resoluci\u00f3n en el Bolet\u00edn Oficial. As\u00ed el Ejecutivo empieza a desprenderse de los bienes de la empresa que controla la generaci\u00f3n y\" \/>\n<meta property=\"og:url\" content=\"https:\/\/radioinfinitagoya.com.ar\/v1\/2025\/07\/25\/el-gobierno-puso-en-marcha-el-proceso-de-privatizacion-de-enarsa\/\" \/>\n<meta property=\"og:site_name\" content=\"Radio Infinita Goya\" \/>\n<meta property=\"article:publisher\" content=\"https:\/\/www.facebook.com\/p\/Infinita-Goya-100063870918311\/\" \/>\n<meta property=\"article:published_time\" content=\"2025-07-25T19:26:58+00:00\" \/>\n<meta property=\"og:image\" content=\"https:\/\/radioinfinitagoya.com.ar\/v1\/wp-content\/uploads\/2025\/07\/zwVHMcHt.jpg\" \/>\n\t<meta property=\"og:image:width\" content=\"620\" \/>\n\t<meta property=\"og:image:height\" content=\"349\" \/>\n\t<meta property=\"og:image:type\" content=\"image\/jpeg\" \/>\n<meta name=\"author\" content=\"Jorge Mi\u00f1o\" \/>\n<meta name=\"twitter:card\" content=\"summary_large_image\" \/>\n<meta name=\"twitter:label1\" content=\"Escrito por\" \/>\n\t<meta name=\"twitter:data1\" content=\"Jorge Mi\u00f1o\" \/>\n\t<meta name=\"twitter:label2\" content=\"Tiempo de lectura\" \/>\n\t<meta name=\"twitter:data2\" content=\"5 minutos\" \/>\n<script type=\"application\/ld+json\" class=\"yoast-schema-graph\">{\"@context\":\"https:\/\/schema.org\",\"@graph\":[{\"@type\":\"Article\",\"@id\":\"https:\/\/radioinfinitagoya.com.ar\/v1\/2025\/07\/25\/el-gobierno-puso-en-marcha-el-proceso-de-privatizacion-de-enarsa\/#article\",\"isPartOf\":{\"@id\":\"https:\/\/radioinfinitagoya.com.ar\/v1\/2025\/07\/25\/el-gobierno-puso-en-marcha-el-proceso-de-privatizacion-de-enarsa\/\"},\"author\":{\"name\":\"Jorge Mi\u00f1o\",\"@id\":\"https:\/\/radioinfinitagoya.com.ar\/v1\/#\/schema\/person\/d4cf9c413d4f6edb24aabdccab49ca4a\"},\"headline\":\"El Gobierno puso en marcha el proceso de privatizaci\u00f3n de Enarsa\",\"datePublished\":\"2025-07-25T19:26:58+00:00\",\"mainEntityOfPage\":{\"@id\":\"https:\/\/radioinfinitagoya.com.ar\/v1\/2025\/07\/25\/el-gobierno-puso-en-marcha-el-proceso-de-privatizacion-de-enarsa\/\"},\"wordCount\":993,\"publisher\":{\"@id\":\"https:\/\/radioinfinitagoya.com.ar\/v1\/#organization\"},\"image\":{\"@id\":\"https:\/\/radioinfinitagoya.com.ar\/v1\/2025\/07\/25\/el-gobierno-puso-en-marcha-el-proceso-de-privatizacion-de-enarsa\/#primaryimage\"},\"thumbnailUrl\":\"https:\/\/radioinfinitagoya.com.ar\/v1\/wp-content\/uploads\/2025\/07\/zwVHMcHt.jpg\",\"articleSection\":[\"NACIONALES\"],\"inLanguage\":\"es-AR\"},{\"@type\":\"WebPage\",\"@id\":\"https:\/\/radioinfinitagoya.com.ar\/v1\/2025\/07\/25\/el-gobierno-puso-en-marcha-el-proceso-de-privatizacion-de-enarsa\/\",\"url\":\"https:\/\/radioinfinitagoya.com.ar\/v1\/2025\/07\/25\/el-gobierno-puso-en-marcha-el-proceso-de-privatizacion-de-enarsa\/\",\"name\":\"El Gobierno puso en marcha el proceso de privatizaci\u00f3n de Enarsa - Radio Infinita Goya\",\"isPartOf\":{\"@id\":\"https:\/\/radioinfinitagoya.com.ar\/v1\/#website\"},\"primaryImageOfPage\":{\"@id\":\"https:\/\/radioinfinitagoya.com.ar\/v1\/2025\/07\/25\/el-gobierno-puso-en-marcha-el-proceso-de-privatizacion-de-enarsa\/#primaryimage\"},\"image\":{\"@id\":\"https:\/\/radioinfinitagoya.com.ar\/v1\/2025\/07\/25\/el-gobierno-puso-en-marcha-el-proceso-de-privatizacion-de-enarsa\/#primaryimage\"},\"thumbnailUrl\":\"https:\/\/radioinfinitagoya.com.ar\/v1\/wp-content\/uploads\/2025\/07\/zwVHMcHt.jpg\",\"datePublished\":\"2025-07-25T19:26:58+00:00\",\"description\":\"Lo estableci\u00f3 con una resoluci\u00f3n en el Bolet\u00edn Oficial. As\u00ed el Ejecutivo empieza a desprenderse de los bienes de la empresa que controla la generaci\u00f3n y\",\"breadcrumb\":{\"@id\":\"https:\/\/radioinfinitagoya.com.ar\/v1\/2025\/07\/25\/el-gobierno-puso-en-marcha-el-proceso-de-privatizacion-de-enarsa\/#breadcrumb\"},\"inLanguage\":\"es-AR\",\"potentialAction\":[{\"@type\":\"ReadAction\",\"target\":[\"https:\/\/radioinfinitagoya.com.ar\/v1\/2025\/07\/25\/el-gobierno-puso-en-marcha-el-proceso-de-privatizacion-de-enarsa\/\"]}]},{\"@type\":\"ImageObject\",\"inLanguage\":\"es-AR\",\"@id\":\"https:\/\/radioinfinitagoya.com.ar\/v1\/2025\/07\/25\/el-gobierno-puso-en-marcha-el-proceso-de-privatizacion-de-enarsa\/#primaryimage\",\"url\":\"https:\/\/radioinfinitagoya.com.ar\/v1\/wp-content\/uploads\/2025\/07\/zwVHMcHt.jpg\",\"contentUrl\":\"https:\/\/radioinfinitagoya.com.ar\/v1\/wp-content\/uploads\/2025\/07\/zwVHMcHt.jpg\",\"width\":620,\"height\":349},{\"@type\":\"BreadcrumbList\",\"@id\":\"https:\/\/radioinfinitagoya.com.ar\/v1\/2025\/07\/25\/el-gobierno-puso-en-marcha-el-proceso-de-privatizacion-de-enarsa\/#breadcrumb\",\"itemListElement\":[{\"@type\":\"ListItem\",\"position\":1,\"name\":\"Inicio\",\"item\":\"https:\/\/radioinfinitagoya.com.ar\/v1\/\"},{\"@type\":\"ListItem\",\"position\":2,\"name\":\"El Gobierno puso en marcha el proceso de privatizaci\u00f3n de Enarsa\"}]},{\"@type\":\"WebSite\",\"@id\":\"https:\/\/radioinfinitagoya.com.ar\/v1\/#website\",\"url\":\"https:\/\/radioinfinitagoya.com.ar\/v1\/\",\"name\":\"radioinfinitagoya.com.ar\",\"description\":\"Radio de noticias\",\"publisher\":{\"@id\":\"https:\/\/radioinfinitagoya.com.ar\/v1\/#organization\"},\"potentialAction\":[{\"@type\":\"SearchAction\",\"target\":{\"@type\":\"EntryPoint\",\"urlTemplate\":\"https:\/\/radioinfinitagoya.com.ar\/v1\/?s={search_term_string}\"},\"query-input\":{\"@type\":\"PropertyValueSpecification\",\"valueRequired\":true,\"valueName\":\"search_term_string\"}}],\"inLanguage\":\"es-AR\"},{\"@type\":\"Organization\",\"@id\":\"https:\/\/radioinfinitagoya.com.ar\/v1\/#organization\",\"name\":\"Radio Infinita Goya\",\"url\":\"https:\/\/radioinfinitagoya.com.ar\/v1\/\",\"logo\":{\"@type\":\"ImageObject\",\"inLanguage\":\"es-AR\",\"@id\":\"https:\/\/radioinfinitagoya.com.ar\/v1\/#\/schema\/logo\/image\/\",\"url\":\"https:\/\/radioinfinitagoya.com.ar\/v1\/wp-content\/uploads\/2019\/11\/logo-pie-web.png\",\"contentUrl\":\"https:\/\/radioinfinitagoya.com.ar\/v1\/wp-content\/uploads\/2019\/11\/logo-pie-web.png\",\"width\":635,\"height\":326,\"caption\":\"Radio Infinita Goya\"},\"image\":{\"@id\":\"https:\/\/radioinfinitagoya.com.ar\/v1\/#\/schema\/logo\/image\/\"},\"sameAs\":[\"https:\/\/www.facebook.com\/p\/Infinita-Goya-100063870918311\/\"]},{\"@type\":\"Person\",\"@id\":\"https:\/\/radioinfinitagoya.com.ar\/v1\/#\/schema\/person\/d4cf9c413d4f6edb24aabdccab49ca4a\",\"name\":\"Jorge Mi\u00f1o\",\"image\":{\"@type\":\"ImageObject\",\"inLanguage\":\"es-AR\",\"@id\":\"https:\/\/secure.gravatar.com\/avatar\/910fcf6728fe95320e07a6643c1581fec1c7fc4bf8ae12e3d8f0d0373dc844be?s=96&d=mm&r=g\",\"url\":\"https:\/\/secure.gravatar.com\/avatar\/910fcf6728fe95320e07a6643c1581fec1c7fc4bf8ae12e3d8f0d0373dc844be?s=96&d=mm&r=g\",\"contentUrl\":\"https:\/\/secure.gravatar.com\/avatar\/910fcf6728fe95320e07a6643c1581fec1c7fc4bf8ae12e3d8f0d0373dc844be?s=96&d=mm&r=g\",\"caption\":\"Jorge Mi\u00f1o\"},\"sameAs\":[\"http:\/\/radioinfinitagoya.com.ar\"]}]}<\/script>\n<!-- \/ Yoast SEO plugin. -->","yoast_head_json":{"title":"El Gobierno puso en marcha el proceso de privatizaci\u00f3n de Enarsa - Radio Infinita Goya","description":"Lo estableci\u00f3 con una resoluci\u00f3n en el Bolet\u00edn Oficial. As\u00ed el Ejecutivo empieza a desprenderse de los bienes de la empresa que controla la generaci\u00f3n y","robots":{"index":"index","follow":"follow","max-snippet":"max-snippet:-1","max-image-preview":"max-image-preview:large","max-video-preview":"max-video-preview:-1"},"canonical":"https:\/\/radioinfinitagoya.com.ar\/v1\/2025\/07\/25\/el-gobierno-puso-en-marcha-el-proceso-de-privatizacion-de-enarsa\/","og_locale":"es_ES","og_type":"article","og_title":"El Gobierno puso en marcha el proceso de privatizaci\u00f3n de Enarsa - Radio Infinita Goya","og_description":"Lo estableci\u00f3 con una resoluci\u00f3n en el Bolet\u00edn Oficial. As\u00ed el Ejecutivo empieza a desprenderse de los bienes de la empresa que controla la generaci\u00f3n y","og_url":"https:\/\/radioinfinitagoya.com.ar\/v1\/2025\/07\/25\/el-gobierno-puso-en-marcha-el-proceso-de-privatizacion-de-enarsa\/","og_site_name":"Radio Infinita Goya","article_publisher":"https:\/\/www.facebook.com\/p\/Infinita-Goya-100063870918311\/","article_published_time":"2025-07-25T19:26:58+00:00","og_image":[{"width":620,"height":349,"url":"https:\/\/radioinfinitagoya.com.ar\/v1\/wp-content\/uploads\/2025\/07\/zwVHMcHt.jpg","type":"image\/jpeg"}],"author":"Jorge Mi\u00f1o","twitter_card":"summary_large_image","twitter_misc":{"Escrito por":"Jorge Mi\u00f1o","Tiempo de lectura":"5 minutos"},"schema":{"@context":"https:\/\/schema.org","@graph":[{"@type":"Article","@id":"https:\/\/radioinfinitagoya.com.ar\/v1\/2025\/07\/25\/el-gobierno-puso-en-marcha-el-proceso-de-privatizacion-de-enarsa\/#article","isPartOf":{"@id":"https:\/\/radioinfinitagoya.com.ar\/v1\/2025\/07\/25\/el-gobierno-puso-en-marcha-el-proceso-de-privatizacion-de-enarsa\/"},"author":{"name":"Jorge Mi\u00f1o","@id":"https:\/\/radioinfinitagoya.com.ar\/v1\/#\/schema\/person\/d4cf9c413d4f6edb24aabdccab49ca4a"},"headline":"El Gobierno puso en marcha el proceso de privatizaci\u00f3n de Enarsa","datePublished":"2025-07-25T19:26:58+00:00","mainEntityOfPage":{"@id":"https:\/\/radioinfinitagoya.com.ar\/v1\/2025\/07\/25\/el-gobierno-puso-en-marcha-el-proceso-de-privatizacion-de-enarsa\/"},"wordCount":993,"publisher":{"@id":"https:\/\/radioinfinitagoya.com.ar\/v1\/#organization"},"image":{"@id":"https:\/\/radioinfinitagoya.com.ar\/v1\/2025\/07\/25\/el-gobierno-puso-en-marcha-el-proceso-de-privatizacion-de-enarsa\/#primaryimage"},"thumbnailUrl":"https:\/\/radioinfinitagoya.com.ar\/v1\/wp-content\/uploads\/2025\/07\/zwVHMcHt.jpg","articleSection":["NACIONALES"],"inLanguage":"es-AR"},{"@type":"WebPage","@id":"https:\/\/radioinfinitagoya.com.ar\/v1\/2025\/07\/25\/el-gobierno-puso-en-marcha-el-proceso-de-privatizacion-de-enarsa\/","url":"https:\/\/radioinfinitagoya.com.ar\/v1\/2025\/07\/25\/el-gobierno-puso-en-marcha-el-proceso-de-privatizacion-de-enarsa\/","name":"El Gobierno puso en marcha el proceso de privatizaci\u00f3n de Enarsa - Radio Infinita Goya","isPartOf":{"@id":"https:\/\/radioinfinitagoya.com.ar\/v1\/#website"},"primaryImageOfPage":{"@id":"https:\/\/radioinfinitagoya.com.ar\/v1\/2025\/07\/25\/el-gobierno-puso-en-marcha-el-proceso-de-privatizacion-de-enarsa\/#primaryimage"},"image":{"@id":"https:\/\/radioinfinitagoya.com.ar\/v1\/2025\/07\/25\/el-gobierno-puso-en-marcha-el-proceso-de-privatizacion-de-enarsa\/#primaryimage"},"thumbnailUrl":"https:\/\/radioinfinitagoya.com.ar\/v1\/wp-content\/uploads\/2025\/07\/zwVHMcHt.jpg","datePublished":"2025-07-25T19:26:58+00:00","description":"Lo estableci\u00f3 con una resoluci\u00f3n en el Bolet\u00edn Oficial. As\u00ed el Ejecutivo empieza a desprenderse de los bienes de la empresa que controla la generaci\u00f3n y","breadcrumb":{"@id":"https:\/\/radioinfinitagoya.com.ar\/v1\/2025\/07\/25\/el-gobierno-puso-en-marcha-el-proceso-de-privatizacion-de-enarsa\/#breadcrumb"},"inLanguage":"es-AR","potentialAction":[{"@type":"ReadAction","target":["https:\/\/radioinfinitagoya.com.ar\/v1\/2025\/07\/25\/el-gobierno-puso-en-marcha-el-proceso-de-privatizacion-de-enarsa\/"]}]},{"@type":"ImageObject","inLanguage":"es-AR","@id":"https:\/\/radioinfinitagoya.com.ar\/v1\/2025\/07\/25\/el-gobierno-puso-en-marcha-el-proceso-de-privatizacion-de-enarsa\/#primaryimage","url":"https:\/\/radioinfinitagoya.com.ar\/v1\/wp-content\/uploads\/2025\/07\/zwVHMcHt.jpg","contentUrl":"https:\/\/radioinfinitagoya.com.ar\/v1\/wp-content\/uploads\/2025\/07\/zwVHMcHt.jpg","width":620,"height":349},{"@type":"BreadcrumbList","@id":"https:\/\/radioinfinitagoya.com.ar\/v1\/2025\/07\/25\/el-gobierno-puso-en-marcha-el-proceso-de-privatizacion-de-enarsa\/#breadcrumb","itemListElement":[{"@type":"ListItem","position":1,"name":"Inicio","item":"https:\/\/radioinfinitagoya.com.ar\/v1\/"},{"@type":"ListItem","position":2,"name":"El Gobierno puso en marcha el proceso de privatizaci\u00f3n de Enarsa"}]},{"@type":"WebSite","@id":"https:\/\/radioinfinitagoya.com.ar\/v1\/#website","url":"https:\/\/radioinfinitagoya.com.ar\/v1\/","name":"radioinfinitagoya.com.ar","description":"Radio de noticias","publisher":{"@id":"https:\/\/radioinfinitagoya.com.ar\/v1\/#organization"},"potentialAction":[{"@type":"SearchAction","target":{"@type":"EntryPoint","urlTemplate":"https:\/\/radioinfinitagoya.com.ar\/v1\/?s={search_term_string}"},"query-input":{"@type":"PropertyValueSpecification","valueRequired":true,"valueName":"search_term_string"}}],"inLanguage":"es-AR"},{"@type":"Organization","@id":"https:\/\/radioinfinitagoya.com.ar\/v1\/#organization","name":"Radio Infinita Goya","url":"https:\/\/radioinfinitagoya.com.ar\/v1\/","logo":{"@type":"ImageObject","inLanguage":"es-AR","@id":"https:\/\/radioinfinitagoya.com.ar\/v1\/#\/schema\/logo\/image\/","url":"https:\/\/radioinfinitagoya.com.ar\/v1\/wp-content\/uploads\/2019\/11\/logo-pie-web.png","contentUrl":"https:\/\/radioinfinitagoya.com.ar\/v1\/wp-content\/uploads\/2019\/11\/logo-pie-web.png","width":635,"height":326,"caption":"Radio Infinita Goya"},"image":{"@id":"https:\/\/radioinfinitagoya.com.ar\/v1\/#\/schema\/logo\/image\/"},"sameAs":["https:\/\/www.facebook.com\/p\/Infinita-Goya-100063870918311\/"]},{"@type":"Person","@id":"https:\/\/radioinfinitagoya.com.ar\/v1\/#\/schema\/person\/d4cf9c413d4f6edb24aabdccab49ca4a","name":"Jorge Mi\u00f1o","image":{"@type":"ImageObject","inLanguage":"es-AR","@id":"https:\/\/secure.gravatar.com\/avatar\/910fcf6728fe95320e07a6643c1581fec1c7fc4bf8ae12e3d8f0d0373dc844be?s=96&d=mm&r=g","url":"https:\/\/secure.gravatar.com\/avatar\/910fcf6728fe95320e07a6643c1581fec1c7fc4bf8ae12e3d8f0d0373dc844be?s=96&d=mm&r=g","contentUrl":"https:\/\/secure.gravatar.com\/avatar\/910fcf6728fe95320e07a6643c1581fec1c7fc4bf8ae12e3d8f0d0373dc844be?s=96&d=mm&r=g","caption":"Jorge Mi\u00f1o"},"sameAs":["http:\/\/radioinfinitagoya.com.ar"]}]}},"_links":{"self":[{"href":"https:\/\/radioinfinitagoya.com.ar\/v1\/wp-json\/wp\/v2\/posts\/193346","targetHints":{"allow":["GET"]}}],"collection":[{"href":"https:\/\/radioinfinitagoya.com.ar\/v1\/wp-json\/wp\/v2\/posts"}],"about":[{"href":"https:\/\/radioinfinitagoya.com.ar\/v1\/wp-json\/wp\/v2\/types\/post"}],"author":[{"embeddable":true,"href":"https:\/\/radioinfinitagoya.com.ar\/v1\/wp-json\/wp\/v2\/users\/4"}],"replies":[{"embeddable":true,"href":"https:\/\/radioinfinitagoya.com.ar\/v1\/wp-json\/wp\/v2\/comments?post=193346"}],"version-history":[{"count":0,"href":"https:\/\/radioinfinitagoya.com.ar\/v1\/wp-json\/wp\/v2\/posts\/193346\/revisions"}],"wp:featuredmedia":[{"embeddable":true,"href":"https:\/\/radioinfinitagoya.com.ar\/v1\/wp-json\/wp\/v2\/media\/193347"}],"wp:attachment":[{"href":"https:\/\/radioinfinitagoya.com.ar\/v1\/wp-json\/wp\/v2\/media?parent=193346"}],"wp:term":[{"taxonomy":"category","embeddable":true,"href":"https:\/\/radioinfinitagoya.com.ar\/v1\/wp-json\/wp\/v2\/categories?post=193346"},{"taxonomy":"post_tag","embeddable":true,"href":"https:\/\/radioinfinitagoya.com.ar\/v1\/wp-json\/wp\/v2\/tags?post=193346"}],"curies":[{"name":"wp","href":"https:\/\/api.w.org\/{rel}","templated":true}]}}