{"id":193355,"date":"2025-07-25T16:34:03","date_gmt":"2025-07-25T19:34:03","guid":{"rendered":"https:\/\/radioinfinitagoya.com.ar\/v1\/?p=193355"},"modified":"2025-07-25T16:34:03","modified_gmt":"2025-07-25T19:34:03","slug":"inversion-provincial-en-salud","status":"publish","type":"post","link":"https:\/\/radioinfinitagoya.com.ar\/v1\/2025\/07\/25\/inversion-provincial-en-salud\/","title":{"rendered":"Inversi\u00f3n provincial en salud"},"content":{"rendered":"<p>En lo que va de 2025 ya se destinaron $30 mil millones a la compra de medicamentos<\/p>\n<p>La pol\u00edtica de inclusi\u00f3n en la cartera sanitaria de la provincia se aborda tambi\u00e9n desde el abastecimiento de remedios. Algunos son de alto costo y para enfermedades espec\u00edficas: $300 millones de pesos mensuales se requieren en drogas para el tratamiento del c\u00e1ncer. El a\u00f1o pasado adem\u00e1s se volcaron en total $50 mil millones, y este 2025 la cifra ser\u00eda cerca del doble para abastecer con otros medicamentos. Tambi\u00e9n se fabrican 15 millones de pastillas de 30 remedios, que se distribuyen de manera gratuita a los pacientes en los Centros de Atenci\u00f3n Primaria.<\/p>\n<p>En el banco de drogas provincial, se invierten unos 300 millones de pesos mensuales en medicamentos para atender el c\u00e1ncer. Y en el resto de la medicaci\u00f3n, en lo que va del a\u00f1o ya se invirti\u00f3 unos 30 mil millones. A modo de comparaci\u00f3n, para comprar un tom\u00f3grafo se necesitar\u00edan unos $700 millones.<\/p>\n<p>\u201cCubrimos el 100% de la medicaci\u00f3n de los pacientes que no tienen obra social. Y si alg\u00fan paciente que tiene cobertura m\u00e9dica tiene la negativa formal de la obra social de comprar la medicaci\u00f3n, con ese instrumento nosotros podemos comprarlo, y se lo compramos\u201d, asegur\u00f3 el Ministro de Salud, Ricardo Cardozo.<\/p>\n<p>\u201cLa accesibilidad a los medicamentos es otra pol\u00edtica importante en materia de salud. M\u00e1s en este momento, en el que el costo de los medicamentos es muy alto, nos preocupamos por eso\u201d, sostuvo. En 2024, se invirtieron $50 mil millones en esa \u00e1rea. Y en lo que va de este a\u00f1o, ya son $30 mil millones. \u201cFabricamos a su vez unos 15 millones de pastillas al a\u00f1o en nuestra planta, de unos 30 productos, que se entregan de forma gratuita a las personas en las salas de atenci\u00f3n primaria: entre ellas metformina, antihipertensivos y antibi\u00f3ticos\u201d, record\u00f3 el Ministro.<\/p>\n<p>Con el objetivo de garantizar el acceso equitativo a la salud en toda la provincia, el Gobierno de Corrientes, a trav\u00e9s del Ministerio de Salud P\u00fablica, destin\u00f3 en los primeros meses del a\u00f1o un presupuesto superior a los $30 mil millones para la adquisici\u00f3n de medicamentos e insumos m\u00e9dicos esenciales para las farmacias hospitalarias, salas y centros de salud.<\/p>\n<p>La provisi\u00f3n, almacenamiento y distribuci\u00f3n se realizan a trav\u00e9s de la Droguer\u00eda Central de la provincia. Desde all\u00ed, cada semana se pone en marcha una de las cuatro rutas de repartos que llegan a 61 localidades y parajes correntinos, garantizando en forma mensual el abastecimiento a m\u00e1s de 200 efectores de salud. Los f\u00e1rmacos y suministros m\u00e9dicos tienen como destinatarios a los pacientes del sistema de salud p\u00fablica que lo requieran.<\/p>\n<p>Los fondos mencionados se invirtieron para la compra de medicamentos y materiales b\u00e1sicos para hospitales y salas, as\u00ed como a la adquisici\u00f3n de los insumos necesarios para programas clave como diabetes, salud mental, salud sexual y reproductiva, bancos de sangre, maternidad e infancia y odontolog\u00eda.<\/p>\n<p>SIN OBRA SOCIAL<\/p>\n<p>En el primer semestre del a\u00f1o, el Ministerio de Salud P\u00fablica de la Provincia destin\u00f3 $5.726 millones a la cobertura total de tratamientos, pr\u00f3tesis e intervenciones de alta complejidad para m\u00e1s de 3.500 pacientes sin obra social, como parte de una pol\u00edtica sanitaria centrada en la equidad y el acceso universal a la salud.<\/p>\n<p>\u201cNos enfocamos en dar una respuesta inmediata para que el paciente pueda iniciar su tratamiento lo antes posible, con una cobertura total por parte del estado provincial\u201d, explic\u00f3 Cardozo.<\/p>\n<p>Una de las principales partidas se destin\u00f3 a la adquisici\u00f3n de medicamentos de mediano y alto costo, con una inversi\u00f3n cercana a los 2.000 millones de pesos que permiti\u00f3 asistir a m\u00e1s de 1.750 personas. En su mayor\u00eda, se trata de pacientes con patolog\u00edas oncol\u00f3gicas cr\u00f3nicas, enfermedades card\u00edacas y tratamientos pedi\u00e1tricos.<\/p>\n<p>Por otro lado, se otorgaron m\u00e1s de 1.150 pr\u00f3tesis e insumos m\u00e9dicos de alto costo, con un desembolso que supera los 3.200 millones de pesos. Estos dispositivos devolvieron movilidad, autonom\u00eda y bienestar a personas que, de otra manera, no hubieran podido acceder a ellos.<\/p>\n<p>En cuanto a estudios m\u00e9dicos de alta complejidad y cirug\u00edas, se destinaron en los \u00faltimos meses unos 500 millones de pesos para que 660 pacientes puedan acceder a prestaciones m\u00e9dicas espec\u00edficas.<\/p>\n<p>Estas intervenciones son posibles gracias a un mecanismo implementado por la cartera sanitaria, que dispone de tres fondos permanentes exclusivos para brindar respuestas r\u00e1pidas y eficaces ante casos urgentes y de alto costo.<\/p>\n<p>RECORTES DE NACI\u00d3N<\/p>\n<p>\u201cAntes la Naci\u00f3n nos ayudaba, pero ahora cada vez env\u00edan menos medicamentos\u201d, se\u00f1al\u00f3 el Ministro. A la par de la situaci\u00f3n econ\u00f3mica cr\u00edtica para un buen n\u00famero de la poblaci\u00f3n, comprar los remedios es cada vez m\u00e1s complicado.<\/p>\n<p>\u201cIncluir Salud, el programa federal de cobertura m\u00e9dica asistencial que abarca a las personas discapacitadas, tiene cada vez un presupuesto m\u00e1s peque\u00f1o. A nosotros nos mandan una c\u00e1pita muy baja, que no logra cubrir las necesidades. Hoy el gobierno de la provincia tiene que salir a cubrir los d\u00e9ficits de lo que necesitan esas personas, que son vulnerables: pacientes discapacitados y oncol\u00f3gicos, muy pocos integrados a un esquema laboral, tienen un subsidio m\u00ednimo y nada m\u00e1s\u201d, detall\u00f3.<\/p>\n<p>Otro recorte del gobierno nacional se aplic\u00f3 a los pacientes que requieren di\u00e1lisis. Para cubrirlo, la provincia eroga unos 800 millones de pesos mensuales, al igual que las necesidades de sillas de ruedas o pr\u00f3tesis. \u201cAc\u00e1 tenemos enfermos con HIV que no reciben m\u00e1s la medicaci\u00f3n que enviaba la Naci\u00f3n. En teor\u00eda, son cosas que no estaban en nuestro presupuesto, pero que tenemos que cubrir y lo hacemos con esfuerzo. Tratamos que a nadie le falte\u201d, asegur\u00f3<\/p>\n<p>Direcci\u00f3n de Prensa \u2013 Municipalidad de Goya<\/p>\n","protected":false},"excerpt":{"rendered":"<p>En lo que va de 2025 ya se destinaron $30 mil millones a la compra de medicamentos La pol\u00edtica de inclusi\u00f3n en la cartera sanitaria de la provincia se aborda tambi\u00e9n desde el abastecimiento de remedios. Algunos son de alto costo y para enfermedades espec\u00edficas: $300 millones de pesos mensuales se requieren en drogas para [&hellip;]<\/p>\n","protected":false},"author":4,"featured_media":193356,"comment_status":"closed","ping_status":"closed","sticky":false,"template":"","format":"standard","meta":{"_joinchat":[],"footnotes":""},"categories":[27],"tags":[],"class_list":{"0":"post-193355","1":"post","2":"type-post","3":"status-publish","4":"format-standard","5":"has-post-thumbnail","7":"category-locales"},"yoast_head":"<!-- This site is optimized with the Yoast SEO plugin v27.2 - https:\/\/yoast.com\/product\/yoast-seo-wordpress\/ -->\n<title>Inversi\u00f3n provincial en salud - Radio Infinita Goya<\/title>\n<meta name=\"description\" content=\"En lo que va de 2025 ya se destinaron $30 mil millones a la compra de medicamentos La pol\u00edtica de inclusi\u00f3n en la cartera sanitaria de la provincia se\" \/>\n<meta name=\"robots\" content=\"index, follow, max-snippet:-1, max-image-preview:large, max-video-preview:-1\" \/>\n<link rel=\"canonical\" href=\"https:\/\/radioinfinitagoya.com.ar\/v1\/2025\/07\/25\/inversion-provincial-en-salud\/\" \/>\n<meta property=\"og:locale\" content=\"es_ES\" \/>\n<meta property=\"og:type\" content=\"article\" \/>\n<meta property=\"og:title\" content=\"Inversi\u00f3n provincial en salud - Radio Infinita Goya\" \/>\n<meta property=\"og:description\" content=\"En lo que va de 2025 ya se destinaron $30 mil millones a la compra de medicamentos La pol\u00edtica de inclusi\u00f3n en la cartera sanitaria de la provincia se\" \/>\n<meta property=\"og:url\" content=\"https:\/\/radioinfinitagoya.com.ar\/v1\/2025\/07\/25\/inversion-provincial-en-salud\/\" \/>\n<meta property=\"og:site_name\" content=\"Radio Infinita Goya\" \/>\n<meta property=\"article:publisher\" content=\"https:\/\/www.facebook.com\/p\/Infinita-Goya-100063870918311\/\" \/>\n<meta property=\"article:published_time\" content=\"2025-07-25T19:34:03+00:00\" \/>\n<meta property=\"og:image\" content=\"https:\/\/radioinfinitagoya.com.ar\/v1\/wp-content\/uploads\/2025\/07\/inversion_provincial_en_salud.jpg\" \/>\n\t<meta property=\"og:image:width\" content=\"848\" \/>\n\t<meta property=\"og:image:height\" content=\"477\" \/>\n\t<meta property=\"og:image:type\" content=\"image\/jpeg\" \/>\n<meta name=\"author\" content=\"Jorge Mi\u00f1o\" \/>\n<meta name=\"twitter:card\" content=\"summary_large_image\" \/>\n<meta name=\"twitter:label1\" content=\"Escrito por\" \/>\n\t<meta name=\"twitter:data1\" content=\"Jorge Mi\u00f1o\" \/>\n\t<meta name=\"twitter:label2\" content=\"Tiempo de lectura\" \/>\n\t<meta name=\"twitter:data2\" content=\"5 minutos\" \/>\n<script type=\"application\/ld+json\" class=\"yoast-schema-graph\">{\"@context\":\"https:\/\/schema.org\",\"@graph\":[{\"@type\":\"Article\",\"@id\":\"https:\/\/radioinfinitagoya.com.ar\/v1\/2025\/07\/25\/inversion-provincial-en-salud\/#article\",\"isPartOf\":{\"@id\":\"https:\/\/radioinfinitagoya.com.ar\/v1\/2025\/07\/25\/inversion-provincial-en-salud\/\"},\"author\":{\"name\":\"Jorge Mi\u00f1o\",\"@id\":\"https:\/\/radioinfinitagoya.com.ar\/v1\/#\/schema\/person\/d4cf9c413d4f6edb24aabdccab49ca4a\"},\"headline\":\"Inversi\u00f3n provincial en salud\",\"datePublished\":\"2025-07-25T19:34:03+00:00\",\"mainEntityOfPage\":{\"@id\":\"https:\/\/radioinfinitagoya.com.ar\/v1\/2025\/07\/25\/inversion-provincial-en-salud\/\"},\"wordCount\":999,\"publisher\":{\"@id\":\"https:\/\/radioinfinitagoya.com.ar\/v1\/#organization\"},\"image\":{\"@id\":\"https:\/\/radioinfinitagoya.com.ar\/v1\/2025\/07\/25\/inversion-provincial-en-salud\/#primaryimage\"},\"thumbnailUrl\":\"https:\/\/radioinfinitagoya.com.ar\/v1\/wp-content\/uploads\/2025\/07\/inversion_provincial_en_salud.jpg\",\"articleSection\":[\"LOCALES\"],\"inLanguage\":\"es-AR\"},{\"@type\":\"WebPage\",\"@id\":\"https:\/\/radioinfinitagoya.com.ar\/v1\/2025\/07\/25\/inversion-provincial-en-salud\/\",\"url\":\"https:\/\/radioinfinitagoya.com.ar\/v1\/2025\/07\/25\/inversion-provincial-en-salud\/\",\"name\":\"Inversi\u00f3n provincial en salud - Radio Infinita Goya\",\"isPartOf\":{\"@id\":\"https:\/\/radioinfinitagoya.com.ar\/v1\/#website\"},\"primaryImageOfPage\":{\"@id\":\"https:\/\/radioinfinitagoya.com.ar\/v1\/2025\/07\/25\/inversion-provincial-en-salud\/#primaryimage\"},\"image\":{\"@id\":\"https:\/\/radioinfinitagoya.com.ar\/v1\/2025\/07\/25\/inversion-provincial-en-salud\/#primaryimage\"},\"thumbnailUrl\":\"https:\/\/radioinfinitagoya.com.ar\/v1\/wp-content\/uploads\/2025\/07\/inversion_provincial_en_salud.jpg\",\"datePublished\":\"2025-07-25T19:34:03+00:00\",\"description\":\"En lo que va de 2025 ya se destinaron $30 mil millones a la compra de medicamentos La pol\u00edtica de inclusi\u00f3n en la cartera sanitaria de la provincia se\",\"breadcrumb\":{\"@id\":\"https:\/\/radioinfinitagoya.com.ar\/v1\/2025\/07\/25\/inversion-provincial-en-salud\/#breadcrumb\"},\"inLanguage\":\"es-AR\",\"potentialAction\":[{\"@type\":\"ReadAction\",\"target\":[\"https:\/\/radioinfinitagoya.com.ar\/v1\/2025\/07\/25\/inversion-provincial-en-salud\/\"]}]},{\"@type\":\"ImageObject\",\"inLanguage\":\"es-AR\",\"@id\":\"https:\/\/radioinfinitagoya.com.ar\/v1\/2025\/07\/25\/inversion-provincial-en-salud\/#primaryimage\",\"url\":\"https:\/\/radioinfinitagoya.com.ar\/v1\/wp-content\/uploads\/2025\/07\/inversion_provincial_en_salud.jpg\",\"contentUrl\":\"https:\/\/radioinfinitagoya.com.ar\/v1\/wp-content\/uploads\/2025\/07\/inversion_provincial_en_salud.jpg\",\"width\":848,\"height\":477},{\"@type\":\"BreadcrumbList\",\"@id\":\"https:\/\/radioinfinitagoya.com.ar\/v1\/2025\/07\/25\/inversion-provincial-en-salud\/#breadcrumb\",\"itemListElement\":[{\"@type\":\"ListItem\",\"position\":1,\"name\":\"Inicio\",\"item\":\"https:\/\/radioinfinitagoya.com.ar\/v1\/\"},{\"@type\":\"ListItem\",\"position\":2,\"name\":\"Inversi\u00f3n provincial en salud\"}]},{\"@type\":\"WebSite\",\"@id\":\"https:\/\/radioinfinitagoya.com.ar\/v1\/#website\",\"url\":\"https:\/\/radioinfinitagoya.com.ar\/v1\/\",\"name\":\"radioinfinitagoya.com.ar\",\"description\":\"Radio de noticias\",\"publisher\":{\"@id\":\"https:\/\/radioinfinitagoya.com.ar\/v1\/#organization\"},\"potentialAction\":[{\"@type\":\"SearchAction\",\"target\":{\"@type\":\"EntryPoint\",\"urlTemplate\":\"https:\/\/radioinfinitagoya.com.ar\/v1\/?s={search_term_string}\"},\"query-input\":{\"@type\":\"PropertyValueSpecification\",\"valueRequired\":true,\"valueName\":\"search_term_string\"}}],\"inLanguage\":\"es-AR\"},{\"@type\":\"Organization\",\"@id\":\"https:\/\/radioinfinitagoya.com.ar\/v1\/#organization\",\"name\":\"Radio Infinita Goya\",\"url\":\"https:\/\/radioinfinitagoya.com.ar\/v1\/\",\"logo\":{\"@type\":\"ImageObject\",\"inLanguage\":\"es-AR\",\"@id\":\"https:\/\/radioinfinitagoya.com.ar\/v1\/#\/schema\/logo\/image\/\",\"url\":\"https:\/\/radioinfinitagoya.com.ar\/v1\/wp-content\/uploads\/2019\/11\/logo-pie-web.png\",\"contentUrl\":\"https:\/\/radioinfinitagoya.com.ar\/v1\/wp-content\/uploads\/2019\/11\/logo-pie-web.png\",\"width\":635,\"height\":326,\"caption\":\"Radio Infinita Goya\"},\"image\":{\"@id\":\"https:\/\/radioinfinitagoya.com.ar\/v1\/#\/schema\/logo\/image\/\"},\"sameAs\":[\"https:\/\/www.facebook.com\/p\/Infinita-Goya-100063870918311\/\"]},{\"@type\":\"Person\",\"@id\":\"https:\/\/radioinfinitagoya.com.ar\/v1\/#\/schema\/person\/d4cf9c413d4f6edb24aabdccab49ca4a\",\"name\":\"Jorge Mi\u00f1o\",\"image\":{\"@type\":\"ImageObject\",\"inLanguage\":\"es-AR\",\"@id\":\"https:\/\/secure.gravatar.com\/avatar\/910fcf6728fe95320e07a6643c1581fec1c7fc4bf8ae12e3d8f0d0373dc844be?s=96&d=mm&r=g\",\"url\":\"https:\/\/secure.gravatar.com\/avatar\/910fcf6728fe95320e07a6643c1581fec1c7fc4bf8ae12e3d8f0d0373dc844be?s=96&d=mm&r=g\",\"contentUrl\":\"https:\/\/secure.gravatar.com\/avatar\/910fcf6728fe95320e07a6643c1581fec1c7fc4bf8ae12e3d8f0d0373dc844be?s=96&d=mm&r=g\",\"caption\":\"Jorge Mi\u00f1o\"},\"sameAs\":[\"http:\/\/radioinfinitagoya.com.ar\"]}]}<\/script>\n<!-- \/ Yoast SEO plugin. -->","yoast_head_json":{"title":"Inversi\u00f3n provincial en salud - Radio Infinita Goya","description":"En lo que va de 2025 ya se destinaron $30 mil millones a la compra de medicamentos La pol\u00edtica de inclusi\u00f3n en la cartera sanitaria de la provincia se","robots":{"index":"index","follow":"follow","max-snippet":"max-snippet:-1","max-image-preview":"max-image-preview:large","max-video-preview":"max-video-preview:-1"},"canonical":"https:\/\/radioinfinitagoya.com.ar\/v1\/2025\/07\/25\/inversion-provincial-en-salud\/","og_locale":"es_ES","og_type":"article","og_title":"Inversi\u00f3n provincial en salud - Radio Infinita Goya","og_description":"En lo que va de 2025 ya se destinaron $30 mil millones a la compra de medicamentos La pol\u00edtica de inclusi\u00f3n en la cartera sanitaria de la provincia se","og_url":"https:\/\/radioinfinitagoya.com.ar\/v1\/2025\/07\/25\/inversion-provincial-en-salud\/","og_site_name":"Radio Infinita Goya","article_publisher":"https:\/\/www.facebook.com\/p\/Infinita-Goya-100063870918311\/","article_published_time":"2025-07-25T19:34:03+00:00","og_image":[{"width":848,"height":477,"url":"https:\/\/radioinfinitagoya.com.ar\/v1\/wp-content\/uploads\/2025\/07\/inversion_provincial_en_salud.jpg","type":"image\/jpeg"}],"author":"Jorge Mi\u00f1o","twitter_card":"summary_large_image","twitter_misc":{"Escrito por":"Jorge Mi\u00f1o","Tiempo de lectura":"5 minutos"},"schema":{"@context":"https:\/\/schema.org","@graph":[{"@type":"Article","@id":"https:\/\/radioinfinitagoya.com.ar\/v1\/2025\/07\/25\/inversion-provincial-en-salud\/#article","isPartOf":{"@id":"https:\/\/radioinfinitagoya.com.ar\/v1\/2025\/07\/25\/inversion-provincial-en-salud\/"},"author":{"name":"Jorge Mi\u00f1o","@id":"https:\/\/radioinfinitagoya.com.ar\/v1\/#\/schema\/person\/d4cf9c413d4f6edb24aabdccab49ca4a"},"headline":"Inversi\u00f3n provincial en salud","datePublished":"2025-07-25T19:34:03+00:00","mainEntityOfPage":{"@id":"https:\/\/radioinfinitagoya.com.ar\/v1\/2025\/07\/25\/inversion-provincial-en-salud\/"},"wordCount":999,"publisher":{"@id":"https:\/\/radioinfinitagoya.com.ar\/v1\/#organization"},"image":{"@id":"https:\/\/radioinfinitagoya.com.ar\/v1\/2025\/07\/25\/inversion-provincial-en-salud\/#primaryimage"},"thumbnailUrl":"https:\/\/radioinfinitagoya.com.ar\/v1\/wp-content\/uploads\/2025\/07\/inversion_provincial_en_salud.jpg","articleSection":["LOCALES"],"inLanguage":"es-AR"},{"@type":"WebPage","@id":"https:\/\/radioinfinitagoya.com.ar\/v1\/2025\/07\/25\/inversion-provincial-en-salud\/","url":"https:\/\/radioinfinitagoya.com.ar\/v1\/2025\/07\/25\/inversion-provincial-en-salud\/","name":"Inversi\u00f3n provincial en salud - Radio Infinita Goya","isPartOf":{"@id":"https:\/\/radioinfinitagoya.com.ar\/v1\/#website"},"primaryImageOfPage":{"@id":"https:\/\/radioinfinitagoya.com.ar\/v1\/2025\/07\/25\/inversion-provincial-en-salud\/#primaryimage"},"image":{"@id":"https:\/\/radioinfinitagoya.com.ar\/v1\/2025\/07\/25\/inversion-provincial-en-salud\/#primaryimage"},"thumbnailUrl":"https:\/\/radioinfinitagoya.com.ar\/v1\/wp-content\/uploads\/2025\/07\/inversion_provincial_en_salud.jpg","datePublished":"2025-07-25T19:34:03+00:00","description":"En lo que va de 2025 ya se destinaron $30 mil millones a la compra de medicamentos La pol\u00edtica de inclusi\u00f3n en la cartera sanitaria de la provincia se","breadcrumb":{"@id":"https:\/\/radioinfinitagoya.com.ar\/v1\/2025\/07\/25\/inversion-provincial-en-salud\/#breadcrumb"},"inLanguage":"es-AR","potentialAction":[{"@type":"ReadAction","target":["https:\/\/radioinfinitagoya.com.ar\/v1\/2025\/07\/25\/inversion-provincial-en-salud\/"]}]},{"@type":"ImageObject","inLanguage":"es-AR","@id":"https:\/\/radioinfinitagoya.com.ar\/v1\/2025\/07\/25\/inversion-provincial-en-salud\/#primaryimage","url":"https:\/\/radioinfinitagoya.com.ar\/v1\/wp-content\/uploads\/2025\/07\/inversion_provincial_en_salud.jpg","contentUrl":"https:\/\/radioinfinitagoya.com.ar\/v1\/wp-content\/uploads\/2025\/07\/inversion_provincial_en_salud.jpg","width":848,"height":477},{"@type":"BreadcrumbList","@id":"https:\/\/radioinfinitagoya.com.ar\/v1\/2025\/07\/25\/inversion-provincial-en-salud\/#breadcrumb","itemListElement":[{"@type":"ListItem","position":1,"name":"Inicio","item":"https:\/\/radioinfinitagoya.com.ar\/v1\/"},{"@type":"ListItem","position":2,"name":"Inversi\u00f3n provincial en salud"}]},{"@type":"WebSite","@id":"https:\/\/radioinfinitagoya.com.ar\/v1\/#website","url":"https:\/\/radioinfinitagoya.com.ar\/v1\/","name":"radioinfinitagoya.com.ar","description":"Radio de noticias","publisher":{"@id":"https:\/\/radioinfinitagoya.com.ar\/v1\/#organization"},"potentialAction":[{"@type":"SearchAction","target":{"@type":"EntryPoint","urlTemplate":"https:\/\/radioinfinitagoya.com.ar\/v1\/?s={search_term_string}"},"query-input":{"@type":"PropertyValueSpecification","valueRequired":true,"valueName":"search_term_string"}}],"inLanguage":"es-AR"},{"@type":"Organization","@id":"https:\/\/radioinfinitagoya.com.ar\/v1\/#organization","name":"Radio Infinita Goya","url":"https:\/\/radioinfinitagoya.com.ar\/v1\/","logo":{"@type":"ImageObject","inLanguage":"es-AR","@id":"https:\/\/radioinfinitagoya.com.ar\/v1\/#\/schema\/logo\/image\/","url":"https:\/\/radioinfinitagoya.com.ar\/v1\/wp-content\/uploads\/2019\/11\/logo-pie-web.png","contentUrl":"https:\/\/radioinfinitagoya.com.ar\/v1\/wp-content\/uploads\/2019\/11\/logo-pie-web.png","width":635,"height":326,"caption":"Radio Infinita Goya"},"image":{"@id":"https:\/\/radioinfinitagoya.com.ar\/v1\/#\/schema\/logo\/image\/"},"sameAs":["https:\/\/www.facebook.com\/p\/Infinita-Goya-100063870918311\/"]},{"@type":"Person","@id":"https:\/\/radioinfinitagoya.com.ar\/v1\/#\/schema\/person\/d4cf9c413d4f6edb24aabdccab49ca4a","name":"Jorge Mi\u00f1o","image":{"@type":"ImageObject","inLanguage":"es-AR","@id":"https:\/\/secure.gravatar.com\/avatar\/910fcf6728fe95320e07a6643c1581fec1c7fc4bf8ae12e3d8f0d0373dc844be?s=96&d=mm&r=g","url":"https:\/\/secure.gravatar.com\/avatar\/910fcf6728fe95320e07a6643c1581fec1c7fc4bf8ae12e3d8f0d0373dc844be?s=96&d=mm&r=g","contentUrl":"https:\/\/secure.gravatar.com\/avatar\/910fcf6728fe95320e07a6643c1581fec1c7fc4bf8ae12e3d8f0d0373dc844be?s=96&d=mm&r=g","caption":"Jorge Mi\u00f1o"},"sameAs":["http:\/\/radioinfinitagoya.com.ar"]}]}},"_links":{"self":[{"href":"https:\/\/radioinfinitagoya.com.ar\/v1\/wp-json\/wp\/v2\/posts\/193355","targetHints":{"allow":["GET"]}}],"collection":[{"href":"https:\/\/radioinfinitagoya.com.ar\/v1\/wp-json\/wp\/v2\/posts"}],"about":[{"href":"https:\/\/radioinfinitagoya.com.ar\/v1\/wp-json\/wp\/v2\/types\/post"}],"author":[{"embeddable":true,"href":"https:\/\/radioinfinitagoya.com.ar\/v1\/wp-json\/wp\/v2\/users\/4"}],"replies":[{"embeddable":true,"href":"https:\/\/radioinfinitagoya.com.ar\/v1\/wp-json\/wp\/v2\/comments?post=193355"}],"version-history":[{"count":0,"href":"https:\/\/radioinfinitagoya.com.ar\/v1\/wp-json\/wp\/v2\/posts\/193355\/revisions"}],"wp:featuredmedia":[{"embeddable":true,"href":"https:\/\/radioinfinitagoya.com.ar\/v1\/wp-json\/wp\/v2\/media\/193356"}],"wp:attachment":[{"href":"https:\/\/radioinfinitagoya.com.ar\/v1\/wp-json\/wp\/v2\/media?parent=193355"}],"wp:term":[{"taxonomy":"category","embeddable":true,"href":"https:\/\/radioinfinitagoya.com.ar\/v1\/wp-json\/wp\/v2\/categories?post=193355"},{"taxonomy":"post_tag","embeddable":true,"href":"https:\/\/radioinfinitagoya.com.ar\/v1\/wp-json\/wp\/v2\/tags?post=193355"}],"curies":[{"name":"wp","href":"https:\/\/api.w.org\/{rel}","templated":true}]}}