{"id":193373,"date":"2025-07-26T17:50:45","date_gmt":"2025-07-26T20:50:45","guid":{"rendered":"https:\/\/radioinfinitagoya.com.ar\/v1\/?p=193373"},"modified":"2025-07-26T17:50:45","modified_gmt":"2025-07-26T20:50:45","slug":"zarate-cayo-en-la-semifinal-del-future-de-santiago-de-chile","status":"publish","type":"post","link":"https:\/\/radioinfinitagoya.com.ar\/v1\/2025\/07\/26\/zarate-cayo-en-la-semifinal-del-future-de-santiago-de-chile\/","title":{"rendered":"Z\u00e1rate cay\u00f3 en la semifinal del Future de Santiago de Chile"},"content":{"rendered":"<p>El correntino perdi\u00f3 frente a Lucio Ratti despu\u00e9s de batallar durante 2 horas y 34 minutos.<\/p>\n<p>La primera final profesional deber\u00e1 esperar. Carlos Mar\u00eda Z\u00e1rate, ubicado en el puesto 1.056 del r\u00e1nking de la ATP, perdi\u00f3 en la semifinal de un Future que se disputa en Santiago de Chile sobre polvo de ladrillo.<br \/>\nEl tenista correntino de 20 a\u00f1os cay\u00f3 este s\u00e1bado en la semifinal del M15 que se desarrolla en la capital chilena frente al bonaerense Lucio Ratti (1.001) 5-7, 6-3 y 6-4.<\/p>\n<p>El encuentro que se disput\u00f3 en la cancha N\u00ba 8 del Parque Estadio Nacional fue parejo a lo largo de los tres primeros sets. El correntino se qued\u00f3 con el primero y despu\u00e9s fall\u00f3 en momentos decisivos de los dos siguientes.<\/p>\n<p>Para Z\u00e1rate fue su segunda semifinal dentro de la la gira mundial de la Federaci\u00f3n Internacional de Tenis.<\/p>\n<p>En el certamen chileno, Cali ratific\u00f3 su evoluci\u00f3n constante y le gan\u00f3 al chileno Bautista De la Pe\u00f1a, despu\u00e9s venci\u00f3 al segundo preclasificado, el argentino Lorenzo Joaqu\u00edn Rodr\u00edguez, y en cuartos de final elimin\u00f3 al local Ignacio Becerra.<\/p>\n<p>Ratti (21 a\u00f1os) jugar\u00e1 su segunda final de un Future y en el camino a la definici\u00f3n, tambi\u00e9n elimin\u00f3 en primera ronda a Ignacio Monz\u00f3n, el otro correntino que estuvo en el cuadro principal.<\/p>\n<p>La pr\u00f3xima semana, Monz\u00f3n y Z\u00e1rate volver\u00e1n a presentarse en Santiago de Chile en otro certamen de categor\u00eda M15.<\/p>\n<p>Monz\u00f3n parte como cuarto preclasificado, mientras que Z\u00e1rate tambi\u00e9n est\u00e1 cuarto pero en la clasificaci\u00f3n y espera la baja de algunos jugadores para ingresar de manera directa al cuadro principal.<\/p>\n","protected":false},"excerpt":{"rendered":"<p>El correntino perdi\u00f3 frente a Lucio Ratti despu\u00e9s de batallar durante 2 horas y 34 minutos. La primera final profesional deber\u00e1 esperar. Carlos Mar\u00eda Z\u00e1rate, ubicado en el puesto 1.056 del r\u00e1nking de la ATP, perdi\u00f3 en la semifinal de un Future que se disputa en Santiago de Chile sobre polvo de ladrillo. El tenista [&hellip;]<\/p>\n","protected":false},"author":4,"featured_media":193374,"comment_status":"closed","ping_status":"closed","sticky":false,"template":"","format":"standard","meta":{"_joinchat":[],"footnotes":""},"categories":[28],"tags":[],"class_list":{"0":"post-193373","1":"post","2":"type-post","3":"status-publish","4":"format-standard","5":"has-post-thumbnail","7":"category-deportes"},"yoast_head":"<!-- This site is optimized with the Yoast SEO plugin v27.2 - https:\/\/yoast.com\/product\/yoast-seo-wordpress\/ -->\n<title>Z\u00e1rate cay\u00f3 en la semifinal del Future de Santiago de Chile - Radio Infinita Goya<\/title>\n<meta name=\"description\" content=\"El correntino perdi\u00f3 frente a Lucio Ratti despu\u00e9s de batallar durante 2 horas y 34 minutos. La primera final profesional deber\u00e1 esperar. Carlos Mar\u00eda\" \/>\n<meta name=\"robots\" content=\"index, follow, max-snippet:-1, max-image-preview:large, max-video-preview:-1\" \/>\n<link rel=\"canonical\" href=\"https:\/\/radioinfinitagoya.com.ar\/v1\/2025\/07\/26\/zarate-cayo-en-la-semifinal-del-future-de-santiago-de-chile\/\" \/>\n<meta property=\"og:locale\" content=\"es_ES\" \/>\n<meta property=\"og:type\" content=\"article\" \/>\n<meta property=\"og:title\" content=\"Z\u00e1rate cay\u00f3 en la semifinal del Future de Santiago de Chile - Radio Infinita Goya\" \/>\n<meta property=\"og:description\" content=\"El correntino perdi\u00f3 frente a Lucio Ratti despu\u00e9s de batallar durante 2 horas y 34 minutos. La primera final profesional deber\u00e1 esperar. Carlos Mar\u00eda\" \/>\n<meta property=\"og:url\" content=\"https:\/\/radioinfinitagoya.com.ar\/v1\/2025\/07\/26\/zarate-cayo-en-la-semifinal-del-future-de-santiago-de-chile\/\" \/>\n<meta property=\"og:site_name\" content=\"Radio Infinita Goya\" \/>\n<meta property=\"article:publisher\" content=\"https:\/\/www.facebook.com\/p\/Infinita-Goya-100063870918311\/\" \/>\n<meta property=\"article:published_time\" content=\"2025-07-26T20:50:45+00:00\" \/>\n<meta property=\"og:image\" content=\"https:\/\/radioinfinitagoya.com.ar\/v1\/wp-content\/uploads\/2025\/07\/1753561791514.webp\" \/>\n\t<meta property=\"og:image:width\" content=\"1200\" \/>\n\t<meta property=\"og:image:height\" content=\"675\" \/>\n\t<meta property=\"og:image:type\" content=\"image\/webp\" \/>\n<meta name=\"author\" content=\"Jorge Mi\u00f1o\" \/>\n<meta name=\"twitter:card\" content=\"summary_large_image\" \/>\n<meta name=\"twitter:label1\" content=\"Escrito por\" \/>\n\t<meta name=\"twitter:data1\" content=\"Jorge Mi\u00f1o\" \/>\n\t<meta name=\"twitter:label2\" content=\"Tiempo de lectura\" \/>\n\t<meta name=\"twitter:data2\" content=\"2 minutos\" \/>\n<script type=\"application\/ld+json\" class=\"yoast-schema-graph\">{\"@context\":\"https:\/\/schema.org\",\"@graph\":[{\"@type\":\"Article\",\"@id\":\"https:\/\/radioinfinitagoya.com.ar\/v1\/2025\/07\/26\/zarate-cayo-en-la-semifinal-del-future-de-santiago-de-chile\/#article\",\"isPartOf\":{\"@id\":\"https:\/\/radioinfinitagoya.com.ar\/v1\/2025\/07\/26\/zarate-cayo-en-la-semifinal-del-future-de-santiago-de-chile\/\"},\"author\":{\"name\":\"Jorge Mi\u00f1o\",\"@id\":\"https:\/\/radioinfinitagoya.com.ar\/v1\/#\/schema\/person\/d4cf9c413d4f6edb24aabdccab49ca4a\"},\"headline\":\"Z\u00e1rate cay\u00f3 en la semifinal del Future de Santiago de Chile\",\"datePublished\":\"2025-07-26T20:50:45+00:00\",\"mainEntityOfPage\":{\"@id\":\"https:\/\/radioinfinitagoya.com.ar\/v1\/2025\/07\/26\/zarate-cayo-en-la-semifinal-del-future-de-santiago-de-chile\/\"},\"wordCount\":296,\"publisher\":{\"@id\":\"https:\/\/radioinfinitagoya.com.ar\/v1\/#organization\"},\"image\":{\"@id\":\"https:\/\/radioinfinitagoya.com.ar\/v1\/2025\/07\/26\/zarate-cayo-en-la-semifinal-del-future-de-santiago-de-chile\/#primaryimage\"},\"thumbnailUrl\":\"https:\/\/radioinfinitagoya.com.ar\/v1\/wp-content\/uploads\/2025\/07\/1753561791514.webp\",\"articleSection\":[\"DEPORTES\"],\"inLanguage\":\"es-AR\"},{\"@type\":\"WebPage\",\"@id\":\"https:\/\/radioinfinitagoya.com.ar\/v1\/2025\/07\/26\/zarate-cayo-en-la-semifinal-del-future-de-santiago-de-chile\/\",\"url\":\"https:\/\/radioinfinitagoya.com.ar\/v1\/2025\/07\/26\/zarate-cayo-en-la-semifinal-del-future-de-santiago-de-chile\/\",\"name\":\"Z\u00e1rate cay\u00f3 en la semifinal del Future de Santiago de Chile - Radio Infinita Goya\",\"isPartOf\":{\"@id\":\"https:\/\/radioinfinitagoya.com.ar\/v1\/#website\"},\"primaryImageOfPage\":{\"@id\":\"https:\/\/radioinfinitagoya.com.ar\/v1\/2025\/07\/26\/zarate-cayo-en-la-semifinal-del-future-de-santiago-de-chile\/#primaryimage\"},\"image\":{\"@id\":\"https:\/\/radioinfinitagoya.com.ar\/v1\/2025\/07\/26\/zarate-cayo-en-la-semifinal-del-future-de-santiago-de-chile\/#primaryimage\"},\"thumbnailUrl\":\"https:\/\/radioinfinitagoya.com.ar\/v1\/wp-content\/uploads\/2025\/07\/1753561791514.webp\",\"datePublished\":\"2025-07-26T20:50:45+00:00\",\"description\":\"El correntino perdi\u00f3 frente a Lucio Ratti despu\u00e9s de batallar durante 2 horas y 34 minutos. La primera final profesional deber\u00e1 esperar. Carlos Mar\u00eda\",\"breadcrumb\":{\"@id\":\"https:\/\/radioinfinitagoya.com.ar\/v1\/2025\/07\/26\/zarate-cayo-en-la-semifinal-del-future-de-santiago-de-chile\/#breadcrumb\"},\"inLanguage\":\"es-AR\",\"potentialAction\":[{\"@type\":\"ReadAction\",\"target\":[\"https:\/\/radioinfinitagoya.com.ar\/v1\/2025\/07\/26\/zarate-cayo-en-la-semifinal-del-future-de-santiago-de-chile\/\"]}]},{\"@type\":\"ImageObject\",\"inLanguage\":\"es-AR\",\"@id\":\"https:\/\/radioinfinitagoya.com.ar\/v1\/2025\/07\/26\/zarate-cayo-en-la-semifinal-del-future-de-santiago-de-chile\/#primaryimage\",\"url\":\"https:\/\/radioinfinitagoya.com.ar\/v1\/wp-content\/uploads\/2025\/07\/1753561791514.webp\",\"contentUrl\":\"https:\/\/radioinfinitagoya.com.ar\/v1\/wp-content\/uploads\/2025\/07\/1753561791514.webp\",\"width\":1200,\"height\":675},{\"@type\":\"BreadcrumbList\",\"@id\":\"https:\/\/radioinfinitagoya.com.ar\/v1\/2025\/07\/26\/zarate-cayo-en-la-semifinal-del-future-de-santiago-de-chile\/#breadcrumb\",\"itemListElement\":[{\"@type\":\"ListItem\",\"position\":1,\"name\":\"Inicio\",\"item\":\"https:\/\/radioinfinitagoya.com.ar\/v1\/\"},{\"@type\":\"ListItem\",\"position\":2,\"name\":\"Z\u00e1rate cay\u00f3 en la semifinal del Future de Santiago de Chile\"}]},{\"@type\":\"WebSite\",\"@id\":\"https:\/\/radioinfinitagoya.com.ar\/v1\/#website\",\"url\":\"https:\/\/radioinfinitagoya.com.ar\/v1\/\",\"name\":\"radioinfinitagoya.com.ar\",\"description\":\"Radio de noticias\",\"publisher\":{\"@id\":\"https:\/\/radioinfinitagoya.com.ar\/v1\/#organization\"},\"potentialAction\":[{\"@type\":\"SearchAction\",\"target\":{\"@type\":\"EntryPoint\",\"urlTemplate\":\"https:\/\/radioinfinitagoya.com.ar\/v1\/?s={search_term_string}\"},\"query-input\":{\"@type\":\"PropertyValueSpecification\",\"valueRequired\":true,\"valueName\":\"search_term_string\"}}],\"inLanguage\":\"es-AR\"},{\"@type\":\"Organization\",\"@id\":\"https:\/\/radioinfinitagoya.com.ar\/v1\/#organization\",\"name\":\"Radio Infinita Goya\",\"url\":\"https:\/\/radioinfinitagoya.com.ar\/v1\/\",\"logo\":{\"@type\":\"ImageObject\",\"inLanguage\":\"es-AR\",\"@id\":\"https:\/\/radioinfinitagoya.com.ar\/v1\/#\/schema\/logo\/image\/\",\"url\":\"https:\/\/radioinfinitagoya.com.ar\/v1\/wp-content\/uploads\/2019\/11\/logo-pie-web.png\",\"contentUrl\":\"https:\/\/radioinfinitagoya.com.ar\/v1\/wp-content\/uploads\/2019\/11\/logo-pie-web.png\",\"width\":635,\"height\":326,\"caption\":\"Radio Infinita Goya\"},\"image\":{\"@id\":\"https:\/\/radioinfinitagoya.com.ar\/v1\/#\/schema\/logo\/image\/\"},\"sameAs\":[\"https:\/\/www.facebook.com\/p\/Infinita-Goya-100063870918311\/\"]},{\"@type\":\"Person\",\"@id\":\"https:\/\/radioinfinitagoya.com.ar\/v1\/#\/schema\/person\/d4cf9c413d4f6edb24aabdccab49ca4a\",\"name\":\"Jorge Mi\u00f1o\",\"image\":{\"@type\":\"ImageObject\",\"inLanguage\":\"es-AR\",\"@id\":\"https:\/\/secure.gravatar.com\/avatar\/910fcf6728fe95320e07a6643c1581fec1c7fc4bf8ae12e3d8f0d0373dc844be?s=96&d=mm&r=g\",\"url\":\"https:\/\/secure.gravatar.com\/avatar\/910fcf6728fe95320e07a6643c1581fec1c7fc4bf8ae12e3d8f0d0373dc844be?s=96&d=mm&r=g\",\"contentUrl\":\"https:\/\/secure.gravatar.com\/avatar\/910fcf6728fe95320e07a6643c1581fec1c7fc4bf8ae12e3d8f0d0373dc844be?s=96&d=mm&r=g\",\"caption\":\"Jorge Mi\u00f1o\"},\"sameAs\":[\"http:\/\/radioinfinitagoya.com.ar\"]}]}<\/script>\n<!-- \/ Yoast SEO plugin. -->","yoast_head_json":{"title":"Z\u00e1rate cay\u00f3 en la semifinal del Future de Santiago de Chile - Radio Infinita Goya","description":"El correntino perdi\u00f3 frente a Lucio Ratti despu\u00e9s de batallar durante 2 horas y 34 minutos. La primera final profesional deber\u00e1 esperar. Carlos Mar\u00eda","robots":{"index":"index","follow":"follow","max-snippet":"max-snippet:-1","max-image-preview":"max-image-preview:large","max-video-preview":"max-video-preview:-1"},"canonical":"https:\/\/radioinfinitagoya.com.ar\/v1\/2025\/07\/26\/zarate-cayo-en-la-semifinal-del-future-de-santiago-de-chile\/","og_locale":"es_ES","og_type":"article","og_title":"Z\u00e1rate cay\u00f3 en la semifinal del Future de Santiago de Chile - Radio Infinita Goya","og_description":"El correntino perdi\u00f3 frente a Lucio Ratti despu\u00e9s de batallar durante 2 horas y 34 minutos. La primera final profesional deber\u00e1 esperar. Carlos Mar\u00eda","og_url":"https:\/\/radioinfinitagoya.com.ar\/v1\/2025\/07\/26\/zarate-cayo-en-la-semifinal-del-future-de-santiago-de-chile\/","og_site_name":"Radio Infinita Goya","article_publisher":"https:\/\/www.facebook.com\/p\/Infinita-Goya-100063870918311\/","article_published_time":"2025-07-26T20:50:45+00:00","og_image":[{"width":1200,"height":675,"url":"https:\/\/radioinfinitagoya.com.ar\/v1\/wp-content\/uploads\/2025\/07\/1753561791514.webp","type":"image\/webp"}],"author":"Jorge Mi\u00f1o","twitter_card":"summary_large_image","twitter_misc":{"Escrito por":"Jorge Mi\u00f1o","Tiempo de lectura":"2 minutos"},"schema":{"@context":"https:\/\/schema.org","@graph":[{"@type":"Article","@id":"https:\/\/radioinfinitagoya.com.ar\/v1\/2025\/07\/26\/zarate-cayo-en-la-semifinal-del-future-de-santiago-de-chile\/#article","isPartOf":{"@id":"https:\/\/radioinfinitagoya.com.ar\/v1\/2025\/07\/26\/zarate-cayo-en-la-semifinal-del-future-de-santiago-de-chile\/"},"author":{"name":"Jorge Mi\u00f1o","@id":"https:\/\/radioinfinitagoya.com.ar\/v1\/#\/schema\/person\/d4cf9c413d4f6edb24aabdccab49ca4a"},"headline":"Z\u00e1rate cay\u00f3 en la semifinal del Future de Santiago de Chile","datePublished":"2025-07-26T20:50:45+00:00","mainEntityOfPage":{"@id":"https:\/\/radioinfinitagoya.com.ar\/v1\/2025\/07\/26\/zarate-cayo-en-la-semifinal-del-future-de-santiago-de-chile\/"},"wordCount":296,"publisher":{"@id":"https:\/\/radioinfinitagoya.com.ar\/v1\/#organization"},"image":{"@id":"https:\/\/radioinfinitagoya.com.ar\/v1\/2025\/07\/26\/zarate-cayo-en-la-semifinal-del-future-de-santiago-de-chile\/#primaryimage"},"thumbnailUrl":"https:\/\/radioinfinitagoya.com.ar\/v1\/wp-content\/uploads\/2025\/07\/1753561791514.webp","articleSection":["DEPORTES"],"inLanguage":"es-AR"},{"@type":"WebPage","@id":"https:\/\/radioinfinitagoya.com.ar\/v1\/2025\/07\/26\/zarate-cayo-en-la-semifinal-del-future-de-santiago-de-chile\/","url":"https:\/\/radioinfinitagoya.com.ar\/v1\/2025\/07\/26\/zarate-cayo-en-la-semifinal-del-future-de-santiago-de-chile\/","name":"Z\u00e1rate cay\u00f3 en la semifinal del Future de Santiago de Chile - Radio Infinita Goya","isPartOf":{"@id":"https:\/\/radioinfinitagoya.com.ar\/v1\/#website"},"primaryImageOfPage":{"@id":"https:\/\/radioinfinitagoya.com.ar\/v1\/2025\/07\/26\/zarate-cayo-en-la-semifinal-del-future-de-santiago-de-chile\/#primaryimage"},"image":{"@id":"https:\/\/radioinfinitagoya.com.ar\/v1\/2025\/07\/26\/zarate-cayo-en-la-semifinal-del-future-de-santiago-de-chile\/#primaryimage"},"thumbnailUrl":"https:\/\/radioinfinitagoya.com.ar\/v1\/wp-content\/uploads\/2025\/07\/1753561791514.webp","datePublished":"2025-07-26T20:50:45+00:00","description":"El correntino perdi\u00f3 frente a Lucio Ratti despu\u00e9s de batallar durante 2 horas y 34 minutos. La primera final profesional deber\u00e1 esperar. Carlos Mar\u00eda","breadcrumb":{"@id":"https:\/\/radioinfinitagoya.com.ar\/v1\/2025\/07\/26\/zarate-cayo-en-la-semifinal-del-future-de-santiago-de-chile\/#breadcrumb"},"inLanguage":"es-AR","potentialAction":[{"@type":"ReadAction","target":["https:\/\/radioinfinitagoya.com.ar\/v1\/2025\/07\/26\/zarate-cayo-en-la-semifinal-del-future-de-santiago-de-chile\/"]}]},{"@type":"ImageObject","inLanguage":"es-AR","@id":"https:\/\/radioinfinitagoya.com.ar\/v1\/2025\/07\/26\/zarate-cayo-en-la-semifinal-del-future-de-santiago-de-chile\/#primaryimage","url":"https:\/\/radioinfinitagoya.com.ar\/v1\/wp-content\/uploads\/2025\/07\/1753561791514.webp","contentUrl":"https:\/\/radioinfinitagoya.com.ar\/v1\/wp-content\/uploads\/2025\/07\/1753561791514.webp","width":1200,"height":675},{"@type":"BreadcrumbList","@id":"https:\/\/radioinfinitagoya.com.ar\/v1\/2025\/07\/26\/zarate-cayo-en-la-semifinal-del-future-de-santiago-de-chile\/#breadcrumb","itemListElement":[{"@type":"ListItem","position":1,"name":"Inicio","item":"https:\/\/radioinfinitagoya.com.ar\/v1\/"},{"@type":"ListItem","position":2,"name":"Z\u00e1rate cay\u00f3 en la semifinal del Future de Santiago de Chile"}]},{"@type":"WebSite","@id":"https:\/\/radioinfinitagoya.com.ar\/v1\/#website","url":"https:\/\/radioinfinitagoya.com.ar\/v1\/","name":"radioinfinitagoya.com.ar","description":"Radio de noticias","publisher":{"@id":"https:\/\/radioinfinitagoya.com.ar\/v1\/#organization"},"potentialAction":[{"@type":"SearchAction","target":{"@type":"EntryPoint","urlTemplate":"https:\/\/radioinfinitagoya.com.ar\/v1\/?s={search_term_string}"},"query-input":{"@type":"PropertyValueSpecification","valueRequired":true,"valueName":"search_term_string"}}],"inLanguage":"es-AR"},{"@type":"Organization","@id":"https:\/\/radioinfinitagoya.com.ar\/v1\/#organization","name":"Radio Infinita Goya","url":"https:\/\/radioinfinitagoya.com.ar\/v1\/","logo":{"@type":"ImageObject","inLanguage":"es-AR","@id":"https:\/\/radioinfinitagoya.com.ar\/v1\/#\/schema\/logo\/image\/","url":"https:\/\/radioinfinitagoya.com.ar\/v1\/wp-content\/uploads\/2019\/11\/logo-pie-web.png","contentUrl":"https:\/\/radioinfinitagoya.com.ar\/v1\/wp-content\/uploads\/2019\/11\/logo-pie-web.png","width":635,"height":326,"caption":"Radio Infinita Goya"},"image":{"@id":"https:\/\/radioinfinitagoya.com.ar\/v1\/#\/schema\/logo\/image\/"},"sameAs":["https:\/\/www.facebook.com\/p\/Infinita-Goya-100063870918311\/"]},{"@type":"Person","@id":"https:\/\/radioinfinitagoya.com.ar\/v1\/#\/schema\/person\/d4cf9c413d4f6edb24aabdccab49ca4a","name":"Jorge Mi\u00f1o","image":{"@type":"ImageObject","inLanguage":"es-AR","@id":"https:\/\/secure.gravatar.com\/avatar\/910fcf6728fe95320e07a6643c1581fec1c7fc4bf8ae12e3d8f0d0373dc844be?s=96&d=mm&r=g","url":"https:\/\/secure.gravatar.com\/avatar\/910fcf6728fe95320e07a6643c1581fec1c7fc4bf8ae12e3d8f0d0373dc844be?s=96&d=mm&r=g","contentUrl":"https:\/\/secure.gravatar.com\/avatar\/910fcf6728fe95320e07a6643c1581fec1c7fc4bf8ae12e3d8f0d0373dc844be?s=96&d=mm&r=g","caption":"Jorge Mi\u00f1o"},"sameAs":["http:\/\/radioinfinitagoya.com.ar"]}]}},"_links":{"self":[{"href":"https:\/\/radioinfinitagoya.com.ar\/v1\/wp-json\/wp\/v2\/posts\/193373","targetHints":{"allow":["GET"]}}],"collection":[{"href":"https:\/\/radioinfinitagoya.com.ar\/v1\/wp-json\/wp\/v2\/posts"}],"about":[{"href":"https:\/\/radioinfinitagoya.com.ar\/v1\/wp-json\/wp\/v2\/types\/post"}],"author":[{"embeddable":true,"href":"https:\/\/radioinfinitagoya.com.ar\/v1\/wp-json\/wp\/v2\/users\/4"}],"replies":[{"embeddable":true,"href":"https:\/\/radioinfinitagoya.com.ar\/v1\/wp-json\/wp\/v2\/comments?post=193373"}],"version-history":[{"count":0,"href":"https:\/\/radioinfinitagoya.com.ar\/v1\/wp-json\/wp\/v2\/posts\/193373\/revisions"}],"wp:featuredmedia":[{"embeddable":true,"href":"https:\/\/radioinfinitagoya.com.ar\/v1\/wp-json\/wp\/v2\/media\/193374"}],"wp:attachment":[{"href":"https:\/\/radioinfinitagoya.com.ar\/v1\/wp-json\/wp\/v2\/media?parent=193373"}],"wp:term":[{"taxonomy":"category","embeddable":true,"href":"https:\/\/radioinfinitagoya.com.ar\/v1\/wp-json\/wp\/v2\/categories?post=193373"},{"taxonomy":"post_tag","embeddable":true,"href":"https:\/\/radioinfinitagoya.com.ar\/v1\/wp-json\/wp\/v2\/tags?post=193373"}],"curies":[{"name":"wp","href":"https:\/\/api.w.org\/{rel}","templated":true}]}}