{"id":193376,"date":"2025-07-26T17:53:12","date_gmt":"2025-07-26T20:53:12","guid":{"rendered":"https:\/\/radioinfinitagoya.com.ar\/v1\/?p=193376"},"modified":"2025-07-26T17:53:12","modified_gmt":"2025-07-26T20:53:12","slug":"inicio-el-campus-con-walter-herrmann-en-el-tala","status":"publish","type":"post","link":"https:\/\/radioinfinitagoya.com.ar\/v1\/2025\/07\/26\/inicio-el-campus-con-walter-herrmann-en-el-tala\/","title":{"rendered":"Inici\u00f3 el Campus con Walter Herrmann en El Tala"},"content":{"rendered":"<p>Desde este viernes y hasta el domingo en el Club Atl\u00e9tico El Tala llevar\u00e1 adelante un Campus de Tecnificaci\u00f3n y Perfeccionamiento, que cuenta con la presencia y participaci\u00f3n del ex basquetbolista de la &#8220;Generaci\u00f3n Dorada&#8221;, ex NBA y Euroliga, adem\u00e1s de tener una extensa y exitosa performance en la Liga Nacional de B\u00e1squet (LNB), Walter Herrmann. El lugar elegido son las instalaciones ubicadas en 25 de Mayo, esquina Santa Fe, estadio el &#8220;Coliseo Verde&#8221;.<\/p>\n<p>El inicio de las actividades fueron este viernes por la ma\u00f1ana y se extendi\u00f3 hasta pasado el mediod\u00eda. En tanto que el s\u00e1bado, el Campus comenzar\u00e1 a las 9:00 hs hasta las 13:00 hs. Mientras que para la jornada del domingo, la actividad dar\u00e1 comienzo a las 9:00 hs y finalizar\u00e1 a las 13:00 hs.<\/p>\n<p>En esta movida deportiva participan jugadores desde los 8 a\u00f1os en adelante, en ambas ramas. Adem\u00e1s de Walter Herrmann, esta presente durante este Campus el entrenador de Independiente de Santiago del Estero durante la \u00faltima temporada de la Liga Argentina, Juli\u00e1n Pagura, y un amplio staff de entrenadores de la zona. En esta oportunidad contar\u00e1 con una importante cantidad de premios y sorpresas.<\/p>\n<p>&#8220;Es muy importante que los chicos puedan acercarse a este nivel de juego, vean que existen otros estilos de b\u00e1squet y que vayan formando su propia identidad; en s\u00edntesis, aportar un poco de lo que se puede a nivel internacional y como se cuida verdaderamente un jugador en este nivel&#8221;, remarc\u00f3 el entrenador \u2013 organizador principal de este Campus, Juan Bobadilla.<\/p>\n<p>&#8220;Entre los objetivos de este Campus, se buscar\u00e1 entrenar con un verdadero campe\u00f3n como Walter Herrmann; mejorar la t\u00e9cnica individual tanto en ataque como en defensa; tener una proyecci\u00f3n a futuro para seguir desarroll\u00e1ndose dentro del b\u00e1squet y alcanzar el m\u00e1ximo potencial individual de cada jugador que participar\u00e1 del Campus&#8221;, finaliz\u00f3 expresando Bobadilla.<\/p>\n<p>Actividades<\/p>\n<p>Entre los temas a tratarse por los profesionales en este Campus ser\u00e1n los siguientes:<br \/>\n&#8211; Walter Herrmann: *T\u00e9cnica de Lanzamiento, Salidas y juego de espalda, Lanzamiento est\u00e1tico y din\u00e1mico y Definiciones desde diferentes \u00e1ngulos.<\/p>\n<p>&#8211; Juli\u00e1n Pagura: Postura, Toma de la pelota, Utilizaci\u00f3n de las piernas, Definiciones y Defensa conceptos generales.<\/p>\n<p>&#8211; Diego Urquiza: Trabajos Motores, Utilizaci\u00f3n del cuerpo, Correr, saltar y adaptaci\u00f3n al espacio y tiempo, y Desarrollo f\u00edsico integral con pelota.<br \/>\n&#8211; Gonzalo Bogado: Bandejas de ambas manos, Definiciones variadas, Utilizaci\u00f3n del paso cero y Uso del paso Cero.<\/p>\n<p>&#8211; Elena Molina (v\u00eda zoom desde Espa\u00f1a): Midfulnes, Psicolog\u00eda Positiva y Transformaci\u00f3n de emociones.<\/p>\n","protected":false},"excerpt":{"rendered":"<p>Desde este viernes y hasta el domingo en el Club Atl\u00e9tico El Tala llevar\u00e1 adelante un Campus de Tecnificaci\u00f3n y Perfeccionamiento, que cuenta con la presencia y participaci\u00f3n del ex basquetbolista de la &#8220;Generaci\u00f3n Dorada&#8221;, ex NBA y Euroliga, adem\u00e1s de tener una extensa y exitosa performance en la Liga Nacional de B\u00e1squet (LNB), Walter [&hellip;]<\/p>\n","protected":false},"author":4,"featured_media":193377,"comment_status":"closed","ping_status":"closed","sticky":false,"template":"","format":"standard","meta":{"_joinchat":[],"footnotes":""},"categories":[28],"tags":[],"class_list":{"0":"post-193376","1":"post","2":"type-post","3":"status-publish","4":"format-standard","5":"has-post-thumbnail","7":"category-deportes"},"yoast_head":"<!-- This site is optimized with the Yoast SEO plugin v27.2 - https:\/\/yoast.com\/product\/yoast-seo-wordpress\/ -->\n<title>Inici\u00f3 el Campus con Walter Herrmann en El Tala - Radio Infinita Goya<\/title>\n<meta name=\"description\" content=\"Desde este viernes y hasta el domingo en el Club Atl\u00e9tico El Tala llevar\u00e1 adelante un Campus de Tecnificaci\u00f3n y Perfeccionamiento, que cuenta con la\" \/>\n<meta name=\"robots\" content=\"index, follow, max-snippet:-1, max-image-preview:large, max-video-preview:-1\" \/>\n<link rel=\"canonical\" href=\"https:\/\/radioinfinitagoya.com.ar\/v1\/2025\/07\/26\/inicio-el-campus-con-walter-herrmann-en-el-tala\/\" \/>\n<meta property=\"og:locale\" content=\"es_ES\" \/>\n<meta property=\"og:type\" content=\"article\" \/>\n<meta property=\"og:title\" content=\"Inici\u00f3 el Campus con Walter Herrmann en El Tala - Radio Infinita Goya\" \/>\n<meta property=\"og:description\" content=\"Desde este viernes y hasta el domingo en el Club Atl\u00e9tico El Tala llevar\u00e1 adelante un Campus de Tecnificaci\u00f3n y Perfeccionamiento, que cuenta con la\" \/>\n<meta property=\"og:url\" content=\"https:\/\/radioinfinitagoya.com.ar\/v1\/2025\/07\/26\/inicio-el-campus-con-walter-herrmann-en-el-tala\/\" \/>\n<meta property=\"og:site_name\" content=\"Radio Infinita Goya\" \/>\n<meta property=\"article:publisher\" content=\"https:\/\/www.facebook.com\/p\/Infinita-Goya-100063870918311\/\" \/>\n<meta property=\"article:published_time\" content=\"2025-07-26T20:53:12+00:00\" \/>\n<meta property=\"og:image\" content=\"https:\/\/radioinfinitagoya.com.ar\/v1\/wp-content\/uploads\/2025\/07\/CAMPUSHERMAN1.jpg\" \/>\n\t<meta property=\"og:image:width\" content=\"1081\" \/>\n\t<meta property=\"og:image:height\" content=\"721\" \/>\n\t<meta property=\"og:image:type\" content=\"image\/jpeg\" \/>\n<meta name=\"author\" content=\"Jorge Mi\u00f1o\" \/>\n<meta name=\"twitter:card\" content=\"summary_large_image\" \/>\n<meta name=\"twitter:label1\" content=\"Escrito por\" \/>\n\t<meta name=\"twitter:data1\" content=\"Jorge Mi\u00f1o\" \/>\n\t<meta name=\"twitter:label2\" content=\"Tiempo de lectura\" \/>\n\t<meta name=\"twitter:data2\" content=\"3 minutos\" \/>\n<script type=\"application\/ld+json\" class=\"yoast-schema-graph\">{\"@context\":\"https:\/\/schema.org\",\"@graph\":[{\"@type\":\"Article\",\"@id\":\"https:\/\/radioinfinitagoya.com.ar\/v1\/2025\/07\/26\/inicio-el-campus-con-walter-herrmann-en-el-tala\/#article\",\"isPartOf\":{\"@id\":\"https:\/\/radioinfinitagoya.com.ar\/v1\/2025\/07\/26\/inicio-el-campus-con-walter-herrmann-en-el-tala\/\"},\"author\":{\"name\":\"Jorge Mi\u00f1o\",\"@id\":\"https:\/\/radioinfinitagoya.com.ar\/v1\/#\/schema\/person\/d4cf9c413d4f6edb24aabdccab49ca4a\"},\"headline\":\"Inici\u00f3 el Campus con Walter Herrmann en El Tala\",\"datePublished\":\"2025-07-26T20:53:12+00:00\",\"mainEntityOfPage\":{\"@id\":\"https:\/\/radioinfinitagoya.com.ar\/v1\/2025\/07\/26\/inicio-el-campus-con-walter-herrmann-en-el-tala\/\"},\"wordCount\":448,\"publisher\":{\"@id\":\"https:\/\/radioinfinitagoya.com.ar\/v1\/#organization\"},\"image\":{\"@id\":\"https:\/\/radioinfinitagoya.com.ar\/v1\/2025\/07\/26\/inicio-el-campus-con-walter-herrmann-en-el-tala\/#primaryimage\"},\"thumbnailUrl\":\"https:\/\/radioinfinitagoya.com.ar\/v1\/wp-content\/uploads\/2025\/07\/CAMPUSHERMAN1.jpg\",\"articleSection\":[\"DEPORTES\"],\"inLanguage\":\"es-AR\"},{\"@type\":\"WebPage\",\"@id\":\"https:\/\/radioinfinitagoya.com.ar\/v1\/2025\/07\/26\/inicio-el-campus-con-walter-herrmann-en-el-tala\/\",\"url\":\"https:\/\/radioinfinitagoya.com.ar\/v1\/2025\/07\/26\/inicio-el-campus-con-walter-herrmann-en-el-tala\/\",\"name\":\"Inici\u00f3 el Campus con Walter Herrmann en El Tala - Radio Infinita Goya\",\"isPartOf\":{\"@id\":\"https:\/\/radioinfinitagoya.com.ar\/v1\/#website\"},\"primaryImageOfPage\":{\"@id\":\"https:\/\/radioinfinitagoya.com.ar\/v1\/2025\/07\/26\/inicio-el-campus-con-walter-herrmann-en-el-tala\/#primaryimage\"},\"image\":{\"@id\":\"https:\/\/radioinfinitagoya.com.ar\/v1\/2025\/07\/26\/inicio-el-campus-con-walter-herrmann-en-el-tala\/#primaryimage\"},\"thumbnailUrl\":\"https:\/\/radioinfinitagoya.com.ar\/v1\/wp-content\/uploads\/2025\/07\/CAMPUSHERMAN1.jpg\",\"datePublished\":\"2025-07-26T20:53:12+00:00\",\"description\":\"Desde este viernes y hasta el domingo en el Club Atl\u00e9tico El Tala llevar\u00e1 adelante un Campus de Tecnificaci\u00f3n y Perfeccionamiento, que cuenta con la\",\"breadcrumb\":{\"@id\":\"https:\/\/radioinfinitagoya.com.ar\/v1\/2025\/07\/26\/inicio-el-campus-con-walter-herrmann-en-el-tala\/#breadcrumb\"},\"inLanguage\":\"es-AR\",\"potentialAction\":[{\"@type\":\"ReadAction\",\"target\":[\"https:\/\/radioinfinitagoya.com.ar\/v1\/2025\/07\/26\/inicio-el-campus-con-walter-herrmann-en-el-tala\/\"]}]},{\"@type\":\"ImageObject\",\"inLanguage\":\"es-AR\",\"@id\":\"https:\/\/radioinfinitagoya.com.ar\/v1\/2025\/07\/26\/inicio-el-campus-con-walter-herrmann-en-el-tala\/#primaryimage\",\"url\":\"https:\/\/radioinfinitagoya.com.ar\/v1\/wp-content\/uploads\/2025\/07\/CAMPUSHERMAN1.jpg\",\"contentUrl\":\"https:\/\/radioinfinitagoya.com.ar\/v1\/wp-content\/uploads\/2025\/07\/CAMPUSHERMAN1.jpg\",\"width\":1081,\"height\":721},{\"@type\":\"BreadcrumbList\",\"@id\":\"https:\/\/radioinfinitagoya.com.ar\/v1\/2025\/07\/26\/inicio-el-campus-con-walter-herrmann-en-el-tala\/#breadcrumb\",\"itemListElement\":[{\"@type\":\"ListItem\",\"position\":1,\"name\":\"Inicio\",\"item\":\"https:\/\/radioinfinitagoya.com.ar\/v1\/\"},{\"@type\":\"ListItem\",\"position\":2,\"name\":\"Inici\u00f3 el Campus con Walter Herrmann en El Tala\"}]},{\"@type\":\"WebSite\",\"@id\":\"https:\/\/radioinfinitagoya.com.ar\/v1\/#website\",\"url\":\"https:\/\/radioinfinitagoya.com.ar\/v1\/\",\"name\":\"radioinfinitagoya.com.ar\",\"description\":\"Radio de noticias\",\"publisher\":{\"@id\":\"https:\/\/radioinfinitagoya.com.ar\/v1\/#organization\"},\"potentialAction\":[{\"@type\":\"SearchAction\",\"target\":{\"@type\":\"EntryPoint\",\"urlTemplate\":\"https:\/\/radioinfinitagoya.com.ar\/v1\/?s={search_term_string}\"},\"query-input\":{\"@type\":\"PropertyValueSpecification\",\"valueRequired\":true,\"valueName\":\"search_term_string\"}}],\"inLanguage\":\"es-AR\"},{\"@type\":\"Organization\",\"@id\":\"https:\/\/radioinfinitagoya.com.ar\/v1\/#organization\",\"name\":\"Radio Infinita Goya\",\"url\":\"https:\/\/radioinfinitagoya.com.ar\/v1\/\",\"logo\":{\"@type\":\"ImageObject\",\"inLanguage\":\"es-AR\",\"@id\":\"https:\/\/radioinfinitagoya.com.ar\/v1\/#\/schema\/logo\/image\/\",\"url\":\"https:\/\/radioinfinitagoya.com.ar\/v1\/wp-content\/uploads\/2019\/11\/logo-pie-web.png\",\"contentUrl\":\"https:\/\/radioinfinitagoya.com.ar\/v1\/wp-content\/uploads\/2019\/11\/logo-pie-web.png\",\"width\":635,\"height\":326,\"caption\":\"Radio Infinita Goya\"},\"image\":{\"@id\":\"https:\/\/radioinfinitagoya.com.ar\/v1\/#\/schema\/logo\/image\/\"},\"sameAs\":[\"https:\/\/www.facebook.com\/p\/Infinita-Goya-100063870918311\/\"]},{\"@type\":\"Person\",\"@id\":\"https:\/\/radioinfinitagoya.com.ar\/v1\/#\/schema\/person\/d4cf9c413d4f6edb24aabdccab49ca4a\",\"name\":\"Jorge Mi\u00f1o\",\"image\":{\"@type\":\"ImageObject\",\"inLanguage\":\"es-AR\",\"@id\":\"https:\/\/secure.gravatar.com\/avatar\/910fcf6728fe95320e07a6643c1581fec1c7fc4bf8ae12e3d8f0d0373dc844be?s=96&d=mm&r=g\",\"url\":\"https:\/\/secure.gravatar.com\/avatar\/910fcf6728fe95320e07a6643c1581fec1c7fc4bf8ae12e3d8f0d0373dc844be?s=96&d=mm&r=g\",\"contentUrl\":\"https:\/\/secure.gravatar.com\/avatar\/910fcf6728fe95320e07a6643c1581fec1c7fc4bf8ae12e3d8f0d0373dc844be?s=96&d=mm&r=g\",\"caption\":\"Jorge Mi\u00f1o\"},\"sameAs\":[\"http:\/\/radioinfinitagoya.com.ar\"]}]}<\/script>\n<!-- \/ Yoast SEO plugin. -->","yoast_head_json":{"title":"Inici\u00f3 el Campus con Walter Herrmann en El Tala - Radio Infinita Goya","description":"Desde este viernes y hasta el domingo en el Club Atl\u00e9tico El Tala llevar\u00e1 adelante un Campus de Tecnificaci\u00f3n y Perfeccionamiento, que cuenta con la","robots":{"index":"index","follow":"follow","max-snippet":"max-snippet:-1","max-image-preview":"max-image-preview:large","max-video-preview":"max-video-preview:-1"},"canonical":"https:\/\/radioinfinitagoya.com.ar\/v1\/2025\/07\/26\/inicio-el-campus-con-walter-herrmann-en-el-tala\/","og_locale":"es_ES","og_type":"article","og_title":"Inici\u00f3 el Campus con Walter Herrmann en El Tala - Radio Infinita Goya","og_description":"Desde este viernes y hasta el domingo en el Club Atl\u00e9tico El Tala llevar\u00e1 adelante un Campus de Tecnificaci\u00f3n y Perfeccionamiento, que cuenta con la","og_url":"https:\/\/radioinfinitagoya.com.ar\/v1\/2025\/07\/26\/inicio-el-campus-con-walter-herrmann-en-el-tala\/","og_site_name":"Radio Infinita Goya","article_publisher":"https:\/\/www.facebook.com\/p\/Infinita-Goya-100063870918311\/","article_published_time":"2025-07-26T20:53:12+00:00","og_image":[{"width":1081,"height":721,"url":"https:\/\/radioinfinitagoya.com.ar\/v1\/wp-content\/uploads\/2025\/07\/CAMPUSHERMAN1.jpg","type":"image\/jpeg"}],"author":"Jorge Mi\u00f1o","twitter_card":"summary_large_image","twitter_misc":{"Escrito por":"Jorge Mi\u00f1o","Tiempo de lectura":"3 minutos"},"schema":{"@context":"https:\/\/schema.org","@graph":[{"@type":"Article","@id":"https:\/\/radioinfinitagoya.com.ar\/v1\/2025\/07\/26\/inicio-el-campus-con-walter-herrmann-en-el-tala\/#article","isPartOf":{"@id":"https:\/\/radioinfinitagoya.com.ar\/v1\/2025\/07\/26\/inicio-el-campus-con-walter-herrmann-en-el-tala\/"},"author":{"name":"Jorge Mi\u00f1o","@id":"https:\/\/radioinfinitagoya.com.ar\/v1\/#\/schema\/person\/d4cf9c413d4f6edb24aabdccab49ca4a"},"headline":"Inici\u00f3 el Campus con Walter Herrmann en El Tala","datePublished":"2025-07-26T20:53:12+00:00","mainEntityOfPage":{"@id":"https:\/\/radioinfinitagoya.com.ar\/v1\/2025\/07\/26\/inicio-el-campus-con-walter-herrmann-en-el-tala\/"},"wordCount":448,"publisher":{"@id":"https:\/\/radioinfinitagoya.com.ar\/v1\/#organization"},"image":{"@id":"https:\/\/radioinfinitagoya.com.ar\/v1\/2025\/07\/26\/inicio-el-campus-con-walter-herrmann-en-el-tala\/#primaryimage"},"thumbnailUrl":"https:\/\/radioinfinitagoya.com.ar\/v1\/wp-content\/uploads\/2025\/07\/CAMPUSHERMAN1.jpg","articleSection":["DEPORTES"],"inLanguage":"es-AR"},{"@type":"WebPage","@id":"https:\/\/radioinfinitagoya.com.ar\/v1\/2025\/07\/26\/inicio-el-campus-con-walter-herrmann-en-el-tala\/","url":"https:\/\/radioinfinitagoya.com.ar\/v1\/2025\/07\/26\/inicio-el-campus-con-walter-herrmann-en-el-tala\/","name":"Inici\u00f3 el Campus con Walter Herrmann en El Tala - Radio Infinita Goya","isPartOf":{"@id":"https:\/\/radioinfinitagoya.com.ar\/v1\/#website"},"primaryImageOfPage":{"@id":"https:\/\/radioinfinitagoya.com.ar\/v1\/2025\/07\/26\/inicio-el-campus-con-walter-herrmann-en-el-tala\/#primaryimage"},"image":{"@id":"https:\/\/radioinfinitagoya.com.ar\/v1\/2025\/07\/26\/inicio-el-campus-con-walter-herrmann-en-el-tala\/#primaryimage"},"thumbnailUrl":"https:\/\/radioinfinitagoya.com.ar\/v1\/wp-content\/uploads\/2025\/07\/CAMPUSHERMAN1.jpg","datePublished":"2025-07-26T20:53:12+00:00","description":"Desde este viernes y hasta el domingo en el Club Atl\u00e9tico El Tala llevar\u00e1 adelante un Campus de Tecnificaci\u00f3n y Perfeccionamiento, que cuenta con la","breadcrumb":{"@id":"https:\/\/radioinfinitagoya.com.ar\/v1\/2025\/07\/26\/inicio-el-campus-con-walter-herrmann-en-el-tala\/#breadcrumb"},"inLanguage":"es-AR","potentialAction":[{"@type":"ReadAction","target":["https:\/\/radioinfinitagoya.com.ar\/v1\/2025\/07\/26\/inicio-el-campus-con-walter-herrmann-en-el-tala\/"]}]},{"@type":"ImageObject","inLanguage":"es-AR","@id":"https:\/\/radioinfinitagoya.com.ar\/v1\/2025\/07\/26\/inicio-el-campus-con-walter-herrmann-en-el-tala\/#primaryimage","url":"https:\/\/radioinfinitagoya.com.ar\/v1\/wp-content\/uploads\/2025\/07\/CAMPUSHERMAN1.jpg","contentUrl":"https:\/\/radioinfinitagoya.com.ar\/v1\/wp-content\/uploads\/2025\/07\/CAMPUSHERMAN1.jpg","width":1081,"height":721},{"@type":"BreadcrumbList","@id":"https:\/\/radioinfinitagoya.com.ar\/v1\/2025\/07\/26\/inicio-el-campus-con-walter-herrmann-en-el-tala\/#breadcrumb","itemListElement":[{"@type":"ListItem","position":1,"name":"Inicio","item":"https:\/\/radioinfinitagoya.com.ar\/v1\/"},{"@type":"ListItem","position":2,"name":"Inici\u00f3 el Campus con Walter Herrmann en El Tala"}]},{"@type":"WebSite","@id":"https:\/\/radioinfinitagoya.com.ar\/v1\/#website","url":"https:\/\/radioinfinitagoya.com.ar\/v1\/","name":"radioinfinitagoya.com.ar","description":"Radio de noticias","publisher":{"@id":"https:\/\/radioinfinitagoya.com.ar\/v1\/#organization"},"potentialAction":[{"@type":"SearchAction","target":{"@type":"EntryPoint","urlTemplate":"https:\/\/radioinfinitagoya.com.ar\/v1\/?s={search_term_string}"},"query-input":{"@type":"PropertyValueSpecification","valueRequired":true,"valueName":"search_term_string"}}],"inLanguage":"es-AR"},{"@type":"Organization","@id":"https:\/\/radioinfinitagoya.com.ar\/v1\/#organization","name":"Radio Infinita Goya","url":"https:\/\/radioinfinitagoya.com.ar\/v1\/","logo":{"@type":"ImageObject","inLanguage":"es-AR","@id":"https:\/\/radioinfinitagoya.com.ar\/v1\/#\/schema\/logo\/image\/","url":"https:\/\/radioinfinitagoya.com.ar\/v1\/wp-content\/uploads\/2019\/11\/logo-pie-web.png","contentUrl":"https:\/\/radioinfinitagoya.com.ar\/v1\/wp-content\/uploads\/2019\/11\/logo-pie-web.png","width":635,"height":326,"caption":"Radio Infinita Goya"},"image":{"@id":"https:\/\/radioinfinitagoya.com.ar\/v1\/#\/schema\/logo\/image\/"},"sameAs":["https:\/\/www.facebook.com\/p\/Infinita-Goya-100063870918311\/"]},{"@type":"Person","@id":"https:\/\/radioinfinitagoya.com.ar\/v1\/#\/schema\/person\/d4cf9c413d4f6edb24aabdccab49ca4a","name":"Jorge Mi\u00f1o","image":{"@type":"ImageObject","inLanguage":"es-AR","@id":"https:\/\/secure.gravatar.com\/avatar\/910fcf6728fe95320e07a6643c1581fec1c7fc4bf8ae12e3d8f0d0373dc844be?s=96&d=mm&r=g","url":"https:\/\/secure.gravatar.com\/avatar\/910fcf6728fe95320e07a6643c1581fec1c7fc4bf8ae12e3d8f0d0373dc844be?s=96&d=mm&r=g","contentUrl":"https:\/\/secure.gravatar.com\/avatar\/910fcf6728fe95320e07a6643c1581fec1c7fc4bf8ae12e3d8f0d0373dc844be?s=96&d=mm&r=g","caption":"Jorge Mi\u00f1o"},"sameAs":["http:\/\/radioinfinitagoya.com.ar"]}]}},"_links":{"self":[{"href":"https:\/\/radioinfinitagoya.com.ar\/v1\/wp-json\/wp\/v2\/posts\/193376","targetHints":{"allow":["GET"]}}],"collection":[{"href":"https:\/\/radioinfinitagoya.com.ar\/v1\/wp-json\/wp\/v2\/posts"}],"about":[{"href":"https:\/\/radioinfinitagoya.com.ar\/v1\/wp-json\/wp\/v2\/types\/post"}],"author":[{"embeddable":true,"href":"https:\/\/radioinfinitagoya.com.ar\/v1\/wp-json\/wp\/v2\/users\/4"}],"replies":[{"embeddable":true,"href":"https:\/\/radioinfinitagoya.com.ar\/v1\/wp-json\/wp\/v2\/comments?post=193376"}],"version-history":[{"count":0,"href":"https:\/\/radioinfinitagoya.com.ar\/v1\/wp-json\/wp\/v2\/posts\/193376\/revisions"}],"wp:featuredmedia":[{"embeddable":true,"href":"https:\/\/radioinfinitagoya.com.ar\/v1\/wp-json\/wp\/v2\/media\/193377"}],"wp:attachment":[{"href":"https:\/\/radioinfinitagoya.com.ar\/v1\/wp-json\/wp\/v2\/media?parent=193376"}],"wp:term":[{"taxonomy":"category","embeddable":true,"href":"https:\/\/radioinfinitagoya.com.ar\/v1\/wp-json\/wp\/v2\/categories?post=193376"},{"taxonomy":"post_tag","embeddable":true,"href":"https:\/\/radioinfinitagoya.com.ar\/v1\/wp-json\/wp\/v2\/tags?post=193376"}],"curies":[{"name":"wp","href":"https:\/\/api.w.org\/{rel}","templated":true}]}}