{"id":193379,"date":"2025-07-26T17:57:18","date_gmt":"2025-07-26T20:57:18","guid":{"rendered":"https:\/\/radioinfinitagoya.com.ar\/v1\/?p=193379"},"modified":"2025-07-26T17:57:18","modified_gmt":"2025-07-26T20:57:18","slug":"f1-scaloni-la-visita-sorpresa-durante-la-clasificacion-del-gp-de-belgica","status":"publish","type":"post","link":"https:\/\/radioinfinitagoya.com.ar\/v1\/2025\/07\/26\/f1-scaloni-la-visita-sorpresa-durante-la-clasificacion-del-gp-de-belgica\/","title":{"rendered":"F1: Scaloni, la visita sorpresa durante la clasificaci\u00f3n del GP de B\u00e9lgica"},"content":{"rendered":"<p>El di\u00e1logo con Max Verstappen<\/p>\n<p>El DT de la selecci\u00f3n argentina estuvo en los pits de Red Bull minutos antes de la qualy para la carrera del domingo y convers\u00f3 con el neerland\u00e9s<\/p>\n<p>En la previa de la clasificaci\u00f3n del Gran Premio de B\u00e9lgica de F\u00f3rmula 1, Lionel Scaloni fue una de las figuras que se dej\u00f3 ver en el paddock del circuito de Spa-Francorchamps. El entrenador campe\u00f3n del mundo con la selecci\u00f3n argentina apareci\u00f3 en los boxes de Red Bull y mantuvo una conversaci\u00f3n con el piloto neerland\u00e9s Max Verstappen, quien poco antes hab\u00eda ganado la carrera Sprint.<\/p>\n<p>Las c\u00e1maras de la transmisi\u00f3n oficial captaron el momento en el que Scaloni intercambi\u00f3 palabras con Verstappen, actual campe\u00f3n de la m\u00e1xima categor\u00eda, que horas antes se hab\u00eda impuesto en la carrera Sprint. El t\u00e9cnico argentino salud\u00f3 al piloto y se mostr\u00f3 sonriente en medio de un ambiente distendido, mientras la escuder\u00eda austr\u00edaca ultimaba detalles para la tanda clasificatoria.<\/p>\n<p>La presencia de Scaloni en el circuito no fue una sorpresa para quienes siguen de cerca sus gustos fuera del f\u00fatbol. El entrenador argentino es un reconocido aficionado al automovilismo desde su infancia en Pujato, Santa Fe. Hincha de Ford y seguidor del Turismo Carretera, en varias entrevistas reconoci\u00f3 que asist\u00eda al m\u00edtico circuito semipermanente de San Lorenzo para ver las carreras. Su \u00eddolo es Oscar \u201cPincho\u201d Castellano, quien corri\u00f3 y fue campe\u00f3n con la marca de \u00d3valo en 1989<\/p>\n<p>M\u00e1s all\u00e1 de su inter\u00e9s general por el automovilismo, Scaloni tambi\u00e9n ha manifestado su admiraci\u00f3n por Franco Colapinto, piloto argentino que corre con Alpine. \u201cTenemos cosas en com\u00fan. La pasi\u00f3n por los autos. El domingo nos pas\u00f3 algo muy raro. Dividimos la pantalla para ver la F\u00f3rmula 1 y Liverpool vs Manchester. Genera ilusi\u00f3n a los argentinos tener un piloto en la F1. Ver a la gente en Monza con las banderas. Estamos orgullosos de tener un piloto ah\u00ed\u201d, hab\u00eda declarado el DT en septiembre del a\u00f1o pasado.<\/p>\n<p>Tras las palabras de Lionel por el debut del nacido en Pilar en una sesi\u00f3n oficial de F\u00f3rmula 1 durante los entrenamientos libres del Gran Premio de Italia en Monza (all\u00ed condujo el monoplaza de Williams y se convirti\u00f3 en el primer argentino en participar de una actividad oficial de F1 en m\u00e1s de dos d\u00e9cadas), el actual hombre de Alpine reaccion\u00f3 con sorpresa y entusiasmo: \u201c\u00a1Que crack que es! El verdadero numero uno. Y el que diga lo contrario lo bloqueo\u201d, escribi\u00f3 en ese momento en su cuenta de X.<\/p>\n<p>Luego, en noviembre de 2024, Scaloni revel\u00f3 p\u00fablicamente que se hab\u00eda contactado con la manager de Colapinto con la intenci\u00f3n de organizar un encuentro: \u201cMe gustar\u00eda conocerlo, no s\u00e9 si a \u00e9l le gustar\u00eda conocerme a m\u00ed\u201d, dijo entre risas en una conferencia de prensa.<\/p>\n<p>La presencia de Scaloni en el paddock de Spa-Francorchamps refuerza una imagen ya conocida: la de un t\u00e9cnico con intereses que trascienden el f\u00fatbol y que ha construido una identidad propia vinculada a diferentes pasiones deportivas. La actividad del s\u00e1bado comenz\u00f3 con Verstappen dominando la carrera Sprint con Red Bull.<\/p>\n<p>La clasificaci\u00f3n para la carrera principal no tuvo el desenlace ideal para Colapinto, ya que culmin\u00f3 en el puesto 17\u00b0. La carrera del domingo tendr\u00e1 en el primer lugar de la parrilla al piloto de McLaren Lando Norris. Al lado, en la primera fila, estar\u00e1 su compa\u00f1ero de equipo Oscar Piastri. Por detr\u00e1s quedaron Charles Leclerc (Ferrari) y Max Verstappen (Red Bull Racing).<\/p>\n","protected":false},"excerpt":{"rendered":"<p>El di\u00e1logo con Max Verstappen El DT de la selecci\u00f3n argentina estuvo en los pits de Red Bull minutos antes de la qualy para la carrera del domingo y convers\u00f3 con el neerland\u00e9s En la previa de la clasificaci\u00f3n del Gran Premio de B\u00e9lgica de F\u00f3rmula 1, Lionel Scaloni fue una de las figuras que [&hellip;]<\/p>\n","protected":false},"author":4,"featured_media":193380,"comment_status":"closed","ping_status":"closed","sticky":false,"template":"","format":"standard","meta":{"_joinchat":[],"footnotes":""},"categories":[28],"tags":[],"class_list":{"0":"post-193379","1":"post","2":"type-post","3":"status-publish","4":"format-standard","5":"has-post-thumbnail","7":"category-deportes"},"yoast_head":"<!-- This site is optimized with the Yoast SEO plugin v27.2 - https:\/\/yoast.com\/product\/yoast-seo-wordpress\/ -->\n<title>F1: Scaloni, la visita sorpresa durante la clasificaci\u00f3n del GP de B\u00e9lgica - Radio Infinita Goya<\/title>\n<meta name=\"description\" content=\"El di\u00e1logo con Max Verstappen El DT de la selecci\u00f3n argentina estuvo en los pits de Red Bull minutos antes de la qualy para la carrera del domingo y\" \/>\n<meta name=\"robots\" content=\"index, follow, max-snippet:-1, max-image-preview:large, max-video-preview:-1\" \/>\n<link rel=\"canonical\" href=\"https:\/\/radioinfinitagoya.com.ar\/v1\/2025\/07\/26\/f1-scaloni-la-visita-sorpresa-durante-la-clasificacion-del-gp-de-belgica\/\" \/>\n<meta property=\"og:locale\" content=\"es_ES\" \/>\n<meta property=\"og:type\" content=\"article\" \/>\n<meta property=\"og:title\" content=\"F1: Scaloni, la visita sorpresa durante la clasificaci\u00f3n del GP de B\u00e9lgica - Radio Infinita Goya\" \/>\n<meta property=\"og:description\" content=\"El di\u00e1logo con Max Verstappen El DT de la selecci\u00f3n argentina estuvo en los pits de Red Bull minutos antes de la qualy para la carrera del domingo y\" \/>\n<meta property=\"og:url\" content=\"https:\/\/radioinfinitagoya.com.ar\/v1\/2025\/07\/26\/f1-scaloni-la-visita-sorpresa-durante-la-clasificacion-del-gp-de-belgica\/\" \/>\n<meta property=\"og:site_name\" content=\"Radio Infinita Goya\" \/>\n<meta property=\"article:publisher\" content=\"https:\/\/www.facebook.com\/p\/Infinita-Goya-100063870918311\/\" \/>\n<meta property=\"article:published_time\" content=\"2025-07-26T20:57:18+00:00\" \/>\n<meta property=\"og:image\" content=\"https:\/\/radioinfinitagoya.com.ar\/v1\/wp-content\/uploads\/2025\/07\/F4sR9r96.jpg\" \/>\n\t<meta property=\"og:image:width\" content=\"680\" \/>\n\t<meta property=\"og:image:height\" content=\"340\" \/>\n\t<meta property=\"og:image:type\" content=\"image\/jpeg\" \/>\n<meta name=\"author\" content=\"Jorge Mi\u00f1o\" \/>\n<meta name=\"twitter:card\" content=\"summary_large_image\" \/>\n<meta name=\"twitter:label1\" content=\"Escrito por\" \/>\n\t<meta name=\"twitter:data1\" content=\"Jorge Mi\u00f1o\" \/>\n\t<meta name=\"twitter:label2\" content=\"Tiempo de lectura\" \/>\n\t<meta name=\"twitter:data2\" content=\"3 minutos\" \/>\n<script type=\"application\/ld+json\" class=\"yoast-schema-graph\">{\"@context\":\"https:\/\/schema.org\",\"@graph\":[{\"@type\":\"Article\",\"@id\":\"https:\/\/radioinfinitagoya.com.ar\/v1\/2025\/07\/26\/f1-scaloni-la-visita-sorpresa-durante-la-clasificacion-del-gp-de-belgica\/#article\",\"isPartOf\":{\"@id\":\"https:\/\/radioinfinitagoya.com.ar\/v1\/2025\/07\/26\/f1-scaloni-la-visita-sorpresa-durante-la-clasificacion-del-gp-de-belgica\/\"},\"author\":{\"name\":\"Jorge Mi\u00f1o\",\"@id\":\"https:\/\/radioinfinitagoya.com.ar\/v1\/#\/schema\/person\/d4cf9c413d4f6edb24aabdccab49ca4a\"},\"headline\":\"F1: Scaloni, la visita sorpresa durante la clasificaci\u00f3n del GP de B\u00e9lgica\",\"datePublished\":\"2025-07-26T20:57:18+00:00\",\"mainEntityOfPage\":{\"@id\":\"https:\/\/radioinfinitagoya.com.ar\/v1\/2025\/07\/26\/f1-scaloni-la-visita-sorpresa-durante-la-clasificacion-del-gp-de-belgica\/\"},\"wordCount\":632,\"publisher\":{\"@id\":\"https:\/\/radioinfinitagoya.com.ar\/v1\/#organization\"},\"image\":{\"@id\":\"https:\/\/radioinfinitagoya.com.ar\/v1\/2025\/07\/26\/f1-scaloni-la-visita-sorpresa-durante-la-clasificacion-del-gp-de-belgica\/#primaryimage\"},\"thumbnailUrl\":\"https:\/\/radioinfinitagoya.com.ar\/v1\/wp-content\/uploads\/2025\/07\/F4sR9r96.jpg\",\"articleSection\":[\"DEPORTES\"],\"inLanguage\":\"es-AR\"},{\"@type\":\"WebPage\",\"@id\":\"https:\/\/radioinfinitagoya.com.ar\/v1\/2025\/07\/26\/f1-scaloni-la-visita-sorpresa-durante-la-clasificacion-del-gp-de-belgica\/\",\"url\":\"https:\/\/radioinfinitagoya.com.ar\/v1\/2025\/07\/26\/f1-scaloni-la-visita-sorpresa-durante-la-clasificacion-del-gp-de-belgica\/\",\"name\":\"F1: Scaloni, la visita sorpresa durante la clasificaci\u00f3n del GP de B\u00e9lgica - Radio Infinita Goya\",\"isPartOf\":{\"@id\":\"https:\/\/radioinfinitagoya.com.ar\/v1\/#website\"},\"primaryImageOfPage\":{\"@id\":\"https:\/\/radioinfinitagoya.com.ar\/v1\/2025\/07\/26\/f1-scaloni-la-visita-sorpresa-durante-la-clasificacion-del-gp-de-belgica\/#primaryimage\"},\"image\":{\"@id\":\"https:\/\/radioinfinitagoya.com.ar\/v1\/2025\/07\/26\/f1-scaloni-la-visita-sorpresa-durante-la-clasificacion-del-gp-de-belgica\/#primaryimage\"},\"thumbnailUrl\":\"https:\/\/radioinfinitagoya.com.ar\/v1\/wp-content\/uploads\/2025\/07\/F4sR9r96.jpg\",\"datePublished\":\"2025-07-26T20:57:18+00:00\",\"description\":\"El di\u00e1logo con Max Verstappen El DT de la selecci\u00f3n argentina estuvo en los pits de Red Bull minutos antes de la qualy para la carrera del domingo y\",\"breadcrumb\":{\"@id\":\"https:\/\/radioinfinitagoya.com.ar\/v1\/2025\/07\/26\/f1-scaloni-la-visita-sorpresa-durante-la-clasificacion-del-gp-de-belgica\/#breadcrumb\"},\"inLanguage\":\"es-AR\",\"potentialAction\":[{\"@type\":\"ReadAction\",\"target\":[\"https:\/\/radioinfinitagoya.com.ar\/v1\/2025\/07\/26\/f1-scaloni-la-visita-sorpresa-durante-la-clasificacion-del-gp-de-belgica\/\"]}]},{\"@type\":\"ImageObject\",\"inLanguage\":\"es-AR\",\"@id\":\"https:\/\/radioinfinitagoya.com.ar\/v1\/2025\/07\/26\/f1-scaloni-la-visita-sorpresa-durante-la-clasificacion-del-gp-de-belgica\/#primaryimage\",\"url\":\"https:\/\/radioinfinitagoya.com.ar\/v1\/wp-content\/uploads\/2025\/07\/F4sR9r96.jpg\",\"contentUrl\":\"https:\/\/radioinfinitagoya.com.ar\/v1\/wp-content\/uploads\/2025\/07\/F4sR9r96.jpg\",\"width\":680,\"height\":340},{\"@type\":\"BreadcrumbList\",\"@id\":\"https:\/\/radioinfinitagoya.com.ar\/v1\/2025\/07\/26\/f1-scaloni-la-visita-sorpresa-durante-la-clasificacion-del-gp-de-belgica\/#breadcrumb\",\"itemListElement\":[{\"@type\":\"ListItem\",\"position\":1,\"name\":\"Inicio\",\"item\":\"https:\/\/radioinfinitagoya.com.ar\/v1\/\"},{\"@type\":\"ListItem\",\"position\":2,\"name\":\"F1: Scaloni, la visita sorpresa durante la clasificaci\u00f3n del GP de B\u00e9lgica\"}]},{\"@type\":\"WebSite\",\"@id\":\"https:\/\/radioinfinitagoya.com.ar\/v1\/#website\",\"url\":\"https:\/\/radioinfinitagoya.com.ar\/v1\/\",\"name\":\"radioinfinitagoya.com.ar\",\"description\":\"Radio de noticias\",\"publisher\":{\"@id\":\"https:\/\/radioinfinitagoya.com.ar\/v1\/#organization\"},\"potentialAction\":[{\"@type\":\"SearchAction\",\"target\":{\"@type\":\"EntryPoint\",\"urlTemplate\":\"https:\/\/radioinfinitagoya.com.ar\/v1\/?s={search_term_string}\"},\"query-input\":{\"@type\":\"PropertyValueSpecification\",\"valueRequired\":true,\"valueName\":\"search_term_string\"}}],\"inLanguage\":\"es-AR\"},{\"@type\":\"Organization\",\"@id\":\"https:\/\/radioinfinitagoya.com.ar\/v1\/#organization\",\"name\":\"Radio Infinita Goya\",\"url\":\"https:\/\/radioinfinitagoya.com.ar\/v1\/\",\"logo\":{\"@type\":\"ImageObject\",\"inLanguage\":\"es-AR\",\"@id\":\"https:\/\/radioinfinitagoya.com.ar\/v1\/#\/schema\/logo\/image\/\",\"url\":\"https:\/\/radioinfinitagoya.com.ar\/v1\/wp-content\/uploads\/2019\/11\/logo-pie-web.png\",\"contentUrl\":\"https:\/\/radioinfinitagoya.com.ar\/v1\/wp-content\/uploads\/2019\/11\/logo-pie-web.png\",\"width\":635,\"height\":326,\"caption\":\"Radio Infinita Goya\"},\"image\":{\"@id\":\"https:\/\/radioinfinitagoya.com.ar\/v1\/#\/schema\/logo\/image\/\"},\"sameAs\":[\"https:\/\/www.facebook.com\/p\/Infinita-Goya-100063870918311\/\"]},{\"@type\":\"Person\",\"@id\":\"https:\/\/radioinfinitagoya.com.ar\/v1\/#\/schema\/person\/d4cf9c413d4f6edb24aabdccab49ca4a\",\"name\":\"Jorge Mi\u00f1o\",\"image\":{\"@type\":\"ImageObject\",\"inLanguage\":\"es-AR\",\"@id\":\"https:\/\/secure.gravatar.com\/avatar\/910fcf6728fe95320e07a6643c1581fec1c7fc4bf8ae12e3d8f0d0373dc844be?s=96&d=mm&r=g\",\"url\":\"https:\/\/secure.gravatar.com\/avatar\/910fcf6728fe95320e07a6643c1581fec1c7fc4bf8ae12e3d8f0d0373dc844be?s=96&d=mm&r=g\",\"contentUrl\":\"https:\/\/secure.gravatar.com\/avatar\/910fcf6728fe95320e07a6643c1581fec1c7fc4bf8ae12e3d8f0d0373dc844be?s=96&d=mm&r=g\",\"caption\":\"Jorge Mi\u00f1o\"},\"sameAs\":[\"http:\/\/radioinfinitagoya.com.ar\"]}]}<\/script>\n<!-- \/ Yoast SEO plugin. -->","yoast_head_json":{"title":"F1: Scaloni, la visita sorpresa durante la clasificaci\u00f3n del GP de B\u00e9lgica - Radio Infinita Goya","description":"El di\u00e1logo con Max Verstappen El DT de la selecci\u00f3n argentina estuvo en los pits de Red Bull minutos antes de la qualy para la carrera del domingo y","robots":{"index":"index","follow":"follow","max-snippet":"max-snippet:-1","max-image-preview":"max-image-preview:large","max-video-preview":"max-video-preview:-1"},"canonical":"https:\/\/radioinfinitagoya.com.ar\/v1\/2025\/07\/26\/f1-scaloni-la-visita-sorpresa-durante-la-clasificacion-del-gp-de-belgica\/","og_locale":"es_ES","og_type":"article","og_title":"F1: Scaloni, la visita sorpresa durante la clasificaci\u00f3n del GP de B\u00e9lgica - Radio Infinita Goya","og_description":"El di\u00e1logo con Max Verstappen El DT de la selecci\u00f3n argentina estuvo en los pits de Red Bull minutos antes de la qualy para la carrera del domingo y","og_url":"https:\/\/radioinfinitagoya.com.ar\/v1\/2025\/07\/26\/f1-scaloni-la-visita-sorpresa-durante-la-clasificacion-del-gp-de-belgica\/","og_site_name":"Radio Infinita Goya","article_publisher":"https:\/\/www.facebook.com\/p\/Infinita-Goya-100063870918311\/","article_published_time":"2025-07-26T20:57:18+00:00","og_image":[{"width":680,"height":340,"url":"https:\/\/radioinfinitagoya.com.ar\/v1\/wp-content\/uploads\/2025\/07\/F4sR9r96.jpg","type":"image\/jpeg"}],"author":"Jorge Mi\u00f1o","twitter_card":"summary_large_image","twitter_misc":{"Escrito por":"Jorge Mi\u00f1o","Tiempo de lectura":"3 minutos"},"schema":{"@context":"https:\/\/schema.org","@graph":[{"@type":"Article","@id":"https:\/\/radioinfinitagoya.com.ar\/v1\/2025\/07\/26\/f1-scaloni-la-visita-sorpresa-durante-la-clasificacion-del-gp-de-belgica\/#article","isPartOf":{"@id":"https:\/\/radioinfinitagoya.com.ar\/v1\/2025\/07\/26\/f1-scaloni-la-visita-sorpresa-durante-la-clasificacion-del-gp-de-belgica\/"},"author":{"name":"Jorge Mi\u00f1o","@id":"https:\/\/radioinfinitagoya.com.ar\/v1\/#\/schema\/person\/d4cf9c413d4f6edb24aabdccab49ca4a"},"headline":"F1: Scaloni, la visita sorpresa durante la clasificaci\u00f3n del GP de B\u00e9lgica","datePublished":"2025-07-26T20:57:18+00:00","mainEntityOfPage":{"@id":"https:\/\/radioinfinitagoya.com.ar\/v1\/2025\/07\/26\/f1-scaloni-la-visita-sorpresa-durante-la-clasificacion-del-gp-de-belgica\/"},"wordCount":632,"publisher":{"@id":"https:\/\/radioinfinitagoya.com.ar\/v1\/#organization"},"image":{"@id":"https:\/\/radioinfinitagoya.com.ar\/v1\/2025\/07\/26\/f1-scaloni-la-visita-sorpresa-durante-la-clasificacion-del-gp-de-belgica\/#primaryimage"},"thumbnailUrl":"https:\/\/radioinfinitagoya.com.ar\/v1\/wp-content\/uploads\/2025\/07\/F4sR9r96.jpg","articleSection":["DEPORTES"],"inLanguage":"es-AR"},{"@type":"WebPage","@id":"https:\/\/radioinfinitagoya.com.ar\/v1\/2025\/07\/26\/f1-scaloni-la-visita-sorpresa-durante-la-clasificacion-del-gp-de-belgica\/","url":"https:\/\/radioinfinitagoya.com.ar\/v1\/2025\/07\/26\/f1-scaloni-la-visita-sorpresa-durante-la-clasificacion-del-gp-de-belgica\/","name":"F1: Scaloni, la visita sorpresa durante la clasificaci\u00f3n del GP de B\u00e9lgica - Radio Infinita Goya","isPartOf":{"@id":"https:\/\/radioinfinitagoya.com.ar\/v1\/#website"},"primaryImageOfPage":{"@id":"https:\/\/radioinfinitagoya.com.ar\/v1\/2025\/07\/26\/f1-scaloni-la-visita-sorpresa-durante-la-clasificacion-del-gp-de-belgica\/#primaryimage"},"image":{"@id":"https:\/\/radioinfinitagoya.com.ar\/v1\/2025\/07\/26\/f1-scaloni-la-visita-sorpresa-durante-la-clasificacion-del-gp-de-belgica\/#primaryimage"},"thumbnailUrl":"https:\/\/radioinfinitagoya.com.ar\/v1\/wp-content\/uploads\/2025\/07\/F4sR9r96.jpg","datePublished":"2025-07-26T20:57:18+00:00","description":"El di\u00e1logo con Max Verstappen El DT de la selecci\u00f3n argentina estuvo en los pits de Red Bull minutos antes de la qualy para la carrera del domingo y","breadcrumb":{"@id":"https:\/\/radioinfinitagoya.com.ar\/v1\/2025\/07\/26\/f1-scaloni-la-visita-sorpresa-durante-la-clasificacion-del-gp-de-belgica\/#breadcrumb"},"inLanguage":"es-AR","potentialAction":[{"@type":"ReadAction","target":["https:\/\/radioinfinitagoya.com.ar\/v1\/2025\/07\/26\/f1-scaloni-la-visita-sorpresa-durante-la-clasificacion-del-gp-de-belgica\/"]}]},{"@type":"ImageObject","inLanguage":"es-AR","@id":"https:\/\/radioinfinitagoya.com.ar\/v1\/2025\/07\/26\/f1-scaloni-la-visita-sorpresa-durante-la-clasificacion-del-gp-de-belgica\/#primaryimage","url":"https:\/\/radioinfinitagoya.com.ar\/v1\/wp-content\/uploads\/2025\/07\/F4sR9r96.jpg","contentUrl":"https:\/\/radioinfinitagoya.com.ar\/v1\/wp-content\/uploads\/2025\/07\/F4sR9r96.jpg","width":680,"height":340},{"@type":"BreadcrumbList","@id":"https:\/\/radioinfinitagoya.com.ar\/v1\/2025\/07\/26\/f1-scaloni-la-visita-sorpresa-durante-la-clasificacion-del-gp-de-belgica\/#breadcrumb","itemListElement":[{"@type":"ListItem","position":1,"name":"Inicio","item":"https:\/\/radioinfinitagoya.com.ar\/v1\/"},{"@type":"ListItem","position":2,"name":"F1: Scaloni, la visita sorpresa durante la clasificaci\u00f3n del GP de B\u00e9lgica"}]},{"@type":"WebSite","@id":"https:\/\/radioinfinitagoya.com.ar\/v1\/#website","url":"https:\/\/radioinfinitagoya.com.ar\/v1\/","name":"radioinfinitagoya.com.ar","description":"Radio de noticias","publisher":{"@id":"https:\/\/radioinfinitagoya.com.ar\/v1\/#organization"},"potentialAction":[{"@type":"SearchAction","target":{"@type":"EntryPoint","urlTemplate":"https:\/\/radioinfinitagoya.com.ar\/v1\/?s={search_term_string}"},"query-input":{"@type":"PropertyValueSpecification","valueRequired":true,"valueName":"search_term_string"}}],"inLanguage":"es-AR"},{"@type":"Organization","@id":"https:\/\/radioinfinitagoya.com.ar\/v1\/#organization","name":"Radio Infinita Goya","url":"https:\/\/radioinfinitagoya.com.ar\/v1\/","logo":{"@type":"ImageObject","inLanguage":"es-AR","@id":"https:\/\/radioinfinitagoya.com.ar\/v1\/#\/schema\/logo\/image\/","url":"https:\/\/radioinfinitagoya.com.ar\/v1\/wp-content\/uploads\/2019\/11\/logo-pie-web.png","contentUrl":"https:\/\/radioinfinitagoya.com.ar\/v1\/wp-content\/uploads\/2019\/11\/logo-pie-web.png","width":635,"height":326,"caption":"Radio Infinita Goya"},"image":{"@id":"https:\/\/radioinfinitagoya.com.ar\/v1\/#\/schema\/logo\/image\/"},"sameAs":["https:\/\/www.facebook.com\/p\/Infinita-Goya-100063870918311\/"]},{"@type":"Person","@id":"https:\/\/radioinfinitagoya.com.ar\/v1\/#\/schema\/person\/d4cf9c413d4f6edb24aabdccab49ca4a","name":"Jorge Mi\u00f1o","image":{"@type":"ImageObject","inLanguage":"es-AR","@id":"https:\/\/secure.gravatar.com\/avatar\/910fcf6728fe95320e07a6643c1581fec1c7fc4bf8ae12e3d8f0d0373dc844be?s=96&d=mm&r=g","url":"https:\/\/secure.gravatar.com\/avatar\/910fcf6728fe95320e07a6643c1581fec1c7fc4bf8ae12e3d8f0d0373dc844be?s=96&d=mm&r=g","contentUrl":"https:\/\/secure.gravatar.com\/avatar\/910fcf6728fe95320e07a6643c1581fec1c7fc4bf8ae12e3d8f0d0373dc844be?s=96&d=mm&r=g","caption":"Jorge Mi\u00f1o"},"sameAs":["http:\/\/radioinfinitagoya.com.ar"]}]}},"_links":{"self":[{"href":"https:\/\/radioinfinitagoya.com.ar\/v1\/wp-json\/wp\/v2\/posts\/193379","targetHints":{"allow":["GET"]}}],"collection":[{"href":"https:\/\/radioinfinitagoya.com.ar\/v1\/wp-json\/wp\/v2\/posts"}],"about":[{"href":"https:\/\/radioinfinitagoya.com.ar\/v1\/wp-json\/wp\/v2\/types\/post"}],"author":[{"embeddable":true,"href":"https:\/\/radioinfinitagoya.com.ar\/v1\/wp-json\/wp\/v2\/users\/4"}],"replies":[{"embeddable":true,"href":"https:\/\/radioinfinitagoya.com.ar\/v1\/wp-json\/wp\/v2\/comments?post=193379"}],"version-history":[{"count":0,"href":"https:\/\/radioinfinitagoya.com.ar\/v1\/wp-json\/wp\/v2\/posts\/193379\/revisions"}],"wp:featuredmedia":[{"embeddable":true,"href":"https:\/\/radioinfinitagoya.com.ar\/v1\/wp-json\/wp\/v2\/media\/193380"}],"wp:attachment":[{"href":"https:\/\/radioinfinitagoya.com.ar\/v1\/wp-json\/wp\/v2\/media?parent=193379"}],"wp:term":[{"taxonomy":"category","embeddable":true,"href":"https:\/\/radioinfinitagoya.com.ar\/v1\/wp-json\/wp\/v2\/categories?post=193379"},{"taxonomy":"post_tag","embeddable":true,"href":"https:\/\/radioinfinitagoya.com.ar\/v1\/wp-json\/wp\/v2\/tags?post=193379"}],"curies":[{"name":"wp","href":"https:\/\/api.w.org\/{rel}","templated":true}]}}