{"id":193382,"date":"2025-07-26T18:01:12","date_gmt":"2025-07-26T21:01:12","guid":{"rendered":"https:\/\/radioinfinitagoya.com.ar\/v1\/?p=193382"},"modified":"2025-07-26T18:01:12","modified_gmt":"2025-07-26T21:01:12","slug":"valdes-destaco-el-potencial-agroindustrial-de-corrientes-en-la-rural-de-palermo","status":"publish","type":"post","link":"https:\/\/radioinfinitagoya.com.ar\/v1\/2025\/07\/26\/valdes-destaco-el-potencial-agroindustrial-de-corrientes-en-la-rural-de-palermo\/","title":{"rendered":"Vald\u00e9s destac\u00f3 el potencial agroindustrial de Corrientes en La Rural de Palermo"},"content":{"rendered":"<p>El gobernador de Corrientes, Gustavo Vald\u00e9s, particip\u00f3 este fin de semana en la Exposici\u00f3n Rural de Palermo, uno de los eventos m\u00e1s importantes del campo argentino.<\/p>\n<p>Durante la edici\u00f3n, puso en valor el crecimiento del sector agroindustrial correntino y reafirm\u00f3 el compromiso de su gesti\u00f3n con el desarrollo productivo.<\/p>\n<p>La delegaci\u00f3n correntina se present\u00f3 con una fuerte presencia de productores, caba\u00f1eros y emprendedores que exhibieron gen\u00e9tica de alto nivel, productos de la industria bubalina y propuestas de innovaci\u00f3n en el agro.<\/p>\n<p>&#8220;Corrientes dice presente en La Rural\u201d, expres\u00f3 Vald\u00e9s, quien remarc\u00f3 el trabajo conjunto entre el Estado y el sector privado como eje para impulsar el crecimiento.<\/p>\n<p>Durante su recorrida, el gobernador destac\u00f3 el auge de nuevas caba\u00f1as y emprendimientos agropecuarios, adem\u00e1s del liderazgo provincial en la producci\u00f3n de b\u00fafalos. \u201cSomos la primera productora de b\u00fafalo de la Rep\u00fablica Argentina\u201d, se\u00f1al\u00f3, y celebr\u00f3 la expansi\u00f3n de esta industria tanto en el mercado interno como en la exportaci\u00f3n de carne y derivados.<\/p>\n<p>En el plano log\u00edstico, Vald\u00e9s volvi\u00f3 a hacer hincapi\u00e9 en el rol estrat\u00e9gico de la hidrov\u00eda Paran\u00e1\u2013Paraguay y la necesidad de ampliar las terminales portuarias en Corrientes. \u201cAvanzamos con el puerto de Ituzaing\u00f3 y queremos m\u00e1s terminales que nos permitan competir y sacar nuestra producci\u00f3n al mundo con menores costos\u201d, afirm\u00f3.<\/p>\n<p>La participaci\u00f3n correntina tambi\u00e9n incluy\u00f3 expresiones culturales, con presentaciones de chamam\u00e9 que atrajeron a visitantes y consolidaron la identidad de la provincia en el evento. \u201cCorrientes siempre es la estrella\u201d, dijo el mandatario, en alusi\u00f3n al impacto cultural y productivo de la provincia en cada edici\u00f3n de La Rural.<\/p>\n<p>En cuanto al discurso del presidente Javier Milei, Vald\u00e9s valor\u00f3 la reducci\u00f3n de las retenciones al novillo de exportaci\u00f3n del 6,5% al 5%, aunque consider\u00f3 que \u201cse esperaba un poco m\u00e1s\u201d. De todos modos, sostuvo que la medida representa \u201cun aliciente\u201d para el sector ganadero.<\/p>\n<p>Con una fuerte presencia institucional, productiva y cultural, Corrientes volvi\u00f3 a posicionarse como una de las provincias protagonistas del desarrollo agroindustrial argentino.<\/p>\n","protected":false},"excerpt":{"rendered":"<p>El gobernador de Corrientes, Gustavo Vald\u00e9s, particip\u00f3 este fin de semana en la Exposici\u00f3n Rural de Palermo, uno de los eventos m\u00e1s importantes del campo argentino. Durante la edici\u00f3n, puso en valor el crecimiento del sector agroindustrial correntino y reafirm\u00f3 el compromiso de su gesti\u00f3n con el desarrollo productivo. La delegaci\u00f3n correntina se present\u00f3 con [&hellip;]<\/p>\n","protected":false},"author":4,"featured_media":193383,"comment_status":"closed","ping_status":"closed","sticky":false,"template":"","format":"standard","meta":{"_joinchat":[],"footnotes":""},"categories":[34],"tags":[],"class_list":{"0":"post-193382","1":"post","2":"type-post","3":"status-publish","4":"format-standard","5":"has-post-thumbnail","7":"category-principal"},"yoast_head":"<!-- This site is optimized with the Yoast SEO plugin v27.2 - https:\/\/yoast.com\/product\/yoast-seo-wordpress\/ -->\n<title>Vald\u00e9s destac\u00f3 el potencial agroindustrial de Corrientes en La Rural de Palermo - Radio Infinita Goya<\/title>\n<meta name=\"description\" content=\"El gobernador de Corrientes, Gustavo Vald\u00e9s, particip\u00f3 este fin de semana en la Exposici\u00f3n Rural de Palermo, uno de los eventos m\u00e1s importantes del campo\" \/>\n<meta name=\"robots\" content=\"index, follow, max-snippet:-1, max-image-preview:large, max-video-preview:-1\" \/>\n<link rel=\"canonical\" href=\"https:\/\/radioinfinitagoya.com.ar\/v1\/2025\/07\/26\/valdes-destaco-el-potencial-agroindustrial-de-corrientes-en-la-rural-de-palermo\/\" \/>\n<meta property=\"og:locale\" content=\"es_ES\" \/>\n<meta property=\"og:type\" content=\"article\" \/>\n<meta property=\"og:title\" content=\"Vald\u00e9s destac\u00f3 el potencial agroindustrial de Corrientes en La Rural de Palermo - Radio Infinita Goya\" \/>\n<meta property=\"og:description\" content=\"El gobernador de Corrientes, Gustavo Vald\u00e9s, particip\u00f3 este fin de semana en la Exposici\u00f3n Rural de Palermo, uno de los eventos m\u00e1s importantes del campo\" \/>\n<meta property=\"og:url\" content=\"https:\/\/radioinfinitagoya.com.ar\/v1\/2025\/07\/26\/valdes-destaco-el-potencial-agroindustrial-de-corrientes-en-la-rural-de-palermo\/\" \/>\n<meta property=\"og:site_name\" content=\"Radio Infinita Goya\" \/>\n<meta property=\"article:publisher\" content=\"https:\/\/www.facebook.com\/p\/Infinita-Goya-100063870918311\/\" \/>\n<meta property=\"article:published_time\" content=\"2025-07-26T21:01:12+00:00\" \/>\n<meta property=\"og:image\" content=\"https:\/\/radioinfinitagoya.com.ar\/v1\/wp-content\/uploads\/2025\/07\/1753563397153.webp\" \/>\n\t<meta property=\"og:image:width\" content=\"1200\" \/>\n\t<meta property=\"og:image:height\" content=\"675\" \/>\n\t<meta property=\"og:image:type\" content=\"image\/webp\" \/>\n<meta name=\"author\" content=\"Jorge Mi\u00f1o\" \/>\n<meta name=\"twitter:card\" content=\"summary_large_image\" \/>\n<meta name=\"twitter:label1\" content=\"Escrito por\" \/>\n\t<meta name=\"twitter:data1\" content=\"Jorge Mi\u00f1o\" \/>\n\t<meta name=\"twitter:label2\" content=\"Tiempo de lectura\" \/>\n\t<meta name=\"twitter:data2\" content=\"2 minutos\" \/>\n<script type=\"application\/ld+json\" class=\"yoast-schema-graph\">{\"@context\":\"https:\/\/schema.org\",\"@graph\":[{\"@type\":\"Article\",\"@id\":\"https:\/\/radioinfinitagoya.com.ar\/v1\/2025\/07\/26\/valdes-destaco-el-potencial-agroindustrial-de-corrientes-en-la-rural-de-palermo\/#article\",\"isPartOf\":{\"@id\":\"https:\/\/radioinfinitagoya.com.ar\/v1\/2025\/07\/26\/valdes-destaco-el-potencial-agroindustrial-de-corrientes-en-la-rural-de-palermo\/\"},\"author\":{\"name\":\"Jorge Mi\u00f1o\",\"@id\":\"https:\/\/radioinfinitagoya.com.ar\/v1\/#\/schema\/person\/d4cf9c413d4f6edb24aabdccab49ca4a\"},\"headline\":\"Vald\u00e9s destac\u00f3 el potencial agroindustrial de Corrientes en La Rural de Palermo\",\"datePublished\":\"2025-07-26T21:01:12+00:00\",\"mainEntityOfPage\":{\"@id\":\"https:\/\/radioinfinitagoya.com.ar\/v1\/2025\/07\/26\/valdes-destaco-el-potencial-agroindustrial-de-corrientes-en-la-rural-de-palermo\/\"},\"wordCount\":373,\"publisher\":{\"@id\":\"https:\/\/radioinfinitagoya.com.ar\/v1\/#organization\"},\"image\":{\"@id\":\"https:\/\/radioinfinitagoya.com.ar\/v1\/2025\/07\/26\/valdes-destaco-el-potencial-agroindustrial-de-corrientes-en-la-rural-de-palermo\/#primaryimage\"},\"thumbnailUrl\":\"https:\/\/radioinfinitagoya.com.ar\/v1\/wp-content\/uploads\/2025\/07\/1753563397153.webp\",\"articleSection\":[\"PRINCIPAL\"],\"inLanguage\":\"es-AR\"},{\"@type\":\"WebPage\",\"@id\":\"https:\/\/radioinfinitagoya.com.ar\/v1\/2025\/07\/26\/valdes-destaco-el-potencial-agroindustrial-de-corrientes-en-la-rural-de-palermo\/\",\"url\":\"https:\/\/radioinfinitagoya.com.ar\/v1\/2025\/07\/26\/valdes-destaco-el-potencial-agroindustrial-de-corrientes-en-la-rural-de-palermo\/\",\"name\":\"Vald\u00e9s destac\u00f3 el potencial agroindustrial de Corrientes en La Rural de Palermo - Radio Infinita Goya\",\"isPartOf\":{\"@id\":\"https:\/\/radioinfinitagoya.com.ar\/v1\/#website\"},\"primaryImageOfPage\":{\"@id\":\"https:\/\/radioinfinitagoya.com.ar\/v1\/2025\/07\/26\/valdes-destaco-el-potencial-agroindustrial-de-corrientes-en-la-rural-de-palermo\/#primaryimage\"},\"image\":{\"@id\":\"https:\/\/radioinfinitagoya.com.ar\/v1\/2025\/07\/26\/valdes-destaco-el-potencial-agroindustrial-de-corrientes-en-la-rural-de-palermo\/#primaryimage\"},\"thumbnailUrl\":\"https:\/\/radioinfinitagoya.com.ar\/v1\/wp-content\/uploads\/2025\/07\/1753563397153.webp\",\"datePublished\":\"2025-07-26T21:01:12+00:00\",\"description\":\"El gobernador de Corrientes, Gustavo Vald\u00e9s, particip\u00f3 este fin de semana en la Exposici\u00f3n Rural de Palermo, uno de los eventos m\u00e1s importantes del campo\",\"breadcrumb\":{\"@id\":\"https:\/\/radioinfinitagoya.com.ar\/v1\/2025\/07\/26\/valdes-destaco-el-potencial-agroindustrial-de-corrientes-en-la-rural-de-palermo\/#breadcrumb\"},\"inLanguage\":\"es-AR\",\"potentialAction\":[{\"@type\":\"ReadAction\",\"target\":[\"https:\/\/radioinfinitagoya.com.ar\/v1\/2025\/07\/26\/valdes-destaco-el-potencial-agroindustrial-de-corrientes-en-la-rural-de-palermo\/\"]}]},{\"@type\":\"ImageObject\",\"inLanguage\":\"es-AR\",\"@id\":\"https:\/\/radioinfinitagoya.com.ar\/v1\/2025\/07\/26\/valdes-destaco-el-potencial-agroindustrial-de-corrientes-en-la-rural-de-palermo\/#primaryimage\",\"url\":\"https:\/\/radioinfinitagoya.com.ar\/v1\/wp-content\/uploads\/2025\/07\/1753563397153.webp\",\"contentUrl\":\"https:\/\/radioinfinitagoya.com.ar\/v1\/wp-content\/uploads\/2025\/07\/1753563397153.webp\",\"width\":1200,\"height\":675},{\"@type\":\"BreadcrumbList\",\"@id\":\"https:\/\/radioinfinitagoya.com.ar\/v1\/2025\/07\/26\/valdes-destaco-el-potencial-agroindustrial-de-corrientes-en-la-rural-de-palermo\/#breadcrumb\",\"itemListElement\":[{\"@type\":\"ListItem\",\"position\":1,\"name\":\"Inicio\",\"item\":\"https:\/\/radioinfinitagoya.com.ar\/v1\/\"},{\"@type\":\"ListItem\",\"position\":2,\"name\":\"Vald\u00e9s destac\u00f3 el potencial agroindustrial de Corrientes en La Rural de Palermo\"}]},{\"@type\":\"WebSite\",\"@id\":\"https:\/\/radioinfinitagoya.com.ar\/v1\/#website\",\"url\":\"https:\/\/radioinfinitagoya.com.ar\/v1\/\",\"name\":\"radioinfinitagoya.com.ar\",\"description\":\"Radio de noticias\",\"publisher\":{\"@id\":\"https:\/\/radioinfinitagoya.com.ar\/v1\/#organization\"},\"potentialAction\":[{\"@type\":\"SearchAction\",\"target\":{\"@type\":\"EntryPoint\",\"urlTemplate\":\"https:\/\/radioinfinitagoya.com.ar\/v1\/?s={search_term_string}\"},\"query-input\":{\"@type\":\"PropertyValueSpecification\",\"valueRequired\":true,\"valueName\":\"search_term_string\"}}],\"inLanguage\":\"es-AR\"},{\"@type\":\"Organization\",\"@id\":\"https:\/\/radioinfinitagoya.com.ar\/v1\/#organization\",\"name\":\"Radio Infinita Goya\",\"url\":\"https:\/\/radioinfinitagoya.com.ar\/v1\/\",\"logo\":{\"@type\":\"ImageObject\",\"inLanguage\":\"es-AR\",\"@id\":\"https:\/\/radioinfinitagoya.com.ar\/v1\/#\/schema\/logo\/image\/\",\"url\":\"https:\/\/radioinfinitagoya.com.ar\/v1\/wp-content\/uploads\/2019\/11\/logo-pie-web.png\",\"contentUrl\":\"https:\/\/radioinfinitagoya.com.ar\/v1\/wp-content\/uploads\/2019\/11\/logo-pie-web.png\",\"width\":635,\"height\":326,\"caption\":\"Radio Infinita Goya\"},\"image\":{\"@id\":\"https:\/\/radioinfinitagoya.com.ar\/v1\/#\/schema\/logo\/image\/\"},\"sameAs\":[\"https:\/\/www.facebook.com\/p\/Infinita-Goya-100063870918311\/\"]},{\"@type\":\"Person\",\"@id\":\"https:\/\/radioinfinitagoya.com.ar\/v1\/#\/schema\/person\/d4cf9c413d4f6edb24aabdccab49ca4a\",\"name\":\"Jorge Mi\u00f1o\",\"image\":{\"@type\":\"ImageObject\",\"inLanguage\":\"es-AR\",\"@id\":\"https:\/\/secure.gravatar.com\/avatar\/910fcf6728fe95320e07a6643c1581fec1c7fc4bf8ae12e3d8f0d0373dc844be?s=96&d=mm&r=g\",\"url\":\"https:\/\/secure.gravatar.com\/avatar\/910fcf6728fe95320e07a6643c1581fec1c7fc4bf8ae12e3d8f0d0373dc844be?s=96&d=mm&r=g\",\"contentUrl\":\"https:\/\/secure.gravatar.com\/avatar\/910fcf6728fe95320e07a6643c1581fec1c7fc4bf8ae12e3d8f0d0373dc844be?s=96&d=mm&r=g\",\"caption\":\"Jorge Mi\u00f1o\"},\"sameAs\":[\"http:\/\/radioinfinitagoya.com.ar\"]}]}<\/script>\n<!-- \/ Yoast SEO plugin. -->","yoast_head_json":{"title":"Vald\u00e9s destac\u00f3 el potencial agroindustrial de Corrientes en La Rural de Palermo - Radio Infinita Goya","description":"El gobernador de Corrientes, Gustavo Vald\u00e9s, particip\u00f3 este fin de semana en la Exposici\u00f3n Rural de Palermo, uno de los eventos m\u00e1s importantes del campo","robots":{"index":"index","follow":"follow","max-snippet":"max-snippet:-1","max-image-preview":"max-image-preview:large","max-video-preview":"max-video-preview:-1"},"canonical":"https:\/\/radioinfinitagoya.com.ar\/v1\/2025\/07\/26\/valdes-destaco-el-potencial-agroindustrial-de-corrientes-en-la-rural-de-palermo\/","og_locale":"es_ES","og_type":"article","og_title":"Vald\u00e9s destac\u00f3 el potencial agroindustrial de Corrientes en La Rural de Palermo - Radio Infinita Goya","og_description":"El gobernador de Corrientes, Gustavo Vald\u00e9s, particip\u00f3 este fin de semana en la Exposici\u00f3n Rural de Palermo, uno de los eventos m\u00e1s importantes del campo","og_url":"https:\/\/radioinfinitagoya.com.ar\/v1\/2025\/07\/26\/valdes-destaco-el-potencial-agroindustrial-de-corrientes-en-la-rural-de-palermo\/","og_site_name":"Radio Infinita Goya","article_publisher":"https:\/\/www.facebook.com\/p\/Infinita-Goya-100063870918311\/","article_published_time":"2025-07-26T21:01:12+00:00","og_image":[{"width":1200,"height":675,"url":"https:\/\/radioinfinitagoya.com.ar\/v1\/wp-content\/uploads\/2025\/07\/1753563397153.webp","type":"image\/webp"}],"author":"Jorge Mi\u00f1o","twitter_card":"summary_large_image","twitter_misc":{"Escrito por":"Jorge Mi\u00f1o","Tiempo de lectura":"2 minutos"},"schema":{"@context":"https:\/\/schema.org","@graph":[{"@type":"Article","@id":"https:\/\/radioinfinitagoya.com.ar\/v1\/2025\/07\/26\/valdes-destaco-el-potencial-agroindustrial-de-corrientes-en-la-rural-de-palermo\/#article","isPartOf":{"@id":"https:\/\/radioinfinitagoya.com.ar\/v1\/2025\/07\/26\/valdes-destaco-el-potencial-agroindustrial-de-corrientes-en-la-rural-de-palermo\/"},"author":{"name":"Jorge Mi\u00f1o","@id":"https:\/\/radioinfinitagoya.com.ar\/v1\/#\/schema\/person\/d4cf9c413d4f6edb24aabdccab49ca4a"},"headline":"Vald\u00e9s destac\u00f3 el potencial agroindustrial de Corrientes en La Rural de Palermo","datePublished":"2025-07-26T21:01:12+00:00","mainEntityOfPage":{"@id":"https:\/\/radioinfinitagoya.com.ar\/v1\/2025\/07\/26\/valdes-destaco-el-potencial-agroindustrial-de-corrientes-en-la-rural-de-palermo\/"},"wordCount":373,"publisher":{"@id":"https:\/\/radioinfinitagoya.com.ar\/v1\/#organization"},"image":{"@id":"https:\/\/radioinfinitagoya.com.ar\/v1\/2025\/07\/26\/valdes-destaco-el-potencial-agroindustrial-de-corrientes-en-la-rural-de-palermo\/#primaryimage"},"thumbnailUrl":"https:\/\/radioinfinitagoya.com.ar\/v1\/wp-content\/uploads\/2025\/07\/1753563397153.webp","articleSection":["PRINCIPAL"],"inLanguage":"es-AR"},{"@type":"WebPage","@id":"https:\/\/radioinfinitagoya.com.ar\/v1\/2025\/07\/26\/valdes-destaco-el-potencial-agroindustrial-de-corrientes-en-la-rural-de-palermo\/","url":"https:\/\/radioinfinitagoya.com.ar\/v1\/2025\/07\/26\/valdes-destaco-el-potencial-agroindustrial-de-corrientes-en-la-rural-de-palermo\/","name":"Vald\u00e9s destac\u00f3 el potencial agroindustrial de Corrientes en La Rural de Palermo - Radio Infinita Goya","isPartOf":{"@id":"https:\/\/radioinfinitagoya.com.ar\/v1\/#website"},"primaryImageOfPage":{"@id":"https:\/\/radioinfinitagoya.com.ar\/v1\/2025\/07\/26\/valdes-destaco-el-potencial-agroindustrial-de-corrientes-en-la-rural-de-palermo\/#primaryimage"},"image":{"@id":"https:\/\/radioinfinitagoya.com.ar\/v1\/2025\/07\/26\/valdes-destaco-el-potencial-agroindustrial-de-corrientes-en-la-rural-de-palermo\/#primaryimage"},"thumbnailUrl":"https:\/\/radioinfinitagoya.com.ar\/v1\/wp-content\/uploads\/2025\/07\/1753563397153.webp","datePublished":"2025-07-26T21:01:12+00:00","description":"El gobernador de Corrientes, Gustavo Vald\u00e9s, particip\u00f3 este fin de semana en la Exposici\u00f3n Rural de Palermo, uno de los eventos m\u00e1s importantes del campo","breadcrumb":{"@id":"https:\/\/radioinfinitagoya.com.ar\/v1\/2025\/07\/26\/valdes-destaco-el-potencial-agroindustrial-de-corrientes-en-la-rural-de-palermo\/#breadcrumb"},"inLanguage":"es-AR","potentialAction":[{"@type":"ReadAction","target":["https:\/\/radioinfinitagoya.com.ar\/v1\/2025\/07\/26\/valdes-destaco-el-potencial-agroindustrial-de-corrientes-en-la-rural-de-palermo\/"]}]},{"@type":"ImageObject","inLanguage":"es-AR","@id":"https:\/\/radioinfinitagoya.com.ar\/v1\/2025\/07\/26\/valdes-destaco-el-potencial-agroindustrial-de-corrientes-en-la-rural-de-palermo\/#primaryimage","url":"https:\/\/radioinfinitagoya.com.ar\/v1\/wp-content\/uploads\/2025\/07\/1753563397153.webp","contentUrl":"https:\/\/radioinfinitagoya.com.ar\/v1\/wp-content\/uploads\/2025\/07\/1753563397153.webp","width":1200,"height":675},{"@type":"BreadcrumbList","@id":"https:\/\/radioinfinitagoya.com.ar\/v1\/2025\/07\/26\/valdes-destaco-el-potencial-agroindustrial-de-corrientes-en-la-rural-de-palermo\/#breadcrumb","itemListElement":[{"@type":"ListItem","position":1,"name":"Inicio","item":"https:\/\/radioinfinitagoya.com.ar\/v1\/"},{"@type":"ListItem","position":2,"name":"Vald\u00e9s destac\u00f3 el potencial agroindustrial de Corrientes en La Rural de Palermo"}]},{"@type":"WebSite","@id":"https:\/\/radioinfinitagoya.com.ar\/v1\/#website","url":"https:\/\/radioinfinitagoya.com.ar\/v1\/","name":"radioinfinitagoya.com.ar","description":"Radio de noticias","publisher":{"@id":"https:\/\/radioinfinitagoya.com.ar\/v1\/#organization"},"potentialAction":[{"@type":"SearchAction","target":{"@type":"EntryPoint","urlTemplate":"https:\/\/radioinfinitagoya.com.ar\/v1\/?s={search_term_string}"},"query-input":{"@type":"PropertyValueSpecification","valueRequired":true,"valueName":"search_term_string"}}],"inLanguage":"es-AR"},{"@type":"Organization","@id":"https:\/\/radioinfinitagoya.com.ar\/v1\/#organization","name":"Radio Infinita Goya","url":"https:\/\/radioinfinitagoya.com.ar\/v1\/","logo":{"@type":"ImageObject","inLanguage":"es-AR","@id":"https:\/\/radioinfinitagoya.com.ar\/v1\/#\/schema\/logo\/image\/","url":"https:\/\/radioinfinitagoya.com.ar\/v1\/wp-content\/uploads\/2019\/11\/logo-pie-web.png","contentUrl":"https:\/\/radioinfinitagoya.com.ar\/v1\/wp-content\/uploads\/2019\/11\/logo-pie-web.png","width":635,"height":326,"caption":"Radio Infinita Goya"},"image":{"@id":"https:\/\/radioinfinitagoya.com.ar\/v1\/#\/schema\/logo\/image\/"},"sameAs":["https:\/\/www.facebook.com\/p\/Infinita-Goya-100063870918311\/"]},{"@type":"Person","@id":"https:\/\/radioinfinitagoya.com.ar\/v1\/#\/schema\/person\/d4cf9c413d4f6edb24aabdccab49ca4a","name":"Jorge Mi\u00f1o","image":{"@type":"ImageObject","inLanguage":"es-AR","@id":"https:\/\/secure.gravatar.com\/avatar\/910fcf6728fe95320e07a6643c1581fec1c7fc4bf8ae12e3d8f0d0373dc844be?s=96&d=mm&r=g","url":"https:\/\/secure.gravatar.com\/avatar\/910fcf6728fe95320e07a6643c1581fec1c7fc4bf8ae12e3d8f0d0373dc844be?s=96&d=mm&r=g","contentUrl":"https:\/\/secure.gravatar.com\/avatar\/910fcf6728fe95320e07a6643c1581fec1c7fc4bf8ae12e3d8f0d0373dc844be?s=96&d=mm&r=g","caption":"Jorge Mi\u00f1o"},"sameAs":["http:\/\/radioinfinitagoya.com.ar"]}]}},"_links":{"self":[{"href":"https:\/\/radioinfinitagoya.com.ar\/v1\/wp-json\/wp\/v2\/posts\/193382","targetHints":{"allow":["GET"]}}],"collection":[{"href":"https:\/\/radioinfinitagoya.com.ar\/v1\/wp-json\/wp\/v2\/posts"}],"about":[{"href":"https:\/\/radioinfinitagoya.com.ar\/v1\/wp-json\/wp\/v2\/types\/post"}],"author":[{"embeddable":true,"href":"https:\/\/radioinfinitagoya.com.ar\/v1\/wp-json\/wp\/v2\/users\/4"}],"replies":[{"embeddable":true,"href":"https:\/\/radioinfinitagoya.com.ar\/v1\/wp-json\/wp\/v2\/comments?post=193382"}],"version-history":[{"count":0,"href":"https:\/\/radioinfinitagoya.com.ar\/v1\/wp-json\/wp\/v2\/posts\/193382\/revisions"}],"wp:featuredmedia":[{"embeddable":true,"href":"https:\/\/radioinfinitagoya.com.ar\/v1\/wp-json\/wp\/v2\/media\/193383"}],"wp:attachment":[{"href":"https:\/\/radioinfinitagoya.com.ar\/v1\/wp-json\/wp\/v2\/media?parent=193382"}],"wp:term":[{"taxonomy":"category","embeddable":true,"href":"https:\/\/radioinfinitagoya.com.ar\/v1\/wp-json\/wp\/v2\/categories?post=193382"},{"taxonomy":"post_tag","embeddable":true,"href":"https:\/\/radioinfinitagoya.com.ar\/v1\/wp-json\/wp\/v2\/tags?post=193382"}],"curies":[{"name":"wp","href":"https:\/\/api.w.org\/{rel}","templated":true}]}}