{"id":193388,"date":"2025-07-26T18:10:08","date_gmt":"2025-07-26T21:10:08","guid":{"rendered":"https:\/\/radioinfinitagoya.com.ar\/v1\/?p=193388"},"modified":"2025-07-26T18:10:08","modified_gmt":"2025-07-26T21:10:08","slug":"valdes-anuncio-la-construccion-de-40-viviendas-en-itati","status":"publish","type":"post","link":"https:\/\/radioinfinitagoya.com.ar\/v1\/2025\/07\/26\/valdes-anuncio-la-construccion-de-40-viviendas-en-itati\/","title":{"rendered":"Vald\u00e9s anunci\u00f3 la construcci\u00f3n de 40 viviendas en Itat\u00ed"},"content":{"rendered":"<p>Lo hizo en el marco de la entrega de viviendas en la localidad correntina.<\/p>\n<p>El gobernador Gustavo Vald\u00e9s encabez\u00f3 en Itat\u00ed la entrega de 10 viviendas construidas a trav\u00e9s del programa provincial O\u00f1ondiv\u00e9, y anunci\u00f3 la construcci\u00f3n de otras 40 unidades habitacionales.<\/p>\n<p>Adem\u00e1s, otorg\u00f3 bienes de capital a emprendedores de la zona mediante el programa \u201cEmprendedores somos todos\u201d, reforzando el impulso del Gobierno de Corrientes a la econom\u00eda social y el trabajo independiente.<\/p>\n<p>Las 10 viviendas entregadas fueron construidas con aportes del Gobierno provincial a trav\u00e9s del Instituto de Viviendas de Corrientes (INVICO) y el Ministerio de Desarrollo Social. Se encuentran totalmente amobladas y equipadas con electrodom\u00e9sticos como heladeras, cocinas, camas, colchones y termotanques.<\/p>\n<p>&#8220;Hoy entregamos viviendas listas para habitar, con todo lo necesario para que las familias puedan comenzar una nueva etapa con dignidad\u201d, se\u00f1al\u00f3 el gobernador Vald\u00e9s. Adem\u00e1s, firm\u00f3 un convenio para construir 10 casas m\u00e1s mediante O\u00f1ondiv\u00e9, y anunci\u00f3 la edificaci\u00f3n de otras 30 de demanda libre, totalizando 40 nuevas unidades habitacionales que se sumar\u00e1n a las entregadas.<\/p>\n<p>Programa O\u00f1ondiv\u00e9: inclusi\u00f3n habitacional con impacto social<br \/>\nO\u00f1ondiv\u00e9 es un programa provincial que articula esfuerzos entre el Gobierno de Corrientes, los municipios y organizaciones sociales. Las viviendas no se sortean, sino que se asignan tras un riguroso relevamiento social, priorizando a familias vulnerables, personas con discapacidad o adultos mayores.<\/p>\n<p>El programa no solo entrega casas, sino que tambi\u00e9n promueve acciones comunitarias integradoras como reciclado, huertas familiares, talleres de oficio y forestaci\u00f3n, fortaleciendo la vida barrial y el arraigo local.<\/p>\n<p>\u201cEste plan busca resolver el problema habitacional con soluciones reales. Como no hay programa nacional vigente, decidimos actuar con nuestros propios recursos\u201d, subray\u00f3 Vald\u00e9s.<\/p>\n<p>Itat\u00ed tendr\u00e1 40 nuevas viviendas: una inversi\u00f3n provincial estrat\u00e9gica<br \/>\nEl gobernador remarc\u00f3 el compromiso con la localidad:<\/p>\n<p>\u201cItat\u00ed es una ciudad hermosa que merece crecer, y para eso debemos dar cobijo a las familias. Vamos a invertir recursos provinciales para que eso ocurra\u201d.<\/p>\n<p>En ese sentido, record\u00f3 otras obras desarrolladas en conjunto con la Municipalidad, como la pavimentaci\u00f3n de 65 cuadras de asfalto, y anunci\u00f3 m\u00e1s inversiones en pluviales, desag\u00fces e iluminaci\u00f3n, con el objetivo de consolidar a Itat\u00ed como la Capital de la Fe.<\/p>\n<p>Entrega de bienes de capital a emprendedores locales<br \/>\nComo parte del programa \u201cEmprendedores somos todos\u201d, Vald\u00e9s tambi\u00e9n entreg\u00f3 equipamiento, herramientas y maquinaria a emprendedores locales de distintos rubros, como gastronom\u00eda, textil, carpinter\u00eda, jardiner\u00eda y fotograf\u00eda.<\/p>\n<p>En esta oportunidad, 12 emprendedores recibieron bienes como hornos, cocinas, heladeras exhibidoras y m\u00e1quinas especializadas, tras participar de capacitaciones en marketing, producci\u00f3n y ventas orientadas al turismo.<\/p>\n<p>\u201cApuntamos a que los emprendedores logren independencia econ\u00f3mica y puedan ofrecer productos y servicios de calidad en Corrientes\u201d, expres\u00f3 la coordinadora del programa, Lourdes Garrido.<\/p>\n<p>&nbsp;<\/p>\n","protected":false},"excerpt":{"rendered":"<p>Lo hizo en el marco de la entrega de viviendas en la localidad correntina. El gobernador Gustavo Vald\u00e9s encabez\u00f3 en Itat\u00ed la entrega de 10 viviendas construidas a trav\u00e9s del programa provincial O\u00f1ondiv\u00e9, y anunci\u00f3 la construcci\u00f3n de otras 40 unidades habitacionales. Adem\u00e1s, otorg\u00f3 bienes de capital a emprendedores de la zona mediante el programa [&hellip;]<\/p>\n","protected":false},"author":4,"featured_media":193389,"comment_status":"closed","ping_status":"closed","sticky":false,"template":"","format":"standard","meta":{"_joinchat":[],"footnotes":""},"categories":[26],"tags":[],"class_list":{"0":"post-193388","1":"post","2":"type-post","3":"status-publish","4":"format-standard","5":"has-post-thumbnail","7":"category-provinciales"},"yoast_head":"<!-- This site is optimized with the Yoast SEO plugin v27.2 - https:\/\/yoast.com\/product\/yoast-seo-wordpress\/ -->\n<title>Vald\u00e9s anunci\u00f3 la construcci\u00f3n de 40 viviendas en Itat\u00ed - Radio Infinita Goya<\/title>\n<meta name=\"description\" content=\"Lo hizo en el marco de la entrega de viviendas en la localidad correntina. El gobernador Gustavo Vald\u00e9s encabez\u00f3 en Itat\u00ed la entrega de 10 viviendas\" \/>\n<meta name=\"robots\" content=\"index, follow, max-snippet:-1, max-image-preview:large, max-video-preview:-1\" \/>\n<link rel=\"canonical\" href=\"https:\/\/radioinfinitagoya.com.ar\/v1\/2025\/07\/26\/valdes-anuncio-la-construccion-de-40-viviendas-en-itati\/\" \/>\n<meta property=\"og:locale\" content=\"es_ES\" \/>\n<meta property=\"og:type\" content=\"article\" \/>\n<meta property=\"og:title\" content=\"Vald\u00e9s anunci\u00f3 la construcci\u00f3n de 40 viviendas en Itat\u00ed - Radio Infinita Goya\" \/>\n<meta property=\"og:description\" content=\"Lo hizo en el marco de la entrega de viviendas en la localidad correntina. El gobernador Gustavo Vald\u00e9s encabez\u00f3 en Itat\u00ed la entrega de 10 viviendas\" \/>\n<meta property=\"og:url\" content=\"https:\/\/radioinfinitagoya.com.ar\/v1\/2025\/07\/26\/valdes-anuncio-la-construccion-de-40-viviendas-en-itati\/\" \/>\n<meta property=\"og:site_name\" content=\"Radio Infinita Goya\" \/>\n<meta property=\"article:publisher\" content=\"https:\/\/www.facebook.com\/p\/Infinita-Goya-100063870918311\/\" \/>\n<meta property=\"article:published_time\" content=\"2025-07-26T21:10:08+00:00\" \/>\n<meta property=\"og:image\" content=\"https:\/\/radioinfinitagoya.com.ar\/v1\/wp-content\/uploads\/2025\/07\/GwvNhQBW4AAul_B.jpg\" \/>\n\t<meta property=\"og:image:width\" content=\"2888\" \/>\n\t<meta property=\"og:image:height\" content=\"1927\" \/>\n\t<meta property=\"og:image:type\" content=\"image\/jpeg\" \/>\n<meta name=\"author\" content=\"Jorge Mi\u00f1o\" \/>\n<meta name=\"twitter:card\" content=\"summary_large_image\" \/>\n<meta name=\"twitter:label1\" content=\"Escrito por\" \/>\n\t<meta name=\"twitter:data1\" content=\"Jorge Mi\u00f1o\" \/>\n\t<meta name=\"twitter:label2\" content=\"Tiempo de lectura\" \/>\n\t<meta name=\"twitter:data2\" content=\"3 minutos\" \/>\n<script type=\"application\/ld+json\" class=\"yoast-schema-graph\">{\"@context\":\"https:\/\/schema.org\",\"@graph\":[{\"@type\":\"Article\",\"@id\":\"https:\/\/radioinfinitagoya.com.ar\/v1\/2025\/07\/26\/valdes-anuncio-la-construccion-de-40-viviendas-en-itati\/#article\",\"isPartOf\":{\"@id\":\"https:\/\/radioinfinitagoya.com.ar\/v1\/2025\/07\/26\/valdes-anuncio-la-construccion-de-40-viviendas-en-itati\/\"},\"author\":{\"name\":\"Jorge Mi\u00f1o\",\"@id\":\"https:\/\/radioinfinitagoya.com.ar\/v1\/#\/schema\/person\/d4cf9c413d4f6edb24aabdccab49ca4a\"},\"headline\":\"Vald\u00e9s anunci\u00f3 la construcci\u00f3n de 40 viviendas en Itat\u00ed\",\"datePublished\":\"2025-07-26T21:10:08+00:00\",\"mainEntityOfPage\":{\"@id\":\"https:\/\/radioinfinitagoya.com.ar\/v1\/2025\/07\/26\/valdes-anuncio-la-construccion-de-40-viviendas-en-itati\/\"},\"wordCount\":484,\"publisher\":{\"@id\":\"https:\/\/radioinfinitagoya.com.ar\/v1\/#organization\"},\"image\":{\"@id\":\"https:\/\/radioinfinitagoya.com.ar\/v1\/2025\/07\/26\/valdes-anuncio-la-construccion-de-40-viviendas-en-itati\/#primaryimage\"},\"thumbnailUrl\":\"https:\/\/radioinfinitagoya.com.ar\/v1\/wp-content\/uploads\/2025\/07\/GwvNhQBW4AAul_B.jpg\",\"articleSection\":[\"PROVINCIALES\"],\"inLanguage\":\"es-AR\"},{\"@type\":\"WebPage\",\"@id\":\"https:\/\/radioinfinitagoya.com.ar\/v1\/2025\/07\/26\/valdes-anuncio-la-construccion-de-40-viviendas-en-itati\/\",\"url\":\"https:\/\/radioinfinitagoya.com.ar\/v1\/2025\/07\/26\/valdes-anuncio-la-construccion-de-40-viviendas-en-itati\/\",\"name\":\"Vald\u00e9s anunci\u00f3 la construcci\u00f3n de 40 viviendas en Itat\u00ed - Radio Infinita Goya\",\"isPartOf\":{\"@id\":\"https:\/\/radioinfinitagoya.com.ar\/v1\/#website\"},\"primaryImageOfPage\":{\"@id\":\"https:\/\/radioinfinitagoya.com.ar\/v1\/2025\/07\/26\/valdes-anuncio-la-construccion-de-40-viviendas-en-itati\/#primaryimage\"},\"image\":{\"@id\":\"https:\/\/radioinfinitagoya.com.ar\/v1\/2025\/07\/26\/valdes-anuncio-la-construccion-de-40-viviendas-en-itati\/#primaryimage\"},\"thumbnailUrl\":\"https:\/\/radioinfinitagoya.com.ar\/v1\/wp-content\/uploads\/2025\/07\/GwvNhQBW4AAul_B.jpg\",\"datePublished\":\"2025-07-26T21:10:08+00:00\",\"description\":\"Lo hizo en el marco de la entrega de viviendas en la localidad correntina. El gobernador Gustavo Vald\u00e9s encabez\u00f3 en Itat\u00ed la entrega de 10 viviendas\",\"breadcrumb\":{\"@id\":\"https:\/\/radioinfinitagoya.com.ar\/v1\/2025\/07\/26\/valdes-anuncio-la-construccion-de-40-viviendas-en-itati\/#breadcrumb\"},\"inLanguage\":\"es-AR\",\"potentialAction\":[{\"@type\":\"ReadAction\",\"target\":[\"https:\/\/radioinfinitagoya.com.ar\/v1\/2025\/07\/26\/valdes-anuncio-la-construccion-de-40-viviendas-en-itati\/\"]}]},{\"@type\":\"ImageObject\",\"inLanguage\":\"es-AR\",\"@id\":\"https:\/\/radioinfinitagoya.com.ar\/v1\/2025\/07\/26\/valdes-anuncio-la-construccion-de-40-viviendas-en-itati\/#primaryimage\",\"url\":\"https:\/\/radioinfinitagoya.com.ar\/v1\/wp-content\/uploads\/2025\/07\/GwvNhQBW4AAul_B.jpg\",\"contentUrl\":\"https:\/\/radioinfinitagoya.com.ar\/v1\/wp-content\/uploads\/2025\/07\/GwvNhQBW4AAul_B.jpg\",\"width\":2888,\"height\":1927},{\"@type\":\"BreadcrumbList\",\"@id\":\"https:\/\/radioinfinitagoya.com.ar\/v1\/2025\/07\/26\/valdes-anuncio-la-construccion-de-40-viviendas-en-itati\/#breadcrumb\",\"itemListElement\":[{\"@type\":\"ListItem\",\"position\":1,\"name\":\"Inicio\",\"item\":\"https:\/\/radioinfinitagoya.com.ar\/v1\/\"},{\"@type\":\"ListItem\",\"position\":2,\"name\":\"Vald\u00e9s anunci\u00f3 la construcci\u00f3n de 40 viviendas en Itat\u00ed\"}]},{\"@type\":\"WebSite\",\"@id\":\"https:\/\/radioinfinitagoya.com.ar\/v1\/#website\",\"url\":\"https:\/\/radioinfinitagoya.com.ar\/v1\/\",\"name\":\"radioinfinitagoya.com.ar\",\"description\":\"Radio de noticias\",\"publisher\":{\"@id\":\"https:\/\/radioinfinitagoya.com.ar\/v1\/#organization\"},\"potentialAction\":[{\"@type\":\"SearchAction\",\"target\":{\"@type\":\"EntryPoint\",\"urlTemplate\":\"https:\/\/radioinfinitagoya.com.ar\/v1\/?s={search_term_string}\"},\"query-input\":{\"@type\":\"PropertyValueSpecification\",\"valueRequired\":true,\"valueName\":\"search_term_string\"}}],\"inLanguage\":\"es-AR\"},{\"@type\":\"Organization\",\"@id\":\"https:\/\/radioinfinitagoya.com.ar\/v1\/#organization\",\"name\":\"Radio Infinita Goya\",\"url\":\"https:\/\/radioinfinitagoya.com.ar\/v1\/\",\"logo\":{\"@type\":\"ImageObject\",\"inLanguage\":\"es-AR\",\"@id\":\"https:\/\/radioinfinitagoya.com.ar\/v1\/#\/schema\/logo\/image\/\",\"url\":\"https:\/\/radioinfinitagoya.com.ar\/v1\/wp-content\/uploads\/2019\/11\/logo-pie-web.png\",\"contentUrl\":\"https:\/\/radioinfinitagoya.com.ar\/v1\/wp-content\/uploads\/2019\/11\/logo-pie-web.png\",\"width\":635,\"height\":326,\"caption\":\"Radio Infinita Goya\"},\"image\":{\"@id\":\"https:\/\/radioinfinitagoya.com.ar\/v1\/#\/schema\/logo\/image\/\"},\"sameAs\":[\"https:\/\/www.facebook.com\/p\/Infinita-Goya-100063870918311\/\"]},{\"@type\":\"Person\",\"@id\":\"https:\/\/radioinfinitagoya.com.ar\/v1\/#\/schema\/person\/d4cf9c413d4f6edb24aabdccab49ca4a\",\"name\":\"Jorge Mi\u00f1o\",\"image\":{\"@type\":\"ImageObject\",\"inLanguage\":\"es-AR\",\"@id\":\"https:\/\/secure.gravatar.com\/avatar\/910fcf6728fe95320e07a6643c1581fec1c7fc4bf8ae12e3d8f0d0373dc844be?s=96&d=mm&r=g\",\"url\":\"https:\/\/secure.gravatar.com\/avatar\/910fcf6728fe95320e07a6643c1581fec1c7fc4bf8ae12e3d8f0d0373dc844be?s=96&d=mm&r=g\",\"contentUrl\":\"https:\/\/secure.gravatar.com\/avatar\/910fcf6728fe95320e07a6643c1581fec1c7fc4bf8ae12e3d8f0d0373dc844be?s=96&d=mm&r=g\",\"caption\":\"Jorge Mi\u00f1o\"},\"sameAs\":[\"http:\/\/radioinfinitagoya.com.ar\"]}]}<\/script>\n<!-- \/ Yoast SEO plugin. -->","yoast_head_json":{"title":"Vald\u00e9s anunci\u00f3 la construcci\u00f3n de 40 viviendas en Itat\u00ed - Radio Infinita Goya","description":"Lo hizo en el marco de la entrega de viviendas en la localidad correntina. El gobernador Gustavo Vald\u00e9s encabez\u00f3 en Itat\u00ed la entrega de 10 viviendas","robots":{"index":"index","follow":"follow","max-snippet":"max-snippet:-1","max-image-preview":"max-image-preview:large","max-video-preview":"max-video-preview:-1"},"canonical":"https:\/\/radioinfinitagoya.com.ar\/v1\/2025\/07\/26\/valdes-anuncio-la-construccion-de-40-viviendas-en-itati\/","og_locale":"es_ES","og_type":"article","og_title":"Vald\u00e9s anunci\u00f3 la construcci\u00f3n de 40 viviendas en Itat\u00ed - Radio Infinita Goya","og_description":"Lo hizo en el marco de la entrega de viviendas en la localidad correntina. El gobernador Gustavo Vald\u00e9s encabez\u00f3 en Itat\u00ed la entrega de 10 viviendas","og_url":"https:\/\/radioinfinitagoya.com.ar\/v1\/2025\/07\/26\/valdes-anuncio-la-construccion-de-40-viviendas-en-itati\/","og_site_name":"Radio Infinita Goya","article_publisher":"https:\/\/www.facebook.com\/p\/Infinita-Goya-100063870918311\/","article_published_time":"2025-07-26T21:10:08+00:00","og_image":[{"width":2888,"height":1927,"url":"https:\/\/radioinfinitagoya.com.ar\/v1\/wp-content\/uploads\/2025\/07\/GwvNhQBW4AAul_B.jpg","type":"image\/jpeg"}],"author":"Jorge Mi\u00f1o","twitter_card":"summary_large_image","twitter_misc":{"Escrito por":"Jorge Mi\u00f1o","Tiempo de lectura":"3 minutos"},"schema":{"@context":"https:\/\/schema.org","@graph":[{"@type":"Article","@id":"https:\/\/radioinfinitagoya.com.ar\/v1\/2025\/07\/26\/valdes-anuncio-la-construccion-de-40-viviendas-en-itati\/#article","isPartOf":{"@id":"https:\/\/radioinfinitagoya.com.ar\/v1\/2025\/07\/26\/valdes-anuncio-la-construccion-de-40-viviendas-en-itati\/"},"author":{"name":"Jorge Mi\u00f1o","@id":"https:\/\/radioinfinitagoya.com.ar\/v1\/#\/schema\/person\/d4cf9c413d4f6edb24aabdccab49ca4a"},"headline":"Vald\u00e9s anunci\u00f3 la construcci\u00f3n de 40 viviendas en Itat\u00ed","datePublished":"2025-07-26T21:10:08+00:00","mainEntityOfPage":{"@id":"https:\/\/radioinfinitagoya.com.ar\/v1\/2025\/07\/26\/valdes-anuncio-la-construccion-de-40-viviendas-en-itati\/"},"wordCount":484,"publisher":{"@id":"https:\/\/radioinfinitagoya.com.ar\/v1\/#organization"},"image":{"@id":"https:\/\/radioinfinitagoya.com.ar\/v1\/2025\/07\/26\/valdes-anuncio-la-construccion-de-40-viviendas-en-itati\/#primaryimage"},"thumbnailUrl":"https:\/\/radioinfinitagoya.com.ar\/v1\/wp-content\/uploads\/2025\/07\/GwvNhQBW4AAul_B.jpg","articleSection":["PROVINCIALES"],"inLanguage":"es-AR"},{"@type":"WebPage","@id":"https:\/\/radioinfinitagoya.com.ar\/v1\/2025\/07\/26\/valdes-anuncio-la-construccion-de-40-viviendas-en-itati\/","url":"https:\/\/radioinfinitagoya.com.ar\/v1\/2025\/07\/26\/valdes-anuncio-la-construccion-de-40-viviendas-en-itati\/","name":"Vald\u00e9s anunci\u00f3 la construcci\u00f3n de 40 viviendas en Itat\u00ed - Radio Infinita Goya","isPartOf":{"@id":"https:\/\/radioinfinitagoya.com.ar\/v1\/#website"},"primaryImageOfPage":{"@id":"https:\/\/radioinfinitagoya.com.ar\/v1\/2025\/07\/26\/valdes-anuncio-la-construccion-de-40-viviendas-en-itati\/#primaryimage"},"image":{"@id":"https:\/\/radioinfinitagoya.com.ar\/v1\/2025\/07\/26\/valdes-anuncio-la-construccion-de-40-viviendas-en-itati\/#primaryimage"},"thumbnailUrl":"https:\/\/radioinfinitagoya.com.ar\/v1\/wp-content\/uploads\/2025\/07\/GwvNhQBW4AAul_B.jpg","datePublished":"2025-07-26T21:10:08+00:00","description":"Lo hizo en el marco de la entrega de viviendas en la localidad correntina. El gobernador Gustavo Vald\u00e9s encabez\u00f3 en Itat\u00ed la entrega de 10 viviendas","breadcrumb":{"@id":"https:\/\/radioinfinitagoya.com.ar\/v1\/2025\/07\/26\/valdes-anuncio-la-construccion-de-40-viviendas-en-itati\/#breadcrumb"},"inLanguage":"es-AR","potentialAction":[{"@type":"ReadAction","target":["https:\/\/radioinfinitagoya.com.ar\/v1\/2025\/07\/26\/valdes-anuncio-la-construccion-de-40-viviendas-en-itati\/"]}]},{"@type":"ImageObject","inLanguage":"es-AR","@id":"https:\/\/radioinfinitagoya.com.ar\/v1\/2025\/07\/26\/valdes-anuncio-la-construccion-de-40-viviendas-en-itati\/#primaryimage","url":"https:\/\/radioinfinitagoya.com.ar\/v1\/wp-content\/uploads\/2025\/07\/GwvNhQBW4AAul_B.jpg","contentUrl":"https:\/\/radioinfinitagoya.com.ar\/v1\/wp-content\/uploads\/2025\/07\/GwvNhQBW4AAul_B.jpg","width":2888,"height":1927},{"@type":"BreadcrumbList","@id":"https:\/\/radioinfinitagoya.com.ar\/v1\/2025\/07\/26\/valdes-anuncio-la-construccion-de-40-viviendas-en-itati\/#breadcrumb","itemListElement":[{"@type":"ListItem","position":1,"name":"Inicio","item":"https:\/\/radioinfinitagoya.com.ar\/v1\/"},{"@type":"ListItem","position":2,"name":"Vald\u00e9s anunci\u00f3 la construcci\u00f3n de 40 viviendas en Itat\u00ed"}]},{"@type":"WebSite","@id":"https:\/\/radioinfinitagoya.com.ar\/v1\/#website","url":"https:\/\/radioinfinitagoya.com.ar\/v1\/","name":"radioinfinitagoya.com.ar","description":"Radio de noticias","publisher":{"@id":"https:\/\/radioinfinitagoya.com.ar\/v1\/#organization"},"potentialAction":[{"@type":"SearchAction","target":{"@type":"EntryPoint","urlTemplate":"https:\/\/radioinfinitagoya.com.ar\/v1\/?s={search_term_string}"},"query-input":{"@type":"PropertyValueSpecification","valueRequired":true,"valueName":"search_term_string"}}],"inLanguage":"es-AR"},{"@type":"Organization","@id":"https:\/\/radioinfinitagoya.com.ar\/v1\/#organization","name":"Radio Infinita Goya","url":"https:\/\/radioinfinitagoya.com.ar\/v1\/","logo":{"@type":"ImageObject","inLanguage":"es-AR","@id":"https:\/\/radioinfinitagoya.com.ar\/v1\/#\/schema\/logo\/image\/","url":"https:\/\/radioinfinitagoya.com.ar\/v1\/wp-content\/uploads\/2019\/11\/logo-pie-web.png","contentUrl":"https:\/\/radioinfinitagoya.com.ar\/v1\/wp-content\/uploads\/2019\/11\/logo-pie-web.png","width":635,"height":326,"caption":"Radio Infinita Goya"},"image":{"@id":"https:\/\/radioinfinitagoya.com.ar\/v1\/#\/schema\/logo\/image\/"},"sameAs":["https:\/\/www.facebook.com\/p\/Infinita-Goya-100063870918311\/"]},{"@type":"Person","@id":"https:\/\/radioinfinitagoya.com.ar\/v1\/#\/schema\/person\/d4cf9c413d4f6edb24aabdccab49ca4a","name":"Jorge Mi\u00f1o","image":{"@type":"ImageObject","inLanguage":"es-AR","@id":"https:\/\/secure.gravatar.com\/avatar\/910fcf6728fe95320e07a6643c1581fec1c7fc4bf8ae12e3d8f0d0373dc844be?s=96&d=mm&r=g","url":"https:\/\/secure.gravatar.com\/avatar\/910fcf6728fe95320e07a6643c1581fec1c7fc4bf8ae12e3d8f0d0373dc844be?s=96&d=mm&r=g","contentUrl":"https:\/\/secure.gravatar.com\/avatar\/910fcf6728fe95320e07a6643c1581fec1c7fc4bf8ae12e3d8f0d0373dc844be?s=96&d=mm&r=g","caption":"Jorge Mi\u00f1o"},"sameAs":["http:\/\/radioinfinitagoya.com.ar"]}]}},"_links":{"self":[{"href":"https:\/\/radioinfinitagoya.com.ar\/v1\/wp-json\/wp\/v2\/posts\/193388","targetHints":{"allow":["GET"]}}],"collection":[{"href":"https:\/\/radioinfinitagoya.com.ar\/v1\/wp-json\/wp\/v2\/posts"}],"about":[{"href":"https:\/\/radioinfinitagoya.com.ar\/v1\/wp-json\/wp\/v2\/types\/post"}],"author":[{"embeddable":true,"href":"https:\/\/radioinfinitagoya.com.ar\/v1\/wp-json\/wp\/v2\/users\/4"}],"replies":[{"embeddable":true,"href":"https:\/\/radioinfinitagoya.com.ar\/v1\/wp-json\/wp\/v2\/comments?post=193388"}],"version-history":[{"count":0,"href":"https:\/\/radioinfinitagoya.com.ar\/v1\/wp-json\/wp\/v2\/posts\/193388\/revisions"}],"wp:featuredmedia":[{"embeddable":true,"href":"https:\/\/radioinfinitagoya.com.ar\/v1\/wp-json\/wp\/v2\/media\/193389"}],"wp:attachment":[{"href":"https:\/\/radioinfinitagoya.com.ar\/v1\/wp-json\/wp\/v2\/media?parent=193388"}],"wp:term":[{"taxonomy":"category","embeddable":true,"href":"https:\/\/radioinfinitagoya.com.ar\/v1\/wp-json\/wp\/v2\/categories?post=193388"},{"taxonomy":"post_tag","embeddable":true,"href":"https:\/\/radioinfinitagoya.com.ar\/v1\/wp-json\/wp\/v2\/tags?post=193388"}],"curies":[{"name":"wp","href":"https:\/\/api.w.org\/{rel}","templated":true}]}}