{"id":193391,"date":"2025-07-26T18:13:40","date_gmt":"2025-07-26T21:13:40","guid":{"rendered":"https:\/\/radioinfinitagoya.com.ar\/v1\/?p=193391"},"modified":"2025-07-26T18:13:40","modified_gmt":"2025-07-26T21:13:40","slug":"el-gobierno-anuncio-que-se-normalizara-la-entrega-de-chapas-patente-en-todo-el-pais","status":"publish","type":"post","link":"https:\/\/radioinfinitagoya.com.ar\/v1\/2025\/07\/26\/el-gobierno-anuncio-que-se-normalizara-la-entrega-de-chapas-patente-en-todo-el-pais\/","title":{"rendered":"El Gobierno anunci\u00f3 que se normalizar\u00e1 la entrega de chapas patente en todo el pa\u00eds"},"content":{"rendered":"<p>Le adjudican la responsabilidad del faltante a la centralizaci\u00f3n del servicio en un \u00fanico proveedor estatal. La medida fue confirmada por el Ministerio de Justicia.<\/p>\n<p>La escasez de chapas patente se convirti\u00f3 en una preocupaci\u00f3n extendida para miles de personas en todo el territorio nacional. Por tal motivo, en los \u00faltimos meses, result\u00f3 com\u00fan ver veh\u00edculos sin identificaci\u00f3n circulando por las calles, y desde el Gobierno atribuyeron el origen del colapso a mediados de 2023 a la crisis econ\u00f3mica, las restricciones a las importaciones y la centralizaci\u00f3n del servicio en un \u00fanico proveedor estatal.<\/p>\n<p>Durante el 2024, el problema no recibi\u00f3 una soluci\u00f3n efectiva. La situaci\u00f3n llev\u00f3 incluso a que la diputada nacional de la Coalici\u00f3n C\u00edvica, Marcela Campagnoli, elevara un pedido de acceso a la informaci\u00f3n p\u00fablica al ministro de Justicia, Mariano C\u00faneo Libarona, solicitando precisiones sobre las causas del retraso.<\/p>\n<p>En su presentaci\u00f3n, Campagnoli sostuvo: &#8220;El Estado no puede seguir fallando en cuestiones b\u00e1sicas que afectan la vida cotidiana de los argentinos. Es inadmisible que quienes hacen las cosas bien terminen perjudicados por la ineficiencia del Gobierno&#8221;.<\/p>\n<p>El Ministerio de Justicia respondi\u00f3 de forma categ\u00f3rica al reclamo: &#8220;A partir del 1 de septiembre se normaliza por completo el sistema de entrega de chapas patentes. Por primera vez en a\u00f1os, habr\u00e1 stock asegurado en todo el pa\u00eds para responder a la creciente demanda de veh\u00edculos: en el primer semestre de 2025 registramos venta r\u00e9cord de unidades O km, algo que no ocurr\u00eda desde 2018&#8221;.<\/p>\n<p>La nueva reforma del sistema<\/p>\n<p>Seg\u00fan explicaron desde la cartera que conduce C\u00faneo Libarona, la soluci\u00f3n surgi\u00f3 a partir de una reestructuraci\u00f3n en el sistema. &#8220;Habilitamos proveedores privados por medio de licitaciones p\u00fablicas, reforzamos la log\u00edstica y desarrollamos un esquema de distribuci\u00f3n para terminar con el desabastecimiento&#8221;, afirmaron.<\/p>\n<p>Entre mayo y julio, el Ministerio report\u00f3 la entrega de casi 500.000 patentes, y anticip\u00f3 que en agosto se distribuir\u00e1n otras 432.000 unidades. Adem\u00e1s, establecieron nuevos plazos para mejorar el seguimiento: &#8220;Desde el 28 de julio los registros deben informar en un plazo m\u00e1ximo de 48 horas cu\u00e1ndo est\u00e1n disponibles las patentes, y los ciudadanos podr\u00e1n consultar el estado de su chapa en la web oficial de la DNRPA. Tambi\u00e9n se informar\u00e1 a las fuerzas de seguridad para facilitar los controles vehiculares&#8221;.<\/p>\n<p>El trasfondo del faltante de patentes<\/p>\n<p>La escasez de patentes expuso tensiones pol\u00edticas y sindicales. Desde la Casa de la Moneda, organismo que hist\u00f3ricamente se encarg\u00f3 de producir las chapas, delegados de ATE denunciaron un plan de vaciamiento por parte del Ejecutivo. Seg\u00fan Sebasti\u00e1n Bravo, delegado sindical, el cierre de la planta de Don Torcuato fue un punto cr\u00edtico: &#8220;La mitad de la Casa de la Moneda se cerr\u00f3. El trabajo lo trasladaron a la sede central, y ah\u00ed logramos regularizar la producci\u00f3n tras meses de atraso&#8221;.<\/p>\n<p>Por su parte, el Gobierno sostuvo que la fabricaci\u00f3n fue derivada a la empresa T\u00f6nnjes Sudamericana S.A. a trav\u00e9s de una licitaci\u00f3n destinada a &#8220;romper con el monopolio estatal&#8221;. No obstante, los trabajadores se\u00f1alaron que esta decisi\u00f3n deriv\u00f3 en m\u00e1s retrasos y problemas log\u00edsticos. Bravo incluso afirm\u00f3 que miles de chapas producidas quedaron almacenadas sin ser entregadas, mientras el Ejecutivo aseguraba que la Casa de la Moneda se encontraba colapsada.<\/p>\n<p>La creciente demanda de autos 0 km, respaldada por datos de la Asociaci\u00f3n de Concesionarios de Automotores de la Rep\u00fablica Argentina (Acara), profundiz\u00f3 el impacto de la falta de patentes. La imposibilidad de identificar a los veh\u00edculos no solo entorpeci\u00f3 las entregas, sino que tambi\u00e9n gener\u00f3 riesgos en materia de tr\u00e1nsito y seguridad vial.<\/p>\n<p>La circulaci\u00f3n de unidades sin registrar compromete la trazabilidad de los autom\u00f3viles y dificulta los controles. Por eso, desde el Gobierno remarcaron que la normalizaci\u00f3n prevista para septiembre ser\u00e1 clave para regularizar la situaci\u00f3n y garantizar el abastecimiento en todo el pa\u00eds.<\/p>\n","protected":false},"excerpt":{"rendered":"<p>Le adjudican la responsabilidad del faltante a la centralizaci\u00f3n del servicio en un \u00fanico proveedor estatal. La medida fue confirmada por el Ministerio de Justicia. La escasez de chapas patente se convirti\u00f3 en una preocupaci\u00f3n extendida para miles de personas en todo el territorio nacional. Por tal motivo, en los \u00faltimos meses, result\u00f3 com\u00fan ver [&hellip;]<\/p>\n","protected":false},"author":4,"featured_media":193392,"comment_status":"closed","ping_status":"closed","sticky":false,"template":"","format":"standard","meta":{"_joinchat":[],"footnotes":""},"categories":[29],"tags":[],"class_list":{"0":"post-193391","1":"post","2":"type-post","3":"status-publish","4":"format-standard","5":"has-post-thumbnail","7":"category-nacionales"},"yoast_head":"<!-- This site is optimized with the Yoast SEO plugin v27.2 - https:\/\/yoast.com\/product\/yoast-seo-wordpress\/ -->\n<title>El Gobierno anunci\u00f3 que se normalizar\u00e1 la entrega de chapas patente en todo el pa\u00eds - Radio Infinita Goya<\/title>\n<meta name=\"description\" content=\"Le adjudican la responsabilidad del faltante a la centralizaci\u00f3n del servicio en un \u00fanico proveedor estatal. La medida fue confirmada por el Ministerio de\" \/>\n<meta name=\"robots\" content=\"index, follow, max-snippet:-1, max-image-preview:large, max-video-preview:-1\" \/>\n<link rel=\"canonical\" href=\"https:\/\/radioinfinitagoya.com.ar\/v1\/2025\/07\/26\/el-gobierno-anuncio-que-se-normalizara-la-entrega-de-chapas-patente-en-todo-el-pais\/\" \/>\n<meta property=\"og:locale\" content=\"es_ES\" \/>\n<meta property=\"og:type\" content=\"article\" \/>\n<meta property=\"og:title\" content=\"El Gobierno anunci\u00f3 que se normalizar\u00e1 la entrega de chapas patente en todo el pa\u00eds - Radio Infinita Goya\" \/>\n<meta property=\"og:description\" content=\"Le adjudican la responsabilidad del faltante a la centralizaci\u00f3n del servicio en un \u00fanico proveedor estatal. La medida fue confirmada por el Ministerio de\" \/>\n<meta property=\"og:url\" content=\"https:\/\/radioinfinitagoya.com.ar\/v1\/2025\/07\/26\/el-gobierno-anuncio-que-se-normalizara-la-entrega-de-chapas-patente-en-todo-el-pais\/\" \/>\n<meta property=\"og:site_name\" content=\"Radio Infinita Goya\" \/>\n<meta property=\"article:publisher\" content=\"https:\/\/www.facebook.com\/p\/Infinita-Goya-100063870918311\/\" \/>\n<meta property=\"article:published_time\" content=\"2025-07-26T21:13:40+00:00\" \/>\n<meta property=\"og:image\" content=\"https:\/\/radioinfinitagoya.com.ar\/v1\/wp-content\/uploads\/2025\/07\/1440662w640h363c.jpg.webp\" \/>\n\t<meta property=\"og:image:width\" content=\"640\" \/>\n\t<meta property=\"og:image:height\" content=\"363\" \/>\n\t<meta property=\"og:image:type\" content=\"image\/webp\" \/>\n<meta name=\"author\" content=\"Jorge Mi\u00f1o\" \/>\n<meta name=\"twitter:card\" content=\"summary_large_image\" \/>\n<meta name=\"twitter:label1\" content=\"Escrito por\" \/>\n\t<meta name=\"twitter:data1\" content=\"Jorge Mi\u00f1o\" \/>\n\t<meta name=\"twitter:label2\" content=\"Tiempo de lectura\" \/>\n\t<meta name=\"twitter:data2\" content=\"4 minutos\" \/>\n<script type=\"application\/ld+json\" class=\"yoast-schema-graph\">{\"@context\":\"https:\/\/schema.org\",\"@graph\":[{\"@type\":\"Article\",\"@id\":\"https:\/\/radioinfinitagoya.com.ar\/v1\/2025\/07\/26\/el-gobierno-anuncio-que-se-normalizara-la-entrega-de-chapas-patente-en-todo-el-pais\/#article\",\"isPartOf\":{\"@id\":\"https:\/\/radioinfinitagoya.com.ar\/v1\/2025\/07\/26\/el-gobierno-anuncio-que-se-normalizara-la-entrega-de-chapas-patente-en-todo-el-pais\/\"},\"author\":{\"name\":\"Jorge Mi\u00f1o\",\"@id\":\"https:\/\/radioinfinitagoya.com.ar\/v1\/#\/schema\/person\/d4cf9c413d4f6edb24aabdccab49ca4a\"},\"headline\":\"El Gobierno anunci\u00f3 que se normalizar\u00e1 la entrega de chapas patente en todo el pa\u00eds\",\"datePublished\":\"2025-07-26T21:13:40+00:00\",\"mainEntityOfPage\":{\"@id\":\"https:\/\/radioinfinitagoya.com.ar\/v1\/2025\/07\/26\/el-gobierno-anuncio-que-se-normalizara-la-entrega-de-chapas-patente-en-todo-el-pais\/\"},\"wordCount\":695,\"publisher\":{\"@id\":\"https:\/\/radioinfinitagoya.com.ar\/v1\/#organization\"},\"image\":{\"@id\":\"https:\/\/radioinfinitagoya.com.ar\/v1\/2025\/07\/26\/el-gobierno-anuncio-que-se-normalizara-la-entrega-de-chapas-patente-en-todo-el-pais\/#primaryimage\"},\"thumbnailUrl\":\"https:\/\/radioinfinitagoya.com.ar\/v1\/wp-content\/uploads\/2025\/07\/1440662w640h363c.jpg.webp\",\"articleSection\":[\"NACIONALES\"],\"inLanguage\":\"es-AR\"},{\"@type\":\"WebPage\",\"@id\":\"https:\/\/radioinfinitagoya.com.ar\/v1\/2025\/07\/26\/el-gobierno-anuncio-que-se-normalizara-la-entrega-de-chapas-patente-en-todo-el-pais\/\",\"url\":\"https:\/\/radioinfinitagoya.com.ar\/v1\/2025\/07\/26\/el-gobierno-anuncio-que-se-normalizara-la-entrega-de-chapas-patente-en-todo-el-pais\/\",\"name\":\"El Gobierno anunci\u00f3 que se normalizar\u00e1 la entrega de chapas patente en todo el pa\u00eds - Radio Infinita Goya\",\"isPartOf\":{\"@id\":\"https:\/\/radioinfinitagoya.com.ar\/v1\/#website\"},\"primaryImageOfPage\":{\"@id\":\"https:\/\/radioinfinitagoya.com.ar\/v1\/2025\/07\/26\/el-gobierno-anuncio-que-se-normalizara-la-entrega-de-chapas-patente-en-todo-el-pais\/#primaryimage\"},\"image\":{\"@id\":\"https:\/\/radioinfinitagoya.com.ar\/v1\/2025\/07\/26\/el-gobierno-anuncio-que-se-normalizara-la-entrega-de-chapas-patente-en-todo-el-pais\/#primaryimage\"},\"thumbnailUrl\":\"https:\/\/radioinfinitagoya.com.ar\/v1\/wp-content\/uploads\/2025\/07\/1440662w640h363c.jpg.webp\",\"datePublished\":\"2025-07-26T21:13:40+00:00\",\"description\":\"Le adjudican la responsabilidad del faltante a la centralizaci\u00f3n del servicio en un \u00fanico proveedor estatal. La medida fue confirmada por el Ministerio de\",\"breadcrumb\":{\"@id\":\"https:\/\/radioinfinitagoya.com.ar\/v1\/2025\/07\/26\/el-gobierno-anuncio-que-se-normalizara-la-entrega-de-chapas-patente-en-todo-el-pais\/#breadcrumb\"},\"inLanguage\":\"es-AR\",\"potentialAction\":[{\"@type\":\"ReadAction\",\"target\":[\"https:\/\/radioinfinitagoya.com.ar\/v1\/2025\/07\/26\/el-gobierno-anuncio-que-se-normalizara-la-entrega-de-chapas-patente-en-todo-el-pais\/\"]}]},{\"@type\":\"ImageObject\",\"inLanguage\":\"es-AR\",\"@id\":\"https:\/\/radioinfinitagoya.com.ar\/v1\/2025\/07\/26\/el-gobierno-anuncio-que-se-normalizara-la-entrega-de-chapas-patente-en-todo-el-pais\/#primaryimage\",\"url\":\"https:\/\/radioinfinitagoya.com.ar\/v1\/wp-content\/uploads\/2025\/07\/1440662w640h363c.jpg.webp\",\"contentUrl\":\"https:\/\/radioinfinitagoya.com.ar\/v1\/wp-content\/uploads\/2025\/07\/1440662w640h363c.jpg.webp\",\"width\":640,\"height\":363},{\"@type\":\"BreadcrumbList\",\"@id\":\"https:\/\/radioinfinitagoya.com.ar\/v1\/2025\/07\/26\/el-gobierno-anuncio-que-se-normalizara-la-entrega-de-chapas-patente-en-todo-el-pais\/#breadcrumb\",\"itemListElement\":[{\"@type\":\"ListItem\",\"position\":1,\"name\":\"Inicio\",\"item\":\"https:\/\/radioinfinitagoya.com.ar\/v1\/\"},{\"@type\":\"ListItem\",\"position\":2,\"name\":\"El Gobierno anunci\u00f3 que se normalizar\u00e1 la entrega de chapas patente en todo el pa\u00eds\"}]},{\"@type\":\"WebSite\",\"@id\":\"https:\/\/radioinfinitagoya.com.ar\/v1\/#website\",\"url\":\"https:\/\/radioinfinitagoya.com.ar\/v1\/\",\"name\":\"radioinfinitagoya.com.ar\",\"description\":\"Radio de noticias\",\"publisher\":{\"@id\":\"https:\/\/radioinfinitagoya.com.ar\/v1\/#organization\"},\"potentialAction\":[{\"@type\":\"SearchAction\",\"target\":{\"@type\":\"EntryPoint\",\"urlTemplate\":\"https:\/\/radioinfinitagoya.com.ar\/v1\/?s={search_term_string}\"},\"query-input\":{\"@type\":\"PropertyValueSpecification\",\"valueRequired\":true,\"valueName\":\"search_term_string\"}}],\"inLanguage\":\"es-AR\"},{\"@type\":\"Organization\",\"@id\":\"https:\/\/radioinfinitagoya.com.ar\/v1\/#organization\",\"name\":\"Radio Infinita Goya\",\"url\":\"https:\/\/radioinfinitagoya.com.ar\/v1\/\",\"logo\":{\"@type\":\"ImageObject\",\"inLanguage\":\"es-AR\",\"@id\":\"https:\/\/radioinfinitagoya.com.ar\/v1\/#\/schema\/logo\/image\/\",\"url\":\"https:\/\/radioinfinitagoya.com.ar\/v1\/wp-content\/uploads\/2019\/11\/logo-pie-web.png\",\"contentUrl\":\"https:\/\/radioinfinitagoya.com.ar\/v1\/wp-content\/uploads\/2019\/11\/logo-pie-web.png\",\"width\":635,\"height\":326,\"caption\":\"Radio Infinita Goya\"},\"image\":{\"@id\":\"https:\/\/radioinfinitagoya.com.ar\/v1\/#\/schema\/logo\/image\/\"},\"sameAs\":[\"https:\/\/www.facebook.com\/p\/Infinita-Goya-100063870918311\/\"]},{\"@type\":\"Person\",\"@id\":\"https:\/\/radioinfinitagoya.com.ar\/v1\/#\/schema\/person\/d4cf9c413d4f6edb24aabdccab49ca4a\",\"name\":\"Jorge Mi\u00f1o\",\"image\":{\"@type\":\"ImageObject\",\"inLanguage\":\"es-AR\",\"@id\":\"https:\/\/secure.gravatar.com\/avatar\/910fcf6728fe95320e07a6643c1581fec1c7fc4bf8ae12e3d8f0d0373dc844be?s=96&d=mm&r=g\",\"url\":\"https:\/\/secure.gravatar.com\/avatar\/910fcf6728fe95320e07a6643c1581fec1c7fc4bf8ae12e3d8f0d0373dc844be?s=96&d=mm&r=g\",\"contentUrl\":\"https:\/\/secure.gravatar.com\/avatar\/910fcf6728fe95320e07a6643c1581fec1c7fc4bf8ae12e3d8f0d0373dc844be?s=96&d=mm&r=g\",\"caption\":\"Jorge Mi\u00f1o\"},\"sameAs\":[\"http:\/\/radioinfinitagoya.com.ar\"]}]}<\/script>\n<!-- \/ Yoast SEO plugin. -->","yoast_head_json":{"title":"El Gobierno anunci\u00f3 que se normalizar\u00e1 la entrega de chapas patente en todo el pa\u00eds - Radio Infinita Goya","description":"Le adjudican la responsabilidad del faltante a la centralizaci\u00f3n del servicio en un \u00fanico proveedor estatal. La medida fue confirmada por el Ministerio de","robots":{"index":"index","follow":"follow","max-snippet":"max-snippet:-1","max-image-preview":"max-image-preview:large","max-video-preview":"max-video-preview:-1"},"canonical":"https:\/\/radioinfinitagoya.com.ar\/v1\/2025\/07\/26\/el-gobierno-anuncio-que-se-normalizara-la-entrega-de-chapas-patente-en-todo-el-pais\/","og_locale":"es_ES","og_type":"article","og_title":"El Gobierno anunci\u00f3 que se normalizar\u00e1 la entrega de chapas patente en todo el pa\u00eds - Radio Infinita Goya","og_description":"Le adjudican la responsabilidad del faltante a la centralizaci\u00f3n del servicio en un \u00fanico proveedor estatal. La medida fue confirmada por el Ministerio de","og_url":"https:\/\/radioinfinitagoya.com.ar\/v1\/2025\/07\/26\/el-gobierno-anuncio-que-se-normalizara-la-entrega-de-chapas-patente-en-todo-el-pais\/","og_site_name":"Radio Infinita Goya","article_publisher":"https:\/\/www.facebook.com\/p\/Infinita-Goya-100063870918311\/","article_published_time":"2025-07-26T21:13:40+00:00","og_image":[{"width":640,"height":363,"url":"https:\/\/radioinfinitagoya.com.ar\/v1\/wp-content\/uploads\/2025\/07\/1440662w640h363c.jpg.webp","type":"image\/webp"}],"author":"Jorge Mi\u00f1o","twitter_card":"summary_large_image","twitter_misc":{"Escrito por":"Jorge Mi\u00f1o","Tiempo de lectura":"4 minutos"},"schema":{"@context":"https:\/\/schema.org","@graph":[{"@type":"Article","@id":"https:\/\/radioinfinitagoya.com.ar\/v1\/2025\/07\/26\/el-gobierno-anuncio-que-se-normalizara-la-entrega-de-chapas-patente-en-todo-el-pais\/#article","isPartOf":{"@id":"https:\/\/radioinfinitagoya.com.ar\/v1\/2025\/07\/26\/el-gobierno-anuncio-que-se-normalizara-la-entrega-de-chapas-patente-en-todo-el-pais\/"},"author":{"name":"Jorge Mi\u00f1o","@id":"https:\/\/radioinfinitagoya.com.ar\/v1\/#\/schema\/person\/d4cf9c413d4f6edb24aabdccab49ca4a"},"headline":"El Gobierno anunci\u00f3 que se normalizar\u00e1 la entrega de chapas patente en todo el pa\u00eds","datePublished":"2025-07-26T21:13:40+00:00","mainEntityOfPage":{"@id":"https:\/\/radioinfinitagoya.com.ar\/v1\/2025\/07\/26\/el-gobierno-anuncio-que-se-normalizara-la-entrega-de-chapas-patente-en-todo-el-pais\/"},"wordCount":695,"publisher":{"@id":"https:\/\/radioinfinitagoya.com.ar\/v1\/#organization"},"image":{"@id":"https:\/\/radioinfinitagoya.com.ar\/v1\/2025\/07\/26\/el-gobierno-anuncio-que-se-normalizara-la-entrega-de-chapas-patente-en-todo-el-pais\/#primaryimage"},"thumbnailUrl":"https:\/\/radioinfinitagoya.com.ar\/v1\/wp-content\/uploads\/2025\/07\/1440662w640h363c.jpg.webp","articleSection":["NACIONALES"],"inLanguage":"es-AR"},{"@type":"WebPage","@id":"https:\/\/radioinfinitagoya.com.ar\/v1\/2025\/07\/26\/el-gobierno-anuncio-que-se-normalizara-la-entrega-de-chapas-patente-en-todo-el-pais\/","url":"https:\/\/radioinfinitagoya.com.ar\/v1\/2025\/07\/26\/el-gobierno-anuncio-que-se-normalizara-la-entrega-de-chapas-patente-en-todo-el-pais\/","name":"El Gobierno anunci\u00f3 que se normalizar\u00e1 la entrega de chapas patente en todo el pa\u00eds - Radio Infinita Goya","isPartOf":{"@id":"https:\/\/radioinfinitagoya.com.ar\/v1\/#website"},"primaryImageOfPage":{"@id":"https:\/\/radioinfinitagoya.com.ar\/v1\/2025\/07\/26\/el-gobierno-anuncio-que-se-normalizara-la-entrega-de-chapas-patente-en-todo-el-pais\/#primaryimage"},"image":{"@id":"https:\/\/radioinfinitagoya.com.ar\/v1\/2025\/07\/26\/el-gobierno-anuncio-que-se-normalizara-la-entrega-de-chapas-patente-en-todo-el-pais\/#primaryimage"},"thumbnailUrl":"https:\/\/radioinfinitagoya.com.ar\/v1\/wp-content\/uploads\/2025\/07\/1440662w640h363c.jpg.webp","datePublished":"2025-07-26T21:13:40+00:00","description":"Le adjudican la responsabilidad del faltante a la centralizaci\u00f3n del servicio en un \u00fanico proveedor estatal. La medida fue confirmada por el Ministerio de","breadcrumb":{"@id":"https:\/\/radioinfinitagoya.com.ar\/v1\/2025\/07\/26\/el-gobierno-anuncio-que-se-normalizara-la-entrega-de-chapas-patente-en-todo-el-pais\/#breadcrumb"},"inLanguage":"es-AR","potentialAction":[{"@type":"ReadAction","target":["https:\/\/radioinfinitagoya.com.ar\/v1\/2025\/07\/26\/el-gobierno-anuncio-que-se-normalizara-la-entrega-de-chapas-patente-en-todo-el-pais\/"]}]},{"@type":"ImageObject","inLanguage":"es-AR","@id":"https:\/\/radioinfinitagoya.com.ar\/v1\/2025\/07\/26\/el-gobierno-anuncio-que-se-normalizara-la-entrega-de-chapas-patente-en-todo-el-pais\/#primaryimage","url":"https:\/\/radioinfinitagoya.com.ar\/v1\/wp-content\/uploads\/2025\/07\/1440662w640h363c.jpg.webp","contentUrl":"https:\/\/radioinfinitagoya.com.ar\/v1\/wp-content\/uploads\/2025\/07\/1440662w640h363c.jpg.webp","width":640,"height":363},{"@type":"BreadcrumbList","@id":"https:\/\/radioinfinitagoya.com.ar\/v1\/2025\/07\/26\/el-gobierno-anuncio-que-se-normalizara-la-entrega-de-chapas-patente-en-todo-el-pais\/#breadcrumb","itemListElement":[{"@type":"ListItem","position":1,"name":"Inicio","item":"https:\/\/radioinfinitagoya.com.ar\/v1\/"},{"@type":"ListItem","position":2,"name":"El Gobierno anunci\u00f3 que se normalizar\u00e1 la entrega de chapas patente en todo el pa\u00eds"}]},{"@type":"WebSite","@id":"https:\/\/radioinfinitagoya.com.ar\/v1\/#website","url":"https:\/\/radioinfinitagoya.com.ar\/v1\/","name":"radioinfinitagoya.com.ar","description":"Radio de noticias","publisher":{"@id":"https:\/\/radioinfinitagoya.com.ar\/v1\/#organization"},"potentialAction":[{"@type":"SearchAction","target":{"@type":"EntryPoint","urlTemplate":"https:\/\/radioinfinitagoya.com.ar\/v1\/?s={search_term_string}"},"query-input":{"@type":"PropertyValueSpecification","valueRequired":true,"valueName":"search_term_string"}}],"inLanguage":"es-AR"},{"@type":"Organization","@id":"https:\/\/radioinfinitagoya.com.ar\/v1\/#organization","name":"Radio Infinita Goya","url":"https:\/\/radioinfinitagoya.com.ar\/v1\/","logo":{"@type":"ImageObject","inLanguage":"es-AR","@id":"https:\/\/radioinfinitagoya.com.ar\/v1\/#\/schema\/logo\/image\/","url":"https:\/\/radioinfinitagoya.com.ar\/v1\/wp-content\/uploads\/2019\/11\/logo-pie-web.png","contentUrl":"https:\/\/radioinfinitagoya.com.ar\/v1\/wp-content\/uploads\/2019\/11\/logo-pie-web.png","width":635,"height":326,"caption":"Radio Infinita Goya"},"image":{"@id":"https:\/\/radioinfinitagoya.com.ar\/v1\/#\/schema\/logo\/image\/"},"sameAs":["https:\/\/www.facebook.com\/p\/Infinita-Goya-100063870918311\/"]},{"@type":"Person","@id":"https:\/\/radioinfinitagoya.com.ar\/v1\/#\/schema\/person\/d4cf9c413d4f6edb24aabdccab49ca4a","name":"Jorge Mi\u00f1o","image":{"@type":"ImageObject","inLanguage":"es-AR","@id":"https:\/\/secure.gravatar.com\/avatar\/910fcf6728fe95320e07a6643c1581fec1c7fc4bf8ae12e3d8f0d0373dc844be?s=96&d=mm&r=g","url":"https:\/\/secure.gravatar.com\/avatar\/910fcf6728fe95320e07a6643c1581fec1c7fc4bf8ae12e3d8f0d0373dc844be?s=96&d=mm&r=g","contentUrl":"https:\/\/secure.gravatar.com\/avatar\/910fcf6728fe95320e07a6643c1581fec1c7fc4bf8ae12e3d8f0d0373dc844be?s=96&d=mm&r=g","caption":"Jorge Mi\u00f1o"},"sameAs":["http:\/\/radioinfinitagoya.com.ar"]}]}},"_links":{"self":[{"href":"https:\/\/radioinfinitagoya.com.ar\/v1\/wp-json\/wp\/v2\/posts\/193391","targetHints":{"allow":["GET"]}}],"collection":[{"href":"https:\/\/radioinfinitagoya.com.ar\/v1\/wp-json\/wp\/v2\/posts"}],"about":[{"href":"https:\/\/radioinfinitagoya.com.ar\/v1\/wp-json\/wp\/v2\/types\/post"}],"author":[{"embeddable":true,"href":"https:\/\/radioinfinitagoya.com.ar\/v1\/wp-json\/wp\/v2\/users\/4"}],"replies":[{"embeddable":true,"href":"https:\/\/radioinfinitagoya.com.ar\/v1\/wp-json\/wp\/v2\/comments?post=193391"}],"version-history":[{"count":0,"href":"https:\/\/radioinfinitagoya.com.ar\/v1\/wp-json\/wp\/v2\/posts\/193391\/revisions"}],"wp:featuredmedia":[{"embeddable":true,"href":"https:\/\/radioinfinitagoya.com.ar\/v1\/wp-json\/wp\/v2\/media\/193392"}],"wp:attachment":[{"href":"https:\/\/radioinfinitagoya.com.ar\/v1\/wp-json\/wp\/v2\/media?parent=193391"}],"wp:term":[{"taxonomy":"category","embeddable":true,"href":"https:\/\/radioinfinitagoya.com.ar\/v1\/wp-json\/wp\/v2\/categories?post=193391"},{"taxonomy":"post_tag","embeddable":true,"href":"https:\/\/radioinfinitagoya.com.ar\/v1\/wp-json\/wp\/v2\/tags?post=193391"}],"curies":[{"name":"wp","href":"https:\/\/api.w.org\/{rel}","templated":true}]}}