{"id":193400,"date":"2025-07-26T18:33:15","date_gmt":"2025-07-26T21:33:15","guid":{"rendered":"https:\/\/radioinfinitagoya.com.ar\/v1\/?p=193400"},"modified":"2025-07-26T18:33:15","modified_gmt":"2025-07-26T21:33:15","slug":"primer-bootcam-de-programacion-y-habilidades-digitales","status":"publish","type":"post","link":"https:\/\/radioinfinitagoya.com.ar\/v1\/2025\/07\/26\/primer-bootcam-de-programacion-y-habilidades-digitales\/","title":{"rendered":"Primer BOOTCAM de programaci\u00f3n y habilidades digitales"},"content":{"rendered":"<p>El secretario de Modernizaci\u00f3n Luciano Rol\u00f3n se refiri\u00f3 este viernes a un entrenamiento en programaci\u00f3n y habilidades digitales a realizarse en la Usina del Conocimiento que funciona en el Parque Tecnol\u00f3gico Goya, el primero de la provincia de Corrientes. \u201cLa expectativa es entrenar a unas 30 personas. La formaci\u00f3n es presencial con material virtual y monitores de acompa\u00f1amiento para los grupos de estudiantes\u201d, inform\u00f3 el funcionario.<\/p>\n<p>El programa comienza el 18 de agosto y para inscribirse hay que dirigirse a la Secretar\u00eda de Modernizaci\u00f3n, o mediante las redes sociales de la Municipalidad de Goya, as\u00ed como las del ITG.<\/p>\n<p>Participan adem\u00e1s en este programa, el ITG, el Cl\u00faster Tecnol\u00f3gico y el Club de Programadores.<\/p>\n<p>\u201cEn esta gesti\u00f3n se est\u00e1 apostando mucho al crecimiento y desarrollo del sector tecnol\u00f3gico a partir de distintas iniciativas. Una es el Parque Tecnol\u00f3gico, el primero de la provincia, donde tenemos dos edificios funcionando. En uno se encuentran tres empresas de programaci\u00f3n y el INTI (instituto de tecnolog\u00eda). En el otro funciona la Usina del Conocimiento, y dentro de ella la idea es generar iniciativas para primero formar a m\u00e1s gente en econom\u00eda del conocimiento, y segundo, para acercar las necesidades concretas del sector productivo local y la formaci\u00f3n y el desarrollo tecnol\u00f3gico\u201d, afirm\u00f3 Rol\u00f3n.<\/p>\n<p>BOOTCAM<\/p>\n<p>Bootcam es una palabra que viene de la disciplina militar. Es la preparaci\u00f3n intensiva inicial, antes de una selecci\u00f3n. Esto se adopt\u00f3 mucho en el sector tecnol\u00f3gico, una formaci\u00f3n corta e intensiva de buen nivel que aborda en poco tiempo el desarrollo de habilidades.<\/p>\n<p>\u201cAhora estamos lanzando el primer bootcam usina de programaci\u00f3n y habilidades digitales, concentrado en 6 meses (4 meses de formaci\u00f3n y 2 de especializaci\u00f3n)\u201d, adelant\u00f3 Rol\u00f3n. Explic\u00f3 luego que los primeros dos meses de este entrenamiento tecnol\u00f3gico son de introducci\u00f3n a la programaci\u00f3n, los segundos dos meses se orientan al desarrollo web, muy demandado y de utilidad en el mercado laboral, y los dos meses finales son de especializaci\u00f3n, donde se podr\u00e1 elegir una de tres opciones (formaci\u00f3n laboral, proyectos reales locales, proyecto emprendedor freelance en el sector).<\/p>\n<p>\u201cLa idea de este bootcam usina es dar la posibilidad a cualquiera que est\u00e9 interesado en la tem\u00e1tica de la programaci\u00f3n, sin necesariamente tener una formaci\u00f3n previa, de dar un primer paso. El requisito es solamente ser mayor de 14 a\u00f1os\u201d, sostuvo.<\/p>\n<p>CRIPTOMONEDAS<\/p>\n<p>En otro orden, se explay\u00f3 adem\u00e1s sobre algunas consideraciones que dej\u00f3 la reciente Feria del Libro en Goya, una de ellas la ponencia de Ariel Scaliter sobre criptomonedas.<\/p>\n<p>Introduciendo a la tem\u00e1tica, sostuvo: \u201cCuando uno dice la palabra \u201ccriptomoneda\u201d parece que va a ser algo complicado, medio oscuro, que no se entiende mucho y es medio especulativo, y creo que es un poco de eso y al mismo tiempo algo que est\u00e1 muy en boga. El bitcoin, que es una de las criptomonedas m\u00e1s conocidas, es una de las inversiones m\u00e1s destacadas de los \u00faltimos a\u00f1os, y la tecnolog\u00eda que est\u00e1 detr\u00e1s, que es blockchain, est\u00e1 muy en boga tambi\u00e9n, entonces es algo que, lo queramos o no, est\u00e1 a disposici\u00f3n, la poblaci\u00f3n podr\u00eda comprar y especular con criptomoneda en cualquier momento, y lo hace en l\u00ednea\u201d.<\/p>\n<p>\u201cNuestra idea era traer esta tem\u00e1tica tan actual y presente de una manera seria, abordada por Ariel Scaliter, director de una carrera en criptomonedas y blockchain en una de las mejores universidades argentinas, que es el CEMA, y que adem\u00e1s es fundador de Agrotoken, la primera empresa a nivel mundial que digitaliza activos agropecuarios. B\u00e1sicamente \u201ctokenizan\u201d o digitalizan todo tipo de activos. No solo pudimos escucharlo en la Feria del Libro, tambi\u00e9n se reuni\u00f3 con empresarios\u201d, prosigui\u00f3 diciendo.<\/p>\n<p>Finalmente rese\u00f1\u00f3 otras de las propuestas que ofrecieron en la feria del libro. \u201cCon \u201cEspacio futuro\u201d acercamos diversas tecnolog\u00edas y los trabajos que est\u00e1n realizando las diferentes escuelas de Goya, institutos tecnol\u00f3gicos, al p\u00fablico en general, para que puedan palpar en lo que est\u00e1n trabajando. Tambi\u00e9n visibilizar, por ejemplo, un emprendimiento de videojuegos. Esta industria es cinco veces la de la m\u00fasica y el cine juntas, creci\u00f3 exponencialmente en los \u00faltimos a\u00f1os. Tambi\u00e9n pudimos mostrar un emprendimiento de bicicletas el\u00e9ctricas\u201d.<\/p>\n<p>Direcci\u00f3n de Prensa \u2013 Municipalidad de Goya<\/p>\n","protected":false},"excerpt":{"rendered":"<p>El secretario de Modernizaci\u00f3n Luciano Rol\u00f3n se refiri\u00f3 este viernes a un entrenamiento en programaci\u00f3n y habilidades digitales a realizarse en la Usina del Conocimiento que funciona en el Parque Tecnol\u00f3gico Goya, el primero de la provincia de Corrientes. \u201cLa expectativa es entrenar a unas 30 personas. La formaci\u00f3n es presencial con material virtual y [&hellip;]<\/p>\n","protected":false},"author":4,"featured_media":193401,"comment_status":"closed","ping_status":"closed","sticky":false,"template":"","format":"standard","meta":{"_joinchat":[],"footnotes":""},"categories":[27],"tags":[],"class_list":{"0":"post-193400","1":"post","2":"type-post","3":"status-publish","4":"format-standard","5":"has-post-thumbnail","7":"category-locales"},"yoast_head":"<!-- This site is optimized with the Yoast SEO plugin v27.2 - https:\/\/yoast.com\/product\/yoast-seo-wordpress\/ -->\n<title>Primer BOOTCAM de programaci\u00f3n y habilidades digitales - Radio Infinita Goya<\/title>\n<meta name=\"description\" content=\"El secretario de Modernizaci\u00f3n Luciano Rol\u00f3n se refiri\u00f3 este viernes a un entrenamiento en programaci\u00f3n y habilidades digitales a realizarse en la Usina\" \/>\n<meta name=\"robots\" content=\"index, follow, max-snippet:-1, max-image-preview:large, max-video-preview:-1\" \/>\n<link rel=\"canonical\" href=\"https:\/\/radioinfinitagoya.com.ar\/v1\/2025\/07\/26\/primer-bootcam-de-programacion-y-habilidades-digitales\/\" \/>\n<meta property=\"og:locale\" content=\"es_ES\" \/>\n<meta property=\"og:type\" content=\"article\" \/>\n<meta property=\"og:title\" content=\"Primer BOOTCAM de programaci\u00f3n y habilidades digitales - Radio Infinita Goya\" \/>\n<meta property=\"og:description\" content=\"El secretario de Modernizaci\u00f3n Luciano Rol\u00f3n se refiri\u00f3 este viernes a un entrenamiento en programaci\u00f3n y habilidades digitales a realizarse en la Usina\" \/>\n<meta property=\"og:url\" content=\"https:\/\/radioinfinitagoya.com.ar\/v1\/2025\/07\/26\/primer-bootcam-de-programacion-y-habilidades-digitales\/\" \/>\n<meta property=\"og:site_name\" content=\"Radio Infinita Goya\" \/>\n<meta property=\"article:publisher\" content=\"https:\/\/www.facebook.com\/p\/Infinita-Goya-100063870918311\/\" \/>\n<meta property=\"article:published_time\" content=\"2025-07-26T21:33:15+00:00\" \/>\n<meta property=\"og:image\" content=\"https:\/\/radioinfinitagoya.com.ar\/v1\/wp-content\/uploads\/2025\/07\/nota_luciano_rolonn.jpg\" \/>\n\t<meta property=\"og:image:width\" content=\"848\" \/>\n\t<meta property=\"og:image:height\" content=\"477\" \/>\n\t<meta property=\"og:image:type\" content=\"image\/jpeg\" \/>\n<meta name=\"author\" content=\"Jorge Mi\u00f1o\" \/>\n<meta name=\"twitter:card\" content=\"summary_large_image\" \/>\n<meta name=\"twitter:label1\" content=\"Escrito por\" \/>\n\t<meta name=\"twitter:data1\" content=\"Jorge Mi\u00f1o\" \/>\n\t<meta name=\"twitter:label2\" content=\"Tiempo de lectura\" \/>\n\t<meta name=\"twitter:data2\" content=\"4 minutos\" \/>\n<script type=\"application\/ld+json\" class=\"yoast-schema-graph\">{\"@context\":\"https:\/\/schema.org\",\"@graph\":[{\"@type\":\"Article\",\"@id\":\"https:\/\/radioinfinitagoya.com.ar\/v1\/2025\/07\/26\/primer-bootcam-de-programacion-y-habilidades-digitales\/#article\",\"isPartOf\":{\"@id\":\"https:\/\/radioinfinitagoya.com.ar\/v1\/2025\/07\/26\/primer-bootcam-de-programacion-y-habilidades-digitales\/\"},\"author\":{\"name\":\"Jorge Mi\u00f1o\",\"@id\":\"https:\/\/radioinfinitagoya.com.ar\/v1\/#\/schema\/person\/d4cf9c413d4f6edb24aabdccab49ca4a\"},\"headline\":\"Primer BOOTCAM de programaci\u00f3n y habilidades digitales\",\"datePublished\":\"2025-07-26T21:33:15+00:00\",\"mainEntityOfPage\":{\"@id\":\"https:\/\/radioinfinitagoya.com.ar\/v1\/2025\/07\/26\/primer-bootcam-de-programacion-y-habilidades-digitales\/\"},\"wordCount\":753,\"publisher\":{\"@id\":\"https:\/\/radioinfinitagoya.com.ar\/v1\/#organization\"},\"image\":{\"@id\":\"https:\/\/radioinfinitagoya.com.ar\/v1\/2025\/07\/26\/primer-bootcam-de-programacion-y-habilidades-digitales\/#primaryimage\"},\"thumbnailUrl\":\"https:\/\/radioinfinitagoya.com.ar\/v1\/wp-content\/uploads\/2025\/07\/nota_luciano_rolonn.jpg\",\"articleSection\":[\"LOCALES\"],\"inLanguage\":\"es-AR\"},{\"@type\":\"WebPage\",\"@id\":\"https:\/\/radioinfinitagoya.com.ar\/v1\/2025\/07\/26\/primer-bootcam-de-programacion-y-habilidades-digitales\/\",\"url\":\"https:\/\/radioinfinitagoya.com.ar\/v1\/2025\/07\/26\/primer-bootcam-de-programacion-y-habilidades-digitales\/\",\"name\":\"Primer BOOTCAM de programaci\u00f3n y habilidades digitales - Radio Infinita Goya\",\"isPartOf\":{\"@id\":\"https:\/\/radioinfinitagoya.com.ar\/v1\/#website\"},\"primaryImageOfPage\":{\"@id\":\"https:\/\/radioinfinitagoya.com.ar\/v1\/2025\/07\/26\/primer-bootcam-de-programacion-y-habilidades-digitales\/#primaryimage\"},\"image\":{\"@id\":\"https:\/\/radioinfinitagoya.com.ar\/v1\/2025\/07\/26\/primer-bootcam-de-programacion-y-habilidades-digitales\/#primaryimage\"},\"thumbnailUrl\":\"https:\/\/radioinfinitagoya.com.ar\/v1\/wp-content\/uploads\/2025\/07\/nota_luciano_rolonn.jpg\",\"datePublished\":\"2025-07-26T21:33:15+00:00\",\"description\":\"El secretario de Modernizaci\u00f3n Luciano Rol\u00f3n se refiri\u00f3 este viernes a un entrenamiento en programaci\u00f3n y habilidades digitales a realizarse en la Usina\",\"breadcrumb\":{\"@id\":\"https:\/\/radioinfinitagoya.com.ar\/v1\/2025\/07\/26\/primer-bootcam-de-programacion-y-habilidades-digitales\/#breadcrumb\"},\"inLanguage\":\"es-AR\",\"potentialAction\":[{\"@type\":\"ReadAction\",\"target\":[\"https:\/\/radioinfinitagoya.com.ar\/v1\/2025\/07\/26\/primer-bootcam-de-programacion-y-habilidades-digitales\/\"]}]},{\"@type\":\"ImageObject\",\"inLanguage\":\"es-AR\",\"@id\":\"https:\/\/radioinfinitagoya.com.ar\/v1\/2025\/07\/26\/primer-bootcam-de-programacion-y-habilidades-digitales\/#primaryimage\",\"url\":\"https:\/\/radioinfinitagoya.com.ar\/v1\/wp-content\/uploads\/2025\/07\/nota_luciano_rolonn.jpg\",\"contentUrl\":\"https:\/\/radioinfinitagoya.com.ar\/v1\/wp-content\/uploads\/2025\/07\/nota_luciano_rolonn.jpg\",\"width\":848,\"height\":477},{\"@type\":\"BreadcrumbList\",\"@id\":\"https:\/\/radioinfinitagoya.com.ar\/v1\/2025\/07\/26\/primer-bootcam-de-programacion-y-habilidades-digitales\/#breadcrumb\",\"itemListElement\":[{\"@type\":\"ListItem\",\"position\":1,\"name\":\"Inicio\",\"item\":\"https:\/\/radioinfinitagoya.com.ar\/v1\/\"},{\"@type\":\"ListItem\",\"position\":2,\"name\":\"Primer BOOTCAM de programaci\u00f3n y habilidades digitales\"}]},{\"@type\":\"WebSite\",\"@id\":\"https:\/\/radioinfinitagoya.com.ar\/v1\/#website\",\"url\":\"https:\/\/radioinfinitagoya.com.ar\/v1\/\",\"name\":\"radioinfinitagoya.com.ar\",\"description\":\"Radio de noticias\",\"publisher\":{\"@id\":\"https:\/\/radioinfinitagoya.com.ar\/v1\/#organization\"},\"potentialAction\":[{\"@type\":\"SearchAction\",\"target\":{\"@type\":\"EntryPoint\",\"urlTemplate\":\"https:\/\/radioinfinitagoya.com.ar\/v1\/?s={search_term_string}\"},\"query-input\":{\"@type\":\"PropertyValueSpecification\",\"valueRequired\":true,\"valueName\":\"search_term_string\"}}],\"inLanguage\":\"es-AR\"},{\"@type\":\"Organization\",\"@id\":\"https:\/\/radioinfinitagoya.com.ar\/v1\/#organization\",\"name\":\"Radio Infinita Goya\",\"url\":\"https:\/\/radioinfinitagoya.com.ar\/v1\/\",\"logo\":{\"@type\":\"ImageObject\",\"inLanguage\":\"es-AR\",\"@id\":\"https:\/\/radioinfinitagoya.com.ar\/v1\/#\/schema\/logo\/image\/\",\"url\":\"https:\/\/radioinfinitagoya.com.ar\/v1\/wp-content\/uploads\/2019\/11\/logo-pie-web.png\",\"contentUrl\":\"https:\/\/radioinfinitagoya.com.ar\/v1\/wp-content\/uploads\/2019\/11\/logo-pie-web.png\",\"width\":635,\"height\":326,\"caption\":\"Radio Infinita Goya\"},\"image\":{\"@id\":\"https:\/\/radioinfinitagoya.com.ar\/v1\/#\/schema\/logo\/image\/\"},\"sameAs\":[\"https:\/\/www.facebook.com\/p\/Infinita-Goya-100063870918311\/\"]},{\"@type\":\"Person\",\"@id\":\"https:\/\/radioinfinitagoya.com.ar\/v1\/#\/schema\/person\/d4cf9c413d4f6edb24aabdccab49ca4a\",\"name\":\"Jorge Mi\u00f1o\",\"image\":{\"@type\":\"ImageObject\",\"inLanguage\":\"es-AR\",\"@id\":\"https:\/\/secure.gravatar.com\/avatar\/910fcf6728fe95320e07a6643c1581fec1c7fc4bf8ae12e3d8f0d0373dc844be?s=96&d=mm&r=g\",\"url\":\"https:\/\/secure.gravatar.com\/avatar\/910fcf6728fe95320e07a6643c1581fec1c7fc4bf8ae12e3d8f0d0373dc844be?s=96&d=mm&r=g\",\"contentUrl\":\"https:\/\/secure.gravatar.com\/avatar\/910fcf6728fe95320e07a6643c1581fec1c7fc4bf8ae12e3d8f0d0373dc844be?s=96&d=mm&r=g\",\"caption\":\"Jorge Mi\u00f1o\"},\"sameAs\":[\"http:\/\/radioinfinitagoya.com.ar\"]}]}<\/script>\n<!-- \/ Yoast SEO plugin. -->","yoast_head_json":{"title":"Primer BOOTCAM de programaci\u00f3n y habilidades digitales - Radio Infinita Goya","description":"El secretario de Modernizaci\u00f3n Luciano Rol\u00f3n se refiri\u00f3 este viernes a un entrenamiento en programaci\u00f3n y habilidades digitales a realizarse en la Usina","robots":{"index":"index","follow":"follow","max-snippet":"max-snippet:-1","max-image-preview":"max-image-preview:large","max-video-preview":"max-video-preview:-1"},"canonical":"https:\/\/radioinfinitagoya.com.ar\/v1\/2025\/07\/26\/primer-bootcam-de-programacion-y-habilidades-digitales\/","og_locale":"es_ES","og_type":"article","og_title":"Primer BOOTCAM de programaci\u00f3n y habilidades digitales - Radio Infinita Goya","og_description":"El secretario de Modernizaci\u00f3n Luciano Rol\u00f3n se refiri\u00f3 este viernes a un entrenamiento en programaci\u00f3n y habilidades digitales a realizarse en la Usina","og_url":"https:\/\/radioinfinitagoya.com.ar\/v1\/2025\/07\/26\/primer-bootcam-de-programacion-y-habilidades-digitales\/","og_site_name":"Radio Infinita Goya","article_publisher":"https:\/\/www.facebook.com\/p\/Infinita-Goya-100063870918311\/","article_published_time":"2025-07-26T21:33:15+00:00","og_image":[{"width":848,"height":477,"url":"https:\/\/radioinfinitagoya.com.ar\/v1\/wp-content\/uploads\/2025\/07\/nota_luciano_rolonn.jpg","type":"image\/jpeg"}],"author":"Jorge Mi\u00f1o","twitter_card":"summary_large_image","twitter_misc":{"Escrito por":"Jorge Mi\u00f1o","Tiempo de lectura":"4 minutos"},"schema":{"@context":"https:\/\/schema.org","@graph":[{"@type":"Article","@id":"https:\/\/radioinfinitagoya.com.ar\/v1\/2025\/07\/26\/primer-bootcam-de-programacion-y-habilidades-digitales\/#article","isPartOf":{"@id":"https:\/\/radioinfinitagoya.com.ar\/v1\/2025\/07\/26\/primer-bootcam-de-programacion-y-habilidades-digitales\/"},"author":{"name":"Jorge Mi\u00f1o","@id":"https:\/\/radioinfinitagoya.com.ar\/v1\/#\/schema\/person\/d4cf9c413d4f6edb24aabdccab49ca4a"},"headline":"Primer BOOTCAM de programaci\u00f3n y habilidades digitales","datePublished":"2025-07-26T21:33:15+00:00","mainEntityOfPage":{"@id":"https:\/\/radioinfinitagoya.com.ar\/v1\/2025\/07\/26\/primer-bootcam-de-programacion-y-habilidades-digitales\/"},"wordCount":753,"publisher":{"@id":"https:\/\/radioinfinitagoya.com.ar\/v1\/#organization"},"image":{"@id":"https:\/\/radioinfinitagoya.com.ar\/v1\/2025\/07\/26\/primer-bootcam-de-programacion-y-habilidades-digitales\/#primaryimage"},"thumbnailUrl":"https:\/\/radioinfinitagoya.com.ar\/v1\/wp-content\/uploads\/2025\/07\/nota_luciano_rolonn.jpg","articleSection":["LOCALES"],"inLanguage":"es-AR"},{"@type":"WebPage","@id":"https:\/\/radioinfinitagoya.com.ar\/v1\/2025\/07\/26\/primer-bootcam-de-programacion-y-habilidades-digitales\/","url":"https:\/\/radioinfinitagoya.com.ar\/v1\/2025\/07\/26\/primer-bootcam-de-programacion-y-habilidades-digitales\/","name":"Primer BOOTCAM de programaci\u00f3n y habilidades digitales - Radio Infinita Goya","isPartOf":{"@id":"https:\/\/radioinfinitagoya.com.ar\/v1\/#website"},"primaryImageOfPage":{"@id":"https:\/\/radioinfinitagoya.com.ar\/v1\/2025\/07\/26\/primer-bootcam-de-programacion-y-habilidades-digitales\/#primaryimage"},"image":{"@id":"https:\/\/radioinfinitagoya.com.ar\/v1\/2025\/07\/26\/primer-bootcam-de-programacion-y-habilidades-digitales\/#primaryimage"},"thumbnailUrl":"https:\/\/radioinfinitagoya.com.ar\/v1\/wp-content\/uploads\/2025\/07\/nota_luciano_rolonn.jpg","datePublished":"2025-07-26T21:33:15+00:00","description":"El secretario de Modernizaci\u00f3n Luciano Rol\u00f3n se refiri\u00f3 este viernes a un entrenamiento en programaci\u00f3n y habilidades digitales a realizarse en la Usina","breadcrumb":{"@id":"https:\/\/radioinfinitagoya.com.ar\/v1\/2025\/07\/26\/primer-bootcam-de-programacion-y-habilidades-digitales\/#breadcrumb"},"inLanguage":"es-AR","potentialAction":[{"@type":"ReadAction","target":["https:\/\/radioinfinitagoya.com.ar\/v1\/2025\/07\/26\/primer-bootcam-de-programacion-y-habilidades-digitales\/"]}]},{"@type":"ImageObject","inLanguage":"es-AR","@id":"https:\/\/radioinfinitagoya.com.ar\/v1\/2025\/07\/26\/primer-bootcam-de-programacion-y-habilidades-digitales\/#primaryimage","url":"https:\/\/radioinfinitagoya.com.ar\/v1\/wp-content\/uploads\/2025\/07\/nota_luciano_rolonn.jpg","contentUrl":"https:\/\/radioinfinitagoya.com.ar\/v1\/wp-content\/uploads\/2025\/07\/nota_luciano_rolonn.jpg","width":848,"height":477},{"@type":"BreadcrumbList","@id":"https:\/\/radioinfinitagoya.com.ar\/v1\/2025\/07\/26\/primer-bootcam-de-programacion-y-habilidades-digitales\/#breadcrumb","itemListElement":[{"@type":"ListItem","position":1,"name":"Inicio","item":"https:\/\/radioinfinitagoya.com.ar\/v1\/"},{"@type":"ListItem","position":2,"name":"Primer BOOTCAM de programaci\u00f3n y habilidades digitales"}]},{"@type":"WebSite","@id":"https:\/\/radioinfinitagoya.com.ar\/v1\/#website","url":"https:\/\/radioinfinitagoya.com.ar\/v1\/","name":"radioinfinitagoya.com.ar","description":"Radio de noticias","publisher":{"@id":"https:\/\/radioinfinitagoya.com.ar\/v1\/#organization"},"potentialAction":[{"@type":"SearchAction","target":{"@type":"EntryPoint","urlTemplate":"https:\/\/radioinfinitagoya.com.ar\/v1\/?s={search_term_string}"},"query-input":{"@type":"PropertyValueSpecification","valueRequired":true,"valueName":"search_term_string"}}],"inLanguage":"es-AR"},{"@type":"Organization","@id":"https:\/\/radioinfinitagoya.com.ar\/v1\/#organization","name":"Radio Infinita Goya","url":"https:\/\/radioinfinitagoya.com.ar\/v1\/","logo":{"@type":"ImageObject","inLanguage":"es-AR","@id":"https:\/\/radioinfinitagoya.com.ar\/v1\/#\/schema\/logo\/image\/","url":"https:\/\/radioinfinitagoya.com.ar\/v1\/wp-content\/uploads\/2019\/11\/logo-pie-web.png","contentUrl":"https:\/\/radioinfinitagoya.com.ar\/v1\/wp-content\/uploads\/2019\/11\/logo-pie-web.png","width":635,"height":326,"caption":"Radio Infinita Goya"},"image":{"@id":"https:\/\/radioinfinitagoya.com.ar\/v1\/#\/schema\/logo\/image\/"},"sameAs":["https:\/\/www.facebook.com\/p\/Infinita-Goya-100063870918311\/"]},{"@type":"Person","@id":"https:\/\/radioinfinitagoya.com.ar\/v1\/#\/schema\/person\/d4cf9c413d4f6edb24aabdccab49ca4a","name":"Jorge Mi\u00f1o","image":{"@type":"ImageObject","inLanguage":"es-AR","@id":"https:\/\/secure.gravatar.com\/avatar\/910fcf6728fe95320e07a6643c1581fec1c7fc4bf8ae12e3d8f0d0373dc844be?s=96&d=mm&r=g","url":"https:\/\/secure.gravatar.com\/avatar\/910fcf6728fe95320e07a6643c1581fec1c7fc4bf8ae12e3d8f0d0373dc844be?s=96&d=mm&r=g","contentUrl":"https:\/\/secure.gravatar.com\/avatar\/910fcf6728fe95320e07a6643c1581fec1c7fc4bf8ae12e3d8f0d0373dc844be?s=96&d=mm&r=g","caption":"Jorge Mi\u00f1o"},"sameAs":["http:\/\/radioinfinitagoya.com.ar"]}]}},"_links":{"self":[{"href":"https:\/\/radioinfinitagoya.com.ar\/v1\/wp-json\/wp\/v2\/posts\/193400","targetHints":{"allow":["GET"]}}],"collection":[{"href":"https:\/\/radioinfinitagoya.com.ar\/v1\/wp-json\/wp\/v2\/posts"}],"about":[{"href":"https:\/\/radioinfinitagoya.com.ar\/v1\/wp-json\/wp\/v2\/types\/post"}],"author":[{"embeddable":true,"href":"https:\/\/radioinfinitagoya.com.ar\/v1\/wp-json\/wp\/v2\/users\/4"}],"replies":[{"embeddable":true,"href":"https:\/\/radioinfinitagoya.com.ar\/v1\/wp-json\/wp\/v2\/comments?post=193400"}],"version-history":[{"count":0,"href":"https:\/\/radioinfinitagoya.com.ar\/v1\/wp-json\/wp\/v2\/posts\/193400\/revisions"}],"wp:featuredmedia":[{"embeddable":true,"href":"https:\/\/radioinfinitagoya.com.ar\/v1\/wp-json\/wp\/v2\/media\/193401"}],"wp:attachment":[{"href":"https:\/\/radioinfinitagoya.com.ar\/v1\/wp-json\/wp\/v2\/media?parent=193400"}],"wp:term":[{"taxonomy":"category","embeddable":true,"href":"https:\/\/radioinfinitagoya.com.ar\/v1\/wp-json\/wp\/v2\/categories?post=193400"},{"taxonomy":"post_tag","embeddable":true,"href":"https:\/\/radioinfinitagoya.com.ar\/v1\/wp-json\/wp\/v2\/tags?post=193400"}],"curies":[{"name":"wp","href":"https:\/\/api.w.org\/{rel}","templated":true}]}}