{"id":193403,"date":"2025-07-26T18:36:05","date_gmt":"2025-07-26T21:36:05","guid":{"rendered":"https:\/\/radioinfinitagoya.com.ar\/v1\/?p=193403"},"modified":"2025-07-26T18:36:05","modified_gmt":"2025-07-26T21:36:05","slug":"ladrilleros-de-puerto-boca-agradecen-aporte-del-intendente","status":"publish","type":"post","link":"https:\/\/radioinfinitagoya.com.ar\/v1\/2025\/07\/26\/ladrilleros-de-puerto-boca-agradecen-aporte-del-intendente\/","title":{"rendered":"Ladrilleros de Puerto Boca agradecen aporte del Intendente"},"content":{"rendered":"<p>Lino \u201cchuli\u201d Pereyra y Juan Carlos \u201ctuto\u201d Osuna desarrollan el oficio de ladrillero. En Goya, seg\u00fan lo afirman ellos mismos, existen actualmente alrededor de 50 familias que se dedican a la producci\u00f3n de ladrillos, y otras tantas debieron dejar la actividad por las dificultades que acarrea no contar con las herramientas apropiadas. \u201cPasaron muchos pol\u00edticos que nos dijeron \u201cle vamos a dar una mano\u201d, pero no pasaba nada. Desde hace dos a\u00f1os el intendente (Mariano Hormaechea) nos est\u00e1 enviando la m\u00e1quina (retroexcavadora) para sacar tierra, y gracias a eso ahora tenemos la facilidad de tener la tierra al lado del pisadero\u201d, comentaron.<\/p>\n<p>Efectivamente, desde hace 2 a\u00f1os se viene realizando este trabajo. Tan cierto como que nunca antes ninguna gesti\u00f3n municipal realiz\u00f3 este tipo de gesti\u00f3n, consistente en ayuda a los emprendedores en la f\u00e1brica de ladrillos; una actividad tan a\u00f1eja como la historia misma de Goya.<\/p>\n<p>La ayuda consiste en el aporte de una m\u00e1quina para la extracci\u00f3n de tierra, lo que representa una maximizaci\u00f3n del tiempo que demanda la tarea. As\u00ed, lo que antes se concretaba en una semana, con esta maquinaria puede lograrse el mismo resultado en una hora de trabajo.<\/p>\n<p>Pereyra y Osuna explicaron entonces: \u201cEl proceso de la fabricaci\u00f3n del ladrillo comienza trayendo la tierra. Antes de tener la ayuda del intendente, acarre\u00e1bamos en carretilla esa tierra hasta el pisadero, para de ah\u00ed preparar el barro, la mezcla con el aserr\u00edn. Luego viene la parte del corte y el secado, que en invierno m\u00ednimo dura 2 meses. Luego la horneada que le decimos, la quema, para luego vender el ladrillo\u201d.<\/p>\n<p>Para el ladrillero es importante esta ayuda vinculada al trabajo, \u201cporque si llueve una semana no se puede trabajar un mes\u201d por las condiciones en que queda el terreno, explicaron los trabajadores. Ante una situaci\u00f3n como esta \u201cno est\u00e1 de m\u00e1s una ayuda de comestibles, por ejemplo, pero al tener la tierra a mano es mucho mejor para nosotros\u201d, mencionaron, dando cuenta el valor que significa la ayuda que fortalece la actividad laboral.<\/p>\n<p>Aclararon luego que la tierra la extraen de una zona baja, la necesaria para el ladrillo. \u201cNo todas sirven para hacer ladrillos, la arcillosa es la que sirve. Hay otras, pero muy arenosas y no sirve\u201d, dejaron en claro.<\/p>\n<p>Oportunamente el intendente Mariano Hormaechea se hab\u00eda reunido con los ladrilleros de Puerto Boca, se inform\u00f3, atendi\u00f3 a la realidad que se revelaba desde sus voces, los escuch\u00f3, se preocup\u00f3 y ocup\u00f3 para mejorar esta realidad que los propios trabajadores dieron a conocer. Destacando adem\u00e1s la valiosa intervenci\u00f3n de Guillermo Escobar para la concreci\u00f3n de esta reuni\u00f3n.<\/p>\n<p>Los productores explicaron la modalidad de trabajo, el tiempo que demanda y los riesgos a los que se enfrentan en la actividad, mencionando a modo de ejemplo que una simple lluvia puede inutilizar semanas de trabajo si no se toman los recaudos en tiempo y forma. Por todo ello es que agradecieron la ayuda que les viene brindando la municipalidad contribuyendo en la optimizaci\u00f3n de la sacrificada tarea que desarrollan. \u201cSolamente para comer alcanza, y si la temporada es buena\u201d, remarcaron.<\/p>\n<p>Cabe agregar que tambi\u00e9n se gestion\u00f3 ante el Ministerio de Desarrollo Social de la provincia, a trav\u00e9s del ministro Ad\u00e1n Gaya y luego del relevamiento efectuado, la asistencia con pl\u00e1sticos para cubrir el adobe y m\u00f3dulos alimentarios.<\/p>\n<p>Finalmente, Guillermo Escobar explic\u00f3 que la idea es que el ladrillero pueda avanzar, crecer en su actividad, de manera ordenada, gestionando la posibilidad de \u201ctener su boleta como corresponde\u201d, lo cual permitir\u00e1 incluso que la misma municipalidad pueda comprarles la producci\u00f3n de ladrillos cuando \u00e9sta requiera.<\/p>\n<p>Direcci\u00f3n de Prensa \u2013 Municipalidad de Goya<\/p>\n","protected":false},"excerpt":{"rendered":"<p>Lino \u201cchuli\u201d Pereyra y Juan Carlos \u201ctuto\u201d Osuna desarrollan el oficio de ladrillero. En Goya, seg\u00fan lo afirman ellos mismos, existen actualmente alrededor de 50 familias que se dedican a la producci\u00f3n de ladrillos, y otras tantas debieron dejar la actividad por las dificultades que acarrea no contar con las herramientas apropiadas. \u201cPasaron muchos pol\u00edticos [&hellip;]<\/p>\n","protected":false},"author":4,"featured_media":193404,"comment_status":"closed","ping_status":"closed","sticky":false,"template":"","format":"standard","meta":{"_joinchat":[],"footnotes":""},"categories":[27],"tags":[],"class_list":{"0":"post-193403","1":"post","2":"type-post","3":"status-publish","4":"format-standard","5":"has-post-thumbnail","7":"category-locales"},"yoast_head":"<!-- This site is optimized with the Yoast SEO plugin v27.2 - https:\/\/yoast.com\/product\/yoast-seo-wordpress\/ -->\n<title>Ladrilleros de Puerto Boca agradecen aporte del Intendente - Radio Infinita Goya<\/title>\n<meta name=\"description\" content=\"Lino \u201cchuli\u201d Pereyra y Juan Carlos \u201ctuto\u201d Osuna desarrollan el oficio de ladrillero. En Goya, seg\u00fan lo afirman ellos mismos, existen actualmente alrededor\" \/>\n<meta name=\"robots\" content=\"index, follow, max-snippet:-1, max-image-preview:large, max-video-preview:-1\" \/>\n<link rel=\"canonical\" href=\"https:\/\/radioinfinitagoya.com.ar\/v1\/2025\/07\/26\/ladrilleros-de-puerto-boca-agradecen-aporte-del-intendente\/\" \/>\n<meta property=\"og:locale\" content=\"es_ES\" \/>\n<meta property=\"og:type\" content=\"article\" \/>\n<meta property=\"og:title\" content=\"Ladrilleros de Puerto Boca agradecen aporte del Intendente - Radio Infinita Goya\" \/>\n<meta property=\"og:description\" content=\"Lino \u201cchuli\u201d Pereyra y Juan Carlos \u201ctuto\u201d Osuna desarrollan el oficio de ladrillero. En Goya, seg\u00fan lo afirman ellos mismos, existen actualmente alrededor\" \/>\n<meta property=\"og:url\" content=\"https:\/\/radioinfinitagoya.com.ar\/v1\/2025\/07\/26\/ladrilleros-de-puerto-boca-agradecen-aporte-del-intendente\/\" \/>\n<meta property=\"og:site_name\" content=\"Radio Infinita Goya\" \/>\n<meta property=\"article:publisher\" content=\"https:\/\/www.facebook.com\/p\/Infinita-Goya-100063870918311\/\" \/>\n<meta property=\"article:published_time\" content=\"2025-07-26T21:36:05+00:00\" \/>\n<meta property=\"og:image\" content=\"https:\/\/radioinfinitagoya.com.ar\/v1\/wp-content\/uploads\/2025\/07\/descarga-13-1.jpg\" \/>\n\t<meta property=\"og:image:width\" content=\"1440\" \/>\n\t<meta property=\"og:image:height\" content=\"953\" \/>\n\t<meta property=\"og:image:type\" content=\"image\/jpeg\" \/>\n<meta name=\"author\" content=\"Jorge Mi\u00f1o\" \/>\n<meta name=\"twitter:card\" content=\"summary_large_image\" \/>\n<meta name=\"twitter:label1\" content=\"Escrito por\" \/>\n\t<meta name=\"twitter:data1\" content=\"Jorge Mi\u00f1o\" \/>\n\t<meta name=\"twitter:label2\" content=\"Tiempo de lectura\" \/>\n\t<meta name=\"twitter:data2\" content=\"3 minutos\" \/>\n<script type=\"application\/ld+json\" class=\"yoast-schema-graph\">{\"@context\":\"https:\/\/schema.org\",\"@graph\":[{\"@type\":\"Article\",\"@id\":\"https:\/\/radioinfinitagoya.com.ar\/v1\/2025\/07\/26\/ladrilleros-de-puerto-boca-agradecen-aporte-del-intendente\/#article\",\"isPartOf\":{\"@id\":\"https:\/\/radioinfinitagoya.com.ar\/v1\/2025\/07\/26\/ladrilleros-de-puerto-boca-agradecen-aporte-del-intendente\/\"},\"author\":{\"name\":\"Jorge Mi\u00f1o\",\"@id\":\"https:\/\/radioinfinitagoya.com.ar\/v1\/#\/schema\/person\/d4cf9c413d4f6edb24aabdccab49ca4a\"},\"headline\":\"Ladrilleros de Puerto Boca agradecen aporte del Intendente\",\"datePublished\":\"2025-07-26T21:36:05+00:00\",\"mainEntityOfPage\":{\"@id\":\"https:\/\/radioinfinitagoya.com.ar\/v1\/2025\/07\/26\/ladrilleros-de-puerto-boca-agradecen-aporte-del-intendente\/\"},\"wordCount\":641,\"publisher\":{\"@id\":\"https:\/\/radioinfinitagoya.com.ar\/v1\/#organization\"},\"image\":{\"@id\":\"https:\/\/radioinfinitagoya.com.ar\/v1\/2025\/07\/26\/ladrilleros-de-puerto-boca-agradecen-aporte-del-intendente\/#primaryimage\"},\"thumbnailUrl\":\"https:\/\/radioinfinitagoya.com.ar\/v1\/wp-content\/uploads\/2025\/07\/descarga-13-1.jpg\",\"articleSection\":[\"LOCALES\"],\"inLanguage\":\"es-AR\"},{\"@type\":\"WebPage\",\"@id\":\"https:\/\/radioinfinitagoya.com.ar\/v1\/2025\/07\/26\/ladrilleros-de-puerto-boca-agradecen-aporte-del-intendente\/\",\"url\":\"https:\/\/radioinfinitagoya.com.ar\/v1\/2025\/07\/26\/ladrilleros-de-puerto-boca-agradecen-aporte-del-intendente\/\",\"name\":\"Ladrilleros de Puerto Boca agradecen aporte del Intendente - Radio Infinita Goya\",\"isPartOf\":{\"@id\":\"https:\/\/radioinfinitagoya.com.ar\/v1\/#website\"},\"primaryImageOfPage\":{\"@id\":\"https:\/\/radioinfinitagoya.com.ar\/v1\/2025\/07\/26\/ladrilleros-de-puerto-boca-agradecen-aporte-del-intendente\/#primaryimage\"},\"image\":{\"@id\":\"https:\/\/radioinfinitagoya.com.ar\/v1\/2025\/07\/26\/ladrilleros-de-puerto-boca-agradecen-aporte-del-intendente\/#primaryimage\"},\"thumbnailUrl\":\"https:\/\/radioinfinitagoya.com.ar\/v1\/wp-content\/uploads\/2025\/07\/descarga-13-1.jpg\",\"datePublished\":\"2025-07-26T21:36:05+00:00\",\"description\":\"Lino \u201cchuli\u201d Pereyra y Juan Carlos \u201ctuto\u201d Osuna desarrollan el oficio de ladrillero. En Goya, seg\u00fan lo afirman ellos mismos, existen actualmente alrededor\",\"breadcrumb\":{\"@id\":\"https:\/\/radioinfinitagoya.com.ar\/v1\/2025\/07\/26\/ladrilleros-de-puerto-boca-agradecen-aporte-del-intendente\/#breadcrumb\"},\"inLanguage\":\"es-AR\",\"potentialAction\":[{\"@type\":\"ReadAction\",\"target\":[\"https:\/\/radioinfinitagoya.com.ar\/v1\/2025\/07\/26\/ladrilleros-de-puerto-boca-agradecen-aporte-del-intendente\/\"]}]},{\"@type\":\"ImageObject\",\"inLanguage\":\"es-AR\",\"@id\":\"https:\/\/radioinfinitagoya.com.ar\/v1\/2025\/07\/26\/ladrilleros-de-puerto-boca-agradecen-aporte-del-intendente\/#primaryimage\",\"url\":\"https:\/\/radioinfinitagoya.com.ar\/v1\/wp-content\/uploads\/2025\/07\/descarga-13-1.jpg\",\"contentUrl\":\"https:\/\/radioinfinitagoya.com.ar\/v1\/wp-content\/uploads\/2025\/07\/descarga-13-1.jpg\",\"width\":1440,\"height\":953},{\"@type\":\"BreadcrumbList\",\"@id\":\"https:\/\/radioinfinitagoya.com.ar\/v1\/2025\/07\/26\/ladrilleros-de-puerto-boca-agradecen-aporte-del-intendente\/#breadcrumb\",\"itemListElement\":[{\"@type\":\"ListItem\",\"position\":1,\"name\":\"Inicio\",\"item\":\"https:\/\/radioinfinitagoya.com.ar\/v1\/\"},{\"@type\":\"ListItem\",\"position\":2,\"name\":\"Ladrilleros de Puerto Boca agradecen aporte del Intendente\"}]},{\"@type\":\"WebSite\",\"@id\":\"https:\/\/radioinfinitagoya.com.ar\/v1\/#website\",\"url\":\"https:\/\/radioinfinitagoya.com.ar\/v1\/\",\"name\":\"radioinfinitagoya.com.ar\",\"description\":\"Radio de noticias\",\"publisher\":{\"@id\":\"https:\/\/radioinfinitagoya.com.ar\/v1\/#organization\"},\"potentialAction\":[{\"@type\":\"SearchAction\",\"target\":{\"@type\":\"EntryPoint\",\"urlTemplate\":\"https:\/\/radioinfinitagoya.com.ar\/v1\/?s={search_term_string}\"},\"query-input\":{\"@type\":\"PropertyValueSpecification\",\"valueRequired\":true,\"valueName\":\"search_term_string\"}}],\"inLanguage\":\"es-AR\"},{\"@type\":\"Organization\",\"@id\":\"https:\/\/radioinfinitagoya.com.ar\/v1\/#organization\",\"name\":\"Radio Infinita Goya\",\"url\":\"https:\/\/radioinfinitagoya.com.ar\/v1\/\",\"logo\":{\"@type\":\"ImageObject\",\"inLanguage\":\"es-AR\",\"@id\":\"https:\/\/radioinfinitagoya.com.ar\/v1\/#\/schema\/logo\/image\/\",\"url\":\"https:\/\/radioinfinitagoya.com.ar\/v1\/wp-content\/uploads\/2019\/11\/logo-pie-web.png\",\"contentUrl\":\"https:\/\/radioinfinitagoya.com.ar\/v1\/wp-content\/uploads\/2019\/11\/logo-pie-web.png\",\"width\":635,\"height\":326,\"caption\":\"Radio Infinita Goya\"},\"image\":{\"@id\":\"https:\/\/radioinfinitagoya.com.ar\/v1\/#\/schema\/logo\/image\/\"},\"sameAs\":[\"https:\/\/www.facebook.com\/p\/Infinita-Goya-100063870918311\/\"]},{\"@type\":\"Person\",\"@id\":\"https:\/\/radioinfinitagoya.com.ar\/v1\/#\/schema\/person\/d4cf9c413d4f6edb24aabdccab49ca4a\",\"name\":\"Jorge Mi\u00f1o\",\"image\":{\"@type\":\"ImageObject\",\"inLanguage\":\"es-AR\",\"@id\":\"https:\/\/secure.gravatar.com\/avatar\/910fcf6728fe95320e07a6643c1581fec1c7fc4bf8ae12e3d8f0d0373dc844be?s=96&d=mm&r=g\",\"url\":\"https:\/\/secure.gravatar.com\/avatar\/910fcf6728fe95320e07a6643c1581fec1c7fc4bf8ae12e3d8f0d0373dc844be?s=96&d=mm&r=g\",\"contentUrl\":\"https:\/\/secure.gravatar.com\/avatar\/910fcf6728fe95320e07a6643c1581fec1c7fc4bf8ae12e3d8f0d0373dc844be?s=96&d=mm&r=g\",\"caption\":\"Jorge Mi\u00f1o\"},\"sameAs\":[\"http:\/\/radioinfinitagoya.com.ar\"]}]}<\/script>\n<!-- \/ Yoast SEO plugin. -->","yoast_head_json":{"title":"Ladrilleros de Puerto Boca agradecen aporte del Intendente - Radio Infinita Goya","description":"Lino \u201cchuli\u201d Pereyra y Juan Carlos \u201ctuto\u201d Osuna desarrollan el oficio de ladrillero. En Goya, seg\u00fan lo afirman ellos mismos, existen actualmente alrededor","robots":{"index":"index","follow":"follow","max-snippet":"max-snippet:-1","max-image-preview":"max-image-preview:large","max-video-preview":"max-video-preview:-1"},"canonical":"https:\/\/radioinfinitagoya.com.ar\/v1\/2025\/07\/26\/ladrilleros-de-puerto-boca-agradecen-aporte-del-intendente\/","og_locale":"es_ES","og_type":"article","og_title":"Ladrilleros de Puerto Boca agradecen aporte del Intendente - Radio Infinita Goya","og_description":"Lino \u201cchuli\u201d Pereyra y Juan Carlos \u201ctuto\u201d Osuna desarrollan el oficio de ladrillero. En Goya, seg\u00fan lo afirman ellos mismos, existen actualmente alrededor","og_url":"https:\/\/radioinfinitagoya.com.ar\/v1\/2025\/07\/26\/ladrilleros-de-puerto-boca-agradecen-aporte-del-intendente\/","og_site_name":"Radio Infinita Goya","article_publisher":"https:\/\/www.facebook.com\/p\/Infinita-Goya-100063870918311\/","article_published_time":"2025-07-26T21:36:05+00:00","og_image":[{"width":1440,"height":953,"url":"https:\/\/radioinfinitagoya.com.ar\/v1\/wp-content\/uploads\/2025\/07\/descarga-13-1.jpg","type":"image\/jpeg"}],"author":"Jorge Mi\u00f1o","twitter_card":"summary_large_image","twitter_misc":{"Escrito por":"Jorge Mi\u00f1o","Tiempo de lectura":"3 minutos"},"schema":{"@context":"https:\/\/schema.org","@graph":[{"@type":"Article","@id":"https:\/\/radioinfinitagoya.com.ar\/v1\/2025\/07\/26\/ladrilleros-de-puerto-boca-agradecen-aporte-del-intendente\/#article","isPartOf":{"@id":"https:\/\/radioinfinitagoya.com.ar\/v1\/2025\/07\/26\/ladrilleros-de-puerto-boca-agradecen-aporte-del-intendente\/"},"author":{"name":"Jorge Mi\u00f1o","@id":"https:\/\/radioinfinitagoya.com.ar\/v1\/#\/schema\/person\/d4cf9c413d4f6edb24aabdccab49ca4a"},"headline":"Ladrilleros de Puerto Boca agradecen aporte del Intendente","datePublished":"2025-07-26T21:36:05+00:00","mainEntityOfPage":{"@id":"https:\/\/radioinfinitagoya.com.ar\/v1\/2025\/07\/26\/ladrilleros-de-puerto-boca-agradecen-aporte-del-intendente\/"},"wordCount":641,"publisher":{"@id":"https:\/\/radioinfinitagoya.com.ar\/v1\/#organization"},"image":{"@id":"https:\/\/radioinfinitagoya.com.ar\/v1\/2025\/07\/26\/ladrilleros-de-puerto-boca-agradecen-aporte-del-intendente\/#primaryimage"},"thumbnailUrl":"https:\/\/radioinfinitagoya.com.ar\/v1\/wp-content\/uploads\/2025\/07\/descarga-13-1.jpg","articleSection":["LOCALES"],"inLanguage":"es-AR"},{"@type":"WebPage","@id":"https:\/\/radioinfinitagoya.com.ar\/v1\/2025\/07\/26\/ladrilleros-de-puerto-boca-agradecen-aporte-del-intendente\/","url":"https:\/\/radioinfinitagoya.com.ar\/v1\/2025\/07\/26\/ladrilleros-de-puerto-boca-agradecen-aporte-del-intendente\/","name":"Ladrilleros de Puerto Boca agradecen aporte del Intendente - Radio Infinita Goya","isPartOf":{"@id":"https:\/\/radioinfinitagoya.com.ar\/v1\/#website"},"primaryImageOfPage":{"@id":"https:\/\/radioinfinitagoya.com.ar\/v1\/2025\/07\/26\/ladrilleros-de-puerto-boca-agradecen-aporte-del-intendente\/#primaryimage"},"image":{"@id":"https:\/\/radioinfinitagoya.com.ar\/v1\/2025\/07\/26\/ladrilleros-de-puerto-boca-agradecen-aporte-del-intendente\/#primaryimage"},"thumbnailUrl":"https:\/\/radioinfinitagoya.com.ar\/v1\/wp-content\/uploads\/2025\/07\/descarga-13-1.jpg","datePublished":"2025-07-26T21:36:05+00:00","description":"Lino \u201cchuli\u201d Pereyra y Juan Carlos \u201ctuto\u201d Osuna desarrollan el oficio de ladrillero. En Goya, seg\u00fan lo afirman ellos mismos, existen actualmente alrededor","breadcrumb":{"@id":"https:\/\/radioinfinitagoya.com.ar\/v1\/2025\/07\/26\/ladrilleros-de-puerto-boca-agradecen-aporte-del-intendente\/#breadcrumb"},"inLanguage":"es-AR","potentialAction":[{"@type":"ReadAction","target":["https:\/\/radioinfinitagoya.com.ar\/v1\/2025\/07\/26\/ladrilleros-de-puerto-boca-agradecen-aporte-del-intendente\/"]}]},{"@type":"ImageObject","inLanguage":"es-AR","@id":"https:\/\/radioinfinitagoya.com.ar\/v1\/2025\/07\/26\/ladrilleros-de-puerto-boca-agradecen-aporte-del-intendente\/#primaryimage","url":"https:\/\/radioinfinitagoya.com.ar\/v1\/wp-content\/uploads\/2025\/07\/descarga-13-1.jpg","contentUrl":"https:\/\/radioinfinitagoya.com.ar\/v1\/wp-content\/uploads\/2025\/07\/descarga-13-1.jpg","width":1440,"height":953},{"@type":"BreadcrumbList","@id":"https:\/\/radioinfinitagoya.com.ar\/v1\/2025\/07\/26\/ladrilleros-de-puerto-boca-agradecen-aporte-del-intendente\/#breadcrumb","itemListElement":[{"@type":"ListItem","position":1,"name":"Inicio","item":"https:\/\/radioinfinitagoya.com.ar\/v1\/"},{"@type":"ListItem","position":2,"name":"Ladrilleros de Puerto Boca agradecen aporte del Intendente"}]},{"@type":"WebSite","@id":"https:\/\/radioinfinitagoya.com.ar\/v1\/#website","url":"https:\/\/radioinfinitagoya.com.ar\/v1\/","name":"radioinfinitagoya.com.ar","description":"Radio de noticias","publisher":{"@id":"https:\/\/radioinfinitagoya.com.ar\/v1\/#organization"},"potentialAction":[{"@type":"SearchAction","target":{"@type":"EntryPoint","urlTemplate":"https:\/\/radioinfinitagoya.com.ar\/v1\/?s={search_term_string}"},"query-input":{"@type":"PropertyValueSpecification","valueRequired":true,"valueName":"search_term_string"}}],"inLanguage":"es-AR"},{"@type":"Organization","@id":"https:\/\/radioinfinitagoya.com.ar\/v1\/#organization","name":"Radio Infinita Goya","url":"https:\/\/radioinfinitagoya.com.ar\/v1\/","logo":{"@type":"ImageObject","inLanguage":"es-AR","@id":"https:\/\/radioinfinitagoya.com.ar\/v1\/#\/schema\/logo\/image\/","url":"https:\/\/radioinfinitagoya.com.ar\/v1\/wp-content\/uploads\/2019\/11\/logo-pie-web.png","contentUrl":"https:\/\/radioinfinitagoya.com.ar\/v1\/wp-content\/uploads\/2019\/11\/logo-pie-web.png","width":635,"height":326,"caption":"Radio Infinita Goya"},"image":{"@id":"https:\/\/radioinfinitagoya.com.ar\/v1\/#\/schema\/logo\/image\/"},"sameAs":["https:\/\/www.facebook.com\/p\/Infinita-Goya-100063870918311\/"]},{"@type":"Person","@id":"https:\/\/radioinfinitagoya.com.ar\/v1\/#\/schema\/person\/d4cf9c413d4f6edb24aabdccab49ca4a","name":"Jorge Mi\u00f1o","image":{"@type":"ImageObject","inLanguage":"es-AR","@id":"https:\/\/secure.gravatar.com\/avatar\/910fcf6728fe95320e07a6643c1581fec1c7fc4bf8ae12e3d8f0d0373dc844be?s=96&d=mm&r=g","url":"https:\/\/secure.gravatar.com\/avatar\/910fcf6728fe95320e07a6643c1581fec1c7fc4bf8ae12e3d8f0d0373dc844be?s=96&d=mm&r=g","contentUrl":"https:\/\/secure.gravatar.com\/avatar\/910fcf6728fe95320e07a6643c1581fec1c7fc4bf8ae12e3d8f0d0373dc844be?s=96&d=mm&r=g","caption":"Jorge Mi\u00f1o"},"sameAs":["http:\/\/radioinfinitagoya.com.ar"]}]}},"_links":{"self":[{"href":"https:\/\/radioinfinitagoya.com.ar\/v1\/wp-json\/wp\/v2\/posts\/193403","targetHints":{"allow":["GET"]}}],"collection":[{"href":"https:\/\/radioinfinitagoya.com.ar\/v1\/wp-json\/wp\/v2\/posts"}],"about":[{"href":"https:\/\/radioinfinitagoya.com.ar\/v1\/wp-json\/wp\/v2\/types\/post"}],"author":[{"embeddable":true,"href":"https:\/\/radioinfinitagoya.com.ar\/v1\/wp-json\/wp\/v2\/users\/4"}],"replies":[{"embeddable":true,"href":"https:\/\/radioinfinitagoya.com.ar\/v1\/wp-json\/wp\/v2\/comments?post=193403"}],"version-history":[{"count":0,"href":"https:\/\/radioinfinitagoya.com.ar\/v1\/wp-json\/wp\/v2\/posts\/193403\/revisions"}],"wp:featuredmedia":[{"embeddable":true,"href":"https:\/\/radioinfinitagoya.com.ar\/v1\/wp-json\/wp\/v2\/media\/193404"}],"wp:attachment":[{"href":"https:\/\/radioinfinitagoya.com.ar\/v1\/wp-json\/wp\/v2\/media?parent=193403"}],"wp:term":[{"taxonomy":"category","embeddable":true,"href":"https:\/\/radioinfinitagoya.com.ar\/v1\/wp-json\/wp\/v2\/categories?post=193403"},{"taxonomy":"post_tag","embeddable":true,"href":"https:\/\/radioinfinitagoya.com.ar\/v1\/wp-json\/wp\/v2\/tags?post=193403"}],"curies":[{"name":"wp","href":"https:\/\/api.w.org\/{rel}","templated":true}]}}