{"id":193423,"date":"2025-07-27T18:13:01","date_gmt":"2025-07-27T21:13:01","guid":{"rendered":"https:\/\/radioinfinitagoya.com.ar\/v1\/?p=193423"},"modified":"2025-07-27T18:13:01","modified_gmt":"2025-07-27T21:13:01","slug":"el-correntino-benjamin-fernandez-se-consagro-campeon-mundial-de-taekwondo-itf","status":"publish","type":"post","link":"https:\/\/radioinfinitagoya.com.ar\/v1\/2025\/07\/27\/el-correntino-benjamin-fernandez-se-consagro-campeon-mundial-de-taekwondo-itf\/","title":{"rendered":"El correntino Benjam\u00edn Fern\u00e1ndez se consagr\u00f3 campe\u00f3n mundial de Taekwondo ITF"},"content":{"rendered":"<p>El joven de 17 a\u00f1os brill\u00f3 en el Mundial de Barcelona 2025, trayendo cinco medallas para Corrientes. Su profesor, Lautaro Romero del Castillo hablo con El Litoral sobre este logro.<\/p>\n<p>Benjam\u00edn Romero Fern\u00e1ndez sali\u00f3 campe\u00f3n del Mundial de Taekwondo ITF Barcelona 2025, Espa\u00f1a. El joven forma parte del equipo de competencia de Lautaro Romero del Castillo.<\/p>\n<p>Fern\u00e1ndez tiene 17 a\u00f1os y compiti\u00f3 en la categor\u00eda Dan hasta 65 kg., ganando en lucha y con el equipo en la selecci\u00f3n en lucha tambi\u00e9n; subcampe\u00f3n en Formas y subcampe\u00f3n en rotura de poder y habilidad. Desde Espa\u00f1a trae cinco medallas para Corrientes.<\/p>\n<p>El instructor de Yaguaret\u00e9 Team, Lautaro Romero del Castillo, habl\u00f3 con El Litoral y comento al respecto que &#8220;hace un a\u00f1o y medio que nos venimos preparando para este mundial&#8221;, y agreg\u00f3 que &#8220;clasificar en Argentina es muy complicado por el hecho de que tenemos muchos competidores y de muy buen nivel&#8221;.<\/p>\n<p>Romero del Castillo compiti\u00f3 junto a su alumno pero en la categor\u00eda adultos pero perdi\u00f3 en la segunda ronda.<\/p>\n<p>Lautaro dijo que &#8220;en lo personal, tambi\u00e9n me esforc\u00e9 mucho porque ven\u00eda en busca de mi segundo campeonato mundial pero esta vez no se pudo dar&#8221;, y destac\u00f3 que &#8220;estoy contento por mi alumno porque hay un semillero muy lindo, mis alumnos vienen creciendo un mont\u00f3n&#8221;.<\/p>\n<p>&#8220;Tener mi primer alumno en un mundial y que se haya coronado campe\u00f3n, no tiene explicaci\u00f3n&#8221;, dijo Lautaro sobre Benjam\u00edn; &#8220;s\u00e9 todo lo que se esforz\u00f3 para lograrlo&#8221;, concluy\u00f3.<\/p>\n","protected":false},"excerpt":{"rendered":"<p>El joven de 17 a\u00f1os brill\u00f3 en el Mundial de Barcelona 2025, trayendo cinco medallas para Corrientes. Su profesor, Lautaro Romero del Castillo hablo con El Litoral sobre este logro. Benjam\u00edn Romero Fern\u00e1ndez sali\u00f3 campe\u00f3n del Mundial de Taekwondo ITF Barcelona 2025, Espa\u00f1a. El joven forma parte del equipo de competencia de Lautaro Romero del [&hellip;]<\/p>\n","protected":false},"author":4,"featured_media":193424,"comment_status":"closed","ping_status":"closed","sticky":false,"template":"","format":"standard","meta":{"_joinchat":[],"footnotes":""},"categories":[28],"tags":[],"class_list":{"0":"post-193423","1":"post","2":"type-post","3":"status-publish","4":"format-standard","5":"has-post-thumbnail","7":"category-deportes"},"yoast_head":"<!-- This site is optimized with the Yoast SEO plugin v27.2 - https:\/\/yoast.com\/product\/yoast-seo-wordpress\/ -->\n<title>El correntino Benjam\u00edn Fern\u00e1ndez se consagr\u00f3 campe\u00f3n mundial de Taekwondo ITF - Radio Infinita Goya<\/title>\n<meta name=\"description\" content=\"El joven de 17 a\u00f1os brill\u00f3 en el Mundial de Barcelona 2025, trayendo cinco medallas para Corrientes. Su profesor, Lautaro Romero del Castillo hablo con El\" \/>\n<meta name=\"robots\" content=\"index, follow, max-snippet:-1, max-image-preview:large, max-video-preview:-1\" \/>\n<link rel=\"canonical\" href=\"https:\/\/radioinfinitagoya.com.ar\/v1\/2025\/07\/27\/el-correntino-benjamin-fernandez-se-consagro-campeon-mundial-de-taekwondo-itf\/\" \/>\n<meta property=\"og:locale\" content=\"es_ES\" \/>\n<meta property=\"og:type\" content=\"article\" \/>\n<meta property=\"og:title\" content=\"El correntino Benjam\u00edn Fern\u00e1ndez se consagr\u00f3 campe\u00f3n mundial de Taekwondo ITF - Radio Infinita Goya\" \/>\n<meta property=\"og:description\" content=\"El joven de 17 a\u00f1os brill\u00f3 en el Mundial de Barcelona 2025, trayendo cinco medallas para Corrientes. Su profesor, Lautaro Romero del Castillo hablo con El\" \/>\n<meta property=\"og:url\" content=\"https:\/\/radioinfinitagoya.com.ar\/v1\/2025\/07\/27\/el-correntino-benjamin-fernandez-se-consagro-campeon-mundial-de-taekwondo-itf\/\" \/>\n<meta property=\"og:site_name\" content=\"Radio Infinita Goya\" \/>\n<meta property=\"article:publisher\" content=\"https:\/\/www.facebook.com\/p\/Infinita-Goya-100063870918311\/\" \/>\n<meta property=\"article:published_time\" content=\"2025-07-27T21:13:01+00:00\" \/>\n<meta property=\"og:image\" content=\"https:\/\/radioinfinitagoya.com.ar\/v1\/wp-content\/uploads\/2025\/07\/1753632445203.webp\" \/>\n\t<meta property=\"og:image:width\" content=\"1200\" \/>\n\t<meta property=\"og:image:height\" content=\"675\" \/>\n\t<meta property=\"og:image:type\" content=\"image\/webp\" \/>\n<meta name=\"author\" content=\"Jorge Mi\u00f1o\" \/>\n<meta name=\"twitter:card\" content=\"summary_large_image\" \/>\n<meta name=\"twitter:label1\" content=\"Escrito por\" \/>\n\t<meta name=\"twitter:data1\" content=\"Jorge Mi\u00f1o\" \/>\n\t<meta name=\"twitter:label2\" content=\"Tiempo de lectura\" \/>\n\t<meta name=\"twitter:data2\" content=\"2 minutos\" \/>\n<script type=\"application\/ld+json\" class=\"yoast-schema-graph\">{\"@context\":\"https:\/\/schema.org\",\"@graph\":[{\"@type\":\"Article\",\"@id\":\"https:\/\/radioinfinitagoya.com.ar\/v1\/2025\/07\/27\/el-correntino-benjamin-fernandez-se-consagro-campeon-mundial-de-taekwondo-itf\/#article\",\"isPartOf\":{\"@id\":\"https:\/\/radioinfinitagoya.com.ar\/v1\/2025\/07\/27\/el-correntino-benjamin-fernandez-se-consagro-campeon-mundial-de-taekwondo-itf\/\"},\"author\":{\"name\":\"Jorge Mi\u00f1o\",\"@id\":\"https:\/\/radioinfinitagoya.com.ar\/v1\/#\/schema\/person\/d4cf9c413d4f6edb24aabdccab49ca4a\"},\"headline\":\"El correntino Benjam\u00edn Fern\u00e1ndez se consagr\u00f3 campe\u00f3n mundial de Taekwondo ITF\",\"datePublished\":\"2025-07-27T21:13:01+00:00\",\"mainEntityOfPage\":{\"@id\":\"https:\/\/radioinfinitagoya.com.ar\/v1\/2025\/07\/27\/el-correntino-benjamin-fernandez-se-consagro-campeon-mundial-de-taekwondo-itf\/\"},\"wordCount\":276,\"publisher\":{\"@id\":\"https:\/\/radioinfinitagoya.com.ar\/v1\/#organization\"},\"image\":{\"@id\":\"https:\/\/radioinfinitagoya.com.ar\/v1\/2025\/07\/27\/el-correntino-benjamin-fernandez-se-consagro-campeon-mundial-de-taekwondo-itf\/#primaryimage\"},\"thumbnailUrl\":\"https:\/\/radioinfinitagoya.com.ar\/v1\/wp-content\/uploads\/2025\/07\/1753632445203.webp\",\"articleSection\":[\"DEPORTES\"],\"inLanguage\":\"es-AR\"},{\"@type\":\"WebPage\",\"@id\":\"https:\/\/radioinfinitagoya.com.ar\/v1\/2025\/07\/27\/el-correntino-benjamin-fernandez-se-consagro-campeon-mundial-de-taekwondo-itf\/\",\"url\":\"https:\/\/radioinfinitagoya.com.ar\/v1\/2025\/07\/27\/el-correntino-benjamin-fernandez-se-consagro-campeon-mundial-de-taekwondo-itf\/\",\"name\":\"El correntino Benjam\u00edn Fern\u00e1ndez se consagr\u00f3 campe\u00f3n mundial de Taekwondo ITF - Radio Infinita Goya\",\"isPartOf\":{\"@id\":\"https:\/\/radioinfinitagoya.com.ar\/v1\/#website\"},\"primaryImageOfPage\":{\"@id\":\"https:\/\/radioinfinitagoya.com.ar\/v1\/2025\/07\/27\/el-correntino-benjamin-fernandez-se-consagro-campeon-mundial-de-taekwondo-itf\/#primaryimage\"},\"image\":{\"@id\":\"https:\/\/radioinfinitagoya.com.ar\/v1\/2025\/07\/27\/el-correntino-benjamin-fernandez-se-consagro-campeon-mundial-de-taekwondo-itf\/#primaryimage\"},\"thumbnailUrl\":\"https:\/\/radioinfinitagoya.com.ar\/v1\/wp-content\/uploads\/2025\/07\/1753632445203.webp\",\"datePublished\":\"2025-07-27T21:13:01+00:00\",\"description\":\"El joven de 17 a\u00f1os brill\u00f3 en el Mundial de Barcelona 2025, trayendo cinco medallas para Corrientes. Su profesor, Lautaro Romero del Castillo hablo con El\",\"breadcrumb\":{\"@id\":\"https:\/\/radioinfinitagoya.com.ar\/v1\/2025\/07\/27\/el-correntino-benjamin-fernandez-se-consagro-campeon-mundial-de-taekwondo-itf\/#breadcrumb\"},\"inLanguage\":\"es-AR\",\"potentialAction\":[{\"@type\":\"ReadAction\",\"target\":[\"https:\/\/radioinfinitagoya.com.ar\/v1\/2025\/07\/27\/el-correntino-benjamin-fernandez-se-consagro-campeon-mundial-de-taekwondo-itf\/\"]}]},{\"@type\":\"ImageObject\",\"inLanguage\":\"es-AR\",\"@id\":\"https:\/\/radioinfinitagoya.com.ar\/v1\/2025\/07\/27\/el-correntino-benjamin-fernandez-se-consagro-campeon-mundial-de-taekwondo-itf\/#primaryimage\",\"url\":\"https:\/\/radioinfinitagoya.com.ar\/v1\/wp-content\/uploads\/2025\/07\/1753632445203.webp\",\"contentUrl\":\"https:\/\/radioinfinitagoya.com.ar\/v1\/wp-content\/uploads\/2025\/07\/1753632445203.webp\",\"width\":1200,\"height\":675},{\"@type\":\"BreadcrumbList\",\"@id\":\"https:\/\/radioinfinitagoya.com.ar\/v1\/2025\/07\/27\/el-correntino-benjamin-fernandez-se-consagro-campeon-mundial-de-taekwondo-itf\/#breadcrumb\",\"itemListElement\":[{\"@type\":\"ListItem\",\"position\":1,\"name\":\"Inicio\",\"item\":\"https:\/\/radioinfinitagoya.com.ar\/v1\/\"},{\"@type\":\"ListItem\",\"position\":2,\"name\":\"El correntino Benjam\u00edn Fern\u00e1ndez se consagr\u00f3 campe\u00f3n mundial de Taekwondo ITF\"}]},{\"@type\":\"WebSite\",\"@id\":\"https:\/\/radioinfinitagoya.com.ar\/v1\/#website\",\"url\":\"https:\/\/radioinfinitagoya.com.ar\/v1\/\",\"name\":\"radioinfinitagoya.com.ar\",\"description\":\"Radio de noticias\",\"publisher\":{\"@id\":\"https:\/\/radioinfinitagoya.com.ar\/v1\/#organization\"},\"potentialAction\":[{\"@type\":\"SearchAction\",\"target\":{\"@type\":\"EntryPoint\",\"urlTemplate\":\"https:\/\/radioinfinitagoya.com.ar\/v1\/?s={search_term_string}\"},\"query-input\":{\"@type\":\"PropertyValueSpecification\",\"valueRequired\":true,\"valueName\":\"search_term_string\"}}],\"inLanguage\":\"es-AR\"},{\"@type\":\"Organization\",\"@id\":\"https:\/\/radioinfinitagoya.com.ar\/v1\/#organization\",\"name\":\"Radio Infinita Goya\",\"url\":\"https:\/\/radioinfinitagoya.com.ar\/v1\/\",\"logo\":{\"@type\":\"ImageObject\",\"inLanguage\":\"es-AR\",\"@id\":\"https:\/\/radioinfinitagoya.com.ar\/v1\/#\/schema\/logo\/image\/\",\"url\":\"https:\/\/radioinfinitagoya.com.ar\/v1\/wp-content\/uploads\/2019\/11\/logo-pie-web.png\",\"contentUrl\":\"https:\/\/radioinfinitagoya.com.ar\/v1\/wp-content\/uploads\/2019\/11\/logo-pie-web.png\",\"width\":635,\"height\":326,\"caption\":\"Radio Infinita Goya\"},\"image\":{\"@id\":\"https:\/\/radioinfinitagoya.com.ar\/v1\/#\/schema\/logo\/image\/\"},\"sameAs\":[\"https:\/\/www.facebook.com\/p\/Infinita-Goya-100063870918311\/\"]},{\"@type\":\"Person\",\"@id\":\"https:\/\/radioinfinitagoya.com.ar\/v1\/#\/schema\/person\/d4cf9c413d4f6edb24aabdccab49ca4a\",\"name\":\"Jorge Mi\u00f1o\",\"image\":{\"@type\":\"ImageObject\",\"inLanguage\":\"es-AR\",\"@id\":\"https:\/\/secure.gravatar.com\/avatar\/910fcf6728fe95320e07a6643c1581fec1c7fc4bf8ae12e3d8f0d0373dc844be?s=96&d=mm&r=g\",\"url\":\"https:\/\/secure.gravatar.com\/avatar\/910fcf6728fe95320e07a6643c1581fec1c7fc4bf8ae12e3d8f0d0373dc844be?s=96&d=mm&r=g\",\"contentUrl\":\"https:\/\/secure.gravatar.com\/avatar\/910fcf6728fe95320e07a6643c1581fec1c7fc4bf8ae12e3d8f0d0373dc844be?s=96&d=mm&r=g\",\"caption\":\"Jorge Mi\u00f1o\"},\"sameAs\":[\"http:\/\/radioinfinitagoya.com.ar\"]}]}<\/script>\n<!-- \/ Yoast SEO plugin. -->","yoast_head_json":{"title":"El correntino Benjam\u00edn Fern\u00e1ndez se consagr\u00f3 campe\u00f3n mundial de Taekwondo ITF - Radio Infinita Goya","description":"El joven de 17 a\u00f1os brill\u00f3 en el Mundial de Barcelona 2025, trayendo cinco medallas para Corrientes. Su profesor, Lautaro Romero del Castillo hablo con El","robots":{"index":"index","follow":"follow","max-snippet":"max-snippet:-1","max-image-preview":"max-image-preview:large","max-video-preview":"max-video-preview:-1"},"canonical":"https:\/\/radioinfinitagoya.com.ar\/v1\/2025\/07\/27\/el-correntino-benjamin-fernandez-se-consagro-campeon-mundial-de-taekwondo-itf\/","og_locale":"es_ES","og_type":"article","og_title":"El correntino Benjam\u00edn Fern\u00e1ndez se consagr\u00f3 campe\u00f3n mundial de Taekwondo ITF - Radio Infinita Goya","og_description":"El joven de 17 a\u00f1os brill\u00f3 en el Mundial de Barcelona 2025, trayendo cinco medallas para Corrientes. Su profesor, Lautaro Romero del Castillo hablo con El","og_url":"https:\/\/radioinfinitagoya.com.ar\/v1\/2025\/07\/27\/el-correntino-benjamin-fernandez-se-consagro-campeon-mundial-de-taekwondo-itf\/","og_site_name":"Radio Infinita Goya","article_publisher":"https:\/\/www.facebook.com\/p\/Infinita-Goya-100063870918311\/","article_published_time":"2025-07-27T21:13:01+00:00","og_image":[{"width":1200,"height":675,"url":"https:\/\/radioinfinitagoya.com.ar\/v1\/wp-content\/uploads\/2025\/07\/1753632445203.webp","type":"image\/webp"}],"author":"Jorge Mi\u00f1o","twitter_card":"summary_large_image","twitter_misc":{"Escrito por":"Jorge Mi\u00f1o","Tiempo de lectura":"2 minutos"},"schema":{"@context":"https:\/\/schema.org","@graph":[{"@type":"Article","@id":"https:\/\/radioinfinitagoya.com.ar\/v1\/2025\/07\/27\/el-correntino-benjamin-fernandez-se-consagro-campeon-mundial-de-taekwondo-itf\/#article","isPartOf":{"@id":"https:\/\/radioinfinitagoya.com.ar\/v1\/2025\/07\/27\/el-correntino-benjamin-fernandez-se-consagro-campeon-mundial-de-taekwondo-itf\/"},"author":{"name":"Jorge Mi\u00f1o","@id":"https:\/\/radioinfinitagoya.com.ar\/v1\/#\/schema\/person\/d4cf9c413d4f6edb24aabdccab49ca4a"},"headline":"El correntino Benjam\u00edn Fern\u00e1ndez se consagr\u00f3 campe\u00f3n mundial de Taekwondo ITF","datePublished":"2025-07-27T21:13:01+00:00","mainEntityOfPage":{"@id":"https:\/\/radioinfinitagoya.com.ar\/v1\/2025\/07\/27\/el-correntino-benjamin-fernandez-se-consagro-campeon-mundial-de-taekwondo-itf\/"},"wordCount":276,"publisher":{"@id":"https:\/\/radioinfinitagoya.com.ar\/v1\/#organization"},"image":{"@id":"https:\/\/radioinfinitagoya.com.ar\/v1\/2025\/07\/27\/el-correntino-benjamin-fernandez-se-consagro-campeon-mundial-de-taekwondo-itf\/#primaryimage"},"thumbnailUrl":"https:\/\/radioinfinitagoya.com.ar\/v1\/wp-content\/uploads\/2025\/07\/1753632445203.webp","articleSection":["DEPORTES"],"inLanguage":"es-AR"},{"@type":"WebPage","@id":"https:\/\/radioinfinitagoya.com.ar\/v1\/2025\/07\/27\/el-correntino-benjamin-fernandez-se-consagro-campeon-mundial-de-taekwondo-itf\/","url":"https:\/\/radioinfinitagoya.com.ar\/v1\/2025\/07\/27\/el-correntino-benjamin-fernandez-se-consagro-campeon-mundial-de-taekwondo-itf\/","name":"El correntino Benjam\u00edn Fern\u00e1ndez se consagr\u00f3 campe\u00f3n mundial de Taekwondo ITF - Radio Infinita Goya","isPartOf":{"@id":"https:\/\/radioinfinitagoya.com.ar\/v1\/#website"},"primaryImageOfPage":{"@id":"https:\/\/radioinfinitagoya.com.ar\/v1\/2025\/07\/27\/el-correntino-benjamin-fernandez-se-consagro-campeon-mundial-de-taekwondo-itf\/#primaryimage"},"image":{"@id":"https:\/\/radioinfinitagoya.com.ar\/v1\/2025\/07\/27\/el-correntino-benjamin-fernandez-se-consagro-campeon-mundial-de-taekwondo-itf\/#primaryimage"},"thumbnailUrl":"https:\/\/radioinfinitagoya.com.ar\/v1\/wp-content\/uploads\/2025\/07\/1753632445203.webp","datePublished":"2025-07-27T21:13:01+00:00","description":"El joven de 17 a\u00f1os brill\u00f3 en el Mundial de Barcelona 2025, trayendo cinco medallas para Corrientes. Su profesor, Lautaro Romero del Castillo hablo con El","breadcrumb":{"@id":"https:\/\/radioinfinitagoya.com.ar\/v1\/2025\/07\/27\/el-correntino-benjamin-fernandez-se-consagro-campeon-mundial-de-taekwondo-itf\/#breadcrumb"},"inLanguage":"es-AR","potentialAction":[{"@type":"ReadAction","target":["https:\/\/radioinfinitagoya.com.ar\/v1\/2025\/07\/27\/el-correntino-benjamin-fernandez-se-consagro-campeon-mundial-de-taekwondo-itf\/"]}]},{"@type":"ImageObject","inLanguage":"es-AR","@id":"https:\/\/radioinfinitagoya.com.ar\/v1\/2025\/07\/27\/el-correntino-benjamin-fernandez-se-consagro-campeon-mundial-de-taekwondo-itf\/#primaryimage","url":"https:\/\/radioinfinitagoya.com.ar\/v1\/wp-content\/uploads\/2025\/07\/1753632445203.webp","contentUrl":"https:\/\/radioinfinitagoya.com.ar\/v1\/wp-content\/uploads\/2025\/07\/1753632445203.webp","width":1200,"height":675},{"@type":"BreadcrumbList","@id":"https:\/\/radioinfinitagoya.com.ar\/v1\/2025\/07\/27\/el-correntino-benjamin-fernandez-se-consagro-campeon-mundial-de-taekwondo-itf\/#breadcrumb","itemListElement":[{"@type":"ListItem","position":1,"name":"Inicio","item":"https:\/\/radioinfinitagoya.com.ar\/v1\/"},{"@type":"ListItem","position":2,"name":"El correntino Benjam\u00edn Fern\u00e1ndez se consagr\u00f3 campe\u00f3n mundial de Taekwondo ITF"}]},{"@type":"WebSite","@id":"https:\/\/radioinfinitagoya.com.ar\/v1\/#website","url":"https:\/\/radioinfinitagoya.com.ar\/v1\/","name":"radioinfinitagoya.com.ar","description":"Radio de noticias","publisher":{"@id":"https:\/\/radioinfinitagoya.com.ar\/v1\/#organization"},"potentialAction":[{"@type":"SearchAction","target":{"@type":"EntryPoint","urlTemplate":"https:\/\/radioinfinitagoya.com.ar\/v1\/?s={search_term_string}"},"query-input":{"@type":"PropertyValueSpecification","valueRequired":true,"valueName":"search_term_string"}}],"inLanguage":"es-AR"},{"@type":"Organization","@id":"https:\/\/radioinfinitagoya.com.ar\/v1\/#organization","name":"Radio Infinita Goya","url":"https:\/\/radioinfinitagoya.com.ar\/v1\/","logo":{"@type":"ImageObject","inLanguage":"es-AR","@id":"https:\/\/radioinfinitagoya.com.ar\/v1\/#\/schema\/logo\/image\/","url":"https:\/\/radioinfinitagoya.com.ar\/v1\/wp-content\/uploads\/2019\/11\/logo-pie-web.png","contentUrl":"https:\/\/radioinfinitagoya.com.ar\/v1\/wp-content\/uploads\/2019\/11\/logo-pie-web.png","width":635,"height":326,"caption":"Radio Infinita Goya"},"image":{"@id":"https:\/\/radioinfinitagoya.com.ar\/v1\/#\/schema\/logo\/image\/"},"sameAs":["https:\/\/www.facebook.com\/p\/Infinita-Goya-100063870918311\/"]},{"@type":"Person","@id":"https:\/\/radioinfinitagoya.com.ar\/v1\/#\/schema\/person\/d4cf9c413d4f6edb24aabdccab49ca4a","name":"Jorge Mi\u00f1o","image":{"@type":"ImageObject","inLanguage":"es-AR","@id":"https:\/\/secure.gravatar.com\/avatar\/910fcf6728fe95320e07a6643c1581fec1c7fc4bf8ae12e3d8f0d0373dc844be?s=96&d=mm&r=g","url":"https:\/\/secure.gravatar.com\/avatar\/910fcf6728fe95320e07a6643c1581fec1c7fc4bf8ae12e3d8f0d0373dc844be?s=96&d=mm&r=g","contentUrl":"https:\/\/secure.gravatar.com\/avatar\/910fcf6728fe95320e07a6643c1581fec1c7fc4bf8ae12e3d8f0d0373dc844be?s=96&d=mm&r=g","caption":"Jorge Mi\u00f1o"},"sameAs":["http:\/\/radioinfinitagoya.com.ar"]}]}},"_links":{"self":[{"href":"https:\/\/radioinfinitagoya.com.ar\/v1\/wp-json\/wp\/v2\/posts\/193423","targetHints":{"allow":["GET"]}}],"collection":[{"href":"https:\/\/radioinfinitagoya.com.ar\/v1\/wp-json\/wp\/v2\/posts"}],"about":[{"href":"https:\/\/radioinfinitagoya.com.ar\/v1\/wp-json\/wp\/v2\/types\/post"}],"author":[{"embeddable":true,"href":"https:\/\/radioinfinitagoya.com.ar\/v1\/wp-json\/wp\/v2\/users\/4"}],"replies":[{"embeddable":true,"href":"https:\/\/radioinfinitagoya.com.ar\/v1\/wp-json\/wp\/v2\/comments?post=193423"}],"version-history":[{"count":0,"href":"https:\/\/radioinfinitagoya.com.ar\/v1\/wp-json\/wp\/v2\/posts\/193423\/revisions"}],"wp:featuredmedia":[{"embeddable":true,"href":"https:\/\/radioinfinitagoya.com.ar\/v1\/wp-json\/wp\/v2\/media\/193424"}],"wp:attachment":[{"href":"https:\/\/radioinfinitagoya.com.ar\/v1\/wp-json\/wp\/v2\/media?parent=193423"}],"wp:term":[{"taxonomy":"category","embeddable":true,"href":"https:\/\/radioinfinitagoya.com.ar\/v1\/wp-json\/wp\/v2\/categories?post=193423"},{"taxonomy":"post_tag","embeddable":true,"href":"https:\/\/radioinfinitagoya.com.ar\/v1\/wp-json\/wp\/v2\/tags?post=193423"}],"curies":[{"name":"wp","href":"https:\/\/api.w.org\/{rel}","templated":true}]}}