{"id":193426,"date":"2025-07-27T18:17:03","date_gmt":"2025-07-27T21:17:03","guid":{"rendered":"https:\/\/radioinfinitagoya.com.ar\/v1\/?p=193426"},"modified":"2025-07-27T18:17:03","modified_gmt":"2025-07-27T21:17:03","slug":"el-gobierno-iniciara-el-proceso-para-que-los-argentinos-puedan-entrar-a-ee-uu-sin-visa","status":"publish","type":"post","link":"https:\/\/radioinfinitagoya.com.ar\/v1\/2025\/07\/27\/el-gobierno-iniciara-el-proceso-para-que-los-argentinos-puedan-entrar-a-ee-uu-sin-visa\/","title":{"rendered":"El Gobierno iniciar\u00e1 el proceso para que los argentinos puedan entrar a EE.UU. sin visa"},"content":{"rendered":"<p>El gobierno de Javier Milei negocia con el de Donald Trump un acuerdo para que los argentinos ya no necesiten visa para ingresar a los Estados Unidos, un beneficio que el pa\u00eds ya tuvo en la d\u00e9cada del 90.<\/p>\n<p>Fuentes oficiales confirmaron a Infobae que en las pr\u00f3ximas horas se definir\u00e1 si se trata de un memor\u00e1ndum de entendimiento o de una carta de intenci\u00f3n. La diferencia no es menor, ya que la segunda posibilidad implica una serie de requisitos que el pa\u00eds debe cumplir antes de obtener el beneficio.<\/p>\n<p>La negociaci\u00f3n coincide con la llegada al pa\u00eds de Kristi Noem, secretaria del Homeland Security, el departamento de Seguridad de Estados Unidos. Funcionaria clave para Trump, tiene previsto reunirse con el presidente Javier Milei y con la ministra de Seguridad, Patricia Bullrich.<\/p>\n<p>Noem es quien encabeza la lucha contra los inmigrantes irregulares en su pa\u00eds y est\u00e1 a cargo de la detecci\u00f3n y deportaci\u00f3n de los mismos, que es uno de los principales pilares de la gesti\u00f3n Trump y es ejecutado por el Servicio de Inmigraci\u00f3n y Control de Aduanas y la Oficina de Aduanas y Protecci\u00f3n Fronteriza.<\/p>\n<p>Puntualmente, el objetivo final es que la Argentina vuelva a ingresar al Programa Visa Waiver, que les permite a los ciudadanos de un determinado lugar ingresar a los Estados Unidos por turismo o negocios hasta por 90 d\u00edas sin que tengan que contar en el pasaporte con este documento.<\/p>\n<p>En 1996, durante el segundo gobierno de Carlos Menem, los pa\u00edses ya hab\u00edan alcanzado un acuerdo similar, en ese caso con la gesti\u00f3n de Bill Clinton, pero el beneficio se suspendi\u00f3 en el 2002, en medio de la crisis econ\u00f3mica que surgi\u00f3 a nivel local.<\/p>\n<p>\u201cApreciamos el liderazgo de Argentina en seguridad regional, sobre todo en la lucha contra el crimen organizado, el narcotr\u00e1fico, y la trata de personas. Hoy tuve el gusto de reunirme con la Ministra de Seguridad, Patricia Bullrich, para conversar sobre c\u00f3mo EEUU y Argentina pueden profundizar nuestra cooperaci\u00f3n en estas \u00e1reas para avanzar la seguridad y la prosperidad de Argentina, EEUU, y de toda la regi\u00f3n\u201d, escribi\u00f3 hace algunos d\u00edas en su cuenta de X Heidi G\u00f3mez R\u00e1palo, la nueva Encargada de Negocios norteamericana en Buenos Aires.<\/p>\n<p>La negociaci\u00f3n para flexibilizar el tr\u00e1nsito migratorio entre los dos pa\u00edses es un nuevo gesto de cercan\u00eda entre Milei y los republicanos, que est\u00e1n implementando restricciones m\u00e1s duras en este \u00e1mbito para el resto de las regiones.<\/p>\n<p>De hecho, recientemente la administraci\u00f3n de Trump inform\u00f3 que una nueva tarifa de 250 d\u00f3lares ser\u00e1 exigida a la mayor\u00eda de los solicitantes de visas no inmigrantes para ingresar a los Estados Unidos, tras la aprobaci\u00f3n de la ley denominada One Big Beautiful Bill Act, impulsada por su gobierno.<\/p>\n<p>La medida, oficialmente conocida como \u201cvisa integrity fee\u201d, fue confirmada por el Departamento de Seguridad Nacional (DHS, por sus siglas en ingl\u00e9s) y aplicar\u00e1 a casi todos los pa\u00edses que no forman parte del Programa de Exenci\u00f3n de Visas (VWP, por sus siglas en ingl\u00e9s).<\/p>\n<p>La tarifa ser\u00e1 cobrada en el momento de la emisi\u00f3n de la visa y afectar\u00e1 a quienes soliciten visados de turismo (B-2), negocios (B-1), estudios (F-1), trabajo temporal (H-1B) y programas de intercambio (J-1), entre otros. El DHS confirm\u00f3 que el cobro representa el m\u00ednimo legal establecido para el a\u00f1o fiscal 2025, aunque la misma dependencia podr\u00e1 aumentarlo mediante procesos de reglamentaci\u00f3n en el futuro.<\/p>\n<p>Pese a que la legislaci\u00f3n contempla la posibilidad de reembolsar el pago al finalizar la vigencia del visado, el procedimiento a\u00fan no ha sido definido y est\u00e1 condicionado al cumplimiento de requisitos estrictos, lo que, en la pr\u00e1ctica, hace que la tarifa sea no recuperable.<\/p>\n<p>El nuevo visa integrity fee ser\u00e1 obligatorio para los solicitantes de pa\u00edses como M\u00e9xico, India, Brasil, Nigeria, Rusia, Sud\u00e1frica, Filipinas, China y Pakist\u00e1n, adem\u00e1s de casi todos los pa\u00edses de \u00c1frica y Medio Oriente.<\/p>\n<p>Desde mayo pasado, la embajada estadounidense en la Argentina implement\u00f3 algunas modificaciones en el tr\u00e1mite para la solicitud de la visa que buscaron optimizar el sistema de entrevistas consulares y desalentar el uso de intermediarios o gestores en un tr\u00e1mite que es estrictamente personal.<\/p>\n","protected":false},"excerpt":{"rendered":"<p>El gobierno de Javier Milei negocia con el de Donald Trump un acuerdo para que los argentinos ya no necesiten visa para ingresar a los Estados Unidos, un beneficio que el pa\u00eds ya tuvo en la d\u00e9cada del 90. Fuentes oficiales confirmaron a Infobae que en las pr\u00f3ximas horas se definir\u00e1 si se trata de [&hellip;]<\/p>\n","protected":false},"author":4,"featured_media":193427,"comment_status":"closed","ping_status":"closed","sticky":false,"template":"","format":"standard","meta":{"_joinchat":[],"footnotes":""},"categories":[29],"tags":[],"class_list":{"0":"post-193426","1":"post","2":"type-post","3":"status-publish","4":"format-standard","5":"has-post-thumbnail","7":"category-nacionales"},"yoast_head":"<!-- This site is optimized with the Yoast SEO plugin v27.2 - https:\/\/yoast.com\/product\/yoast-seo-wordpress\/ -->\n<title>El Gobierno iniciar\u00e1 el proceso para que los argentinos puedan entrar a EE.UU. sin visa - Radio Infinita Goya<\/title>\n<meta name=\"description\" content=\"El gobierno de Javier Milei negocia con el de Donald Trump un acuerdo para que los argentinos ya no necesiten visa para ingresar a los Estados Unidos, un\" \/>\n<meta name=\"robots\" content=\"index, follow, max-snippet:-1, max-image-preview:large, max-video-preview:-1\" \/>\n<link rel=\"canonical\" href=\"https:\/\/radioinfinitagoya.com.ar\/v1\/2025\/07\/27\/el-gobierno-iniciara-el-proceso-para-que-los-argentinos-puedan-entrar-a-ee-uu-sin-visa\/\" \/>\n<meta property=\"og:locale\" content=\"es_ES\" \/>\n<meta property=\"og:type\" content=\"article\" \/>\n<meta property=\"og:title\" content=\"El Gobierno iniciar\u00e1 el proceso para que los argentinos puedan entrar a EE.UU. sin visa - Radio Infinita Goya\" \/>\n<meta property=\"og:description\" content=\"El gobierno de Javier Milei negocia con el de Donald Trump un acuerdo para que los argentinos ya no necesiten visa para ingresar a los Estados Unidos, un\" \/>\n<meta property=\"og:url\" content=\"https:\/\/radioinfinitagoya.com.ar\/v1\/2025\/07\/27\/el-gobierno-iniciara-el-proceso-para-que-los-argentinos-puedan-entrar-a-ee-uu-sin-visa\/\" \/>\n<meta property=\"og:site_name\" content=\"Radio Infinita Goya\" \/>\n<meta property=\"article:publisher\" content=\"https:\/\/www.facebook.com\/p\/Infinita-Goya-100063870918311\/\" \/>\n<meta property=\"article:published_time\" content=\"2025-07-27T21:17:03+00:00\" \/>\n<meta property=\"og:image\" content=\"https:\/\/radioinfinitagoya.com.ar\/v1\/wp-content\/uploads\/2025\/07\/Gwo88XiWcAAoR_6.jpg\" \/>\n\t<meta property=\"og:image:width\" content=\"680\" \/>\n\t<meta property=\"og:image:height\" content=\"507\" \/>\n\t<meta property=\"og:image:type\" content=\"image\/jpeg\" \/>\n<meta name=\"author\" content=\"Jorge Mi\u00f1o\" \/>\n<meta name=\"twitter:card\" content=\"summary_large_image\" \/>\n<meta name=\"twitter:label1\" content=\"Escrito por\" \/>\n\t<meta name=\"twitter:data1\" content=\"Jorge Mi\u00f1o\" \/>\n\t<meta name=\"twitter:label2\" content=\"Tiempo de lectura\" \/>\n\t<meta name=\"twitter:data2\" content=\"4 minutos\" \/>\n<script type=\"application\/ld+json\" class=\"yoast-schema-graph\">{\"@context\":\"https:\/\/schema.org\",\"@graph\":[{\"@type\":\"Article\",\"@id\":\"https:\/\/radioinfinitagoya.com.ar\/v1\/2025\/07\/27\/el-gobierno-iniciara-el-proceso-para-que-los-argentinos-puedan-entrar-a-ee-uu-sin-visa\/#article\",\"isPartOf\":{\"@id\":\"https:\/\/radioinfinitagoya.com.ar\/v1\/2025\/07\/27\/el-gobierno-iniciara-el-proceso-para-que-los-argentinos-puedan-entrar-a-ee-uu-sin-visa\/\"},\"author\":{\"name\":\"Jorge Mi\u00f1o\",\"@id\":\"https:\/\/radioinfinitagoya.com.ar\/v1\/#\/schema\/person\/d4cf9c413d4f6edb24aabdccab49ca4a\"},\"headline\":\"El Gobierno iniciar\u00e1 el proceso para que los argentinos puedan entrar a EE.UU. sin visa\",\"datePublished\":\"2025-07-27T21:17:03+00:00\",\"mainEntityOfPage\":{\"@id\":\"https:\/\/radioinfinitagoya.com.ar\/v1\/2025\/07\/27\/el-gobierno-iniciara-el-proceso-para-que-los-argentinos-puedan-entrar-a-ee-uu-sin-visa\/\"},\"wordCount\":754,\"publisher\":{\"@id\":\"https:\/\/radioinfinitagoya.com.ar\/v1\/#organization\"},\"image\":{\"@id\":\"https:\/\/radioinfinitagoya.com.ar\/v1\/2025\/07\/27\/el-gobierno-iniciara-el-proceso-para-que-los-argentinos-puedan-entrar-a-ee-uu-sin-visa\/#primaryimage\"},\"thumbnailUrl\":\"https:\/\/radioinfinitagoya.com.ar\/v1\/wp-content\/uploads\/2025\/07\/Gwo88XiWcAAoR_6.jpg\",\"articleSection\":[\"NACIONALES\"],\"inLanguage\":\"es-AR\"},{\"@type\":\"WebPage\",\"@id\":\"https:\/\/radioinfinitagoya.com.ar\/v1\/2025\/07\/27\/el-gobierno-iniciara-el-proceso-para-que-los-argentinos-puedan-entrar-a-ee-uu-sin-visa\/\",\"url\":\"https:\/\/radioinfinitagoya.com.ar\/v1\/2025\/07\/27\/el-gobierno-iniciara-el-proceso-para-que-los-argentinos-puedan-entrar-a-ee-uu-sin-visa\/\",\"name\":\"El Gobierno iniciar\u00e1 el proceso para que los argentinos puedan entrar a EE.UU. sin visa - Radio Infinita Goya\",\"isPartOf\":{\"@id\":\"https:\/\/radioinfinitagoya.com.ar\/v1\/#website\"},\"primaryImageOfPage\":{\"@id\":\"https:\/\/radioinfinitagoya.com.ar\/v1\/2025\/07\/27\/el-gobierno-iniciara-el-proceso-para-que-los-argentinos-puedan-entrar-a-ee-uu-sin-visa\/#primaryimage\"},\"image\":{\"@id\":\"https:\/\/radioinfinitagoya.com.ar\/v1\/2025\/07\/27\/el-gobierno-iniciara-el-proceso-para-que-los-argentinos-puedan-entrar-a-ee-uu-sin-visa\/#primaryimage\"},\"thumbnailUrl\":\"https:\/\/radioinfinitagoya.com.ar\/v1\/wp-content\/uploads\/2025\/07\/Gwo88XiWcAAoR_6.jpg\",\"datePublished\":\"2025-07-27T21:17:03+00:00\",\"description\":\"El gobierno de Javier Milei negocia con el de Donald Trump un acuerdo para que los argentinos ya no necesiten visa para ingresar a los Estados Unidos, un\",\"breadcrumb\":{\"@id\":\"https:\/\/radioinfinitagoya.com.ar\/v1\/2025\/07\/27\/el-gobierno-iniciara-el-proceso-para-que-los-argentinos-puedan-entrar-a-ee-uu-sin-visa\/#breadcrumb\"},\"inLanguage\":\"es-AR\",\"potentialAction\":[{\"@type\":\"ReadAction\",\"target\":[\"https:\/\/radioinfinitagoya.com.ar\/v1\/2025\/07\/27\/el-gobierno-iniciara-el-proceso-para-que-los-argentinos-puedan-entrar-a-ee-uu-sin-visa\/\"]}]},{\"@type\":\"ImageObject\",\"inLanguage\":\"es-AR\",\"@id\":\"https:\/\/radioinfinitagoya.com.ar\/v1\/2025\/07\/27\/el-gobierno-iniciara-el-proceso-para-que-los-argentinos-puedan-entrar-a-ee-uu-sin-visa\/#primaryimage\",\"url\":\"https:\/\/radioinfinitagoya.com.ar\/v1\/wp-content\/uploads\/2025\/07\/Gwo88XiWcAAoR_6.jpg\",\"contentUrl\":\"https:\/\/radioinfinitagoya.com.ar\/v1\/wp-content\/uploads\/2025\/07\/Gwo88XiWcAAoR_6.jpg\",\"width\":680,\"height\":507},{\"@type\":\"BreadcrumbList\",\"@id\":\"https:\/\/radioinfinitagoya.com.ar\/v1\/2025\/07\/27\/el-gobierno-iniciara-el-proceso-para-que-los-argentinos-puedan-entrar-a-ee-uu-sin-visa\/#breadcrumb\",\"itemListElement\":[{\"@type\":\"ListItem\",\"position\":1,\"name\":\"Inicio\",\"item\":\"https:\/\/radioinfinitagoya.com.ar\/v1\/\"},{\"@type\":\"ListItem\",\"position\":2,\"name\":\"El Gobierno iniciar\u00e1 el proceso para que los argentinos puedan entrar a EE.UU. sin visa\"}]},{\"@type\":\"WebSite\",\"@id\":\"https:\/\/radioinfinitagoya.com.ar\/v1\/#website\",\"url\":\"https:\/\/radioinfinitagoya.com.ar\/v1\/\",\"name\":\"radioinfinitagoya.com.ar\",\"description\":\"Radio de noticias\",\"publisher\":{\"@id\":\"https:\/\/radioinfinitagoya.com.ar\/v1\/#organization\"},\"potentialAction\":[{\"@type\":\"SearchAction\",\"target\":{\"@type\":\"EntryPoint\",\"urlTemplate\":\"https:\/\/radioinfinitagoya.com.ar\/v1\/?s={search_term_string}\"},\"query-input\":{\"@type\":\"PropertyValueSpecification\",\"valueRequired\":true,\"valueName\":\"search_term_string\"}}],\"inLanguage\":\"es-AR\"},{\"@type\":\"Organization\",\"@id\":\"https:\/\/radioinfinitagoya.com.ar\/v1\/#organization\",\"name\":\"Radio Infinita Goya\",\"url\":\"https:\/\/radioinfinitagoya.com.ar\/v1\/\",\"logo\":{\"@type\":\"ImageObject\",\"inLanguage\":\"es-AR\",\"@id\":\"https:\/\/radioinfinitagoya.com.ar\/v1\/#\/schema\/logo\/image\/\",\"url\":\"https:\/\/radioinfinitagoya.com.ar\/v1\/wp-content\/uploads\/2019\/11\/logo-pie-web.png\",\"contentUrl\":\"https:\/\/radioinfinitagoya.com.ar\/v1\/wp-content\/uploads\/2019\/11\/logo-pie-web.png\",\"width\":635,\"height\":326,\"caption\":\"Radio Infinita Goya\"},\"image\":{\"@id\":\"https:\/\/radioinfinitagoya.com.ar\/v1\/#\/schema\/logo\/image\/\"},\"sameAs\":[\"https:\/\/www.facebook.com\/p\/Infinita-Goya-100063870918311\/\"]},{\"@type\":\"Person\",\"@id\":\"https:\/\/radioinfinitagoya.com.ar\/v1\/#\/schema\/person\/d4cf9c413d4f6edb24aabdccab49ca4a\",\"name\":\"Jorge Mi\u00f1o\",\"image\":{\"@type\":\"ImageObject\",\"inLanguage\":\"es-AR\",\"@id\":\"https:\/\/secure.gravatar.com\/avatar\/910fcf6728fe95320e07a6643c1581fec1c7fc4bf8ae12e3d8f0d0373dc844be?s=96&d=mm&r=g\",\"url\":\"https:\/\/secure.gravatar.com\/avatar\/910fcf6728fe95320e07a6643c1581fec1c7fc4bf8ae12e3d8f0d0373dc844be?s=96&d=mm&r=g\",\"contentUrl\":\"https:\/\/secure.gravatar.com\/avatar\/910fcf6728fe95320e07a6643c1581fec1c7fc4bf8ae12e3d8f0d0373dc844be?s=96&d=mm&r=g\",\"caption\":\"Jorge Mi\u00f1o\"},\"sameAs\":[\"http:\/\/radioinfinitagoya.com.ar\"]}]}<\/script>\n<!-- \/ Yoast SEO plugin. -->","yoast_head_json":{"title":"El Gobierno iniciar\u00e1 el proceso para que los argentinos puedan entrar a EE.UU. sin visa - Radio Infinita Goya","description":"El gobierno de Javier Milei negocia con el de Donald Trump un acuerdo para que los argentinos ya no necesiten visa para ingresar a los Estados Unidos, un","robots":{"index":"index","follow":"follow","max-snippet":"max-snippet:-1","max-image-preview":"max-image-preview:large","max-video-preview":"max-video-preview:-1"},"canonical":"https:\/\/radioinfinitagoya.com.ar\/v1\/2025\/07\/27\/el-gobierno-iniciara-el-proceso-para-que-los-argentinos-puedan-entrar-a-ee-uu-sin-visa\/","og_locale":"es_ES","og_type":"article","og_title":"El Gobierno iniciar\u00e1 el proceso para que los argentinos puedan entrar a EE.UU. sin visa - Radio Infinita Goya","og_description":"El gobierno de Javier Milei negocia con el de Donald Trump un acuerdo para que los argentinos ya no necesiten visa para ingresar a los Estados Unidos, un","og_url":"https:\/\/radioinfinitagoya.com.ar\/v1\/2025\/07\/27\/el-gobierno-iniciara-el-proceso-para-que-los-argentinos-puedan-entrar-a-ee-uu-sin-visa\/","og_site_name":"Radio Infinita Goya","article_publisher":"https:\/\/www.facebook.com\/p\/Infinita-Goya-100063870918311\/","article_published_time":"2025-07-27T21:17:03+00:00","og_image":[{"width":680,"height":507,"url":"https:\/\/radioinfinitagoya.com.ar\/v1\/wp-content\/uploads\/2025\/07\/Gwo88XiWcAAoR_6.jpg","type":"image\/jpeg"}],"author":"Jorge Mi\u00f1o","twitter_card":"summary_large_image","twitter_misc":{"Escrito por":"Jorge Mi\u00f1o","Tiempo de lectura":"4 minutos"},"schema":{"@context":"https:\/\/schema.org","@graph":[{"@type":"Article","@id":"https:\/\/radioinfinitagoya.com.ar\/v1\/2025\/07\/27\/el-gobierno-iniciara-el-proceso-para-que-los-argentinos-puedan-entrar-a-ee-uu-sin-visa\/#article","isPartOf":{"@id":"https:\/\/radioinfinitagoya.com.ar\/v1\/2025\/07\/27\/el-gobierno-iniciara-el-proceso-para-que-los-argentinos-puedan-entrar-a-ee-uu-sin-visa\/"},"author":{"name":"Jorge Mi\u00f1o","@id":"https:\/\/radioinfinitagoya.com.ar\/v1\/#\/schema\/person\/d4cf9c413d4f6edb24aabdccab49ca4a"},"headline":"El Gobierno iniciar\u00e1 el proceso para que los argentinos puedan entrar a EE.UU. sin visa","datePublished":"2025-07-27T21:17:03+00:00","mainEntityOfPage":{"@id":"https:\/\/radioinfinitagoya.com.ar\/v1\/2025\/07\/27\/el-gobierno-iniciara-el-proceso-para-que-los-argentinos-puedan-entrar-a-ee-uu-sin-visa\/"},"wordCount":754,"publisher":{"@id":"https:\/\/radioinfinitagoya.com.ar\/v1\/#organization"},"image":{"@id":"https:\/\/radioinfinitagoya.com.ar\/v1\/2025\/07\/27\/el-gobierno-iniciara-el-proceso-para-que-los-argentinos-puedan-entrar-a-ee-uu-sin-visa\/#primaryimage"},"thumbnailUrl":"https:\/\/radioinfinitagoya.com.ar\/v1\/wp-content\/uploads\/2025\/07\/Gwo88XiWcAAoR_6.jpg","articleSection":["NACIONALES"],"inLanguage":"es-AR"},{"@type":"WebPage","@id":"https:\/\/radioinfinitagoya.com.ar\/v1\/2025\/07\/27\/el-gobierno-iniciara-el-proceso-para-que-los-argentinos-puedan-entrar-a-ee-uu-sin-visa\/","url":"https:\/\/radioinfinitagoya.com.ar\/v1\/2025\/07\/27\/el-gobierno-iniciara-el-proceso-para-que-los-argentinos-puedan-entrar-a-ee-uu-sin-visa\/","name":"El Gobierno iniciar\u00e1 el proceso para que los argentinos puedan entrar a EE.UU. sin visa - Radio Infinita Goya","isPartOf":{"@id":"https:\/\/radioinfinitagoya.com.ar\/v1\/#website"},"primaryImageOfPage":{"@id":"https:\/\/radioinfinitagoya.com.ar\/v1\/2025\/07\/27\/el-gobierno-iniciara-el-proceso-para-que-los-argentinos-puedan-entrar-a-ee-uu-sin-visa\/#primaryimage"},"image":{"@id":"https:\/\/radioinfinitagoya.com.ar\/v1\/2025\/07\/27\/el-gobierno-iniciara-el-proceso-para-que-los-argentinos-puedan-entrar-a-ee-uu-sin-visa\/#primaryimage"},"thumbnailUrl":"https:\/\/radioinfinitagoya.com.ar\/v1\/wp-content\/uploads\/2025\/07\/Gwo88XiWcAAoR_6.jpg","datePublished":"2025-07-27T21:17:03+00:00","description":"El gobierno de Javier Milei negocia con el de Donald Trump un acuerdo para que los argentinos ya no necesiten visa para ingresar a los Estados Unidos, un","breadcrumb":{"@id":"https:\/\/radioinfinitagoya.com.ar\/v1\/2025\/07\/27\/el-gobierno-iniciara-el-proceso-para-que-los-argentinos-puedan-entrar-a-ee-uu-sin-visa\/#breadcrumb"},"inLanguage":"es-AR","potentialAction":[{"@type":"ReadAction","target":["https:\/\/radioinfinitagoya.com.ar\/v1\/2025\/07\/27\/el-gobierno-iniciara-el-proceso-para-que-los-argentinos-puedan-entrar-a-ee-uu-sin-visa\/"]}]},{"@type":"ImageObject","inLanguage":"es-AR","@id":"https:\/\/radioinfinitagoya.com.ar\/v1\/2025\/07\/27\/el-gobierno-iniciara-el-proceso-para-que-los-argentinos-puedan-entrar-a-ee-uu-sin-visa\/#primaryimage","url":"https:\/\/radioinfinitagoya.com.ar\/v1\/wp-content\/uploads\/2025\/07\/Gwo88XiWcAAoR_6.jpg","contentUrl":"https:\/\/radioinfinitagoya.com.ar\/v1\/wp-content\/uploads\/2025\/07\/Gwo88XiWcAAoR_6.jpg","width":680,"height":507},{"@type":"BreadcrumbList","@id":"https:\/\/radioinfinitagoya.com.ar\/v1\/2025\/07\/27\/el-gobierno-iniciara-el-proceso-para-que-los-argentinos-puedan-entrar-a-ee-uu-sin-visa\/#breadcrumb","itemListElement":[{"@type":"ListItem","position":1,"name":"Inicio","item":"https:\/\/radioinfinitagoya.com.ar\/v1\/"},{"@type":"ListItem","position":2,"name":"El Gobierno iniciar\u00e1 el proceso para que los argentinos puedan entrar a EE.UU. sin visa"}]},{"@type":"WebSite","@id":"https:\/\/radioinfinitagoya.com.ar\/v1\/#website","url":"https:\/\/radioinfinitagoya.com.ar\/v1\/","name":"radioinfinitagoya.com.ar","description":"Radio de noticias","publisher":{"@id":"https:\/\/radioinfinitagoya.com.ar\/v1\/#organization"},"potentialAction":[{"@type":"SearchAction","target":{"@type":"EntryPoint","urlTemplate":"https:\/\/radioinfinitagoya.com.ar\/v1\/?s={search_term_string}"},"query-input":{"@type":"PropertyValueSpecification","valueRequired":true,"valueName":"search_term_string"}}],"inLanguage":"es-AR"},{"@type":"Organization","@id":"https:\/\/radioinfinitagoya.com.ar\/v1\/#organization","name":"Radio Infinita Goya","url":"https:\/\/radioinfinitagoya.com.ar\/v1\/","logo":{"@type":"ImageObject","inLanguage":"es-AR","@id":"https:\/\/radioinfinitagoya.com.ar\/v1\/#\/schema\/logo\/image\/","url":"https:\/\/radioinfinitagoya.com.ar\/v1\/wp-content\/uploads\/2019\/11\/logo-pie-web.png","contentUrl":"https:\/\/radioinfinitagoya.com.ar\/v1\/wp-content\/uploads\/2019\/11\/logo-pie-web.png","width":635,"height":326,"caption":"Radio Infinita Goya"},"image":{"@id":"https:\/\/radioinfinitagoya.com.ar\/v1\/#\/schema\/logo\/image\/"},"sameAs":["https:\/\/www.facebook.com\/p\/Infinita-Goya-100063870918311\/"]},{"@type":"Person","@id":"https:\/\/radioinfinitagoya.com.ar\/v1\/#\/schema\/person\/d4cf9c413d4f6edb24aabdccab49ca4a","name":"Jorge Mi\u00f1o","image":{"@type":"ImageObject","inLanguage":"es-AR","@id":"https:\/\/secure.gravatar.com\/avatar\/910fcf6728fe95320e07a6643c1581fec1c7fc4bf8ae12e3d8f0d0373dc844be?s=96&d=mm&r=g","url":"https:\/\/secure.gravatar.com\/avatar\/910fcf6728fe95320e07a6643c1581fec1c7fc4bf8ae12e3d8f0d0373dc844be?s=96&d=mm&r=g","contentUrl":"https:\/\/secure.gravatar.com\/avatar\/910fcf6728fe95320e07a6643c1581fec1c7fc4bf8ae12e3d8f0d0373dc844be?s=96&d=mm&r=g","caption":"Jorge Mi\u00f1o"},"sameAs":["http:\/\/radioinfinitagoya.com.ar"]}]}},"_links":{"self":[{"href":"https:\/\/radioinfinitagoya.com.ar\/v1\/wp-json\/wp\/v2\/posts\/193426","targetHints":{"allow":["GET"]}}],"collection":[{"href":"https:\/\/radioinfinitagoya.com.ar\/v1\/wp-json\/wp\/v2\/posts"}],"about":[{"href":"https:\/\/radioinfinitagoya.com.ar\/v1\/wp-json\/wp\/v2\/types\/post"}],"author":[{"embeddable":true,"href":"https:\/\/radioinfinitagoya.com.ar\/v1\/wp-json\/wp\/v2\/users\/4"}],"replies":[{"embeddable":true,"href":"https:\/\/radioinfinitagoya.com.ar\/v1\/wp-json\/wp\/v2\/comments?post=193426"}],"version-history":[{"count":0,"href":"https:\/\/radioinfinitagoya.com.ar\/v1\/wp-json\/wp\/v2\/posts\/193426\/revisions"}],"wp:featuredmedia":[{"embeddable":true,"href":"https:\/\/radioinfinitagoya.com.ar\/v1\/wp-json\/wp\/v2\/media\/193427"}],"wp:attachment":[{"href":"https:\/\/radioinfinitagoya.com.ar\/v1\/wp-json\/wp\/v2\/media?parent=193426"}],"wp:term":[{"taxonomy":"category","embeddable":true,"href":"https:\/\/radioinfinitagoya.com.ar\/v1\/wp-json\/wp\/v2\/categories?post=193426"},{"taxonomy":"post_tag","embeddable":true,"href":"https:\/\/radioinfinitagoya.com.ar\/v1\/wp-json\/wp\/v2\/tags?post=193426"}],"curies":[{"name":"wp","href":"https:\/\/api.w.org\/{rel}","templated":true}]}}