{"id":193429,"date":"2025-07-27T18:21:05","date_gmt":"2025-07-27T21:21:05","guid":{"rendered":"https:\/\/radioinfinitagoya.com.ar\/v1\/?p=193429"},"modified":"2025-07-27T18:21:05","modified_gmt":"2025-07-27T21:21:05","slug":"se-reprograma-el-recorrido-en-la-unidad-por-el-mal-tiempo","status":"publish","type":"post","link":"https:\/\/radioinfinitagoya.com.ar\/v1\/2025\/07\/27\/se-reprograma-el-recorrido-en-la-unidad-por-el-mal-tiempo\/","title":{"rendered":"Se reprograma el recorrido en &#8220;La Unidad&#8221; por el mal tiempo"},"content":{"rendered":"<p>La visita guiada fue postergada por cuestiones clim\u00e1ticas y se realizar\u00e1 el pr\u00f3ximo domingo. El recorrido incluye postas informativas, espacios l\u00fadicos y acceso a las obras del museo interactivo y el centro de ciencias.<\/p>\n<p>El recorrido en la ex Unidad Penal N\u00b01 fue suspendido por las condiciones clim\u00e1ticas de este domingo, as\u00ed lo informaron desde la cuenta oficial de &#8220;La Unidad&#8221;.<\/p>\n<p>Desde su red social, se inform\u00f3 que la actividad se reprogram\u00f3 para el domingo 3 de agosto.<\/p>\n<p>Cabe recordar que la propuesta incluye un recorrido guiado con postas informativas, espacios l\u00fadicos y activaciones interactivas, pensado para conectar el pasado de la antigua c\u00e1rcel, inaugurada a fines del siglo XIX, con el futuro de Corrientes en su bicentenario.<\/p>\n<p>Con un avance de obra que supera el 90% en algunos sectores y m\u00e1s del 60% en otros, se observar\u00e1n de cerca los avances del museo interactivo, el centro de ciencias &#8220;Corrientes a\u00f1o 600&#8221;, el polo gastron\u00f3mico y el centro comercial que contar\u00e1 con 44 locales.<\/p>\n<p>Bajo la coordinaci\u00f3n del Ministerio de la Secretar\u00eda General de Gobierno, 30 j\u00f3venes ser\u00e1n los gu\u00edas del circuito, el cual incluir\u00e1 entre 7 y 10 estaciones.<\/p>\n<p>Tambi\u00e9n se presentar\u00e1 el proyecto del futuro edificio de 20 pisos que funcionar\u00e1 como polo tecnol\u00f3gico, pensado para agrupar a empresas del sector p\u00fablico y privado, consolidando a Corrientes como un epicentro de innovaci\u00f3n en el norte argentino.<\/p>\n","protected":false},"excerpt":{"rendered":"<p>La visita guiada fue postergada por cuestiones clim\u00e1ticas y se realizar\u00e1 el pr\u00f3ximo domingo. El recorrido incluye postas informativas, espacios l\u00fadicos y acceso a las obras del museo interactivo y el centro de ciencias. El recorrido en la ex Unidad Penal N\u00b01 fue suspendido por las condiciones clim\u00e1ticas de este domingo, as\u00ed lo informaron desde [&hellip;]<\/p>\n","protected":false},"author":4,"featured_media":193430,"comment_status":"closed","ping_status":"closed","sticky":false,"template":"","format":"standard","meta":{"_joinchat":[],"footnotes":""},"categories":[26],"tags":[],"class_list":{"0":"post-193429","1":"post","2":"type-post","3":"status-publish","4":"format-standard","5":"has-post-thumbnail","7":"category-provinciales"},"yoast_head":"<!-- This site is optimized with the Yoast SEO plugin v27.2 - https:\/\/yoast.com\/product\/yoast-seo-wordpress\/ -->\n<title>Se reprograma el recorrido en &quot;La Unidad&quot; por el mal tiempo - Radio Infinita Goya<\/title>\n<meta name=\"description\" content=\"La visita guiada fue postergada por cuestiones clim\u00e1ticas y se realizar\u00e1 el pr\u00f3ximo domingo. El recorrido incluye postas informativas, espacios l\u00fadicos y\" \/>\n<meta name=\"robots\" content=\"index, follow, max-snippet:-1, max-image-preview:large, max-video-preview:-1\" \/>\n<link rel=\"canonical\" href=\"https:\/\/radioinfinitagoya.com.ar\/v1\/2025\/07\/27\/se-reprograma-el-recorrido-en-la-unidad-por-el-mal-tiempo\/\" \/>\n<meta property=\"og:locale\" content=\"es_ES\" \/>\n<meta property=\"og:type\" content=\"article\" \/>\n<meta property=\"og:title\" content=\"Se reprograma el recorrido en &quot;La Unidad&quot; por el mal tiempo - Radio Infinita Goya\" \/>\n<meta property=\"og:description\" content=\"La visita guiada fue postergada por cuestiones clim\u00e1ticas y se realizar\u00e1 el pr\u00f3ximo domingo. El recorrido incluye postas informativas, espacios l\u00fadicos y\" \/>\n<meta property=\"og:url\" content=\"https:\/\/radioinfinitagoya.com.ar\/v1\/2025\/07\/27\/se-reprograma-el-recorrido-en-la-unidad-por-el-mal-tiempo\/\" \/>\n<meta property=\"og:site_name\" content=\"Radio Infinita Goya\" \/>\n<meta property=\"article:publisher\" content=\"https:\/\/www.facebook.com\/p\/Infinita-Goya-100063870918311\/\" \/>\n<meta property=\"article:published_time\" content=\"2025-07-27T21:21:05+00:00\" \/>\n<meta property=\"og:image\" content=\"https:\/\/radioinfinitagoya.com.ar\/v1\/wp-content\/uploads\/2025\/07\/1753624558321.jpg\" \/>\n\t<meta property=\"og:image:width\" content=\"446\" \/>\n\t<meta property=\"og:image:height\" content=\"556\" \/>\n\t<meta property=\"og:image:type\" content=\"image\/jpeg\" \/>\n<meta name=\"author\" content=\"Jorge Mi\u00f1o\" \/>\n<meta name=\"twitter:card\" content=\"summary_large_image\" \/>\n<meta name=\"twitter:label1\" content=\"Escrito por\" \/>\n\t<meta name=\"twitter:data1\" content=\"Jorge Mi\u00f1o\" \/>\n\t<meta name=\"twitter:label2\" content=\"Tiempo de lectura\" \/>\n\t<meta name=\"twitter:data2\" content=\"2 minutos\" \/>\n<script type=\"application\/ld+json\" class=\"yoast-schema-graph\">{\"@context\":\"https:\/\/schema.org\",\"@graph\":[{\"@type\":\"Article\",\"@id\":\"https:\/\/radioinfinitagoya.com.ar\/v1\/2025\/07\/27\/se-reprograma-el-recorrido-en-la-unidad-por-el-mal-tiempo\/#article\",\"isPartOf\":{\"@id\":\"https:\/\/radioinfinitagoya.com.ar\/v1\/2025\/07\/27\/se-reprograma-el-recorrido-en-la-unidad-por-el-mal-tiempo\/\"},\"author\":{\"name\":\"Jorge Mi\u00f1o\",\"@id\":\"https:\/\/radioinfinitagoya.com.ar\/v1\/#\/schema\/person\/d4cf9c413d4f6edb24aabdccab49ca4a\"},\"headline\":\"Se reprograma el recorrido en &#8220;La Unidad&#8221; por el mal tiempo\",\"datePublished\":\"2025-07-27T21:21:05+00:00\",\"mainEntityOfPage\":{\"@id\":\"https:\/\/radioinfinitagoya.com.ar\/v1\/2025\/07\/27\/se-reprograma-el-recorrido-en-la-unidad-por-el-mal-tiempo\/\"},\"wordCount\":249,\"publisher\":{\"@id\":\"https:\/\/radioinfinitagoya.com.ar\/v1\/#organization\"},\"image\":{\"@id\":\"https:\/\/radioinfinitagoya.com.ar\/v1\/2025\/07\/27\/se-reprograma-el-recorrido-en-la-unidad-por-el-mal-tiempo\/#primaryimage\"},\"thumbnailUrl\":\"https:\/\/radioinfinitagoya.com.ar\/v1\/wp-content\/uploads\/2025\/07\/1753624558321.jpg\",\"articleSection\":[\"PROVINCIALES\"],\"inLanguage\":\"es-AR\"},{\"@type\":\"WebPage\",\"@id\":\"https:\/\/radioinfinitagoya.com.ar\/v1\/2025\/07\/27\/se-reprograma-el-recorrido-en-la-unidad-por-el-mal-tiempo\/\",\"url\":\"https:\/\/radioinfinitagoya.com.ar\/v1\/2025\/07\/27\/se-reprograma-el-recorrido-en-la-unidad-por-el-mal-tiempo\/\",\"name\":\"Se reprograma el recorrido en \\\"La Unidad\\\" por el mal tiempo - Radio Infinita Goya\",\"isPartOf\":{\"@id\":\"https:\/\/radioinfinitagoya.com.ar\/v1\/#website\"},\"primaryImageOfPage\":{\"@id\":\"https:\/\/radioinfinitagoya.com.ar\/v1\/2025\/07\/27\/se-reprograma-el-recorrido-en-la-unidad-por-el-mal-tiempo\/#primaryimage\"},\"image\":{\"@id\":\"https:\/\/radioinfinitagoya.com.ar\/v1\/2025\/07\/27\/se-reprograma-el-recorrido-en-la-unidad-por-el-mal-tiempo\/#primaryimage\"},\"thumbnailUrl\":\"https:\/\/radioinfinitagoya.com.ar\/v1\/wp-content\/uploads\/2025\/07\/1753624558321.jpg\",\"datePublished\":\"2025-07-27T21:21:05+00:00\",\"description\":\"La visita guiada fue postergada por cuestiones clim\u00e1ticas y se realizar\u00e1 el pr\u00f3ximo domingo. El recorrido incluye postas informativas, espacios l\u00fadicos y\",\"breadcrumb\":{\"@id\":\"https:\/\/radioinfinitagoya.com.ar\/v1\/2025\/07\/27\/se-reprograma-el-recorrido-en-la-unidad-por-el-mal-tiempo\/#breadcrumb\"},\"inLanguage\":\"es-AR\",\"potentialAction\":[{\"@type\":\"ReadAction\",\"target\":[\"https:\/\/radioinfinitagoya.com.ar\/v1\/2025\/07\/27\/se-reprograma-el-recorrido-en-la-unidad-por-el-mal-tiempo\/\"]}]},{\"@type\":\"ImageObject\",\"inLanguage\":\"es-AR\",\"@id\":\"https:\/\/radioinfinitagoya.com.ar\/v1\/2025\/07\/27\/se-reprograma-el-recorrido-en-la-unidad-por-el-mal-tiempo\/#primaryimage\",\"url\":\"https:\/\/radioinfinitagoya.com.ar\/v1\/wp-content\/uploads\/2025\/07\/1753624558321.jpg\",\"contentUrl\":\"https:\/\/radioinfinitagoya.com.ar\/v1\/wp-content\/uploads\/2025\/07\/1753624558321.jpg\",\"width\":446,\"height\":556},{\"@type\":\"BreadcrumbList\",\"@id\":\"https:\/\/radioinfinitagoya.com.ar\/v1\/2025\/07\/27\/se-reprograma-el-recorrido-en-la-unidad-por-el-mal-tiempo\/#breadcrumb\",\"itemListElement\":[{\"@type\":\"ListItem\",\"position\":1,\"name\":\"Inicio\",\"item\":\"https:\/\/radioinfinitagoya.com.ar\/v1\/\"},{\"@type\":\"ListItem\",\"position\":2,\"name\":\"Se reprograma el recorrido en &#8220;La Unidad&#8221; por el mal tiempo\"}]},{\"@type\":\"WebSite\",\"@id\":\"https:\/\/radioinfinitagoya.com.ar\/v1\/#website\",\"url\":\"https:\/\/radioinfinitagoya.com.ar\/v1\/\",\"name\":\"radioinfinitagoya.com.ar\",\"description\":\"Radio de noticias\",\"publisher\":{\"@id\":\"https:\/\/radioinfinitagoya.com.ar\/v1\/#organization\"},\"potentialAction\":[{\"@type\":\"SearchAction\",\"target\":{\"@type\":\"EntryPoint\",\"urlTemplate\":\"https:\/\/radioinfinitagoya.com.ar\/v1\/?s={search_term_string}\"},\"query-input\":{\"@type\":\"PropertyValueSpecification\",\"valueRequired\":true,\"valueName\":\"search_term_string\"}}],\"inLanguage\":\"es-AR\"},{\"@type\":\"Organization\",\"@id\":\"https:\/\/radioinfinitagoya.com.ar\/v1\/#organization\",\"name\":\"Radio Infinita Goya\",\"url\":\"https:\/\/radioinfinitagoya.com.ar\/v1\/\",\"logo\":{\"@type\":\"ImageObject\",\"inLanguage\":\"es-AR\",\"@id\":\"https:\/\/radioinfinitagoya.com.ar\/v1\/#\/schema\/logo\/image\/\",\"url\":\"https:\/\/radioinfinitagoya.com.ar\/v1\/wp-content\/uploads\/2019\/11\/logo-pie-web.png\",\"contentUrl\":\"https:\/\/radioinfinitagoya.com.ar\/v1\/wp-content\/uploads\/2019\/11\/logo-pie-web.png\",\"width\":635,\"height\":326,\"caption\":\"Radio Infinita Goya\"},\"image\":{\"@id\":\"https:\/\/radioinfinitagoya.com.ar\/v1\/#\/schema\/logo\/image\/\"},\"sameAs\":[\"https:\/\/www.facebook.com\/p\/Infinita-Goya-100063870918311\/\"]},{\"@type\":\"Person\",\"@id\":\"https:\/\/radioinfinitagoya.com.ar\/v1\/#\/schema\/person\/d4cf9c413d4f6edb24aabdccab49ca4a\",\"name\":\"Jorge Mi\u00f1o\",\"image\":{\"@type\":\"ImageObject\",\"inLanguage\":\"es-AR\",\"@id\":\"https:\/\/secure.gravatar.com\/avatar\/910fcf6728fe95320e07a6643c1581fec1c7fc4bf8ae12e3d8f0d0373dc844be?s=96&d=mm&r=g\",\"url\":\"https:\/\/secure.gravatar.com\/avatar\/910fcf6728fe95320e07a6643c1581fec1c7fc4bf8ae12e3d8f0d0373dc844be?s=96&d=mm&r=g\",\"contentUrl\":\"https:\/\/secure.gravatar.com\/avatar\/910fcf6728fe95320e07a6643c1581fec1c7fc4bf8ae12e3d8f0d0373dc844be?s=96&d=mm&r=g\",\"caption\":\"Jorge Mi\u00f1o\"},\"sameAs\":[\"http:\/\/radioinfinitagoya.com.ar\"]}]}<\/script>\n<!-- \/ Yoast SEO plugin. -->","yoast_head_json":{"title":"Se reprograma el recorrido en \"La Unidad\" por el mal tiempo - Radio Infinita Goya","description":"La visita guiada fue postergada por cuestiones clim\u00e1ticas y se realizar\u00e1 el pr\u00f3ximo domingo. El recorrido incluye postas informativas, espacios l\u00fadicos y","robots":{"index":"index","follow":"follow","max-snippet":"max-snippet:-1","max-image-preview":"max-image-preview:large","max-video-preview":"max-video-preview:-1"},"canonical":"https:\/\/radioinfinitagoya.com.ar\/v1\/2025\/07\/27\/se-reprograma-el-recorrido-en-la-unidad-por-el-mal-tiempo\/","og_locale":"es_ES","og_type":"article","og_title":"Se reprograma el recorrido en \"La Unidad\" por el mal tiempo - Radio Infinita Goya","og_description":"La visita guiada fue postergada por cuestiones clim\u00e1ticas y se realizar\u00e1 el pr\u00f3ximo domingo. El recorrido incluye postas informativas, espacios l\u00fadicos y","og_url":"https:\/\/radioinfinitagoya.com.ar\/v1\/2025\/07\/27\/se-reprograma-el-recorrido-en-la-unidad-por-el-mal-tiempo\/","og_site_name":"Radio Infinita Goya","article_publisher":"https:\/\/www.facebook.com\/p\/Infinita-Goya-100063870918311\/","article_published_time":"2025-07-27T21:21:05+00:00","og_image":[{"width":446,"height":556,"url":"https:\/\/radioinfinitagoya.com.ar\/v1\/wp-content\/uploads\/2025\/07\/1753624558321.jpg","type":"image\/jpeg"}],"author":"Jorge Mi\u00f1o","twitter_card":"summary_large_image","twitter_misc":{"Escrito por":"Jorge Mi\u00f1o","Tiempo de lectura":"2 minutos"},"schema":{"@context":"https:\/\/schema.org","@graph":[{"@type":"Article","@id":"https:\/\/radioinfinitagoya.com.ar\/v1\/2025\/07\/27\/se-reprograma-el-recorrido-en-la-unidad-por-el-mal-tiempo\/#article","isPartOf":{"@id":"https:\/\/radioinfinitagoya.com.ar\/v1\/2025\/07\/27\/se-reprograma-el-recorrido-en-la-unidad-por-el-mal-tiempo\/"},"author":{"name":"Jorge Mi\u00f1o","@id":"https:\/\/radioinfinitagoya.com.ar\/v1\/#\/schema\/person\/d4cf9c413d4f6edb24aabdccab49ca4a"},"headline":"Se reprograma el recorrido en &#8220;La Unidad&#8221; por el mal tiempo","datePublished":"2025-07-27T21:21:05+00:00","mainEntityOfPage":{"@id":"https:\/\/radioinfinitagoya.com.ar\/v1\/2025\/07\/27\/se-reprograma-el-recorrido-en-la-unidad-por-el-mal-tiempo\/"},"wordCount":249,"publisher":{"@id":"https:\/\/radioinfinitagoya.com.ar\/v1\/#organization"},"image":{"@id":"https:\/\/radioinfinitagoya.com.ar\/v1\/2025\/07\/27\/se-reprograma-el-recorrido-en-la-unidad-por-el-mal-tiempo\/#primaryimage"},"thumbnailUrl":"https:\/\/radioinfinitagoya.com.ar\/v1\/wp-content\/uploads\/2025\/07\/1753624558321.jpg","articleSection":["PROVINCIALES"],"inLanguage":"es-AR"},{"@type":"WebPage","@id":"https:\/\/radioinfinitagoya.com.ar\/v1\/2025\/07\/27\/se-reprograma-el-recorrido-en-la-unidad-por-el-mal-tiempo\/","url":"https:\/\/radioinfinitagoya.com.ar\/v1\/2025\/07\/27\/se-reprograma-el-recorrido-en-la-unidad-por-el-mal-tiempo\/","name":"Se reprograma el recorrido en \"La Unidad\" por el mal tiempo - Radio Infinita Goya","isPartOf":{"@id":"https:\/\/radioinfinitagoya.com.ar\/v1\/#website"},"primaryImageOfPage":{"@id":"https:\/\/radioinfinitagoya.com.ar\/v1\/2025\/07\/27\/se-reprograma-el-recorrido-en-la-unidad-por-el-mal-tiempo\/#primaryimage"},"image":{"@id":"https:\/\/radioinfinitagoya.com.ar\/v1\/2025\/07\/27\/se-reprograma-el-recorrido-en-la-unidad-por-el-mal-tiempo\/#primaryimage"},"thumbnailUrl":"https:\/\/radioinfinitagoya.com.ar\/v1\/wp-content\/uploads\/2025\/07\/1753624558321.jpg","datePublished":"2025-07-27T21:21:05+00:00","description":"La visita guiada fue postergada por cuestiones clim\u00e1ticas y se realizar\u00e1 el pr\u00f3ximo domingo. El recorrido incluye postas informativas, espacios l\u00fadicos y","breadcrumb":{"@id":"https:\/\/radioinfinitagoya.com.ar\/v1\/2025\/07\/27\/se-reprograma-el-recorrido-en-la-unidad-por-el-mal-tiempo\/#breadcrumb"},"inLanguage":"es-AR","potentialAction":[{"@type":"ReadAction","target":["https:\/\/radioinfinitagoya.com.ar\/v1\/2025\/07\/27\/se-reprograma-el-recorrido-en-la-unidad-por-el-mal-tiempo\/"]}]},{"@type":"ImageObject","inLanguage":"es-AR","@id":"https:\/\/radioinfinitagoya.com.ar\/v1\/2025\/07\/27\/se-reprograma-el-recorrido-en-la-unidad-por-el-mal-tiempo\/#primaryimage","url":"https:\/\/radioinfinitagoya.com.ar\/v1\/wp-content\/uploads\/2025\/07\/1753624558321.jpg","contentUrl":"https:\/\/radioinfinitagoya.com.ar\/v1\/wp-content\/uploads\/2025\/07\/1753624558321.jpg","width":446,"height":556},{"@type":"BreadcrumbList","@id":"https:\/\/radioinfinitagoya.com.ar\/v1\/2025\/07\/27\/se-reprograma-el-recorrido-en-la-unidad-por-el-mal-tiempo\/#breadcrumb","itemListElement":[{"@type":"ListItem","position":1,"name":"Inicio","item":"https:\/\/radioinfinitagoya.com.ar\/v1\/"},{"@type":"ListItem","position":2,"name":"Se reprograma el recorrido en &#8220;La Unidad&#8221; por el mal tiempo"}]},{"@type":"WebSite","@id":"https:\/\/radioinfinitagoya.com.ar\/v1\/#website","url":"https:\/\/radioinfinitagoya.com.ar\/v1\/","name":"radioinfinitagoya.com.ar","description":"Radio de noticias","publisher":{"@id":"https:\/\/radioinfinitagoya.com.ar\/v1\/#organization"},"potentialAction":[{"@type":"SearchAction","target":{"@type":"EntryPoint","urlTemplate":"https:\/\/radioinfinitagoya.com.ar\/v1\/?s={search_term_string}"},"query-input":{"@type":"PropertyValueSpecification","valueRequired":true,"valueName":"search_term_string"}}],"inLanguage":"es-AR"},{"@type":"Organization","@id":"https:\/\/radioinfinitagoya.com.ar\/v1\/#organization","name":"Radio Infinita Goya","url":"https:\/\/radioinfinitagoya.com.ar\/v1\/","logo":{"@type":"ImageObject","inLanguage":"es-AR","@id":"https:\/\/radioinfinitagoya.com.ar\/v1\/#\/schema\/logo\/image\/","url":"https:\/\/radioinfinitagoya.com.ar\/v1\/wp-content\/uploads\/2019\/11\/logo-pie-web.png","contentUrl":"https:\/\/radioinfinitagoya.com.ar\/v1\/wp-content\/uploads\/2019\/11\/logo-pie-web.png","width":635,"height":326,"caption":"Radio Infinita Goya"},"image":{"@id":"https:\/\/radioinfinitagoya.com.ar\/v1\/#\/schema\/logo\/image\/"},"sameAs":["https:\/\/www.facebook.com\/p\/Infinita-Goya-100063870918311\/"]},{"@type":"Person","@id":"https:\/\/radioinfinitagoya.com.ar\/v1\/#\/schema\/person\/d4cf9c413d4f6edb24aabdccab49ca4a","name":"Jorge Mi\u00f1o","image":{"@type":"ImageObject","inLanguage":"es-AR","@id":"https:\/\/secure.gravatar.com\/avatar\/910fcf6728fe95320e07a6643c1581fec1c7fc4bf8ae12e3d8f0d0373dc844be?s=96&d=mm&r=g","url":"https:\/\/secure.gravatar.com\/avatar\/910fcf6728fe95320e07a6643c1581fec1c7fc4bf8ae12e3d8f0d0373dc844be?s=96&d=mm&r=g","contentUrl":"https:\/\/secure.gravatar.com\/avatar\/910fcf6728fe95320e07a6643c1581fec1c7fc4bf8ae12e3d8f0d0373dc844be?s=96&d=mm&r=g","caption":"Jorge Mi\u00f1o"},"sameAs":["http:\/\/radioinfinitagoya.com.ar"]}]}},"_links":{"self":[{"href":"https:\/\/radioinfinitagoya.com.ar\/v1\/wp-json\/wp\/v2\/posts\/193429","targetHints":{"allow":["GET"]}}],"collection":[{"href":"https:\/\/radioinfinitagoya.com.ar\/v1\/wp-json\/wp\/v2\/posts"}],"about":[{"href":"https:\/\/radioinfinitagoya.com.ar\/v1\/wp-json\/wp\/v2\/types\/post"}],"author":[{"embeddable":true,"href":"https:\/\/radioinfinitagoya.com.ar\/v1\/wp-json\/wp\/v2\/users\/4"}],"replies":[{"embeddable":true,"href":"https:\/\/radioinfinitagoya.com.ar\/v1\/wp-json\/wp\/v2\/comments?post=193429"}],"version-history":[{"count":0,"href":"https:\/\/radioinfinitagoya.com.ar\/v1\/wp-json\/wp\/v2\/posts\/193429\/revisions"}],"wp:featuredmedia":[{"embeddable":true,"href":"https:\/\/radioinfinitagoya.com.ar\/v1\/wp-json\/wp\/v2\/media\/193430"}],"wp:attachment":[{"href":"https:\/\/radioinfinitagoya.com.ar\/v1\/wp-json\/wp\/v2\/media?parent=193429"}],"wp:term":[{"taxonomy":"category","embeddable":true,"href":"https:\/\/radioinfinitagoya.com.ar\/v1\/wp-json\/wp\/v2\/categories?post=193429"},{"taxonomy":"post_tag","embeddable":true,"href":"https:\/\/radioinfinitagoya.com.ar\/v1\/wp-json\/wp\/v2\/tags?post=193429"}],"curies":[{"name":"wp","href":"https:\/\/api.w.org\/{rel}","templated":true}]}}