{"id":193432,"date":"2025-07-27T18:24:48","date_gmt":"2025-07-27T21:24:48","guid":{"rendered":"https:\/\/radioinfinitagoya.com.ar\/v1\/?p=193432"},"modified":"2025-07-27T18:24:48","modified_gmt":"2025-07-27T21:24:48","slug":"aumento-oficial-cuanto-cobraran-jubilados-pensionados-y-auh-en-agosto","status":"publish","type":"post","link":"https:\/\/radioinfinitagoya.com.ar\/v1\/2025\/07\/27\/aumento-oficial-cuanto-cobraran-jubilados-pensionados-y-auh-en-agosto\/","title":{"rendered":"Aumento oficial: cu\u00e1nto cobrar\u00e1n jubilados, pensionados y AUH en agosto"},"content":{"rendered":"<p>La Anses confirm\u00f3 la suba del 1,62% que impactar\u00e1 en los haberes del pr\u00f3ximo mes. Tambi\u00e9n se mantiene el bono congelado de $70.000 para ciertos beneficiarios.<\/p>\n<p>La Administraci\u00f3n Nacional de la Seguridad Social (Anses) anunci\u00f3 este viernes un nuevo aumento del 1,62% para jubilados, pensionados, AUH y otras prestaciones sociales, que comenzar\u00e1 a aplicarse en agosto de 2025.<\/p>\n<p>El ajuste fue oficializado mediante las resoluciones 278 y 279\/2025 publicadas en el Bolet\u00edn Oficial, y corresponde a la variaci\u00f3n del \u00cdndice de Precios al Consumidor (IPC) de junio.<\/p>\n<p>El titular del organismo, Fernando Omar Bearzi, firm\u00f3 las disposiciones que tambi\u00e9n ratifican la continuidad del bono de $70.000 para jubilados y pensionados que perciben el haber m\u00ednimo, el cual mantiene el monto congelado desde marzo del a\u00f1o pasado.<\/p>\n<p>Montos actualizados para agosto<\/p>\n<p>Jubilados y pensionados<\/p>\n<p>Jubilaci\u00f3n m\u00ednima: $314.305,37 + $70.000 de bono = $384.305,37<br \/>\nJubilaci\u00f3n m\u00e1xima: $2.114.977,60 (no recibe bono)<br \/>\nPUAM (Pensi\u00f3n Universal para el Adulto Mayor): $251.444,30 + $70.000 = $321.444,30<br \/>\nPensiones No Contributivas por Invalidez o Vejez: $220.013,76 + $70.000 = $290.013,76<br \/>\nPBU (Prestaci\u00f3n B\u00e1sica Universal): $143.780,36 (no percibe bono)<br \/>\n\ud83d\udccc Asignaciones familiares y universales<\/p>\n<p>AUH (Asignaci\u00f3n Universal por Hijo): $112.941<br \/>\nAUE (Asignaci\u00f3n Universal por Embarazo): $112.941<br \/>\nAsignaci\u00f3n por hijo del sistema SUAF (primer escal\u00f3n de ingresos): $56.475<\/p>\n<p>Este aumento forma parte de la nueva f\u00f3rmula de movilidad, que ajusta los haberes mensualmente en funci\u00f3n del IPC. La actualizaci\u00f3n tambi\u00e9n impacta en otras prestaciones de la seguridad social, como asignaciones por c\u00f3nyuge, hijo con discapacidad y ayuda escolar anual, entre otras.<\/p>\n<p>La Anses aclar\u00f3 que el bono de refuerzo no es remunerativo ni incorporable al haber, y se mantendr\u00e1 mientras no haya una recomposici\u00f3n estructural en los montos m\u00ednimos.<\/p>\n<p>&nbsp;<\/p>\n","protected":false},"excerpt":{"rendered":"<p>La Anses confirm\u00f3 la suba del 1,62% que impactar\u00e1 en los haberes del pr\u00f3ximo mes. Tambi\u00e9n se mantiene el bono congelado de $70.000 para ciertos beneficiarios. La Administraci\u00f3n Nacional de la Seguridad Social (Anses) anunci\u00f3 este viernes un nuevo aumento del 1,62% para jubilados, pensionados, AUH y otras prestaciones sociales, que comenzar\u00e1 a aplicarse en [&hellip;]<\/p>\n","protected":false},"author":4,"featured_media":193433,"comment_status":"closed","ping_status":"closed","sticky":false,"template":"","format":"standard","meta":{"_joinchat":[],"footnotes":""},"categories":[29],"tags":[],"class_list":{"0":"post-193432","1":"post","2":"type-post","3":"status-publish","4":"format-standard","5":"has-post-thumbnail","7":"category-nacionales"},"yoast_head":"<!-- This site is optimized with the Yoast SEO plugin v27.2 - https:\/\/yoast.com\/product\/yoast-seo-wordpress\/ -->\n<title>Aumento oficial: cu\u00e1nto cobrar\u00e1n jubilados, pensionados y AUH en agosto - Radio Infinita Goya<\/title>\n<meta name=\"description\" content=\"La Anses confirm\u00f3 la suba del 1,62% que impactar\u00e1 en los haberes del pr\u00f3ximo mes. Tambi\u00e9n se mantiene el bono congelado de $70.000 para ciertos\" \/>\n<meta name=\"robots\" content=\"index, follow, max-snippet:-1, max-image-preview:large, max-video-preview:-1\" \/>\n<link rel=\"canonical\" href=\"https:\/\/radioinfinitagoya.com.ar\/v1\/2025\/07\/27\/aumento-oficial-cuanto-cobraran-jubilados-pensionados-y-auh-en-agosto\/\" \/>\n<meta property=\"og:locale\" content=\"es_ES\" \/>\n<meta property=\"og:type\" content=\"article\" \/>\n<meta property=\"og:title\" content=\"Aumento oficial: cu\u00e1nto cobrar\u00e1n jubilados, pensionados y AUH en agosto - Radio Infinita Goya\" \/>\n<meta property=\"og:description\" content=\"La Anses confirm\u00f3 la suba del 1,62% que impactar\u00e1 en los haberes del pr\u00f3ximo mes. Tambi\u00e9n se mantiene el bono congelado de $70.000 para ciertos\" \/>\n<meta property=\"og:url\" content=\"https:\/\/radioinfinitagoya.com.ar\/v1\/2025\/07\/27\/aumento-oficial-cuanto-cobraran-jubilados-pensionados-y-auh-en-agosto\/\" \/>\n<meta property=\"og:site_name\" content=\"Radio Infinita Goya\" \/>\n<meta property=\"article:publisher\" content=\"https:\/\/www.facebook.com\/p\/Infinita-Goya-100063870918311\/\" \/>\n<meta property=\"article:published_time\" content=\"2025-07-27T21:24:48+00:00\" \/>\n<meta property=\"og:image\" content=\"https:\/\/radioinfinitagoya.com.ar\/v1\/wp-content\/uploads\/2025\/07\/1321319w697h395c.jpg.webp\" \/>\n\t<meta property=\"og:image:width\" content=\"697\" \/>\n\t<meta property=\"og:image:height\" content=\"395\" \/>\n\t<meta property=\"og:image:type\" content=\"image\/webp\" \/>\n<meta name=\"author\" content=\"Jorge Mi\u00f1o\" \/>\n<meta name=\"twitter:card\" content=\"summary_large_image\" \/>\n<meta name=\"twitter:label1\" content=\"Escrito por\" \/>\n\t<meta name=\"twitter:data1\" content=\"Jorge Mi\u00f1o\" \/>\n\t<meta name=\"twitter:label2\" content=\"Tiempo de lectura\" \/>\n\t<meta name=\"twitter:data2\" content=\"2 minutos\" \/>\n<script type=\"application\/ld+json\" class=\"yoast-schema-graph\">{\"@context\":\"https:\/\/schema.org\",\"@graph\":[{\"@type\":\"Article\",\"@id\":\"https:\/\/radioinfinitagoya.com.ar\/v1\/2025\/07\/27\/aumento-oficial-cuanto-cobraran-jubilados-pensionados-y-auh-en-agosto\/#article\",\"isPartOf\":{\"@id\":\"https:\/\/radioinfinitagoya.com.ar\/v1\/2025\/07\/27\/aumento-oficial-cuanto-cobraran-jubilados-pensionados-y-auh-en-agosto\/\"},\"author\":{\"name\":\"Jorge Mi\u00f1o\",\"@id\":\"https:\/\/radioinfinitagoya.com.ar\/v1\/#\/schema\/person\/d4cf9c413d4f6edb24aabdccab49ca4a\"},\"headline\":\"Aumento oficial: cu\u00e1nto cobrar\u00e1n jubilados, pensionados y AUH en agosto\",\"datePublished\":\"2025-07-27T21:24:48+00:00\",\"mainEntityOfPage\":{\"@id\":\"https:\/\/radioinfinitagoya.com.ar\/v1\/2025\/07\/27\/aumento-oficial-cuanto-cobraran-jubilados-pensionados-y-auh-en-agosto\/\"},\"wordCount\":290,\"publisher\":{\"@id\":\"https:\/\/radioinfinitagoya.com.ar\/v1\/#organization\"},\"image\":{\"@id\":\"https:\/\/radioinfinitagoya.com.ar\/v1\/2025\/07\/27\/aumento-oficial-cuanto-cobraran-jubilados-pensionados-y-auh-en-agosto\/#primaryimage\"},\"thumbnailUrl\":\"https:\/\/radioinfinitagoya.com.ar\/v1\/wp-content\/uploads\/2025\/07\/1321319w697h395c.jpg.webp\",\"articleSection\":[\"NACIONALES\"],\"inLanguage\":\"es-AR\"},{\"@type\":\"WebPage\",\"@id\":\"https:\/\/radioinfinitagoya.com.ar\/v1\/2025\/07\/27\/aumento-oficial-cuanto-cobraran-jubilados-pensionados-y-auh-en-agosto\/\",\"url\":\"https:\/\/radioinfinitagoya.com.ar\/v1\/2025\/07\/27\/aumento-oficial-cuanto-cobraran-jubilados-pensionados-y-auh-en-agosto\/\",\"name\":\"Aumento oficial: cu\u00e1nto cobrar\u00e1n jubilados, pensionados y AUH en agosto - Radio Infinita Goya\",\"isPartOf\":{\"@id\":\"https:\/\/radioinfinitagoya.com.ar\/v1\/#website\"},\"primaryImageOfPage\":{\"@id\":\"https:\/\/radioinfinitagoya.com.ar\/v1\/2025\/07\/27\/aumento-oficial-cuanto-cobraran-jubilados-pensionados-y-auh-en-agosto\/#primaryimage\"},\"image\":{\"@id\":\"https:\/\/radioinfinitagoya.com.ar\/v1\/2025\/07\/27\/aumento-oficial-cuanto-cobraran-jubilados-pensionados-y-auh-en-agosto\/#primaryimage\"},\"thumbnailUrl\":\"https:\/\/radioinfinitagoya.com.ar\/v1\/wp-content\/uploads\/2025\/07\/1321319w697h395c.jpg.webp\",\"datePublished\":\"2025-07-27T21:24:48+00:00\",\"description\":\"La Anses confirm\u00f3 la suba del 1,62% que impactar\u00e1 en los haberes del pr\u00f3ximo mes. Tambi\u00e9n se mantiene el bono congelado de $70.000 para ciertos\",\"breadcrumb\":{\"@id\":\"https:\/\/radioinfinitagoya.com.ar\/v1\/2025\/07\/27\/aumento-oficial-cuanto-cobraran-jubilados-pensionados-y-auh-en-agosto\/#breadcrumb\"},\"inLanguage\":\"es-AR\",\"potentialAction\":[{\"@type\":\"ReadAction\",\"target\":[\"https:\/\/radioinfinitagoya.com.ar\/v1\/2025\/07\/27\/aumento-oficial-cuanto-cobraran-jubilados-pensionados-y-auh-en-agosto\/\"]}]},{\"@type\":\"ImageObject\",\"inLanguage\":\"es-AR\",\"@id\":\"https:\/\/radioinfinitagoya.com.ar\/v1\/2025\/07\/27\/aumento-oficial-cuanto-cobraran-jubilados-pensionados-y-auh-en-agosto\/#primaryimage\",\"url\":\"https:\/\/radioinfinitagoya.com.ar\/v1\/wp-content\/uploads\/2025\/07\/1321319w697h395c.jpg.webp\",\"contentUrl\":\"https:\/\/radioinfinitagoya.com.ar\/v1\/wp-content\/uploads\/2025\/07\/1321319w697h395c.jpg.webp\",\"width\":697,\"height\":395},{\"@type\":\"BreadcrumbList\",\"@id\":\"https:\/\/radioinfinitagoya.com.ar\/v1\/2025\/07\/27\/aumento-oficial-cuanto-cobraran-jubilados-pensionados-y-auh-en-agosto\/#breadcrumb\",\"itemListElement\":[{\"@type\":\"ListItem\",\"position\":1,\"name\":\"Inicio\",\"item\":\"https:\/\/radioinfinitagoya.com.ar\/v1\/\"},{\"@type\":\"ListItem\",\"position\":2,\"name\":\"Aumento oficial: cu\u00e1nto cobrar\u00e1n jubilados, pensionados y AUH en agosto\"}]},{\"@type\":\"WebSite\",\"@id\":\"https:\/\/radioinfinitagoya.com.ar\/v1\/#website\",\"url\":\"https:\/\/radioinfinitagoya.com.ar\/v1\/\",\"name\":\"radioinfinitagoya.com.ar\",\"description\":\"Radio de noticias\",\"publisher\":{\"@id\":\"https:\/\/radioinfinitagoya.com.ar\/v1\/#organization\"},\"potentialAction\":[{\"@type\":\"SearchAction\",\"target\":{\"@type\":\"EntryPoint\",\"urlTemplate\":\"https:\/\/radioinfinitagoya.com.ar\/v1\/?s={search_term_string}\"},\"query-input\":{\"@type\":\"PropertyValueSpecification\",\"valueRequired\":true,\"valueName\":\"search_term_string\"}}],\"inLanguage\":\"es-AR\"},{\"@type\":\"Organization\",\"@id\":\"https:\/\/radioinfinitagoya.com.ar\/v1\/#organization\",\"name\":\"Radio Infinita Goya\",\"url\":\"https:\/\/radioinfinitagoya.com.ar\/v1\/\",\"logo\":{\"@type\":\"ImageObject\",\"inLanguage\":\"es-AR\",\"@id\":\"https:\/\/radioinfinitagoya.com.ar\/v1\/#\/schema\/logo\/image\/\",\"url\":\"https:\/\/radioinfinitagoya.com.ar\/v1\/wp-content\/uploads\/2019\/11\/logo-pie-web.png\",\"contentUrl\":\"https:\/\/radioinfinitagoya.com.ar\/v1\/wp-content\/uploads\/2019\/11\/logo-pie-web.png\",\"width\":635,\"height\":326,\"caption\":\"Radio Infinita Goya\"},\"image\":{\"@id\":\"https:\/\/radioinfinitagoya.com.ar\/v1\/#\/schema\/logo\/image\/\"},\"sameAs\":[\"https:\/\/www.facebook.com\/p\/Infinita-Goya-100063870918311\/\"]},{\"@type\":\"Person\",\"@id\":\"https:\/\/radioinfinitagoya.com.ar\/v1\/#\/schema\/person\/d4cf9c413d4f6edb24aabdccab49ca4a\",\"name\":\"Jorge Mi\u00f1o\",\"image\":{\"@type\":\"ImageObject\",\"inLanguage\":\"es-AR\",\"@id\":\"https:\/\/secure.gravatar.com\/avatar\/910fcf6728fe95320e07a6643c1581fec1c7fc4bf8ae12e3d8f0d0373dc844be?s=96&d=mm&r=g\",\"url\":\"https:\/\/secure.gravatar.com\/avatar\/910fcf6728fe95320e07a6643c1581fec1c7fc4bf8ae12e3d8f0d0373dc844be?s=96&d=mm&r=g\",\"contentUrl\":\"https:\/\/secure.gravatar.com\/avatar\/910fcf6728fe95320e07a6643c1581fec1c7fc4bf8ae12e3d8f0d0373dc844be?s=96&d=mm&r=g\",\"caption\":\"Jorge Mi\u00f1o\"},\"sameAs\":[\"http:\/\/radioinfinitagoya.com.ar\"]}]}<\/script>\n<!-- \/ Yoast SEO plugin. -->","yoast_head_json":{"title":"Aumento oficial: cu\u00e1nto cobrar\u00e1n jubilados, pensionados y AUH en agosto - Radio Infinita Goya","description":"La Anses confirm\u00f3 la suba del 1,62% que impactar\u00e1 en los haberes del pr\u00f3ximo mes. Tambi\u00e9n se mantiene el bono congelado de $70.000 para ciertos","robots":{"index":"index","follow":"follow","max-snippet":"max-snippet:-1","max-image-preview":"max-image-preview:large","max-video-preview":"max-video-preview:-1"},"canonical":"https:\/\/radioinfinitagoya.com.ar\/v1\/2025\/07\/27\/aumento-oficial-cuanto-cobraran-jubilados-pensionados-y-auh-en-agosto\/","og_locale":"es_ES","og_type":"article","og_title":"Aumento oficial: cu\u00e1nto cobrar\u00e1n jubilados, pensionados y AUH en agosto - Radio Infinita Goya","og_description":"La Anses confirm\u00f3 la suba del 1,62% que impactar\u00e1 en los haberes del pr\u00f3ximo mes. Tambi\u00e9n se mantiene el bono congelado de $70.000 para ciertos","og_url":"https:\/\/radioinfinitagoya.com.ar\/v1\/2025\/07\/27\/aumento-oficial-cuanto-cobraran-jubilados-pensionados-y-auh-en-agosto\/","og_site_name":"Radio Infinita Goya","article_publisher":"https:\/\/www.facebook.com\/p\/Infinita-Goya-100063870918311\/","article_published_time":"2025-07-27T21:24:48+00:00","og_image":[{"width":697,"height":395,"url":"https:\/\/radioinfinitagoya.com.ar\/v1\/wp-content\/uploads\/2025\/07\/1321319w697h395c.jpg.webp","type":"image\/webp"}],"author":"Jorge Mi\u00f1o","twitter_card":"summary_large_image","twitter_misc":{"Escrito por":"Jorge Mi\u00f1o","Tiempo de lectura":"2 minutos"},"schema":{"@context":"https:\/\/schema.org","@graph":[{"@type":"Article","@id":"https:\/\/radioinfinitagoya.com.ar\/v1\/2025\/07\/27\/aumento-oficial-cuanto-cobraran-jubilados-pensionados-y-auh-en-agosto\/#article","isPartOf":{"@id":"https:\/\/radioinfinitagoya.com.ar\/v1\/2025\/07\/27\/aumento-oficial-cuanto-cobraran-jubilados-pensionados-y-auh-en-agosto\/"},"author":{"name":"Jorge Mi\u00f1o","@id":"https:\/\/radioinfinitagoya.com.ar\/v1\/#\/schema\/person\/d4cf9c413d4f6edb24aabdccab49ca4a"},"headline":"Aumento oficial: cu\u00e1nto cobrar\u00e1n jubilados, pensionados y AUH en agosto","datePublished":"2025-07-27T21:24:48+00:00","mainEntityOfPage":{"@id":"https:\/\/radioinfinitagoya.com.ar\/v1\/2025\/07\/27\/aumento-oficial-cuanto-cobraran-jubilados-pensionados-y-auh-en-agosto\/"},"wordCount":290,"publisher":{"@id":"https:\/\/radioinfinitagoya.com.ar\/v1\/#organization"},"image":{"@id":"https:\/\/radioinfinitagoya.com.ar\/v1\/2025\/07\/27\/aumento-oficial-cuanto-cobraran-jubilados-pensionados-y-auh-en-agosto\/#primaryimage"},"thumbnailUrl":"https:\/\/radioinfinitagoya.com.ar\/v1\/wp-content\/uploads\/2025\/07\/1321319w697h395c.jpg.webp","articleSection":["NACIONALES"],"inLanguage":"es-AR"},{"@type":"WebPage","@id":"https:\/\/radioinfinitagoya.com.ar\/v1\/2025\/07\/27\/aumento-oficial-cuanto-cobraran-jubilados-pensionados-y-auh-en-agosto\/","url":"https:\/\/radioinfinitagoya.com.ar\/v1\/2025\/07\/27\/aumento-oficial-cuanto-cobraran-jubilados-pensionados-y-auh-en-agosto\/","name":"Aumento oficial: cu\u00e1nto cobrar\u00e1n jubilados, pensionados y AUH en agosto - Radio Infinita Goya","isPartOf":{"@id":"https:\/\/radioinfinitagoya.com.ar\/v1\/#website"},"primaryImageOfPage":{"@id":"https:\/\/radioinfinitagoya.com.ar\/v1\/2025\/07\/27\/aumento-oficial-cuanto-cobraran-jubilados-pensionados-y-auh-en-agosto\/#primaryimage"},"image":{"@id":"https:\/\/radioinfinitagoya.com.ar\/v1\/2025\/07\/27\/aumento-oficial-cuanto-cobraran-jubilados-pensionados-y-auh-en-agosto\/#primaryimage"},"thumbnailUrl":"https:\/\/radioinfinitagoya.com.ar\/v1\/wp-content\/uploads\/2025\/07\/1321319w697h395c.jpg.webp","datePublished":"2025-07-27T21:24:48+00:00","description":"La Anses confirm\u00f3 la suba del 1,62% que impactar\u00e1 en los haberes del pr\u00f3ximo mes. Tambi\u00e9n se mantiene el bono congelado de $70.000 para ciertos","breadcrumb":{"@id":"https:\/\/radioinfinitagoya.com.ar\/v1\/2025\/07\/27\/aumento-oficial-cuanto-cobraran-jubilados-pensionados-y-auh-en-agosto\/#breadcrumb"},"inLanguage":"es-AR","potentialAction":[{"@type":"ReadAction","target":["https:\/\/radioinfinitagoya.com.ar\/v1\/2025\/07\/27\/aumento-oficial-cuanto-cobraran-jubilados-pensionados-y-auh-en-agosto\/"]}]},{"@type":"ImageObject","inLanguage":"es-AR","@id":"https:\/\/radioinfinitagoya.com.ar\/v1\/2025\/07\/27\/aumento-oficial-cuanto-cobraran-jubilados-pensionados-y-auh-en-agosto\/#primaryimage","url":"https:\/\/radioinfinitagoya.com.ar\/v1\/wp-content\/uploads\/2025\/07\/1321319w697h395c.jpg.webp","contentUrl":"https:\/\/radioinfinitagoya.com.ar\/v1\/wp-content\/uploads\/2025\/07\/1321319w697h395c.jpg.webp","width":697,"height":395},{"@type":"BreadcrumbList","@id":"https:\/\/radioinfinitagoya.com.ar\/v1\/2025\/07\/27\/aumento-oficial-cuanto-cobraran-jubilados-pensionados-y-auh-en-agosto\/#breadcrumb","itemListElement":[{"@type":"ListItem","position":1,"name":"Inicio","item":"https:\/\/radioinfinitagoya.com.ar\/v1\/"},{"@type":"ListItem","position":2,"name":"Aumento oficial: cu\u00e1nto cobrar\u00e1n jubilados, pensionados y AUH en agosto"}]},{"@type":"WebSite","@id":"https:\/\/radioinfinitagoya.com.ar\/v1\/#website","url":"https:\/\/radioinfinitagoya.com.ar\/v1\/","name":"radioinfinitagoya.com.ar","description":"Radio de noticias","publisher":{"@id":"https:\/\/radioinfinitagoya.com.ar\/v1\/#organization"},"potentialAction":[{"@type":"SearchAction","target":{"@type":"EntryPoint","urlTemplate":"https:\/\/radioinfinitagoya.com.ar\/v1\/?s={search_term_string}"},"query-input":{"@type":"PropertyValueSpecification","valueRequired":true,"valueName":"search_term_string"}}],"inLanguage":"es-AR"},{"@type":"Organization","@id":"https:\/\/radioinfinitagoya.com.ar\/v1\/#organization","name":"Radio Infinita Goya","url":"https:\/\/radioinfinitagoya.com.ar\/v1\/","logo":{"@type":"ImageObject","inLanguage":"es-AR","@id":"https:\/\/radioinfinitagoya.com.ar\/v1\/#\/schema\/logo\/image\/","url":"https:\/\/radioinfinitagoya.com.ar\/v1\/wp-content\/uploads\/2019\/11\/logo-pie-web.png","contentUrl":"https:\/\/radioinfinitagoya.com.ar\/v1\/wp-content\/uploads\/2019\/11\/logo-pie-web.png","width":635,"height":326,"caption":"Radio Infinita Goya"},"image":{"@id":"https:\/\/radioinfinitagoya.com.ar\/v1\/#\/schema\/logo\/image\/"},"sameAs":["https:\/\/www.facebook.com\/p\/Infinita-Goya-100063870918311\/"]},{"@type":"Person","@id":"https:\/\/radioinfinitagoya.com.ar\/v1\/#\/schema\/person\/d4cf9c413d4f6edb24aabdccab49ca4a","name":"Jorge Mi\u00f1o","image":{"@type":"ImageObject","inLanguage":"es-AR","@id":"https:\/\/secure.gravatar.com\/avatar\/910fcf6728fe95320e07a6643c1581fec1c7fc4bf8ae12e3d8f0d0373dc844be?s=96&d=mm&r=g","url":"https:\/\/secure.gravatar.com\/avatar\/910fcf6728fe95320e07a6643c1581fec1c7fc4bf8ae12e3d8f0d0373dc844be?s=96&d=mm&r=g","contentUrl":"https:\/\/secure.gravatar.com\/avatar\/910fcf6728fe95320e07a6643c1581fec1c7fc4bf8ae12e3d8f0d0373dc844be?s=96&d=mm&r=g","caption":"Jorge Mi\u00f1o"},"sameAs":["http:\/\/radioinfinitagoya.com.ar"]}]}},"_links":{"self":[{"href":"https:\/\/radioinfinitagoya.com.ar\/v1\/wp-json\/wp\/v2\/posts\/193432","targetHints":{"allow":["GET"]}}],"collection":[{"href":"https:\/\/radioinfinitagoya.com.ar\/v1\/wp-json\/wp\/v2\/posts"}],"about":[{"href":"https:\/\/radioinfinitagoya.com.ar\/v1\/wp-json\/wp\/v2\/types\/post"}],"author":[{"embeddable":true,"href":"https:\/\/radioinfinitagoya.com.ar\/v1\/wp-json\/wp\/v2\/users\/4"}],"replies":[{"embeddable":true,"href":"https:\/\/radioinfinitagoya.com.ar\/v1\/wp-json\/wp\/v2\/comments?post=193432"}],"version-history":[{"count":0,"href":"https:\/\/radioinfinitagoya.com.ar\/v1\/wp-json\/wp\/v2\/posts\/193432\/revisions"}],"wp:featuredmedia":[{"embeddable":true,"href":"https:\/\/radioinfinitagoya.com.ar\/v1\/wp-json\/wp\/v2\/media\/193433"}],"wp:attachment":[{"href":"https:\/\/radioinfinitagoya.com.ar\/v1\/wp-json\/wp\/v2\/media?parent=193432"}],"wp:term":[{"taxonomy":"category","embeddable":true,"href":"https:\/\/radioinfinitagoya.com.ar\/v1\/wp-json\/wp\/v2\/categories?post=193432"},{"taxonomy":"post_tag","embeddable":true,"href":"https:\/\/radioinfinitagoya.com.ar\/v1\/wp-json\/wp\/v2\/tags?post=193432"}],"curies":[{"name":"wp","href":"https:\/\/api.w.org\/{rel}","templated":true}]}}