{"id":193435,"date":"2025-07-27T18:26:28","date_gmt":"2025-07-27T21:26:28","guid":{"rendered":"https:\/\/radioinfinitagoya.com.ar\/v1\/?p=193435"},"modified":"2025-07-27T18:26:28","modified_gmt":"2025-07-27T21:26:28","slug":"la-industria-cayo-fuerte-en-junio-y-las-pymes-alertan-sobre-nuevos-problemas","status":"publish","type":"post","link":"https:\/\/radioinfinitagoya.com.ar\/v1\/2025\/07\/27\/la-industria-cayo-fuerte-en-junio-y-las-pymes-alertan-sobre-nuevos-problemas\/","title":{"rendered":"La industria cay\u00f3 fuerte en junio y las pymes alertan sobre nuevos problemas"},"content":{"rendered":"<p>Adem\u00e1s del estancamiento de la actividad y la apertura de importaciones, los industriales aseguran que la reciente volatilidad en las tasas de inter\u00e9s dificulta el acceso a cr\u00e9ditos productivos.<\/p>\n<p>La industria no logra consolidar su recuperaci\u00f3n. Las \u00faltimas mediciones privadas marcaron una ca\u00edda en la actividad durante junio y el entramado productivo no consigue alejarse del piso que toc\u00f3 a principios del a\u00f1o pasado. Para la segunda mitad de 2025, los industriales, y en particular los del segmento pymes, advirtieron sobre los nuevos riesgos en el horizonte, como el incremento de las importaciones, el aumento de los costos por encima de la inflaci\u00f3n y la volatilidad de las tasas de inter\u00e9s, que encarece los cr\u00e9ditos para el sector.<\/p>\n<p>Seg\u00fan el \u00cdndice de Producci\u00f3n Industrial (IPI) elaborado por FIEL, la actividad industrial durante el mes pasado cay\u00f3 1,2% en la medici\u00f3n desestacionalizada contra mayo, mientras que en la comparaci\u00f3n trimestral baj\u00f3 un 0,8% contra el primer cuarto del 2025. Por su parte, el director de la consultora Orlando Ferreres &amp; Asociados, Fausto Spotorno, adelant\u00f3 a este medio que &#8220;los n\u00fameros de los \u00faltimos meses indicaban que (la actividad industrial) se estaba desacelerando&#8221;.<\/p>\n<p>En este sentido, el \u00faltimo informe del Observatorio IPA (Industriales Pymes Argentinas), afirm\u00f3 que el crecimiento en la comparaci\u00f3n interanual &#8220;se explica m\u00e1s por el efecto estad\u00edstico de la profunda contracci\u00f3n de 2024 que por un cambio estructural&#8221;.<\/p>\n<p>Adem\u00e1s, explic\u00f3 que los sectores m\u00e1s din\u00e1micos, como veh\u00edculos, muebles y maquinaria, &#8220;repuntan, pero con baja capilaridad hacia el conjunto de la industria, mientras que ramas intensivas en empleo como confecciones y metalurgia permanecen en retroceso&#8221;.<\/p>\n<p>&#8220;La econom\u00eda real, que es la que vivimos a diario los industriales, est\u00e1 sufriendo una crisis m\u00e1s profunda de la imaginada. Reci\u00e9n en unos meses se podr\u00e1 reflejar en las estad\u00edsticas y, llegado ese momento, para algunas f\u00e1bricas ser\u00e1 tarde&#8221;, afirm\u00f3 el titular de IPA, Daniel Rosato.<\/p>\n","protected":false},"excerpt":{"rendered":"<p>Adem\u00e1s del estancamiento de la actividad y la apertura de importaciones, los industriales aseguran que la reciente volatilidad en las tasas de inter\u00e9s dificulta el acceso a cr\u00e9ditos productivos. La industria no logra consolidar su recuperaci\u00f3n. Las \u00faltimas mediciones privadas marcaron una ca\u00edda en la actividad durante junio y el entramado productivo no consigue alejarse [&hellip;]<\/p>\n","protected":false},"author":4,"featured_media":193436,"comment_status":"closed","ping_status":"closed","sticky":false,"template":"","format":"standard","meta":{"_joinchat":[],"footnotes":""},"categories":[29],"tags":[],"class_list":{"0":"post-193435","1":"post","2":"type-post","3":"status-publish","4":"format-standard","5":"has-post-thumbnail","7":"category-nacionales"},"yoast_head":"<!-- This site is optimized with the Yoast SEO plugin v27.2 - https:\/\/yoast.com\/product\/yoast-seo-wordpress\/ -->\n<title>La industria cay\u00f3 fuerte en junio y las pymes alertan sobre nuevos problemas - Radio Infinita Goya<\/title>\n<meta name=\"description\" content=\"Adem\u00e1s del estancamiento de la actividad y la apertura de importaciones, los industriales aseguran que la reciente volatilidad en las tasas de inter\u00e9s\" \/>\n<meta name=\"robots\" content=\"index, follow, max-snippet:-1, max-image-preview:large, max-video-preview:-1\" \/>\n<link rel=\"canonical\" href=\"https:\/\/radioinfinitagoya.com.ar\/v1\/2025\/07\/27\/la-industria-cayo-fuerte-en-junio-y-las-pymes-alertan-sobre-nuevos-problemas\/\" \/>\n<meta property=\"og:locale\" content=\"es_ES\" \/>\n<meta property=\"og:type\" content=\"article\" \/>\n<meta property=\"og:title\" content=\"La industria cay\u00f3 fuerte en junio y las pymes alertan sobre nuevos problemas - Radio Infinita Goya\" \/>\n<meta property=\"og:description\" content=\"Adem\u00e1s del estancamiento de la actividad y la apertura de importaciones, los industriales aseguran que la reciente volatilidad en las tasas de inter\u00e9s\" \/>\n<meta property=\"og:url\" content=\"https:\/\/radioinfinitagoya.com.ar\/v1\/2025\/07\/27\/la-industria-cayo-fuerte-en-junio-y-las-pymes-alertan-sobre-nuevos-problemas\/\" \/>\n<meta property=\"og:site_name\" content=\"Radio Infinita Goya\" \/>\n<meta property=\"article:publisher\" content=\"https:\/\/www.facebook.com\/p\/Infinita-Goya-100063870918311\/\" \/>\n<meta property=\"article:published_time\" content=\"2025-07-27T21:26:28+00:00\" \/>\n<meta property=\"og:image\" content=\"https:\/\/radioinfinitagoya.com.ar\/v1\/wp-content\/uploads\/2025\/07\/1440529w619h352c.jpg.webp\" \/>\n\t<meta property=\"og:image:width\" content=\"619\" \/>\n\t<meta property=\"og:image:height\" content=\"352\" \/>\n\t<meta property=\"og:image:type\" content=\"image\/webp\" \/>\n<meta name=\"author\" content=\"Jorge Mi\u00f1o\" \/>\n<meta name=\"twitter:card\" content=\"summary_large_image\" \/>\n<meta name=\"twitter:label1\" content=\"Escrito por\" \/>\n\t<meta name=\"twitter:data1\" content=\"Jorge Mi\u00f1o\" \/>\n\t<meta name=\"twitter:label2\" content=\"Tiempo de lectura\" \/>\n\t<meta name=\"twitter:data2\" content=\"2 minutos\" \/>\n<script type=\"application\/ld+json\" class=\"yoast-schema-graph\">{\"@context\":\"https:\/\/schema.org\",\"@graph\":[{\"@type\":\"Article\",\"@id\":\"https:\/\/radioinfinitagoya.com.ar\/v1\/2025\/07\/27\/la-industria-cayo-fuerte-en-junio-y-las-pymes-alertan-sobre-nuevos-problemas\/#article\",\"isPartOf\":{\"@id\":\"https:\/\/radioinfinitagoya.com.ar\/v1\/2025\/07\/27\/la-industria-cayo-fuerte-en-junio-y-las-pymes-alertan-sobre-nuevos-problemas\/\"},\"author\":{\"name\":\"Jorge Mi\u00f1o\",\"@id\":\"https:\/\/radioinfinitagoya.com.ar\/v1\/#\/schema\/person\/d4cf9c413d4f6edb24aabdccab49ca4a\"},\"headline\":\"La industria cay\u00f3 fuerte en junio y las pymes alertan sobre nuevos problemas\",\"datePublished\":\"2025-07-27T21:26:28+00:00\",\"mainEntityOfPage\":{\"@id\":\"https:\/\/radioinfinitagoya.com.ar\/v1\/2025\/07\/27\/la-industria-cayo-fuerte-en-junio-y-las-pymes-alertan-sobre-nuevos-problemas\/\"},\"wordCount\":347,\"publisher\":{\"@id\":\"https:\/\/radioinfinitagoya.com.ar\/v1\/#organization\"},\"image\":{\"@id\":\"https:\/\/radioinfinitagoya.com.ar\/v1\/2025\/07\/27\/la-industria-cayo-fuerte-en-junio-y-las-pymes-alertan-sobre-nuevos-problemas\/#primaryimage\"},\"thumbnailUrl\":\"https:\/\/radioinfinitagoya.com.ar\/v1\/wp-content\/uploads\/2025\/07\/1440529w619h352c.jpg.webp\",\"articleSection\":[\"NACIONALES\"],\"inLanguage\":\"es-AR\"},{\"@type\":\"WebPage\",\"@id\":\"https:\/\/radioinfinitagoya.com.ar\/v1\/2025\/07\/27\/la-industria-cayo-fuerte-en-junio-y-las-pymes-alertan-sobre-nuevos-problemas\/\",\"url\":\"https:\/\/radioinfinitagoya.com.ar\/v1\/2025\/07\/27\/la-industria-cayo-fuerte-en-junio-y-las-pymes-alertan-sobre-nuevos-problemas\/\",\"name\":\"La industria cay\u00f3 fuerte en junio y las pymes alertan sobre nuevos problemas - Radio Infinita Goya\",\"isPartOf\":{\"@id\":\"https:\/\/radioinfinitagoya.com.ar\/v1\/#website\"},\"primaryImageOfPage\":{\"@id\":\"https:\/\/radioinfinitagoya.com.ar\/v1\/2025\/07\/27\/la-industria-cayo-fuerte-en-junio-y-las-pymes-alertan-sobre-nuevos-problemas\/#primaryimage\"},\"image\":{\"@id\":\"https:\/\/radioinfinitagoya.com.ar\/v1\/2025\/07\/27\/la-industria-cayo-fuerte-en-junio-y-las-pymes-alertan-sobre-nuevos-problemas\/#primaryimage\"},\"thumbnailUrl\":\"https:\/\/radioinfinitagoya.com.ar\/v1\/wp-content\/uploads\/2025\/07\/1440529w619h352c.jpg.webp\",\"datePublished\":\"2025-07-27T21:26:28+00:00\",\"description\":\"Adem\u00e1s del estancamiento de la actividad y la apertura de importaciones, los industriales aseguran que la reciente volatilidad en las tasas de inter\u00e9s\",\"breadcrumb\":{\"@id\":\"https:\/\/radioinfinitagoya.com.ar\/v1\/2025\/07\/27\/la-industria-cayo-fuerte-en-junio-y-las-pymes-alertan-sobre-nuevos-problemas\/#breadcrumb\"},\"inLanguage\":\"es-AR\",\"potentialAction\":[{\"@type\":\"ReadAction\",\"target\":[\"https:\/\/radioinfinitagoya.com.ar\/v1\/2025\/07\/27\/la-industria-cayo-fuerte-en-junio-y-las-pymes-alertan-sobre-nuevos-problemas\/\"]}]},{\"@type\":\"ImageObject\",\"inLanguage\":\"es-AR\",\"@id\":\"https:\/\/radioinfinitagoya.com.ar\/v1\/2025\/07\/27\/la-industria-cayo-fuerte-en-junio-y-las-pymes-alertan-sobre-nuevos-problemas\/#primaryimage\",\"url\":\"https:\/\/radioinfinitagoya.com.ar\/v1\/wp-content\/uploads\/2025\/07\/1440529w619h352c.jpg.webp\",\"contentUrl\":\"https:\/\/radioinfinitagoya.com.ar\/v1\/wp-content\/uploads\/2025\/07\/1440529w619h352c.jpg.webp\",\"width\":619,\"height\":352},{\"@type\":\"BreadcrumbList\",\"@id\":\"https:\/\/radioinfinitagoya.com.ar\/v1\/2025\/07\/27\/la-industria-cayo-fuerte-en-junio-y-las-pymes-alertan-sobre-nuevos-problemas\/#breadcrumb\",\"itemListElement\":[{\"@type\":\"ListItem\",\"position\":1,\"name\":\"Inicio\",\"item\":\"https:\/\/radioinfinitagoya.com.ar\/v1\/\"},{\"@type\":\"ListItem\",\"position\":2,\"name\":\"La industria cay\u00f3 fuerte en junio y las pymes alertan sobre nuevos problemas\"}]},{\"@type\":\"WebSite\",\"@id\":\"https:\/\/radioinfinitagoya.com.ar\/v1\/#website\",\"url\":\"https:\/\/radioinfinitagoya.com.ar\/v1\/\",\"name\":\"radioinfinitagoya.com.ar\",\"description\":\"Radio de noticias\",\"publisher\":{\"@id\":\"https:\/\/radioinfinitagoya.com.ar\/v1\/#organization\"},\"potentialAction\":[{\"@type\":\"SearchAction\",\"target\":{\"@type\":\"EntryPoint\",\"urlTemplate\":\"https:\/\/radioinfinitagoya.com.ar\/v1\/?s={search_term_string}\"},\"query-input\":{\"@type\":\"PropertyValueSpecification\",\"valueRequired\":true,\"valueName\":\"search_term_string\"}}],\"inLanguage\":\"es-AR\"},{\"@type\":\"Organization\",\"@id\":\"https:\/\/radioinfinitagoya.com.ar\/v1\/#organization\",\"name\":\"Radio Infinita Goya\",\"url\":\"https:\/\/radioinfinitagoya.com.ar\/v1\/\",\"logo\":{\"@type\":\"ImageObject\",\"inLanguage\":\"es-AR\",\"@id\":\"https:\/\/radioinfinitagoya.com.ar\/v1\/#\/schema\/logo\/image\/\",\"url\":\"https:\/\/radioinfinitagoya.com.ar\/v1\/wp-content\/uploads\/2019\/11\/logo-pie-web.png\",\"contentUrl\":\"https:\/\/radioinfinitagoya.com.ar\/v1\/wp-content\/uploads\/2019\/11\/logo-pie-web.png\",\"width\":635,\"height\":326,\"caption\":\"Radio Infinita Goya\"},\"image\":{\"@id\":\"https:\/\/radioinfinitagoya.com.ar\/v1\/#\/schema\/logo\/image\/\"},\"sameAs\":[\"https:\/\/www.facebook.com\/p\/Infinita-Goya-100063870918311\/\"]},{\"@type\":\"Person\",\"@id\":\"https:\/\/radioinfinitagoya.com.ar\/v1\/#\/schema\/person\/d4cf9c413d4f6edb24aabdccab49ca4a\",\"name\":\"Jorge Mi\u00f1o\",\"image\":{\"@type\":\"ImageObject\",\"inLanguage\":\"es-AR\",\"@id\":\"https:\/\/secure.gravatar.com\/avatar\/910fcf6728fe95320e07a6643c1581fec1c7fc4bf8ae12e3d8f0d0373dc844be?s=96&d=mm&r=g\",\"url\":\"https:\/\/secure.gravatar.com\/avatar\/910fcf6728fe95320e07a6643c1581fec1c7fc4bf8ae12e3d8f0d0373dc844be?s=96&d=mm&r=g\",\"contentUrl\":\"https:\/\/secure.gravatar.com\/avatar\/910fcf6728fe95320e07a6643c1581fec1c7fc4bf8ae12e3d8f0d0373dc844be?s=96&d=mm&r=g\",\"caption\":\"Jorge Mi\u00f1o\"},\"sameAs\":[\"http:\/\/radioinfinitagoya.com.ar\"]}]}<\/script>\n<!-- \/ Yoast SEO plugin. -->","yoast_head_json":{"title":"La industria cay\u00f3 fuerte en junio y las pymes alertan sobre nuevos problemas - Radio Infinita Goya","description":"Adem\u00e1s del estancamiento de la actividad y la apertura de importaciones, los industriales aseguran que la reciente volatilidad en las tasas de inter\u00e9s","robots":{"index":"index","follow":"follow","max-snippet":"max-snippet:-1","max-image-preview":"max-image-preview:large","max-video-preview":"max-video-preview:-1"},"canonical":"https:\/\/radioinfinitagoya.com.ar\/v1\/2025\/07\/27\/la-industria-cayo-fuerte-en-junio-y-las-pymes-alertan-sobre-nuevos-problemas\/","og_locale":"es_ES","og_type":"article","og_title":"La industria cay\u00f3 fuerte en junio y las pymes alertan sobre nuevos problemas - Radio Infinita Goya","og_description":"Adem\u00e1s del estancamiento de la actividad y la apertura de importaciones, los industriales aseguran que la reciente volatilidad en las tasas de inter\u00e9s","og_url":"https:\/\/radioinfinitagoya.com.ar\/v1\/2025\/07\/27\/la-industria-cayo-fuerte-en-junio-y-las-pymes-alertan-sobre-nuevos-problemas\/","og_site_name":"Radio Infinita Goya","article_publisher":"https:\/\/www.facebook.com\/p\/Infinita-Goya-100063870918311\/","article_published_time":"2025-07-27T21:26:28+00:00","og_image":[{"width":619,"height":352,"url":"https:\/\/radioinfinitagoya.com.ar\/v1\/wp-content\/uploads\/2025\/07\/1440529w619h352c.jpg.webp","type":"image\/webp"}],"author":"Jorge Mi\u00f1o","twitter_card":"summary_large_image","twitter_misc":{"Escrito por":"Jorge Mi\u00f1o","Tiempo de lectura":"2 minutos"},"schema":{"@context":"https:\/\/schema.org","@graph":[{"@type":"Article","@id":"https:\/\/radioinfinitagoya.com.ar\/v1\/2025\/07\/27\/la-industria-cayo-fuerte-en-junio-y-las-pymes-alertan-sobre-nuevos-problemas\/#article","isPartOf":{"@id":"https:\/\/radioinfinitagoya.com.ar\/v1\/2025\/07\/27\/la-industria-cayo-fuerte-en-junio-y-las-pymes-alertan-sobre-nuevos-problemas\/"},"author":{"name":"Jorge Mi\u00f1o","@id":"https:\/\/radioinfinitagoya.com.ar\/v1\/#\/schema\/person\/d4cf9c413d4f6edb24aabdccab49ca4a"},"headline":"La industria cay\u00f3 fuerte en junio y las pymes alertan sobre nuevos problemas","datePublished":"2025-07-27T21:26:28+00:00","mainEntityOfPage":{"@id":"https:\/\/radioinfinitagoya.com.ar\/v1\/2025\/07\/27\/la-industria-cayo-fuerte-en-junio-y-las-pymes-alertan-sobre-nuevos-problemas\/"},"wordCount":347,"publisher":{"@id":"https:\/\/radioinfinitagoya.com.ar\/v1\/#organization"},"image":{"@id":"https:\/\/radioinfinitagoya.com.ar\/v1\/2025\/07\/27\/la-industria-cayo-fuerte-en-junio-y-las-pymes-alertan-sobre-nuevos-problemas\/#primaryimage"},"thumbnailUrl":"https:\/\/radioinfinitagoya.com.ar\/v1\/wp-content\/uploads\/2025\/07\/1440529w619h352c.jpg.webp","articleSection":["NACIONALES"],"inLanguage":"es-AR"},{"@type":"WebPage","@id":"https:\/\/radioinfinitagoya.com.ar\/v1\/2025\/07\/27\/la-industria-cayo-fuerte-en-junio-y-las-pymes-alertan-sobre-nuevos-problemas\/","url":"https:\/\/radioinfinitagoya.com.ar\/v1\/2025\/07\/27\/la-industria-cayo-fuerte-en-junio-y-las-pymes-alertan-sobre-nuevos-problemas\/","name":"La industria cay\u00f3 fuerte en junio y las pymes alertan sobre nuevos problemas - Radio Infinita Goya","isPartOf":{"@id":"https:\/\/radioinfinitagoya.com.ar\/v1\/#website"},"primaryImageOfPage":{"@id":"https:\/\/radioinfinitagoya.com.ar\/v1\/2025\/07\/27\/la-industria-cayo-fuerte-en-junio-y-las-pymes-alertan-sobre-nuevos-problemas\/#primaryimage"},"image":{"@id":"https:\/\/radioinfinitagoya.com.ar\/v1\/2025\/07\/27\/la-industria-cayo-fuerte-en-junio-y-las-pymes-alertan-sobre-nuevos-problemas\/#primaryimage"},"thumbnailUrl":"https:\/\/radioinfinitagoya.com.ar\/v1\/wp-content\/uploads\/2025\/07\/1440529w619h352c.jpg.webp","datePublished":"2025-07-27T21:26:28+00:00","description":"Adem\u00e1s del estancamiento de la actividad y la apertura de importaciones, los industriales aseguran que la reciente volatilidad en las tasas de inter\u00e9s","breadcrumb":{"@id":"https:\/\/radioinfinitagoya.com.ar\/v1\/2025\/07\/27\/la-industria-cayo-fuerte-en-junio-y-las-pymes-alertan-sobre-nuevos-problemas\/#breadcrumb"},"inLanguage":"es-AR","potentialAction":[{"@type":"ReadAction","target":["https:\/\/radioinfinitagoya.com.ar\/v1\/2025\/07\/27\/la-industria-cayo-fuerte-en-junio-y-las-pymes-alertan-sobre-nuevos-problemas\/"]}]},{"@type":"ImageObject","inLanguage":"es-AR","@id":"https:\/\/radioinfinitagoya.com.ar\/v1\/2025\/07\/27\/la-industria-cayo-fuerte-en-junio-y-las-pymes-alertan-sobre-nuevos-problemas\/#primaryimage","url":"https:\/\/radioinfinitagoya.com.ar\/v1\/wp-content\/uploads\/2025\/07\/1440529w619h352c.jpg.webp","contentUrl":"https:\/\/radioinfinitagoya.com.ar\/v1\/wp-content\/uploads\/2025\/07\/1440529w619h352c.jpg.webp","width":619,"height":352},{"@type":"BreadcrumbList","@id":"https:\/\/radioinfinitagoya.com.ar\/v1\/2025\/07\/27\/la-industria-cayo-fuerte-en-junio-y-las-pymes-alertan-sobre-nuevos-problemas\/#breadcrumb","itemListElement":[{"@type":"ListItem","position":1,"name":"Inicio","item":"https:\/\/radioinfinitagoya.com.ar\/v1\/"},{"@type":"ListItem","position":2,"name":"La industria cay\u00f3 fuerte en junio y las pymes alertan sobre nuevos problemas"}]},{"@type":"WebSite","@id":"https:\/\/radioinfinitagoya.com.ar\/v1\/#website","url":"https:\/\/radioinfinitagoya.com.ar\/v1\/","name":"radioinfinitagoya.com.ar","description":"Radio de noticias","publisher":{"@id":"https:\/\/radioinfinitagoya.com.ar\/v1\/#organization"},"potentialAction":[{"@type":"SearchAction","target":{"@type":"EntryPoint","urlTemplate":"https:\/\/radioinfinitagoya.com.ar\/v1\/?s={search_term_string}"},"query-input":{"@type":"PropertyValueSpecification","valueRequired":true,"valueName":"search_term_string"}}],"inLanguage":"es-AR"},{"@type":"Organization","@id":"https:\/\/radioinfinitagoya.com.ar\/v1\/#organization","name":"Radio Infinita Goya","url":"https:\/\/radioinfinitagoya.com.ar\/v1\/","logo":{"@type":"ImageObject","inLanguage":"es-AR","@id":"https:\/\/radioinfinitagoya.com.ar\/v1\/#\/schema\/logo\/image\/","url":"https:\/\/radioinfinitagoya.com.ar\/v1\/wp-content\/uploads\/2019\/11\/logo-pie-web.png","contentUrl":"https:\/\/radioinfinitagoya.com.ar\/v1\/wp-content\/uploads\/2019\/11\/logo-pie-web.png","width":635,"height":326,"caption":"Radio Infinita Goya"},"image":{"@id":"https:\/\/radioinfinitagoya.com.ar\/v1\/#\/schema\/logo\/image\/"},"sameAs":["https:\/\/www.facebook.com\/p\/Infinita-Goya-100063870918311\/"]},{"@type":"Person","@id":"https:\/\/radioinfinitagoya.com.ar\/v1\/#\/schema\/person\/d4cf9c413d4f6edb24aabdccab49ca4a","name":"Jorge Mi\u00f1o","image":{"@type":"ImageObject","inLanguage":"es-AR","@id":"https:\/\/secure.gravatar.com\/avatar\/910fcf6728fe95320e07a6643c1581fec1c7fc4bf8ae12e3d8f0d0373dc844be?s=96&d=mm&r=g","url":"https:\/\/secure.gravatar.com\/avatar\/910fcf6728fe95320e07a6643c1581fec1c7fc4bf8ae12e3d8f0d0373dc844be?s=96&d=mm&r=g","contentUrl":"https:\/\/secure.gravatar.com\/avatar\/910fcf6728fe95320e07a6643c1581fec1c7fc4bf8ae12e3d8f0d0373dc844be?s=96&d=mm&r=g","caption":"Jorge Mi\u00f1o"},"sameAs":["http:\/\/radioinfinitagoya.com.ar"]}]}},"_links":{"self":[{"href":"https:\/\/radioinfinitagoya.com.ar\/v1\/wp-json\/wp\/v2\/posts\/193435","targetHints":{"allow":["GET"]}}],"collection":[{"href":"https:\/\/radioinfinitagoya.com.ar\/v1\/wp-json\/wp\/v2\/posts"}],"about":[{"href":"https:\/\/radioinfinitagoya.com.ar\/v1\/wp-json\/wp\/v2\/types\/post"}],"author":[{"embeddable":true,"href":"https:\/\/radioinfinitagoya.com.ar\/v1\/wp-json\/wp\/v2\/users\/4"}],"replies":[{"embeddable":true,"href":"https:\/\/radioinfinitagoya.com.ar\/v1\/wp-json\/wp\/v2\/comments?post=193435"}],"version-history":[{"count":0,"href":"https:\/\/radioinfinitagoya.com.ar\/v1\/wp-json\/wp\/v2\/posts\/193435\/revisions"}],"wp:featuredmedia":[{"embeddable":true,"href":"https:\/\/radioinfinitagoya.com.ar\/v1\/wp-json\/wp\/v2\/media\/193436"}],"wp:attachment":[{"href":"https:\/\/radioinfinitagoya.com.ar\/v1\/wp-json\/wp\/v2\/media?parent=193435"}],"wp:term":[{"taxonomy":"category","embeddable":true,"href":"https:\/\/radioinfinitagoya.com.ar\/v1\/wp-json\/wp\/v2\/categories?post=193435"},{"taxonomy":"post_tag","embeddable":true,"href":"https:\/\/radioinfinitagoya.com.ar\/v1\/wp-json\/wp\/v2\/tags?post=193435"}],"curies":[{"name":"wp","href":"https:\/\/api.w.org\/{rel}","templated":true}]}}