{"id":193444,"date":"2025-07-27T18:36:30","date_gmt":"2025-07-27T21:36:30","guid":{"rendered":"https:\/\/radioinfinitagoya.com.ar\/v1\/?p=193444"},"modified":"2025-07-27T18:36:30","modified_gmt":"2025-07-27T21:36:30","slug":"goya-se-prepara-para-vivir-el-29o-concurso-argentino-de-pesca-variada-embarcada","status":"publish","type":"post","link":"https:\/\/radioinfinitagoya.com.ar\/v1\/2025\/07\/27\/goya-se-prepara-para-vivir-el-29o-concurso-argentino-de-pesca-variada-embarcada\/","title":{"rendered":"Goya se prepara para vivir el 29\u00ba Concurso Argentino de Pesca Variada Embarcada"},"content":{"rendered":"<p>Desde el 1 al 3 de agosto, Goya ser\u00e1 sede de un nuevo certamen de pesca deportiva, donde se podr\u00e1 disfrutar de m\u00fasica, sabores t\u00edpicos, Elecci\u00f3n de Reina, Exposici\u00f3n y muestra del potencial comercial, industrial y de emprendedores, paseo gastron\u00f3mico, largada de las embarcaciones y gran cena clausura entrega de premios.<\/p>\n<p><img loading=\"lazy\" decoding=\"async\" class=\"alignnone size-full wp-image-193445\" src=\"https:\/\/radioinfinitagoya.com.ar\/v1\/wp-content\/uploads\/2025\/07\/descarga-17-1.jpg\" alt=\"\" width=\"1080\" height=\"1350\" srcset=\"https:\/\/radioinfinitagoya.com.ar\/v1\/wp-content\/uploads\/2025\/07\/descarga-17-1.jpg 1080w, https:\/\/radioinfinitagoya.com.ar\/v1\/wp-content\/uploads\/2025\/07\/descarga-17-1-696x870.jpg 696w, https:\/\/radioinfinitagoya.com.ar\/v1\/wp-content\/uploads\/2025\/07\/descarga-17-1-1068x1335.jpg 1068w, https:\/\/radioinfinitagoya.com.ar\/v1\/wp-content\/uploads\/2025\/07\/descarga-17-1-336x420.jpg 336w\" sizes=\"auto, (max-width: 1080px) 100vw, 1080px\" \/><\/p>\n<p>Para la apertura de la 29\u00aa Edici\u00f3n, se anuncian artistas locales, regionales y de trayectoria nacional en diferentes escenarios para el Festival, que incluye la elaboraci\u00f3n de platos t\u00edpicos por parte de las barras pesqueras participantes, todos los d\u00edas con acceso libre y gratuito.<\/p>\n<p><img loading=\"lazy\" decoding=\"async\" class=\"alignnone size-full wp-image-193446\" src=\"https:\/\/radioinfinitagoya.com.ar\/v1\/wp-content\/uploads\/2025\/07\/descarga-16-1.jpg\" alt=\"\" width=\"1080\" height=\"1350\" srcset=\"https:\/\/radioinfinitagoya.com.ar\/v1\/wp-content\/uploads\/2025\/07\/descarga-16-1.jpg 1080w, https:\/\/radioinfinitagoya.com.ar\/v1\/wp-content\/uploads\/2025\/07\/descarga-16-1-696x870.jpg 696w, https:\/\/radioinfinitagoya.com.ar\/v1\/wp-content\/uploads\/2025\/07\/descarga-16-1-1068x1335.jpg 1068w, https:\/\/radioinfinitagoya.com.ar\/v1\/wp-content\/uploads\/2025\/07\/descarga-16-1-336x420.jpg 336w\" sizes=\"auto, (max-width: 1080px) 100vw, 1080px\" \/><\/p>\n<p>La noche inaugural est\u00e1 prevista el viernes 1 de agosto a partir de las 21 horas, actuar\u00e1n en el escenario Mayo Juan Mellero del Multiespacio Ferial Costa Surub\u00ed: Ballet El Trovador, apertura con las palabras de las autoridades; presentaci\u00f3n de las candidatas a reina, Angiru; &#8220;Cuerdas Chamameceras&#8221; y Los Boffil.<\/p>\n<p>Para el s\u00e1bado, d\u00eda de la elecci\u00f3n de la Reina del Concurso Pesquero, actuar\u00e1n: Ballet El Trovador; The Refuge of the Dance; elecci\u00f3n de reina y princesas; Tres Sodas; Santiago Ca\u00f1ete y el cierre a cargo de Agrupaci\u00f3n Marylin.<\/p>\n<p><img loading=\"lazy\" decoding=\"async\" class=\"alignnone size-full wp-image-193447\" src=\"https:\/\/radioinfinitagoya.com.ar\/v1\/wp-content\/uploads\/2025\/07\/descarga-15-1.jpg\" alt=\"\" width=\"1080\" height=\"1350\" srcset=\"https:\/\/radioinfinitagoya.com.ar\/v1\/wp-content\/uploads\/2025\/07\/descarga-15-1.jpg 1080w, https:\/\/radioinfinitagoya.com.ar\/v1\/wp-content\/uploads\/2025\/07\/descarga-15-1-696x870.jpg 696w, https:\/\/radioinfinitagoya.com.ar\/v1\/wp-content\/uploads\/2025\/07\/descarga-15-1-1068x1335.jpg 1068w, https:\/\/radioinfinitagoya.com.ar\/v1\/wp-content\/uploads\/2025\/07\/descarga-15-1-336x420.jpg 336w\" sizes=\"auto, (max-width: 1080px) 100vw, 1080px\" \/><\/p>\n<p>El domingo 3 de agosto, el festival dar\u00e1 inicio desde las 17 y 30 horas con la presentaci\u00f3n de: DJ Fabi Canteros; Adawaia Belly Dance; La Banda de Carlitos; Kill Dance Academia; Banda QR; Bant\u00fa y el cierre a cargo de unos de los representantes de la Cumbia Rom\u00e1ntica &#8220;Los Charros&#8221;.<\/p>\n<p>Recordamos que todas las jornadas de festival y elecci\u00f3n de reina en el Multiespacio Ferial &#8220;Costa Surub\u00ed&#8221; es con entrada libre y gratuita.<\/p>\n<p>Direcci\u00f3n de Prensa-Municipalidad de Goya<\/p>\n","protected":false},"excerpt":{"rendered":"<p>Desde el 1 al 3 de agosto, Goya ser\u00e1 sede de un nuevo certamen de pesca deportiva, donde se podr\u00e1 disfrutar de m\u00fasica, sabores t\u00edpicos, Elecci\u00f3n de Reina, Exposici\u00f3n y muestra del potencial comercial, industrial y de emprendedores, paseo gastron\u00f3mico, largada de las embarcaciones y gran cena clausura entrega de premios. Para la apertura de [&hellip;]<\/p>\n","protected":false},"author":4,"featured_media":193448,"comment_status":"closed","ping_status":"closed","sticky":false,"template":"","format":"standard","meta":{"_joinchat":[],"footnotes":""},"categories":[27],"tags":[],"class_list":{"0":"post-193444","1":"post","2":"type-post","3":"status-publish","4":"format-standard","5":"has-post-thumbnail","7":"category-locales"},"yoast_head":"<!-- This site is optimized with the Yoast SEO plugin v27.2 - https:\/\/yoast.com\/product\/yoast-seo-wordpress\/ -->\n<title>Goya se prepara para vivir el 29\u00ba Concurso Argentino de Pesca Variada Embarcada - Radio Infinita Goya<\/title>\n<meta name=\"description\" content=\"Desde el 1 al 3 de agosto, Goya ser\u00e1 sede de un nuevo certamen de pesca deportiva, donde se podr\u00e1 disfrutar de m\u00fasica, sabores t\u00edpicos, Elecci\u00f3n de Reina,\" \/>\n<meta name=\"robots\" content=\"index, follow, max-snippet:-1, max-image-preview:large, max-video-preview:-1\" \/>\n<link rel=\"canonical\" href=\"https:\/\/radioinfinitagoya.com.ar\/v1\/2025\/07\/27\/goya-se-prepara-para-vivir-el-29o-concurso-argentino-de-pesca-variada-embarcada\/\" \/>\n<meta property=\"og:locale\" content=\"es_ES\" \/>\n<meta property=\"og:type\" content=\"article\" \/>\n<meta property=\"og:title\" content=\"Goya se prepara para vivir el 29\u00ba Concurso Argentino de Pesca Variada Embarcada - Radio Infinita Goya\" \/>\n<meta property=\"og:description\" content=\"Desde el 1 al 3 de agosto, Goya ser\u00e1 sede de un nuevo certamen de pesca deportiva, donde se podr\u00e1 disfrutar de m\u00fasica, sabores t\u00edpicos, Elecci\u00f3n de Reina,\" \/>\n<meta property=\"og:url\" content=\"https:\/\/radioinfinitagoya.com.ar\/v1\/2025\/07\/27\/goya-se-prepara-para-vivir-el-29o-concurso-argentino-de-pesca-variada-embarcada\/\" \/>\n<meta property=\"og:site_name\" content=\"Radio Infinita Goya\" \/>\n<meta property=\"article:publisher\" content=\"https:\/\/www.facebook.com\/p\/Infinita-Goya-100063870918311\/\" \/>\n<meta property=\"article:published_time\" content=\"2025-07-27T21:36:30+00:00\" \/>\n<meta property=\"og:image\" content=\"https:\/\/radioinfinitagoya.com.ar\/v1\/wp-content\/uploads\/2025\/07\/2-1.jpg\" \/>\n\t<meta property=\"og:image:width\" content=\"1080\" \/>\n\t<meta property=\"og:image:height\" content=\"1350\" \/>\n\t<meta property=\"og:image:type\" content=\"image\/jpeg\" \/>\n<meta name=\"author\" content=\"Jorge Mi\u00f1o\" \/>\n<meta name=\"twitter:card\" content=\"summary_large_image\" \/>\n<meta name=\"twitter:label1\" content=\"Escrito por\" \/>\n\t<meta name=\"twitter:data1\" content=\"Jorge Mi\u00f1o\" \/>\n\t<meta name=\"twitter:label2\" content=\"Tiempo de lectura\" \/>\n\t<meta name=\"twitter:data2\" content=\"3 minutos\" \/>\n<script type=\"application\/ld+json\" class=\"yoast-schema-graph\">{\"@context\":\"https:\/\/schema.org\",\"@graph\":[{\"@type\":\"Article\",\"@id\":\"https:\/\/radioinfinitagoya.com.ar\/v1\/2025\/07\/27\/goya-se-prepara-para-vivir-el-29o-concurso-argentino-de-pesca-variada-embarcada\/#article\",\"isPartOf\":{\"@id\":\"https:\/\/radioinfinitagoya.com.ar\/v1\/2025\/07\/27\/goya-se-prepara-para-vivir-el-29o-concurso-argentino-de-pesca-variada-embarcada\/\"},\"author\":{\"name\":\"Jorge Mi\u00f1o\",\"@id\":\"https:\/\/radioinfinitagoya.com.ar\/v1\/#\/schema\/person\/d4cf9c413d4f6edb24aabdccab49ca4a\"},\"headline\":\"Goya se prepara para vivir el 29\u00ba Concurso Argentino de Pesca Variada Embarcada\",\"datePublished\":\"2025-07-27T21:36:30+00:00\",\"mainEntityOfPage\":{\"@id\":\"https:\/\/radioinfinitagoya.com.ar\/v1\/2025\/07\/27\/goya-se-prepara-para-vivir-el-29o-concurso-argentino-de-pesca-variada-embarcada\/\"},\"wordCount\":289,\"publisher\":{\"@id\":\"https:\/\/radioinfinitagoya.com.ar\/v1\/#organization\"},\"image\":{\"@id\":\"https:\/\/radioinfinitagoya.com.ar\/v1\/2025\/07\/27\/goya-se-prepara-para-vivir-el-29o-concurso-argentino-de-pesca-variada-embarcada\/#primaryimage\"},\"thumbnailUrl\":\"https:\/\/radioinfinitagoya.com.ar\/v1\/wp-content\/uploads\/2025\/07\/2-1.jpg\",\"articleSection\":[\"LOCALES\"],\"inLanguage\":\"es-AR\"},{\"@type\":\"WebPage\",\"@id\":\"https:\/\/radioinfinitagoya.com.ar\/v1\/2025\/07\/27\/goya-se-prepara-para-vivir-el-29o-concurso-argentino-de-pesca-variada-embarcada\/\",\"url\":\"https:\/\/radioinfinitagoya.com.ar\/v1\/2025\/07\/27\/goya-se-prepara-para-vivir-el-29o-concurso-argentino-de-pesca-variada-embarcada\/\",\"name\":\"Goya se prepara para vivir el 29\u00ba Concurso Argentino de Pesca Variada Embarcada - Radio Infinita Goya\",\"isPartOf\":{\"@id\":\"https:\/\/radioinfinitagoya.com.ar\/v1\/#website\"},\"primaryImageOfPage\":{\"@id\":\"https:\/\/radioinfinitagoya.com.ar\/v1\/2025\/07\/27\/goya-se-prepara-para-vivir-el-29o-concurso-argentino-de-pesca-variada-embarcada\/#primaryimage\"},\"image\":{\"@id\":\"https:\/\/radioinfinitagoya.com.ar\/v1\/2025\/07\/27\/goya-se-prepara-para-vivir-el-29o-concurso-argentino-de-pesca-variada-embarcada\/#primaryimage\"},\"thumbnailUrl\":\"https:\/\/radioinfinitagoya.com.ar\/v1\/wp-content\/uploads\/2025\/07\/2-1.jpg\",\"datePublished\":\"2025-07-27T21:36:30+00:00\",\"description\":\"Desde el 1 al 3 de agosto, Goya ser\u00e1 sede de un nuevo certamen de pesca deportiva, donde se podr\u00e1 disfrutar de m\u00fasica, sabores t\u00edpicos, Elecci\u00f3n de Reina,\",\"breadcrumb\":{\"@id\":\"https:\/\/radioinfinitagoya.com.ar\/v1\/2025\/07\/27\/goya-se-prepara-para-vivir-el-29o-concurso-argentino-de-pesca-variada-embarcada\/#breadcrumb\"},\"inLanguage\":\"es-AR\",\"potentialAction\":[{\"@type\":\"ReadAction\",\"target\":[\"https:\/\/radioinfinitagoya.com.ar\/v1\/2025\/07\/27\/goya-se-prepara-para-vivir-el-29o-concurso-argentino-de-pesca-variada-embarcada\/\"]}]},{\"@type\":\"ImageObject\",\"inLanguage\":\"es-AR\",\"@id\":\"https:\/\/radioinfinitagoya.com.ar\/v1\/2025\/07\/27\/goya-se-prepara-para-vivir-el-29o-concurso-argentino-de-pesca-variada-embarcada\/#primaryimage\",\"url\":\"https:\/\/radioinfinitagoya.com.ar\/v1\/wp-content\/uploads\/2025\/07\/2-1.jpg\",\"contentUrl\":\"https:\/\/radioinfinitagoya.com.ar\/v1\/wp-content\/uploads\/2025\/07\/2-1.jpg\",\"width\":1080,\"height\":1350},{\"@type\":\"BreadcrumbList\",\"@id\":\"https:\/\/radioinfinitagoya.com.ar\/v1\/2025\/07\/27\/goya-se-prepara-para-vivir-el-29o-concurso-argentino-de-pesca-variada-embarcada\/#breadcrumb\",\"itemListElement\":[{\"@type\":\"ListItem\",\"position\":1,\"name\":\"Inicio\",\"item\":\"https:\/\/radioinfinitagoya.com.ar\/v1\/\"},{\"@type\":\"ListItem\",\"position\":2,\"name\":\"Goya se prepara para vivir el 29\u00ba Concurso Argentino de Pesca Variada Embarcada\"}]},{\"@type\":\"WebSite\",\"@id\":\"https:\/\/radioinfinitagoya.com.ar\/v1\/#website\",\"url\":\"https:\/\/radioinfinitagoya.com.ar\/v1\/\",\"name\":\"radioinfinitagoya.com.ar\",\"description\":\"Radio de noticias\",\"publisher\":{\"@id\":\"https:\/\/radioinfinitagoya.com.ar\/v1\/#organization\"},\"potentialAction\":[{\"@type\":\"SearchAction\",\"target\":{\"@type\":\"EntryPoint\",\"urlTemplate\":\"https:\/\/radioinfinitagoya.com.ar\/v1\/?s={search_term_string}\"},\"query-input\":{\"@type\":\"PropertyValueSpecification\",\"valueRequired\":true,\"valueName\":\"search_term_string\"}}],\"inLanguage\":\"es-AR\"},{\"@type\":\"Organization\",\"@id\":\"https:\/\/radioinfinitagoya.com.ar\/v1\/#organization\",\"name\":\"Radio Infinita Goya\",\"url\":\"https:\/\/radioinfinitagoya.com.ar\/v1\/\",\"logo\":{\"@type\":\"ImageObject\",\"inLanguage\":\"es-AR\",\"@id\":\"https:\/\/radioinfinitagoya.com.ar\/v1\/#\/schema\/logo\/image\/\",\"url\":\"https:\/\/radioinfinitagoya.com.ar\/v1\/wp-content\/uploads\/2019\/11\/logo-pie-web.png\",\"contentUrl\":\"https:\/\/radioinfinitagoya.com.ar\/v1\/wp-content\/uploads\/2019\/11\/logo-pie-web.png\",\"width\":635,\"height\":326,\"caption\":\"Radio Infinita Goya\"},\"image\":{\"@id\":\"https:\/\/radioinfinitagoya.com.ar\/v1\/#\/schema\/logo\/image\/\"},\"sameAs\":[\"https:\/\/www.facebook.com\/p\/Infinita-Goya-100063870918311\/\"]},{\"@type\":\"Person\",\"@id\":\"https:\/\/radioinfinitagoya.com.ar\/v1\/#\/schema\/person\/d4cf9c413d4f6edb24aabdccab49ca4a\",\"name\":\"Jorge Mi\u00f1o\",\"image\":{\"@type\":\"ImageObject\",\"inLanguage\":\"es-AR\",\"@id\":\"https:\/\/secure.gravatar.com\/avatar\/910fcf6728fe95320e07a6643c1581fec1c7fc4bf8ae12e3d8f0d0373dc844be?s=96&d=mm&r=g\",\"url\":\"https:\/\/secure.gravatar.com\/avatar\/910fcf6728fe95320e07a6643c1581fec1c7fc4bf8ae12e3d8f0d0373dc844be?s=96&d=mm&r=g\",\"contentUrl\":\"https:\/\/secure.gravatar.com\/avatar\/910fcf6728fe95320e07a6643c1581fec1c7fc4bf8ae12e3d8f0d0373dc844be?s=96&d=mm&r=g\",\"caption\":\"Jorge Mi\u00f1o\"},\"sameAs\":[\"http:\/\/radioinfinitagoya.com.ar\"]}]}<\/script>\n<!-- \/ Yoast SEO plugin. -->","yoast_head_json":{"title":"Goya se prepara para vivir el 29\u00ba Concurso Argentino de Pesca Variada Embarcada - Radio Infinita Goya","description":"Desde el 1 al 3 de agosto, Goya ser\u00e1 sede de un nuevo certamen de pesca deportiva, donde se podr\u00e1 disfrutar de m\u00fasica, sabores t\u00edpicos, Elecci\u00f3n de Reina,","robots":{"index":"index","follow":"follow","max-snippet":"max-snippet:-1","max-image-preview":"max-image-preview:large","max-video-preview":"max-video-preview:-1"},"canonical":"https:\/\/radioinfinitagoya.com.ar\/v1\/2025\/07\/27\/goya-se-prepara-para-vivir-el-29o-concurso-argentino-de-pesca-variada-embarcada\/","og_locale":"es_ES","og_type":"article","og_title":"Goya se prepara para vivir el 29\u00ba Concurso Argentino de Pesca Variada Embarcada - Radio Infinita Goya","og_description":"Desde el 1 al 3 de agosto, Goya ser\u00e1 sede de un nuevo certamen de pesca deportiva, donde se podr\u00e1 disfrutar de m\u00fasica, sabores t\u00edpicos, Elecci\u00f3n de Reina,","og_url":"https:\/\/radioinfinitagoya.com.ar\/v1\/2025\/07\/27\/goya-se-prepara-para-vivir-el-29o-concurso-argentino-de-pesca-variada-embarcada\/","og_site_name":"Radio Infinita Goya","article_publisher":"https:\/\/www.facebook.com\/p\/Infinita-Goya-100063870918311\/","article_published_time":"2025-07-27T21:36:30+00:00","og_image":[{"width":1080,"height":1350,"url":"https:\/\/radioinfinitagoya.com.ar\/v1\/wp-content\/uploads\/2025\/07\/2-1.jpg","type":"image\/jpeg"}],"author":"Jorge Mi\u00f1o","twitter_card":"summary_large_image","twitter_misc":{"Escrito por":"Jorge Mi\u00f1o","Tiempo de lectura":"3 minutos"},"schema":{"@context":"https:\/\/schema.org","@graph":[{"@type":"Article","@id":"https:\/\/radioinfinitagoya.com.ar\/v1\/2025\/07\/27\/goya-se-prepara-para-vivir-el-29o-concurso-argentino-de-pesca-variada-embarcada\/#article","isPartOf":{"@id":"https:\/\/radioinfinitagoya.com.ar\/v1\/2025\/07\/27\/goya-se-prepara-para-vivir-el-29o-concurso-argentino-de-pesca-variada-embarcada\/"},"author":{"name":"Jorge Mi\u00f1o","@id":"https:\/\/radioinfinitagoya.com.ar\/v1\/#\/schema\/person\/d4cf9c413d4f6edb24aabdccab49ca4a"},"headline":"Goya se prepara para vivir el 29\u00ba Concurso Argentino de Pesca Variada Embarcada","datePublished":"2025-07-27T21:36:30+00:00","mainEntityOfPage":{"@id":"https:\/\/radioinfinitagoya.com.ar\/v1\/2025\/07\/27\/goya-se-prepara-para-vivir-el-29o-concurso-argentino-de-pesca-variada-embarcada\/"},"wordCount":289,"publisher":{"@id":"https:\/\/radioinfinitagoya.com.ar\/v1\/#organization"},"image":{"@id":"https:\/\/radioinfinitagoya.com.ar\/v1\/2025\/07\/27\/goya-se-prepara-para-vivir-el-29o-concurso-argentino-de-pesca-variada-embarcada\/#primaryimage"},"thumbnailUrl":"https:\/\/radioinfinitagoya.com.ar\/v1\/wp-content\/uploads\/2025\/07\/2-1.jpg","articleSection":["LOCALES"],"inLanguage":"es-AR"},{"@type":"WebPage","@id":"https:\/\/radioinfinitagoya.com.ar\/v1\/2025\/07\/27\/goya-se-prepara-para-vivir-el-29o-concurso-argentino-de-pesca-variada-embarcada\/","url":"https:\/\/radioinfinitagoya.com.ar\/v1\/2025\/07\/27\/goya-se-prepara-para-vivir-el-29o-concurso-argentino-de-pesca-variada-embarcada\/","name":"Goya se prepara para vivir el 29\u00ba Concurso Argentino de Pesca Variada Embarcada - Radio Infinita Goya","isPartOf":{"@id":"https:\/\/radioinfinitagoya.com.ar\/v1\/#website"},"primaryImageOfPage":{"@id":"https:\/\/radioinfinitagoya.com.ar\/v1\/2025\/07\/27\/goya-se-prepara-para-vivir-el-29o-concurso-argentino-de-pesca-variada-embarcada\/#primaryimage"},"image":{"@id":"https:\/\/radioinfinitagoya.com.ar\/v1\/2025\/07\/27\/goya-se-prepara-para-vivir-el-29o-concurso-argentino-de-pesca-variada-embarcada\/#primaryimage"},"thumbnailUrl":"https:\/\/radioinfinitagoya.com.ar\/v1\/wp-content\/uploads\/2025\/07\/2-1.jpg","datePublished":"2025-07-27T21:36:30+00:00","description":"Desde el 1 al 3 de agosto, Goya ser\u00e1 sede de un nuevo certamen de pesca deportiva, donde se podr\u00e1 disfrutar de m\u00fasica, sabores t\u00edpicos, Elecci\u00f3n de Reina,","breadcrumb":{"@id":"https:\/\/radioinfinitagoya.com.ar\/v1\/2025\/07\/27\/goya-se-prepara-para-vivir-el-29o-concurso-argentino-de-pesca-variada-embarcada\/#breadcrumb"},"inLanguage":"es-AR","potentialAction":[{"@type":"ReadAction","target":["https:\/\/radioinfinitagoya.com.ar\/v1\/2025\/07\/27\/goya-se-prepara-para-vivir-el-29o-concurso-argentino-de-pesca-variada-embarcada\/"]}]},{"@type":"ImageObject","inLanguage":"es-AR","@id":"https:\/\/radioinfinitagoya.com.ar\/v1\/2025\/07\/27\/goya-se-prepara-para-vivir-el-29o-concurso-argentino-de-pesca-variada-embarcada\/#primaryimage","url":"https:\/\/radioinfinitagoya.com.ar\/v1\/wp-content\/uploads\/2025\/07\/2-1.jpg","contentUrl":"https:\/\/radioinfinitagoya.com.ar\/v1\/wp-content\/uploads\/2025\/07\/2-1.jpg","width":1080,"height":1350},{"@type":"BreadcrumbList","@id":"https:\/\/radioinfinitagoya.com.ar\/v1\/2025\/07\/27\/goya-se-prepara-para-vivir-el-29o-concurso-argentino-de-pesca-variada-embarcada\/#breadcrumb","itemListElement":[{"@type":"ListItem","position":1,"name":"Inicio","item":"https:\/\/radioinfinitagoya.com.ar\/v1\/"},{"@type":"ListItem","position":2,"name":"Goya se prepara para vivir el 29\u00ba Concurso Argentino de Pesca Variada Embarcada"}]},{"@type":"WebSite","@id":"https:\/\/radioinfinitagoya.com.ar\/v1\/#website","url":"https:\/\/radioinfinitagoya.com.ar\/v1\/","name":"radioinfinitagoya.com.ar","description":"Radio de noticias","publisher":{"@id":"https:\/\/radioinfinitagoya.com.ar\/v1\/#organization"},"potentialAction":[{"@type":"SearchAction","target":{"@type":"EntryPoint","urlTemplate":"https:\/\/radioinfinitagoya.com.ar\/v1\/?s={search_term_string}"},"query-input":{"@type":"PropertyValueSpecification","valueRequired":true,"valueName":"search_term_string"}}],"inLanguage":"es-AR"},{"@type":"Organization","@id":"https:\/\/radioinfinitagoya.com.ar\/v1\/#organization","name":"Radio Infinita Goya","url":"https:\/\/radioinfinitagoya.com.ar\/v1\/","logo":{"@type":"ImageObject","inLanguage":"es-AR","@id":"https:\/\/radioinfinitagoya.com.ar\/v1\/#\/schema\/logo\/image\/","url":"https:\/\/radioinfinitagoya.com.ar\/v1\/wp-content\/uploads\/2019\/11\/logo-pie-web.png","contentUrl":"https:\/\/radioinfinitagoya.com.ar\/v1\/wp-content\/uploads\/2019\/11\/logo-pie-web.png","width":635,"height":326,"caption":"Radio Infinita Goya"},"image":{"@id":"https:\/\/radioinfinitagoya.com.ar\/v1\/#\/schema\/logo\/image\/"},"sameAs":["https:\/\/www.facebook.com\/p\/Infinita-Goya-100063870918311\/"]},{"@type":"Person","@id":"https:\/\/radioinfinitagoya.com.ar\/v1\/#\/schema\/person\/d4cf9c413d4f6edb24aabdccab49ca4a","name":"Jorge Mi\u00f1o","image":{"@type":"ImageObject","inLanguage":"es-AR","@id":"https:\/\/secure.gravatar.com\/avatar\/910fcf6728fe95320e07a6643c1581fec1c7fc4bf8ae12e3d8f0d0373dc844be?s=96&d=mm&r=g","url":"https:\/\/secure.gravatar.com\/avatar\/910fcf6728fe95320e07a6643c1581fec1c7fc4bf8ae12e3d8f0d0373dc844be?s=96&d=mm&r=g","contentUrl":"https:\/\/secure.gravatar.com\/avatar\/910fcf6728fe95320e07a6643c1581fec1c7fc4bf8ae12e3d8f0d0373dc844be?s=96&d=mm&r=g","caption":"Jorge Mi\u00f1o"},"sameAs":["http:\/\/radioinfinitagoya.com.ar"]}]}},"_links":{"self":[{"href":"https:\/\/radioinfinitagoya.com.ar\/v1\/wp-json\/wp\/v2\/posts\/193444","targetHints":{"allow":["GET"]}}],"collection":[{"href":"https:\/\/radioinfinitagoya.com.ar\/v1\/wp-json\/wp\/v2\/posts"}],"about":[{"href":"https:\/\/radioinfinitagoya.com.ar\/v1\/wp-json\/wp\/v2\/types\/post"}],"author":[{"embeddable":true,"href":"https:\/\/radioinfinitagoya.com.ar\/v1\/wp-json\/wp\/v2\/users\/4"}],"replies":[{"embeddable":true,"href":"https:\/\/radioinfinitagoya.com.ar\/v1\/wp-json\/wp\/v2\/comments?post=193444"}],"version-history":[{"count":0,"href":"https:\/\/radioinfinitagoya.com.ar\/v1\/wp-json\/wp\/v2\/posts\/193444\/revisions"}],"wp:featuredmedia":[{"embeddable":true,"href":"https:\/\/radioinfinitagoya.com.ar\/v1\/wp-json\/wp\/v2\/media\/193448"}],"wp:attachment":[{"href":"https:\/\/radioinfinitagoya.com.ar\/v1\/wp-json\/wp\/v2\/media?parent=193444"}],"wp:term":[{"taxonomy":"category","embeddable":true,"href":"https:\/\/radioinfinitagoya.com.ar\/v1\/wp-json\/wp\/v2\/categories?post=193444"},{"taxonomy":"post_tag","embeddable":true,"href":"https:\/\/radioinfinitagoya.com.ar\/v1\/wp-json\/wp\/v2\/tags?post=193444"}],"curies":[{"name":"wp","href":"https:\/\/api.w.org\/{rel}","templated":true}]}}