{"id":193450,"date":"2025-07-27T18:38:22","date_gmt":"2025-07-27T21:38:22","guid":{"rendered":"https:\/\/radioinfinitagoya.com.ar\/v1\/?p=193450"},"modified":"2025-07-27T18:38:22","modified_gmt":"2025-07-27T21:38:22","slug":"workshop-internacional-afro-latino-en-el-teatro-municipal","status":"publish","type":"post","link":"https:\/\/radioinfinitagoya.com.ar\/v1\/2025\/07\/27\/workshop-internacional-afro-latino-en-el-teatro-municipal\/","title":{"rendered":"Workshop Internacional: &#8220;afro latino&#8221; en el Teatro Municipal"},"content":{"rendered":"<p>La Secretaria de Gobierno de la Municipalidad de Goya, por medio de la Direcci\u00f3n de Cultura brindar\u00e1 este espacio a cargo de las profesoras Marta Bercy y Ana Mar\u00eda Trainini, los d\u00edas jueves 31 de julio y viernes 1 y s\u00e1bado 2 de agosto en el Teatro Municipal de nuestra ciudad.<\/p>\n<p>La programaci\u00f3n elaborada para esos d\u00edas contempla las siguientes actividades:<\/p>\n<p>Jueves 31 de julio: de 19 a 21 horas; Danza Contempor\u00e1nea.<\/p>\n<p>Viernes 01 de agosto: de 11 a 13 horas; Folklore Afro y Rumba<\/p>\n<p>S\u00e1bado 02 de agosto: de 10 y 30 a 12 horas; Taller creativo Ni\u00f1os y Familia.<\/p>\n<p>Marta Bercy (Cuba) Directora Art\u00edstica, Core\u00f3grafa y Founder de &#8220;Workuba&#8221; (workshop internacional de danza y bailes afrolatinos) y Escuela Marta Bercy-Cuba Dance.<\/p>\n<p>Como Bailarina, se form\u00f3 en Ballet, Danza Moderna y Folklore Afrocubano, comenzando su carrera de Bailarina en 1970, participando en diferentes Espect\u00e1culos en los m\u00e1s importantes Teatros de Cuba, Angola, Congo, Alemania, Hungr\u00eda, Rusia, Bulgaria, entre otros.<\/p>\n<p>Marta Bercy, ha recibido en Cuba, la categor\u00eda art\u00edstica de Maestra de Primer Nivel, la m\u00e1s alta calificaci\u00f3n art\u00edstica del pa\u00eds caribe\u00f1o, otorgada por el Ministerio de Cultura de Cuba.<\/p>\n<p>Ha impartido Talleres en: Universidad de las Artes (General Roca); Tucum\u00e1n; Ballet Liliana Biagini y Academia Danzario Latinoamericano (Salta); Escuela Provincial Norma Fontenla (S.S Jujuy); C\u00f3rdoba; Ballet Marta L\u00e9rtora (Mendoza); Cipolletti; Bah\u00eda Blanca, Rosario, Pasaje Dardo Rocha (La Plata); Estudio Terps\u00edcore (Catamarca); Prov. San Juan; Teatro Municipal de Goya, Prov. Corrientes, entre otros.<\/p>\n<p>Desde marzo de 2013, es ciudadana argentina.<\/p>\n<p>Para recabar mayor informaci\u00f3n sobre esta propuesta cultural-art\u00edstica podr\u00e1n consultar al tel\u00e9fono 3777-472567.<\/p>\n<p>Direcci\u00f3n de Prensa-Municipalidad de Goya<\/p>\n","protected":false},"excerpt":{"rendered":"<p>La Secretaria de Gobierno de la Municipalidad de Goya, por medio de la Direcci\u00f3n de Cultura brindar\u00e1 este espacio a cargo de las profesoras Marta Bercy y Ana Mar\u00eda Trainini, los d\u00edas jueves 31 de julio y viernes 1 y s\u00e1bado 2 de agosto en el Teatro Municipal de nuestra ciudad. La programaci\u00f3n elaborada para [&hellip;]<\/p>\n","protected":false},"author":4,"featured_media":193451,"comment_status":"closed","ping_status":"closed","sticky":false,"template":"","format":"standard","meta":{"_joinchat":[],"footnotes":""},"categories":[27],"tags":[],"class_list":{"0":"post-193450","1":"post","2":"type-post","3":"status-publish","4":"format-standard","5":"has-post-thumbnail","7":"category-locales"},"yoast_head":"<!-- This site is optimized with the Yoast SEO plugin v27.2 - https:\/\/yoast.com\/product\/yoast-seo-wordpress\/ -->\n<title>Workshop Internacional: &quot;afro latino&quot; en el Teatro Municipal - Radio Infinita Goya<\/title>\n<meta name=\"description\" content=\"La Secretaria de Gobierno de la Municipalidad de Goya, por medio de la Direcci\u00f3n de Cultura brindar\u00e1 este espacio a cargo de las profesoras Marta Bercy y\" \/>\n<meta name=\"robots\" content=\"index, follow, max-snippet:-1, max-image-preview:large, max-video-preview:-1\" \/>\n<link rel=\"canonical\" href=\"https:\/\/radioinfinitagoya.com.ar\/v1\/2025\/07\/27\/workshop-internacional-afro-latino-en-el-teatro-municipal\/\" \/>\n<meta property=\"og:locale\" content=\"es_ES\" \/>\n<meta property=\"og:type\" content=\"article\" \/>\n<meta property=\"og:title\" content=\"Workshop Internacional: &quot;afro latino&quot; en el Teatro Municipal - Radio Infinita Goya\" \/>\n<meta property=\"og:description\" content=\"La Secretaria de Gobierno de la Municipalidad de Goya, por medio de la Direcci\u00f3n de Cultura brindar\u00e1 este espacio a cargo de las profesoras Marta Bercy y\" \/>\n<meta property=\"og:url\" content=\"https:\/\/radioinfinitagoya.com.ar\/v1\/2025\/07\/27\/workshop-internacional-afro-latino-en-el-teatro-municipal\/\" \/>\n<meta property=\"og:site_name\" content=\"Radio Infinita Goya\" \/>\n<meta property=\"article:publisher\" content=\"https:\/\/www.facebook.com\/p\/Infinita-Goya-100063870918311\/\" \/>\n<meta property=\"article:published_time\" content=\"2025-07-27T21:38:22+00:00\" \/>\n<meta property=\"og:image\" content=\"https:\/\/radioinfinitagoya.com.ar\/v1\/wp-content\/uploads\/2025\/07\/descarga-18.jpg\" \/>\n\t<meta property=\"og:image:width\" content=\"1080\" \/>\n\t<meta property=\"og:image:height\" content=\"1350\" \/>\n\t<meta property=\"og:image:type\" content=\"image\/jpeg\" \/>\n<meta name=\"author\" content=\"Jorge Mi\u00f1o\" \/>\n<meta name=\"twitter:card\" content=\"summary_large_image\" \/>\n<meta name=\"twitter:label1\" content=\"Escrito por\" \/>\n\t<meta name=\"twitter:data1\" content=\"Jorge Mi\u00f1o\" \/>\n\t<meta name=\"twitter:label2\" content=\"Tiempo de lectura\" \/>\n\t<meta name=\"twitter:data2\" content=\"2 minutos\" \/>\n<script type=\"application\/ld+json\" class=\"yoast-schema-graph\">{\"@context\":\"https:\/\/schema.org\",\"@graph\":[{\"@type\":\"Article\",\"@id\":\"https:\/\/radioinfinitagoya.com.ar\/v1\/2025\/07\/27\/workshop-internacional-afro-latino-en-el-teatro-municipal\/#article\",\"isPartOf\":{\"@id\":\"https:\/\/radioinfinitagoya.com.ar\/v1\/2025\/07\/27\/workshop-internacional-afro-latino-en-el-teatro-municipal\/\"},\"author\":{\"name\":\"Jorge Mi\u00f1o\",\"@id\":\"https:\/\/radioinfinitagoya.com.ar\/v1\/#\/schema\/person\/d4cf9c413d4f6edb24aabdccab49ca4a\"},\"headline\":\"Workshop Internacional: &#8220;afro latino&#8221; en el Teatro Municipal\",\"datePublished\":\"2025-07-27T21:38:22+00:00\",\"mainEntityOfPage\":{\"@id\":\"https:\/\/radioinfinitagoya.com.ar\/v1\/2025\/07\/27\/workshop-internacional-afro-latino-en-el-teatro-municipal\/\"},\"wordCount\":293,\"publisher\":{\"@id\":\"https:\/\/radioinfinitagoya.com.ar\/v1\/#organization\"},\"image\":{\"@id\":\"https:\/\/radioinfinitagoya.com.ar\/v1\/2025\/07\/27\/workshop-internacional-afro-latino-en-el-teatro-municipal\/#primaryimage\"},\"thumbnailUrl\":\"https:\/\/radioinfinitagoya.com.ar\/v1\/wp-content\/uploads\/2025\/07\/descarga-18.jpg\",\"articleSection\":[\"LOCALES\"],\"inLanguage\":\"es-AR\"},{\"@type\":\"WebPage\",\"@id\":\"https:\/\/radioinfinitagoya.com.ar\/v1\/2025\/07\/27\/workshop-internacional-afro-latino-en-el-teatro-municipal\/\",\"url\":\"https:\/\/radioinfinitagoya.com.ar\/v1\/2025\/07\/27\/workshop-internacional-afro-latino-en-el-teatro-municipal\/\",\"name\":\"Workshop Internacional: \\\"afro latino\\\" en el Teatro Municipal - Radio Infinita Goya\",\"isPartOf\":{\"@id\":\"https:\/\/radioinfinitagoya.com.ar\/v1\/#website\"},\"primaryImageOfPage\":{\"@id\":\"https:\/\/radioinfinitagoya.com.ar\/v1\/2025\/07\/27\/workshop-internacional-afro-latino-en-el-teatro-municipal\/#primaryimage\"},\"image\":{\"@id\":\"https:\/\/radioinfinitagoya.com.ar\/v1\/2025\/07\/27\/workshop-internacional-afro-latino-en-el-teatro-municipal\/#primaryimage\"},\"thumbnailUrl\":\"https:\/\/radioinfinitagoya.com.ar\/v1\/wp-content\/uploads\/2025\/07\/descarga-18.jpg\",\"datePublished\":\"2025-07-27T21:38:22+00:00\",\"description\":\"La Secretaria de Gobierno de la Municipalidad de Goya, por medio de la Direcci\u00f3n de Cultura brindar\u00e1 este espacio a cargo de las profesoras Marta Bercy y\",\"breadcrumb\":{\"@id\":\"https:\/\/radioinfinitagoya.com.ar\/v1\/2025\/07\/27\/workshop-internacional-afro-latino-en-el-teatro-municipal\/#breadcrumb\"},\"inLanguage\":\"es-AR\",\"potentialAction\":[{\"@type\":\"ReadAction\",\"target\":[\"https:\/\/radioinfinitagoya.com.ar\/v1\/2025\/07\/27\/workshop-internacional-afro-latino-en-el-teatro-municipal\/\"]}]},{\"@type\":\"ImageObject\",\"inLanguage\":\"es-AR\",\"@id\":\"https:\/\/radioinfinitagoya.com.ar\/v1\/2025\/07\/27\/workshop-internacional-afro-latino-en-el-teatro-municipal\/#primaryimage\",\"url\":\"https:\/\/radioinfinitagoya.com.ar\/v1\/wp-content\/uploads\/2025\/07\/descarga-18.jpg\",\"contentUrl\":\"https:\/\/radioinfinitagoya.com.ar\/v1\/wp-content\/uploads\/2025\/07\/descarga-18.jpg\",\"width\":1080,\"height\":1350},{\"@type\":\"BreadcrumbList\",\"@id\":\"https:\/\/radioinfinitagoya.com.ar\/v1\/2025\/07\/27\/workshop-internacional-afro-latino-en-el-teatro-municipal\/#breadcrumb\",\"itemListElement\":[{\"@type\":\"ListItem\",\"position\":1,\"name\":\"Inicio\",\"item\":\"https:\/\/radioinfinitagoya.com.ar\/v1\/\"},{\"@type\":\"ListItem\",\"position\":2,\"name\":\"Workshop Internacional: &#8220;afro latino&#8221; en el Teatro Municipal\"}]},{\"@type\":\"WebSite\",\"@id\":\"https:\/\/radioinfinitagoya.com.ar\/v1\/#website\",\"url\":\"https:\/\/radioinfinitagoya.com.ar\/v1\/\",\"name\":\"radioinfinitagoya.com.ar\",\"description\":\"Radio de noticias\",\"publisher\":{\"@id\":\"https:\/\/radioinfinitagoya.com.ar\/v1\/#organization\"},\"potentialAction\":[{\"@type\":\"SearchAction\",\"target\":{\"@type\":\"EntryPoint\",\"urlTemplate\":\"https:\/\/radioinfinitagoya.com.ar\/v1\/?s={search_term_string}\"},\"query-input\":{\"@type\":\"PropertyValueSpecification\",\"valueRequired\":true,\"valueName\":\"search_term_string\"}}],\"inLanguage\":\"es-AR\"},{\"@type\":\"Organization\",\"@id\":\"https:\/\/radioinfinitagoya.com.ar\/v1\/#organization\",\"name\":\"Radio Infinita Goya\",\"url\":\"https:\/\/radioinfinitagoya.com.ar\/v1\/\",\"logo\":{\"@type\":\"ImageObject\",\"inLanguage\":\"es-AR\",\"@id\":\"https:\/\/radioinfinitagoya.com.ar\/v1\/#\/schema\/logo\/image\/\",\"url\":\"https:\/\/radioinfinitagoya.com.ar\/v1\/wp-content\/uploads\/2019\/11\/logo-pie-web.png\",\"contentUrl\":\"https:\/\/radioinfinitagoya.com.ar\/v1\/wp-content\/uploads\/2019\/11\/logo-pie-web.png\",\"width\":635,\"height\":326,\"caption\":\"Radio Infinita Goya\"},\"image\":{\"@id\":\"https:\/\/radioinfinitagoya.com.ar\/v1\/#\/schema\/logo\/image\/\"},\"sameAs\":[\"https:\/\/www.facebook.com\/p\/Infinita-Goya-100063870918311\/\"]},{\"@type\":\"Person\",\"@id\":\"https:\/\/radioinfinitagoya.com.ar\/v1\/#\/schema\/person\/d4cf9c413d4f6edb24aabdccab49ca4a\",\"name\":\"Jorge Mi\u00f1o\",\"image\":{\"@type\":\"ImageObject\",\"inLanguage\":\"es-AR\",\"@id\":\"https:\/\/secure.gravatar.com\/avatar\/910fcf6728fe95320e07a6643c1581fec1c7fc4bf8ae12e3d8f0d0373dc844be?s=96&d=mm&r=g\",\"url\":\"https:\/\/secure.gravatar.com\/avatar\/910fcf6728fe95320e07a6643c1581fec1c7fc4bf8ae12e3d8f0d0373dc844be?s=96&d=mm&r=g\",\"contentUrl\":\"https:\/\/secure.gravatar.com\/avatar\/910fcf6728fe95320e07a6643c1581fec1c7fc4bf8ae12e3d8f0d0373dc844be?s=96&d=mm&r=g\",\"caption\":\"Jorge Mi\u00f1o\"},\"sameAs\":[\"http:\/\/radioinfinitagoya.com.ar\"]}]}<\/script>\n<!-- \/ Yoast SEO plugin. -->","yoast_head_json":{"title":"Workshop Internacional: \"afro latino\" en el Teatro Municipal - Radio Infinita Goya","description":"La Secretaria de Gobierno de la Municipalidad de Goya, por medio de la Direcci\u00f3n de Cultura brindar\u00e1 este espacio a cargo de las profesoras Marta Bercy y","robots":{"index":"index","follow":"follow","max-snippet":"max-snippet:-1","max-image-preview":"max-image-preview:large","max-video-preview":"max-video-preview:-1"},"canonical":"https:\/\/radioinfinitagoya.com.ar\/v1\/2025\/07\/27\/workshop-internacional-afro-latino-en-el-teatro-municipal\/","og_locale":"es_ES","og_type":"article","og_title":"Workshop Internacional: \"afro latino\" en el Teatro Municipal - Radio Infinita Goya","og_description":"La Secretaria de Gobierno de la Municipalidad de Goya, por medio de la Direcci\u00f3n de Cultura brindar\u00e1 este espacio a cargo de las profesoras Marta Bercy y","og_url":"https:\/\/radioinfinitagoya.com.ar\/v1\/2025\/07\/27\/workshop-internacional-afro-latino-en-el-teatro-municipal\/","og_site_name":"Radio Infinita Goya","article_publisher":"https:\/\/www.facebook.com\/p\/Infinita-Goya-100063870918311\/","article_published_time":"2025-07-27T21:38:22+00:00","og_image":[{"width":1080,"height":1350,"url":"https:\/\/radioinfinitagoya.com.ar\/v1\/wp-content\/uploads\/2025\/07\/descarga-18.jpg","type":"image\/jpeg"}],"author":"Jorge Mi\u00f1o","twitter_card":"summary_large_image","twitter_misc":{"Escrito por":"Jorge Mi\u00f1o","Tiempo de lectura":"2 minutos"},"schema":{"@context":"https:\/\/schema.org","@graph":[{"@type":"Article","@id":"https:\/\/radioinfinitagoya.com.ar\/v1\/2025\/07\/27\/workshop-internacional-afro-latino-en-el-teatro-municipal\/#article","isPartOf":{"@id":"https:\/\/radioinfinitagoya.com.ar\/v1\/2025\/07\/27\/workshop-internacional-afro-latino-en-el-teatro-municipal\/"},"author":{"name":"Jorge Mi\u00f1o","@id":"https:\/\/radioinfinitagoya.com.ar\/v1\/#\/schema\/person\/d4cf9c413d4f6edb24aabdccab49ca4a"},"headline":"Workshop Internacional: &#8220;afro latino&#8221; en el Teatro Municipal","datePublished":"2025-07-27T21:38:22+00:00","mainEntityOfPage":{"@id":"https:\/\/radioinfinitagoya.com.ar\/v1\/2025\/07\/27\/workshop-internacional-afro-latino-en-el-teatro-municipal\/"},"wordCount":293,"publisher":{"@id":"https:\/\/radioinfinitagoya.com.ar\/v1\/#organization"},"image":{"@id":"https:\/\/radioinfinitagoya.com.ar\/v1\/2025\/07\/27\/workshop-internacional-afro-latino-en-el-teatro-municipal\/#primaryimage"},"thumbnailUrl":"https:\/\/radioinfinitagoya.com.ar\/v1\/wp-content\/uploads\/2025\/07\/descarga-18.jpg","articleSection":["LOCALES"],"inLanguage":"es-AR"},{"@type":"WebPage","@id":"https:\/\/radioinfinitagoya.com.ar\/v1\/2025\/07\/27\/workshop-internacional-afro-latino-en-el-teatro-municipal\/","url":"https:\/\/radioinfinitagoya.com.ar\/v1\/2025\/07\/27\/workshop-internacional-afro-latino-en-el-teatro-municipal\/","name":"Workshop Internacional: \"afro latino\" en el Teatro Municipal - Radio Infinita Goya","isPartOf":{"@id":"https:\/\/radioinfinitagoya.com.ar\/v1\/#website"},"primaryImageOfPage":{"@id":"https:\/\/radioinfinitagoya.com.ar\/v1\/2025\/07\/27\/workshop-internacional-afro-latino-en-el-teatro-municipal\/#primaryimage"},"image":{"@id":"https:\/\/radioinfinitagoya.com.ar\/v1\/2025\/07\/27\/workshop-internacional-afro-latino-en-el-teatro-municipal\/#primaryimage"},"thumbnailUrl":"https:\/\/radioinfinitagoya.com.ar\/v1\/wp-content\/uploads\/2025\/07\/descarga-18.jpg","datePublished":"2025-07-27T21:38:22+00:00","description":"La Secretaria de Gobierno de la Municipalidad de Goya, por medio de la Direcci\u00f3n de Cultura brindar\u00e1 este espacio a cargo de las profesoras Marta Bercy y","breadcrumb":{"@id":"https:\/\/radioinfinitagoya.com.ar\/v1\/2025\/07\/27\/workshop-internacional-afro-latino-en-el-teatro-municipal\/#breadcrumb"},"inLanguage":"es-AR","potentialAction":[{"@type":"ReadAction","target":["https:\/\/radioinfinitagoya.com.ar\/v1\/2025\/07\/27\/workshop-internacional-afro-latino-en-el-teatro-municipal\/"]}]},{"@type":"ImageObject","inLanguage":"es-AR","@id":"https:\/\/radioinfinitagoya.com.ar\/v1\/2025\/07\/27\/workshop-internacional-afro-latino-en-el-teatro-municipal\/#primaryimage","url":"https:\/\/radioinfinitagoya.com.ar\/v1\/wp-content\/uploads\/2025\/07\/descarga-18.jpg","contentUrl":"https:\/\/radioinfinitagoya.com.ar\/v1\/wp-content\/uploads\/2025\/07\/descarga-18.jpg","width":1080,"height":1350},{"@type":"BreadcrumbList","@id":"https:\/\/radioinfinitagoya.com.ar\/v1\/2025\/07\/27\/workshop-internacional-afro-latino-en-el-teatro-municipal\/#breadcrumb","itemListElement":[{"@type":"ListItem","position":1,"name":"Inicio","item":"https:\/\/radioinfinitagoya.com.ar\/v1\/"},{"@type":"ListItem","position":2,"name":"Workshop Internacional: &#8220;afro latino&#8221; en el Teatro Municipal"}]},{"@type":"WebSite","@id":"https:\/\/radioinfinitagoya.com.ar\/v1\/#website","url":"https:\/\/radioinfinitagoya.com.ar\/v1\/","name":"radioinfinitagoya.com.ar","description":"Radio de noticias","publisher":{"@id":"https:\/\/radioinfinitagoya.com.ar\/v1\/#organization"},"potentialAction":[{"@type":"SearchAction","target":{"@type":"EntryPoint","urlTemplate":"https:\/\/radioinfinitagoya.com.ar\/v1\/?s={search_term_string}"},"query-input":{"@type":"PropertyValueSpecification","valueRequired":true,"valueName":"search_term_string"}}],"inLanguage":"es-AR"},{"@type":"Organization","@id":"https:\/\/radioinfinitagoya.com.ar\/v1\/#organization","name":"Radio Infinita Goya","url":"https:\/\/radioinfinitagoya.com.ar\/v1\/","logo":{"@type":"ImageObject","inLanguage":"es-AR","@id":"https:\/\/radioinfinitagoya.com.ar\/v1\/#\/schema\/logo\/image\/","url":"https:\/\/radioinfinitagoya.com.ar\/v1\/wp-content\/uploads\/2019\/11\/logo-pie-web.png","contentUrl":"https:\/\/radioinfinitagoya.com.ar\/v1\/wp-content\/uploads\/2019\/11\/logo-pie-web.png","width":635,"height":326,"caption":"Radio Infinita Goya"},"image":{"@id":"https:\/\/radioinfinitagoya.com.ar\/v1\/#\/schema\/logo\/image\/"},"sameAs":["https:\/\/www.facebook.com\/p\/Infinita-Goya-100063870918311\/"]},{"@type":"Person","@id":"https:\/\/radioinfinitagoya.com.ar\/v1\/#\/schema\/person\/d4cf9c413d4f6edb24aabdccab49ca4a","name":"Jorge Mi\u00f1o","image":{"@type":"ImageObject","inLanguage":"es-AR","@id":"https:\/\/secure.gravatar.com\/avatar\/910fcf6728fe95320e07a6643c1581fec1c7fc4bf8ae12e3d8f0d0373dc844be?s=96&d=mm&r=g","url":"https:\/\/secure.gravatar.com\/avatar\/910fcf6728fe95320e07a6643c1581fec1c7fc4bf8ae12e3d8f0d0373dc844be?s=96&d=mm&r=g","contentUrl":"https:\/\/secure.gravatar.com\/avatar\/910fcf6728fe95320e07a6643c1581fec1c7fc4bf8ae12e3d8f0d0373dc844be?s=96&d=mm&r=g","caption":"Jorge Mi\u00f1o"},"sameAs":["http:\/\/radioinfinitagoya.com.ar"]}]}},"_links":{"self":[{"href":"https:\/\/radioinfinitagoya.com.ar\/v1\/wp-json\/wp\/v2\/posts\/193450","targetHints":{"allow":["GET"]}}],"collection":[{"href":"https:\/\/radioinfinitagoya.com.ar\/v1\/wp-json\/wp\/v2\/posts"}],"about":[{"href":"https:\/\/radioinfinitagoya.com.ar\/v1\/wp-json\/wp\/v2\/types\/post"}],"author":[{"embeddable":true,"href":"https:\/\/radioinfinitagoya.com.ar\/v1\/wp-json\/wp\/v2\/users\/4"}],"replies":[{"embeddable":true,"href":"https:\/\/radioinfinitagoya.com.ar\/v1\/wp-json\/wp\/v2\/comments?post=193450"}],"version-history":[{"count":0,"href":"https:\/\/radioinfinitagoya.com.ar\/v1\/wp-json\/wp\/v2\/posts\/193450\/revisions"}],"wp:featuredmedia":[{"embeddable":true,"href":"https:\/\/radioinfinitagoya.com.ar\/v1\/wp-json\/wp\/v2\/media\/193451"}],"wp:attachment":[{"href":"https:\/\/radioinfinitagoya.com.ar\/v1\/wp-json\/wp\/v2\/media?parent=193450"}],"wp:term":[{"taxonomy":"category","embeddable":true,"href":"https:\/\/radioinfinitagoya.com.ar\/v1\/wp-json\/wp\/v2\/categories?post=193450"},{"taxonomy":"post_tag","embeddable":true,"href":"https:\/\/radioinfinitagoya.com.ar\/v1\/wp-json\/wp\/v2\/tags?post=193450"}],"curies":[{"name":"wp","href":"https:\/\/api.w.org\/{rel}","templated":true}]}}