{"id":193455,"date":"2025-07-27T18:42:36","date_gmt":"2025-07-27T21:42:36","guid":{"rendered":"https:\/\/radioinfinitagoya.com.ar\/v1\/?p=193455"},"modified":"2025-07-27T18:43:01","modified_gmt":"2025-07-27T21:43:01","slug":"apagon-distintas-zonas-de-la-ciudad-autonoma-de-buenos-aires","status":"publish","type":"post","link":"https:\/\/radioinfinitagoya.com.ar\/v1\/2025\/07\/27\/apagon-distintas-zonas-de-la-ciudad-autonoma-de-buenos-aires\/","title":{"rendered":"Apag\u00f3n en distintas zonas de la Ciudad Aut\u00f3noma de Buenos Aires"},"content":{"rendered":"<p>Luego el servicio comenz\u00f3 a restablecerse de forma progresiva en las primeras horas de la ma\u00f1ana.<\/p>\n<p>Durante la madrugada de este domingo, distintas zonas de la Ciudad Aut\u00f3noma de Buenos Aires y la Provincia de Buenos Aires sufrieron un apag\u00f3n y cerca de 500.000 usuarios se quedaron sin suministro el\u00e9ctrico.<\/p>\n<p><img loading=\"lazy\" decoding=\"async\" class=\"alignnone size-full wp-image-193457\" src=\"https:\/\/radioinfinitagoya.com.ar\/v1\/wp-content\/uploads\/2025\/07\/6_p85yZw.jpg\" alt=\"\" width=\"680\" height=\"357\" \/><\/p>\n<p>A las 3:15 de la ma\u00f1ana, el portal de Edesur report\u00f3 que 492.345 usuarios no ten\u00edan luz. Mientras tanto, Edenor inform\u00f3 mediante su p\u00e1gina web que 2.562 no ten\u00edan servicio el\u00e9ctrico. El n\u00famero de personas afectadas se redujo con el paso de las horas.<\/p>\n<p>Pese a que gran parte del AMBA se qued\u00f3 sin servicio el\u00e9ctrico esta madrugada, el servicio se fue restableciendo y ya pasadas las 6 el n\u00famero de personas sin luz se hab\u00eda reducido a un poco m\u00e1s de 11.000.<\/p>\n<p>Varios de los reportes que se hicieron a trav\u00e9s de X sugieren que la ca\u00edda del servicio comenz\u00f3 alrededor de las 3:00. En ellos se mencionaron zonas del microncentro porte\u00f1o, como el Obelisco, el barrio de Retiro, parte de Zona Norte y del conurbano.<\/p>\n<p>Hasta el momento, se desconocen los motivos que provocaron el apag\u00f3n.<\/p>\n<p>Seg\u00fan la m\u00e1s reciente actualizaci\u00f3n de Edenor y Edesur, a las 8:30, los usuarios sin servicio el\u00e9ctrico son:<\/p>\n<p>Edenor: 6.474.<br \/>\nEdesur: 13.516.<\/p>\n","protected":false},"excerpt":{"rendered":"<p>Luego el servicio comenz\u00f3 a restablecerse de forma progresiva en las primeras horas de la ma\u00f1ana. Durante la madrugada de este domingo, distintas zonas de la Ciudad Aut\u00f3noma de Buenos Aires y la Provincia de Buenos Aires sufrieron un apag\u00f3n y cerca de 500.000 usuarios se quedaron sin suministro el\u00e9ctrico. A las 3:15 de la [&hellip;]<\/p>\n","protected":false},"author":4,"featured_media":193456,"comment_status":"closed","ping_status":"closed","sticky":false,"template":"","format":"standard","meta":{"_joinchat":[],"footnotes":""},"categories":[25],"tags":[],"class_list":{"0":"post-193455","1":"post","2":"type-post","3":"status-publish","4":"format-standard","5":"has-post-thumbnail","7":"category-destacados"},"yoast_head":"<!-- This site is optimized with the Yoast SEO plugin v27.2 - https:\/\/yoast.com\/product\/yoast-seo-wordpress\/ -->\n<title>Apag\u00f3n en distintas zonas de la Ciudad Aut\u00f3noma de Buenos Aires - Radio Infinita Goya<\/title>\n<meta name=\"description\" content=\"Luego el servicio comenz\u00f3 a restablecerse de forma progresiva en las primeras horas de la ma\u00f1ana. Durante la madrugada de este domingo, distintas zonas de\" \/>\n<meta name=\"robots\" content=\"index, follow, max-snippet:-1, max-image-preview:large, max-video-preview:-1\" \/>\n<link rel=\"canonical\" href=\"https:\/\/radioinfinitagoya.com.ar\/v1\/2025\/07\/27\/apagon-distintas-zonas-de-la-ciudad-autonoma-de-buenos-aires\/\" \/>\n<meta property=\"og:locale\" content=\"es_ES\" \/>\n<meta property=\"og:type\" content=\"article\" \/>\n<meta property=\"og:title\" content=\"Apag\u00f3n en distintas zonas de la Ciudad Aut\u00f3noma de Buenos Aires - Radio Infinita Goya\" \/>\n<meta property=\"og:description\" content=\"Luego el servicio comenz\u00f3 a restablecerse de forma progresiva en las primeras horas de la ma\u00f1ana. Durante la madrugada de este domingo, distintas zonas de\" \/>\n<meta property=\"og:url\" content=\"https:\/\/radioinfinitagoya.com.ar\/v1\/2025\/07\/27\/apagon-distintas-zonas-de-la-ciudad-autonoma-de-buenos-aires\/\" \/>\n<meta property=\"og:site_name\" content=\"Radio Infinita Goya\" \/>\n<meta property=\"article:publisher\" content=\"https:\/\/www.facebook.com\/p\/Infinita-Goya-100063870918311\/\" \/>\n<meta property=\"article:published_time\" content=\"2025-07-27T21:42:36+00:00\" \/>\n<meta property=\"article:modified_time\" content=\"2025-07-27T21:43:01+00:00\" \/>\n<meta property=\"og:image\" content=\"https:\/\/radioinfinitagoya.com.ar\/v1\/wp-content\/uploads\/2025\/07\/CPUyw2Y7.jpg\" \/>\n\t<meta property=\"og:image:width\" content=\"680\" \/>\n\t<meta property=\"og:image:height\" content=\"383\" \/>\n\t<meta property=\"og:image:type\" content=\"image\/jpeg\" \/>\n<meta name=\"author\" content=\"Jorge Mi\u00f1o\" \/>\n<meta name=\"twitter:card\" content=\"summary_large_image\" \/>\n<meta name=\"twitter:label1\" content=\"Escrito por\" \/>\n\t<meta name=\"twitter:data1\" content=\"Jorge Mi\u00f1o\" \/>\n\t<meta name=\"twitter:label2\" content=\"Tiempo de lectura\" \/>\n\t<meta name=\"twitter:data2\" content=\"2 minutos\" \/>\n<script type=\"application\/ld+json\" class=\"yoast-schema-graph\">{\"@context\":\"https:\/\/schema.org\",\"@graph\":[{\"@type\":\"Article\",\"@id\":\"https:\/\/radioinfinitagoya.com.ar\/v1\/2025\/07\/27\/apagon-distintas-zonas-de-la-ciudad-autonoma-de-buenos-aires\/#article\",\"isPartOf\":{\"@id\":\"https:\/\/radioinfinitagoya.com.ar\/v1\/2025\/07\/27\/apagon-distintas-zonas-de-la-ciudad-autonoma-de-buenos-aires\/\"},\"author\":{\"name\":\"Jorge Mi\u00f1o\",\"@id\":\"https:\/\/radioinfinitagoya.com.ar\/v1\/#\/schema\/person\/d4cf9c413d4f6edb24aabdccab49ca4a\"},\"headline\":\"Apag\u00f3n en distintas zonas de la Ciudad Aut\u00f3noma de Buenos Aires\",\"datePublished\":\"2025-07-27T21:42:36+00:00\",\"dateModified\":\"2025-07-27T21:43:01+00:00\",\"mainEntityOfPage\":{\"@id\":\"https:\/\/radioinfinitagoya.com.ar\/v1\/2025\/07\/27\/apagon-distintas-zonas-de-la-ciudad-autonoma-de-buenos-aires\/\"},\"wordCount\":235,\"publisher\":{\"@id\":\"https:\/\/radioinfinitagoya.com.ar\/v1\/#organization\"},\"image\":{\"@id\":\"https:\/\/radioinfinitagoya.com.ar\/v1\/2025\/07\/27\/apagon-distintas-zonas-de-la-ciudad-autonoma-de-buenos-aires\/#primaryimage\"},\"thumbnailUrl\":\"https:\/\/radioinfinitagoya.com.ar\/v1\/wp-content\/uploads\/2025\/07\/CPUyw2Y7.jpg\",\"articleSection\":[\"DESTACADOS\"],\"inLanguage\":\"es-AR\"},{\"@type\":\"WebPage\",\"@id\":\"https:\/\/radioinfinitagoya.com.ar\/v1\/2025\/07\/27\/apagon-distintas-zonas-de-la-ciudad-autonoma-de-buenos-aires\/\",\"url\":\"https:\/\/radioinfinitagoya.com.ar\/v1\/2025\/07\/27\/apagon-distintas-zonas-de-la-ciudad-autonoma-de-buenos-aires\/\",\"name\":\"Apag\u00f3n en distintas zonas de la Ciudad Aut\u00f3noma de Buenos Aires - Radio Infinita Goya\",\"isPartOf\":{\"@id\":\"https:\/\/radioinfinitagoya.com.ar\/v1\/#website\"},\"primaryImageOfPage\":{\"@id\":\"https:\/\/radioinfinitagoya.com.ar\/v1\/2025\/07\/27\/apagon-distintas-zonas-de-la-ciudad-autonoma-de-buenos-aires\/#primaryimage\"},\"image\":{\"@id\":\"https:\/\/radioinfinitagoya.com.ar\/v1\/2025\/07\/27\/apagon-distintas-zonas-de-la-ciudad-autonoma-de-buenos-aires\/#primaryimage\"},\"thumbnailUrl\":\"https:\/\/radioinfinitagoya.com.ar\/v1\/wp-content\/uploads\/2025\/07\/CPUyw2Y7.jpg\",\"datePublished\":\"2025-07-27T21:42:36+00:00\",\"dateModified\":\"2025-07-27T21:43:01+00:00\",\"description\":\"Luego el servicio comenz\u00f3 a restablecerse de forma progresiva en las primeras horas de la ma\u00f1ana. Durante la madrugada de este domingo, distintas zonas de\",\"breadcrumb\":{\"@id\":\"https:\/\/radioinfinitagoya.com.ar\/v1\/2025\/07\/27\/apagon-distintas-zonas-de-la-ciudad-autonoma-de-buenos-aires\/#breadcrumb\"},\"inLanguage\":\"es-AR\",\"potentialAction\":[{\"@type\":\"ReadAction\",\"target\":[\"https:\/\/radioinfinitagoya.com.ar\/v1\/2025\/07\/27\/apagon-distintas-zonas-de-la-ciudad-autonoma-de-buenos-aires\/\"]}]},{\"@type\":\"ImageObject\",\"inLanguage\":\"es-AR\",\"@id\":\"https:\/\/radioinfinitagoya.com.ar\/v1\/2025\/07\/27\/apagon-distintas-zonas-de-la-ciudad-autonoma-de-buenos-aires\/#primaryimage\",\"url\":\"https:\/\/radioinfinitagoya.com.ar\/v1\/wp-content\/uploads\/2025\/07\/CPUyw2Y7.jpg\",\"contentUrl\":\"https:\/\/radioinfinitagoya.com.ar\/v1\/wp-content\/uploads\/2025\/07\/CPUyw2Y7.jpg\",\"width\":680,\"height\":383},{\"@type\":\"BreadcrumbList\",\"@id\":\"https:\/\/radioinfinitagoya.com.ar\/v1\/2025\/07\/27\/apagon-distintas-zonas-de-la-ciudad-autonoma-de-buenos-aires\/#breadcrumb\",\"itemListElement\":[{\"@type\":\"ListItem\",\"position\":1,\"name\":\"Inicio\",\"item\":\"https:\/\/radioinfinitagoya.com.ar\/v1\/\"},{\"@type\":\"ListItem\",\"position\":2,\"name\":\"Apag\u00f3n en distintas zonas de la Ciudad Aut\u00f3noma de Buenos Aires\"}]},{\"@type\":\"WebSite\",\"@id\":\"https:\/\/radioinfinitagoya.com.ar\/v1\/#website\",\"url\":\"https:\/\/radioinfinitagoya.com.ar\/v1\/\",\"name\":\"radioinfinitagoya.com.ar\",\"description\":\"Radio de noticias\",\"publisher\":{\"@id\":\"https:\/\/radioinfinitagoya.com.ar\/v1\/#organization\"},\"potentialAction\":[{\"@type\":\"SearchAction\",\"target\":{\"@type\":\"EntryPoint\",\"urlTemplate\":\"https:\/\/radioinfinitagoya.com.ar\/v1\/?s={search_term_string}\"},\"query-input\":{\"@type\":\"PropertyValueSpecification\",\"valueRequired\":true,\"valueName\":\"search_term_string\"}}],\"inLanguage\":\"es-AR\"},{\"@type\":\"Organization\",\"@id\":\"https:\/\/radioinfinitagoya.com.ar\/v1\/#organization\",\"name\":\"Radio Infinita Goya\",\"url\":\"https:\/\/radioinfinitagoya.com.ar\/v1\/\",\"logo\":{\"@type\":\"ImageObject\",\"inLanguage\":\"es-AR\",\"@id\":\"https:\/\/radioinfinitagoya.com.ar\/v1\/#\/schema\/logo\/image\/\",\"url\":\"https:\/\/radioinfinitagoya.com.ar\/v1\/wp-content\/uploads\/2019\/11\/logo-pie-web.png\",\"contentUrl\":\"https:\/\/radioinfinitagoya.com.ar\/v1\/wp-content\/uploads\/2019\/11\/logo-pie-web.png\",\"width\":635,\"height\":326,\"caption\":\"Radio Infinita Goya\"},\"image\":{\"@id\":\"https:\/\/radioinfinitagoya.com.ar\/v1\/#\/schema\/logo\/image\/\"},\"sameAs\":[\"https:\/\/www.facebook.com\/p\/Infinita-Goya-100063870918311\/\"]},{\"@type\":\"Person\",\"@id\":\"https:\/\/radioinfinitagoya.com.ar\/v1\/#\/schema\/person\/d4cf9c413d4f6edb24aabdccab49ca4a\",\"name\":\"Jorge Mi\u00f1o\",\"image\":{\"@type\":\"ImageObject\",\"inLanguage\":\"es-AR\",\"@id\":\"https:\/\/secure.gravatar.com\/avatar\/910fcf6728fe95320e07a6643c1581fec1c7fc4bf8ae12e3d8f0d0373dc844be?s=96&d=mm&r=g\",\"url\":\"https:\/\/secure.gravatar.com\/avatar\/910fcf6728fe95320e07a6643c1581fec1c7fc4bf8ae12e3d8f0d0373dc844be?s=96&d=mm&r=g\",\"contentUrl\":\"https:\/\/secure.gravatar.com\/avatar\/910fcf6728fe95320e07a6643c1581fec1c7fc4bf8ae12e3d8f0d0373dc844be?s=96&d=mm&r=g\",\"caption\":\"Jorge Mi\u00f1o\"},\"sameAs\":[\"http:\/\/radioinfinitagoya.com.ar\"]}]}<\/script>\n<!-- \/ Yoast SEO plugin. -->","yoast_head_json":{"title":"Apag\u00f3n en distintas zonas de la Ciudad Aut\u00f3noma de Buenos Aires - Radio Infinita Goya","description":"Luego el servicio comenz\u00f3 a restablecerse de forma progresiva en las primeras horas de la ma\u00f1ana. Durante la madrugada de este domingo, distintas zonas de","robots":{"index":"index","follow":"follow","max-snippet":"max-snippet:-1","max-image-preview":"max-image-preview:large","max-video-preview":"max-video-preview:-1"},"canonical":"https:\/\/radioinfinitagoya.com.ar\/v1\/2025\/07\/27\/apagon-distintas-zonas-de-la-ciudad-autonoma-de-buenos-aires\/","og_locale":"es_ES","og_type":"article","og_title":"Apag\u00f3n en distintas zonas de la Ciudad Aut\u00f3noma de Buenos Aires - Radio Infinita Goya","og_description":"Luego el servicio comenz\u00f3 a restablecerse de forma progresiva en las primeras horas de la ma\u00f1ana. Durante la madrugada de este domingo, distintas zonas de","og_url":"https:\/\/radioinfinitagoya.com.ar\/v1\/2025\/07\/27\/apagon-distintas-zonas-de-la-ciudad-autonoma-de-buenos-aires\/","og_site_name":"Radio Infinita Goya","article_publisher":"https:\/\/www.facebook.com\/p\/Infinita-Goya-100063870918311\/","article_published_time":"2025-07-27T21:42:36+00:00","article_modified_time":"2025-07-27T21:43:01+00:00","og_image":[{"width":680,"height":383,"url":"https:\/\/radioinfinitagoya.com.ar\/v1\/wp-content\/uploads\/2025\/07\/CPUyw2Y7.jpg","type":"image\/jpeg"}],"author":"Jorge Mi\u00f1o","twitter_card":"summary_large_image","twitter_misc":{"Escrito por":"Jorge Mi\u00f1o","Tiempo de lectura":"2 minutos"},"schema":{"@context":"https:\/\/schema.org","@graph":[{"@type":"Article","@id":"https:\/\/radioinfinitagoya.com.ar\/v1\/2025\/07\/27\/apagon-distintas-zonas-de-la-ciudad-autonoma-de-buenos-aires\/#article","isPartOf":{"@id":"https:\/\/radioinfinitagoya.com.ar\/v1\/2025\/07\/27\/apagon-distintas-zonas-de-la-ciudad-autonoma-de-buenos-aires\/"},"author":{"name":"Jorge Mi\u00f1o","@id":"https:\/\/radioinfinitagoya.com.ar\/v1\/#\/schema\/person\/d4cf9c413d4f6edb24aabdccab49ca4a"},"headline":"Apag\u00f3n en distintas zonas de la Ciudad Aut\u00f3noma de Buenos Aires","datePublished":"2025-07-27T21:42:36+00:00","dateModified":"2025-07-27T21:43:01+00:00","mainEntityOfPage":{"@id":"https:\/\/radioinfinitagoya.com.ar\/v1\/2025\/07\/27\/apagon-distintas-zonas-de-la-ciudad-autonoma-de-buenos-aires\/"},"wordCount":235,"publisher":{"@id":"https:\/\/radioinfinitagoya.com.ar\/v1\/#organization"},"image":{"@id":"https:\/\/radioinfinitagoya.com.ar\/v1\/2025\/07\/27\/apagon-distintas-zonas-de-la-ciudad-autonoma-de-buenos-aires\/#primaryimage"},"thumbnailUrl":"https:\/\/radioinfinitagoya.com.ar\/v1\/wp-content\/uploads\/2025\/07\/CPUyw2Y7.jpg","articleSection":["DESTACADOS"],"inLanguage":"es-AR"},{"@type":"WebPage","@id":"https:\/\/radioinfinitagoya.com.ar\/v1\/2025\/07\/27\/apagon-distintas-zonas-de-la-ciudad-autonoma-de-buenos-aires\/","url":"https:\/\/radioinfinitagoya.com.ar\/v1\/2025\/07\/27\/apagon-distintas-zonas-de-la-ciudad-autonoma-de-buenos-aires\/","name":"Apag\u00f3n en distintas zonas de la Ciudad Aut\u00f3noma de Buenos Aires - Radio Infinita Goya","isPartOf":{"@id":"https:\/\/radioinfinitagoya.com.ar\/v1\/#website"},"primaryImageOfPage":{"@id":"https:\/\/radioinfinitagoya.com.ar\/v1\/2025\/07\/27\/apagon-distintas-zonas-de-la-ciudad-autonoma-de-buenos-aires\/#primaryimage"},"image":{"@id":"https:\/\/radioinfinitagoya.com.ar\/v1\/2025\/07\/27\/apagon-distintas-zonas-de-la-ciudad-autonoma-de-buenos-aires\/#primaryimage"},"thumbnailUrl":"https:\/\/radioinfinitagoya.com.ar\/v1\/wp-content\/uploads\/2025\/07\/CPUyw2Y7.jpg","datePublished":"2025-07-27T21:42:36+00:00","dateModified":"2025-07-27T21:43:01+00:00","description":"Luego el servicio comenz\u00f3 a restablecerse de forma progresiva en las primeras horas de la ma\u00f1ana. Durante la madrugada de este domingo, distintas zonas de","breadcrumb":{"@id":"https:\/\/radioinfinitagoya.com.ar\/v1\/2025\/07\/27\/apagon-distintas-zonas-de-la-ciudad-autonoma-de-buenos-aires\/#breadcrumb"},"inLanguage":"es-AR","potentialAction":[{"@type":"ReadAction","target":["https:\/\/radioinfinitagoya.com.ar\/v1\/2025\/07\/27\/apagon-distintas-zonas-de-la-ciudad-autonoma-de-buenos-aires\/"]}]},{"@type":"ImageObject","inLanguage":"es-AR","@id":"https:\/\/radioinfinitagoya.com.ar\/v1\/2025\/07\/27\/apagon-distintas-zonas-de-la-ciudad-autonoma-de-buenos-aires\/#primaryimage","url":"https:\/\/radioinfinitagoya.com.ar\/v1\/wp-content\/uploads\/2025\/07\/CPUyw2Y7.jpg","contentUrl":"https:\/\/radioinfinitagoya.com.ar\/v1\/wp-content\/uploads\/2025\/07\/CPUyw2Y7.jpg","width":680,"height":383},{"@type":"BreadcrumbList","@id":"https:\/\/radioinfinitagoya.com.ar\/v1\/2025\/07\/27\/apagon-distintas-zonas-de-la-ciudad-autonoma-de-buenos-aires\/#breadcrumb","itemListElement":[{"@type":"ListItem","position":1,"name":"Inicio","item":"https:\/\/radioinfinitagoya.com.ar\/v1\/"},{"@type":"ListItem","position":2,"name":"Apag\u00f3n en distintas zonas de la Ciudad Aut\u00f3noma de Buenos Aires"}]},{"@type":"WebSite","@id":"https:\/\/radioinfinitagoya.com.ar\/v1\/#website","url":"https:\/\/radioinfinitagoya.com.ar\/v1\/","name":"radioinfinitagoya.com.ar","description":"Radio de noticias","publisher":{"@id":"https:\/\/radioinfinitagoya.com.ar\/v1\/#organization"},"potentialAction":[{"@type":"SearchAction","target":{"@type":"EntryPoint","urlTemplate":"https:\/\/radioinfinitagoya.com.ar\/v1\/?s={search_term_string}"},"query-input":{"@type":"PropertyValueSpecification","valueRequired":true,"valueName":"search_term_string"}}],"inLanguage":"es-AR"},{"@type":"Organization","@id":"https:\/\/radioinfinitagoya.com.ar\/v1\/#organization","name":"Radio Infinita Goya","url":"https:\/\/radioinfinitagoya.com.ar\/v1\/","logo":{"@type":"ImageObject","inLanguage":"es-AR","@id":"https:\/\/radioinfinitagoya.com.ar\/v1\/#\/schema\/logo\/image\/","url":"https:\/\/radioinfinitagoya.com.ar\/v1\/wp-content\/uploads\/2019\/11\/logo-pie-web.png","contentUrl":"https:\/\/radioinfinitagoya.com.ar\/v1\/wp-content\/uploads\/2019\/11\/logo-pie-web.png","width":635,"height":326,"caption":"Radio Infinita Goya"},"image":{"@id":"https:\/\/radioinfinitagoya.com.ar\/v1\/#\/schema\/logo\/image\/"},"sameAs":["https:\/\/www.facebook.com\/p\/Infinita-Goya-100063870918311\/"]},{"@type":"Person","@id":"https:\/\/radioinfinitagoya.com.ar\/v1\/#\/schema\/person\/d4cf9c413d4f6edb24aabdccab49ca4a","name":"Jorge Mi\u00f1o","image":{"@type":"ImageObject","inLanguage":"es-AR","@id":"https:\/\/secure.gravatar.com\/avatar\/910fcf6728fe95320e07a6643c1581fec1c7fc4bf8ae12e3d8f0d0373dc844be?s=96&d=mm&r=g","url":"https:\/\/secure.gravatar.com\/avatar\/910fcf6728fe95320e07a6643c1581fec1c7fc4bf8ae12e3d8f0d0373dc844be?s=96&d=mm&r=g","contentUrl":"https:\/\/secure.gravatar.com\/avatar\/910fcf6728fe95320e07a6643c1581fec1c7fc4bf8ae12e3d8f0d0373dc844be?s=96&d=mm&r=g","caption":"Jorge Mi\u00f1o"},"sameAs":["http:\/\/radioinfinitagoya.com.ar"]}]}},"_links":{"self":[{"href":"https:\/\/radioinfinitagoya.com.ar\/v1\/wp-json\/wp\/v2\/posts\/193455","targetHints":{"allow":["GET"]}}],"collection":[{"href":"https:\/\/radioinfinitagoya.com.ar\/v1\/wp-json\/wp\/v2\/posts"}],"about":[{"href":"https:\/\/radioinfinitagoya.com.ar\/v1\/wp-json\/wp\/v2\/types\/post"}],"author":[{"embeddable":true,"href":"https:\/\/radioinfinitagoya.com.ar\/v1\/wp-json\/wp\/v2\/users\/4"}],"replies":[{"embeddable":true,"href":"https:\/\/radioinfinitagoya.com.ar\/v1\/wp-json\/wp\/v2\/comments?post=193455"}],"version-history":[{"count":0,"href":"https:\/\/radioinfinitagoya.com.ar\/v1\/wp-json\/wp\/v2\/posts\/193455\/revisions"}],"wp:featuredmedia":[{"embeddable":true,"href":"https:\/\/radioinfinitagoya.com.ar\/v1\/wp-json\/wp\/v2\/media\/193456"}],"wp:attachment":[{"href":"https:\/\/radioinfinitagoya.com.ar\/v1\/wp-json\/wp\/v2\/media?parent=193455"}],"wp:term":[{"taxonomy":"category","embeddable":true,"href":"https:\/\/radioinfinitagoya.com.ar\/v1\/wp-json\/wp\/v2\/categories?post=193455"},{"taxonomy":"post_tag","embeddable":true,"href":"https:\/\/radioinfinitagoya.com.ar\/v1\/wp-json\/wp\/v2\/tags?post=193455"}],"curies":[{"name":"wp","href":"https:\/\/api.w.org\/{rel}","templated":true}]}}