{"id":193460,"date":"2025-07-27T18:47:11","date_gmt":"2025-07-27T21:47:11","guid":{"rendered":"https:\/\/radioinfinitagoya.com.ar\/v1\/?p=193460"},"modified":"2025-07-27T18:47:11","modified_gmt":"2025-07-27T21:47:11","slug":"muestra-pictorica-colectiva-voces-en-acuarela","status":"publish","type":"post","link":"https:\/\/radioinfinitagoya.com.ar\/v1\/2025\/07\/27\/muestra-pictorica-colectiva-voces-en-acuarela\/","title":{"rendered":"Muestra Pict\u00f3rica colectiva: &#8220;Voces en Acuarela&#8221;"},"content":{"rendered":"<p>El artista pl\u00e1stico y docente Javier Acu\u00f1a dej\u00f3 inaugurada el viernes en Casa de la Cultura la muestra pict\u00f3rica colectiva, obras creadas por sus estudiantes,<\/p>\n<p>De la apertura de la muestra art\u00edstica particip\u00f3 el Director de Cultura Manuel Zampar.<\/p>\n<p>En la apertura de la muestra el Director de Cultura Manuel Zampar dio la bienvenida a los presentes, marcando los aspectos fundamentales del artista invitado Javier Acu\u00f1a, agradeciendo la elecci\u00f3n de Goya para exponer los trabajos de sus alumnos, de la ciudad de Resistencia Chaco, en la ocasi\u00f3n el Funcionario Municipal hizo entrega de la Copia de la Disposici\u00f3n por la cual se ha declarado de Inter\u00e9s Cultural dicho exposici\u00f3n.<\/p>\n<p>De la misma manera una de las autoras de las obras en exhibici\u00f3n, alumna del taller de Javier Acu\u00f1a, destac\u00f3 las cualidades de su profesor, agradeciendo la predisposici\u00f3n y \u00e1mbito creado en Casa de la Cultura para la muestra de los trabajos que quedaron expuestos en las tres salas M\u00e1xima; Bernardo Ranaletti y Rodolfo Insaurralde.<\/p>\n<p>El artista pl\u00e1stico Javier Acu\u00f1a agradeci\u00f3 la receptividad, la predisposici\u00f3n de la Municipalidad, reconociendo el gesto de la Direcci\u00f3n de Cultura, a su Director Manuel Zampar, por la generosidad demostrada para esta muestra colectiva, indicando que para \u00e9l es \u201cun honor poder estar en Goya, una elecci\u00f3n que asumo con mucho placer, convencidos que seremos parte de uno de los eventos del arte que tiene ganado la ciudad, como es el \u201cPintemos Goya\u201d, invitando a los presentes a recorrer los salones para disfrutar de las creaciones de sus estudiantes.<\/p>\n<p>Vale mencionar que la Muestra Pict\u00f3rica Colectiva \u201cVoces en Acuarela\u201d estar\u00e1 habilitada al p\u00fablico hasta el pr\u00f3ximo 9 de agosto.<\/p>\n<p>Direcci\u00f3n de Prensa-Municipalidad de Goya<\/p>\n<p>&nbsp;<\/p>\n","protected":false},"excerpt":{"rendered":"<p>El artista pl\u00e1stico y docente Javier Acu\u00f1a dej\u00f3 inaugurada el viernes en Casa de la Cultura la muestra pict\u00f3rica colectiva, obras creadas por sus estudiantes, De la apertura de la muestra art\u00edstica particip\u00f3 el Director de Cultura Manuel Zampar. En la apertura de la muestra el Director de Cultura Manuel Zampar dio la bienvenida a [&hellip;]<\/p>\n","protected":false},"author":4,"featured_media":193461,"comment_status":"closed","ping_status":"closed","sticky":false,"template":"","format":"standard","meta":{"_joinchat":[],"footnotes":""},"categories":[27],"tags":[],"class_list":{"0":"post-193460","1":"post","2":"type-post","3":"status-publish","4":"format-standard","5":"has-post-thumbnail","7":"category-locales"},"yoast_head":"<!-- This site is optimized with the Yoast SEO plugin v27.2 - https:\/\/yoast.com\/product\/yoast-seo-wordpress\/ -->\n<title>Muestra Pict\u00f3rica colectiva: &quot;Voces en Acuarela&quot; - Radio Infinita Goya<\/title>\n<meta name=\"description\" content=\"El artista pl\u00e1stico y docente Javier Acu\u00f1a dej\u00f3 inaugurada el viernes en Casa de la Cultura la muestra pict\u00f3rica colectiva, obras creadas por sus\" \/>\n<meta name=\"robots\" content=\"index, follow, max-snippet:-1, max-image-preview:large, max-video-preview:-1\" \/>\n<link rel=\"canonical\" href=\"https:\/\/radioinfinitagoya.com.ar\/v1\/2025\/07\/27\/muestra-pictorica-colectiva-voces-en-acuarela\/\" \/>\n<meta property=\"og:locale\" content=\"es_ES\" \/>\n<meta property=\"og:type\" content=\"article\" \/>\n<meta property=\"og:title\" content=\"Muestra Pict\u00f3rica colectiva: &quot;Voces en Acuarela&quot; - Radio Infinita Goya\" \/>\n<meta property=\"og:description\" content=\"El artista pl\u00e1stico y docente Javier Acu\u00f1a dej\u00f3 inaugurada el viernes en Casa de la Cultura la muestra pict\u00f3rica colectiva, obras creadas por sus\" \/>\n<meta property=\"og:url\" content=\"https:\/\/radioinfinitagoya.com.ar\/v1\/2025\/07\/27\/muestra-pictorica-colectiva-voces-en-acuarela\/\" \/>\n<meta property=\"og:site_name\" content=\"Radio Infinita Goya\" \/>\n<meta property=\"article:publisher\" content=\"https:\/\/www.facebook.com\/p\/Infinita-Goya-100063870918311\/\" \/>\n<meta property=\"article:published_time\" content=\"2025-07-27T21:47:11+00:00\" \/>\n<meta property=\"og:image\" content=\"https:\/\/radioinfinitagoya.com.ar\/v1\/wp-content\/uploads\/2025\/07\/muestra_pictorica_voces_en_acuarela.jpg\" \/>\n\t<meta property=\"og:image:width\" content=\"848\" \/>\n\t<meta property=\"og:image:height\" content=\"477\" \/>\n\t<meta property=\"og:image:type\" content=\"image\/jpeg\" \/>\n<meta name=\"author\" content=\"Jorge Mi\u00f1o\" \/>\n<meta name=\"twitter:card\" content=\"summary_large_image\" \/>\n<meta name=\"twitter:label1\" content=\"Escrito por\" \/>\n\t<meta name=\"twitter:data1\" content=\"Jorge Mi\u00f1o\" \/>\n\t<meta name=\"twitter:label2\" content=\"Tiempo de lectura\" \/>\n\t<meta name=\"twitter:data2\" content=\"2 minutos\" \/>\n<script type=\"application\/ld+json\" class=\"yoast-schema-graph\">{\"@context\":\"https:\/\/schema.org\",\"@graph\":[{\"@type\":\"Article\",\"@id\":\"https:\/\/radioinfinitagoya.com.ar\/v1\/2025\/07\/27\/muestra-pictorica-colectiva-voces-en-acuarela\/#article\",\"isPartOf\":{\"@id\":\"https:\/\/radioinfinitagoya.com.ar\/v1\/2025\/07\/27\/muestra-pictorica-colectiva-voces-en-acuarela\/\"},\"author\":{\"name\":\"Jorge Mi\u00f1o\",\"@id\":\"https:\/\/radioinfinitagoya.com.ar\/v1\/#\/schema\/person\/d4cf9c413d4f6edb24aabdccab49ca4a\"},\"headline\":\"Muestra Pict\u00f3rica colectiva: &#8220;Voces en Acuarela&#8221;\",\"datePublished\":\"2025-07-27T21:47:11+00:00\",\"mainEntityOfPage\":{\"@id\":\"https:\/\/radioinfinitagoya.com.ar\/v1\/2025\/07\/27\/muestra-pictorica-colectiva-voces-en-acuarela\/\"},\"wordCount\":308,\"publisher\":{\"@id\":\"https:\/\/radioinfinitagoya.com.ar\/v1\/#organization\"},\"image\":{\"@id\":\"https:\/\/radioinfinitagoya.com.ar\/v1\/2025\/07\/27\/muestra-pictorica-colectiva-voces-en-acuarela\/#primaryimage\"},\"thumbnailUrl\":\"https:\/\/radioinfinitagoya.com.ar\/v1\/wp-content\/uploads\/2025\/07\/muestra_pictorica_voces_en_acuarela.jpg\",\"articleSection\":[\"LOCALES\"],\"inLanguage\":\"es-AR\"},{\"@type\":\"WebPage\",\"@id\":\"https:\/\/radioinfinitagoya.com.ar\/v1\/2025\/07\/27\/muestra-pictorica-colectiva-voces-en-acuarela\/\",\"url\":\"https:\/\/radioinfinitagoya.com.ar\/v1\/2025\/07\/27\/muestra-pictorica-colectiva-voces-en-acuarela\/\",\"name\":\"Muestra Pict\u00f3rica colectiva: \\\"Voces en Acuarela\\\" - Radio Infinita Goya\",\"isPartOf\":{\"@id\":\"https:\/\/radioinfinitagoya.com.ar\/v1\/#website\"},\"primaryImageOfPage\":{\"@id\":\"https:\/\/radioinfinitagoya.com.ar\/v1\/2025\/07\/27\/muestra-pictorica-colectiva-voces-en-acuarela\/#primaryimage\"},\"image\":{\"@id\":\"https:\/\/radioinfinitagoya.com.ar\/v1\/2025\/07\/27\/muestra-pictorica-colectiva-voces-en-acuarela\/#primaryimage\"},\"thumbnailUrl\":\"https:\/\/radioinfinitagoya.com.ar\/v1\/wp-content\/uploads\/2025\/07\/muestra_pictorica_voces_en_acuarela.jpg\",\"datePublished\":\"2025-07-27T21:47:11+00:00\",\"description\":\"El artista pl\u00e1stico y docente Javier Acu\u00f1a dej\u00f3 inaugurada el viernes en Casa de la Cultura la muestra pict\u00f3rica colectiva, obras creadas por sus\",\"breadcrumb\":{\"@id\":\"https:\/\/radioinfinitagoya.com.ar\/v1\/2025\/07\/27\/muestra-pictorica-colectiva-voces-en-acuarela\/#breadcrumb\"},\"inLanguage\":\"es-AR\",\"potentialAction\":[{\"@type\":\"ReadAction\",\"target\":[\"https:\/\/radioinfinitagoya.com.ar\/v1\/2025\/07\/27\/muestra-pictorica-colectiva-voces-en-acuarela\/\"]}]},{\"@type\":\"ImageObject\",\"inLanguage\":\"es-AR\",\"@id\":\"https:\/\/radioinfinitagoya.com.ar\/v1\/2025\/07\/27\/muestra-pictorica-colectiva-voces-en-acuarela\/#primaryimage\",\"url\":\"https:\/\/radioinfinitagoya.com.ar\/v1\/wp-content\/uploads\/2025\/07\/muestra_pictorica_voces_en_acuarela.jpg\",\"contentUrl\":\"https:\/\/radioinfinitagoya.com.ar\/v1\/wp-content\/uploads\/2025\/07\/muestra_pictorica_voces_en_acuarela.jpg\",\"width\":848,\"height\":477},{\"@type\":\"BreadcrumbList\",\"@id\":\"https:\/\/radioinfinitagoya.com.ar\/v1\/2025\/07\/27\/muestra-pictorica-colectiva-voces-en-acuarela\/#breadcrumb\",\"itemListElement\":[{\"@type\":\"ListItem\",\"position\":1,\"name\":\"Inicio\",\"item\":\"https:\/\/radioinfinitagoya.com.ar\/v1\/\"},{\"@type\":\"ListItem\",\"position\":2,\"name\":\"Muestra Pict\u00f3rica colectiva: &#8220;Voces en Acuarela&#8221;\"}]},{\"@type\":\"WebSite\",\"@id\":\"https:\/\/radioinfinitagoya.com.ar\/v1\/#website\",\"url\":\"https:\/\/radioinfinitagoya.com.ar\/v1\/\",\"name\":\"radioinfinitagoya.com.ar\",\"description\":\"Radio de noticias\",\"publisher\":{\"@id\":\"https:\/\/radioinfinitagoya.com.ar\/v1\/#organization\"},\"potentialAction\":[{\"@type\":\"SearchAction\",\"target\":{\"@type\":\"EntryPoint\",\"urlTemplate\":\"https:\/\/radioinfinitagoya.com.ar\/v1\/?s={search_term_string}\"},\"query-input\":{\"@type\":\"PropertyValueSpecification\",\"valueRequired\":true,\"valueName\":\"search_term_string\"}}],\"inLanguage\":\"es-AR\"},{\"@type\":\"Organization\",\"@id\":\"https:\/\/radioinfinitagoya.com.ar\/v1\/#organization\",\"name\":\"Radio Infinita Goya\",\"url\":\"https:\/\/radioinfinitagoya.com.ar\/v1\/\",\"logo\":{\"@type\":\"ImageObject\",\"inLanguage\":\"es-AR\",\"@id\":\"https:\/\/radioinfinitagoya.com.ar\/v1\/#\/schema\/logo\/image\/\",\"url\":\"https:\/\/radioinfinitagoya.com.ar\/v1\/wp-content\/uploads\/2019\/11\/logo-pie-web.png\",\"contentUrl\":\"https:\/\/radioinfinitagoya.com.ar\/v1\/wp-content\/uploads\/2019\/11\/logo-pie-web.png\",\"width\":635,\"height\":326,\"caption\":\"Radio Infinita Goya\"},\"image\":{\"@id\":\"https:\/\/radioinfinitagoya.com.ar\/v1\/#\/schema\/logo\/image\/\"},\"sameAs\":[\"https:\/\/www.facebook.com\/p\/Infinita-Goya-100063870918311\/\"]},{\"@type\":\"Person\",\"@id\":\"https:\/\/radioinfinitagoya.com.ar\/v1\/#\/schema\/person\/d4cf9c413d4f6edb24aabdccab49ca4a\",\"name\":\"Jorge Mi\u00f1o\",\"image\":{\"@type\":\"ImageObject\",\"inLanguage\":\"es-AR\",\"@id\":\"https:\/\/secure.gravatar.com\/avatar\/910fcf6728fe95320e07a6643c1581fec1c7fc4bf8ae12e3d8f0d0373dc844be?s=96&d=mm&r=g\",\"url\":\"https:\/\/secure.gravatar.com\/avatar\/910fcf6728fe95320e07a6643c1581fec1c7fc4bf8ae12e3d8f0d0373dc844be?s=96&d=mm&r=g\",\"contentUrl\":\"https:\/\/secure.gravatar.com\/avatar\/910fcf6728fe95320e07a6643c1581fec1c7fc4bf8ae12e3d8f0d0373dc844be?s=96&d=mm&r=g\",\"caption\":\"Jorge Mi\u00f1o\"},\"sameAs\":[\"http:\/\/radioinfinitagoya.com.ar\"]}]}<\/script>\n<!-- \/ Yoast SEO plugin. -->","yoast_head_json":{"title":"Muestra Pict\u00f3rica colectiva: \"Voces en Acuarela\" - Radio Infinita Goya","description":"El artista pl\u00e1stico y docente Javier Acu\u00f1a dej\u00f3 inaugurada el viernes en Casa de la Cultura la muestra pict\u00f3rica colectiva, obras creadas por sus","robots":{"index":"index","follow":"follow","max-snippet":"max-snippet:-1","max-image-preview":"max-image-preview:large","max-video-preview":"max-video-preview:-1"},"canonical":"https:\/\/radioinfinitagoya.com.ar\/v1\/2025\/07\/27\/muestra-pictorica-colectiva-voces-en-acuarela\/","og_locale":"es_ES","og_type":"article","og_title":"Muestra Pict\u00f3rica colectiva: \"Voces en Acuarela\" - Radio Infinita Goya","og_description":"El artista pl\u00e1stico y docente Javier Acu\u00f1a dej\u00f3 inaugurada el viernes en Casa de la Cultura la muestra pict\u00f3rica colectiva, obras creadas por sus","og_url":"https:\/\/radioinfinitagoya.com.ar\/v1\/2025\/07\/27\/muestra-pictorica-colectiva-voces-en-acuarela\/","og_site_name":"Radio Infinita Goya","article_publisher":"https:\/\/www.facebook.com\/p\/Infinita-Goya-100063870918311\/","article_published_time":"2025-07-27T21:47:11+00:00","og_image":[{"width":848,"height":477,"url":"https:\/\/radioinfinitagoya.com.ar\/v1\/wp-content\/uploads\/2025\/07\/muestra_pictorica_voces_en_acuarela.jpg","type":"image\/jpeg"}],"author":"Jorge Mi\u00f1o","twitter_card":"summary_large_image","twitter_misc":{"Escrito por":"Jorge Mi\u00f1o","Tiempo de lectura":"2 minutos"},"schema":{"@context":"https:\/\/schema.org","@graph":[{"@type":"Article","@id":"https:\/\/radioinfinitagoya.com.ar\/v1\/2025\/07\/27\/muestra-pictorica-colectiva-voces-en-acuarela\/#article","isPartOf":{"@id":"https:\/\/radioinfinitagoya.com.ar\/v1\/2025\/07\/27\/muestra-pictorica-colectiva-voces-en-acuarela\/"},"author":{"name":"Jorge Mi\u00f1o","@id":"https:\/\/radioinfinitagoya.com.ar\/v1\/#\/schema\/person\/d4cf9c413d4f6edb24aabdccab49ca4a"},"headline":"Muestra Pict\u00f3rica colectiva: &#8220;Voces en Acuarela&#8221;","datePublished":"2025-07-27T21:47:11+00:00","mainEntityOfPage":{"@id":"https:\/\/radioinfinitagoya.com.ar\/v1\/2025\/07\/27\/muestra-pictorica-colectiva-voces-en-acuarela\/"},"wordCount":308,"publisher":{"@id":"https:\/\/radioinfinitagoya.com.ar\/v1\/#organization"},"image":{"@id":"https:\/\/radioinfinitagoya.com.ar\/v1\/2025\/07\/27\/muestra-pictorica-colectiva-voces-en-acuarela\/#primaryimage"},"thumbnailUrl":"https:\/\/radioinfinitagoya.com.ar\/v1\/wp-content\/uploads\/2025\/07\/muestra_pictorica_voces_en_acuarela.jpg","articleSection":["LOCALES"],"inLanguage":"es-AR"},{"@type":"WebPage","@id":"https:\/\/radioinfinitagoya.com.ar\/v1\/2025\/07\/27\/muestra-pictorica-colectiva-voces-en-acuarela\/","url":"https:\/\/radioinfinitagoya.com.ar\/v1\/2025\/07\/27\/muestra-pictorica-colectiva-voces-en-acuarela\/","name":"Muestra Pict\u00f3rica colectiva: \"Voces en Acuarela\" - Radio Infinita Goya","isPartOf":{"@id":"https:\/\/radioinfinitagoya.com.ar\/v1\/#website"},"primaryImageOfPage":{"@id":"https:\/\/radioinfinitagoya.com.ar\/v1\/2025\/07\/27\/muestra-pictorica-colectiva-voces-en-acuarela\/#primaryimage"},"image":{"@id":"https:\/\/radioinfinitagoya.com.ar\/v1\/2025\/07\/27\/muestra-pictorica-colectiva-voces-en-acuarela\/#primaryimage"},"thumbnailUrl":"https:\/\/radioinfinitagoya.com.ar\/v1\/wp-content\/uploads\/2025\/07\/muestra_pictorica_voces_en_acuarela.jpg","datePublished":"2025-07-27T21:47:11+00:00","description":"El artista pl\u00e1stico y docente Javier Acu\u00f1a dej\u00f3 inaugurada el viernes en Casa de la Cultura la muestra pict\u00f3rica colectiva, obras creadas por sus","breadcrumb":{"@id":"https:\/\/radioinfinitagoya.com.ar\/v1\/2025\/07\/27\/muestra-pictorica-colectiva-voces-en-acuarela\/#breadcrumb"},"inLanguage":"es-AR","potentialAction":[{"@type":"ReadAction","target":["https:\/\/radioinfinitagoya.com.ar\/v1\/2025\/07\/27\/muestra-pictorica-colectiva-voces-en-acuarela\/"]}]},{"@type":"ImageObject","inLanguage":"es-AR","@id":"https:\/\/radioinfinitagoya.com.ar\/v1\/2025\/07\/27\/muestra-pictorica-colectiva-voces-en-acuarela\/#primaryimage","url":"https:\/\/radioinfinitagoya.com.ar\/v1\/wp-content\/uploads\/2025\/07\/muestra_pictorica_voces_en_acuarela.jpg","contentUrl":"https:\/\/radioinfinitagoya.com.ar\/v1\/wp-content\/uploads\/2025\/07\/muestra_pictorica_voces_en_acuarela.jpg","width":848,"height":477},{"@type":"BreadcrumbList","@id":"https:\/\/radioinfinitagoya.com.ar\/v1\/2025\/07\/27\/muestra-pictorica-colectiva-voces-en-acuarela\/#breadcrumb","itemListElement":[{"@type":"ListItem","position":1,"name":"Inicio","item":"https:\/\/radioinfinitagoya.com.ar\/v1\/"},{"@type":"ListItem","position":2,"name":"Muestra Pict\u00f3rica colectiva: &#8220;Voces en Acuarela&#8221;"}]},{"@type":"WebSite","@id":"https:\/\/radioinfinitagoya.com.ar\/v1\/#website","url":"https:\/\/radioinfinitagoya.com.ar\/v1\/","name":"radioinfinitagoya.com.ar","description":"Radio de noticias","publisher":{"@id":"https:\/\/radioinfinitagoya.com.ar\/v1\/#organization"},"potentialAction":[{"@type":"SearchAction","target":{"@type":"EntryPoint","urlTemplate":"https:\/\/radioinfinitagoya.com.ar\/v1\/?s={search_term_string}"},"query-input":{"@type":"PropertyValueSpecification","valueRequired":true,"valueName":"search_term_string"}}],"inLanguage":"es-AR"},{"@type":"Organization","@id":"https:\/\/radioinfinitagoya.com.ar\/v1\/#organization","name":"Radio Infinita Goya","url":"https:\/\/radioinfinitagoya.com.ar\/v1\/","logo":{"@type":"ImageObject","inLanguage":"es-AR","@id":"https:\/\/radioinfinitagoya.com.ar\/v1\/#\/schema\/logo\/image\/","url":"https:\/\/radioinfinitagoya.com.ar\/v1\/wp-content\/uploads\/2019\/11\/logo-pie-web.png","contentUrl":"https:\/\/radioinfinitagoya.com.ar\/v1\/wp-content\/uploads\/2019\/11\/logo-pie-web.png","width":635,"height":326,"caption":"Radio Infinita Goya"},"image":{"@id":"https:\/\/radioinfinitagoya.com.ar\/v1\/#\/schema\/logo\/image\/"},"sameAs":["https:\/\/www.facebook.com\/p\/Infinita-Goya-100063870918311\/"]},{"@type":"Person","@id":"https:\/\/radioinfinitagoya.com.ar\/v1\/#\/schema\/person\/d4cf9c413d4f6edb24aabdccab49ca4a","name":"Jorge Mi\u00f1o","image":{"@type":"ImageObject","inLanguage":"es-AR","@id":"https:\/\/secure.gravatar.com\/avatar\/910fcf6728fe95320e07a6643c1581fec1c7fc4bf8ae12e3d8f0d0373dc844be?s=96&d=mm&r=g","url":"https:\/\/secure.gravatar.com\/avatar\/910fcf6728fe95320e07a6643c1581fec1c7fc4bf8ae12e3d8f0d0373dc844be?s=96&d=mm&r=g","contentUrl":"https:\/\/secure.gravatar.com\/avatar\/910fcf6728fe95320e07a6643c1581fec1c7fc4bf8ae12e3d8f0d0373dc844be?s=96&d=mm&r=g","caption":"Jorge Mi\u00f1o"},"sameAs":["http:\/\/radioinfinitagoya.com.ar"]}]}},"_links":{"self":[{"href":"https:\/\/radioinfinitagoya.com.ar\/v1\/wp-json\/wp\/v2\/posts\/193460","targetHints":{"allow":["GET"]}}],"collection":[{"href":"https:\/\/radioinfinitagoya.com.ar\/v1\/wp-json\/wp\/v2\/posts"}],"about":[{"href":"https:\/\/radioinfinitagoya.com.ar\/v1\/wp-json\/wp\/v2\/types\/post"}],"author":[{"embeddable":true,"href":"https:\/\/radioinfinitagoya.com.ar\/v1\/wp-json\/wp\/v2\/users\/4"}],"replies":[{"embeddable":true,"href":"https:\/\/radioinfinitagoya.com.ar\/v1\/wp-json\/wp\/v2\/comments?post=193460"}],"version-history":[{"count":0,"href":"https:\/\/radioinfinitagoya.com.ar\/v1\/wp-json\/wp\/v2\/posts\/193460\/revisions"}],"wp:featuredmedia":[{"embeddable":true,"href":"https:\/\/radioinfinitagoya.com.ar\/v1\/wp-json\/wp\/v2\/media\/193461"}],"wp:attachment":[{"href":"https:\/\/radioinfinitagoya.com.ar\/v1\/wp-json\/wp\/v2\/media?parent=193460"}],"wp:term":[{"taxonomy":"category","embeddable":true,"href":"https:\/\/radioinfinitagoya.com.ar\/v1\/wp-json\/wp\/v2\/categories?post=193460"},{"taxonomy":"post_tag","embeddable":true,"href":"https:\/\/radioinfinitagoya.com.ar\/v1\/wp-json\/wp\/v2\/tags?post=193460"}],"curies":[{"name":"wp","href":"https:\/\/api.w.org\/{rel}","templated":true}]}}