{"id":193463,"date":"2025-07-27T19:06:29","date_gmt":"2025-07-27T22:06:29","guid":{"rendered":"https:\/\/radioinfinitagoya.com.ar\/v1\/?p=193463"},"modified":"2025-07-27T19:06:29","modified_gmt":"2025-07-27T22:06:29","slug":"gustavo-valdes-estamos-apuntando-a-ganar-en-primera-vuelta","status":"publish","type":"post","link":"https:\/\/radioinfinitagoya.com.ar\/v1\/2025\/07\/27\/gustavo-valdes-estamos-apuntando-a-ganar-en-primera-vuelta\/","title":{"rendered":"Gustavo Vald\u00e9s: &#8220;Estamos apuntando a ganar en primera vuelta&#8221;"},"content":{"rendered":"<p>El gobernador Vald\u00e9s: &#8220;Nosotros tenemos un proyecto pol\u00edtico y nosotros estamos apuntando a ganar en primera vuelta&#8221;, dijo el gobernador al analizar las pr\u00f3ximas elecciones provinciales.<\/p>\n<p>Acerca de los m\u00e9ritos que tiene Juan Pabloo Vald\u00e9s para ser el pr\u00f3ximo gobernador de la provincia dijo que &#8220;Es honesto, es trabajador, es joven, es inteligente, es empresario, va para adelante, tiene el apoyo de todos los intendentes, tiene un equipo y tiene su equipo y tiene su impronta y es el que m\u00e1s mide, es el que m\u00e1s empuja y est\u00e1 encabezando los n\u00fameros y trabaja&#8221;<\/p>\n<p>Adem\u00e1s resalt\u00f3 que &#8220;tiene un gran equipo que que lo acompa\u00f1a y tiene experiencia, juventud, me parece que re\u00fane los re\u00fane los requisitos. No es el salvador de la patria porque nadie es el salvador de la patria, pero estamos hablando de un candidato que que tiene las condiciones&#8221;<\/p>\n<p>La provincia que deja Gustavo Vald\u00e9s<\/p>\n<p>&#8220;Yo creo que es una provincia mucho mejor de la que asum\u00ed, mucho. Con proyecci\u00f3n, con movimiento, mejorando las exportaciones, con m\u00e1s parques industriales, hicimos 175 escuelas nuevas, modernizamos edificios p\u00fablicos que eran nidos de ratas, ministerios que no ten\u00edan oficina, y con otro edificio en marcha. Estamos por resolver de una sola vez todo lo que tiene que ver con las estructuras administrativas de un gobierno que no hac\u00eda nada. M\u00e1s inversi\u00f3n en la ciudad de Corrientes. Salud. M\u00e1s hospitales. El oncol\u00f3gico nuevo, la ampliaci\u00f3n del hospital de ni\u00f1os, el segundo hospital de ni\u00f1os en Goya. Hospitales en marcha, caminos&#8221;, dijo al hablar de la provincia que le deja al pr\u00f3ximo gobernador.<\/p>\n<p>Cambiamos la matriz del Estado, que solamente pagaba sueldo, a un Estado industrial y productivista<\/p>\n<p>Adem\u00e1s agreg\u00f3 que &#8220;Recuperamos la capacidad del Estado en poder hacer rutas y caminos en los municipios. Ya con cuatro plantas en marcha podemos resolver cualquier tipo de problema de pavimentaci\u00f3n en cualquier municipio, pero es una cuesti\u00f3n de tiempo. Y lo otro fundamental es que hicimos todo esto y no le pedimos un peso prestado a nadie. Y eso hay que resaltar&#8221;.<\/p>\n<p>&#8220;Cambiamos la matriz del Estado, que solamente pagaba sueldo, un Estado industrial y productivista, que tiene que ser con m\u00e1s cosas&#8221;, resalt\u00f3.<\/p>\n<p>&#8220;Si puedo trabajar para la construcci\u00f3n nacional lo voy a hacer&#8221;, dijo Vald\u00e9s sobre la UCR a nivel nacional.<\/p>\n","protected":false},"excerpt":{"rendered":"<p>El gobernador Vald\u00e9s: &#8220;Nosotros tenemos un proyecto pol\u00edtico y nosotros estamos apuntando a ganar en primera vuelta&#8221;, dijo el gobernador al analizar las pr\u00f3ximas elecciones provinciales. Acerca de los m\u00e9ritos que tiene Juan Pabloo Vald\u00e9s para ser el pr\u00f3ximo gobernador de la provincia dijo que &#8220;Es honesto, es trabajador, es joven, es inteligente, es empresario, [&hellip;]<\/p>\n","protected":false},"author":4,"featured_media":193464,"comment_status":"closed","ping_status":"closed","sticky":false,"template":"","format":"standard","meta":{"_joinchat":[],"footnotes":""},"categories":[34],"tags":[],"class_list":{"0":"post-193463","1":"post","2":"type-post","3":"status-publish","4":"format-standard","5":"has-post-thumbnail","7":"category-principal"},"yoast_head":"<!-- This site is optimized with the Yoast SEO plugin v27.2 - https:\/\/yoast.com\/product\/yoast-seo-wordpress\/ -->\n<title>Gustavo Vald\u00e9s: &quot;Estamos apuntando a ganar en primera vuelta&quot; - Radio Infinita Goya<\/title>\n<meta name=\"description\" content=\"El gobernador Vald\u00e9s: &quot;Nosotros tenemos un proyecto pol\u00edtico y nosotros estamos apuntando a ganar en primera vuelta&quot;, dijo el gobernador al analizar las\" \/>\n<meta name=\"robots\" content=\"index, follow, max-snippet:-1, max-image-preview:large, max-video-preview:-1\" \/>\n<link rel=\"canonical\" href=\"https:\/\/radioinfinitagoya.com.ar\/v1\/2025\/07\/27\/gustavo-valdes-estamos-apuntando-a-ganar-en-primera-vuelta\/\" \/>\n<meta property=\"og:locale\" content=\"es_ES\" \/>\n<meta property=\"og:type\" content=\"article\" \/>\n<meta property=\"og:title\" content=\"Gustavo Vald\u00e9s: &quot;Estamos apuntando a ganar en primera vuelta&quot; - Radio Infinita Goya\" \/>\n<meta property=\"og:description\" content=\"El gobernador Vald\u00e9s: &quot;Nosotros tenemos un proyecto pol\u00edtico y nosotros estamos apuntando a ganar en primera vuelta&quot;, dijo el gobernador al analizar las\" \/>\n<meta property=\"og:url\" content=\"https:\/\/radioinfinitagoya.com.ar\/v1\/2025\/07\/27\/gustavo-valdes-estamos-apuntando-a-ganar-en-primera-vuelta\/\" \/>\n<meta property=\"og:site_name\" content=\"Radio Infinita Goya\" \/>\n<meta property=\"article:publisher\" content=\"https:\/\/www.facebook.com\/p\/Infinita-Goya-100063870918311\/\" \/>\n<meta property=\"article:published_time\" content=\"2025-07-27T22:06:29+00:00\" \/>\n<meta property=\"og:image\" content=\"https:\/\/radioinfinitagoya.com.ar\/v1\/wp-content\/uploads\/2025\/07\/Gwns8CtWEAAi0YI.jpg\" \/>\n\t<meta property=\"og:image:width\" content=\"680\" \/>\n\t<meta property=\"og:image:height\" content=\"453\" \/>\n\t<meta property=\"og:image:type\" content=\"image\/jpeg\" \/>\n<meta name=\"author\" content=\"Jorge Mi\u00f1o\" \/>\n<meta name=\"twitter:card\" content=\"summary_large_image\" \/>\n<meta name=\"twitter:label1\" content=\"Escrito por\" \/>\n\t<meta name=\"twitter:data1\" content=\"Jorge Mi\u00f1o\" \/>\n\t<meta name=\"twitter:label2\" content=\"Tiempo de lectura\" \/>\n\t<meta name=\"twitter:data2\" content=\"2 minutos\" \/>\n<script type=\"application\/ld+json\" class=\"yoast-schema-graph\">{\"@context\":\"https:\/\/schema.org\",\"@graph\":[{\"@type\":\"Article\",\"@id\":\"https:\/\/radioinfinitagoya.com.ar\/v1\/2025\/07\/27\/gustavo-valdes-estamos-apuntando-a-ganar-en-primera-vuelta\/#article\",\"isPartOf\":{\"@id\":\"https:\/\/radioinfinitagoya.com.ar\/v1\/2025\/07\/27\/gustavo-valdes-estamos-apuntando-a-ganar-en-primera-vuelta\/\"},\"author\":{\"name\":\"Jorge Mi\u00f1o\",\"@id\":\"https:\/\/radioinfinitagoya.com.ar\/v1\/#\/schema\/person\/d4cf9c413d4f6edb24aabdccab49ca4a\"},\"headline\":\"Gustavo Vald\u00e9s: &#8220;Estamos apuntando a ganar en primera vuelta&#8221;\",\"datePublished\":\"2025-07-27T22:06:29+00:00\",\"mainEntityOfPage\":{\"@id\":\"https:\/\/radioinfinitagoya.com.ar\/v1\/2025\/07\/27\/gustavo-valdes-estamos-apuntando-a-ganar-en-primera-vuelta\/\"},\"wordCount\":423,\"publisher\":{\"@id\":\"https:\/\/radioinfinitagoya.com.ar\/v1\/#organization\"},\"image\":{\"@id\":\"https:\/\/radioinfinitagoya.com.ar\/v1\/2025\/07\/27\/gustavo-valdes-estamos-apuntando-a-ganar-en-primera-vuelta\/#primaryimage\"},\"thumbnailUrl\":\"https:\/\/radioinfinitagoya.com.ar\/v1\/wp-content\/uploads\/2025\/07\/Gwns8CtWEAAi0YI.jpg\",\"articleSection\":[\"PRINCIPAL\"],\"inLanguage\":\"es-AR\"},{\"@type\":\"WebPage\",\"@id\":\"https:\/\/radioinfinitagoya.com.ar\/v1\/2025\/07\/27\/gustavo-valdes-estamos-apuntando-a-ganar-en-primera-vuelta\/\",\"url\":\"https:\/\/radioinfinitagoya.com.ar\/v1\/2025\/07\/27\/gustavo-valdes-estamos-apuntando-a-ganar-en-primera-vuelta\/\",\"name\":\"Gustavo Vald\u00e9s: \\\"Estamos apuntando a ganar en primera vuelta\\\" - Radio Infinita Goya\",\"isPartOf\":{\"@id\":\"https:\/\/radioinfinitagoya.com.ar\/v1\/#website\"},\"primaryImageOfPage\":{\"@id\":\"https:\/\/radioinfinitagoya.com.ar\/v1\/2025\/07\/27\/gustavo-valdes-estamos-apuntando-a-ganar-en-primera-vuelta\/#primaryimage\"},\"image\":{\"@id\":\"https:\/\/radioinfinitagoya.com.ar\/v1\/2025\/07\/27\/gustavo-valdes-estamos-apuntando-a-ganar-en-primera-vuelta\/#primaryimage\"},\"thumbnailUrl\":\"https:\/\/radioinfinitagoya.com.ar\/v1\/wp-content\/uploads\/2025\/07\/Gwns8CtWEAAi0YI.jpg\",\"datePublished\":\"2025-07-27T22:06:29+00:00\",\"description\":\"El gobernador Vald\u00e9s: \\\"Nosotros tenemos un proyecto pol\u00edtico y nosotros estamos apuntando a ganar en primera vuelta\\\", dijo el gobernador al analizar las\",\"breadcrumb\":{\"@id\":\"https:\/\/radioinfinitagoya.com.ar\/v1\/2025\/07\/27\/gustavo-valdes-estamos-apuntando-a-ganar-en-primera-vuelta\/#breadcrumb\"},\"inLanguage\":\"es-AR\",\"potentialAction\":[{\"@type\":\"ReadAction\",\"target\":[\"https:\/\/radioinfinitagoya.com.ar\/v1\/2025\/07\/27\/gustavo-valdes-estamos-apuntando-a-ganar-en-primera-vuelta\/\"]}]},{\"@type\":\"ImageObject\",\"inLanguage\":\"es-AR\",\"@id\":\"https:\/\/radioinfinitagoya.com.ar\/v1\/2025\/07\/27\/gustavo-valdes-estamos-apuntando-a-ganar-en-primera-vuelta\/#primaryimage\",\"url\":\"https:\/\/radioinfinitagoya.com.ar\/v1\/wp-content\/uploads\/2025\/07\/Gwns8CtWEAAi0YI.jpg\",\"contentUrl\":\"https:\/\/radioinfinitagoya.com.ar\/v1\/wp-content\/uploads\/2025\/07\/Gwns8CtWEAAi0YI.jpg\",\"width\":680,\"height\":453},{\"@type\":\"BreadcrumbList\",\"@id\":\"https:\/\/radioinfinitagoya.com.ar\/v1\/2025\/07\/27\/gustavo-valdes-estamos-apuntando-a-ganar-en-primera-vuelta\/#breadcrumb\",\"itemListElement\":[{\"@type\":\"ListItem\",\"position\":1,\"name\":\"Inicio\",\"item\":\"https:\/\/radioinfinitagoya.com.ar\/v1\/\"},{\"@type\":\"ListItem\",\"position\":2,\"name\":\"Gustavo Vald\u00e9s: &#8220;Estamos apuntando a ganar en primera vuelta&#8221;\"}]},{\"@type\":\"WebSite\",\"@id\":\"https:\/\/radioinfinitagoya.com.ar\/v1\/#website\",\"url\":\"https:\/\/radioinfinitagoya.com.ar\/v1\/\",\"name\":\"radioinfinitagoya.com.ar\",\"description\":\"Radio de noticias\",\"publisher\":{\"@id\":\"https:\/\/radioinfinitagoya.com.ar\/v1\/#organization\"},\"potentialAction\":[{\"@type\":\"SearchAction\",\"target\":{\"@type\":\"EntryPoint\",\"urlTemplate\":\"https:\/\/radioinfinitagoya.com.ar\/v1\/?s={search_term_string}\"},\"query-input\":{\"@type\":\"PropertyValueSpecification\",\"valueRequired\":true,\"valueName\":\"search_term_string\"}}],\"inLanguage\":\"es-AR\"},{\"@type\":\"Organization\",\"@id\":\"https:\/\/radioinfinitagoya.com.ar\/v1\/#organization\",\"name\":\"Radio Infinita Goya\",\"url\":\"https:\/\/radioinfinitagoya.com.ar\/v1\/\",\"logo\":{\"@type\":\"ImageObject\",\"inLanguage\":\"es-AR\",\"@id\":\"https:\/\/radioinfinitagoya.com.ar\/v1\/#\/schema\/logo\/image\/\",\"url\":\"https:\/\/radioinfinitagoya.com.ar\/v1\/wp-content\/uploads\/2019\/11\/logo-pie-web.png\",\"contentUrl\":\"https:\/\/radioinfinitagoya.com.ar\/v1\/wp-content\/uploads\/2019\/11\/logo-pie-web.png\",\"width\":635,\"height\":326,\"caption\":\"Radio Infinita Goya\"},\"image\":{\"@id\":\"https:\/\/radioinfinitagoya.com.ar\/v1\/#\/schema\/logo\/image\/\"},\"sameAs\":[\"https:\/\/www.facebook.com\/p\/Infinita-Goya-100063870918311\/\"]},{\"@type\":\"Person\",\"@id\":\"https:\/\/radioinfinitagoya.com.ar\/v1\/#\/schema\/person\/d4cf9c413d4f6edb24aabdccab49ca4a\",\"name\":\"Jorge Mi\u00f1o\",\"image\":{\"@type\":\"ImageObject\",\"inLanguage\":\"es-AR\",\"@id\":\"https:\/\/secure.gravatar.com\/avatar\/910fcf6728fe95320e07a6643c1581fec1c7fc4bf8ae12e3d8f0d0373dc844be?s=96&d=mm&r=g\",\"url\":\"https:\/\/secure.gravatar.com\/avatar\/910fcf6728fe95320e07a6643c1581fec1c7fc4bf8ae12e3d8f0d0373dc844be?s=96&d=mm&r=g\",\"contentUrl\":\"https:\/\/secure.gravatar.com\/avatar\/910fcf6728fe95320e07a6643c1581fec1c7fc4bf8ae12e3d8f0d0373dc844be?s=96&d=mm&r=g\",\"caption\":\"Jorge Mi\u00f1o\"},\"sameAs\":[\"http:\/\/radioinfinitagoya.com.ar\"]}]}<\/script>\n<!-- \/ Yoast SEO plugin. -->","yoast_head_json":{"title":"Gustavo Vald\u00e9s: \"Estamos apuntando a ganar en primera vuelta\" - Radio Infinita Goya","description":"El gobernador Vald\u00e9s: \"Nosotros tenemos un proyecto pol\u00edtico y nosotros estamos apuntando a ganar en primera vuelta\", dijo el gobernador al analizar las","robots":{"index":"index","follow":"follow","max-snippet":"max-snippet:-1","max-image-preview":"max-image-preview:large","max-video-preview":"max-video-preview:-1"},"canonical":"https:\/\/radioinfinitagoya.com.ar\/v1\/2025\/07\/27\/gustavo-valdes-estamos-apuntando-a-ganar-en-primera-vuelta\/","og_locale":"es_ES","og_type":"article","og_title":"Gustavo Vald\u00e9s: \"Estamos apuntando a ganar en primera vuelta\" - Radio Infinita Goya","og_description":"El gobernador Vald\u00e9s: \"Nosotros tenemos un proyecto pol\u00edtico y nosotros estamos apuntando a ganar en primera vuelta\", dijo el gobernador al analizar las","og_url":"https:\/\/radioinfinitagoya.com.ar\/v1\/2025\/07\/27\/gustavo-valdes-estamos-apuntando-a-ganar-en-primera-vuelta\/","og_site_name":"Radio Infinita Goya","article_publisher":"https:\/\/www.facebook.com\/p\/Infinita-Goya-100063870918311\/","article_published_time":"2025-07-27T22:06:29+00:00","og_image":[{"width":680,"height":453,"url":"https:\/\/radioinfinitagoya.com.ar\/v1\/wp-content\/uploads\/2025\/07\/Gwns8CtWEAAi0YI.jpg","type":"image\/jpeg"}],"author":"Jorge Mi\u00f1o","twitter_card":"summary_large_image","twitter_misc":{"Escrito por":"Jorge Mi\u00f1o","Tiempo de lectura":"2 minutos"},"schema":{"@context":"https:\/\/schema.org","@graph":[{"@type":"Article","@id":"https:\/\/radioinfinitagoya.com.ar\/v1\/2025\/07\/27\/gustavo-valdes-estamos-apuntando-a-ganar-en-primera-vuelta\/#article","isPartOf":{"@id":"https:\/\/radioinfinitagoya.com.ar\/v1\/2025\/07\/27\/gustavo-valdes-estamos-apuntando-a-ganar-en-primera-vuelta\/"},"author":{"name":"Jorge Mi\u00f1o","@id":"https:\/\/radioinfinitagoya.com.ar\/v1\/#\/schema\/person\/d4cf9c413d4f6edb24aabdccab49ca4a"},"headline":"Gustavo Vald\u00e9s: &#8220;Estamos apuntando a ganar en primera vuelta&#8221;","datePublished":"2025-07-27T22:06:29+00:00","mainEntityOfPage":{"@id":"https:\/\/radioinfinitagoya.com.ar\/v1\/2025\/07\/27\/gustavo-valdes-estamos-apuntando-a-ganar-en-primera-vuelta\/"},"wordCount":423,"publisher":{"@id":"https:\/\/radioinfinitagoya.com.ar\/v1\/#organization"},"image":{"@id":"https:\/\/radioinfinitagoya.com.ar\/v1\/2025\/07\/27\/gustavo-valdes-estamos-apuntando-a-ganar-en-primera-vuelta\/#primaryimage"},"thumbnailUrl":"https:\/\/radioinfinitagoya.com.ar\/v1\/wp-content\/uploads\/2025\/07\/Gwns8CtWEAAi0YI.jpg","articleSection":["PRINCIPAL"],"inLanguage":"es-AR"},{"@type":"WebPage","@id":"https:\/\/radioinfinitagoya.com.ar\/v1\/2025\/07\/27\/gustavo-valdes-estamos-apuntando-a-ganar-en-primera-vuelta\/","url":"https:\/\/radioinfinitagoya.com.ar\/v1\/2025\/07\/27\/gustavo-valdes-estamos-apuntando-a-ganar-en-primera-vuelta\/","name":"Gustavo Vald\u00e9s: \"Estamos apuntando a ganar en primera vuelta\" - Radio Infinita Goya","isPartOf":{"@id":"https:\/\/radioinfinitagoya.com.ar\/v1\/#website"},"primaryImageOfPage":{"@id":"https:\/\/radioinfinitagoya.com.ar\/v1\/2025\/07\/27\/gustavo-valdes-estamos-apuntando-a-ganar-en-primera-vuelta\/#primaryimage"},"image":{"@id":"https:\/\/radioinfinitagoya.com.ar\/v1\/2025\/07\/27\/gustavo-valdes-estamos-apuntando-a-ganar-en-primera-vuelta\/#primaryimage"},"thumbnailUrl":"https:\/\/radioinfinitagoya.com.ar\/v1\/wp-content\/uploads\/2025\/07\/Gwns8CtWEAAi0YI.jpg","datePublished":"2025-07-27T22:06:29+00:00","description":"El gobernador Vald\u00e9s: \"Nosotros tenemos un proyecto pol\u00edtico y nosotros estamos apuntando a ganar en primera vuelta\", dijo el gobernador al analizar las","breadcrumb":{"@id":"https:\/\/radioinfinitagoya.com.ar\/v1\/2025\/07\/27\/gustavo-valdes-estamos-apuntando-a-ganar-en-primera-vuelta\/#breadcrumb"},"inLanguage":"es-AR","potentialAction":[{"@type":"ReadAction","target":["https:\/\/radioinfinitagoya.com.ar\/v1\/2025\/07\/27\/gustavo-valdes-estamos-apuntando-a-ganar-en-primera-vuelta\/"]}]},{"@type":"ImageObject","inLanguage":"es-AR","@id":"https:\/\/radioinfinitagoya.com.ar\/v1\/2025\/07\/27\/gustavo-valdes-estamos-apuntando-a-ganar-en-primera-vuelta\/#primaryimage","url":"https:\/\/radioinfinitagoya.com.ar\/v1\/wp-content\/uploads\/2025\/07\/Gwns8CtWEAAi0YI.jpg","contentUrl":"https:\/\/radioinfinitagoya.com.ar\/v1\/wp-content\/uploads\/2025\/07\/Gwns8CtWEAAi0YI.jpg","width":680,"height":453},{"@type":"BreadcrumbList","@id":"https:\/\/radioinfinitagoya.com.ar\/v1\/2025\/07\/27\/gustavo-valdes-estamos-apuntando-a-ganar-en-primera-vuelta\/#breadcrumb","itemListElement":[{"@type":"ListItem","position":1,"name":"Inicio","item":"https:\/\/radioinfinitagoya.com.ar\/v1\/"},{"@type":"ListItem","position":2,"name":"Gustavo Vald\u00e9s: &#8220;Estamos apuntando a ganar en primera vuelta&#8221;"}]},{"@type":"WebSite","@id":"https:\/\/radioinfinitagoya.com.ar\/v1\/#website","url":"https:\/\/radioinfinitagoya.com.ar\/v1\/","name":"radioinfinitagoya.com.ar","description":"Radio de noticias","publisher":{"@id":"https:\/\/radioinfinitagoya.com.ar\/v1\/#organization"},"potentialAction":[{"@type":"SearchAction","target":{"@type":"EntryPoint","urlTemplate":"https:\/\/radioinfinitagoya.com.ar\/v1\/?s={search_term_string}"},"query-input":{"@type":"PropertyValueSpecification","valueRequired":true,"valueName":"search_term_string"}}],"inLanguage":"es-AR"},{"@type":"Organization","@id":"https:\/\/radioinfinitagoya.com.ar\/v1\/#organization","name":"Radio Infinita Goya","url":"https:\/\/radioinfinitagoya.com.ar\/v1\/","logo":{"@type":"ImageObject","inLanguage":"es-AR","@id":"https:\/\/radioinfinitagoya.com.ar\/v1\/#\/schema\/logo\/image\/","url":"https:\/\/radioinfinitagoya.com.ar\/v1\/wp-content\/uploads\/2019\/11\/logo-pie-web.png","contentUrl":"https:\/\/radioinfinitagoya.com.ar\/v1\/wp-content\/uploads\/2019\/11\/logo-pie-web.png","width":635,"height":326,"caption":"Radio Infinita Goya"},"image":{"@id":"https:\/\/radioinfinitagoya.com.ar\/v1\/#\/schema\/logo\/image\/"},"sameAs":["https:\/\/www.facebook.com\/p\/Infinita-Goya-100063870918311\/"]},{"@type":"Person","@id":"https:\/\/radioinfinitagoya.com.ar\/v1\/#\/schema\/person\/d4cf9c413d4f6edb24aabdccab49ca4a","name":"Jorge Mi\u00f1o","image":{"@type":"ImageObject","inLanguage":"es-AR","@id":"https:\/\/secure.gravatar.com\/avatar\/910fcf6728fe95320e07a6643c1581fec1c7fc4bf8ae12e3d8f0d0373dc844be?s=96&d=mm&r=g","url":"https:\/\/secure.gravatar.com\/avatar\/910fcf6728fe95320e07a6643c1581fec1c7fc4bf8ae12e3d8f0d0373dc844be?s=96&d=mm&r=g","contentUrl":"https:\/\/secure.gravatar.com\/avatar\/910fcf6728fe95320e07a6643c1581fec1c7fc4bf8ae12e3d8f0d0373dc844be?s=96&d=mm&r=g","caption":"Jorge Mi\u00f1o"},"sameAs":["http:\/\/radioinfinitagoya.com.ar"]}]}},"_links":{"self":[{"href":"https:\/\/radioinfinitagoya.com.ar\/v1\/wp-json\/wp\/v2\/posts\/193463","targetHints":{"allow":["GET"]}}],"collection":[{"href":"https:\/\/radioinfinitagoya.com.ar\/v1\/wp-json\/wp\/v2\/posts"}],"about":[{"href":"https:\/\/radioinfinitagoya.com.ar\/v1\/wp-json\/wp\/v2\/types\/post"}],"author":[{"embeddable":true,"href":"https:\/\/radioinfinitagoya.com.ar\/v1\/wp-json\/wp\/v2\/users\/4"}],"replies":[{"embeddable":true,"href":"https:\/\/radioinfinitagoya.com.ar\/v1\/wp-json\/wp\/v2\/comments?post=193463"}],"version-history":[{"count":0,"href":"https:\/\/radioinfinitagoya.com.ar\/v1\/wp-json\/wp\/v2\/posts\/193463\/revisions"}],"wp:featuredmedia":[{"embeddable":true,"href":"https:\/\/radioinfinitagoya.com.ar\/v1\/wp-json\/wp\/v2\/media\/193464"}],"wp:attachment":[{"href":"https:\/\/radioinfinitagoya.com.ar\/v1\/wp-json\/wp\/v2\/media?parent=193463"}],"wp:term":[{"taxonomy":"category","embeddable":true,"href":"https:\/\/radioinfinitagoya.com.ar\/v1\/wp-json\/wp\/v2\/categories?post=193463"},{"taxonomy":"post_tag","embeddable":true,"href":"https:\/\/radioinfinitagoya.com.ar\/v1\/wp-json\/wp\/v2\/tags?post=193463"}],"curies":[{"name":"wp","href":"https:\/\/api.w.org\/{rel}","templated":true}]}}