{"id":193467,"date":"2025-07-28T15:59:01","date_gmt":"2025-07-28T18:59:01","guid":{"rendered":"https:\/\/radioinfinitagoya.com.ar\/v1\/?p=193467"},"modified":"2025-07-28T15:59:01","modified_gmt":"2025-07-28T18:59:01","slug":"dos-correntinos-murieron-en-un-tragico-choque-en-santa-fe","status":"publish","type":"post","link":"https:\/\/radioinfinitagoya.com.ar\/v1\/2025\/07\/28\/dos-correntinos-murieron-en-un-tragico-choque-en-santa-fe\/","title":{"rendered":"Dos correntinos murieron en un tr\u00e1gico choque en Santa Fe"},"content":{"rendered":"<p>Un colectivo de larga distancia impact\u00f3 contra un cami\u00f3n. Hubo tres v\u00edctimas fatales: dos de Corrientes y una de Chaco. Viajaban 52 personas, de las cuales 17 resultaron heridas<\/p>\n<p>Un fatal accidente ocurri\u00f3 el s\u00e1bado sobre Ruta Nacional 11, en Santa Fe, donde un cami\u00f3n y un colectivo de larga distancia chocaron de frente. La consecuencia fue fatal, tres personas murieron, dos correntinos y un chaque\u00f1o.<\/p>\n<p>El colectivo volv\u00eda de Buenos Aires de un tour de compras y ten\u00eda como destino final la ciudad de Resistencia, Chaco. A la altura del kil\u00f3metro 516, de la RN 11, altura de la localidad santafecina de Nelson, el veh\u00edculo de la empresa Santa Luc\u00eda, que tra\u00eda 48 pasajeros y 4 coordinadores, impact\u00f3 contra un cami\u00f3n Scania que ingres\u00f3 a la ruta luego de para en una gomer\u00eda.<\/p>\n<p>Por el impacto, la cabina donde iban los dos choferes y uno de los coordinadores de viaje, qued\u00f3 destruida, matando en el instante a sus ocupantes.<\/p>\n<p>Las v\u00edctimas fatales fueron los dos choferes y un coordinador de viajes. Uno de los choferes era Omar Escalante, de 66 a\u00f1os, conocido como \u201cJapo\u201d, era de Bella Vista y trabajaba en la empresa desde hace m\u00e1s de 20 a\u00f1os.<\/p>\n<p>El otro chofer era Rub\u00e9n Ponce, de 60 a\u00f1os, oriundo de la capital correntina, quien trabajaba para la empresa y hac\u00eda viajes particulares al interior.<\/p>\n<p>La tercera v\u00edctima fue Juli\u00e1n, viv\u00eda en la Leonesa, Chaco. Fue coordinador durante 20 a\u00f1os, llevando a grupo de personas desde distintos puntos delpa\u00eds hacia el predio ferial de La Salada.<\/p>\n<p>En tanto que el cami\u00f3n era dirigido por un hombre de 48 a\u00f1os, a quien la Fiscal\u00eda de turno pidi\u00f3 un test de alcoholemia y lo puso a disposici\u00f3n de la Justicia bajo la car\u00e1tula, en un principio, de homicidio culposo.<\/p>\n<p>Por otra parte, se registraron 17 heridos entre los pasajeros del colectivo. El tr\u00e1nsito estuvo interrumpido por ocho horas para que los servicios de emergencias trabajaran en asistir a los heridos, que sufrieron heridas de diversa gravedad y fueron trasladados a los hospitales aleda\u00f1os.<\/p>\n<p>&nbsp;<\/p>\n","protected":false},"excerpt":{"rendered":"<p>Un colectivo de larga distancia impact\u00f3 contra un cami\u00f3n. Hubo tres v\u00edctimas fatales: dos de Corrientes y una de Chaco. Viajaban 52 personas, de las cuales 17 resultaron heridas Un fatal accidente ocurri\u00f3 el s\u00e1bado sobre Ruta Nacional 11, en Santa Fe, donde un cami\u00f3n y un colectivo de larga distancia chocaron de frente. La [&hellip;]<\/p>\n","protected":false},"author":4,"featured_media":193468,"comment_status":"closed","ping_status":"closed","sticky":false,"template":"","format":"standard","meta":{"_joinchat":[],"footnotes":""},"categories":[26],"tags":[],"class_list":{"0":"post-193467","1":"post","2":"type-post","3":"status-publish","4":"format-standard","5":"has-post-thumbnail","7":"category-provinciales"},"yoast_head":"<!-- This site is optimized with the Yoast SEO plugin v27.2 - https:\/\/yoast.com\/product\/yoast-seo-wordpress\/ -->\n<title>Dos correntinos murieron en un tr\u00e1gico choque en Santa Fe - Radio Infinita Goya<\/title>\n<meta name=\"description\" content=\"Un colectivo de larga distancia impact\u00f3 contra un cami\u00f3n. Hubo tres v\u00edctimas fatales: dos de Corrientes y una de Chaco. Viajaban 52 personas, de las\" \/>\n<meta name=\"robots\" content=\"index, follow, max-snippet:-1, max-image-preview:large, max-video-preview:-1\" \/>\n<link rel=\"canonical\" href=\"https:\/\/radioinfinitagoya.com.ar\/v1\/2025\/07\/28\/dos-correntinos-murieron-en-un-tragico-choque-en-santa-fe\/\" \/>\n<meta property=\"og:locale\" content=\"es_ES\" \/>\n<meta property=\"og:type\" content=\"article\" \/>\n<meta property=\"og:title\" content=\"Dos correntinos murieron en un tr\u00e1gico choque en Santa Fe - Radio Infinita Goya\" \/>\n<meta property=\"og:description\" content=\"Un colectivo de larga distancia impact\u00f3 contra un cami\u00f3n. Hubo tres v\u00edctimas fatales: dos de Corrientes y una de Chaco. Viajaban 52 personas, de las\" \/>\n<meta property=\"og:url\" content=\"https:\/\/radioinfinitagoya.com.ar\/v1\/2025\/07\/28\/dos-correntinos-murieron-en-un-tragico-choque-en-santa-fe\/\" \/>\n<meta property=\"og:site_name\" content=\"Radio Infinita Goya\" \/>\n<meta property=\"article:publisher\" content=\"https:\/\/www.facebook.com\/p\/Infinita-Goya-100063870918311\/\" \/>\n<meta property=\"article:published_time\" content=\"2025-07-28T18:59:01+00:00\" \/>\n<meta property=\"og:image\" content=\"https:\/\/radioinfinitagoya.com.ar\/v1\/wp-content\/uploads\/2025\/07\/N3NoEIM4.jpg\" \/>\n\t<meta property=\"og:image:width\" content=\"680\" \/>\n\t<meta property=\"og:image:height\" content=\"357\" \/>\n\t<meta property=\"og:image:type\" content=\"image\/jpeg\" \/>\n<meta name=\"author\" content=\"Jorge Mi\u00f1o\" \/>\n<meta name=\"twitter:card\" content=\"summary_large_image\" \/>\n<meta name=\"twitter:label1\" content=\"Escrito por\" \/>\n\t<meta name=\"twitter:data1\" content=\"Jorge Mi\u00f1o\" \/>\n\t<meta name=\"twitter:label2\" content=\"Tiempo de lectura\" \/>\n\t<meta name=\"twitter:data2\" content=\"2 minutos\" \/>\n<script type=\"application\/ld+json\" class=\"yoast-schema-graph\">{\"@context\":\"https:\/\/schema.org\",\"@graph\":[{\"@type\":\"Article\",\"@id\":\"https:\/\/radioinfinitagoya.com.ar\/v1\/2025\/07\/28\/dos-correntinos-murieron-en-un-tragico-choque-en-santa-fe\/#article\",\"isPartOf\":{\"@id\":\"https:\/\/radioinfinitagoya.com.ar\/v1\/2025\/07\/28\/dos-correntinos-murieron-en-un-tragico-choque-en-santa-fe\/\"},\"author\":{\"name\":\"Jorge Mi\u00f1o\",\"@id\":\"https:\/\/radioinfinitagoya.com.ar\/v1\/#\/schema\/person\/d4cf9c413d4f6edb24aabdccab49ca4a\"},\"headline\":\"Dos correntinos murieron en un tr\u00e1gico choque en Santa Fe\",\"datePublished\":\"2025-07-28T18:59:01+00:00\",\"mainEntityOfPage\":{\"@id\":\"https:\/\/radioinfinitagoya.com.ar\/v1\/2025\/07\/28\/dos-correntinos-murieron-en-un-tragico-choque-en-santa-fe\/\"},\"wordCount\":372,\"publisher\":{\"@id\":\"https:\/\/radioinfinitagoya.com.ar\/v1\/#organization\"},\"image\":{\"@id\":\"https:\/\/radioinfinitagoya.com.ar\/v1\/2025\/07\/28\/dos-correntinos-murieron-en-un-tragico-choque-en-santa-fe\/#primaryimage\"},\"thumbnailUrl\":\"https:\/\/radioinfinitagoya.com.ar\/v1\/wp-content\/uploads\/2025\/07\/N3NoEIM4.jpg\",\"articleSection\":[\"PROVINCIALES\"],\"inLanguage\":\"es-AR\"},{\"@type\":\"WebPage\",\"@id\":\"https:\/\/radioinfinitagoya.com.ar\/v1\/2025\/07\/28\/dos-correntinos-murieron-en-un-tragico-choque-en-santa-fe\/\",\"url\":\"https:\/\/radioinfinitagoya.com.ar\/v1\/2025\/07\/28\/dos-correntinos-murieron-en-un-tragico-choque-en-santa-fe\/\",\"name\":\"Dos correntinos murieron en un tr\u00e1gico choque en Santa Fe - Radio Infinita Goya\",\"isPartOf\":{\"@id\":\"https:\/\/radioinfinitagoya.com.ar\/v1\/#website\"},\"primaryImageOfPage\":{\"@id\":\"https:\/\/radioinfinitagoya.com.ar\/v1\/2025\/07\/28\/dos-correntinos-murieron-en-un-tragico-choque-en-santa-fe\/#primaryimage\"},\"image\":{\"@id\":\"https:\/\/radioinfinitagoya.com.ar\/v1\/2025\/07\/28\/dos-correntinos-murieron-en-un-tragico-choque-en-santa-fe\/#primaryimage\"},\"thumbnailUrl\":\"https:\/\/radioinfinitagoya.com.ar\/v1\/wp-content\/uploads\/2025\/07\/N3NoEIM4.jpg\",\"datePublished\":\"2025-07-28T18:59:01+00:00\",\"description\":\"Un colectivo de larga distancia impact\u00f3 contra un cami\u00f3n. Hubo tres v\u00edctimas fatales: dos de Corrientes y una de Chaco. Viajaban 52 personas, de las\",\"breadcrumb\":{\"@id\":\"https:\/\/radioinfinitagoya.com.ar\/v1\/2025\/07\/28\/dos-correntinos-murieron-en-un-tragico-choque-en-santa-fe\/#breadcrumb\"},\"inLanguage\":\"es-AR\",\"potentialAction\":[{\"@type\":\"ReadAction\",\"target\":[\"https:\/\/radioinfinitagoya.com.ar\/v1\/2025\/07\/28\/dos-correntinos-murieron-en-un-tragico-choque-en-santa-fe\/\"]}]},{\"@type\":\"ImageObject\",\"inLanguage\":\"es-AR\",\"@id\":\"https:\/\/radioinfinitagoya.com.ar\/v1\/2025\/07\/28\/dos-correntinos-murieron-en-un-tragico-choque-en-santa-fe\/#primaryimage\",\"url\":\"https:\/\/radioinfinitagoya.com.ar\/v1\/wp-content\/uploads\/2025\/07\/N3NoEIM4.jpg\",\"contentUrl\":\"https:\/\/radioinfinitagoya.com.ar\/v1\/wp-content\/uploads\/2025\/07\/N3NoEIM4.jpg\",\"width\":680,\"height\":357},{\"@type\":\"BreadcrumbList\",\"@id\":\"https:\/\/radioinfinitagoya.com.ar\/v1\/2025\/07\/28\/dos-correntinos-murieron-en-un-tragico-choque-en-santa-fe\/#breadcrumb\",\"itemListElement\":[{\"@type\":\"ListItem\",\"position\":1,\"name\":\"Inicio\",\"item\":\"https:\/\/radioinfinitagoya.com.ar\/v1\/\"},{\"@type\":\"ListItem\",\"position\":2,\"name\":\"Dos correntinos murieron en un tr\u00e1gico choque en Santa Fe\"}]},{\"@type\":\"WebSite\",\"@id\":\"https:\/\/radioinfinitagoya.com.ar\/v1\/#website\",\"url\":\"https:\/\/radioinfinitagoya.com.ar\/v1\/\",\"name\":\"radioinfinitagoya.com.ar\",\"description\":\"Radio de noticias\",\"publisher\":{\"@id\":\"https:\/\/radioinfinitagoya.com.ar\/v1\/#organization\"},\"potentialAction\":[{\"@type\":\"SearchAction\",\"target\":{\"@type\":\"EntryPoint\",\"urlTemplate\":\"https:\/\/radioinfinitagoya.com.ar\/v1\/?s={search_term_string}\"},\"query-input\":{\"@type\":\"PropertyValueSpecification\",\"valueRequired\":true,\"valueName\":\"search_term_string\"}}],\"inLanguage\":\"es-AR\"},{\"@type\":\"Organization\",\"@id\":\"https:\/\/radioinfinitagoya.com.ar\/v1\/#organization\",\"name\":\"Radio Infinita Goya\",\"url\":\"https:\/\/radioinfinitagoya.com.ar\/v1\/\",\"logo\":{\"@type\":\"ImageObject\",\"inLanguage\":\"es-AR\",\"@id\":\"https:\/\/radioinfinitagoya.com.ar\/v1\/#\/schema\/logo\/image\/\",\"url\":\"https:\/\/radioinfinitagoya.com.ar\/v1\/wp-content\/uploads\/2019\/11\/logo-pie-web.png\",\"contentUrl\":\"https:\/\/radioinfinitagoya.com.ar\/v1\/wp-content\/uploads\/2019\/11\/logo-pie-web.png\",\"width\":635,\"height\":326,\"caption\":\"Radio Infinita Goya\"},\"image\":{\"@id\":\"https:\/\/radioinfinitagoya.com.ar\/v1\/#\/schema\/logo\/image\/\"},\"sameAs\":[\"https:\/\/www.facebook.com\/p\/Infinita-Goya-100063870918311\/\"]},{\"@type\":\"Person\",\"@id\":\"https:\/\/radioinfinitagoya.com.ar\/v1\/#\/schema\/person\/d4cf9c413d4f6edb24aabdccab49ca4a\",\"name\":\"Jorge Mi\u00f1o\",\"image\":{\"@type\":\"ImageObject\",\"inLanguage\":\"es-AR\",\"@id\":\"https:\/\/secure.gravatar.com\/avatar\/910fcf6728fe95320e07a6643c1581fec1c7fc4bf8ae12e3d8f0d0373dc844be?s=96&d=mm&r=g\",\"url\":\"https:\/\/secure.gravatar.com\/avatar\/910fcf6728fe95320e07a6643c1581fec1c7fc4bf8ae12e3d8f0d0373dc844be?s=96&d=mm&r=g\",\"contentUrl\":\"https:\/\/secure.gravatar.com\/avatar\/910fcf6728fe95320e07a6643c1581fec1c7fc4bf8ae12e3d8f0d0373dc844be?s=96&d=mm&r=g\",\"caption\":\"Jorge Mi\u00f1o\"},\"sameAs\":[\"http:\/\/radioinfinitagoya.com.ar\"]}]}<\/script>\n<!-- \/ Yoast SEO plugin. -->","yoast_head_json":{"title":"Dos correntinos murieron en un tr\u00e1gico choque en Santa Fe - Radio Infinita Goya","description":"Un colectivo de larga distancia impact\u00f3 contra un cami\u00f3n. Hubo tres v\u00edctimas fatales: dos de Corrientes y una de Chaco. Viajaban 52 personas, de las","robots":{"index":"index","follow":"follow","max-snippet":"max-snippet:-1","max-image-preview":"max-image-preview:large","max-video-preview":"max-video-preview:-1"},"canonical":"https:\/\/radioinfinitagoya.com.ar\/v1\/2025\/07\/28\/dos-correntinos-murieron-en-un-tragico-choque-en-santa-fe\/","og_locale":"es_ES","og_type":"article","og_title":"Dos correntinos murieron en un tr\u00e1gico choque en Santa Fe - Radio Infinita Goya","og_description":"Un colectivo de larga distancia impact\u00f3 contra un cami\u00f3n. Hubo tres v\u00edctimas fatales: dos de Corrientes y una de Chaco. Viajaban 52 personas, de las","og_url":"https:\/\/radioinfinitagoya.com.ar\/v1\/2025\/07\/28\/dos-correntinos-murieron-en-un-tragico-choque-en-santa-fe\/","og_site_name":"Radio Infinita Goya","article_publisher":"https:\/\/www.facebook.com\/p\/Infinita-Goya-100063870918311\/","article_published_time":"2025-07-28T18:59:01+00:00","og_image":[{"width":680,"height":357,"url":"https:\/\/radioinfinitagoya.com.ar\/v1\/wp-content\/uploads\/2025\/07\/N3NoEIM4.jpg","type":"image\/jpeg"}],"author":"Jorge Mi\u00f1o","twitter_card":"summary_large_image","twitter_misc":{"Escrito por":"Jorge Mi\u00f1o","Tiempo de lectura":"2 minutos"},"schema":{"@context":"https:\/\/schema.org","@graph":[{"@type":"Article","@id":"https:\/\/radioinfinitagoya.com.ar\/v1\/2025\/07\/28\/dos-correntinos-murieron-en-un-tragico-choque-en-santa-fe\/#article","isPartOf":{"@id":"https:\/\/radioinfinitagoya.com.ar\/v1\/2025\/07\/28\/dos-correntinos-murieron-en-un-tragico-choque-en-santa-fe\/"},"author":{"name":"Jorge Mi\u00f1o","@id":"https:\/\/radioinfinitagoya.com.ar\/v1\/#\/schema\/person\/d4cf9c413d4f6edb24aabdccab49ca4a"},"headline":"Dos correntinos murieron en un tr\u00e1gico choque en Santa Fe","datePublished":"2025-07-28T18:59:01+00:00","mainEntityOfPage":{"@id":"https:\/\/radioinfinitagoya.com.ar\/v1\/2025\/07\/28\/dos-correntinos-murieron-en-un-tragico-choque-en-santa-fe\/"},"wordCount":372,"publisher":{"@id":"https:\/\/radioinfinitagoya.com.ar\/v1\/#organization"},"image":{"@id":"https:\/\/radioinfinitagoya.com.ar\/v1\/2025\/07\/28\/dos-correntinos-murieron-en-un-tragico-choque-en-santa-fe\/#primaryimage"},"thumbnailUrl":"https:\/\/radioinfinitagoya.com.ar\/v1\/wp-content\/uploads\/2025\/07\/N3NoEIM4.jpg","articleSection":["PROVINCIALES"],"inLanguage":"es-AR"},{"@type":"WebPage","@id":"https:\/\/radioinfinitagoya.com.ar\/v1\/2025\/07\/28\/dos-correntinos-murieron-en-un-tragico-choque-en-santa-fe\/","url":"https:\/\/radioinfinitagoya.com.ar\/v1\/2025\/07\/28\/dos-correntinos-murieron-en-un-tragico-choque-en-santa-fe\/","name":"Dos correntinos murieron en un tr\u00e1gico choque en Santa Fe - Radio Infinita Goya","isPartOf":{"@id":"https:\/\/radioinfinitagoya.com.ar\/v1\/#website"},"primaryImageOfPage":{"@id":"https:\/\/radioinfinitagoya.com.ar\/v1\/2025\/07\/28\/dos-correntinos-murieron-en-un-tragico-choque-en-santa-fe\/#primaryimage"},"image":{"@id":"https:\/\/radioinfinitagoya.com.ar\/v1\/2025\/07\/28\/dos-correntinos-murieron-en-un-tragico-choque-en-santa-fe\/#primaryimage"},"thumbnailUrl":"https:\/\/radioinfinitagoya.com.ar\/v1\/wp-content\/uploads\/2025\/07\/N3NoEIM4.jpg","datePublished":"2025-07-28T18:59:01+00:00","description":"Un colectivo de larga distancia impact\u00f3 contra un cami\u00f3n. Hubo tres v\u00edctimas fatales: dos de Corrientes y una de Chaco. Viajaban 52 personas, de las","breadcrumb":{"@id":"https:\/\/radioinfinitagoya.com.ar\/v1\/2025\/07\/28\/dos-correntinos-murieron-en-un-tragico-choque-en-santa-fe\/#breadcrumb"},"inLanguage":"es-AR","potentialAction":[{"@type":"ReadAction","target":["https:\/\/radioinfinitagoya.com.ar\/v1\/2025\/07\/28\/dos-correntinos-murieron-en-un-tragico-choque-en-santa-fe\/"]}]},{"@type":"ImageObject","inLanguage":"es-AR","@id":"https:\/\/radioinfinitagoya.com.ar\/v1\/2025\/07\/28\/dos-correntinos-murieron-en-un-tragico-choque-en-santa-fe\/#primaryimage","url":"https:\/\/radioinfinitagoya.com.ar\/v1\/wp-content\/uploads\/2025\/07\/N3NoEIM4.jpg","contentUrl":"https:\/\/radioinfinitagoya.com.ar\/v1\/wp-content\/uploads\/2025\/07\/N3NoEIM4.jpg","width":680,"height":357},{"@type":"BreadcrumbList","@id":"https:\/\/radioinfinitagoya.com.ar\/v1\/2025\/07\/28\/dos-correntinos-murieron-en-un-tragico-choque-en-santa-fe\/#breadcrumb","itemListElement":[{"@type":"ListItem","position":1,"name":"Inicio","item":"https:\/\/radioinfinitagoya.com.ar\/v1\/"},{"@type":"ListItem","position":2,"name":"Dos correntinos murieron en un tr\u00e1gico choque en Santa Fe"}]},{"@type":"WebSite","@id":"https:\/\/radioinfinitagoya.com.ar\/v1\/#website","url":"https:\/\/radioinfinitagoya.com.ar\/v1\/","name":"radioinfinitagoya.com.ar","description":"Radio de noticias","publisher":{"@id":"https:\/\/radioinfinitagoya.com.ar\/v1\/#organization"},"potentialAction":[{"@type":"SearchAction","target":{"@type":"EntryPoint","urlTemplate":"https:\/\/radioinfinitagoya.com.ar\/v1\/?s={search_term_string}"},"query-input":{"@type":"PropertyValueSpecification","valueRequired":true,"valueName":"search_term_string"}}],"inLanguage":"es-AR"},{"@type":"Organization","@id":"https:\/\/radioinfinitagoya.com.ar\/v1\/#organization","name":"Radio Infinita Goya","url":"https:\/\/radioinfinitagoya.com.ar\/v1\/","logo":{"@type":"ImageObject","inLanguage":"es-AR","@id":"https:\/\/radioinfinitagoya.com.ar\/v1\/#\/schema\/logo\/image\/","url":"https:\/\/radioinfinitagoya.com.ar\/v1\/wp-content\/uploads\/2019\/11\/logo-pie-web.png","contentUrl":"https:\/\/radioinfinitagoya.com.ar\/v1\/wp-content\/uploads\/2019\/11\/logo-pie-web.png","width":635,"height":326,"caption":"Radio Infinita Goya"},"image":{"@id":"https:\/\/radioinfinitagoya.com.ar\/v1\/#\/schema\/logo\/image\/"},"sameAs":["https:\/\/www.facebook.com\/p\/Infinita-Goya-100063870918311\/"]},{"@type":"Person","@id":"https:\/\/radioinfinitagoya.com.ar\/v1\/#\/schema\/person\/d4cf9c413d4f6edb24aabdccab49ca4a","name":"Jorge Mi\u00f1o","image":{"@type":"ImageObject","inLanguage":"es-AR","@id":"https:\/\/secure.gravatar.com\/avatar\/910fcf6728fe95320e07a6643c1581fec1c7fc4bf8ae12e3d8f0d0373dc844be?s=96&d=mm&r=g","url":"https:\/\/secure.gravatar.com\/avatar\/910fcf6728fe95320e07a6643c1581fec1c7fc4bf8ae12e3d8f0d0373dc844be?s=96&d=mm&r=g","contentUrl":"https:\/\/secure.gravatar.com\/avatar\/910fcf6728fe95320e07a6643c1581fec1c7fc4bf8ae12e3d8f0d0373dc844be?s=96&d=mm&r=g","caption":"Jorge Mi\u00f1o"},"sameAs":["http:\/\/radioinfinitagoya.com.ar"]}]}},"_links":{"self":[{"href":"https:\/\/radioinfinitagoya.com.ar\/v1\/wp-json\/wp\/v2\/posts\/193467","targetHints":{"allow":["GET"]}}],"collection":[{"href":"https:\/\/radioinfinitagoya.com.ar\/v1\/wp-json\/wp\/v2\/posts"}],"about":[{"href":"https:\/\/radioinfinitagoya.com.ar\/v1\/wp-json\/wp\/v2\/types\/post"}],"author":[{"embeddable":true,"href":"https:\/\/radioinfinitagoya.com.ar\/v1\/wp-json\/wp\/v2\/users\/4"}],"replies":[{"embeddable":true,"href":"https:\/\/radioinfinitagoya.com.ar\/v1\/wp-json\/wp\/v2\/comments?post=193467"}],"version-history":[{"count":0,"href":"https:\/\/radioinfinitagoya.com.ar\/v1\/wp-json\/wp\/v2\/posts\/193467\/revisions"}],"wp:featuredmedia":[{"embeddable":true,"href":"https:\/\/radioinfinitagoya.com.ar\/v1\/wp-json\/wp\/v2\/media\/193468"}],"wp:attachment":[{"href":"https:\/\/radioinfinitagoya.com.ar\/v1\/wp-json\/wp\/v2\/media?parent=193467"}],"wp:term":[{"taxonomy":"category","embeddable":true,"href":"https:\/\/radioinfinitagoya.com.ar\/v1\/wp-json\/wp\/v2\/categories?post=193467"},{"taxonomy":"post_tag","embeddable":true,"href":"https:\/\/radioinfinitagoya.com.ar\/v1\/wp-json\/wp\/v2\/tags?post=193467"}],"curies":[{"name":"wp","href":"https:\/\/api.w.org\/{rel}","templated":true}]}}