{"id":193470,"date":"2025-07-28T16:04:17","date_gmt":"2025-07-28T19:04:17","guid":{"rendered":"https:\/\/radioinfinitagoya.com.ar\/v1\/?p=193470"},"modified":"2025-07-28T16:04:17","modified_gmt":"2025-07-28T19:04:17","slug":"autocritica-de-colapinto-tras-la-carrera-del-gp-de-belgica-no-fue-nada-positiva","status":"publish","type":"post","link":"https:\/\/radioinfinitagoya.com.ar\/v1\/2025\/07\/28\/autocritica-de-colapinto-tras-la-carrera-del-gp-de-belgica-no-fue-nada-positiva\/","title":{"rendered":"Autocr\u00edtica de Colapinto tras la carrera del GP de B\u00e9lgica: &#8220;no fue nada positiva&#8221;"},"content":{"rendered":"<p>El piloto argentino tuvo un rendimiento cuestionable tras arrancar desde el puesto 15 y terminar la carrera cuatro posiciones m\u00e1s abajo.<\/p>\n<p>Franco Colapinto volvi\u00f3 a tener una discreta carrera en la F\u00f3rmula 1 y finaliz\u00f3 19\u00b0 en el Gran Premio de B\u00e9lgica. El piloto argentino de Alpine larg\u00f3 15\u00b0 en el circuito de Spa-Francorchamps y, si bien complet\u00f3 las 44 vueltas, cay\u00f3 cuatro puestos para concluir en el pen\u00faltimo lugar y luego fue autocr\u00edtico.<\/p>\n<p>&#8220;Creo que con las (gomas) intermedias esperamos una o dos vueltas tarde, despu\u00e9s con esas dos paradas no ayud\u00f3. Despu\u00e9s de cinco vueltas con las gomas nuevas empez\u00f3 a sentirse como antes y perd\u00ed dos o tres puestos con la parada que no pude recuperar&#8221;, expres\u00f3 ante los medios. &#8220;Fue una cerrera dura, cuando sal\u00ed con la goma lisa me cost\u00f3 un poco. Una carrera larga, intentamos avanzar, pero est\u00e1bamos ah\u00ed medio frenados con los autos de adelante, iban mucho m\u00e1s r\u00e1pido en las rectas y m\u00e1s lento en las curvas y costaba un poco si no pod\u00edas pasar, te quedabas un poco atorado&#8221;, agreg\u00f3.<\/p>\n<p>&#8220;Fue una carrera positiva en general en cuando a dar todas las vueltas, pero no fue nada positiva en cuanto a ritmo, no nos gust\u00f3. Mucho con la goma lisa, otra vez, sin ritmo, patinando mucho. Me costaba un mont\u00f3n, as\u00ed que una pena, no fue una buena carrera en general para nosotros, hay que decirlo y hay que seguir laburando&#8221;, concluy\u00f3 el an\u00e1lisis el pilarense de 22 a\u00f1os.<\/p>\n<p>Piastri, el ganador del GP B\u00e9lgica<\/p>\n<p>Fue McLaren, que se qued\u00f3 con los primeros dos lugares. El australiano Oscar Piastri fue el ganador de la carrera, seguido por el franc\u00e9s Lando Norris. El monegasco Charles Leclerc, de Ferrari, complet\u00f3 el podio apenas por delante del neerland\u00e9s Max Verstappen, de Red Bull. Franco Colapinto finaliz\u00f3 19\u00b0 y su compa\u00f1ero de escuder\u00eda, el galo Pierre Gasly, concluy\u00f3 10\u00b0 y sum\u00f3 un punto.<\/p>\n<p>&nbsp;<\/p>\n","protected":false},"excerpt":{"rendered":"<p>El piloto argentino tuvo un rendimiento cuestionable tras arrancar desde el puesto 15 y terminar la carrera cuatro posiciones m\u00e1s abajo. Franco Colapinto volvi\u00f3 a tener una discreta carrera en la F\u00f3rmula 1 y finaliz\u00f3 19\u00b0 en el Gran Premio de B\u00e9lgica. El piloto argentino de Alpine larg\u00f3 15\u00b0 en el circuito de Spa-Francorchamps y, [&hellip;]<\/p>\n","protected":false},"author":4,"featured_media":193471,"comment_status":"closed","ping_status":"closed","sticky":false,"template":"","format":"standard","meta":{"_joinchat":[],"footnotes":""},"categories":[28],"tags":[],"class_list":{"0":"post-193470","1":"post","2":"type-post","3":"status-publish","4":"format-standard","5":"has-post-thumbnail","7":"category-deportes"},"yoast_head":"<!-- This site is optimized with the Yoast SEO plugin v27.2 - https:\/\/yoast.com\/product\/yoast-seo-wordpress\/ -->\n<title>Autocr\u00edtica de Colapinto tras la carrera del GP de B\u00e9lgica: &quot;no fue nada positiva&quot; - Radio Infinita Goya<\/title>\n<meta name=\"description\" content=\"El piloto argentino tuvo un rendimiento cuestionable tras arrancar desde el puesto 15 y terminar la carrera cuatro posiciones m\u00e1s abajo. Franco Colapinto\" \/>\n<meta name=\"robots\" content=\"index, follow, max-snippet:-1, max-image-preview:large, max-video-preview:-1\" \/>\n<link rel=\"canonical\" href=\"https:\/\/radioinfinitagoya.com.ar\/v1\/2025\/07\/28\/autocritica-de-colapinto-tras-la-carrera-del-gp-de-belgica-no-fue-nada-positiva\/\" \/>\n<meta property=\"og:locale\" content=\"es_ES\" \/>\n<meta property=\"og:type\" content=\"article\" \/>\n<meta property=\"og:title\" content=\"Autocr\u00edtica de Colapinto tras la carrera del GP de B\u00e9lgica: &quot;no fue nada positiva&quot; - Radio Infinita Goya\" \/>\n<meta property=\"og:description\" content=\"El piloto argentino tuvo un rendimiento cuestionable tras arrancar desde el puesto 15 y terminar la carrera cuatro posiciones m\u00e1s abajo. Franco Colapinto\" \/>\n<meta property=\"og:url\" content=\"https:\/\/radioinfinitagoya.com.ar\/v1\/2025\/07\/28\/autocritica-de-colapinto-tras-la-carrera-del-gp-de-belgica-no-fue-nada-positiva\/\" \/>\n<meta property=\"og:site_name\" content=\"Radio Infinita Goya\" \/>\n<meta property=\"article:publisher\" content=\"https:\/\/www.facebook.com\/p\/Infinita-Goya-100063870918311\/\" \/>\n<meta property=\"article:published_time\" content=\"2025-07-28T19:04:17+00:00\" \/>\n<meta property=\"og:image\" content=\"https:\/\/radioinfinitagoya.com.ar\/v1\/wp-content\/uploads\/2025\/07\/1753705384397.webp\" \/>\n\t<meta property=\"og:image:width\" content=\"807\" \/>\n\t<meta property=\"og:image:height\" content=\"454\" \/>\n\t<meta property=\"og:image:type\" content=\"image\/webp\" \/>\n<meta name=\"author\" content=\"Jorge Mi\u00f1o\" \/>\n<meta name=\"twitter:card\" content=\"summary_large_image\" \/>\n<meta name=\"twitter:label1\" content=\"Escrito por\" \/>\n\t<meta name=\"twitter:data1\" content=\"Jorge Mi\u00f1o\" \/>\n\t<meta name=\"twitter:label2\" content=\"Tiempo de lectura\" \/>\n\t<meta name=\"twitter:data2\" content=\"2 minutos\" \/>\n<script type=\"application\/ld+json\" class=\"yoast-schema-graph\">{\"@context\":\"https:\/\/schema.org\",\"@graph\":[{\"@type\":\"Article\",\"@id\":\"https:\/\/radioinfinitagoya.com.ar\/v1\/2025\/07\/28\/autocritica-de-colapinto-tras-la-carrera-del-gp-de-belgica-no-fue-nada-positiva\/#article\",\"isPartOf\":{\"@id\":\"https:\/\/radioinfinitagoya.com.ar\/v1\/2025\/07\/28\/autocritica-de-colapinto-tras-la-carrera-del-gp-de-belgica-no-fue-nada-positiva\/\"},\"author\":{\"name\":\"Jorge Mi\u00f1o\",\"@id\":\"https:\/\/radioinfinitagoya.com.ar\/v1\/#\/schema\/person\/d4cf9c413d4f6edb24aabdccab49ca4a\"},\"headline\":\"Autocr\u00edtica de Colapinto tras la carrera del GP de B\u00e9lgica: &#8220;no fue nada positiva&#8221;\",\"datePublished\":\"2025-07-28T19:04:17+00:00\",\"mainEntityOfPage\":{\"@id\":\"https:\/\/radioinfinitagoya.com.ar\/v1\/2025\/07\/28\/autocritica-de-colapinto-tras-la-carrera-del-gp-de-belgica-no-fue-nada-positiva\/\"},\"wordCount\":347,\"publisher\":{\"@id\":\"https:\/\/radioinfinitagoya.com.ar\/v1\/#organization\"},\"image\":{\"@id\":\"https:\/\/radioinfinitagoya.com.ar\/v1\/2025\/07\/28\/autocritica-de-colapinto-tras-la-carrera-del-gp-de-belgica-no-fue-nada-positiva\/#primaryimage\"},\"thumbnailUrl\":\"https:\/\/radioinfinitagoya.com.ar\/v1\/wp-content\/uploads\/2025\/07\/1753705384397.webp\",\"articleSection\":[\"DEPORTES\"],\"inLanguage\":\"es-AR\"},{\"@type\":\"WebPage\",\"@id\":\"https:\/\/radioinfinitagoya.com.ar\/v1\/2025\/07\/28\/autocritica-de-colapinto-tras-la-carrera-del-gp-de-belgica-no-fue-nada-positiva\/\",\"url\":\"https:\/\/radioinfinitagoya.com.ar\/v1\/2025\/07\/28\/autocritica-de-colapinto-tras-la-carrera-del-gp-de-belgica-no-fue-nada-positiva\/\",\"name\":\"Autocr\u00edtica de Colapinto tras la carrera del GP de B\u00e9lgica: \\\"no fue nada positiva\\\" - Radio Infinita Goya\",\"isPartOf\":{\"@id\":\"https:\/\/radioinfinitagoya.com.ar\/v1\/#website\"},\"primaryImageOfPage\":{\"@id\":\"https:\/\/radioinfinitagoya.com.ar\/v1\/2025\/07\/28\/autocritica-de-colapinto-tras-la-carrera-del-gp-de-belgica-no-fue-nada-positiva\/#primaryimage\"},\"image\":{\"@id\":\"https:\/\/radioinfinitagoya.com.ar\/v1\/2025\/07\/28\/autocritica-de-colapinto-tras-la-carrera-del-gp-de-belgica-no-fue-nada-positiva\/#primaryimage\"},\"thumbnailUrl\":\"https:\/\/radioinfinitagoya.com.ar\/v1\/wp-content\/uploads\/2025\/07\/1753705384397.webp\",\"datePublished\":\"2025-07-28T19:04:17+00:00\",\"description\":\"El piloto argentino tuvo un rendimiento cuestionable tras arrancar desde el puesto 15 y terminar la carrera cuatro posiciones m\u00e1s abajo. Franco Colapinto\",\"breadcrumb\":{\"@id\":\"https:\/\/radioinfinitagoya.com.ar\/v1\/2025\/07\/28\/autocritica-de-colapinto-tras-la-carrera-del-gp-de-belgica-no-fue-nada-positiva\/#breadcrumb\"},\"inLanguage\":\"es-AR\",\"potentialAction\":[{\"@type\":\"ReadAction\",\"target\":[\"https:\/\/radioinfinitagoya.com.ar\/v1\/2025\/07\/28\/autocritica-de-colapinto-tras-la-carrera-del-gp-de-belgica-no-fue-nada-positiva\/\"]}]},{\"@type\":\"ImageObject\",\"inLanguage\":\"es-AR\",\"@id\":\"https:\/\/radioinfinitagoya.com.ar\/v1\/2025\/07\/28\/autocritica-de-colapinto-tras-la-carrera-del-gp-de-belgica-no-fue-nada-positiva\/#primaryimage\",\"url\":\"https:\/\/radioinfinitagoya.com.ar\/v1\/wp-content\/uploads\/2025\/07\/1753705384397.webp\",\"contentUrl\":\"https:\/\/radioinfinitagoya.com.ar\/v1\/wp-content\/uploads\/2025\/07\/1753705384397.webp\",\"width\":807,\"height\":454},{\"@type\":\"BreadcrumbList\",\"@id\":\"https:\/\/radioinfinitagoya.com.ar\/v1\/2025\/07\/28\/autocritica-de-colapinto-tras-la-carrera-del-gp-de-belgica-no-fue-nada-positiva\/#breadcrumb\",\"itemListElement\":[{\"@type\":\"ListItem\",\"position\":1,\"name\":\"Inicio\",\"item\":\"https:\/\/radioinfinitagoya.com.ar\/v1\/\"},{\"@type\":\"ListItem\",\"position\":2,\"name\":\"Autocr\u00edtica de Colapinto tras la carrera del GP de B\u00e9lgica: &#8220;no fue nada positiva&#8221;\"}]},{\"@type\":\"WebSite\",\"@id\":\"https:\/\/radioinfinitagoya.com.ar\/v1\/#website\",\"url\":\"https:\/\/radioinfinitagoya.com.ar\/v1\/\",\"name\":\"radioinfinitagoya.com.ar\",\"description\":\"Radio de noticias\",\"publisher\":{\"@id\":\"https:\/\/radioinfinitagoya.com.ar\/v1\/#organization\"},\"potentialAction\":[{\"@type\":\"SearchAction\",\"target\":{\"@type\":\"EntryPoint\",\"urlTemplate\":\"https:\/\/radioinfinitagoya.com.ar\/v1\/?s={search_term_string}\"},\"query-input\":{\"@type\":\"PropertyValueSpecification\",\"valueRequired\":true,\"valueName\":\"search_term_string\"}}],\"inLanguage\":\"es-AR\"},{\"@type\":\"Organization\",\"@id\":\"https:\/\/radioinfinitagoya.com.ar\/v1\/#organization\",\"name\":\"Radio Infinita Goya\",\"url\":\"https:\/\/radioinfinitagoya.com.ar\/v1\/\",\"logo\":{\"@type\":\"ImageObject\",\"inLanguage\":\"es-AR\",\"@id\":\"https:\/\/radioinfinitagoya.com.ar\/v1\/#\/schema\/logo\/image\/\",\"url\":\"https:\/\/radioinfinitagoya.com.ar\/v1\/wp-content\/uploads\/2019\/11\/logo-pie-web.png\",\"contentUrl\":\"https:\/\/radioinfinitagoya.com.ar\/v1\/wp-content\/uploads\/2019\/11\/logo-pie-web.png\",\"width\":635,\"height\":326,\"caption\":\"Radio Infinita Goya\"},\"image\":{\"@id\":\"https:\/\/radioinfinitagoya.com.ar\/v1\/#\/schema\/logo\/image\/\"},\"sameAs\":[\"https:\/\/www.facebook.com\/p\/Infinita-Goya-100063870918311\/\"]},{\"@type\":\"Person\",\"@id\":\"https:\/\/radioinfinitagoya.com.ar\/v1\/#\/schema\/person\/d4cf9c413d4f6edb24aabdccab49ca4a\",\"name\":\"Jorge Mi\u00f1o\",\"image\":{\"@type\":\"ImageObject\",\"inLanguage\":\"es-AR\",\"@id\":\"https:\/\/secure.gravatar.com\/avatar\/910fcf6728fe95320e07a6643c1581fec1c7fc4bf8ae12e3d8f0d0373dc844be?s=96&d=mm&r=g\",\"url\":\"https:\/\/secure.gravatar.com\/avatar\/910fcf6728fe95320e07a6643c1581fec1c7fc4bf8ae12e3d8f0d0373dc844be?s=96&d=mm&r=g\",\"contentUrl\":\"https:\/\/secure.gravatar.com\/avatar\/910fcf6728fe95320e07a6643c1581fec1c7fc4bf8ae12e3d8f0d0373dc844be?s=96&d=mm&r=g\",\"caption\":\"Jorge Mi\u00f1o\"},\"sameAs\":[\"http:\/\/radioinfinitagoya.com.ar\"]}]}<\/script>\n<!-- \/ Yoast SEO plugin. -->","yoast_head_json":{"title":"Autocr\u00edtica de Colapinto tras la carrera del GP de B\u00e9lgica: \"no fue nada positiva\" - Radio Infinita Goya","description":"El piloto argentino tuvo un rendimiento cuestionable tras arrancar desde el puesto 15 y terminar la carrera cuatro posiciones m\u00e1s abajo. Franco Colapinto","robots":{"index":"index","follow":"follow","max-snippet":"max-snippet:-1","max-image-preview":"max-image-preview:large","max-video-preview":"max-video-preview:-1"},"canonical":"https:\/\/radioinfinitagoya.com.ar\/v1\/2025\/07\/28\/autocritica-de-colapinto-tras-la-carrera-del-gp-de-belgica-no-fue-nada-positiva\/","og_locale":"es_ES","og_type":"article","og_title":"Autocr\u00edtica de Colapinto tras la carrera del GP de B\u00e9lgica: \"no fue nada positiva\" - Radio Infinita Goya","og_description":"El piloto argentino tuvo un rendimiento cuestionable tras arrancar desde el puesto 15 y terminar la carrera cuatro posiciones m\u00e1s abajo. Franco Colapinto","og_url":"https:\/\/radioinfinitagoya.com.ar\/v1\/2025\/07\/28\/autocritica-de-colapinto-tras-la-carrera-del-gp-de-belgica-no-fue-nada-positiva\/","og_site_name":"Radio Infinita Goya","article_publisher":"https:\/\/www.facebook.com\/p\/Infinita-Goya-100063870918311\/","article_published_time":"2025-07-28T19:04:17+00:00","og_image":[{"width":807,"height":454,"url":"https:\/\/radioinfinitagoya.com.ar\/v1\/wp-content\/uploads\/2025\/07\/1753705384397.webp","type":"image\/webp"}],"author":"Jorge Mi\u00f1o","twitter_card":"summary_large_image","twitter_misc":{"Escrito por":"Jorge Mi\u00f1o","Tiempo de lectura":"2 minutos"},"schema":{"@context":"https:\/\/schema.org","@graph":[{"@type":"Article","@id":"https:\/\/radioinfinitagoya.com.ar\/v1\/2025\/07\/28\/autocritica-de-colapinto-tras-la-carrera-del-gp-de-belgica-no-fue-nada-positiva\/#article","isPartOf":{"@id":"https:\/\/radioinfinitagoya.com.ar\/v1\/2025\/07\/28\/autocritica-de-colapinto-tras-la-carrera-del-gp-de-belgica-no-fue-nada-positiva\/"},"author":{"name":"Jorge Mi\u00f1o","@id":"https:\/\/radioinfinitagoya.com.ar\/v1\/#\/schema\/person\/d4cf9c413d4f6edb24aabdccab49ca4a"},"headline":"Autocr\u00edtica de Colapinto tras la carrera del GP de B\u00e9lgica: &#8220;no fue nada positiva&#8221;","datePublished":"2025-07-28T19:04:17+00:00","mainEntityOfPage":{"@id":"https:\/\/radioinfinitagoya.com.ar\/v1\/2025\/07\/28\/autocritica-de-colapinto-tras-la-carrera-del-gp-de-belgica-no-fue-nada-positiva\/"},"wordCount":347,"publisher":{"@id":"https:\/\/radioinfinitagoya.com.ar\/v1\/#organization"},"image":{"@id":"https:\/\/radioinfinitagoya.com.ar\/v1\/2025\/07\/28\/autocritica-de-colapinto-tras-la-carrera-del-gp-de-belgica-no-fue-nada-positiva\/#primaryimage"},"thumbnailUrl":"https:\/\/radioinfinitagoya.com.ar\/v1\/wp-content\/uploads\/2025\/07\/1753705384397.webp","articleSection":["DEPORTES"],"inLanguage":"es-AR"},{"@type":"WebPage","@id":"https:\/\/radioinfinitagoya.com.ar\/v1\/2025\/07\/28\/autocritica-de-colapinto-tras-la-carrera-del-gp-de-belgica-no-fue-nada-positiva\/","url":"https:\/\/radioinfinitagoya.com.ar\/v1\/2025\/07\/28\/autocritica-de-colapinto-tras-la-carrera-del-gp-de-belgica-no-fue-nada-positiva\/","name":"Autocr\u00edtica de Colapinto tras la carrera del GP de B\u00e9lgica: \"no fue nada positiva\" - Radio Infinita Goya","isPartOf":{"@id":"https:\/\/radioinfinitagoya.com.ar\/v1\/#website"},"primaryImageOfPage":{"@id":"https:\/\/radioinfinitagoya.com.ar\/v1\/2025\/07\/28\/autocritica-de-colapinto-tras-la-carrera-del-gp-de-belgica-no-fue-nada-positiva\/#primaryimage"},"image":{"@id":"https:\/\/radioinfinitagoya.com.ar\/v1\/2025\/07\/28\/autocritica-de-colapinto-tras-la-carrera-del-gp-de-belgica-no-fue-nada-positiva\/#primaryimage"},"thumbnailUrl":"https:\/\/radioinfinitagoya.com.ar\/v1\/wp-content\/uploads\/2025\/07\/1753705384397.webp","datePublished":"2025-07-28T19:04:17+00:00","description":"El piloto argentino tuvo un rendimiento cuestionable tras arrancar desde el puesto 15 y terminar la carrera cuatro posiciones m\u00e1s abajo. Franco Colapinto","breadcrumb":{"@id":"https:\/\/radioinfinitagoya.com.ar\/v1\/2025\/07\/28\/autocritica-de-colapinto-tras-la-carrera-del-gp-de-belgica-no-fue-nada-positiva\/#breadcrumb"},"inLanguage":"es-AR","potentialAction":[{"@type":"ReadAction","target":["https:\/\/radioinfinitagoya.com.ar\/v1\/2025\/07\/28\/autocritica-de-colapinto-tras-la-carrera-del-gp-de-belgica-no-fue-nada-positiva\/"]}]},{"@type":"ImageObject","inLanguage":"es-AR","@id":"https:\/\/radioinfinitagoya.com.ar\/v1\/2025\/07\/28\/autocritica-de-colapinto-tras-la-carrera-del-gp-de-belgica-no-fue-nada-positiva\/#primaryimage","url":"https:\/\/radioinfinitagoya.com.ar\/v1\/wp-content\/uploads\/2025\/07\/1753705384397.webp","contentUrl":"https:\/\/radioinfinitagoya.com.ar\/v1\/wp-content\/uploads\/2025\/07\/1753705384397.webp","width":807,"height":454},{"@type":"BreadcrumbList","@id":"https:\/\/radioinfinitagoya.com.ar\/v1\/2025\/07\/28\/autocritica-de-colapinto-tras-la-carrera-del-gp-de-belgica-no-fue-nada-positiva\/#breadcrumb","itemListElement":[{"@type":"ListItem","position":1,"name":"Inicio","item":"https:\/\/radioinfinitagoya.com.ar\/v1\/"},{"@type":"ListItem","position":2,"name":"Autocr\u00edtica de Colapinto tras la carrera del GP de B\u00e9lgica: &#8220;no fue nada positiva&#8221;"}]},{"@type":"WebSite","@id":"https:\/\/radioinfinitagoya.com.ar\/v1\/#website","url":"https:\/\/radioinfinitagoya.com.ar\/v1\/","name":"radioinfinitagoya.com.ar","description":"Radio de noticias","publisher":{"@id":"https:\/\/radioinfinitagoya.com.ar\/v1\/#organization"},"potentialAction":[{"@type":"SearchAction","target":{"@type":"EntryPoint","urlTemplate":"https:\/\/radioinfinitagoya.com.ar\/v1\/?s={search_term_string}"},"query-input":{"@type":"PropertyValueSpecification","valueRequired":true,"valueName":"search_term_string"}}],"inLanguage":"es-AR"},{"@type":"Organization","@id":"https:\/\/radioinfinitagoya.com.ar\/v1\/#organization","name":"Radio Infinita Goya","url":"https:\/\/radioinfinitagoya.com.ar\/v1\/","logo":{"@type":"ImageObject","inLanguage":"es-AR","@id":"https:\/\/radioinfinitagoya.com.ar\/v1\/#\/schema\/logo\/image\/","url":"https:\/\/radioinfinitagoya.com.ar\/v1\/wp-content\/uploads\/2019\/11\/logo-pie-web.png","contentUrl":"https:\/\/radioinfinitagoya.com.ar\/v1\/wp-content\/uploads\/2019\/11\/logo-pie-web.png","width":635,"height":326,"caption":"Radio Infinita Goya"},"image":{"@id":"https:\/\/radioinfinitagoya.com.ar\/v1\/#\/schema\/logo\/image\/"},"sameAs":["https:\/\/www.facebook.com\/p\/Infinita-Goya-100063870918311\/"]},{"@type":"Person","@id":"https:\/\/radioinfinitagoya.com.ar\/v1\/#\/schema\/person\/d4cf9c413d4f6edb24aabdccab49ca4a","name":"Jorge Mi\u00f1o","image":{"@type":"ImageObject","inLanguage":"es-AR","@id":"https:\/\/secure.gravatar.com\/avatar\/910fcf6728fe95320e07a6643c1581fec1c7fc4bf8ae12e3d8f0d0373dc844be?s=96&d=mm&r=g","url":"https:\/\/secure.gravatar.com\/avatar\/910fcf6728fe95320e07a6643c1581fec1c7fc4bf8ae12e3d8f0d0373dc844be?s=96&d=mm&r=g","contentUrl":"https:\/\/secure.gravatar.com\/avatar\/910fcf6728fe95320e07a6643c1581fec1c7fc4bf8ae12e3d8f0d0373dc844be?s=96&d=mm&r=g","caption":"Jorge Mi\u00f1o"},"sameAs":["http:\/\/radioinfinitagoya.com.ar"]}]}},"_links":{"self":[{"href":"https:\/\/radioinfinitagoya.com.ar\/v1\/wp-json\/wp\/v2\/posts\/193470","targetHints":{"allow":["GET"]}}],"collection":[{"href":"https:\/\/radioinfinitagoya.com.ar\/v1\/wp-json\/wp\/v2\/posts"}],"about":[{"href":"https:\/\/radioinfinitagoya.com.ar\/v1\/wp-json\/wp\/v2\/types\/post"}],"author":[{"embeddable":true,"href":"https:\/\/radioinfinitagoya.com.ar\/v1\/wp-json\/wp\/v2\/users\/4"}],"replies":[{"embeddable":true,"href":"https:\/\/radioinfinitagoya.com.ar\/v1\/wp-json\/wp\/v2\/comments?post=193470"}],"version-history":[{"count":0,"href":"https:\/\/radioinfinitagoya.com.ar\/v1\/wp-json\/wp\/v2\/posts\/193470\/revisions"}],"wp:featuredmedia":[{"embeddable":true,"href":"https:\/\/radioinfinitagoya.com.ar\/v1\/wp-json\/wp\/v2\/media\/193471"}],"wp:attachment":[{"href":"https:\/\/radioinfinitagoya.com.ar\/v1\/wp-json\/wp\/v2\/media?parent=193470"}],"wp:term":[{"taxonomy":"category","embeddable":true,"href":"https:\/\/radioinfinitagoya.com.ar\/v1\/wp-json\/wp\/v2\/categories?post=193470"},{"taxonomy":"post_tag","embeddable":true,"href":"https:\/\/radioinfinitagoya.com.ar\/v1\/wp-json\/wp\/v2\/tags?post=193470"}],"curies":[{"name":"wp","href":"https:\/\/api.w.org\/{rel}","templated":true}]}}