{"id":193473,"date":"2025-07-28T16:09:12","date_gmt":"2025-07-28T19:09:12","guid":{"rendered":"https:\/\/radioinfinitagoya.com.ar\/v1\/?p=193473"},"modified":"2025-07-28T16:09:12","modified_gmt":"2025-07-28T19:09:12","slug":"huracan-profundizo-la-crisis-de-boca","status":"publish","type":"post","link":"https:\/\/radioinfinitagoya.com.ar\/v1\/2025\/07\/28\/huracan-profundizo-la-crisis-de-boca\/","title":{"rendered":"Hurac\u00e1n profundiz\u00f3 la crisis de Boca"},"content":{"rendered":"<p>El Globo se impuso 1 a 0 y consigui\u00f3 su primera victoria en el certamen. El Xeneize extendi\u00f3 su racha negativa a 11 partidos, la peor de su historia.<\/p>\n<p>Boca cay\u00f3 por 1 a 0 ante Hurac\u00e1n en el partido que disputaron este domingo, en el estadio Tom\u00e1s Adolfo Duco, por la tercera fecha del Torneo Clausura de la Liga Profesional 2025.<\/p>\n<p>El \u00fanico gol de la noche fue convertido por el mediocampista Matko Miljevic, a los 19 minutos del complemento, con un gran remate desde el borde del \u00e1rea. El local mereci\u00f3 ganar por mayor diferencia pero la actuaci\u00f3n de Agust\u00edn Marches\u00edn se lo impidi\u00f3.<\/p>\n<p>Con el triunfo, Hurac\u00e1n sum\u00f3 sus primeros puntos del certamen y Boca lleg\u00f3 a los 11 partidos sin ganar, su peor racha negativa de la historia. El Xeneize, que volvi\u00f3 a jugar mal, sin juego colectivo para atacar y errores defensivos, cerr\u00f3 una semana negativa, dado que tambi\u00e9n fue eliminado de la Copa Argentina.<\/p>\n<p>La primera llegada del partido fue para el Globo, a los cinco minutos del primer tiempo. Tras un centro del volante Leonardo Gil desde el costado izquierdo del \u00e1rea, el defensor Nehu\u00e9n Paz gan\u00f3 de cabeza sobre el primer palo y su disparo se fue cerca del travesa\u00f1o.<\/p>\n<p>Ocho minutos m\u00e1s tarde, un remate desde el costado izquierdo del \u00e1rea del extremo Rodrigo Cabral fue desviado por el defensor Luis Adv\u00edncula, tom\u00f3 altura y termin\u00f3 impactando en el travesa\u00f1o.<\/p>\n<p>A los 14 minutos de la primera etapa, desde un c\u00f3rner, un cabezazo del defensor Favio Pereyra fue desviado y termin\u00f3 siendo despejado con el pie por el arquero Marchesin, de buena reacci\u00f3n.<\/p>\n<p>Boca tuvo su \u00fanico acercamiento de la primera parte a los 23 minutos, con una chilena improvisada del mediocampista Tom\u00e1s Belmonte por el costado izquierdo del \u00e1rea, aunque el arquero Sebasti\u00e1n Meza contuvo con facilidad un remate centralizado y bombeado.<\/p>\n<p>Dos minutos despu\u00e9s, el volante Miljevic combin\u00f3 por izquierda con Cabral y culmin\u00f3 la jugada con un remate bajo al primer palo, contenido por Marchesin.<\/p>\n<p>Con tiempo cumplido, un pase filtrado habilit\u00f3 al delantero Mat\u00edas Tissera, que sali\u00f3 hacia el costado derecho y quiso rematar bajo entre las piernas del arquero Marchesin, que achic\u00f3 y se qued\u00f3 con el remate.<\/p>\n<p>Ya en la segunda parte, el primer acercamiento fue del local. En 16 minutos, el lateral C\u00e9sar Ib\u00e1\u00f1ez presion\u00f3 alto, le rob\u00f3 la pelota al volante Leandro Paredes y puso un centro atr\u00e1s para el volante Leonardo Gil, cuyo remate bajo al primer palo fue detenido por Marchesin.<\/p>\n<p>El \u00fanico gol de la tarde\/noche lleg\u00f3 a los 19 minutos. Miljevic apareci\u00f3 libre a metros del \u00e1rea, captur\u00f3 una pelota suelta y meti\u00f3 un gran remate a media altura, que entr\u00f3 por el poste derecho de un Marchesin que nada pudo hacer.<\/p>\n<p>Diez minutos despu\u00e9s, una buena presi\u00f3n alta permiti\u00f3 el desborde del lateral Tom\u00e1s Guidara, que puso un centro atr\u00e1s que fue desviado. El rebote fue rematado por el delantero Eric Ram\u00edrez, con un tiro bajo que fue tapado por el guardameta Xeneize.<\/p>\n<p>La \u00faltima llegada la tuvo el elenco de Miguel \u00c1ngel Russo. Habiendo recibido un pase de Paredes, el mediocampista Kevin Zen\u00f3n busc\u00f3 un remate al primer palo, que sali\u00f3 d\u00e9bil y a las manos del arquero Sebasti\u00e1n Meza.<\/p>\n<p>En la pr\u00f3xima fecha, Boca recibir\u00e1 a Racing, en un partido que se disputar\u00e1 el s\u00e1bado 9 de agosto a las 16:30 horas, mientras que Hurac\u00e1n visitar\u00e1 a Tigre el viernes 8, desde las 19:00 horas.<\/p>\n<p>&nbsp;<\/p>\n","protected":false},"excerpt":{"rendered":"<p>El Globo se impuso 1 a 0 y consigui\u00f3 su primera victoria en el certamen. El Xeneize extendi\u00f3 su racha negativa a 11 partidos, la peor de su historia. Boca cay\u00f3 por 1 a 0 ante Hurac\u00e1n en el partido que disputaron este domingo, en el estadio Tom\u00e1s Adolfo Duco, por la tercera fecha del [&hellip;]<\/p>\n","protected":false},"author":4,"featured_media":193474,"comment_status":"closed","ping_status":"closed","sticky":false,"template":"","format":"standard","meta":{"_joinchat":[],"footnotes":""},"categories":[28],"tags":[],"class_list":{"0":"post-193473","1":"post","2":"type-post","3":"status-publish","4":"format-standard","5":"has-post-thumbnail","7":"category-deportes"},"yoast_head":"<!-- This site is optimized with the Yoast SEO plugin v27.2 - https:\/\/yoast.com\/product\/yoast-seo-wordpress\/ -->\n<title>Hurac\u00e1n profundiz\u00f3 la crisis de Boca - Radio Infinita Goya<\/title>\n<meta name=\"description\" content=\"El Globo se impuso 1 a 0 y consigui\u00f3 su primera victoria en el certamen. El Xeneize extendi\u00f3 su racha negativa a 11 partidos, la peor de su historia. Boca\" \/>\n<meta name=\"robots\" content=\"index, follow, max-snippet:-1, max-image-preview:large, max-video-preview:-1\" \/>\n<link rel=\"canonical\" href=\"https:\/\/radioinfinitagoya.com.ar\/v1\/2025\/07\/28\/huracan-profundizo-la-crisis-de-boca\/\" \/>\n<meta property=\"og:locale\" content=\"es_ES\" \/>\n<meta property=\"og:type\" content=\"article\" \/>\n<meta property=\"og:title\" content=\"Hurac\u00e1n profundiz\u00f3 la crisis de Boca - Radio Infinita Goya\" \/>\n<meta property=\"og:description\" content=\"El Globo se impuso 1 a 0 y consigui\u00f3 su primera victoria en el certamen. El Xeneize extendi\u00f3 su racha negativa a 11 partidos, la peor de su historia. Boca\" \/>\n<meta property=\"og:url\" content=\"https:\/\/radioinfinitagoya.com.ar\/v1\/2025\/07\/28\/huracan-profundizo-la-crisis-de-boca\/\" \/>\n<meta property=\"og:site_name\" content=\"Radio Infinita Goya\" \/>\n<meta property=\"article:publisher\" content=\"https:\/\/www.facebook.com\/p\/Infinita-Goya-100063870918311\/\" \/>\n<meta property=\"article:published_time\" content=\"2025-07-28T19:09:12+00:00\" \/>\n<meta property=\"og:image\" content=\"https:\/\/radioinfinitagoya.com.ar\/v1\/wp-content\/uploads\/2025\/07\/Gw5rjEsXkAAXNHs.jpg\" \/>\n\t<meta property=\"og:image:width\" content=\"680\" \/>\n\t<meta property=\"og:image:height\" content=\"490\" \/>\n\t<meta property=\"og:image:type\" content=\"image\/jpeg\" \/>\n<meta name=\"author\" content=\"Jorge Mi\u00f1o\" \/>\n<meta name=\"twitter:card\" content=\"summary_large_image\" \/>\n<meta name=\"twitter:label1\" content=\"Escrito por\" \/>\n\t<meta name=\"twitter:data1\" content=\"Jorge Mi\u00f1o\" \/>\n\t<meta name=\"twitter:label2\" content=\"Tiempo de lectura\" \/>\n\t<meta name=\"twitter:data2\" content=\"3 minutos\" \/>\n<script type=\"application\/ld+json\" class=\"yoast-schema-graph\">{\"@context\":\"https:\/\/schema.org\",\"@graph\":[{\"@type\":\"Article\",\"@id\":\"https:\/\/radioinfinitagoya.com.ar\/v1\/2025\/07\/28\/huracan-profundizo-la-crisis-de-boca\/#article\",\"isPartOf\":{\"@id\":\"https:\/\/radioinfinitagoya.com.ar\/v1\/2025\/07\/28\/huracan-profundizo-la-crisis-de-boca\/\"},\"author\":{\"name\":\"Jorge Mi\u00f1o\",\"@id\":\"https:\/\/radioinfinitagoya.com.ar\/v1\/#\/schema\/person\/d4cf9c413d4f6edb24aabdccab49ca4a\"},\"headline\":\"Hurac\u00e1n profundiz\u00f3 la crisis de Boca\",\"datePublished\":\"2025-07-28T19:09:12+00:00\",\"mainEntityOfPage\":{\"@id\":\"https:\/\/radioinfinitagoya.com.ar\/v1\/2025\/07\/28\/huracan-profundizo-la-crisis-de-boca\/\"},\"wordCount\":604,\"publisher\":{\"@id\":\"https:\/\/radioinfinitagoya.com.ar\/v1\/#organization\"},\"image\":{\"@id\":\"https:\/\/radioinfinitagoya.com.ar\/v1\/2025\/07\/28\/huracan-profundizo-la-crisis-de-boca\/#primaryimage\"},\"thumbnailUrl\":\"https:\/\/radioinfinitagoya.com.ar\/v1\/wp-content\/uploads\/2025\/07\/Gw5rjEsXkAAXNHs.jpg\",\"articleSection\":[\"DEPORTES\"],\"inLanguage\":\"es-AR\"},{\"@type\":\"WebPage\",\"@id\":\"https:\/\/radioinfinitagoya.com.ar\/v1\/2025\/07\/28\/huracan-profundizo-la-crisis-de-boca\/\",\"url\":\"https:\/\/radioinfinitagoya.com.ar\/v1\/2025\/07\/28\/huracan-profundizo-la-crisis-de-boca\/\",\"name\":\"Hurac\u00e1n profundiz\u00f3 la crisis de Boca - Radio Infinita Goya\",\"isPartOf\":{\"@id\":\"https:\/\/radioinfinitagoya.com.ar\/v1\/#website\"},\"primaryImageOfPage\":{\"@id\":\"https:\/\/radioinfinitagoya.com.ar\/v1\/2025\/07\/28\/huracan-profundizo-la-crisis-de-boca\/#primaryimage\"},\"image\":{\"@id\":\"https:\/\/radioinfinitagoya.com.ar\/v1\/2025\/07\/28\/huracan-profundizo-la-crisis-de-boca\/#primaryimage\"},\"thumbnailUrl\":\"https:\/\/radioinfinitagoya.com.ar\/v1\/wp-content\/uploads\/2025\/07\/Gw5rjEsXkAAXNHs.jpg\",\"datePublished\":\"2025-07-28T19:09:12+00:00\",\"description\":\"El Globo se impuso 1 a 0 y consigui\u00f3 su primera victoria en el certamen. El Xeneize extendi\u00f3 su racha negativa a 11 partidos, la peor de su historia. Boca\",\"breadcrumb\":{\"@id\":\"https:\/\/radioinfinitagoya.com.ar\/v1\/2025\/07\/28\/huracan-profundizo-la-crisis-de-boca\/#breadcrumb\"},\"inLanguage\":\"es-AR\",\"potentialAction\":[{\"@type\":\"ReadAction\",\"target\":[\"https:\/\/radioinfinitagoya.com.ar\/v1\/2025\/07\/28\/huracan-profundizo-la-crisis-de-boca\/\"]}]},{\"@type\":\"ImageObject\",\"inLanguage\":\"es-AR\",\"@id\":\"https:\/\/radioinfinitagoya.com.ar\/v1\/2025\/07\/28\/huracan-profundizo-la-crisis-de-boca\/#primaryimage\",\"url\":\"https:\/\/radioinfinitagoya.com.ar\/v1\/wp-content\/uploads\/2025\/07\/Gw5rjEsXkAAXNHs.jpg\",\"contentUrl\":\"https:\/\/radioinfinitagoya.com.ar\/v1\/wp-content\/uploads\/2025\/07\/Gw5rjEsXkAAXNHs.jpg\",\"width\":680,\"height\":490},{\"@type\":\"BreadcrumbList\",\"@id\":\"https:\/\/radioinfinitagoya.com.ar\/v1\/2025\/07\/28\/huracan-profundizo-la-crisis-de-boca\/#breadcrumb\",\"itemListElement\":[{\"@type\":\"ListItem\",\"position\":1,\"name\":\"Inicio\",\"item\":\"https:\/\/radioinfinitagoya.com.ar\/v1\/\"},{\"@type\":\"ListItem\",\"position\":2,\"name\":\"Hurac\u00e1n profundiz\u00f3 la crisis de Boca\"}]},{\"@type\":\"WebSite\",\"@id\":\"https:\/\/radioinfinitagoya.com.ar\/v1\/#website\",\"url\":\"https:\/\/radioinfinitagoya.com.ar\/v1\/\",\"name\":\"radioinfinitagoya.com.ar\",\"description\":\"Radio de noticias\",\"publisher\":{\"@id\":\"https:\/\/radioinfinitagoya.com.ar\/v1\/#organization\"},\"potentialAction\":[{\"@type\":\"SearchAction\",\"target\":{\"@type\":\"EntryPoint\",\"urlTemplate\":\"https:\/\/radioinfinitagoya.com.ar\/v1\/?s={search_term_string}\"},\"query-input\":{\"@type\":\"PropertyValueSpecification\",\"valueRequired\":true,\"valueName\":\"search_term_string\"}}],\"inLanguage\":\"es-AR\"},{\"@type\":\"Organization\",\"@id\":\"https:\/\/radioinfinitagoya.com.ar\/v1\/#organization\",\"name\":\"Radio Infinita Goya\",\"url\":\"https:\/\/radioinfinitagoya.com.ar\/v1\/\",\"logo\":{\"@type\":\"ImageObject\",\"inLanguage\":\"es-AR\",\"@id\":\"https:\/\/radioinfinitagoya.com.ar\/v1\/#\/schema\/logo\/image\/\",\"url\":\"https:\/\/radioinfinitagoya.com.ar\/v1\/wp-content\/uploads\/2019\/11\/logo-pie-web.png\",\"contentUrl\":\"https:\/\/radioinfinitagoya.com.ar\/v1\/wp-content\/uploads\/2019\/11\/logo-pie-web.png\",\"width\":635,\"height\":326,\"caption\":\"Radio Infinita Goya\"},\"image\":{\"@id\":\"https:\/\/radioinfinitagoya.com.ar\/v1\/#\/schema\/logo\/image\/\"},\"sameAs\":[\"https:\/\/www.facebook.com\/p\/Infinita-Goya-100063870918311\/\"]},{\"@type\":\"Person\",\"@id\":\"https:\/\/radioinfinitagoya.com.ar\/v1\/#\/schema\/person\/d4cf9c413d4f6edb24aabdccab49ca4a\",\"name\":\"Jorge Mi\u00f1o\",\"image\":{\"@type\":\"ImageObject\",\"inLanguage\":\"es-AR\",\"@id\":\"https:\/\/secure.gravatar.com\/avatar\/910fcf6728fe95320e07a6643c1581fec1c7fc4bf8ae12e3d8f0d0373dc844be?s=96&d=mm&r=g\",\"url\":\"https:\/\/secure.gravatar.com\/avatar\/910fcf6728fe95320e07a6643c1581fec1c7fc4bf8ae12e3d8f0d0373dc844be?s=96&d=mm&r=g\",\"contentUrl\":\"https:\/\/secure.gravatar.com\/avatar\/910fcf6728fe95320e07a6643c1581fec1c7fc4bf8ae12e3d8f0d0373dc844be?s=96&d=mm&r=g\",\"caption\":\"Jorge Mi\u00f1o\"},\"sameAs\":[\"http:\/\/radioinfinitagoya.com.ar\"]}]}<\/script>\n<!-- \/ Yoast SEO plugin. -->","yoast_head_json":{"title":"Hurac\u00e1n profundiz\u00f3 la crisis de Boca - Radio Infinita Goya","description":"El Globo se impuso 1 a 0 y consigui\u00f3 su primera victoria en el certamen. El Xeneize extendi\u00f3 su racha negativa a 11 partidos, la peor de su historia. Boca","robots":{"index":"index","follow":"follow","max-snippet":"max-snippet:-1","max-image-preview":"max-image-preview:large","max-video-preview":"max-video-preview:-1"},"canonical":"https:\/\/radioinfinitagoya.com.ar\/v1\/2025\/07\/28\/huracan-profundizo-la-crisis-de-boca\/","og_locale":"es_ES","og_type":"article","og_title":"Hurac\u00e1n profundiz\u00f3 la crisis de Boca - Radio Infinita Goya","og_description":"El Globo se impuso 1 a 0 y consigui\u00f3 su primera victoria en el certamen. El Xeneize extendi\u00f3 su racha negativa a 11 partidos, la peor de su historia. Boca","og_url":"https:\/\/radioinfinitagoya.com.ar\/v1\/2025\/07\/28\/huracan-profundizo-la-crisis-de-boca\/","og_site_name":"Radio Infinita Goya","article_publisher":"https:\/\/www.facebook.com\/p\/Infinita-Goya-100063870918311\/","article_published_time":"2025-07-28T19:09:12+00:00","og_image":[{"width":680,"height":490,"url":"https:\/\/radioinfinitagoya.com.ar\/v1\/wp-content\/uploads\/2025\/07\/Gw5rjEsXkAAXNHs.jpg","type":"image\/jpeg"}],"author":"Jorge Mi\u00f1o","twitter_card":"summary_large_image","twitter_misc":{"Escrito por":"Jorge Mi\u00f1o","Tiempo de lectura":"3 minutos"},"schema":{"@context":"https:\/\/schema.org","@graph":[{"@type":"Article","@id":"https:\/\/radioinfinitagoya.com.ar\/v1\/2025\/07\/28\/huracan-profundizo-la-crisis-de-boca\/#article","isPartOf":{"@id":"https:\/\/radioinfinitagoya.com.ar\/v1\/2025\/07\/28\/huracan-profundizo-la-crisis-de-boca\/"},"author":{"name":"Jorge Mi\u00f1o","@id":"https:\/\/radioinfinitagoya.com.ar\/v1\/#\/schema\/person\/d4cf9c413d4f6edb24aabdccab49ca4a"},"headline":"Hurac\u00e1n profundiz\u00f3 la crisis de Boca","datePublished":"2025-07-28T19:09:12+00:00","mainEntityOfPage":{"@id":"https:\/\/radioinfinitagoya.com.ar\/v1\/2025\/07\/28\/huracan-profundizo-la-crisis-de-boca\/"},"wordCount":604,"publisher":{"@id":"https:\/\/radioinfinitagoya.com.ar\/v1\/#organization"},"image":{"@id":"https:\/\/radioinfinitagoya.com.ar\/v1\/2025\/07\/28\/huracan-profundizo-la-crisis-de-boca\/#primaryimage"},"thumbnailUrl":"https:\/\/radioinfinitagoya.com.ar\/v1\/wp-content\/uploads\/2025\/07\/Gw5rjEsXkAAXNHs.jpg","articleSection":["DEPORTES"],"inLanguage":"es-AR"},{"@type":"WebPage","@id":"https:\/\/radioinfinitagoya.com.ar\/v1\/2025\/07\/28\/huracan-profundizo-la-crisis-de-boca\/","url":"https:\/\/radioinfinitagoya.com.ar\/v1\/2025\/07\/28\/huracan-profundizo-la-crisis-de-boca\/","name":"Hurac\u00e1n profundiz\u00f3 la crisis de Boca - Radio Infinita Goya","isPartOf":{"@id":"https:\/\/radioinfinitagoya.com.ar\/v1\/#website"},"primaryImageOfPage":{"@id":"https:\/\/radioinfinitagoya.com.ar\/v1\/2025\/07\/28\/huracan-profundizo-la-crisis-de-boca\/#primaryimage"},"image":{"@id":"https:\/\/radioinfinitagoya.com.ar\/v1\/2025\/07\/28\/huracan-profundizo-la-crisis-de-boca\/#primaryimage"},"thumbnailUrl":"https:\/\/radioinfinitagoya.com.ar\/v1\/wp-content\/uploads\/2025\/07\/Gw5rjEsXkAAXNHs.jpg","datePublished":"2025-07-28T19:09:12+00:00","description":"El Globo se impuso 1 a 0 y consigui\u00f3 su primera victoria en el certamen. El Xeneize extendi\u00f3 su racha negativa a 11 partidos, la peor de su historia. Boca","breadcrumb":{"@id":"https:\/\/radioinfinitagoya.com.ar\/v1\/2025\/07\/28\/huracan-profundizo-la-crisis-de-boca\/#breadcrumb"},"inLanguage":"es-AR","potentialAction":[{"@type":"ReadAction","target":["https:\/\/radioinfinitagoya.com.ar\/v1\/2025\/07\/28\/huracan-profundizo-la-crisis-de-boca\/"]}]},{"@type":"ImageObject","inLanguage":"es-AR","@id":"https:\/\/radioinfinitagoya.com.ar\/v1\/2025\/07\/28\/huracan-profundizo-la-crisis-de-boca\/#primaryimage","url":"https:\/\/radioinfinitagoya.com.ar\/v1\/wp-content\/uploads\/2025\/07\/Gw5rjEsXkAAXNHs.jpg","contentUrl":"https:\/\/radioinfinitagoya.com.ar\/v1\/wp-content\/uploads\/2025\/07\/Gw5rjEsXkAAXNHs.jpg","width":680,"height":490},{"@type":"BreadcrumbList","@id":"https:\/\/radioinfinitagoya.com.ar\/v1\/2025\/07\/28\/huracan-profundizo-la-crisis-de-boca\/#breadcrumb","itemListElement":[{"@type":"ListItem","position":1,"name":"Inicio","item":"https:\/\/radioinfinitagoya.com.ar\/v1\/"},{"@type":"ListItem","position":2,"name":"Hurac\u00e1n profundiz\u00f3 la crisis de Boca"}]},{"@type":"WebSite","@id":"https:\/\/radioinfinitagoya.com.ar\/v1\/#website","url":"https:\/\/radioinfinitagoya.com.ar\/v1\/","name":"radioinfinitagoya.com.ar","description":"Radio de noticias","publisher":{"@id":"https:\/\/radioinfinitagoya.com.ar\/v1\/#organization"},"potentialAction":[{"@type":"SearchAction","target":{"@type":"EntryPoint","urlTemplate":"https:\/\/radioinfinitagoya.com.ar\/v1\/?s={search_term_string}"},"query-input":{"@type":"PropertyValueSpecification","valueRequired":true,"valueName":"search_term_string"}}],"inLanguage":"es-AR"},{"@type":"Organization","@id":"https:\/\/radioinfinitagoya.com.ar\/v1\/#organization","name":"Radio Infinita Goya","url":"https:\/\/radioinfinitagoya.com.ar\/v1\/","logo":{"@type":"ImageObject","inLanguage":"es-AR","@id":"https:\/\/radioinfinitagoya.com.ar\/v1\/#\/schema\/logo\/image\/","url":"https:\/\/radioinfinitagoya.com.ar\/v1\/wp-content\/uploads\/2019\/11\/logo-pie-web.png","contentUrl":"https:\/\/radioinfinitagoya.com.ar\/v1\/wp-content\/uploads\/2019\/11\/logo-pie-web.png","width":635,"height":326,"caption":"Radio Infinita Goya"},"image":{"@id":"https:\/\/radioinfinitagoya.com.ar\/v1\/#\/schema\/logo\/image\/"},"sameAs":["https:\/\/www.facebook.com\/p\/Infinita-Goya-100063870918311\/"]},{"@type":"Person","@id":"https:\/\/radioinfinitagoya.com.ar\/v1\/#\/schema\/person\/d4cf9c413d4f6edb24aabdccab49ca4a","name":"Jorge Mi\u00f1o","image":{"@type":"ImageObject","inLanguage":"es-AR","@id":"https:\/\/secure.gravatar.com\/avatar\/910fcf6728fe95320e07a6643c1581fec1c7fc4bf8ae12e3d8f0d0373dc844be?s=96&d=mm&r=g","url":"https:\/\/secure.gravatar.com\/avatar\/910fcf6728fe95320e07a6643c1581fec1c7fc4bf8ae12e3d8f0d0373dc844be?s=96&d=mm&r=g","contentUrl":"https:\/\/secure.gravatar.com\/avatar\/910fcf6728fe95320e07a6643c1581fec1c7fc4bf8ae12e3d8f0d0373dc844be?s=96&d=mm&r=g","caption":"Jorge Mi\u00f1o"},"sameAs":["http:\/\/radioinfinitagoya.com.ar"]}]}},"_links":{"self":[{"href":"https:\/\/radioinfinitagoya.com.ar\/v1\/wp-json\/wp\/v2\/posts\/193473","targetHints":{"allow":["GET"]}}],"collection":[{"href":"https:\/\/radioinfinitagoya.com.ar\/v1\/wp-json\/wp\/v2\/posts"}],"about":[{"href":"https:\/\/radioinfinitagoya.com.ar\/v1\/wp-json\/wp\/v2\/types\/post"}],"author":[{"embeddable":true,"href":"https:\/\/radioinfinitagoya.com.ar\/v1\/wp-json\/wp\/v2\/users\/4"}],"replies":[{"embeddable":true,"href":"https:\/\/radioinfinitagoya.com.ar\/v1\/wp-json\/wp\/v2\/comments?post=193473"}],"version-history":[{"count":0,"href":"https:\/\/radioinfinitagoya.com.ar\/v1\/wp-json\/wp\/v2\/posts\/193473\/revisions"}],"wp:featuredmedia":[{"embeddable":true,"href":"https:\/\/radioinfinitagoya.com.ar\/v1\/wp-json\/wp\/v2\/media\/193474"}],"wp:attachment":[{"href":"https:\/\/radioinfinitagoya.com.ar\/v1\/wp-json\/wp\/v2\/media?parent=193473"}],"wp:term":[{"taxonomy":"category","embeddable":true,"href":"https:\/\/radioinfinitagoya.com.ar\/v1\/wp-json\/wp\/v2\/categories?post=193473"},{"taxonomy":"post_tag","embeddable":true,"href":"https:\/\/radioinfinitagoya.com.ar\/v1\/wp-json\/wp\/v2\/tags?post=193473"}],"curies":[{"name":"wp","href":"https:\/\/api.w.org\/{rel}","templated":true}]}}