{"id":193479,"date":"2025-07-28T16:16:00","date_gmt":"2025-07-28T19:16:00","guid":{"rendered":"https:\/\/radioinfinitagoya.com.ar\/v1\/?p=193479"},"modified":"2025-07-28T16:16:00","modified_gmt":"2025-07-28T19:16:00","slug":"se-inicio-la-privatizacion-de-intercargo-con-la-venta-del-100-del-paquete-accionario","status":"publish","type":"post","link":"https:\/\/radioinfinitagoya.com.ar\/v1\/2025\/07\/28\/se-inicio-la-privatizacion-de-intercargo-con-la-venta-del-100-del-paquete-accionario\/","title":{"rendered":"Se inici\u00f3 la privatizaci\u00f3n de Intercargo con la venta del 100% del paquete accionario"},"content":{"rendered":"<p>La empresa estatal da servicio a 21 aeropuertos del pa\u00eds. El proceso de privatizaci\u00f3n ser\u00e1 a trav\u00e9s de una licitaci\u00f3n p\u00fablica nacional e internacional.<\/p>\n<p>El Gobierno Nacional inici\u00f3 formalmente el proceso de privatizaci\u00f3n de Intercargo S.A.U., la empresa estatal que brinda el servicio de rampa y transporte de pasajeros en 21 aeropuertos de todo el pa\u00eds.<\/p>\n<p>La decisi\u00f3n fue oficializada este lunes a trav\u00e9s de la Resoluci\u00f3n 1067\/2025, publicada en el Bolet\u00edn Oficial, y lleva la firma del ministro de Econom\u00eda, Luis Caputo. La medida establece que se vender\u00e1 el 100% del paquete accionario, en l\u00ednea con el Decreto 198\/2025 firmado por el presidente Javier Milei en marzo pasado. Ser\u00e1 a trav\u00e9s de una licitaci\u00f3n p\u00fablica nacional e internacional.<\/p>\n<p>La resoluci\u00f3n establece un plazo de ocho meses desde su entrada en vigencia para completar la privatizaci\u00f3n de Intercargo. Seg\u00fan se inform\u00f3, el proceso no prev\u00e9 el otorgamiento de preferencias o la incorporaci\u00f3n de un Programa de Propiedad Participada.<\/p>\n<p>El decreto establece que la Secretar\u00eda de Transporte del Ministerio de Econom\u00eda estar\u00e1 a cargo de actualizar el inventario de los bienes tangibles e intangibles que hagan al valor de las acciones de Intercargo y gestionar la rescisi\u00f3n por mutuo acuerdo del contrato de concesi\u00f3n vigente para la explotaci\u00f3n con car\u00e1cter exclusivo del Servicio \u00danico de Atenci\u00f3n en tierra a aeronaves. Este convenio hab\u00eda sido aprobado originalmente por la resoluci\u00f3n 7417\/1990 de la Comisi\u00f3n Administrativa de Contrataciones de la Fuerza A\u00e9rea Argentina.<\/p>\n<p>A su vez, la Unidad Ejecutora Especial Temporaria \u201cAgencia de Transformaci\u00f3n de Empresas P\u00fablicas\u201d deber\u00e1 coordinar las acciones necesarias para privatizar Intercargo mediante una licitaci\u00f3n p\u00fablica de alcance nacional e internacional, incluyendo la contrataci\u00f3n de una entidad bancaria p\u00fablica nacional para la valuaci\u00f3n del capital accionario.<\/p>\n<p>El texto aclara que el Tribunal de Tasaciones de la Naci\u00f3n manifest\u00f3 que se encuentra imposibilitado actualmente de realizar la valuaci\u00f3n del total de la empresa. No obstante, dicho organismo realiz\u00f3 la valuaci\u00f3n de todos los bienes tangibles por escala informados por Intercargo.<\/p>\n<p>El proceso para privatizar Intercargo fue autorizado en marzo de este a\u00f1o.<\/p>\n<p>Entre sus considerandos, el Gobierno resalt\u00f3 el costo que represent\u00f3 la empresa para el Estado: &#8220;A pesar de la participaci\u00f3n de Intercargo S.A.U. en el mercado, entre 2020 y 2023 requiri\u00f3 asistencia financiera del Estado Nacional por un monto aproximado de $6.700.000.000, destinada a cubrir sus necesidades operativas y garantizar el cumplimiento de los est\u00e1ndares de calidad y seguridad exigidos&#8221;.<\/p>\n<p>En el marco de la pol\u00edtica de reducci\u00f3n del tama\u00f1o del Estado y del d\u00e9ficit fiscal, con el prop\u00f3sito de equilibrar las cuentas p\u00fablicas, y en l\u00ednea con lo establecido en el art\u00edculo 2\u00b0 de la Ley de Bases y Puntos de Partida para la Libertad de los Argentinos N\u00b0 27.742, el Estado Nacional dej\u00f3 de brindar asistencia financiera a Intercargo desde principios de 2024.<\/p>\n","protected":false},"excerpt":{"rendered":"<p>La empresa estatal da servicio a 21 aeropuertos del pa\u00eds. El proceso de privatizaci\u00f3n ser\u00e1 a trav\u00e9s de una licitaci\u00f3n p\u00fablica nacional e internacional. El Gobierno Nacional inici\u00f3 formalmente el proceso de privatizaci\u00f3n de Intercargo S.A.U., la empresa estatal que brinda el servicio de rampa y transporte de pasajeros en 21 aeropuertos de todo el [&hellip;]<\/p>\n","protected":false},"author":4,"featured_media":193480,"comment_status":"closed","ping_status":"closed","sticky":false,"template":"","format":"standard","meta":{"_joinchat":[],"footnotes":""},"categories":[29],"tags":[],"class_list":{"0":"post-193479","1":"post","2":"type-post","3":"status-publish","4":"format-standard","5":"has-post-thumbnail","7":"category-nacionales"},"yoast_head":"<!-- This site is optimized with the Yoast SEO plugin v27.2 - https:\/\/yoast.com\/product\/yoast-seo-wordpress\/ -->\n<title>Se inici\u00f3 la privatizaci\u00f3n de Intercargo con la venta del 100% del paquete accionario - Radio Infinita Goya<\/title>\n<meta name=\"description\" content=\"La empresa estatal da servicio a 21 aeropuertos del pa\u00eds. El proceso de privatizaci\u00f3n ser\u00e1 a trav\u00e9s de una licitaci\u00f3n p\u00fablica nacional e internacional. El\" \/>\n<meta name=\"robots\" content=\"index, follow, max-snippet:-1, max-image-preview:large, max-video-preview:-1\" \/>\n<link rel=\"canonical\" href=\"https:\/\/radioinfinitagoya.com.ar\/v1\/2025\/07\/28\/se-inicio-la-privatizacion-de-intercargo-con-la-venta-del-100-del-paquete-accionario\/\" \/>\n<meta property=\"og:locale\" content=\"es_ES\" \/>\n<meta property=\"og:type\" content=\"article\" \/>\n<meta property=\"og:title\" content=\"Se inici\u00f3 la privatizaci\u00f3n de Intercargo con la venta del 100% del paquete accionario - Radio Infinita Goya\" \/>\n<meta property=\"og:description\" content=\"La empresa estatal da servicio a 21 aeropuertos del pa\u00eds. El proceso de privatizaci\u00f3n ser\u00e1 a trav\u00e9s de una licitaci\u00f3n p\u00fablica nacional e internacional. El\" \/>\n<meta property=\"og:url\" content=\"https:\/\/radioinfinitagoya.com.ar\/v1\/2025\/07\/28\/se-inicio-la-privatizacion-de-intercargo-con-la-venta-del-100-del-paquete-accionario\/\" \/>\n<meta property=\"og:site_name\" content=\"Radio Infinita Goya\" \/>\n<meta property=\"article:publisher\" content=\"https:\/\/www.facebook.com\/p\/Infinita-Goya-100063870918311\/\" \/>\n<meta property=\"article:published_time\" content=\"2025-07-28T19:16:00+00:00\" \/>\n<meta property=\"og:image\" content=\"https:\/\/radioinfinitagoya.com.ar\/v1\/wp-content\/uploads\/2025\/07\/F3ohMHzt.jpg\" \/>\n\t<meta property=\"og:image:width\" content=\"680\" \/>\n\t<meta property=\"og:image:height\" content=\"435\" \/>\n\t<meta property=\"og:image:type\" content=\"image\/jpeg\" \/>\n<meta name=\"author\" content=\"Jorge Mi\u00f1o\" \/>\n<meta name=\"twitter:card\" content=\"summary_large_image\" \/>\n<meta name=\"twitter:label1\" content=\"Escrito por\" \/>\n\t<meta name=\"twitter:data1\" content=\"Jorge Mi\u00f1o\" \/>\n\t<meta name=\"twitter:label2\" content=\"Tiempo de lectura\" \/>\n\t<meta name=\"twitter:data2\" content=\"3 minutos\" \/>\n<script type=\"application\/ld+json\" class=\"yoast-schema-graph\">{\"@context\":\"https:\/\/schema.org\",\"@graph\":[{\"@type\":\"Article\",\"@id\":\"https:\/\/radioinfinitagoya.com.ar\/v1\/2025\/07\/28\/se-inicio-la-privatizacion-de-intercargo-con-la-venta-del-100-del-paquete-accionario\/#article\",\"isPartOf\":{\"@id\":\"https:\/\/radioinfinitagoya.com.ar\/v1\/2025\/07\/28\/se-inicio-la-privatizacion-de-intercargo-con-la-venta-del-100-del-paquete-accionario\/\"},\"author\":{\"name\":\"Jorge Mi\u00f1o\",\"@id\":\"https:\/\/radioinfinitagoya.com.ar\/v1\/#\/schema\/person\/d4cf9c413d4f6edb24aabdccab49ca4a\"},\"headline\":\"Se inici\u00f3 la privatizaci\u00f3n de Intercargo con la venta del 100% del paquete accionario\",\"datePublished\":\"2025-07-28T19:16:00+00:00\",\"mainEntityOfPage\":{\"@id\":\"https:\/\/radioinfinitagoya.com.ar\/v1\/2025\/07\/28\/se-inicio-la-privatizacion-de-intercargo-con-la-venta-del-100-del-paquete-accionario\/\"},\"wordCount\":524,\"publisher\":{\"@id\":\"https:\/\/radioinfinitagoya.com.ar\/v1\/#organization\"},\"image\":{\"@id\":\"https:\/\/radioinfinitagoya.com.ar\/v1\/2025\/07\/28\/se-inicio-la-privatizacion-de-intercargo-con-la-venta-del-100-del-paquete-accionario\/#primaryimage\"},\"thumbnailUrl\":\"https:\/\/radioinfinitagoya.com.ar\/v1\/wp-content\/uploads\/2025\/07\/F3ohMHzt.jpg\",\"articleSection\":[\"NACIONALES\"],\"inLanguage\":\"es-AR\"},{\"@type\":\"WebPage\",\"@id\":\"https:\/\/radioinfinitagoya.com.ar\/v1\/2025\/07\/28\/se-inicio-la-privatizacion-de-intercargo-con-la-venta-del-100-del-paquete-accionario\/\",\"url\":\"https:\/\/radioinfinitagoya.com.ar\/v1\/2025\/07\/28\/se-inicio-la-privatizacion-de-intercargo-con-la-venta-del-100-del-paquete-accionario\/\",\"name\":\"Se inici\u00f3 la privatizaci\u00f3n de Intercargo con la venta del 100% del paquete accionario - Radio Infinita Goya\",\"isPartOf\":{\"@id\":\"https:\/\/radioinfinitagoya.com.ar\/v1\/#website\"},\"primaryImageOfPage\":{\"@id\":\"https:\/\/radioinfinitagoya.com.ar\/v1\/2025\/07\/28\/se-inicio-la-privatizacion-de-intercargo-con-la-venta-del-100-del-paquete-accionario\/#primaryimage\"},\"image\":{\"@id\":\"https:\/\/radioinfinitagoya.com.ar\/v1\/2025\/07\/28\/se-inicio-la-privatizacion-de-intercargo-con-la-venta-del-100-del-paquete-accionario\/#primaryimage\"},\"thumbnailUrl\":\"https:\/\/radioinfinitagoya.com.ar\/v1\/wp-content\/uploads\/2025\/07\/F3ohMHzt.jpg\",\"datePublished\":\"2025-07-28T19:16:00+00:00\",\"description\":\"La empresa estatal da servicio a 21 aeropuertos del pa\u00eds. El proceso de privatizaci\u00f3n ser\u00e1 a trav\u00e9s de una licitaci\u00f3n p\u00fablica nacional e internacional. El\",\"breadcrumb\":{\"@id\":\"https:\/\/radioinfinitagoya.com.ar\/v1\/2025\/07\/28\/se-inicio-la-privatizacion-de-intercargo-con-la-venta-del-100-del-paquete-accionario\/#breadcrumb\"},\"inLanguage\":\"es-AR\",\"potentialAction\":[{\"@type\":\"ReadAction\",\"target\":[\"https:\/\/radioinfinitagoya.com.ar\/v1\/2025\/07\/28\/se-inicio-la-privatizacion-de-intercargo-con-la-venta-del-100-del-paquete-accionario\/\"]}]},{\"@type\":\"ImageObject\",\"inLanguage\":\"es-AR\",\"@id\":\"https:\/\/radioinfinitagoya.com.ar\/v1\/2025\/07\/28\/se-inicio-la-privatizacion-de-intercargo-con-la-venta-del-100-del-paquete-accionario\/#primaryimage\",\"url\":\"https:\/\/radioinfinitagoya.com.ar\/v1\/wp-content\/uploads\/2025\/07\/F3ohMHzt.jpg\",\"contentUrl\":\"https:\/\/radioinfinitagoya.com.ar\/v1\/wp-content\/uploads\/2025\/07\/F3ohMHzt.jpg\",\"width\":680,\"height\":435},{\"@type\":\"BreadcrumbList\",\"@id\":\"https:\/\/radioinfinitagoya.com.ar\/v1\/2025\/07\/28\/se-inicio-la-privatizacion-de-intercargo-con-la-venta-del-100-del-paquete-accionario\/#breadcrumb\",\"itemListElement\":[{\"@type\":\"ListItem\",\"position\":1,\"name\":\"Inicio\",\"item\":\"https:\/\/radioinfinitagoya.com.ar\/v1\/\"},{\"@type\":\"ListItem\",\"position\":2,\"name\":\"Se inici\u00f3 la privatizaci\u00f3n de Intercargo con la venta del 100% del paquete accionario\"}]},{\"@type\":\"WebSite\",\"@id\":\"https:\/\/radioinfinitagoya.com.ar\/v1\/#website\",\"url\":\"https:\/\/radioinfinitagoya.com.ar\/v1\/\",\"name\":\"radioinfinitagoya.com.ar\",\"description\":\"Radio de noticias\",\"publisher\":{\"@id\":\"https:\/\/radioinfinitagoya.com.ar\/v1\/#organization\"},\"potentialAction\":[{\"@type\":\"SearchAction\",\"target\":{\"@type\":\"EntryPoint\",\"urlTemplate\":\"https:\/\/radioinfinitagoya.com.ar\/v1\/?s={search_term_string}\"},\"query-input\":{\"@type\":\"PropertyValueSpecification\",\"valueRequired\":true,\"valueName\":\"search_term_string\"}}],\"inLanguage\":\"es-AR\"},{\"@type\":\"Organization\",\"@id\":\"https:\/\/radioinfinitagoya.com.ar\/v1\/#organization\",\"name\":\"Radio Infinita Goya\",\"url\":\"https:\/\/radioinfinitagoya.com.ar\/v1\/\",\"logo\":{\"@type\":\"ImageObject\",\"inLanguage\":\"es-AR\",\"@id\":\"https:\/\/radioinfinitagoya.com.ar\/v1\/#\/schema\/logo\/image\/\",\"url\":\"https:\/\/radioinfinitagoya.com.ar\/v1\/wp-content\/uploads\/2019\/11\/logo-pie-web.png\",\"contentUrl\":\"https:\/\/radioinfinitagoya.com.ar\/v1\/wp-content\/uploads\/2019\/11\/logo-pie-web.png\",\"width\":635,\"height\":326,\"caption\":\"Radio Infinita Goya\"},\"image\":{\"@id\":\"https:\/\/radioinfinitagoya.com.ar\/v1\/#\/schema\/logo\/image\/\"},\"sameAs\":[\"https:\/\/www.facebook.com\/p\/Infinita-Goya-100063870918311\/\"]},{\"@type\":\"Person\",\"@id\":\"https:\/\/radioinfinitagoya.com.ar\/v1\/#\/schema\/person\/d4cf9c413d4f6edb24aabdccab49ca4a\",\"name\":\"Jorge Mi\u00f1o\",\"image\":{\"@type\":\"ImageObject\",\"inLanguage\":\"es-AR\",\"@id\":\"https:\/\/secure.gravatar.com\/avatar\/910fcf6728fe95320e07a6643c1581fec1c7fc4bf8ae12e3d8f0d0373dc844be?s=96&d=mm&r=g\",\"url\":\"https:\/\/secure.gravatar.com\/avatar\/910fcf6728fe95320e07a6643c1581fec1c7fc4bf8ae12e3d8f0d0373dc844be?s=96&d=mm&r=g\",\"contentUrl\":\"https:\/\/secure.gravatar.com\/avatar\/910fcf6728fe95320e07a6643c1581fec1c7fc4bf8ae12e3d8f0d0373dc844be?s=96&d=mm&r=g\",\"caption\":\"Jorge Mi\u00f1o\"},\"sameAs\":[\"http:\/\/radioinfinitagoya.com.ar\"]}]}<\/script>\n<!-- \/ Yoast SEO plugin. -->","yoast_head_json":{"title":"Se inici\u00f3 la privatizaci\u00f3n de Intercargo con la venta del 100% del paquete accionario - Radio Infinita Goya","description":"La empresa estatal da servicio a 21 aeropuertos del pa\u00eds. El proceso de privatizaci\u00f3n ser\u00e1 a trav\u00e9s de una licitaci\u00f3n p\u00fablica nacional e internacional. El","robots":{"index":"index","follow":"follow","max-snippet":"max-snippet:-1","max-image-preview":"max-image-preview:large","max-video-preview":"max-video-preview:-1"},"canonical":"https:\/\/radioinfinitagoya.com.ar\/v1\/2025\/07\/28\/se-inicio-la-privatizacion-de-intercargo-con-la-venta-del-100-del-paquete-accionario\/","og_locale":"es_ES","og_type":"article","og_title":"Se inici\u00f3 la privatizaci\u00f3n de Intercargo con la venta del 100% del paquete accionario - Radio Infinita Goya","og_description":"La empresa estatal da servicio a 21 aeropuertos del pa\u00eds. El proceso de privatizaci\u00f3n ser\u00e1 a trav\u00e9s de una licitaci\u00f3n p\u00fablica nacional e internacional. El","og_url":"https:\/\/radioinfinitagoya.com.ar\/v1\/2025\/07\/28\/se-inicio-la-privatizacion-de-intercargo-con-la-venta-del-100-del-paquete-accionario\/","og_site_name":"Radio Infinita Goya","article_publisher":"https:\/\/www.facebook.com\/p\/Infinita-Goya-100063870918311\/","article_published_time":"2025-07-28T19:16:00+00:00","og_image":[{"width":680,"height":435,"url":"https:\/\/radioinfinitagoya.com.ar\/v1\/wp-content\/uploads\/2025\/07\/F3ohMHzt.jpg","type":"image\/jpeg"}],"author":"Jorge Mi\u00f1o","twitter_card":"summary_large_image","twitter_misc":{"Escrito por":"Jorge Mi\u00f1o","Tiempo de lectura":"3 minutos"},"schema":{"@context":"https:\/\/schema.org","@graph":[{"@type":"Article","@id":"https:\/\/radioinfinitagoya.com.ar\/v1\/2025\/07\/28\/se-inicio-la-privatizacion-de-intercargo-con-la-venta-del-100-del-paquete-accionario\/#article","isPartOf":{"@id":"https:\/\/radioinfinitagoya.com.ar\/v1\/2025\/07\/28\/se-inicio-la-privatizacion-de-intercargo-con-la-venta-del-100-del-paquete-accionario\/"},"author":{"name":"Jorge Mi\u00f1o","@id":"https:\/\/radioinfinitagoya.com.ar\/v1\/#\/schema\/person\/d4cf9c413d4f6edb24aabdccab49ca4a"},"headline":"Se inici\u00f3 la privatizaci\u00f3n de Intercargo con la venta del 100% del paquete accionario","datePublished":"2025-07-28T19:16:00+00:00","mainEntityOfPage":{"@id":"https:\/\/radioinfinitagoya.com.ar\/v1\/2025\/07\/28\/se-inicio-la-privatizacion-de-intercargo-con-la-venta-del-100-del-paquete-accionario\/"},"wordCount":524,"publisher":{"@id":"https:\/\/radioinfinitagoya.com.ar\/v1\/#organization"},"image":{"@id":"https:\/\/radioinfinitagoya.com.ar\/v1\/2025\/07\/28\/se-inicio-la-privatizacion-de-intercargo-con-la-venta-del-100-del-paquete-accionario\/#primaryimage"},"thumbnailUrl":"https:\/\/radioinfinitagoya.com.ar\/v1\/wp-content\/uploads\/2025\/07\/F3ohMHzt.jpg","articleSection":["NACIONALES"],"inLanguage":"es-AR"},{"@type":"WebPage","@id":"https:\/\/radioinfinitagoya.com.ar\/v1\/2025\/07\/28\/se-inicio-la-privatizacion-de-intercargo-con-la-venta-del-100-del-paquete-accionario\/","url":"https:\/\/radioinfinitagoya.com.ar\/v1\/2025\/07\/28\/se-inicio-la-privatizacion-de-intercargo-con-la-venta-del-100-del-paquete-accionario\/","name":"Se inici\u00f3 la privatizaci\u00f3n de Intercargo con la venta del 100% del paquete accionario - Radio Infinita Goya","isPartOf":{"@id":"https:\/\/radioinfinitagoya.com.ar\/v1\/#website"},"primaryImageOfPage":{"@id":"https:\/\/radioinfinitagoya.com.ar\/v1\/2025\/07\/28\/se-inicio-la-privatizacion-de-intercargo-con-la-venta-del-100-del-paquete-accionario\/#primaryimage"},"image":{"@id":"https:\/\/radioinfinitagoya.com.ar\/v1\/2025\/07\/28\/se-inicio-la-privatizacion-de-intercargo-con-la-venta-del-100-del-paquete-accionario\/#primaryimage"},"thumbnailUrl":"https:\/\/radioinfinitagoya.com.ar\/v1\/wp-content\/uploads\/2025\/07\/F3ohMHzt.jpg","datePublished":"2025-07-28T19:16:00+00:00","description":"La empresa estatal da servicio a 21 aeropuertos del pa\u00eds. El proceso de privatizaci\u00f3n ser\u00e1 a trav\u00e9s de una licitaci\u00f3n p\u00fablica nacional e internacional. El","breadcrumb":{"@id":"https:\/\/radioinfinitagoya.com.ar\/v1\/2025\/07\/28\/se-inicio-la-privatizacion-de-intercargo-con-la-venta-del-100-del-paquete-accionario\/#breadcrumb"},"inLanguage":"es-AR","potentialAction":[{"@type":"ReadAction","target":["https:\/\/radioinfinitagoya.com.ar\/v1\/2025\/07\/28\/se-inicio-la-privatizacion-de-intercargo-con-la-venta-del-100-del-paquete-accionario\/"]}]},{"@type":"ImageObject","inLanguage":"es-AR","@id":"https:\/\/radioinfinitagoya.com.ar\/v1\/2025\/07\/28\/se-inicio-la-privatizacion-de-intercargo-con-la-venta-del-100-del-paquete-accionario\/#primaryimage","url":"https:\/\/radioinfinitagoya.com.ar\/v1\/wp-content\/uploads\/2025\/07\/F3ohMHzt.jpg","contentUrl":"https:\/\/radioinfinitagoya.com.ar\/v1\/wp-content\/uploads\/2025\/07\/F3ohMHzt.jpg","width":680,"height":435},{"@type":"BreadcrumbList","@id":"https:\/\/radioinfinitagoya.com.ar\/v1\/2025\/07\/28\/se-inicio-la-privatizacion-de-intercargo-con-la-venta-del-100-del-paquete-accionario\/#breadcrumb","itemListElement":[{"@type":"ListItem","position":1,"name":"Inicio","item":"https:\/\/radioinfinitagoya.com.ar\/v1\/"},{"@type":"ListItem","position":2,"name":"Se inici\u00f3 la privatizaci\u00f3n de Intercargo con la venta del 100% del paquete accionario"}]},{"@type":"WebSite","@id":"https:\/\/radioinfinitagoya.com.ar\/v1\/#website","url":"https:\/\/radioinfinitagoya.com.ar\/v1\/","name":"radioinfinitagoya.com.ar","description":"Radio de noticias","publisher":{"@id":"https:\/\/radioinfinitagoya.com.ar\/v1\/#organization"},"potentialAction":[{"@type":"SearchAction","target":{"@type":"EntryPoint","urlTemplate":"https:\/\/radioinfinitagoya.com.ar\/v1\/?s={search_term_string}"},"query-input":{"@type":"PropertyValueSpecification","valueRequired":true,"valueName":"search_term_string"}}],"inLanguage":"es-AR"},{"@type":"Organization","@id":"https:\/\/radioinfinitagoya.com.ar\/v1\/#organization","name":"Radio Infinita Goya","url":"https:\/\/radioinfinitagoya.com.ar\/v1\/","logo":{"@type":"ImageObject","inLanguage":"es-AR","@id":"https:\/\/radioinfinitagoya.com.ar\/v1\/#\/schema\/logo\/image\/","url":"https:\/\/radioinfinitagoya.com.ar\/v1\/wp-content\/uploads\/2019\/11\/logo-pie-web.png","contentUrl":"https:\/\/radioinfinitagoya.com.ar\/v1\/wp-content\/uploads\/2019\/11\/logo-pie-web.png","width":635,"height":326,"caption":"Radio Infinita Goya"},"image":{"@id":"https:\/\/radioinfinitagoya.com.ar\/v1\/#\/schema\/logo\/image\/"},"sameAs":["https:\/\/www.facebook.com\/p\/Infinita-Goya-100063870918311\/"]},{"@type":"Person","@id":"https:\/\/radioinfinitagoya.com.ar\/v1\/#\/schema\/person\/d4cf9c413d4f6edb24aabdccab49ca4a","name":"Jorge Mi\u00f1o","image":{"@type":"ImageObject","inLanguage":"es-AR","@id":"https:\/\/secure.gravatar.com\/avatar\/910fcf6728fe95320e07a6643c1581fec1c7fc4bf8ae12e3d8f0d0373dc844be?s=96&d=mm&r=g","url":"https:\/\/secure.gravatar.com\/avatar\/910fcf6728fe95320e07a6643c1581fec1c7fc4bf8ae12e3d8f0d0373dc844be?s=96&d=mm&r=g","contentUrl":"https:\/\/secure.gravatar.com\/avatar\/910fcf6728fe95320e07a6643c1581fec1c7fc4bf8ae12e3d8f0d0373dc844be?s=96&d=mm&r=g","caption":"Jorge Mi\u00f1o"},"sameAs":["http:\/\/radioinfinitagoya.com.ar"]}]}},"_links":{"self":[{"href":"https:\/\/radioinfinitagoya.com.ar\/v1\/wp-json\/wp\/v2\/posts\/193479","targetHints":{"allow":["GET"]}}],"collection":[{"href":"https:\/\/radioinfinitagoya.com.ar\/v1\/wp-json\/wp\/v2\/posts"}],"about":[{"href":"https:\/\/radioinfinitagoya.com.ar\/v1\/wp-json\/wp\/v2\/types\/post"}],"author":[{"embeddable":true,"href":"https:\/\/radioinfinitagoya.com.ar\/v1\/wp-json\/wp\/v2\/users\/4"}],"replies":[{"embeddable":true,"href":"https:\/\/radioinfinitagoya.com.ar\/v1\/wp-json\/wp\/v2\/comments?post=193479"}],"version-history":[{"count":0,"href":"https:\/\/radioinfinitagoya.com.ar\/v1\/wp-json\/wp\/v2\/posts\/193479\/revisions"}],"wp:featuredmedia":[{"embeddable":true,"href":"https:\/\/radioinfinitagoya.com.ar\/v1\/wp-json\/wp\/v2\/media\/193480"}],"wp:attachment":[{"href":"https:\/\/radioinfinitagoya.com.ar\/v1\/wp-json\/wp\/v2\/media?parent=193479"}],"wp:term":[{"taxonomy":"category","embeddable":true,"href":"https:\/\/radioinfinitagoya.com.ar\/v1\/wp-json\/wp\/v2\/categories?post=193479"},{"taxonomy":"post_tag","embeddable":true,"href":"https:\/\/radioinfinitagoya.com.ar\/v1\/wp-json\/wp\/v2\/tags?post=193479"}],"curies":[{"name":"wp","href":"https:\/\/api.w.org\/{rel}","templated":true}]}}