{"id":193482,"date":"2025-07-28T16:20:20","date_gmt":"2025-07-28T19:20:20","guid":{"rendered":"https:\/\/radioinfinitagoya.com.ar\/v1\/?p=193482"},"modified":"2025-07-28T16:20:20","modified_gmt":"2025-07-28T19:20:20","slug":"el-oficialismo-negocia-con-los-gobernadores-para-blindar-el-veto","status":"publish","type":"post","link":"https:\/\/radioinfinitagoya.com.ar\/v1\/2025\/07\/28\/el-oficialismo-negocia-con-los-gobernadores-para-blindar-el-veto\/","title":{"rendered":"El oficialismo negocia con los gobernadores para blindar el veto"},"content":{"rendered":"<p>El presidente Milei tiene hasta el 4 de agosto para anular el aumento previsional y que este sea efectivo. Mientras tanto, el Congreso est\u00e1 de receso<\/p>\n<p>Mientras la oposici\u00f3n en el Congreso despliega estrategias para avanzar con leyes inc\u00f3modas para Javier Milei despu\u00e9s del receso de invierno, el Gobierno avanza con acuerdos con gobernadores.<\/p>\n<p>El objetivo es asegurarse un tercio de los diputados para blindar los vetos que concrete la Casa Rosada a las leyes sobre aumentos en las jubilaciones. Tiene tiempo hasta el pr\u00f3ximo 4 de agosto para tomar la decisi\u00f3n de vetar total o parcialmente las iniciativas.<\/p>\n<p>La inactividad contin\u00faa en el Congreso y se aproximan los d\u00edas de definiciones. El Poder Ejecutivo sabe que en cuanto se reanude el trabajo parlamentario la oposici\u00f3n solicitar\u00e1 una sesi\u00f3n especial para llevar al recinto de la C\u00e1mara de Diputados, los proyectos que buscan mayor financiamiento para las universidades nacionales y para el Hospital Garrahan, en el marco de la declaraci\u00f3n de la Emergencia pedi\u00e1trica en los hospitales que dependen de la Naci\u00f3n.<\/p>\n<p>tambi\u00e9n, intentar\u00e1n forzar una sesi\u00f3n especial o fijarle tiempos y fechas a la estrat\u00e9gica Comisi\u00f3n de Presupuesto, que tiene blindada el libertario Jos\u00e9 Luis Espert, para dictaminar los dos proyectos que elaboraron los gobernadores y sancionaron los legisladores buscando cambios en la coparticipaci\u00f3n del impuesto a los combustibles l\u00edquidos y al reparto de los Aportes del Tesoro Nacional.<\/p>\n<p>todos son proyectos que golpean las cajas del Gobierno de Javier Milei y el mandatario ya adelant\u00f3 que los vetar\u00e1. Lo anunci\u00f3 horas despu\u00e9s de que el Senado sancionara media docena de iniciativas que apuntan a modificar el dogma del d\u00e9ficit cero.<\/p>\n<p>El pasado 10 de julio, tras una jornada fren\u00e9tica en el Senado con la sanci\u00f3n de los proyectos que solicitaron los gobernadores y la fuerza de ley a los aumentos del 7,2% en las jubilaciones y pensiones; un aumento a 110 mil pesos en el bono mensual que reciben los haberes m\u00ednimos; la moratoria previsional y la declaraci\u00f3n de Emergencia en Discapacidad, Javier Milei anticip\u00f3 el veto a las normas.<\/p>\n<p>La meta del tercio de la C\u00e1mara<\/p>\n<p>El diputado Mart\u00edn Menem y la Casa Rosada lograron en el 2024 rechazar los intentos de la oposici\u00f3n por derogar los vetos presidenciales a leyes con fuerte impacto social como los aumentos en el financiamiento a las Universidades y la nueva f\u00f3rmula de movilidad jubilatoria.<\/p>\n<p>Fueron 87 diputados que blindaron esas determinaciones y La Libertad Avanza logr\u00f3 sostener el programa econ\u00f3mico sin sobresaltos. Se gener\u00f3 una mayor desintegraci\u00f3n de varios bloques pol\u00edticos en el seno de la C\u00e1mara baja, principalmente en la UCR de Rodrigo de Loredo que termin\u00f3 en cuatro bloques parlamentarios.<\/p>\n<p>Los libertarios encabezados por Gabriel Bornoroni suman 39 diputados nacionales. De all\u00ed empiezan a contar unos 30 diputados del Pro de Cristian Ritondo, empoderado tras el acuerdo electoral en la provincia de Buenos Aires, pero habr\u00e1 que ver cu\u00e1ntos porte\u00f1os del partido amarillo se suman en el Congreso al oficialismo tras los permanentes desplantes al alcalde Jorge Macri y, hasta ahora falta de acuerdo pol\u00edtico en la Capital Federal con vistas a las elecciones.<\/p>\n<p>Otro espacio que suma para los libertarios es Liga del Interior, que encabeza el diputado Pablo Cervi. Son seis votos fundamentales para poder sostener las medidas del presidente Javier Milei. En la semana se reunieron con el presidente de la C\u00e1mara de Diputados, Mart\u00edn Menem, y acercaron posiciones para arribar acuerdos en los dos planos, en lo electoral y en lo legislativo.<\/p>\n<p>Pero el gran objetivo del Presidente y de su jefe de Gabinete, Guillermo Francos, es recuperar los respaldos de los diputados que responden a los gobernadores. All\u00ed est\u00e1n los de las provincias de Mendoza, de Corrientes, de Entre R\u00edos, de Chaco y de Tucum\u00e1n, para no tener que afrontar el rechazo del Congreso a su herramienta del veto.<\/p>\n<p>El acuerdo electoral con Alfredo Cornejo en Mendoza le garantizar\u00eda respaldos de los radicales Lisandro Nieri y Pamela Verasay de la UCR. Bloque en el que su presidente de la bancada, Rodrigo de Loredo, busca acercarse a los libertarios en las pr\u00f3ximas elecciones ya que debe renovar su banca de diputado. Eso lo condicionar\u00eda a acompa\u00f1ar el veto del presidente al aumento a las jubilaciones. La misma posici\u00f3n podr\u00eda adoptar Soledad Carrizo, integrante tambi\u00e9n de la mesa de conducci\u00f3n de la bancada radical.<\/p>\n<p>El espacio de Innovaci\u00f3n Federal que conduce Pamela Calletti, y que representa a los mandatarios de Salta, Gustavo S\u00e1enz, de R\u00edo Negro, Alberto Weretilneck y de Misiones, Hugo Passalacqua, sumar\u00eda a la mayor\u00eda de sus diputados nacionales. Lo mismo suceder\u00eda con el bloque Independencia, que responde al gobernador de Tucum\u00e1n, Osvaldo Jaldo, son tres legisladores, y los dos diputados de Futuro y Libertad que encabeza Gabriel Chumpitaz. Cuentan, tambi\u00e9n, con Paula Omodeo de Creo de Tucum\u00e1n.<\/p>\n<p>Otro gobernador que podr\u00eda aportar a la estrategia del oficialismo es Marcelo Orrego de San Juan, las dos diputadas del sector, denominado Producci\u00f3n y Trabajo, blindar\u00edan los vetos de Javier Milei.<\/p>\n<p>El rechazo a las medidas del presidente estar\u00e1n plasmados en las determinaciones que concreten Uni\u00f3n por la Patria (UxP) de Germ\u00e1n Mart\u00ednez, el Frente de Izquierda, Democracia para Siempre de Pablo Juliano, la Coalici\u00f3n C\u00edvica de Juan Manuel L\u00f3pez y gran parte de Encuentro Federal de Miguel Pichetto, donde el diputado Francisco Morchio, que responde al gobernador entrerriano, Rogelio Frigerio, podr\u00eda no estar presente en la sesi\u00f3n y sumar\u00eda de ese modo a la estrategia oficialista, ya que los dos tercios necesarios para el blindaje del veto es sobre la base de los diputados presentes en el recinto.<\/p>\n<p>El primer paso para el Gobierno es rechazar las leyes sancionadas que impactan en el gasto p\u00fablico, y luego ver qu\u00e9 sucede con los proyectos de coparticipaci\u00f3n que impulsan los gobernadores.<\/p>\n","protected":false},"excerpt":{"rendered":"<p>El presidente Milei tiene hasta el 4 de agosto para anular el aumento previsional y que este sea efectivo. Mientras tanto, el Congreso est\u00e1 de receso Mientras la oposici\u00f3n en el Congreso despliega estrategias para avanzar con leyes inc\u00f3modas para Javier Milei despu\u00e9s del receso de invierno, el Gobierno avanza con acuerdos con gobernadores. El [&hellip;]<\/p>\n","protected":false},"author":4,"featured_media":193483,"comment_status":"closed","ping_status":"closed","sticky":false,"template":"","format":"standard","meta":{"_joinchat":[],"footnotes":""},"categories":[29],"tags":[],"class_list":{"0":"post-193482","1":"post","2":"type-post","3":"status-publish","4":"format-standard","5":"has-post-thumbnail","7":"category-nacionales"},"yoast_head":"<!-- This site is optimized with the Yoast SEO plugin v27.2 - https:\/\/yoast.com\/product\/yoast-seo-wordpress\/ -->\n<title>El oficialismo negocia con los gobernadores para blindar el veto - Radio Infinita Goya<\/title>\n<meta name=\"description\" content=\"El presidente Milei tiene hasta el 4 de agosto para anular el aumento previsional y que este sea efectivo. Mientras tanto, el Congreso est\u00e1 de receso\" \/>\n<meta name=\"robots\" content=\"index, follow, max-snippet:-1, max-image-preview:large, max-video-preview:-1\" \/>\n<link rel=\"canonical\" href=\"https:\/\/radioinfinitagoya.com.ar\/v1\/2025\/07\/28\/el-oficialismo-negocia-con-los-gobernadores-para-blindar-el-veto\/\" \/>\n<meta property=\"og:locale\" content=\"es_ES\" \/>\n<meta property=\"og:type\" content=\"article\" \/>\n<meta property=\"og:title\" content=\"El oficialismo negocia con los gobernadores para blindar el veto - Radio Infinita Goya\" \/>\n<meta property=\"og:description\" content=\"El presidente Milei tiene hasta el 4 de agosto para anular el aumento previsional y que este sea efectivo. Mientras tanto, el Congreso est\u00e1 de receso\" \/>\n<meta property=\"og:url\" content=\"https:\/\/radioinfinitagoya.com.ar\/v1\/2025\/07\/28\/el-oficialismo-negocia-con-los-gobernadores-para-blindar-el-veto\/\" \/>\n<meta property=\"og:site_name\" content=\"Radio Infinita Goya\" \/>\n<meta property=\"article:publisher\" content=\"https:\/\/www.facebook.com\/p\/Infinita-Goya-100063870918311\/\" \/>\n<meta property=\"article:published_time\" content=\"2025-07-28T19:20:20+00:00\" \/>\n<meta property=\"og:image\" content=\"https:\/\/radioinfinitagoya.com.ar\/v1\/wp-content\/uploads\/2025\/07\/MTvMwvpY.jpg\" \/>\n\t<meta property=\"og:image:width\" content=\"680\" \/>\n\t<meta property=\"og:image:height\" content=\"454\" \/>\n\t<meta property=\"og:image:type\" content=\"image\/jpeg\" \/>\n<meta name=\"author\" content=\"Jorge Mi\u00f1o\" \/>\n<meta name=\"twitter:card\" content=\"summary_large_image\" \/>\n<meta name=\"twitter:label1\" content=\"Escrito por\" \/>\n\t<meta name=\"twitter:data1\" content=\"Jorge Mi\u00f1o\" \/>\n\t<meta name=\"twitter:label2\" content=\"Tiempo de lectura\" \/>\n\t<meta name=\"twitter:data2\" content=\"5 minutos\" \/>\n<script type=\"application\/ld+json\" class=\"yoast-schema-graph\">{\"@context\":\"https:\/\/schema.org\",\"@graph\":[{\"@type\":\"Article\",\"@id\":\"https:\/\/radioinfinitagoya.com.ar\/v1\/2025\/07\/28\/el-oficialismo-negocia-con-los-gobernadores-para-blindar-el-veto\/#article\",\"isPartOf\":{\"@id\":\"https:\/\/radioinfinitagoya.com.ar\/v1\/2025\/07\/28\/el-oficialismo-negocia-con-los-gobernadores-para-blindar-el-veto\/\"},\"author\":{\"name\":\"Jorge Mi\u00f1o\",\"@id\":\"https:\/\/radioinfinitagoya.com.ar\/v1\/#\/schema\/person\/d4cf9c413d4f6edb24aabdccab49ca4a\"},\"headline\":\"El oficialismo negocia con los gobernadores para blindar el veto\",\"datePublished\":\"2025-07-28T19:20:20+00:00\",\"mainEntityOfPage\":{\"@id\":\"https:\/\/radioinfinitagoya.com.ar\/v1\/2025\/07\/28\/el-oficialismo-negocia-con-los-gobernadores-para-blindar-el-veto\/\"},\"wordCount\":1030,\"publisher\":{\"@id\":\"https:\/\/radioinfinitagoya.com.ar\/v1\/#organization\"},\"image\":{\"@id\":\"https:\/\/radioinfinitagoya.com.ar\/v1\/2025\/07\/28\/el-oficialismo-negocia-con-los-gobernadores-para-blindar-el-veto\/#primaryimage\"},\"thumbnailUrl\":\"https:\/\/radioinfinitagoya.com.ar\/v1\/wp-content\/uploads\/2025\/07\/MTvMwvpY.jpg\",\"articleSection\":[\"NACIONALES\"],\"inLanguage\":\"es-AR\"},{\"@type\":\"WebPage\",\"@id\":\"https:\/\/radioinfinitagoya.com.ar\/v1\/2025\/07\/28\/el-oficialismo-negocia-con-los-gobernadores-para-blindar-el-veto\/\",\"url\":\"https:\/\/radioinfinitagoya.com.ar\/v1\/2025\/07\/28\/el-oficialismo-negocia-con-los-gobernadores-para-blindar-el-veto\/\",\"name\":\"El oficialismo negocia con los gobernadores para blindar el veto - Radio Infinita Goya\",\"isPartOf\":{\"@id\":\"https:\/\/radioinfinitagoya.com.ar\/v1\/#website\"},\"primaryImageOfPage\":{\"@id\":\"https:\/\/radioinfinitagoya.com.ar\/v1\/2025\/07\/28\/el-oficialismo-negocia-con-los-gobernadores-para-blindar-el-veto\/#primaryimage\"},\"image\":{\"@id\":\"https:\/\/radioinfinitagoya.com.ar\/v1\/2025\/07\/28\/el-oficialismo-negocia-con-los-gobernadores-para-blindar-el-veto\/#primaryimage\"},\"thumbnailUrl\":\"https:\/\/radioinfinitagoya.com.ar\/v1\/wp-content\/uploads\/2025\/07\/MTvMwvpY.jpg\",\"datePublished\":\"2025-07-28T19:20:20+00:00\",\"description\":\"El presidente Milei tiene hasta el 4 de agosto para anular el aumento previsional y que este sea efectivo. Mientras tanto, el Congreso est\u00e1 de receso\",\"breadcrumb\":{\"@id\":\"https:\/\/radioinfinitagoya.com.ar\/v1\/2025\/07\/28\/el-oficialismo-negocia-con-los-gobernadores-para-blindar-el-veto\/#breadcrumb\"},\"inLanguage\":\"es-AR\",\"potentialAction\":[{\"@type\":\"ReadAction\",\"target\":[\"https:\/\/radioinfinitagoya.com.ar\/v1\/2025\/07\/28\/el-oficialismo-negocia-con-los-gobernadores-para-blindar-el-veto\/\"]}]},{\"@type\":\"ImageObject\",\"inLanguage\":\"es-AR\",\"@id\":\"https:\/\/radioinfinitagoya.com.ar\/v1\/2025\/07\/28\/el-oficialismo-negocia-con-los-gobernadores-para-blindar-el-veto\/#primaryimage\",\"url\":\"https:\/\/radioinfinitagoya.com.ar\/v1\/wp-content\/uploads\/2025\/07\/MTvMwvpY.jpg\",\"contentUrl\":\"https:\/\/radioinfinitagoya.com.ar\/v1\/wp-content\/uploads\/2025\/07\/MTvMwvpY.jpg\",\"width\":680,\"height\":454},{\"@type\":\"BreadcrumbList\",\"@id\":\"https:\/\/radioinfinitagoya.com.ar\/v1\/2025\/07\/28\/el-oficialismo-negocia-con-los-gobernadores-para-blindar-el-veto\/#breadcrumb\",\"itemListElement\":[{\"@type\":\"ListItem\",\"position\":1,\"name\":\"Inicio\",\"item\":\"https:\/\/radioinfinitagoya.com.ar\/v1\/\"},{\"@type\":\"ListItem\",\"position\":2,\"name\":\"El oficialismo negocia con los gobernadores para blindar el veto\"}]},{\"@type\":\"WebSite\",\"@id\":\"https:\/\/radioinfinitagoya.com.ar\/v1\/#website\",\"url\":\"https:\/\/radioinfinitagoya.com.ar\/v1\/\",\"name\":\"radioinfinitagoya.com.ar\",\"description\":\"Radio de noticias\",\"publisher\":{\"@id\":\"https:\/\/radioinfinitagoya.com.ar\/v1\/#organization\"},\"potentialAction\":[{\"@type\":\"SearchAction\",\"target\":{\"@type\":\"EntryPoint\",\"urlTemplate\":\"https:\/\/radioinfinitagoya.com.ar\/v1\/?s={search_term_string}\"},\"query-input\":{\"@type\":\"PropertyValueSpecification\",\"valueRequired\":true,\"valueName\":\"search_term_string\"}}],\"inLanguage\":\"es-AR\"},{\"@type\":\"Organization\",\"@id\":\"https:\/\/radioinfinitagoya.com.ar\/v1\/#organization\",\"name\":\"Radio Infinita Goya\",\"url\":\"https:\/\/radioinfinitagoya.com.ar\/v1\/\",\"logo\":{\"@type\":\"ImageObject\",\"inLanguage\":\"es-AR\",\"@id\":\"https:\/\/radioinfinitagoya.com.ar\/v1\/#\/schema\/logo\/image\/\",\"url\":\"https:\/\/radioinfinitagoya.com.ar\/v1\/wp-content\/uploads\/2019\/11\/logo-pie-web.png\",\"contentUrl\":\"https:\/\/radioinfinitagoya.com.ar\/v1\/wp-content\/uploads\/2019\/11\/logo-pie-web.png\",\"width\":635,\"height\":326,\"caption\":\"Radio Infinita Goya\"},\"image\":{\"@id\":\"https:\/\/radioinfinitagoya.com.ar\/v1\/#\/schema\/logo\/image\/\"},\"sameAs\":[\"https:\/\/www.facebook.com\/p\/Infinita-Goya-100063870918311\/\"]},{\"@type\":\"Person\",\"@id\":\"https:\/\/radioinfinitagoya.com.ar\/v1\/#\/schema\/person\/d4cf9c413d4f6edb24aabdccab49ca4a\",\"name\":\"Jorge Mi\u00f1o\",\"image\":{\"@type\":\"ImageObject\",\"inLanguage\":\"es-AR\",\"@id\":\"https:\/\/secure.gravatar.com\/avatar\/910fcf6728fe95320e07a6643c1581fec1c7fc4bf8ae12e3d8f0d0373dc844be?s=96&d=mm&r=g\",\"url\":\"https:\/\/secure.gravatar.com\/avatar\/910fcf6728fe95320e07a6643c1581fec1c7fc4bf8ae12e3d8f0d0373dc844be?s=96&d=mm&r=g\",\"contentUrl\":\"https:\/\/secure.gravatar.com\/avatar\/910fcf6728fe95320e07a6643c1581fec1c7fc4bf8ae12e3d8f0d0373dc844be?s=96&d=mm&r=g\",\"caption\":\"Jorge Mi\u00f1o\"},\"sameAs\":[\"http:\/\/radioinfinitagoya.com.ar\"]}]}<\/script>\n<!-- \/ Yoast SEO plugin. -->","yoast_head_json":{"title":"El oficialismo negocia con los gobernadores para blindar el veto - Radio Infinita Goya","description":"El presidente Milei tiene hasta el 4 de agosto para anular el aumento previsional y que este sea efectivo. Mientras tanto, el Congreso est\u00e1 de receso","robots":{"index":"index","follow":"follow","max-snippet":"max-snippet:-1","max-image-preview":"max-image-preview:large","max-video-preview":"max-video-preview:-1"},"canonical":"https:\/\/radioinfinitagoya.com.ar\/v1\/2025\/07\/28\/el-oficialismo-negocia-con-los-gobernadores-para-blindar-el-veto\/","og_locale":"es_ES","og_type":"article","og_title":"El oficialismo negocia con los gobernadores para blindar el veto - Radio Infinita Goya","og_description":"El presidente Milei tiene hasta el 4 de agosto para anular el aumento previsional y que este sea efectivo. Mientras tanto, el Congreso est\u00e1 de receso","og_url":"https:\/\/radioinfinitagoya.com.ar\/v1\/2025\/07\/28\/el-oficialismo-negocia-con-los-gobernadores-para-blindar-el-veto\/","og_site_name":"Radio Infinita Goya","article_publisher":"https:\/\/www.facebook.com\/p\/Infinita-Goya-100063870918311\/","article_published_time":"2025-07-28T19:20:20+00:00","og_image":[{"width":680,"height":454,"url":"https:\/\/radioinfinitagoya.com.ar\/v1\/wp-content\/uploads\/2025\/07\/MTvMwvpY.jpg","type":"image\/jpeg"}],"author":"Jorge Mi\u00f1o","twitter_card":"summary_large_image","twitter_misc":{"Escrito por":"Jorge Mi\u00f1o","Tiempo de lectura":"5 minutos"},"schema":{"@context":"https:\/\/schema.org","@graph":[{"@type":"Article","@id":"https:\/\/radioinfinitagoya.com.ar\/v1\/2025\/07\/28\/el-oficialismo-negocia-con-los-gobernadores-para-blindar-el-veto\/#article","isPartOf":{"@id":"https:\/\/radioinfinitagoya.com.ar\/v1\/2025\/07\/28\/el-oficialismo-negocia-con-los-gobernadores-para-blindar-el-veto\/"},"author":{"name":"Jorge Mi\u00f1o","@id":"https:\/\/radioinfinitagoya.com.ar\/v1\/#\/schema\/person\/d4cf9c413d4f6edb24aabdccab49ca4a"},"headline":"El oficialismo negocia con los gobernadores para blindar el veto","datePublished":"2025-07-28T19:20:20+00:00","mainEntityOfPage":{"@id":"https:\/\/radioinfinitagoya.com.ar\/v1\/2025\/07\/28\/el-oficialismo-negocia-con-los-gobernadores-para-blindar-el-veto\/"},"wordCount":1030,"publisher":{"@id":"https:\/\/radioinfinitagoya.com.ar\/v1\/#organization"},"image":{"@id":"https:\/\/radioinfinitagoya.com.ar\/v1\/2025\/07\/28\/el-oficialismo-negocia-con-los-gobernadores-para-blindar-el-veto\/#primaryimage"},"thumbnailUrl":"https:\/\/radioinfinitagoya.com.ar\/v1\/wp-content\/uploads\/2025\/07\/MTvMwvpY.jpg","articleSection":["NACIONALES"],"inLanguage":"es-AR"},{"@type":"WebPage","@id":"https:\/\/radioinfinitagoya.com.ar\/v1\/2025\/07\/28\/el-oficialismo-negocia-con-los-gobernadores-para-blindar-el-veto\/","url":"https:\/\/radioinfinitagoya.com.ar\/v1\/2025\/07\/28\/el-oficialismo-negocia-con-los-gobernadores-para-blindar-el-veto\/","name":"El oficialismo negocia con los gobernadores para blindar el veto - Radio Infinita Goya","isPartOf":{"@id":"https:\/\/radioinfinitagoya.com.ar\/v1\/#website"},"primaryImageOfPage":{"@id":"https:\/\/radioinfinitagoya.com.ar\/v1\/2025\/07\/28\/el-oficialismo-negocia-con-los-gobernadores-para-blindar-el-veto\/#primaryimage"},"image":{"@id":"https:\/\/radioinfinitagoya.com.ar\/v1\/2025\/07\/28\/el-oficialismo-negocia-con-los-gobernadores-para-blindar-el-veto\/#primaryimage"},"thumbnailUrl":"https:\/\/radioinfinitagoya.com.ar\/v1\/wp-content\/uploads\/2025\/07\/MTvMwvpY.jpg","datePublished":"2025-07-28T19:20:20+00:00","description":"El presidente Milei tiene hasta el 4 de agosto para anular el aumento previsional y que este sea efectivo. Mientras tanto, el Congreso est\u00e1 de receso","breadcrumb":{"@id":"https:\/\/radioinfinitagoya.com.ar\/v1\/2025\/07\/28\/el-oficialismo-negocia-con-los-gobernadores-para-blindar-el-veto\/#breadcrumb"},"inLanguage":"es-AR","potentialAction":[{"@type":"ReadAction","target":["https:\/\/radioinfinitagoya.com.ar\/v1\/2025\/07\/28\/el-oficialismo-negocia-con-los-gobernadores-para-blindar-el-veto\/"]}]},{"@type":"ImageObject","inLanguage":"es-AR","@id":"https:\/\/radioinfinitagoya.com.ar\/v1\/2025\/07\/28\/el-oficialismo-negocia-con-los-gobernadores-para-blindar-el-veto\/#primaryimage","url":"https:\/\/radioinfinitagoya.com.ar\/v1\/wp-content\/uploads\/2025\/07\/MTvMwvpY.jpg","contentUrl":"https:\/\/radioinfinitagoya.com.ar\/v1\/wp-content\/uploads\/2025\/07\/MTvMwvpY.jpg","width":680,"height":454},{"@type":"BreadcrumbList","@id":"https:\/\/radioinfinitagoya.com.ar\/v1\/2025\/07\/28\/el-oficialismo-negocia-con-los-gobernadores-para-blindar-el-veto\/#breadcrumb","itemListElement":[{"@type":"ListItem","position":1,"name":"Inicio","item":"https:\/\/radioinfinitagoya.com.ar\/v1\/"},{"@type":"ListItem","position":2,"name":"El oficialismo negocia con los gobernadores para blindar el veto"}]},{"@type":"WebSite","@id":"https:\/\/radioinfinitagoya.com.ar\/v1\/#website","url":"https:\/\/radioinfinitagoya.com.ar\/v1\/","name":"radioinfinitagoya.com.ar","description":"Radio de noticias","publisher":{"@id":"https:\/\/radioinfinitagoya.com.ar\/v1\/#organization"},"potentialAction":[{"@type":"SearchAction","target":{"@type":"EntryPoint","urlTemplate":"https:\/\/radioinfinitagoya.com.ar\/v1\/?s={search_term_string}"},"query-input":{"@type":"PropertyValueSpecification","valueRequired":true,"valueName":"search_term_string"}}],"inLanguage":"es-AR"},{"@type":"Organization","@id":"https:\/\/radioinfinitagoya.com.ar\/v1\/#organization","name":"Radio Infinita Goya","url":"https:\/\/radioinfinitagoya.com.ar\/v1\/","logo":{"@type":"ImageObject","inLanguage":"es-AR","@id":"https:\/\/radioinfinitagoya.com.ar\/v1\/#\/schema\/logo\/image\/","url":"https:\/\/radioinfinitagoya.com.ar\/v1\/wp-content\/uploads\/2019\/11\/logo-pie-web.png","contentUrl":"https:\/\/radioinfinitagoya.com.ar\/v1\/wp-content\/uploads\/2019\/11\/logo-pie-web.png","width":635,"height":326,"caption":"Radio Infinita Goya"},"image":{"@id":"https:\/\/radioinfinitagoya.com.ar\/v1\/#\/schema\/logo\/image\/"},"sameAs":["https:\/\/www.facebook.com\/p\/Infinita-Goya-100063870918311\/"]},{"@type":"Person","@id":"https:\/\/radioinfinitagoya.com.ar\/v1\/#\/schema\/person\/d4cf9c413d4f6edb24aabdccab49ca4a","name":"Jorge Mi\u00f1o","image":{"@type":"ImageObject","inLanguage":"es-AR","@id":"https:\/\/secure.gravatar.com\/avatar\/910fcf6728fe95320e07a6643c1581fec1c7fc4bf8ae12e3d8f0d0373dc844be?s=96&d=mm&r=g","url":"https:\/\/secure.gravatar.com\/avatar\/910fcf6728fe95320e07a6643c1581fec1c7fc4bf8ae12e3d8f0d0373dc844be?s=96&d=mm&r=g","contentUrl":"https:\/\/secure.gravatar.com\/avatar\/910fcf6728fe95320e07a6643c1581fec1c7fc4bf8ae12e3d8f0d0373dc844be?s=96&d=mm&r=g","caption":"Jorge Mi\u00f1o"},"sameAs":["http:\/\/radioinfinitagoya.com.ar"]}]}},"_links":{"self":[{"href":"https:\/\/radioinfinitagoya.com.ar\/v1\/wp-json\/wp\/v2\/posts\/193482","targetHints":{"allow":["GET"]}}],"collection":[{"href":"https:\/\/radioinfinitagoya.com.ar\/v1\/wp-json\/wp\/v2\/posts"}],"about":[{"href":"https:\/\/radioinfinitagoya.com.ar\/v1\/wp-json\/wp\/v2\/types\/post"}],"author":[{"embeddable":true,"href":"https:\/\/radioinfinitagoya.com.ar\/v1\/wp-json\/wp\/v2\/users\/4"}],"replies":[{"embeddable":true,"href":"https:\/\/radioinfinitagoya.com.ar\/v1\/wp-json\/wp\/v2\/comments?post=193482"}],"version-history":[{"count":0,"href":"https:\/\/radioinfinitagoya.com.ar\/v1\/wp-json\/wp\/v2\/posts\/193482\/revisions"}],"wp:featuredmedia":[{"embeddable":true,"href":"https:\/\/radioinfinitagoya.com.ar\/v1\/wp-json\/wp\/v2\/media\/193483"}],"wp:attachment":[{"href":"https:\/\/radioinfinitagoya.com.ar\/v1\/wp-json\/wp\/v2\/media?parent=193482"}],"wp:term":[{"taxonomy":"category","embeddable":true,"href":"https:\/\/radioinfinitagoya.com.ar\/v1\/wp-json\/wp\/v2\/categories?post=193482"},{"taxonomy":"post_tag","embeddable":true,"href":"https:\/\/radioinfinitagoya.com.ar\/v1\/wp-json\/wp\/v2\/tags?post=193482"}],"curies":[{"name":"wp","href":"https:\/\/api.w.org\/{rel}","templated":true}]}}