{"id":193485,"date":"2025-07-28T16:25:10","date_gmt":"2025-07-28T19:25:10","guid":{"rendered":"https:\/\/radioinfinitagoya.com.ar\/v1\/?p=193485"},"modified":"2025-07-28T16:26:55","modified_gmt":"2025-07-28T19:26:55","slug":"residencias-medicas-confirmaron-como-y-cuando-se-tomaran-de-nuevo-los-examenes","status":"publish","type":"post","link":"https:\/\/radioinfinitagoya.com.ar\/v1\/2025\/07\/28\/residencias-medicas-confirmaron-como-y-cuando-se-tomaran-de-nuevo-los-examenes\/","title":{"rendered":"Residencias m\u00e9dicas: c\u00f3mo y cu\u00e1ndo se tomar\u00e1n de nuevo los ex\u00e1menes"},"content":{"rendered":"<p>La decisi\u00f3n abarca a un total de 268 profesionales, entre extranjeros y argentinos, que sacaron m\u00e1s de 86 puntos, sobre un total de 100.<\/p>\n<p>El Gobierno, a trav\u00e9s del Ministerio de Salud de la Naci\u00f3n, confirm\u00f3 este lunes c\u00f3mo y cu\u00e1ndo llevar\u00e1n a cabo los ex\u00e1menes de residencias m\u00e9dicas los 268 postulantes, en su mayor\u00eda extranjeros, que sacaron m\u00e1s de 86 puntos sobre 100 posibles en la prueba tomada el 1\u00b0 de julio, resultado que encendi\u00f3 las alarmas oficiales, por un posible fraude en la evaluaci\u00f3n que nutre de personal al sistema de salud argentino.<\/p>\n<p>&#8220;Disp\u00f3nese la realizaci\u00f3n de una nueva instancia evaluativa destinada exclusivamente a los postulantes de medicina del Concurso Unificado de Residencias B\u00e1sicas y Articuladas del Equipo de Salud, que hayan obtenido una calificaci\u00f3n igual o superior a 86 puntos (sobre un total de 100 puntos) en el examen desarrollado el 1\u00b0 de julio de 2025\u201d, confirm\u00f3 el art\u00edculo 1\u00b0 de la Resoluci\u00f3n 2274\/2025 del Ministerio de Educaci\u00f3n, publicada en el Bolet\u00edn Oficial con la firma del ministro de Salud, Mario Lugones.<\/p>\n<p>Seg\u00fan se explic\u00f3 oficialmente, \u201cdel an\u00e1lisis efectuado en el informe t\u00e9cnico respecto de los resultados del examen, surgi\u00f3 un incremento estad\u00edsticamente an\u00f3malo del n\u00famero de postulantes con calificaciones superiores a 85, con un incremento proporcional del 33,6% respecto de convocatorias anteriores, y cuadruplicando el n\u00famero de calificaciones sobresalientes (mayor a 90 puntos sobre 100) en relaci\u00f3n con los resultados de los ex\u00e1menes del a\u00f1o 2024\u201d.<\/p>\n<p>Adem\u00e1s, el Gobierno detect\u00f3 en un informe t\u00e9cnico \u201cun an\u00f3malo y at\u00edpico aumento en el n\u00famero de calificaciones excepcionales (mayor a 90 puntos sobre 100) de los egresados de determinadas instituciones que en a\u00f1os previos no registraban desempe\u00f1os destacados\u201d.<\/p>\n<p>\u201cTales anomal\u00edas, resultan de tal envergadura como para considerar que podr\u00eda estar comprometida la transparencia y equidad del Examen realizado el 1 de julio de 2025\u201d, remarc\u00f3<\/p>\n<p>Por todo ello, \u201ca fin de resguardar el principio de igualdad de condiciones y asegurar que el proceso selectivo se desarrolle conforme a los m\u00e1s altos est\u00e1ndares de idoneidad\u201d, lleg\u00f3 a la conclusi\u00f3n de que \u201cresulta imprescindible fijar una nueva fecha para la realizaci\u00f3n del examen tendiente a despejar dudas sobre los resultados\u201d.<\/p>\n<p>En esa direcci\u00f3n, tambi\u00e9n resolvi\u00f3 que \u201ccorresponde establecer un mecanismo que no anule los resultados obtenidos, sino que los complementa de modo de lograr un orden de m\u00e9rito sincero y justo\u201d.<\/p>\n<p>El pasado jueves, cuando se hab\u00eda adelantado la medida, desde el Ministerio de Salud informaron precisaron que la medida &#8220;alcanza a 268 postulantes, de los cuales 149 poseen t\u00edtulos habilitantes de universidades extranjeras y 119, de universidades nacionales&#8221;.<\/p>\n<p>C\u00f3mo y cu\u00e1ndo llevar\u00e1n a cabo los ex\u00e1menes de residencias m\u00e9dicas<br \/>\nA trav\u00e9s de dos anexos que acompa\u00f1an el documento principal, el Ministerio de Salud indic\u00f3 c\u00f3mo y cu\u00e1ndo se llevar\u00e1n a cabo los nuevos ex\u00e1menes, que tendr\u00e1n una caracter\u00edstica especial.<\/p>\n<p>Es que un comit\u00e9 de expertos compuesto por representantes del Ministerio de Salud de la Naci\u00f3n, del Ministerio de Salud de la Ciudad Aut\u00f3noma de Buenos Aires y del Ministerio de Salud de la Provincia de Buenos Aires, evaluar\u00e1 la congruencia entre las trayectorias acad\u00e9micas de los postulantes y el resultado del examen \u00fanico de residencia.<\/p>\n<p>\u201cPara aquellos casos en que el comit\u00e9 considere que el m\u00e9dico aspirante posea alta congruencia acad\u00e9mica, se le ofrecer\u00e1 una evaluaci\u00f3n oral que confirme o modifique la nota obtenida en el examen del 01 de julio de 2025\u201d, expres\u00f3 el Anexo II. Esa instancia, ser\u00e1 bajo la modalidad presencial, aunque con posibilidades de rendirla virtualmente en casos justificados, ser\u00e1 el 4 y 5 de agosto.<\/p>\n<p>En cambio, los aspirantes que no hubieran optado por la evaluaci\u00f3n oral y aquellos que no hubieran obtenido la congruencia acad\u00e9mica, rendir\u00e1n un examen escrito, que consistir\u00e1 en una prueba de cien preguntas de \u201cmultiple choice\u201d con puntuaci\u00f3n de un punto cada una.<\/p>\n","protected":false},"excerpt":{"rendered":"<p>La decisi\u00f3n abarca a un total de 268 profesionales, entre extranjeros y argentinos, que sacaron m\u00e1s de 86 puntos, sobre un total de 100. El Gobierno, a trav\u00e9s del Ministerio de Salud de la Naci\u00f3n, confirm\u00f3 este lunes c\u00f3mo y cu\u00e1ndo llevar\u00e1n a cabo los ex\u00e1menes de residencias m\u00e9dicas los 268 postulantes, en su mayor\u00eda [&hellip;]<\/p>\n","protected":false},"author":4,"featured_media":193486,"comment_status":"closed","ping_status":"closed","sticky":false,"template":"","format":"standard","meta":{"_joinchat":[],"footnotes":""},"categories":[29],"tags":[],"class_list":{"0":"post-193485","1":"post","2":"type-post","3":"status-publish","4":"format-standard","5":"has-post-thumbnail","7":"category-nacionales"},"yoast_head":"<!-- This site is optimized with the Yoast SEO plugin v27.2 - https:\/\/yoast.com\/product\/yoast-seo-wordpress\/ -->\n<title>Residencias m\u00e9dicas: c\u00f3mo y cu\u00e1ndo se tomar\u00e1n de nuevo los ex\u00e1menes - Radio Infinita Goya<\/title>\n<meta name=\"description\" content=\"La decisi\u00f3n abarca a un total de 268 profesionales, entre extranjeros y argentinos, que sacaron m\u00e1s de 86 puntos, sobre un total de 100. El Gobierno, a\" \/>\n<meta name=\"robots\" content=\"index, follow, max-snippet:-1, max-image-preview:large, max-video-preview:-1\" \/>\n<link rel=\"canonical\" href=\"https:\/\/radioinfinitagoya.com.ar\/v1\/2025\/07\/28\/residencias-medicas-confirmaron-como-y-cuando-se-tomaran-de-nuevo-los-examenes\/\" \/>\n<meta property=\"og:locale\" content=\"es_ES\" \/>\n<meta property=\"og:type\" content=\"article\" \/>\n<meta property=\"og:title\" content=\"Residencias m\u00e9dicas: c\u00f3mo y cu\u00e1ndo se tomar\u00e1n de nuevo los ex\u00e1menes - Radio Infinita Goya\" \/>\n<meta property=\"og:description\" content=\"La decisi\u00f3n abarca a un total de 268 profesionales, entre extranjeros y argentinos, que sacaron m\u00e1s de 86 puntos, sobre un total de 100. El Gobierno, a\" \/>\n<meta property=\"og:url\" content=\"https:\/\/radioinfinitagoya.com.ar\/v1\/2025\/07\/28\/residencias-medicas-confirmaron-como-y-cuando-se-tomaran-de-nuevo-los-examenes\/\" \/>\n<meta property=\"og:site_name\" content=\"Radio Infinita Goya\" \/>\n<meta property=\"article:publisher\" content=\"https:\/\/www.facebook.com\/p\/Infinita-Goya-100063870918311\/\" \/>\n<meta property=\"article:published_time\" content=\"2025-07-28T19:25:10+00:00\" \/>\n<meta property=\"article:modified_time\" content=\"2025-07-28T19:26:55+00:00\" \/>\n<meta property=\"og:image\" content=\"https:\/\/radioinfinitagoya.com.ar\/v1\/wp-content\/uploads\/2025\/07\/Gw8qvvjWAAAlxc6.jpg\" \/>\n\t<meta property=\"og:image:width\" content=\"680\" \/>\n\t<meta property=\"og:image:height\" content=\"383\" \/>\n\t<meta property=\"og:image:type\" content=\"image\/jpeg\" \/>\n<meta name=\"author\" content=\"Jorge Mi\u00f1o\" \/>\n<meta name=\"twitter:card\" content=\"summary_large_image\" \/>\n<meta name=\"twitter:label1\" content=\"Escrito por\" \/>\n\t<meta name=\"twitter:data1\" content=\"Jorge Mi\u00f1o\" \/>\n\t<meta name=\"twitter:label2\" content=\"Tiempo de lectura\" \/>\n\t<meta name=\"twitter:data2\" content=\"4 minutos\" \/>\n<script type=\"application\/ld+json\" class=\"yoast-schema-graph\">{\"@context\":\"https:\/\/schema.org\",\"@graph\":[{\"@type\":\"Article\",\"@id\":\"https:\/\/radioinfinitagoya.com.ar\/v1\/2025\/07\/28\/residencias-medicas-confirmaron-como-y-cuando-se-tomaran-de-nuevo-los-examenes\/#article\",\"isPartOf\":{\"@id\":\"https:\/\/radioinfinitagoya.com.ar\/v1\/2025\/07\/28\/residencias-medicas-confirmaron-como-y-cuando-se-tomaran-de-nuevo-los-examenes\/\"},\"author\":{\"name\":\"Jorge Mi\u00f1o\",\"@id\":\"https:\/\/radioinfinitagoya.com.ar\/v1\/#\/schema\/person\/d4cf9c413d4f6edb24aabdccab49ca4a\"},\"headline\":\"Residencias m\u00e9dicas: c\u00f3mo y cu\u00e1ndo se tomar\u00e1n de nuevo los ex\u00e1menes\",\"datePublished\":\"2025-07-28T19:25:10+00:00\",\"dateModified\":\"2025-07-28T19:26:55+00:00\",\"mainEntityOfPage\":{\"@id\":\"https:\/\/radioinfinitagoya.com.ar\/v1\/2025\/07\/28\/residencias-medicas-confirmaron-como-y-cuando-se-tomaran-de-nuevo-los-examenes\/\"},\"wordCount\":691,\"publisher\":{\"@id\":\"https:\/\/radioinfinitagoya.com.ar\/v1\/#organization\"},\"image\":{\"@id\":\"https:\/\/radioinfinitagoya.com.ar\/v1\/2025\/07\/28\/residencias-medicas-confirmaron-como-y-cuando-se-tomaran-de-nuevo-los-examenes\/#primaryimage\"},\"thumbnailUrl\":\"https:\/\/radioinfinitagoya.com.ar\/v1\/wp-content\/uploads\/2025\/07\/Gw8qvvjWAAAlxc6.jpg\",\"articleSection\":[\"NACIONALES\"],\"inLanguage\":\"es-AR\"},{\"@type\":\"WebPage\",\"@id\":\"https:\/\/radioinfinitagoya.com.ar\/v1\/2025\/07\/28\/residencias-medicas-confirmaron-como-y-cuando-se-tomaran-de-nuevo-los-examenes\/\",\"url\":\"https:\/\/radioinfinitagoya.com.ar\/v1\/2025\/07\/28\/residencias-medicas-confirmaron-como-y-cuando-se-tomaran-de-nuevo-los-examenes\/\",\"name\":\"Residencias m\u00e9dicas: c\u00f3mo y cu\u00e1ndo se tomar\u00e1n de nuevo los ex\u00e1menes - Radio Infinita Goya\",\"isPartOf\":{\"@id\":\"https:\/\/radioinfinitagoya.com.ar\/v1\/#website\"},\"primaryImageOfPage\":{\"@id\":\"https:\/\/radioinfinitagoya.com.ar\/v1\/2025\/07\/28\/residencias-medicas-confirmaron-como-y-cuando-se-tomaran-de-nuevo-los-examenes\/#primaryimage\"},\"image\":{\"@id\":\"https:\/\/radioinfinitagoya.com.ar\/v1\/2025\/07\/28\/residencias-medicas-confirmaron-como-y-cuando-se-tomaran-de-nuevo-los-examenes\/#primaryimage\"},\"thumbnailUrl\":\"https:\/\/radioinfinitagoya.com.ar\/v1\/wp-content\/uploads\/2025\/07\/Gw8qvvjWAAAlxc6.jpg\",\"datePublished\":\"2025-07-28T19:25:10+00:00\",\"dateModified\":\"2025-07-28T19:26:55+00:00\",\"description\":\"La decisi\u00f3n abarca a un total de 268 profesionales, entre extranjeros y argentinos, que sacaron m\u00e1s de 86 puntos, sobre un total de 100. El Gobierno, a\",\"breadcrumb\":{\"@id\":\"https:\/\/radioinfinitagoya.com.ar\/v1\/2025\/07\/28\/residencias-medicas-confirmaron-como-y-cuando-se-tomaran-de-nuevo-los-examenes\/#breadcrumb\"},\"inLanguage\":\"es-AR\",\"potentialAction\":[{\"@type\":\"ReadAction\",\"target\":[\"https:\/\/radioinfinitagoya.com.ar\/v1\/2025\/07\/28\/residencias-medicas-confirmaron-como-y-cuando-se-tomaran-de-nuevo-los-examenes\/\"]}]},{\"@type\":\"ImageObject\",\"inLanguage\":\"es-AR\",\"@id\":\"https:\/\/radioinfinitagoya.com.ar\/v1\/2025\/07\/28\/residencias-medicas-confirmaron-como-y-cuando-se-tomaran-de-nuevo-los-examenes\/#primaryimage\",\"url\":\"https:\/\/radioinfinitagoya.com.ar\/v1\/wp-content\/uploads\/2025\/07\/Gw8qvvjWAAAlxc6.jpg\",\"contentUrl\":\"https:\/\/radioinfinitagoya.com.ar\/v1\/wp-content\/uploads\/2025\/07\/Gw8qvvjWAAAlxc6.jpg\",\"width\":680,\"height\":383},{\"@type\":\"BreadcrumbList\",\"@id\":\"https:\/\/radioinfinitagoya.com.ar\/v1\/2025\/07\/28\/residencias-medicas-confirmaron-como-y-cuando-se-tomaran-de-nuevo-los-examenes\/#breadcrumb\",\"itemListElement\":[{\"@type\":\"ListItem\",\"position\":1,\"name\":\"Inicio\",\"item\":\"https:\/\/radioinfinitagoya.com.ar\/v1\/\"},{\"@type\":\"ListItem\",\"position\":2,\"name\":\"Residencias m\u00e9dicas: c\u00f3mo y cu\u00e1ndo se tomar\u00e1n de nuevo los ex\u00e1menes\"}]},{\"@type\":\"WebSite\",\"@id\":\"https:\/\/radioinfinitagoya.com.ar\/v1\/#website\",\"url\":\"https:\/\/radioinfinitagoya.com.ar\/v1\/\",\"name\":\"radioinfinitagoya.com.ar\",\"description\":\"Radio de noticias\",\"publisher\":{\"@id\":\"https:\/\/radioinfinitagoya.com.ar\/v1\/#organization\"},\"potentialAction\":[{\"@type\":\"SearchAction\",\"target\":{\"@type\":\"EntryPoint\",\"urlTemplate\":\"https:\/\/radioinfinitagoya.com.ar\/v1\/?s={search_term_string}\"},\"query-input\":{\"@type\":\"PropertyValueSpecification\",\"valueRequired\":true,\"valueName\":\"search_term_string\"}}],\"inLanguage\":\"es-AR\"},{\"@type\":\"Organization\",\"@id\":\"https:\/\/radioinfinitagoya.com.ar\/v1\/#organization\",\"name\":\"Radio Infinita Goya\",\"url\":\"https:\/\/radioinfinitagoya.com.ar\/v1\/\",\"logo\":{\"@type\":\"ImageObject\",\"inLanguage\":\"es-AR\",\"@id\":\"https:\/\/radioinfinitagoya.com.ar\/v1\/#\/schema\/logo\/image\/\",\"url\":\"https:\/\/radioinfinitagoya.com.ar\/v1\/wp-content\/uploads\/2019\/11\/logo-pie-web.png\",\"contentUrl\":\"https:\/\/radioinfinitagoya.com.ar\/v1\/wp-content\/uploads\/2019\/11\/logo-pie-web.png\",\"width\":635,\"height\":326,\"caption\":\"Radio Infinita Goya\"},\"image\":{\"@id\":\"https:\/\/radioinfinitagoya.com.ar\/v1\/#\/schema\/logo\/image\/\"},\"sameAs\":[\"https:\/\/www.facebook.com\/p\/Infinita-Goya-100063870918311\/\"]},{\"@type\":\"Person\",\"@id\":\"https:\/\/radioinfinitagoya.com.ar\/v1\/#\/schema\/person\/d4cf9c413d4f6edb24aabdccab49ca4a\",\"name\":\"Jorge Mi\u00f1o\",\"image\":{\"@type\":\"ImageObject\",\"inLanguage\":\"es-AR\",\"@id\":\"https:\/\/secure.gravatar.com\/avatar\/910fcf6728fe95320e07a6643c1581fec1c7fc4bf8ae12e3d8f0d0373dc844be?s=96&d=mm&r=g\",\"url\":\"https:\/\/secure.gravatar.com\/avatar\/910fcf6728fe95320e07a6643c1581fec1c7fc4bf8ae12e3d8f0d0373dc844be?s=96&d=mm&r=g\",\"contentUrl\":\"https:\/\/secure.gravatar.com\/avatar\/910fcf6728fe95320e07a6643c1581fec1c7fc4bf8ae12e3d8f0d0373dc844be?s=96&d=mm&r=g\",\"caption\":\"Jorge Mi\u00f1o\"},\"sameAs\":[\"http:\/\/radioinfinitagoya.com.ar\"]}]}<\/script>\n<!-- \/ Yoast SEO plugin. -->","yoast_head_json":{"title":"Residencias m\u00e9dicas: c\u00f3mo y cu\u00e1ndo se tomar\u00e1n de nuevo los ex\u00e1menes - Radio Infinita Goya","description":"La decisi\u00f3n abarca a un total de 268 profesionales, entre extranjeros y argentinos, que sacaron m\u00e1s de 86 puntos, sobre un total de 100. El Gobierno, a","robots":{"index":"index","follow":"follow","max-snippet":"max-snippet:-1","max-image-preview":"max-image-preview:large","max-video-preview":"max-video-preview:-1"},"canonical":"https:\/\/radioinfinitagoya.com.ar\/v1\/2025\/07\/28\/residencias-medicas-confirmaron-como-y-cuando-se-tomaran-de-nuevo-los-examenes\/","og_locale":"es_ES","og_type":"article","og_title":"Residencias m\u00e9dicas: c\u00f3mo y cu\u00e1ndo se tomar\u00e1n de nuevo los ex\u00e1menes - Radio Infinita Goya","og_description":"La decisi\u00f3n abarca a un total de 268 profesionales, entre extranjeros y argentinos, que sacaron m\u00e1s de 86 puntos, sobre un total de 100. El Gobierno, a","og_url":"https:\/\/radioinfinitagoya.com.ar\/v1\/2025\/07\/28\/residencias-medicas-confirmaron-como-y-cuando-se-tomaran-de-nuevo-los-examenes\/","og_site_name":"Radio Infinita Goya","article_publisher":"https:\/\/www.facebook.com\/p\/Infinita-Goya-100063870918311\/","article_published_time":"2025-07-28T19:25:10+00:00","article_modified_time":"2025-07-28T19:26:55+00:00","og_image":[{"width":680,"height":383,"url":"https:\/\/radioinfinitagoya.com.ar\/v1\/wp-content\/uploads\/2025\/07\/Gw8qvvjWAAAlxc6.jpg","type":"image\/jpeg"}],"author":"Jorge Mi\u00f1o","twitter_card":"summary_large_image","twitter_misc":{"Escrito por":"Jorge Mi\u00f1o","Tiempo de lectura":"4 minutos"},"schema":{"@context":"https:\/\/schema.org","@graph":[{"@type":"Article","@id":"https:\/\/radioinfinitagoya.com.ar\/v1\/2025\/07\/28\/residencias-medicas-confirmaron-como-y-cuando-se-tomaran-de-nuevo-los-examenes\/#article","isPartOf":{"@id":"https:\/\/radioinfinitagoya.com.ar\/v1\/2025\/07\/28\/residencias-medicas-confirmaron-como-y-cuando-se-tomaran-de-nuevo-los-examenes\/"},"author":{"name":"Jorge Mi\u00f1o","@id":"https:\/\/radioinfinitagoya.com.ar\/v1\/#\/schema\/person\/d4cf9c413d4f6edb24aabdccab49ca4a"},"headline":"Residencias m\u00e9dicas: c\u00f3mo y cu\u00e1ndo se tomar\u00e1n de nuevo los ex\u00e1menes","datePublished":"2025-07-28T19:25:10+00:00","dateModified":"2025-07-28T19:26:55+00:00","mainEntityOfPage":{"@id":"https:\/\/radioinfinitagoya.com.ar\/v1\/2025\/07\/28\/residencias-medicas-confirmaron-como-y-cuando-se-tomaran-de-nuevo-los-examenes\/"},"wordCount":691,"publisher":{"@id":"https:\/\/radioinfinitagoya.com.ar\/v1\/#organization"},"image":{"@id":"https:\/\/radioinfinitagoya.com.ar\/v1\/2025\/07\/28\/residencias-medicas-confirmaron-como-y-cuando-se-tomaran-de-nuevo-los-examenes\/#primaryimage"},"thumbnailUrl":"https:\/\/radioinfinitagoya.com.ar\/v1\/wp-content\/uploads\/2025\/07\/Gw8qvvjWAAAlxc6.jpg","articleSection":["NACIONALES"],"inLanguage":"es-AR"},{"@type":"WebPage","@id":"https:\/\/radioinfinitagoya.com.ar\/v1\/2025\/07\/28\/residencias-medicas-confirmaron-como-y-cuando-se-tomaran-de-nuevo-los-examenes\/","url":"https:\/\/radioinfinitagoya.com.ar\/v1\/2025\/07\/28\/residencias-medicas-confirmaron-como-y-cuando-se-tomaran-de-nuevo-los-examenes\/","name":"Residencias m\u00e9dicas: c\u00f3mo y cu\u00e1ndo se tomar\u00e1n de nuevo los ex\u00e1menes - Radio Infinita Goya","isPartOf":{"@id":"https:\/\/radioinfinitagoya.com.ar\/v1\/#website"},"primaryImageOfPage":{"@id":"https:\/\/radioinfinitagoya.com.ar\/v1\/2025\/07\/28\/residencias-medicas-confirmaron-como-y-cuando-se-tomaran-de-nuevo-los-examenes\/#primaryimage"},"image":{"@id":"https:\/\/radioinfinitagoya.com.ar\/v1\/2025\/07\/28\/residencias-medicas-confirmaron-como-y-cuando-se-tomaran-de-nuevo-los-examenes\/#primaryimage"},"thumbnailUrl":"https:\/\/radioinfinitagoya.com.ar\/v1\/wp-content\/uploads\/2025\/07\/Gw8qvvjWAAAlxc6.jpg","datePublished":"2025-07-28T19:25:10+00:00","dateModified":"2025-07-28T19:26:55+00:00","description":"La decisi\u00f3n abarca a un total de 268 profesionales, entre extranjeros y argentinos, que sacaron m\u00e1s de 86 puntos, sobre un total de 100. El Gobierno, a","breadcrumb":{"@id":"https:\/\/radioinfinitagoya.com.ar\/v1\/2025\/07\/28\/residencias-medicas-confirmaron-como-y-cuando-se-tomaran-de-nuevo-los-examenes\/#breadcrumb"},"inLanguage":"es-AR","potentialAction":[{"@type":"ReadAction","target":["https:\/\/radioinfinitagoya.com.ar\/v1\/2025\/07\/28\/residencias-medicas-confirmaron-como-y-cuando-se-tomaran-de-nuevo-los-examenes\/"]}]},{"@type":"ImageObject","inLanguage":"es-AR","@id":"https:\/\/radioinfinitagoya.com.ar\/v1\/2025\/07\/28\/residencias-medicas-confirmaron-como-y-cuando-se-tomaran-de-nuevo-los-examenes\/#primaryimage","url":"https:\/\/radioinfinitagoya.com.ar\/v1\/wp-content\/uploads\/2025\/07\/Gw8qvvjWAAAlxc6.jpg","contentUrl":"https:\/\/radioinfinitagoya.com.ar\/v1\/wp-content\/uploads\/2025\/07\/Gw8qvvjWAAAlxc6.jpg","width":680,"height":383},{"@type":"BreadcrumbList","@id":"https:\/\/radioinfinitagoya.com.ar\/v1\/2025\/07\/28\/residencias-medicas-confirmaron-como-y-cuando-se-tomaran-de-nuevo-los-examenes\/#breadcrumb","itemListElement":[{"@type":"ListItem","position":1,"name":"Inicio","item":"https:\/\/radioinfinitagoya.com.ar\/v1\/"},{"@type":"ListItem","position":2,"name":"Residencias m\u00e9dicas: c\u00f3mo y cu\u00e1ndo se tomar\u00e1n de nuevo los ex\u00e1menes"}]},{"@type":"WebSite","@id":"https:\/\/radioinfinitagoya.com.ar\/v1\/#website","url":"https:\/\/radioinfinitagoya.com.ar\/v1\/","name":"radioinfinitagoya.com.ar","description":"Radio de noticias","publisher":{"@id":"https:\/\/radioinfinitagoya.com.ar\/v1\/#organization"},"potentialAction":[{"@type":"SearchAction","target":{"@type":"EntryPoint","urlTemplate":"https:\/\/radioinfinitagoya.com.ar\/v1\/?s={search_term_string}"},"query-input":{"@type":"PropertyValueSpecification","valueRequired":true,"valueName":"search_term_string"}}],"inLanguage":"es-AR"},{"@type":"Organization","@id":"https:\/\/radioinfinitagoya.com.ar\/v1\/#organization","name":"Radio Infinita Goya","url":"https:\/\/radioinfinitagoya.com.ar\/v1\/","logo":{"@type":"ImageObject","inLanguage":"es-AR","@id":"https:\/\/radioinfinitagoya.com.ar\/v1\/#\/schema\/logo\/image\/","url":"https:\/\/radioinfinitagoya.com.ar\/v1\/wp-content\/uploads\/2019\/11\/logo-pie-web.png","contentUrl":"https:\/\/radioinfinitagoya.com.ar\/v1\/wp-content\/uploads\/2019\/11\/logo-pie-web.png","width":635,"height":326,"caption":"Radio Infinita Goya"},"image":{"@id":"https:\/\/radioinfinitagoya.com.ar\/v1\/#\/schema\/logo\/image\/"},"sameAs":["https:\/\/www.facebook.com\/p\/Infinita-Goya-100063870918311\/"]},{"@type":"Person","@id":"https:\/\/radioinfinitagoya.com.ar\/v1\/#\/schema\/person\/d4cf9c413d4f6edb24aabdccab49ca4a","name":"Jorge Mi\u00f1o","image":{"@type":"ImageObject","inLanguage":"es-AR","@id":"https:\/\/secure.gravatar.com\/avatar\/910fcf6728fe95320e07a6643c1581fec1c7fc4bf8ae12e3d8f0d0373dc844be?s=96&d=mm&r=g","url":"https:\/\/secure.gravatar.com\/avatar\/910fcf6728fe95320e07a6643c1581fec1c7fc4bf8ae12e3d8f0d0373dc844be?s=96&d=mm&r=g","contentUrl":"https:\/\/secure.gravatar.com\/avatar\/910fcf6728fe95320e07a6643c1581fec1c7fc4bf8ae12e3d8f0d0373dc844be?s=96&d=mm&r=g","caption":"Jorge Mi\u00f1o"},"sameAs":["http:\/\/radioinfinitagoya.com.ar"]}]}},"_links":{"self":[{"href":"https:\/\/radioinfinitagoya.com.ar\/v1\/wp-json\/wp\/v2\/posts\/193485","targetHints":{"allow":["GET"]}}],"collection":[{"href":"https:\/\/radioinfinitagoya.com.ar\/v1\/wp-json\/wp\/v2\/posts"}],"about":[{"href":"https:\/\/radioinfinitagoya.com.ar\/v1\/wp-json\/wp\/v2\/types\/post"}],"author":[{"embeddable":true,"href":"https:\/\/radioinfinitagoya.com.ar\/v1\/wp-json\/wp\/v2\/users\/4"}],"replies":[{"embeddable":true,"href":"https:\/\/radioinfinitagoya.com.ar\/v1\/wp-json\/wp\/v2\/comments?post=193485"}],"version-history":[{"count":0,"href":"https:\/\/radioinfinitagoya.com.ar\/v1\/wp-json\/wp\/v2\/posts\/193485\/revisions"}],"wp:featuredmedia":[{"embeddable":true,"href":"https:\/\/radioinfinitagoya.com.ar\/v1\/wp-json\/wp\/v2\/media\/193486"}],"wp:attachment":[{"href":"https:\/\/radioinfinitagoya.com.ar\/v1\/wp-json\/wp\/v2\/media?parent=193485"}],"wp:term":[{"taxonomy":"category","embeddable":true,"href":"https:\/\/radioinfinitagoya.com.ar\/v1\/wp-json\/wp\/v2\/categories?post=193485"},{"taxonomy":"post_tag","embeddable":true,"href":"https:\/\/radioinfinitagoya.com.ar\/v1\/wp-json\/wp\/v2\/tags?post=193485"}],"curies":[{"name":"wp","href":"https:\/\/api.w.org\/{rel}","templated":true}]}}