{"id":193489,"date":"2025-07-28T16:29:11","date_gmt":"2025-07-28T19:29:11","guid":{"rendered":"https:\/\/radioinfinitagoya.com.ar\/v1\/?p=193489"},"modified":"2025-07-28T16:29:11","modified_gmt":"2025-07-28T19:29:11","slug":"murio-a-los-47-anos-alejandra-locomotora-oliveras-campeona-mundial-e-icono-del-boxeo-argentino","status":"publish","type":"post","link":"https:\/\/radioinfinitagoya.com.ar\/v1\/2025\/07\/28\/murio-a-los-47-anos-alejandra-locomotora-oliveras-campeona-mundial-e-icono-del-boxeo-argentino\/","title":{"rendered":"Muri\u00f3 a los 47 a\u00f1os Alejandra \u201cLocomotora\u201d Oliveras, campeona mundial e \u00edcono del boxeo argentino"},"content":{"rendered":"<p>La juje\u00f1a hab\u00eda sufrido un ACV y permanec\u00eda internada hace dos semanas en el hospital Jos\u00e9 Mar\u00eda Cullen de Santa Fe. Tras su retiro deportivo, se hab\u00eda destacado como influencer y tambi\u00e9n hab\u00eda incursionado en la pol\u00edtica.<\/p>\n<p>Este lunes muri\u00f3 Alejandra \u201cLocomotora\u201d Oliveras, figura destacada del boxeo argentino. Ten\u00eda 47 a\u00f1os y el lunes hab\u00eda sufrido un ACV, por el que hab\u00eda quedado internada en terapia intensiva del hospital Jos\u00e9 Mar\u00eda Cullen de Santa Fe.<\/p>\n<p>Nacida en Jujuy, Oliveras fue uno de los nombres m\u00e1s importantes del boxeo femenino argentino. Campeona mundial en seis ocasiones, durante su carrera deportiva protagoniz\u00f3 38 peleas y logr\u00f3 un r\u00e9cord de 33 victorias, tres derrotas y dos empates.<\/p>\n<p>\u201cYo les gan\u00e9 a las mejores. Las quiero y las respeto a las boxeadoras argentinas, pero la mejor soy yo\u201d, hab\u00eda dicho tiempo atr\u00e1s en una entrevista con TN.<\/p>\n<p>Sus comienzos en el boxeo hab\u00edan sido en C\u00f3rdoba, provincia a la que se hab\u00eda mudado con su familia de chiquita. Ten\u00eda 20 a\u00f1os y ya era mam\u00e1 de dos varones. Antes de ir a un gimnasio a entrenar, hab\u00eda participado de una pelea improvisada en una plaza de su barrio.<\/p>\n<p>Sobre aquel episodio, relataba: \u201cMe acuerdo de que preguntaron qui\u00e9n quer\u00eda boxear y una chica levant\u00f3 la mano. El \u00e1rbitro fue el carnicero del pueblo. Hubo ring, hubo guantes, hubo apuestas. Y me sent\u00ed boxeadora\u201c.<\/p>\n<p>La victoria m\u00e1s importante de su carrera fue el 20 de mayo de 2006 ante la mexicana Jackie Nava en Tijuana. Aquel d\u00eda se impuso por nocaut y consigui\u00f3 el primer triunfo para una boxeadora argentina en el exterior.<\/p>\n<p>Sin embargo, su derrota m\u00e1s dolorosa, y la que nunca pudo superar, fue en territorio nacional ante Marcela \u201cLa Tigresa\u201d Acu\u00f1a. Aquel combate en 2008 en el Luna Park fue ic\u00f3nico para el boxeo femenino.<\/p>\n<p>Tras su retiro como profesional en 2017, \u201cLocomotora\u201d se convirti\u00f3 en una influencer que, a trav\u00e9s de sus videos de ejercicios y frases motivacionales, conquist\u00f3 el coraz\u00f3n de cientos de miles de seguidores. En su faceta art\u00edstica tambi\u00e9n tuvo un paso la televisi\u00f3n con su participaci\u00f3n en Bailando por un Sue\u00f1o 2007.<\/p>\n<p>En los \u00faltimos tiempos, ya radicada en la provincia de Santa Fe, se hab\u00eda vinculado fuertemente con la pol\u00edtica. En 2021 hab\u00eda sido candidata a diputada nacional. Y en 2024 fue nombrada por la ministra Patricia Bullrich dentro de la Direcci\u00f3n Nacional de Seguridad en Eventos Deportivos, que depende del Ministerio de Seguridad.<\/p>\n<p>Adem\u00e1s, hab\u00eda sido electa por la lista Frente de la Esperanza para integrar la convenci\u00f3n para la reforma de la Constituci\u00f3n de Santa Fe, que empez\u00f3 a sesionar el lunes 14 de julio. Ese mismo d\u00eda, Alejandra tuvo el ACV.<\/p>\n<p>Due\u00f1a de un gran carisma y de una personalidad arrolladora, tuvo un duro camino: naci\u00f3 en la pobreza, fue mam\u00e1 adolescente, sufri\u00f3 violencia de g\u00e9nero y el boxeo le permiti\u00f3 conseguir un mejor pasar.<\/p>\n<p>Tiempo atr\u00e1s, en una entrevista con TN, Alejandra dijo que no entend\u00eda por qu\u00e9 ninguna plataforma de contenidos se hab\u00eda interesado en hacer una serie o pel\u00edcula de su vida. \u201cSer\u00eda una historia espectacular. Soy una Rocky mujer, pero de verdad\u201d, afirmaba.<\/p>\n","protected":false},"excerpt":{"rendered":"<p>La juje\u00f1a hab\u00eda sufrido un ACV y permanec\u00eda internada hace dos semanas en el hospital Jos\u00e9 Mar\u00eda Cullen de Santa Fe. Tras su retiro deportivo, se hab\u00eda destacado como influencer y tambi\u00e9n hab\u00eda incursionado en la pol\u00edtica. Este lunes muri\u00f3 Alejandra \u201cLocomotora\u201d Oliveras, figura destacada del boxeo argentino. Ten\u00eda 47 a\u00f1os y el lunes hab\u00eda [&hellip;]<\/p>\n","protected":false},"author":4,"featured_media":193490,"comment_status":"closed","ping_status":"closed","sticky":false,"template":"","format":"standard","meta":{"_joinchat":[],"footnotes":""},"categories":[31],"tags":[],"class_list":{"0":"post-193489","1":"post","2":"type-post","3":"status-publish","4":"format-standard","5":"has-post-thumbnail","7":"category-informacion-general"},"yoast_head":"<!-- This site is optimized with the Yoast SEO plugin v27.2 - https:\/\/yoast.com\/product\/yoast-seo-wordpress\/ -->\n<title>Muri\u00f3 a los 47 a\u00f1os Alejandra \u201cLocomotora\u201d Oliveras, campeona mundial e \u00edcono del boxeo argentino - Radio Infinita Goya<\/title>\n<meta name=\"description\" content=\"La juje\u00f1a hab\u00eda sufrido un ACV y permanec\u00eda internada hace dos semanas en el hospital Jos\u00e9 Mar\u00eda Cullen de Santa Fe. Tras su retiro deportivo, se hab\u00eda\" \/>\n<meta name=\"robots\" content=\"index, follow, max-snippet:-1, max-image-preview:large, max-video-preview:-1\" \/>\n<link rel=\"canonical\" href=\"https:\/\/radioinfinitagoya.com.ar\/v1\/2025\/07\/28\/murio-a-los-47-anos-alejandra-locomotora-oliveras-campeona-mundial-e-icono-del-boxeo-argentino\/\" \/>\n<meta property=\"og:locale\" content=\"es_ES\" \/>\n<meta property=\"og:type\" content=\"article\" \/>\n<meta property=\"og:title\" content=\"Muri\u00f3 a los 47 a\u00f1os Alejandra \u201cLocomotora\u201d Oliveras, campeona mundial e \u00edcono del boxeo argentino - Radio Infinita Goya\" \/>\n<meta property=\"og:description\" content=\"La juje\u00f1a hab\u00eda sufrido un ACV y permanec\u00eda internada hace dos semanas en el hospital Jos\u00e9 Mar\u00eda Cullen de Santa Fe. Tras su retiro deportivo, se hab\u00eda\" \/>\n<meta property=\"og:url\" content=\"https:\/\/radioinfinitagoya.com.ar\/v1\/2025\/07\/28\/murio-a-los-47-anos-alejandra-locomotora-oliveras-campeona-mundial-e-icono-del-boxeo-argentino\/\" \/>\n<meta property=\"og:site_name\" content=\"Radio Infinita Goya\" \/>\n<meta property=\"article:publisher\" content=\"https:\/\/www.facebook.com\/p\/Infinita-Goya-100063870918311\/\" \/>\n<meta property=\"article:published_time\" content=\"2025-07-28T19:29:11+00:00\" \/>\n<meta property=\"og:image\" content=\"https:\/\/radioinfinitagoya.com.ar\/v1\/wp-content\/uploads\/2025\/07\/Gwzx6E3WAAABZUe.jpg\" \/>\n\t<meta property=\"og:image:width\" content=\"680\" \/>\n\t<meta property=\"og:image:height\" content=\"383\" \/>\n\t<meta property=\"og:image:type\" content=\"image\/jpeg\" \/>\n<meta name=\"author\" content=\"Jorge Mi\u00f1o\" \/>\n<meta name=\"twitter:card\" content=\"summary_large_image\" \/>\n<meta name=\"twitter:label1\" content=\"Escrito por\" \/>\n\t<meta name=\"twitter:data1\" content=\"Jorge Mi\u00f1o\" \/>\n\t<meta name=\"twitter:label2\" content=\"Tiempo de lectura\" \/>\n\t<meta name=\"twitter:data2\" content=\"3 minutos\" \/>\n<script type=\"application\/ld+json\" class=\"yoast-schema-graph\">{\"@context\":\"https:\/\/schema.org\",\"@graph\":[{\"@type\":\"Article\",\"@id\":\"https:\/\/radioinfinitagoya.com.ar\/v1\/2025\/07\/28\/murio-a-los-47-anos-alejandra-locomotora-oliveras-campeona-mundial-e-icono-del-boxeo-argentino\/#article\",\"isPartOf\":{\"@id\":\"https:\/\/radioinfinitagoya.com.ar\/v1\/2025\/07\/28\/murio-a-los-47-anos-alejandra-locomotora-oliveras-campeona-mundial-e-icono-del-boxeo-argentino\/\"},\"author\":{\"name\":\"Jorge Mi\u00f1o\",\"@id\":\"https:\/\/radioinfinitagoya.com.ar\/v1\/#\/schema\/person\/d4cf9c413d4f6edb24aabdccab49ca4a\"},\"headline\":\"Muri\u00f3 a los 47 a\u00f1os Alejandra \u201cLocomotora\u201d Oliveras, campeona mundial e \u00edcono del boxeo argentino\",\"datePublished\":\"2025-07-28T19:29:11+00:00\",\"mainEntityOfPage\":{\"@id\":\"https:\/\/radioinfinitagoya.com.ar\/v1\/2025\/07\/28\/murio-a-los-47-anos-alejandra-locomotora-oliveras-campeona-mundial-e-icono-del-boxeo-argentino\/\"},\"wordCount\":580,\"publisher\":{\"@id\":\"https:\/\/radioinfinitagoya.com.ar\/v1\/#organization\"},\"image\":{\"@id\":\"https:\/\/radioinfinitagoya.com.ar\/v1\/2025\/07\/28\/murio-a-los-47-anos-alejandra-locomotora-oliveras-campeona-mundial-e-icono-del-boxeo-argentino\/#primaryimage\"},\"thumbnailUrl\":\"https:\/\/radioinfinitagoya.com.ar\/v1\/wp-content\/uploads\/2025\/07\/Gwzx6E3WAAABZUe.jpg\",\"articleSection\":[\"INFORMACI\u00d3N GENERAL\"],\"inLanguage\":\"es-AR\"},{\"@type\":\"WebPage\",\"@id\":\"https:\/\/radioinfinitagoya.com.ar\/v1\/2025\/07\/28\/murio-a-los-47-anos-alejandra-locomotora-oliveras-campeona-mundial-e-icono-del-boxeo-argentino\/\",\"url\":\"https:\/\/radioinfinitagoya.com.ar\/v1\/2025\/07\/28\/murio-a-los-47-anos-alejandra-locomotora-oliveras-campeona-mundial-e-icono-del-boxeo-argentino\/\",\"name\":\"Muri\u00f3 a los 47 a\u00f1os Alejandra \u201cLocomotora\u201d Oliveras, campeona mundial e \u00edcono del boxeo argentino - Radio Infinita Goya\",\"isPartOf\":{\"@id\":\"https:\/\/radioinfinitagoya.com.ar\/v1\/#website\"},\"primaryImageOfPage\":{\"@id\":\"https:\/\/radioinfinitagoya.com.ar\/v1\/2025\/07\/28\/murio-a-los-47-anos-alejandra-locomotora-oliveras-campeona-mundial-e-icono-del-boxeo-argentino\/#primaryimage\"},\"image\":{\"@id\":\"https:\/\/radioinfinitagoya.com.ar\/v1\/2025\/07\/28\/murio-a-los-47-anos-alejandra-locomotora-oliveras-campeona-mundial-e-icono-del-boxeo-argentino\/#primaryimage\"},\"thumbnailUrl\":\"https:\/\/radioinfinitagoya.com.ar\/v1\/wp-content\/uploads\/2025\/07\/Gwzx6E3WAAABZUe.jpg\",\"datePublished\":\"2025-07-28T19:29:11+00:00\",\"description\":\"La juje\u00f1a hab\u00eda sufrido un ACV y permanec\u00eda internada hace dos semanas en el hospital Jos\u00e9 Mar\u00eda Cullen de Santa Fe. Tras su retiro deportivo, se hab\u00eda\",\"breadcrumb\":{\"@id\":\"https:\/\/radioinfinitagoya.com.ar\/v1\/2025\/07\/28\/murio-a-los-47-anos-alejandra-locomotora-oliveras-campeona-mundial-e-icono-del-boxeo-argentino\/#breadcrumb\"},\"inLanguage\":\"es-AR\",\"potentialAction\":[{\"@type\":\"ReadAction\",\"target\":[\"https:\/\/radioinfinitagoya.com.ar\/v1\/2025\/07\/28\/murio-a-los-47-anos-alejandra-locomotora-oliveras-campeona-mundial-e-icono-del-boxeo-argentino\/\"]}]},{\"@type\":\"ImageObject\",\"inLanguage\":\"es-AR\",\"@id\":\"https:\/\/radioinfinitagoya.com.ar\/v1\/2025\/07\/28\/murio-a-los-47-anos-alejandra-locomotora-oliveras-campeona-mundial-e-icono-del-boxeo-argentino\/#primaryimage\",\"url\":\"https:\/\/radioinfinitagoya.com.ar\/v1\/wp-content\/uploads\/2025\/07\/Gwzx6E3WAAABZUe.jpg\",\"contentUrl\":\"https:\/\/radioinfinitagoya.com.ar\/v1\/wp-content\/uploads\/2025\/07\/Gwzx6E3WAAABZUe.jpg\",\"width\":680,\"height\":383},{\"@type\":\"BreadcrumbList\",\"@id\":\"https:\/\/radioinfinitagoya.com.ar\/v1\/2025\/07\/28\/murio-a-los-47-anos-alejandra-locomotora-oliveras-campeona-mundial-e-icono-del-boxeo-argentino\/#breadcrumb\",\"itemListElement\":[{\"@type\":\"ListItem\",\"position\":1,\"name\":\"Inicio\",\"item\":\"https:\/\/radioinfinitagoya.com.ar\/v1\/\"},{\"@type\":\"ListItem\",\"position\":2,\"name\":\"Muri\u00f3 a los 47 a\u00f1os Alejandra \u201cLocomotora\u201d Oliveras, campeona mundial e \u00edcono del boxeo argentino\"}]},{\"@type\":\"WebSite\",\"@id\":\"https:\/\/radioinfinitagoya.com.ar\/v1\/#website\",\"url\":\"https:\/\/radioinfinitagoya.com.ar\/v1\/\",\"name\":\"radioinfinitagoya.com.ar\",\"description\":\"Radio de noticias\",\"publisher\":{\"@id\":\"https:\/\/radioinfinitagoya.com.ar\/v1\/#organization\"},\"potentialAction\":[{\"@type\":\"SearchAction\",\"target\":{\"@type\":\"EntryPoint\",\"urlTemplate\":\"https:\/\/radioinfinitagoya.com.ar\/v1\/?s={search_term_string}\"},\"query-input\":{\"@type\":\"PropertyValueSpecification\",\"valueRequired\":true,\"valueName\":\"search_term_string\"}}],\"inLanguage\":\"es-AR\"},{\"@type\":\"Organization\",\"@id\":\"https:\/\/radioinfinitagoya.com.ar\/v1\/#organization\",\"name\":\"Radio Infinita Goya\",\"url\":\"https:\/\/radioinfinitagoya.com.ar\/v1\/\",\"logo\":{\"@type\":\"ImageObject\",\"inLanguage\":\"es-AR\",\"@id\":\"https:\/\/radioinfinitagoya.com.ar\/v1\/#\/schema\/logo\/image\/\",\"url\":\"https:\/\/radioinfinitagoya.com.ar\/v1\/wp-content\/uploads\/2019\/11\/logo-pie-web.png\",\"contentUrl\":\"https:\/\/radioinfinitagoya.com.ar\/v1\/wp-content\/uploads\/2019\/11\/logo-pie-web.png\",\"width\":635,\"height\":326,\"caption\":\"Radio Infinita Goya\"},\"image\":{\"@id\":\"https:\/\/radioinfinitagoya.com.ar\/v1\/#\/schema\/logo\/image\/\"},\"sameAs\":[\"https:\/\/www.facebook.com\/p\/Infinita-Goya-100063870918311\/\"]},{\"@type\":\"Person\",\"@id\":\"https:\/\/radioinfinitagoya.com.ar\/v1\/#\/schema\/person\/d4cf9c413d4f6edb24aabdccab49ca4a\",\"name\":\"Jorge Mi\u00f1o\",\"image\":{\"@type\":\"ImageObject\",\"inLanguage\":\"es-AR\",\"@id\":\"https:\/\/secure.gravatar.com\/avatar\/910fcf6728fe95320e07a6643c1581fec1c7fc4bf8ae12e3d8f0d0373dc844be?s=96&d=mm&r=g\",\"url\":\"https:\/\/secure.gravatar.com\/avatar\/910fcf6728fe95320e07a6643c1581fec1c7fc4bf8ae12e3d8f0d0373dc844be?s=96&d=mm&r=g\",\"contentUrl\":\"https:\/\/secure.gravatar.com\/avatar\/910fcf6728fe95320e07a6643c1581fec1c7fc4bf8ae12e3d8f0d0373dc844be?s=96&d=mm&r=g\",\"caption\":\"Jorge Mi\u00f1o\"},\"sameAs\":[\"http:\/\/radioinfinitagoya.com.ar\"]}]}<\/script>\n<!-- \/ Yoast SEO plugin. -->","yoast_head_json":{"title":"Muri\u00f3 a los 47 a\u00f1os Alejandra \u201cLocomotora\u201d Oliveras, campeona mundial e \u00edcono del boxeo argentino - Radio Infinita Goya","description":"La juje\u00f1a hab\u00eda sufrido un ACV y permanec\u00eda internada hace dos semanas en el hospital Jos\u00e9 Mar\u00eda Cullen de Santa Fe. Tras su retiro deportivo, se hab\u00eda","robots":{"index":"index","follow":"follow","max-snippet":"max-snippet:-1","max-image-preview":"max-image-preview:large","max-video-preview":"max-video-preview:-1"},"canonical":"https:\/\/radioinfinitagoya.com.ar\/v1\/2025\/07\/28\/murio-a-los-47-anos-alejandra-locomotora-oliveras-campeona-mundial-e-icono-del-boxeo-argentino\/","og_locale":"es_ES","og_type":"article","og_title":"Muri\u00f3 a los 47 a\u00f1os Alejandra \u201cLocomotora\u201d Oliveras, campeona mundial e \u00edcono del boxeo argentino - Radio Infinita Goya","og_description":"La juje\u00f1a hab\u00eda sufrido un ACV y permanec\u00eda internada hace dos semanas en el hospital Jos\u00e9 Mar\u00eda Cullen de Santa Fe. Tras su retiro deportivo, se hab\u00eda","og_url":"https:\/\/radioinfinitagoya.com.ar\/v1\/2025\/07\/28\/murio-a-los-47-anos-alejandra-locomotora-oliveras-campeona-mundial-e-icono-del-boxeo-argentino\/","og_site_name":"Radio Infinita Goya","article_publisher":"https:\/\/www.facebook.com\/p\/Infinita-Goya-100063870918311\/","article_published_time":"2025-07-28T19:29:11+00:00","og_image":[{"width":680,"height":383,"url":"https:\/\/radioinfinitagoya.com.ar\/v1\/wp-content\/uploads\/2025\/07\/Gwzx6E3WAAABZUe.jpg","type":"image\/jpeg"}],"author":"Jorge Mi\u00f1o","twitter_card":"summary_large_image","twitter_misc":{"Escrito por":"Jorge Mi\u00f1o","Tiempo de lectura":"3 minutos"},"schema":{"@context":"https:\/\/schema.org","@graph":[{"@type":"Article","@id":"https:\/\/radioinfinitagoya.com.ar\/v1\/2025\/07\/28\/murio-a-los-47-anos-alejandra-locomotora-oliveras-campeona-mundial-e-icono-del-boxeo-argentino\/#article","isPartOf":{"@id":"https:\/\/radioinfinitagoya.com.ar\/v1\/2025\/07\/28\/murio-a-los-47-anos-alejandra-locomotora-oliveras-campeona-mundial-e-icono-del-boxeo-argentino\/"},"author":{"name":"Jorge Mi\u00f1o","@id":"https:\/\/radioinfinitagoya.com.ar\/v1\/#\/schema\/person\/d4cf9c413d4f6edb24aabdccab49ca4a"},"headline":"Muri\u00f3 a los 47 a\u00f1os Alejandra \u201cLocomotora\u201d Oliveras, campeona mundial e \u00edcono del boxeo argentino","datePublished":"2025-07-28T19:29:11+00:00","mainEntityOfPage":{"@id":"https:\/\/radioinfinitagoya.com.ar\/v1\/2025\/07\/28\/murio-a-los-47-anos-alejandra-locomotora-oliveras-campeona-mundial-e-icono-del-boxeo-argentino\/"},"wordCount":580,"publisher":{"@id":"https:\/\/radioinfinitagoya.com.ar\/v1\/#organization"},"image":{"@id":"https:\/\/radioinfinitagoya.com.ar\/v1\/2025\/07\/28\/murio-a-los-47-anos-alejandra-locomotora-oliveras-campeona-mundial-e-icono-del-boxeo-argentino\/#primaryimage"},"thumbnailUrl":"https:\/\/radioinfinitagoya.com.ar\/v1\/wp-content\/uploads\/2025\/07\/Gwzx6E3WAAABZUe.jpg","articleSection":["INFORMACI\u00d3N GENERAL"],"inLanguage":"es-AR"},{"@type":"WebPage","@id":"https:\/\/radioinfinitagoya.com.ar\/v1\/2025\/07\/28\/murio-a-los-47-anos-alejandra-locomotora-oliveras-campeona-mundial-e-icono-del-boxeo-argentino\/","url":"https:\/\/radioinfinitagoya.com.ar\/v1\/2025\/07\/28\/murio-a-los-47-anos-alejandra-locomotora-oliveras-campeona-mundial-e-icono-del-boxeo-argentino\/","name":"Muri\u00f3 a los 47 a\u00f1os Alejandra \u201cLocomotora\u201d Oliveras, campeona mundial e \u00edcono del boxeo argentino - Radio Infinita Goya","isPartOf":{"@id":"https:\/\/radioinfinitagoya.com.ar\/v1\/#website"},"primaryImageOfPage":{"@id":"https:\/\/radioinfinitagoya.com.ar\/v1\/2025\/07\/28\/murio-a-los-47-anos-alejandra-locomotora-oliveras-campeona-mundial-e-icono-del-boxeo-argentino\/#primaryimage"},"image":{"@id":"https:\/\/radioinfinitagoya.com.ar\/v1\/2025\/07\/28\/murio-a-los-47-anos-alejandra-locomotora-oliveras-campeona-mundial-e-icono-del-boxeo-argentino\/#primaryimage"},"thumbnailUrl":"https:\/\/radioinfinitagoya.com.ar\/v1\/wp-content\/uploads\/2025\/07\/Gwzx6E3WAAABZUe.jpg","datePublished":"2025-07-28T19:29:11+00:00","description":"La juje\u00f1a hab\u00eda sufrido un ACV y permanec\u00eda internada hace dos semanas en el hospital Jos\u00e9 Mar\u00eda Cullen de Santa Fe. Tras su retiro deportivo, se hab\u00eda","breadcrumb":{"@id":"https:\/\/radioinfinitagoya.com.ar\/v1\/2025\/07\/28\/murio-a-los-47-anos-alejandra-locomotora-oliveras-campeona-mundial-e-icono-del-boxeo-argentino\/#breadcrumb"},"inLanguage":"es-AR","potentialAction":[{"@type":"ReadAction","target":["https:\/\/radioinfinitagoya.com.ar\/v1\/2025\/07\/28\/murio-a-los-47-anos-alejandra-locomotora-oliveras-campeona-mundial-e-icono-del-boxeo-argentino\/"]}]},{"@type":"ImageObject","inLanguage":"es-AR","@id":"https:\/\/radioinfinitagoya.com.ar\/v1\/2025\/07\/28\/murio-a-los-47-anos-alejandra-locomotora-oliveras-campeona-mundial-e-icono-del-boxeo-argentino\/#primaryimage","url":"https:\/\/radioinfinitagoya.com.ar\/v1\/wp-content\/uploads\/2025\/07\/Gwzx6E3WAAABZUe.jpg","contentUrl":"https:\/\/radioinfinitagoya.com.ar\/v1\/wp-content\/uploads\/2025\/07\/Gwzx6E3WAAABZUe.jpg","width":680,"height":383},{"@type":"BreadcrumbList","@id":"https:\/\/radioinfinitagoya.com.ar\/v1\/2025\/07\/28\/murio-a-los-47-anos-alejandra-locomotora-oliveras-campeona-mundial-e-icono-del-boxeo-argentino\/#breadcrumb","itemListElement":[{"@type":"ListItem","position":1,"name":"Inicio","item":"https:\/\/radioinfinitagoya.com.ar\/v1\/"},{"@type":"ListItem","position":2,"name":"Muri\u00f3 a los 47 a\u00f1os Alejandra \u201cLocomotora\u201d Oliveras, campeona mundial e \u00edcono del boxeo argentino"}]},{"@type":"WebSite","@id":"https:\/\/radioinfinitagoya.com.ar\/v1\/#website","url":"https:\/\/radioinfinitagoya.com.ar\/v1\/","name":"radioinfinitagoya.com.ar","description":"Radio de noticias","publisher":{"@id":"https:\/\/radioinfinitagoya.com.ar\/v1\/#organization"},"potentialAction":[{"@type":"SearchAction","target":{"@type":"EntryPoint","urlTemplate":"https:\/\/radioinfinitagoya.com.ar\/v1\/?s={search_term_string}"},"query-input":{"@type":"PropertyValueSpecification","valueRequired":true,"valueName":"search_term_string"}}],"inLanguage":"es-AR"},{"@type":"Organization","@id":"https:\/\/radioinfinitagoya.com.ar\/v1\/#organization","name":"Radio Infinita Goya","url":"https:\/\/radioinfinitagoya.com.ar\/v1\/","logo":{"@type":"ImageObject","inLanguage":"es-AR","@id":"https:\/\/radioinfinitagoya.com.ar\/v1\/#\/schema\/logo\/image\/","url":"https:\/\/radioinfinitagoya.com.ar\/v1\/wp-content\/uploads\/2019\/11\/logo-pie-web.png","contentUrl":"https:\/\/radioinfinitagoya.com.ar\/v1\/wp-content\/uploads\/2019\/11\/logo-pie-web.png","width":635,"height":326,"caption":"Radio Infinita Goya"},"image":{"@id":"https:\/\/radioinfinitagoya.com.ar\/v1\/#\/schema\/logo\/image\/"},"sameAs":["https:\/\/www.facebook.com\/p\/Infinita-Goya-100063870918311\/"]},{"@type":"Person","@id":"https:\/\/radioinfinitagoya.com.ar\/v1\/#\/schema\/person\/d4cf9c413d4f6edb24aabdccab49ca4a","name":"Jorge Mi\u00f1o","image":{"@type":"ImageObject","inLanguage":"es-AR","@id":"https:\/\/secure.gravatar.com\/avatar\/910fcf6728fe95320e07a6643c1581fec1c7fc4bf8ae12e3d8f0d0373dc844be?s=96&d=mm&r=g","url":"https:\/\/secure.gravatar.com\/avatar\/910fcf6728fe95320e07a6643c1581fec1c7fc4bf8ae12e3d8f0d0373dc844be?s=96&d=mm&r=g","contentUrl":"https:\/\/secure.gravatar.com\/avatar\/910fcf6728fe95320e07a6643c1581fec1c7fc4bf8ae12e3d8f0d0373dc844be?s=96&d=mm&r=g","caption":"Jorge Mi\u00f1o"},"sameAs":["http:\/\/radioinfinitagoya.com.ar"]}]}},"_links":{"self":[{"href":"https:\/\/radioinfinitagoya.com.ar\/v1\/wp-json\/wp\/v2\/posts\/193489","targetHints":{"allow":["GET"]}}],"collection":[{"href":"https:\/\/radioinfinitagoya.com.ar\/v1\/wp-json\/wp\/v2\/posts"}],"about":[{"href":"https:\/\/radioinfinitagoya.com.ar\/v1\/wp-json\/wp\/v2\/types\/post"}],"author":[{"embeddable":true,"href":"https:\/\/radioinfinitagoya.com.ar\/v1\/wp-json\/wp\/v2\/users\/4"}],"replies":[{"embeddable":true,"href":"https:\/\/radioinfinitagoya.com.ar\/v1\/wp-json\/wp\/v2\/comments?post=193489"}],"version-history":[{"count":0,"href":"https:\/\/radioinfinitagoya.com.ar\/v1\/wp-json\/wp\/v2\/posts\/193489\/revisions"}],"wp:featuredmedia":[{"embeddable":true,"href":"https:\/\/radioinfinitagoya.com.ar\/v1\/wp-json\/wp\/v2\/media\/193490"}],"wp:attachment":[{"href":"https:\/\/radioinfinitagoya.com.ar\/v1\/wp-json\/wp\/v2\/media?parent=193489"}],"wp:term":[{"taxonomy":"category","embeddable":true,"href":"https:\/\/radioinfinitagoya.com.ar\/v1\/wp-json\/wp\/v2\/categories?post=193489"},{"taxonomy":"post_tag","embeddable":true,"href":"https:\/\/radioinfinitagoya.com.ar\/v1\/wp-json\/wp\/v2\/tags?post=193489"}],"curies":[{"name":"wp","href":"https:\/\/api.w.org\/{rel}","templated":true}]}}